{"id":170736,"date":"2026-09-01T10:27:46","date_gmt":"2026-09-01T08:27:46","guid":{"rendered":"https:\/\/www.cde.ual.es\/?p=170736"},"modified":"2026-09-01T10:28:38","modified_gmt":"2026-09-01T08:28:38","slug":"nextgenerationeu-llega-a-su-fecha-limite-de-implementacion","status":"publish","type":"post","link":"https:\/\/www.cde.ual.es\/en\/nextgenerationeu-llega-a-su-fecha-limite-de-implementacion\/","title":{"rendered":"NextGenerationEU reaches its implementation deadline"},"content":{"rendered":"<p style=\"text-align: justify;\">31 August marked an important milestone for the Recovery and Resilience Facility, the cornerstone of NextGenerationEU, as Member States met the final deadline for implementing the reforms and investments set out in their national recovery and resilience plans. This is a decisive moment for the EU\u2019s unprecedented joint response to two major crises: the COVID-19 pandemic and Russia\u2019s large-scale invasion of Ukraine.<\/p>\n<p><img decoding=\"async\" class=\"aligncenter\" src=\"https:\/\/www.cde.ual.es\/wp-content\/uploads\/2026\/09\/istockphoto-2222271457-612x612-1.jpg\" \/><\/p>\n<p style=\"text-align: justify;\">Now that NextGenerationEU is entering its final phase, attention is focused on completing the remaining steps to ensure the successful conclusion of the Recovery and Resilience Facility.<\/p>\n<p style=\"text-align: justify;\">Member States have until 30 September 2026 to submit their final payment claims under the Recovery and Resilience Facility (RRF), together with all supporting documentation, whilst the Commission will complete all payments by 31 December 2026.<\/p>\n<p style=\"text-align: justify;\">The President of the European Commission, Ursula von der Leyen, said:<\/p>\n<blockquote>\n<p style=\"text-align: justify;\">\u201cNextGenerationEU helped to protect our citizens and economies at a time of great uncertainty. It accelerated the transitions to clean energy and digitalisation, reducing Europe\u2019s dependence on energy imports. The reforms and the resilience built will benefit Europe for generations to come.\u201d<\/p>\n<\/blockquote>\n<p style=\"text-align: justify;\">At a time of exceptional uncertainty, Europe opted for bold, united and forward-looking action. Through NextGenerationEU and its flagship instrument, the Recovery and Resilience Facility, the European Union helped to protect its economy and strengthen its resilience in the face of the pandemic, as well as major geopolitical and energy challenges. This common European response provided the Union with the tools it needed to act decisively, support investment and promote convergence among Member States.<\/p>\n<p style=\"text-align: justify;\">NextGenerationEU boosted economic activity at a critical juncture, helped keep unemployment at historic lows and accelerated strategic investment in renewable energy, energy efficiency and clean technologies. These efforts have strengthened the Union\u2019s energy independence and laid the foundations for greater protection against the volatility of fossil fuel prices. The large-scale roll-out of renewable energy and related reforms, funded through national recovery and resilience plans, have reduced Europe\u2019s dependence on imported fossil fuels and strengthened its resilience to external crises.<\/p>\n<p style=\"text-align: justify;\">NextGenerationEU has also demonstrated an important lesson for Europe\u2019s future: public investment has a particularly strong impact when combined with structural reforms. By linking funding to ambitious national reform and investment agendas, NextGenerationEU has provided a model for more robust EU growth based on resilience, sustainability, productivity and cohesion.<\/p>\n<p style=\"text-align: justify;\">Above all, NextGenerationEU has demonstrated the strength of European unity. It has shown that, when Europe acts swiftly, ambitiously and collectively, it can tackle exceptional challenges. The implementation of the national plans has required a sustained effort on the part of Member States, EU institutions, stakeholders and citizens. Europe is now in the final phase of the Recovery and Resilience Facility, with significant progress already made.<\/p>\n<p style=\"text-align: justify;\">In this context, the Commission today gave the green light to Sweden\u2019s request for a final payment, as the country has successfully completed 100 per cent of its investments and reforms linked to its Recovery and Resilience Plan, shortly after Denmark. To date, \u20ac440 billion has been disbursed, and a further \u20ac133 billion is expected to be paid out before the end of 2026. The coming months offer an opportunity to build on this momentum and realise the full potential of NextGenerationEU.<\/p>\n<p style=\"text-align: justify;\"><strong>Fund<\/strong><\/p>\n<p style=\"text-align: justify;\">From tomorrow, the Commission will no longer be able to take into account measures adopted by Member States when assessing their payment requests \u2013 including payments that have already been suspended \u2013 and no further amendments to the recovery and resilience plans may be made.<\/p>\n<p style=\"text-align: justify;\">The Recovery and Resilience Facility has been crucial in mitigating the economic and social impact of the COVID-19 pandemic, whilst positioning the EU for long-term success. With up to \u20ac573,000 million available in grants and loans, the Recovery and Resilience Facility supports Member States\u2019 efforts to:<\/p>\n<ul>\n<li>Strengthen economic resilience and promote sustainable growth.<\/li>\n<li>Accelerate the transitions to clean energy and digitalisation, in line with the EU\u2019s 2050 climate neutrality target.<\/li>\n<li>Improve competitiveness through innovation, job creation and structural reforms.<\/li>\n<li>Payments under the RRF are performance-based, ensuring that funds are disbursed only following the successful implementation of the agreed reforms and investments.<\/li>\n<\/ul>\n<p>&nbsp;<\/p>\n<p><strong>More information: <a href=\"https:\/\/ec.europa.eu\/commission\/presscorner\/detail\/en\/ip_26_1771\">European Commission<\/a><\/strong><\/p>\n","protected":false},"excerpt":{"rendered":"<p>31 August marked an important milestone for the Recovery and Resilience Facility, the cornerstone of NextGenerationEU, as Member States met the final deadline for implementing the reforms and investments set out in their national recovery and resilience plans. This is a decisive moment for the EU\u2019s unprecedented joint response to two major crises: the COVID-19 [&hellip;]<\/p>\n","protected":false},"author":1,"featured_media":170734,"comment_status":"open","ping_status":"open","sticky":false,"template":"","format":"standard","meta":{"_acf_changed":false,"_relevanssi_hide_post":"","_relevanssi_hide_content":"","_relevanssi_pin_for_all":"","_relevanssi_pin_keywords":"","_relevanssi_unpin_keywords":"","_relevanssi_related_keywords":"","_relevanssi_related_include_ids":"","_relevanssi_related_exclude_ids":"","_relevanssi_related_no_append":"","_relevanssi_related_not_related":"","_relevanssi_related_posts":"","_relevanssi_noindex_reason":"","_monsterinsights_skip_tracking":false,"_genesis_hide_title":false,"_genesis_hide_breadcrumbs":false,"_genesis_hide_singular_image":false,"_genesis_hide_footer_widgets":false,"_genesis_custom_body_class":"","_genesis_custom_post_class":"","_genesis_layout":"","footnotes":""},"categories":[4090,346,4088],"tags":[583,7723,8788,19115,8066,488,1488,368,1398,637,2788,2397,1835,6690,4443,447],"class_list":["post-170736","post","type-post","status-publish","format-standard","has-post-thumbnail","category-economy-finance","category-eu-news","category-market","tag-clean-energy","tag-cohesion-en","tag-competitiveness","tag-current-affairs","tag-digital-transformation","tag-economy","tag-european-commission","tag-european-union","tag-growth","tag-investment","tag-news","tag-nextgenerationeu-en","tag-recovery-en","tag-reforms","tag-resilience","tag-sustainability","entry"],"acf":[],"yoast_head":"<!-- This site is optimized with the Yoast SEO plugin v28.4 - https:\/\/yoast.com\/product\/yoast-seo-wordpress\/ -->\n<title>NextGenerationEU reaches its implementation deadline | CDE Almer\u00eda - Centro de Documentaci\u00f3n Europea - Universidad de Almer\u00eda<\/title>\n<meta name=\"robots\" content=\"index, follow, max-snippet:-1, max-image-preview:large, max-video-preview:-1\" \/>\n<link rel=\"canonical\" href=\"https:\/\/www.cde.ual.es\/en\/nextgenerationeu-llega-a-su-fecha-limite-de-implementacion\/\" \/>\n<meta property=\"og:locale\" content=\"en_US\" \/>\n<meta property=\"og:type\" content=\"article\" \/>\n<meta property=\"og:title\" content=\"NextGenerationEU reaches its implementation deadline | CDE Almer\u00eda - Centro de Documentaci\u00f3n Europea - Universidad de Almer\u00eda\" \/>\n<meta property=\"og:description\" content=\"31 August marked an important milestone for the Recovery and Resilience Facility, the cornerstone of NextGenerationEU, as Member States met the final deadline for implementing the reforms and investments set out in their national recovery and resilience plans. This is a decisive moment for the EU\u2019s unprecedented joint response to two major crises: the COVID-19 [&hellip;]\" \/>\n<meta property=\"og:url\" content=\"https:\/\/www.cde.ual.es\/en\/nextgenerationeu-llega-a-su-fecha-limite-de-implementacion\/\" \/>\n<meta property=\"og:site_name\" content=\"CDE Almer\u00eda - Centro de Documentaci\u00f3n Europea - Universidad de Almer\u00eda\" \/>\n<meta property=\"article:publisher\" content=\"https:\/\/www.facebook.com\/cdeuniversidadalmeria\/\" \/>\n<meta property=\"article:published_time\" content=\"2026-09-01T08:27:46+00:00\" \/>\n<meta property=\"article:modified_time\" content=\"2026-09-01T08:28:38+00:00\" \/>\n<meta property=\"og:image\" content=\"https:\/\/www.cde.ual.es\/wp-content\/uploads\/2026\/09\/istockphoto-2222271457-612x612-1.jpg\" \/>\n\t<meta property=\"og:image:width\" content=\"612\" \/>\n\t<meta property=\"og:image:height\" content=\"408\" \/>\n\t<meta property=\"og:image:type\" content=\"image\/jpeg\" \/>\n<meta name=\"author\" content=\"AdminCDE\" \/>\n<meta name=\"twitter:card\" content=\"summary_large_image\" \/>\n<meta name=\"twitter:creator\" content=\"@cdeualmeria\" \/>\n<meta name=\"twitter:site\" content=\"@cdeualmeria\" \/>\n<meta name=\"twitter:label1\" content=\"Written by\" \/>\n\t<meta name=\"twitter:data1\" content=\"AdminCDE\" \/>\n\t<meta name=\"twitter:label2\" content=\"Est. reading time\" \/>\n\t<meta name=\"twitter:data2\" content=\"4 minutes\" \/>\n<script type=\"application\/ld+json\" class=\"yoast-schema-graph\">{\"@context\":\"https:\\\/\\\/schema.org\",\"@graph\":[{\"@type\":\"Article\",\"@id\":\"https:\\\/\\\/www.cde.ual.es\\\/en\\\/nextgenerationeu-llega-a-su-fecha-limite-de-implementacion\\\/#article\",\"isPartOf\":{\"@id\":\"https:\\\/\\\/www.cde.ual.es\\\/en\\\/nextgenerationeu-llega-a-su-fecha-limite-de-implementacion\\\/\"},\"author\":{\"name\":\"AdminCDE\",\"@id\":\"https:\\\/\\\/www.cde.ual.es\\\/#\\\/schema\\\/person\\\/13895e824f15237b9d9b0152b5f65d80\"},\"headline\":\"NextGenerationEU reaches its implementation deadline\",\"datePublished\":\"2026-09-01T08:27:46+00:00\",\"dateModified\":\"2026-09-01T08:28:38+00:00\",\"mainEntityOfPage\":{\"@id\":\"https:\\\/\\\/www.cde.ual.es\\\/en\\\/nextgenerationeu-llega-a-su-fecha-limite-de-implementacion\\\/\"},\"wordCount\":680,\"commentCount\":0,\"publisher\":{\"@id\":\"https:\\\/\\\/www.cde.ual.es\\\/#organization\"},\"image\":{\"@id\":\"https:\\\/\\\/www.cde.ual.es\\\/en\\\/nextgenerationeu-llega-a-su-fecha-limite-de-implementacion\\\/#primaryimage\"},\"thumbnailUrl\":\"https:\\\/\\\/www.cde.ual.es\\\/wp-content\\\/uploads\\\/2026\\\/09\\\/istockphoto-2222271457-612x612-1.jpg\",\"keywords\":[\"Clean Energy\",\"Cohesi\u00f3n\",\"competitiveness\",\"Current Affairs\",\"Digital transformation\",\"Economy\",\"European Commission\",\"European Union\",\"growth\",\"Investment\",\"News\",\"NextGenerationEU\",\"recovery\",\"reforms\",\"resilience\",\"Sustainability\"],\"articleSection\":[\"Economy and Finance\",\"EU News\",\"Market\"],\"inLanguage\":\"en-US\",\"potentialAction\":[{\"@type\":\"CommentAction\",\"name\":\"Comment\",\"target\":[\"https:\\\/\\\/www.cde.ual.es\\\/en\\\/nextgenerationeu-llega-a-su-fecha-limite-de-implementacion\\\/#respond\"]}]},{\"@type\":\"WebPage\",\"@id\":\"https:\\\/\\\/www.cde.ual.es\\\/en\\\/nextgenerationeu-llega-a-su-fecha-limite-de-implementacion\\\/\",\"url\":\"https:\\\/\\\/www.cde.ual.es\\\/en\\\/nextgenerationeu-llega-a-su-fecha-limite-de-implementacion\\\/\",\"name\":\"NextGenerationEU reaches its implementation deadline | CDE Almer\u00eda - Centro de Documentaci\u00f3n Europea - Universidad de Almer\u00eda\",\"isPartOf\":{\"@id\":\"https:\\\/\\\/www.cde.ual.es\\\/#website\"},\"primaryImageOfPage\":{\"@id\":\"https:\\\/\\\/www.cde.ual.es\\\/en\\\/nextgenerationeu-llega-a-su-fecha-limite-de-implementacion\\\/#primaryimage\"},\"image\":{\"@id\":\"https:\\\/\\\/www.cde.ual.es\\\/en\\\/nextgenerationeu-llega-a-su-fecha-limite-de-implementacion\\\/#primaryimage\"},\"thumbnailUrl\":\"https:\\\/\\\/www.cde.ual.es\\\/wp-content\\\/uploads\\\/2026\\\/09\\\/istockphoto-2222271457-612x612-1.jpg\",\"datePublished\":\"2026-09-01T08:27:46+00:00\",\"dateModified\":\"2026-09-01T08:28:38+00:00\",\"breadcrumb\":{\"@id\":\"https:\\\/\\\/www.cde.ual.es\\\/en\\\/nextgenerationeu-llega-a-su-fecha-limite-de-implementacion\\\/#breadcrumb\"},\"inLanguage\":\"en-US\",\"potentialAction\":[{\"@type\":\"ReadAction\",\"target\":[\"https:\\\/\\\/www.cde.ual.es\\\/en\\\/nextgenerationeu-llega-a-su-fecha-limite-de-implementacion\\\/\"]}]},{\"@type\":\"ImageObject\",\"inLanguage\":\"en-US\",\"@id\":\"https:\\\/\\\/www.cde.ual.es\\\/en\\\/nextgenerationeu-llega-a-su-fecha-limite-de-implementacion\\\/#primaryimage\",\"url\":\"https:\\\/\\\/www.cde.ual.es\\\/wp-content\\\/uploads\\\/2026\\\/09\\\/istockphoto-2222271457-612x612-1.jpg\",\"contentUrl\":\"https:\\\/\\\/www.cde.ual.es\\\/wp-content\\\/uploads\\\/2026\\\/09\\\/istockphoto-2222271457-612x612-1.jpg\",\"width\":612,\"height\":408,\"caption\":\"European Union flag and euro cash bills and the text Next Generation Eu\"},{\"@type\":\"BreadcrumbList\",\"@id\":\"https:\\\/\\\/www.cde.ual.es\\\/en\\\/nextgenerationeu-llega-a-su-fecha-limite-de-implementacion\\\/#breadcrumb\",\"itemListElement\":[{\"@type\":\"ListItem\",\"position\":1,\"name\":\"Inicio\",\"item\":\"https:\\\/\\\/www.cde.ual.es\\\/en\\\/\"},{\"@type\":\"ListItem\",\"position\":2,\"name\":\"EU News\",\"item\":\"https:\\\/\\\/www.cde.ual.es\\\/en\\\/category\\\/eu-news\\\/\"},{\"@type\":\"ListItem\",\"position\":3,\"name\":\"Market\",\"item\":\"https:\\\/\\\/www.cde.ual.es\\\/en\\\/category\\\/eu-news\\\/market\\\/\"},{\"@type\":\"ListItem\",\"position\":4,\"name\":\"Economy and Finance\",\"item\":\"https:\\\/\\\/www.cde.ual.es\\\/en\\\/category\\\/eu-news\\\/market\\\/economy-finance\\\/\"},{\"@type\":\"ListItem\",\"position\":5,\"name\":\"NextGenerationEU reaches its implementation deadline\"}]},{\"@type\":\"WebSite\",\"@id\":\"https:\\\/\\\/www.cde.ual.es\\\/#website\",\"url\":\"https:\\\/\\\/www.cde.ual.es\\\/\",\"name\":\"CDE Almer\u00eda - Centro de Documentaci\u00f3n Europea - Universidad de Almer\u00eda\",\"description\":\"Centro de Documentaci\u00f3n Europea de la Universidad de Almer\u00eda\",\"publisher\":{\"@id\":\"https:\\\/\\\/www.cde.ual.es\\\/#organization\"},\"alternateName\":\"CDE Almer\u00eda\",\"potentialAction\":[{\"@type\":\"SearchAction\",\"target\":{\"@type\":\"EntryPoint\",\"urlTemplate\":\"https:\\\/\\\/www.cde.ual.es\\\/?s={search_term_string}\"},\"query-input\":{\"@type\":\"PropertyValueSpecification\",\"valueRequired\":true,\"valueName\":\"search_term_string\"}}],\"inLanguage\":\"en-US\"},{\"@type\":\"Organization\",\"@id\":\"https:\\\/\\\/www.cde.ual.es\\\/#organization\",\"name\":\"Centro de Documentaci\u00f3n Europea de Almer\u00eda\",\"url\":\"https:\\\/\\\/www.cde.ual.es\\\/\",\"logo\":{\"@type\":\"ImageObject\",\"inLanguage\":\"en-US\",\"@id\":\"https:\\\/\\\/www.cde.ual.es\\\/#\\\/schema\\\/logo\\\/image\\\/\",\"url\":\"https:\\\/\\\/www.cde.ual.es\\\/wp-content\\\/uploads\\\/2025\\\/07\\\/cde-logo-3.png\",\"contentUrl\":\"https:\\\/\\\/www.cde.ual.es\\\/wp-content\\\/uploads\\\/2025\\\/07\\\/cde-logo-3.png\",\"width\":1400,\"height\":300,\"caption\":\"Centro de Documentaci\u00f3n Europea de Almer\u00eda\"},\"image\":{\"@id\":\"https:\\\/\\\/www.cde.ual.es\\\/#\\\/schema\\\/logo\\\/image\\\/\"},\"sameAs\":[\"https:\\\/\\\/www.facebook.com\\\/cdeuniversidadalmeria\\\/\",\"https:\\\/\\\/x.com\\\/cdeualmeria\",\"https:\\\/\\\/www.tiktok.com\\\/@cdealmeria\",\"https:\\\/\\\/www.instagram.com\\\/cdealmeria\\\/\",\"https:\\\/\\\/www.linkedin.com\\\/in\\\/cde-almera-812b26a9\\\/\"]},{\"@type\":\"Person\",\"@id\":\"https:\\\/\\\/www.cde.ual.es\\\/#\\\/schema\\\/person\\\/13895e824f15237b9d9b0152b5f65d80\",\"name\":\"AdminCDE\",\"image\":{\"@type\":\"ImageObject\",\"inLanguage\":\"en-US\",\"@id\":\"https:\\\/\\\/secure.gravatar.com\\\/avatar\\\/a72d038d371f995cd13706fac32274b7952a52e8fb0a84b5f80c85426f2a98a8?s=96&d=mm&r=g\",\"url\":\"https:\\\/\\\/secure.gravatar.com\\\/avatar\\\/a72d038d371f995cd13706fac32274b7952a52e8fb0a84b5f80c85426f2a98a8?s=96&d=mm&r=g\",\"contentUrl\":\"https:\\\/\\\/secure.gravatar.com\\\/avatar\\\/a72d038d371f995cd13706fac32274b7952a52e8fb0a84b5f80c85426f2a98a8?s=96&d=mm&r=g\",\"caption\":\"AdminCDE\"}}]}<\/script>\n<!-- \/ Yoast SEO plugin. -->","yoast_head_json":{"title":"NextGenerationEU reaches its implementation deadline | CDE Almer\u00eda - Centro de Documentaci\u00f3n Europea - Universidad de Almer\u00eda","robots":{"index":"index","follow":"follow","max-snippet":"max-snippet:-1","max-image-preview":"max-image-preview:large","max-video-preview":"max-video-preview:-1"},"canonical":"https:\/\/www.cde.ual.es\/en\/nextgenerationeu-llega-a-su-fecha-limite-de-implementacion\/","og_locale":"en_US","og_type":"article","og_title":"NextGenerationEU reaches its implementation deadline | CDE Almer\u00eda - Centro de Documentaci\u00f3n Europea - Universidad de Almer\u00eda","og_description":"31 August marked an important milestone for the Recovery and Resilience Facility, the cornerstone of NextGenerationEU, as Member States met the final deadline for implementing the reforms and investments set out in their national recovery and resilience plans. This is a decisive moment for the EU\u2019s unprecedented joint response to two major crises: the COVID-19 [&hellip;]","og_url":"https:\/\/www.cde.ual.es\/en\/nextgenerationeu-llega-a-su-fecha-limite-de-implementacion\/","og_site_name":"CDE Almer\u00eda - Centro de Documentaci\u00f3n Europea - Universidad de Almer\u00eda","article_publisher":"https:\/\/www.facebook.com\/cdeuniversidadalmeria\/","article_published_time":"2026-09-01T08:27:46+00:00","article_modified_time":"2026-09-01T08:28:38+00:00","og_image":[{"width":612,"height":408,"url":"https:\/\/www.cde.ual.es\/wp-content\/uploads\/2026\/09\/istockphoto-2222271457-612x612-1.jpg","type":"image\/jpeg"}],"author":"AdminCDE","twitter_card":"summary_large_image","twitter_creator":"@cdeualmeria","twitter_site":"@cdeualmeria","twitter_misc":{"Written by":"AdminCDE","Est. reading time":"4 minutes"},"schema":{"@context":"https:\/\/schema.org","@graph":[{"@type":"Article","@id":"https:\/\/www.cde.ual.es\/en\/nextgenerationeu-llega-a-su-fecha-limite-de-implementacion\/#article","isPartOf":{"@id":"https:\/\/www.cde.ual.es\/en\/nextgenerationeu-llega-a-su-fecha-limite-de-implementacion\/"},"author":{"name":"AdminCDE","@id":"https:\/\/www.cde.ual.es\/#\/schema\/person\/13895e824f15237b9d9b0152b5f65d80"},"headline":"NextGenerationEU reaches its implementation deadline","datePublished":"2026-09-01T08:27:46+00:00","dateModified":"2026-09-01T08:28:38+00:00","mainEntityOfPage":{"@id":"https:\/\/www.cde.ual.es\/en\/nextgenerationeu-llega-a-su-fecha-limite-de-implementacion\/"},"wordCount":680,"commentCount":0,"publisher":{"@id":"https:\/\/www.cde.ual.es\/#organization"},"image":{"@id":"https:\/\/www.cde.ual.es\/en\/nextgenerationeu-llega-a-su-fecha-limite-de-implementacion\/#primaryimage"},"thumbnailUrl":"https:\/\/www.cde.ual.es\/wp-content\/uploads\/2026\/09\/istockphoto-2222271457-612x612-1.jpg","keywords":["Clean Energy","Cohesi\u00f3n","competitiveness","Current Affairs","Digital transformation","Economy","European Commission","European Union","growth","Investment","News","NextGenerationEU","recovery","reforms","resilience","Sustainability"],"articleSection":["Economy and Finance","EU News","Market"],"inLanguage":"en-US","potentialAction":[{"@type":"CommentAction","name":"Comment","target":["https:\/\/www.cde.ual.es\/en\/nextgenerationeu-llega-a-su-fecha-limite-de-implementacion\/#respond"]}]},{"@type":"WebPage","@id":"https:\/\/www.cde.ual.es\/en\/nextgenerationeu-llega-a-su-fecha-limite-de-implementacion\/","url":"https:\/\/www.cde.ual.es\/en\/nextgenerationeu-llega-a-su-fecha-limite-de-implementacion\/","name":"NextGenerationEU reaches its implementation deadline | CDE Almer\u00eda - Centro de Documentaci\u00f3n Europea - Universidad de Almer\u00eda","isPartOf":{"@id":"https:\/\/www.cde.ual.es\/#website"},"primaryImageOfPage":{"@id":"https:\/\/www.cde.ual.es\/en\/nextgenerationeu-llega-a-su-fecha-limite-de-implementacion\/#primaryimage"},"image":{"@id":"https:\/\/www.cde.ual.es\/en\/nextgenerationeu-llega-a-su-fecha-limite-de-implementacion\/#primaryimage"},"thumbnailUrl":"https:\/\/www.cde.ual.es\/wp-content\/uploads\/2026\/09\/istockphoto-2222271457-612x612-1.jpg","datePublished":"2026-09-01T08:27:46+00:00","dateModified":"2026-09-01T08:28:38+00:00","breadcrumb":{"@id":"https:\/\/www.cde.ual.es\/en\/nextgenerationeu-llega-a-su-fecha-limite-de-implementacion\/#breadcrumb"},"inLanguage":"en-US","potentialAction":[{"@type":"ReadAction","target":["https:\/\/www.cde.ual.es\/en\/nextgenerationeu-llega-a-su-fecha-limite-de-implementacion\/"]}]},{"@type":"ImageObject","inLanguage":"en-US","@id":"https:\/\/www.cde.ual.es\/en\/nextgenerationeu-llega-a-su-fecha-limite-de-implementacion\/#primaryimage","url":"https:\/\/www.cde.ual.es\/wp-content\/uploads\/2026\/09\/istockphoto-2222271457-612x612-1.jpg","contentUrl":"https:\/\/www.cde.ual.es\/wp-content\/uploads\/2026\/09\/istockphoto-2222271457-612x612-1.jpg","width":612,"height":408,"caption":"European Union flag and euro cash bills and the text Next Generation Eu"},{"@type":"BreadcrumbList","@id":"https:\/\/www.cde.ual.es\/en\/nextgenerationeu-llega-a-su-fecha-limite-de-implementacion\/#breadcrumb","itemListElement":[{"@type":"ListItem","position":1,"name":"Inicio","item":"https:\/\/www.cde.ual.es\/en\/"},{"@type":"ListItem","position":2,"name":"EU News","item":"https:\/\/www.cde.ual.es\/en\/category\/eu-news\/"},{"@type":"ListItem","position":3,"name":"Market","item":"https:\/\/www.cde.ual.es\/en\/category\/eu-news\/market\/"},{"@type":"ListItem","position":4,"name":"Economy and Finance","item":"https:\/\/www.cde.ual.es\/en\/category\/eu-news\/market\/economy-finance\/"},{"@type":"ListItem","position":5,"name":"NextGenerationEU reaches its implementation deadline"}]},{"@type":"WebSite","@id":"https:\/\/www.cde.ual.es\/#website","url":"https:\/\/www.cde.ual.es\/","name":"CDE Almer\u00eda - Centro de Documentaci\u00f3n Europea - Universidad de Almer\u00eda","description":"Centro de Documentaci\u00f3n Europea de la Universidad de Almer\u00eda","publisher":{"@id":"https:\/\/www.cde.ual.es\/#organization"},"alternateName":"CDE Almer\u00eda","potentialAction":[{"@type":"SearchAction","target":{"@type":"EntryPoint","urlTemplate":"https:\/\/www.cde.ual.es\/?s={search_term_string}"},"query-input":{"@type":"PropertyValueSpecification","valueRequired":true,"valueName":"search_term_string"}}],"inLanguage":"en-US"},{"@type":"Organization","@id":"https:\/\/www.cde.ual.es\/#organization","name":"Centro de Documentaci\u00f3n Europea de Almer\u00eda","url":"https:\/\/www.cde.ual.es\/","logo":{"@type":"ImageObject","inLanguage":"en-US","@id":"https:\/\/www.cde.ual.es\/#\/schema\/logo\/image\/","url":"https:\/\/www.cde.ual.es\/wp-content\/uploads\/2025\/07\/cde-logo-3.png","contentUrl":"https:\/\/www.cde.ual.es\/wp-content\/uploads\/2025\/07\/cde-logo-3.png","width":1400,"height":300,"caption":"Centro de Documentaci\u00f3n Europea de Almer\u00eda"},"image":{"@id":"https:\/\/www.cde.ual.es\/#\/schema\/logo\/image\/"},"sameAs":["https:\/\/www.facebook.com\/cdeuniversidadalmeria\/","https:\/\/x.com\/cdeualmeria","https:\/\/www.tiktok.com\/@cdealmeria","https:\/\/www.instagram.com\/cdealmeria\/","https:\/\/www.linkedin.com\/in\/cde-almera-812b26a9\/"]},{"@type":"Person","@id":"https:\/\/www.cde.ual.es\/#\/schema\/person\/13895e824f15237b9d9b0152b5f65d80","name":"AdminCDE","image":{"@type":"ImageObject","inLanguage":"en-US","@id":"https:\/\/secure.gravatar.com\/avatar\/a72d038d371f995cd13706fac32274b7952a52e8fb0a84b5f80c85426f2a98a8?s=96&d=mm&r=g","url":"https:\/\/secure.gravatar.com\/avatar\/a72d038d371f995cd13706fac32274b7952a52e8fb0a84b5f80c85426f2a98a8?s=96&d=mm&r=g","contentUrl":"https:\/\/secure.gravatar.com\/avatar\/a72d038d371f995cd13706fac32274b7952a52e8fb0a84b5f80c85426f2a98a8?s=96&d=mm&r=g","caption":"AdminCDE"}}]}},"_links":{"self":[{"href":"https:\/\/www.cde.ual.es\/en\/wp-json\/wp\/v2\/posts\/170736","targetHints":{"allow":["GET"]}}],"collection":[{"href":"https:\/\/www.cde.ual.es\/en\/wp-json\/wp\/v2\/posts"}],"about":[{"href":"https:\/\/www.cde.ual.es\/en\/wp-json\/wp\/v2\/types\/post"}],"author":[{"embeddable":true,"href":"https:\/\/www.cde.ual.es\/en\/wp-json\/wp\/v2\/users\/1"}],"replies":[{"embeddable":true,"href":"https:\/\/www.cde.ual.es\/en\/wp-json\/wp\/v2\/comments?post=170736"}],"version-history":[{"count":3,"href":"https:\/\/www.cde.ual.es\/en\/wp-json\/wp\/v2\/posts\/170736\/revisions"}],"predecessor-version":[{"id":170739,"href":"https:\/\/www.cde.ual.es\/en\/wp-json\/wp\/v2\/posts\/170736\/revisions\/170739"}],"wp:featuredmedia":[{"embeddable":true,"href":"https:\/\/www.cde.ual.es\/en\/wp-json\/wp\/v2\/media\/170734"}],"wp:attachment":[{"href":"https:\/\/www.cde.ual.es\/en\/wp-json\/wp\/v2\/media?parent=170736"}],"wp:term":[{"taxonomy":"category","embeddable":true,"href":"https:\/\/www.cde.ual.es\/en\/wp-json\/wp\/v2\/categories?post=170736"},{"taxonomy":"post_tag","embeddable":true,"href":"https:\/\/www.cde.ual.es\/en\/wp-json\/wp\/v2\/tags?post=170736"}],"curies":[{"name":"wp","href":"https:\/\/api.w.org\/{rel}","templated":true}]}}