{"id":170727,"date":"2026-09-01T10:08:52","date_gmt":"2026-09-01T08:08:52","guid":{"rendered":"https:\/\/www.cde.ual.es\/?p=170727"},"modified":"2026-09-01T10:10:03","modified_gmt":"2026-09-01T08:10:03","slug":"la-ue-reafirma-su-solidaridad-con-ucrania-en-el-35-o-aniversario-de-la-recuperacion-de-su-independencia","status":"publish","type":"post","link":"https:\/\/www.cde.ual.es\/en\/la-ue-reafirma-su-solidaridad-con-ucrania-en-el-35-o-aniversario-de-la-recuperacion-de-su-independencia\/","title":{"rendered":"The EU reaffirms its solidarity with Ukraine on the 35th anniversary of the restoration of its independence"},"content":{"rendered":"<p style=\"text-align: justify;\">On 24 August, Ukraine\u2019s Independence Day was celebrated. This occasion embodies the courage, resistance and resilience of the Ukrainian people in the face of Russia\u2019s vicious war of aggression. It also symbolises the journey Ukraine has undertaken over the past thirty-five years to become a modern, democratic and European country.<\/p>\n<p style=\"text-align: justify;\">To mark the occasion, the European Commission flew the Ukrainian flag in front of the Berlaymont building in Brussels, which was also illuminated in the colours of the Ukrainian flag.<\/p>\n<p><img decoding=\"async\" class=\"aligncenter\" src=\"https:\/\/www.cde.ual.es\/wp-content\/uploads\/2026\/09\/pexels-freek-wolsink-508219-37032315-scaled.jpg\" width=\"496\" height=\"331\" \/><\/p>\n<p style=\"text-align: justify;\">In celebrating this milestone, the EU reaffirms its unwavering commitment to Ukraine\u2019s sovereignty and territorial integrity. Since the start of Russia\u2019s full-scale invasion, we have provided Ukraine and its people with unprecedented humanitarian, financial and military assistance. To date, this aid amounts to 220 200 million euros.<\/p>\n<p style=\"text-align: justify;\">In recent months, the EU has stepped up its support for Ukraine\u2019s economy and defence, as Ukraine\u2019s prosperity is Europe\u2019s prosperity and Ukraine\u2019s security is Europe\u2019s security.<\/p>\n<p style=\"text-align: justify;\">We made the first disbursements under the \u20ac90,000 million loan to support Ukraine, to help meet the country\u2019s financial needs and boost its defence capabilities. And on Ukraine\u2019s Independence Day, we approved \u20ac6.1 billion for air defence and anti-missile systems, missiles, ammunition and radars.<\/p>\n<p style=\"text-align: justify;\">Supporting Ukraine also means holding Russia to account. In July, we adopted a 21st package of sanctions, which further restricts Russia\u2019s ability to finance its illegal war and carry out attacks on civilian infrastructure and Ukrainian citizens.<\/p>\n<p style=\"text-align: justify;\">The EU has stepped up its efforts to ensure the return of Ukrainian children who have been forcibly relocated or deported by Russia, and is ensuring that Russia is held to account for its crimes through the International Claims Commission and the Special Tribunal for the Crime of Aggression against Ukraine.<\/p>\n<p style=\"text-align: justify;\">Ukraine has its place in the European family and in the European Union. We remain committed to supporting and assisting Ukraine in this process. This summer, Ukraine has opened two rounds of accession negotiations, illustrating its impressive ability to carry out reforms even in times of war.<\/p>\n<p style=\"text-align: justify;\">We remain by Ukraine\u2019s side in the quest for a comprehensive, just and lasting peace, and we continue to support its European path.<\/p>\n<p>&nbsp;<\/p>\n<p><strong>More information: <a href=\"https:\/\/commission.europa.eu\/news-and-media\/news\/eu-reaffirms-solidarity-ukraine-35th-anniversary-regained-independence-2026-08-24_es\">European Commission<\/a><\/strong><\/p>\n","protected":false},"excerpt":{"rendered":"<p>On 24 August, Ukraine\u2019s Independence Day was celebrated. This occasion embodies the courage, resistance and resilience of the Ukrainian people in the face of Russia\u2019s vicious war of aggression. It also symbolises the journey Ukraine has undertaken over the past thirty-five years to become a modern, democratic and European country. To mark the occasion, the [&hellip;]<\/p>\n","protected":false},"author":1,"featured_media":170725,"comment_status":"open","ping_status":"open","sticky":false,"template":"","format":"standard","meta":{"_acf_changed":false,"_relevanssi_hide_post":"","_relevanssi_hide_content":"","_relevanssi_pin_for_all":"","_relevanssi_pin_keywords":"","_relevanssi_unpin_keywords":"","_relevanssi_related_keywords":"","_relevanssi_related_include_ids":"","_relevanssi_related_exclude_ids":"","_relevanssi_related_no_append":"","_relevanssi_related_not_related":"","_relevanssi_related_posts":"","_relevanssi_noindex_reason":"","_monsterinsights_skip_tracking":false,"_genesis_hide_title":false,"_genesis_hide_breadcrumbs":false,"_genesis_hide_singular_image":false,"_genesis_hide_footer_widgets":false,"_genesis_custom_body_class":"","_genesis_custom_post_class":"","_genesis_layout":"","footnotes":""},"categories":[346,4064,4065],"tags":[2317,486,1217,1488,368,5644,2788,1866,5901,4443,3152,456,443,16819,5005],"class_list":["post-170727","post","type-post","status-publish","format-standard","has-post-thumbnail","category-eu-news","category-institutional","category-international-pol-coop","tag-defense","tag-democracy","tag-europe","tag-european-commission","tag-european-union","tag-independence","tag-news","tag-peace","tag-reconstruction","tag-resilience","tag-sanctions","tag-security","tag-solidarity","tag-sovereignty","tag-ukraine","entry"],"acf":[],"yoast_head":"<!-- This site is optimized with the Yoast SEO plugin v28.3 - https:\/\/yoast.com\/product\/yoast-seo-wordpress\/ -->\n<title>The EU reaffirms its solidarity with Ukraine on the 35th anniversary of the restoration of its independence | CDE Almer\u00eda - Centro de Documentaci\u00f3n Europea - Universidad de Almer\u00eda<\/title>\n<meta name=\"robots\" content=\"index, follow, max-snippet:-1, max-image-preview:large, max-video-preview:-1\" \/>\n<link rel=\"canonical\" href=\"https:\/\/www.cde.ual.es\/en\/la-ue-reafirma-su-solidaridad-con-ucrania-en-el-35-o-aniversario-de-la-recuperacion-de-su-independencia\/\" \/>\n<meta property=\"og:locale\" content=\"en_US\" \/>\n<meta property=\"og:type\" content=\"article\" \/>\n<meta property=\"og:title\" content=\"The EU reaffirms its solidarity with Ukraine on the 35th anniversary of the restoration of its independence | CDE Almer\u00eda - Centro de Documentaci\u00f3n Europea - Universidad de Almer\u00eda\" \/>\n<meta property=\"og:description\" content=\"On 24 August, Ukraine\u2019s Independence Day was celebrated. This occasion embodies the courage, resistance and resilience of the Ukrainian people in the face of Russia\u2019s vicious war of aggression. It also symbolises the journey Ukraine has undertaken over the past thirty-five years to become a modern, democratic and European country. To mark the occasion, the [&hellip;]\" \/>\n<meta property=\"og:url\" content=\"https:\/\/www.cde.ual.es\/en\/la-ue-reafirma-su-solidaridad-con-ucrania-en-el-35-o-aniversario-de-la-recuperacion-de-su-independencia\/\" \/>\n<meta property=\"og:site_name\" content=\"CDE Almer\u00eda - Centro de Documentaci\u00f3n Europea - Universidad de Almer\u00eda\" \/>\n<meta property=\"article:publisher\" content=\"https:\/\/www.facebook.com\/cdeuniversidadalmeria\/\" \/>\n<meta property=\"article:published_time\" content=\"2026-09-01T08:08:52+00:00\" \/>\n<meta property=\"article:modified_time\" content=\"2026-09-01T08:10:03+00:00\" \/>\n<meta property=\"og:image\" content=\"https:\/\/www.cde.ual.es\/wp-content\/uploads\/2026\/09\/pexels-freek-wolsink-508219-37032315-scaled.jpg\" \/>\n\t<meta property=\"og:image:width\" content=\"2560\" \/>\n\t<meta property=\"og:image:height\" content=\"1707\" \/>\n\t<meta property=\"og:image:type\" content=\"image\/jpeg\" \/>\n<meta name=\"author\" content=\"AdminCDE\" \/>\n<meta name=\"twitter:card\" content=\"summary_large_image\" \/>\n<meta name=\"twitter:creator\" content=\"@cdeualmeria\" \/>\n<meta name=\"twitter:site\" content=\"@cdeualmeria\" \/>\n<meta name=\"twitter:label1\" content=\"Written by\" \/>\n\t<meta name=\"twitter:data1\" content=\"AdminCDE\" \/>\n\t<meta name=\"twitter:label2\" content=\"Est. reading time\" \/>\n\t<meta name=\"twitter:data2\" content=\"3 minutes\" \/>\n<script type=\"application\/ld+json\" class=\"yoast-schema-graph\">{\"@context\":\"https:\\\/\\\/schema.org\",\"@graph\":[{\"@type\":\"Article\",\"@id\":\"https:\\\/\\\/www.cde.ual.es\\\/en\\\/la-ue-reafirma-su-solidaridad-con-ucrania-en-el-35-o-aniversario-de-la-recuperacion-de-su-independencia\\\/#article\",\"isPartOf\":{\"@id\":\"https:\\\/\\\/www.cde.ual.es\\\/en\\\/la-ue-reafirma-su-solidaridad-con-ucrania-en-el-35-o-aniversario-de-la-recuperacion-de-su-independencia\\\/\"},\"author\":{\"name\":\"AdminCDE\",\"@id\":\"https:\\\/\\\/www.cde.ual.es\\\/#\\\/schema\\\/person\\\/13895e824f15237b9d9b0152b5f65d80\"},\"headline\":\"The EU reaffirms its solidarity with Ukraine on the 35th anniversary of the restoration of its independence\",\"datePublished\":\"2026-09-01T08:08:52+00:00\",\"dateModified\":\"2026-09-01T08:10:03+00:00\",\"mainEntityOfPage\":{\"@id\":\"https:\\\/\\\/www.cde.ual.es\\\/en\\\/la-ue-reafirma-su-solidaridad-con-ucrania-en-el-35-o-aniversario-de-la-recuperacion-de-su-independencia\\\/\"},\"wordCount\":386,\"commentCount\":0,\"publisher\":{\"@id\":\"https:\\\/\\\/www.cde.ual.es\\\/#organization\"},\"image\":{\"@id\":\"https:\\\/\\\/www.cde.ual.es\\\/en\\\/la-ue-reafirma-su-solidaridad-con-ucrania-en-el-35-o-aniversario-de-la-recuperacion-de-su-independencia\\\/#primaryimage\"},\"thumbnailUrl\":\"https:\\\/\\\/www.cde.ual.es\\\/wp-content\\\/uploads\\\/2026\\\/09\\\/pexels-freek-wolsink-508219-37032315-scaled.jpg\",\"keywords\":[\"Defense\",\"Democracy\",\"Europe\",\"European Commission\",\"European Union\",\"independence\",\"News\",\"Peace\",\"reconstruction\",\"resilience\",\"Sanctions\",\"Security\",\"Solidarity\",\"sovereignty\",\"ukraine\"],\"articleSection\":[\"EU News\",\"Institutional Affairs\",\"International Politics and Cooperation\"],\"inLanguage\":\"en-US\",\"potentialAction\":[{\"@type\":\"CommentAction\",\"name\":\"Comment\",\"target\":[\"https:\\\/\\\/www.cde.ual.es\\\/en\\\/la-ue-reafirma-su-solidaridad-con-ucrania-en-el-35-o-aniversario-de-la-recuperacion-de-su-independencia\\\/#respond\"]}]},{\"@type\":\"WebPage\",\"@id\":\"https:\\\/\\\/www.cde.ual.es\\\/en\\\/la-ue-reafirma-su-solidaridad-con-ucrania-en-el-35-o-aniversario-de-la-recuperacion-de-su-independencia\\\/\",\"url\":\"https:\\\/\\\/www.cde.ual.es\\\/en\\\/la-ue-reafirma-su-solidaridad-con-ucrania-en-el-35-o-aniversario-de-la-recuperacion-de-su-independencia\\\/\",\"name\":\"The EU reaffirms its solidarity with Ukraine on the 35th anniversary of the restoration of its independence | CDE Almer\u00eda - Centro de Documentaci\u00f3n Europea - Universidad de Almer\u00eda\",\"isPartOf\":{\"@id\":\"https:\\\/\\\/www.cde.ual.es\\\/#website\"},\"primaryImageOfPage\":{\"@id\":\"https:\\\/\\\/www.cde.ual.es\\\/en\\\/la-ue-reafirma-su-solidaridad-con-ucrania-en-el-35-o-aniversario-de-la-recuperacion-de-su-independencia\\\/#primaryimage\"},\"image\":{\"@id\":\"https:\\\/\\\/www.cde.ual.es\\\/en\\\/la-ue-reafirma-su-solidaridad-con-ucrania-en-el-35-o-aniversario-de-la-recuperacion-de-su-independencia\\\/#primaryimage\"},\"thumbnailUrl\":\"https:\\\/\\\/www.cde.ual.es\\\/wp-content\\\/uploads\\\/2026\\\/09\\\/pexels-freek-wolsink-508219-37032315-scaled.jpg\",\"datePublished\":\"2026-09-01T08:08:52+00:00\",\"dateModified\":\"2026-09-01T08:10:03+00:00\",\"breadcrumb\":{\"@id\":\"https:\\\/\\\/www.cde.ual.es\\\/en\\\/la-ue-reafirma-su-solidaridad-con-ucrania-en-el-35-o-aniversario-de-la-recuperacion-de-su-independencia\\\/#breadcrumb\"},\"inLanguage\":\"en-US\",\"potentialAction\":[{\"@type\":\"ReadAction\",\"target\":[\"https:\\\/\\\/www.cde.ual.es\\\/en\\\/la-ue-reafirma-su-solidaridad-con-ucrania-en-el-35-o-aniversario-de-la-recuperacion-de-su-independencia\\\/\"]}]},{\"@type\":\"ImageObject\",\"inLanguage\":\"en-US\",\"@id\":\"https:\\\/\\\/www.cde.ual.es\\\/en\\\/la-ue-reafirma-su-solidaridad-con-ucrania-en-el-35-o-aniversario-de-la-recuperacion-de-su-independencia\\\/#primaryimage\",\"url\":\"https:\\\/\\\/www.cde.ual.es\\\/wp-content\\\/uploads\\\/2026\\\/09\\\/pexels-freek-wolsink-508219-37032315-scaled.jpg\",\"contentUrl\":\"https:\\\/\\\/www.cde.ual.es\\\/wp-content\\\/uploads\\\/2026\\\/09\\\/pexels-freek-wolsink-508219-37032315-scaled.jpg\",\"width\":2560,\"height\":1707},{\"@type\":\"BreadcrumbList\",\"@id\":\"https:\\\/\\\/www.cde.ual.es\\\/en\\\/la-ue-reafirma-su-solidaridad-con-ucrania-en-el-35-o-aniversario-de-la-recuperacion-de-su-independencia\\\/#breadcrumb\",\"itemListElement\":[{\"@type\":\"ListItem\",\"position\":1,\"name\":\"Inicio\",\"item\":\"https:\\\/\\\/www.cde.ual.es\\\/en\\\/\"},{\"@type\":\"ListItem\",\"position\":2,\"name\":\"EU News\",\"item\":\"https:\\\/\\\/www.cde.ual.es\\\/en\\\/category\\\/eu-news\\\/\"},{\"@type\":\"ListItem\",\"position\":3,\"name\":\"Institutional Affairs\",\"item\":\"https:\\\/\\\/www.cde.ual.es\\\/en\\\/category\\\/eu-news\\\/institutional\\\/\"},{\"@type\":\"ListItem\",\"position\":4,\"name\":\"International Politics and Cooperation\",\"item\":\"https:\\\/\\\/www.cde.ual.es\\\/en\\\/category\\\/eu-news\\\/institutional\\\/international-pol-coop\\\/\"},{\"@type\":\"ListItem\",\"position\":5,\"name\":\"The EU reaffirms its solidarity with Ukraine on the 35th anniversary of the restoration of its independence\"}]},{\"@type\":\"WebSite\",\"@id\":\"https:\\\/\\\/www.cde.ual.es\\\/#website\",\"url\":\"https:\\\/\\\/www.cde.ual.es\\\/\",\"name\":\"CDE Almer\u00eda - Centro de Documentaci\u00f3n Europea - Universidad de Almer\u00eda\",\"description\":\"Centro de Documentaci\u00f3n Europea de la Universidad de Almer\u00eda\",\"publisher\":{\"@id\":\"https:\\\/\\\/www.cde.ual.es\\\/#organization\"},\"alternateName\":\"CDE Almer\u00eda\",\"potentialAction\":[{\"@type\":\"SearchAction\",\"target\":{\"@type\":\"EntryPoint\",\"urlTemplate\":\"https:\\\/\\\/www.cde.ual.es\\\/?s={search_term_string}\"},\"query-input\":{\"@type\":\"PropertyValueSpecification\",\"valueRequired\":true,\"valueName\":\"search_term_string\"}}],\"inLanguage\":\"en-US\"},{\"@type\":\"Organization\",\"@id\":\"https:\\\/\\\/www.cde.ual.es\\\/#organization\",\"name\":\"Centro de Documentaci\u00f3n Europea de Almer\u00eda\",\"url\":\"https:\\\/\\\/www.cde.ual.es\\\/\",\"logo\":{\"@type\":\"ImageObject\",\"inLanguage\":\"en-US\",\"@id\":\"https:\\\/\\\/www.cde.ual.es\\\/#\\\/schema\\\/logo\\\/image\\\/\",\"url\":\"https:\\\/\\\/www.cde.ual.es\\\/wp-content\\\/uploads\\\/2025\\\/07\\\/cde-logo-3.png\",\"contentUrl\":\"https:\\\/\\\/www.cde.ual.es\\\/wp-content\\\/uploads\\\/2025\\\/07\\\/cde-logo-3.png\",\"width\":1400,\"height\":300,\"caption\":\"Centro de Documentaci\u00f3n Europea de Almer\u00eda\"},\"image\":{\"@id\":\"https:\\\/\\\/www.cde.ual.es\\\/#\\\/schema\\\/logo\\\/image\\\/\"},\"sameAs\":[\"https:\\\/\\\/www.facebook.com\\\/cdeuniversidadalmeria\\\/\",\"https:\\\/\\\/x.com\\\/cdeualmeria\",\"https:\\\/\\\/www.tiktok.com\\\/@cdealmeria\",\"https:\\\/\\\/www.instagram.com\\\/cdealmeria\\\/\",\"https:\\\/\\\/www.linkedin.com\\\/in\\\/cde-almera-812b26a9\\\/\"]},{\"@type\":\"Person\",\"@id\":\"https:\\\/\\\/www.cde.ual.es\\\/#\\\/schema\\\/person\\\/13895e824f15237b9d9b0152b5f65d80\",\"name\":\"AdminCDE\",\"image\":{\"@type\":\"ImageObject\",\"inLanguage\":\"en-US\",\"@id\":\"https:\\\/\\\/secure.gravatar.com\\\/avatar\\\/a72d038d371f995cd13706fac32274b7952a52e8fb0a84b5f80c85426f2a98a8?s=96&d=mm&r=g\",\"url\":\"https:\\\/\\\/secure.gravatar.com\\\/avatar\\\/a72d038d371f995cd13706fac32274b7952a52e8fb0a84b5f80c85426f2a98a8?s=96&d=mm&r=g\",\"contentUrl\":\"https:\\\/\\\/secure.gravatar.com\\\/avatar\\\/a72d038d371f995cd13706fac32274b7952a52e8fb0a84b5f80c85426f2a98a8?s=96&d=mm&r=g\",\"caption\":\"AdminCDE\"}}]}<\/script>\n<!-- \/ Yoast SEO plugin. -->","yoast_head_json":{"title":"The EU reaffirms its solidarity with Ukraine on the 35th anniversary of the restoration of its independence | CDE Almer\u00eda - Centro de Documentaci\u00f3n Europea - Universidad de Almer\u00eda","robots":{"index":"index","follow":"follow","max-snippet":"max-snippet:-1","max-image-preview":"max-image-preview:large","max-video-preview":"max-video-preview:-1"},"canonical":"https:\/\/www.cde.ual.es\/en\/la-ue-reafirma-su-solidaridad-con-ucrania-en-el-35-o-aniversario-de-la-recuperacion-de-su-independencia\/","og_locale":"en_US","og_type":"article","og_title":"The EU reaffirms its solidarity with Ukraine on the 35th anniversary of the restoration of its independence | CDE Almer\u00eda - Centro de Documentaci\u00f3n Europea - Universidad de Almer\u00eda","og_description":"On 24 August, Ukraine\u2019s Independence Day was celebrated. This occasion embodies the courage, resistance and resilience of the Ukrainian people in the face of Russia\u2019s vicious war of aggression. It also symbolises the journey Ukraine has undertaken over the past thirty-five years to become a modern, democratic and European country. To mark the occasion, the [&hellip;]","og_url":"https:\/\/www.cde.ual.es\/en\/la-ue-reafirma-su-solidaridad-con-ucrania-en-el-35-o-aniversario-de-la-recuperacion-de-su-independencia\/","og_site_name":"CDE Almer\u00eda - Centro de Documentaci\u00f3n Europea - Universidad de Almer\u00eda","article_publisher":"https:\/\/www.facebook.com\/cdeuniversidadalmeria\/","article_published_time":"2026-09-01T08:08:52+00:00","article_modified_time":"2026-09-01T08:10:03+00:00","og_image":[{"width":2560,"height":1707,"url":"https:\/\/www.cde.ual.es\/wp-content\/uploads\/2026\/09\/pexels-freek-wolsink-508219-37032315-scaled.jpg","type":"image\/jpeg"}],"author":"AdminCDE","twitter_card":"summary_large_image","twitter_creator":"@cdeualmeria","twitter_site":"@cdeualmeria","twitter_misc":{"Written by":"AdminCDE","Est. reading time":"3 minutes"},"schema":{"@context":"https:\/\/schema.org","@graph":[{"@type":"Article","@id":"https:\/\/www.cde.ual.es\/en\/la-ue-reafirma-su-solidaridad-con-ucrania-en-el-35-o-aniversario-de-la-recuperacion-de-su-independencia\/#article","isPartOf":{"@id":"https:\/\/www.cde.ual.es\/en\/la-ue-reafirma-su-solidaridad-con-ucrania-en-el-35-o-aniversario-de-la-recuperacion-de-su-independencia\/"},"author":{"name":"AdminCDE","@id":"https:\/\/www.cde.ual.es\/#\/schema\/person\/13895e824f15237b9d9b0152b5f65d80"},"headline":"The EU reaffirms its solidarity with Ukraine on the 35th anniversary of the restoration of its independence","datePublished":"2026-09-01T08:08:52+00:00","dateModified":"2026-09-01T08:10:03+00:00","mainEntityOfPage":{"@id":"https:\/\/www.cde.ual.es\/en\/la-ue-reafirma-su-solidaridad-con-ucrania-en-el-35-o-aniversario-de-la-recuperacion-de-su-independencia\/"},"wordCount":386,"commentCount":0,"publisher":{"@id":"https:\/\/www.cde.ual.es\/#organization"},"image":{"@id":"https:\/\/www.cde.ual.es\/en\/la-ue-reafirma-su-solidaridad-con-ucrania-en-el-35-o-aniversario-de-la-recuperacion-de-su-independencia\/#primaryimage"},"thumbnailUrl":"https:\/\/www.cde.ual.es\/wp-content\/uploads\/2026\/09\/pexels-freek-wolsink-508219-37032315-scaled.jpg","keywords":["Defense","Democracy","Europe","European Commission","European Union","independence","News","Peace","reconstruction","resilience","Sanctions","Security","Solidarity","sovereignty","ukraine"],"articleSection":["EU News","Institutional Affairs","International Politics and Cooperation"],"inLanguage":"en-US","potentialAction":[{"@type":"CommentAction","name":"Comment","target":["https:\/\/www.cde.ual.es\/en\/la-ue-reafirma-su-solidaridad-con-ucrania-en-el-35-o-aniversario-de-la-recuperacion-de-su-independencia\/#respond"]}]},{"@type":"WebPage","@id":"https:\/\/www.cde.ual.es\/en\/la-ue-reafirma-su-solidaridad-con-ucrania-en-el-35-o-aniversario-de-la-recuperacion-de-su-independencia\/","url":"https:\/\/www.cde.ual.es\/en\/la-ue-reafirma-su-solidaridad-con-ucrania-en-el-35-o-aniversario-de-la-recuperacion-de-su-independencia\/","name":"The EU reaffirms its solidarity with Ukraine on the 35th anniversary of the restoration of its independence | CDE Almer\u00eda - Centro de Documentaci\u00f3n Europea - Universidad de Almer\u00eda","isPartOf":{"@id":"https:\/\/www.cde.ual.es\/#website"},"primaryImageOfPage":{"@id":"https:\/\/www.cde.ual.es\/en\/la-ue-reafirma-su-solidaridad-con-ucrania-en-el-35-o-aniversario-de-la-recuperacion-de-su-independencia\/#primaryimage"},"image":{"@id":"https:\/\/www.cde.ual.es\/en\/la-ue-reafirma-su-solidaridad-con-ucrania-en-el-35-o-aniversario-de-la-recuperacion-de-su-independencia\/#primaryimage"},"thumbnailUrl":"https:\/\/www.cde.ual.es\/wp-content\/uploads\/2026\/09\/pexels-freek-wolsink-508219-37032315-scaled.jpg","datePublished":"2026-09-01T08:08:52+00:00","dateModified":"2026-09-01T08:10:03+00:00","breadcrumb":{"@id":"https:\/\/www.cde.ual.es\/en\/la-ue-reafirma-su-solidaridad-con-ucrania-en-el-35-o-aniversario-de-la-recuperacion-de-su-independencia\/#breadcrumb"},"inLanguage":"en-US","potentialAction":[{"@type":"ReadAction","target":["https:\/\/www.cde.ual.es\/en\/la-ue-reafirma-su-solidaridad-con-ucrania-en-el-35-o-aniversario-de-la-recuperacion-de-su-independencia\/"]}]},{"@type":"ImageObject","inLanguage":"en-US","@id":"https:\/\/www.cde.ual.es\/en\/la-ue-reafirma-su-solidaridad-con-ucrania-en-el-35-o-aniversario-de-la-recuperacion-de-su-independencia\/#primaryimage","url":"https:\/\/www.cde.ual.es\/wp-content\/uploads\/2026\/09\/pexels-freek-wolsink-508219-37032315-scaled.jpg","contentUrl":"https:\/\/www.cde.ual.es\/wp-content\/uploads\/2026\/09\/pexels-freek-wolsink-508219-37032315-scaled.jpg","width":2560,"height":1707},{"@type":"BreadcrumbList","@id":"https:\/\/www.cde.ual.es\/en\/la-ue-reafirma-su-solidaridad-con-ucrania-en-el-35-o-aniversario-de-la-recuperacion-de-su-independencia\/#breadcrumb","itemListElement":[{"@type":"ListItem","position":1,"name":"Inicio","item":"https:\/\/www.cde.ual.es\/en\/"},{"@type":"ListItem","position":2,"name":"EU News","item":"https:\/\/www.cde.ual.es\/en\/category\/eu-news\/"},{"@type":"ListItem","position":3,"name":"Institutional Affairs","item":"https:\/\/www.cde.ual.es\/en\/category\/eu-news\/institutional\/"},{"@type":"ListItem","position":4,"name":"International Politics and Cooperation","item":"https:\/\/www.cde.ual.es\/en\/category\/eu-news\/institutional\/international-pol-coop\/"},{"@type":"ListItem","position":5,"name":"The EU reaffirms its solidarity with Ukraine on the 35th anniversary of the restoration of its independence"}]},{"@type":"WebSite","@id":"https:\/\/www.cde.ual.es\/#website","url":"https:\/\/www.cde.ual.es\/","name":"CDE Almer\u00eda - Centro de Documentaci\u00f3n Europea - Universidad de Almer\u00eda","description":"Centro de Documentaci\u00f3n Europea de la Universidad de Almer\u00eda","publisher":{"@id":"https:\/\/www.cde.ual.es\/#organization"},"alternateName":"CDE Almer\u00eda","potentialAction":[{"@type":"SearchAction","target":{"@type":"EntryPoint","urlTemplate":"https:\/\/www.cde.ual.es\/?s={search_term_string}"},"query-input":{"@type":"PropertyValueSpecification","valueRequired":true,"valueName":"search_term_string"}}],"inLanguage":"en-US"},{"@type":"Organization","@id":"https:\/\/www.cde.ual.es\/#organization","name":"Centro de Documentaci\u00f3n Europea de Almer\u00eda","url":"https:\/\/www.cde.ual.es\/","logo":{"@type":"ImageObject","inLanguage":"en-US","@id":"https:\/\/www.cde.ual.es\/#\/schema\/logo\/image\/","url":"https:\/\/www.cde.ual.es\/wp-content\/uploads\/2025\/07\/cde-logo-3.png","contentUrl":"https:\/\/www.cde.ual.es\/wp-content\/uploads\/2025\/07\/cde-logo-3.png","width":1400,"height":300,"caption":"Centro de Documentaci\u00f3n Europea de Almer\u00eda"},"image":{"@id":"https:\/\/www.cde.ual.es\/#\/schema\/logo\/image\/"},"sameAs":["https:\/\/www.facebook.com\/cdeuniversidadalmeria\/","https:\/\/x.com\/cdeualmeria","https:\/\/www.tiktok.com\/@cdealmeria","https:\/\/www.instagram.com\/cdealmeria\/","https:\/\/www.linkedin.com\/in\/cde-almera-812b26a9\/"]},{"@type":"Person","@id":"https:\/\/www.cde.ual.es\/#\/schema\/person\/13895e824f15237b9d9b0152b5f65d80","name":"AdminCDE","image":{"@type":"ImageObject","inLanguage":"en-US","@id":"https:\/\/secure.gravatar.com\/avatar\/a72d038d371f995cd13706fac32274b7952a52e8fb0a84b5f80c85426f2a98a8?s=96&d=mm&r=g","url":"https:\/\/secure.gravatar.com\/avatar\/a72d038d371f995cd13706fac32274b7952a52e8fb0a84b5f80c85426f2a98a8?s=96&d=mm&r=g","contentUrl":"https:\/\/secure.gravatar.com\/avatar\/a72d038d371f995cd13706fac32274b7952a52e8fb0a84b5f80c85426f2a98a8?s=96&d=mm&r=g","caption":"AdminCDE"}}]}},"_links":{"self":[{"href":"https:\/\/www.cde.ual.es\/en\/wp-json\/wp\/v2\/posts\/170727","targetHints":{"allow":["GET"]}}],"collection":[{"href":"https:\/\/www.cde.ual.es\/en\/wp-json\/wp\/v2\/posts"}],"about":[{"href":"https:\/\/www.cde.ual.es\/en\/wp-json\/wp\/v2\/types\/post"}],"author":[{"embeddable":true,"href":"https:\/\/www.cde.ual.es\/en\/wp-json\/wp\/v2\/users\/1"}],"replies":[{"embeddable":true,"href":"https:\/\/www.cde.ual.es\/en\/wp-json\/wp\/v2\/comments?post=170727"}],"version-history":[{"count":3,"href":"https:\/\/www.cde.ual.es\/en\/wp-json\/wp\/v2\/posts\/170727\/revisions"}],"predecessor-version":[{"id":170730,"href":"https:\/\/www.cde.ual.es\/en\/wp-json\/wp\/v2\/posts\/170727\/revisions\/170730"}],"wp:featuredmedia":[{"embeddable":true,"href":"https:\/\/www.cde.ual.es\/en\/wp-json\/wp\/v2\/media\/170725"}],"wp:attachment":[{"href":"https:\/\/www.cde.ual.es\/en\/wp-json\/wp\/v2\/media?parent=170727"}],"wp:term":[{"taxonomy":"category","embeddable":true,"href":"https:\/\/www.cde.ual.es\/en\/wp-json\/wp\/v2\/categories?post=170727"},{"taxonomy":"post_tag","embeddable":true,"href":"https:\/\/www.cde.ual.es\/en\/wp-json\/wp\/v2\/tags?post=170727"}],"curies":[{"name":"wp","href":"https:\/\/api.w.org\/{rel}","templated":true}]}}