{"id":16930,"date":"2019-05-06T08:00:20","date_gmt":"2019-05-06T06:00:20","guid":{"rendered":"http:\/\/www.cde.ual.es\/?p=16930"},"modified":"2019-05-03T15:21:15","modified_gmt":"2019-05-03T13:21:15","slug":"food-waste-6th-meeting-of-eu-platform-to-focus-on-the-business-case-for-food-waste-prevention","status":"publish","type":"post","link":"https:\/\/www.cde.ual.es\/en\/food-waste-6th-meeting-of-eu-platform-to-focus-on-the-business-case-for-food-waste-prevention\/","title":{"rendered":"Food Waste: 6th meeting of EU Platform to focus on the business case for food waste prevention"},"content":{"rendered":"<p><a href=\"http:\/\/www.cde.ual.es\/wp-content\/uploads\/2019\/04\/Alimentos.jpg\"><img decoding=\"async\" class=\"size-medium wp-image-16126 aligncenter\" src=\"http:\/\/www.cde.ual.es\/wp-content\/uploads\/2019\/04\/Alimentos-300x193.jpg\" alt=\"\" width=\"300\" height=\"193\" srcset=\"https:\/\/www.cde.ual.es\/wp-content\/uploads\/2019\/04\/Alimentos-300x193.jpg 300w, https:\/\/www.cde.ual.es\/wp-content\/uploads\/2019\/04\/Alimentos-768x495.jpg 768w, https:\/\/www.cde.ual.es\/wp-content\/uploads\/2019\/04\/Alimentos.jpg 960w\" sizes=\"(max-width: 300px) 100vw, 300px\" \/><\/a><\/p>\n<p><em><b>Funding instruments provide the legal basis for the implementation of geographic and thematic programmes. For the period 2014-2020, the EU has mainly nine instruments covering external cooperation and external aid.<\/b><\/em><\/p>\n<p>Today monday, 6th of May, Vice-President for Jobs, Growth, Investment and Competitiveness, Jyrki\u00a0<strong>Katainen<\/strong>, currently in charge of Health and Food Safety, will open the 6th\u00a0<a href=\"https:\/\/ec.europa.eu\/food\/safety\/food_waste\/eu_actions\/eu-platform_en\">EU Platform on Food Losses and Food Waste<\/a>, which will take stock of recent progress made in\u00a0<a href=\"https:\/\/ec.europa.eu\/food\/safety\/food_waste_en\">EU actions to fight food waste<\/a>\u00a0as one of the priority areas of the Circular Economy\u00a0<a href=\"https:\/\/eur-lex.europa.eu\/legal-content\/EN\/TXT\/?uri=CELEX:52015DC0614\">Action Plan<\/a>\u00a0of the\u00a0<a href=\"http:\/\/ec.europa.eu\/environment\/circular-economy\/index_en.htm\">Commission<\/a>.<\/p>\n<p>Ahead of the meeting, Vice-President\u00a0<strong>Katainen\u00a0<\/strong>said:\u00a0<em>&#8220;The actions launched in recent years have put the EU at the forefront of global action aiming to halve food waste by 2030. However, this target cannot be reached without making food waste reduction and prevention part and parcel of business operations and of our daily lives. Together, we need to redesign a food system that minimises losses, promotes circularity and maximises value. Europe needs a comprehensive, innovative and integrated approach to move towards more sustainable food systems and each actor has an important role to play. I look forward to hearing innovative proposals in the context of this sixth Platform meeting.\u201d\u00a0<\/em><\/p>\n<h3>Backgroung<\/h3>\n<p>Launched in 2016, the Platform brings together both public and private interests in order to foster cooperation amongst all key players in the food value chain and help accelerate the EU&#8217;s progress towards the global\u00a0<a href=\"https:\/\/www.un.org\/sustainabledevelopment\/sustainable-development-goals\/\">Sustainable Development Goal<\/a>\u00a0of halving food waste by 2030. On 06 May, members will discuss the importance of assessing the effectiveness of food waste prevention actions in order to accelerate transfer of learning, adoption and uptake of food waste prevention solutions. With support of the Platform, the Commission has adopted EU guidelines to facilitate food donation and the feed use of food no longer intended for human consumption, developed food waste measurement methodology and is undertaking work to improve date marking practices.<\/p>\n<h3>Further information<\/h3>\n<p>The meeting will be web-streamed\u00a0<a href=\"https:\/\/audiovisual.ec.europa.eu\/en\/ebs\/both\/20190503\">here<\/a><\/p>\n","protected":false},"excerpt":{"rendered":"<p>Funding instruments provide the legal basis for the implementation of geographic and thematic programmes. For the period 2014-2020, the EU has mainly nine instruments covering external cooperation and external aid. Today monday, 6th of May, Vice-President for Jobs, Growth, Investment and Competitiveness, Jyrki\u00a0Katainen, currently in charge of Health and Food Safety, will open the 6th\u00a0EU [&hellip;]<\/p>\n","protected":false},"author":1,"featured_media":16126,"comment_status":"open","ping_status":"open","sticky":false,"template":"","format":"standard","meta":{"_acf_changed":false,"_relevanssi_hide_post":"","_relevanssi_hide_content":"","_relevanssi_pin_for_all":"","_relevanssi_pin_keywords":"","_relevanssi_unpin_keywords":"","_relevanssi_related_keywords":"","_relevanssi_related_include_ids":"","_relevanssi_related_exclude_ids":"","_relevanssi_related_no_append":"","_relevanssi_related_not_related":"","_relevanssi_related_posts":"","_relevanssi_noindex_reason":"","_monsterinsights_skip_tracking":false,"_monsterinsights_sitenote_active":false,"_monsterinsights_sitenote_note":"","_monsterinsights_sitenote_category":0,"_genesis_hide_title":false,"_genesis_hide_breadcrumbs":false,"_genesis_hide_singular_image":false,"_genesis_hide_footer_widgets":false,"_genesis_custom_body_class":"","_genesis_custom_post_class":"","_genesis_layout":"","footnotes":""},"categories":[346],"tags":[],"class_list":{"0":"post-16930","1":"post","2":"type-post","3":"status-publish","4":"format-standard","5":"has-post-thumbnail","7":"category-eu-news","8":"entry"},"acf":[],"yoast_head":"<!-- This site is optimized with the Yoast SEO plugin v27.5 - https:\/\/yoast.com\/product\/yoast-seo-wordpress\/ -->\n<title>Food Waste: 6th meeting of EU Platform to focus on the business case for food waste prevention | CDE Almer\u00eda - Centro de Documentaci\u00f3n Europea - Universidad de Almer\u00eda<\/title>\n<meta name=\"robots\" content=\"index, follow, max-snippet:-1, max-image-preview:large, max-video-preview:-1\" \/>\n<link rel=\"canonical\" href=\"https:\/\/www.cde.ual.es\/en\/food-waste-6th-meeting-of-eu-platform-to-focus-on-the-business-case-for-food-waste-prevention\/\" \/>\n<meta property=\"og:locale\" content=\"en_US\" \/>\n<meta property=\"og:type\" content=\"article\" \/>\n<meta property=\"og:title\" content=\"Food Waste: 6th meeting of EU Platform to focus on the business case for food waste prevention | CDE Almer\u00eda - Centro de Documentaci\u00f3n Europea - Universidad de Almer\u00eda\" \/>\n<meta property=\"og:description\" content=\"Funding instruments provide the legal basis for the implementation of geographic and thematic programmes. For the period 2014-2020, the EU has mainly nine instruments covering external cooperation and external aid. Today monday, 6th of May, Vice-President for Jobs, Growth, Investment and Competitiveness, Jyrki\u00a0Katainen, currently in charge of Health and Food Safety, will open the 6th\u00a0EU [&hellip;]\" \/>\n<meta property=\"og:url\" content=\"https:\/\/www.cde.ual.es\/en\/food-waste-6th-meeting-of-eu-platform-to-focus-on-the-business-case-for-food-waste-prevention\/\" \/>\n<meta property=\"og:site_name\" content=\"CDE Almer\u00eda - Centro de Documentaci\u00f3n Europea - Universidad de Almer\u00eda\" \/>\n<meta property=\"article:publisher\" content=\"https:\/\/www.facebook.com\/cdeuniversidadalmeria\/\" \/>\n<meta property=\"article:published_time\" content=\"2019-05-06T06:00:20+00:00\" \/>\n<meta property=\"og:image\" content=\"https:\/\/www.cde.ual.es\/wp-content\/uploads\/2019\/04\/Alimentos.jpg\" \/>\n\t<meta property=\"og:image:width\" content=\"960\" \/>\n\t<meta property=\"og:image:height\" content=\"619\" \/>\n\t<meta property=\"og:image:type\" content=\"image\/jpeg\" \/>\n<meta name=\"author\" content=\"AdminCDE\" \/>\n<meta name=\"twitter:card\" content=\"summary_large_image\" \/>\n<meta name=\"twitter:creator\" content=\"@cdeualmeria\" \/>\n<meta name=\"twitter:site\" content=\"@cdeualmeria\" \/>\n<meta name=\"twitter:label1\" content=\"Written by\" \/>\n\t<meta name=\"twitter:data1\" content=\"AdminCDE\" \/>\n\t<meta name=\"twitter:label2\" content=\"Est. reading time\" \/>\n\t<meta name=\"twitter:data2\" content=\"2 minutes\" \/>\n<script type=\"application\/ld+json\" class=\"yoast-schema-graph\">{\"@context\":\"https:\\\/\\\/schema.org\",\"@graph\":[{\"@type\":\"Article\",\"@id\":\"https:\\\/\\\/www.cde.ual.es\\\/en\\\/food-waste-6th-meeting-of-eu-platform-to-focus-on-the-business-case-for-food-waste-prevention\\\/#article\",\"isPartOf\":{\"@id\":\"https:\\\/\\\/www.cde.ual.es\\\/en\\\/food-waste-6th-meeting-of-eu-platform-to-focus-on-the-business-case-for-food-waste-prevention\\\/\"},\"author\":{\"name\":\"AdminCDE\",\"@id\":\"https:\\\/\\\/www.cde.ual.es\\\/#\\\/schema\\\/person\\\/224ef08c8bcc005f319d2713ce37ee5f\"},\"headline\":\"Food Waste: 6th meeting of EU Platform to focus on the business case for food waste prevention\",\"datePublished\":\"2019-05-06T06:00:20+00:00\",\"mainEntityOfPage\":{\"@id\":\"https:\\\/\\\/www.cde.ual.es\\\/en\\\/food-waste-6th-meeting-of-eu-platform-to-focus-on-the-business-case-for-food-waste-prevention\\\/\"},\"wordCount\":343,\"commentCount\":0,\"publisher\":{\"@id\":\"https:\\\/\\\/www.cde.ual.es\\\/#organization\"},\"image\":{\"@id\":\"https:\\\/\\\/www.cde.ual.es\\\/en\\\/food-waste-6th-meeting-of-eu-platform-to-focus-on-the-business-case-for-food-waste-prevention\\\/#primaryimage\"},\"thumbnailUrl\":\"https:\\\/\\\/www.cde.ual.es\\\/wp-content\\\/uploads\\\/2019\\\/04\\\/Alimentos.jpg\",\"articleSection\":[\"EU News\"],\"inLanguage\":\"en-US\",\"potentialAction\":[{\"@type\":\"CommentAction\",\"name\":\"Comment\",\"target\":[\"https:\\\/\\\/www.cde.ual.es\\\/en\\\/food-waste-6th-meeting-of-eu-platform-to-focus-on-the-business-case-for-food-waste-prevention\\\/#respond\"]}]},{\"@type\":\"WebPage\",\"@id\":\"https:\\\/\\\/www.cde.ual.es\\\/en\\\/food-waste-6th-meeting-of-eu-platform-to-focus-on-the-business-case-for-food-waste-prevention\\\/\",\"url\":\"https:\\\/\\\/www.cde.ual.es\\\/en\\\/food-waste-6th-meeting-of-eu-platform-to-focus-on-the-business-case-for-food-waste-prevention\\\/\",\"name\":\"Food Waste: 6th meeting of EU Platform to focus on the business case for food waste prevention | CDE Almer\u00eda - Centro de Documentaci\u00f3n Europea - Universidad de Almer\u00eda\",\"isPartOf\":{\"@id\":\"https:\\\/\\\/www.cde.ual.es\\\/#website\"},\"primaryImageOfPage\":{\"@id\":\"https:\\\/\\\/www.cde.ual.es\\\/en\\\/food-waste-6th-meeting-of-eu-platform-to-focus-on-the-business-case-for-food-waste-prevention\\\/#primaryimage\"},\"image\":{\"@id\":\"https:\\\/\\\/www.cde.ual.es\\\/en\\\/food-waste-6th-meeting-of-eu-platform-to-focus-on-the-business-case-for-food-waste-prevention\\\/#primaryimage\"},\"thumbnailUrl\":\"https:\\\/\\\/www.cde.ual.es\\\/wp-content\\\/uploads\\\/2019\\\/04\\\/Alimentos.jpg\",\"datePublished\":\"2019-05-06T06:00:20+00:00\",\"breadcrumb\":{\"@id\":\"https:\\\/\\\/www.cde.ual.es\\\/en\\\/food-waste-6th-meeting-of-eu-platform-to-focus-on-the-business-case-for-food-waste-prevention\\\/#breadcrumb\"},\"inLanguage\":\"en-US\",\"potentialAction\":[{\"@type\":\"ReadAction\",\"target\":[\"https:\\\/\\\/www.cde.ual.es\\\/en\\\/food-waste-6th-meeting-of-eu-platform-to-focus-on-the-business-case-for-food-waste-prevention\\\/\"]}]},{\"@type\":\"ImageObject\",\"inLanguage\":\"en-US\",\"@id\":\"https:\\\/\\\/www.cde.ual.es\\\/en\\\/food-waste-6th-meeting-of-eu-platform-to-focus-on-the-business-case-for-food-waste-prevention\\\/#primaryimage\",\"url\":\"https:\\\/\\\/www.cde.ual.es\\\/wp-content\\\/uploads\\\/2019\\\/04\\\/Alimentos.jpg\",\"contentUrl\":\"https:\\\/\\\/www.cde.ual.es\\\/wp-content\\\/uploads\\\/2019\\\/04\\\/Alimentos.jpg\",\"width\":960,\"height\":619},{\"@type\":\"BreadcrumbList\",\"@id\":\"https:\\\/\\\/www.cde.ual.es\\\/en\\\/food-waste-6th-meeting-of-eu-platform-to-focus-on-the-business-case-for-food-waste-prevention\\\/#breadcrumb\",\"itemListElement\":[{\"@type\":\"ListItem\",\"position\":1,\"name\":\"Inicio\",\"item\":\"https:\\\/\\\/www.cde.ual.es\\\/en\\\/\"},{\"@type\":\"ListItem\",\"position\":2,\"name\":\"EU News\",\"item\":\"https:\\\/\\\/www.cde.ual.es\\\/en\\\/category\\\/eu-news\\\/\"},{\"@type\":\"ListItem\",\"position\":3,\"name\":\"Food Waste: 6th meeting of EU Platform to focus on the business case for food waste prevention\"}]},{\"@type\":\"WebSite\",\"@id\":\"https:\\\/\\\/www.cde.ual.es\\\/#website\",\"url\":\"https:\\\/\\\/www.cde.ual.es\\\/\",\"name\":\"CDE Almer\u00eda - Centro de Documentaci\u00f3n Europea - Universidad de Almer\u00eda\",\"description\":\"Centro de Documentaci\u00f3n Europea de la Universidad de Almer\u00eda\",\"publisher\":{\"@id\":\"https:\\\/\\\/www.cde.ual.es\\\/#organization\"},\"alternateName\":\"CDE Almer\u00eda\",\"potentialAction\":[{\"@type\":\"SearchAction\",\"target\":{\"@type\":\"EntryPoint\",\"urlTemplate\":\"https:\\\/\\\/www.cde.ual.es\\\/?s={search_term_string}\"},\"query-input\":{\"@type\":\"PropertyValueSpecification\",\"valueRequired\":true,\"valueName\":\"search_term_string\"}}],\"inLanguage\":\"en-US\"},{\"@type\":\"Organization\",\"@id\":\"https:\\\/\\\/www.cde.ual.es\\\/#organization\",\"name\":\"Centro de Documentaci\u00f3n Europea de Almer\u00eda\",\"url\":\"https:\\\/\\\/www.cde.ual.es\\\/\",\"logo\":{\"@type\":\"ImageObject\",\"inLanguage\":\"en-US\",\"@id\":\"https:\\\/\\\/www.cde.ual.es\\\/#\\\/schema\\\/logo\\\/image\\\/\",\"url\":\"https:\\\/\\\/www.cde.ual.es\\\/wp-content\\\/uploads\\\/2025\\\/07\\\/cde-logo-3.png\",\"contentUrl\":\"https:\\\/\\\/www.cde.ual.es\\\/wp-content\\\/uploads\\\/2025\\\/07\\\/cde-logo-3.png\",\"width\":1400,\"height\":300,\"caption\":\"Centro de Documentaci\u00f3n Europea de Almer\u00eda\"},\"image\":{\"@id\":\"https:\\\/\\\/www.cde.ual.es\\\/#\\\/schema\\\/logo\\\/image\\\/\"},\"sameAs\":[\"https:\\\/\\\/www.facebook.com\\\/cdeuniversidadalmeria\\\/\",\"https:\\\/\\\/x.com\\\/cdeualmeria\",\"https:\\\/\\\/www.tiktok.com\\\/@cdealmeria\",\"https:\\\/\\\/www.instagram.com\\\/cdealmeria\\\/\",\"https:\\\/\\\/www.linkedin.com\\\/in\\\/cde-almera-812b26a9\\\/\"]},{\"@type\":\"Person\",\"@id\":\"https:\\\/\\\/www.cde.ual.es\\\/#\\\/schema\\\/person\\\/224ef08c8bcc005f319d2713ce37ee5f\",\"name\":\"AdminCDE\",\"image\":{\"@type\":\"ImageObject\",\"inLanguage\":\"en-US\",\"@id\":\"https:\\\/\\\/secure.gravatar.com\\\/avatar\\\/a72d038d371f995cd13706fac32274b7952a52e8fb0a84b5f80c85426f2a98a8?s=96&d=mm&r=g\",\"url\":\"https:\\\/\\\/secure.gravatar.com\\\/avatar\\\/a72d038d371f995cd13706fac32274b7952a52e8fb0a84b5f80c85426f2a98a8?s=96&d=mm&r=g\",\"contentUrl\":\"https:\\\/\\\/secure.gravatar.com\\\/avatar\\\/a72d038d371f995cd13706fac32274b7952a52e8fb0a84b5f80c85426f2a98a8?s=96&d=mm&r=g\",\"caption\":\"AdminCDE\"}}]}<\/script>\n<!-- \/ Yoast SEO plugin. -->","yoast_head_json":{"title":"Food Waste: 6th meeting of EU Platform to focus on the business case for food waste prevention | CDE Almer\u00eda - Centro de Documentaci\u00f3n Europea - Universidad de Almer\u00eda","robots":{"index":"index","follow":"follow","max-snippet":"max-snippet:-1","max-image-preview":"max-image-preview:large","max-video-preview":"max-video-preview:-1"},"canonical":"https:\/\/www.cde.ual.es\/en\/food-waste-6th-meeting-of-eu-platform-to-focus-on-the-business-case-for-food-waste-prevention\/","og_locale":"en_US","og_type":"article","og_title":"Food Waste: 6th meeting of EU Platform to focus on the business case for food waste prevention | CDE Almer\u00eda - Centro de Documentaci\u00f3n Europea - Universidad de Almer\u00eda","og_description":"Funding instruments provide the legal basis for the implementation of geographic and thematic programmes. For the period 2014-2020, the EU has mainly nine instruments covering external cooperation and external aid. Today monday, 6th of May, Vice-President for Jobs, Growth, Investment and Competitiveness, Jyrki\u00a0Katainen, currently in charge of Health and Food Safety, will open the 6th\u00a0EU [&hellip;]","og_url":"https:\/\/www.cde.ual.es\/en\/food-waste-6th-meeting-of-eu-platform-to-focus-on-the-business-case-for-food-waste-prevention\/","og_site_name":"CDE Almer\u00eda - Centro de Documentaci\u00f3n Europea - Universidad de Almer\u00eda","article_publisher":"https:\/\/www.facebook.com\/cdeuniversidadalmeria\/","article_published_time":"2019-05-06T06:00:20+00:00","og_image":[{"width":960,"height":619,"url":"https:\/\/www.cde.ual.es\/wp-content\/uploads\/2019\/04\/Alimentos.jpg","type":"image\/jpeg"}],"author":"AdminCDE","twitter_card":"summary_large_image","twitter_creator":"@cdeualmeria","twitter_site":"@cdeualmeria","twitter_misc":{"Written by":"AdminCDE","Est. reading time":"2 minutes"},"schema":{"@context":"https:\/\/schema.org","@graph":[{"@type":"Article","@id":"https:\/\/www.cde.ual.es\/en\/food-waste-6th-meeting-of-eu-platform-to-focus-on-the-business-case-for-food-waste-prevention\/#article","isPartOf":{"@id":"https:\/\/www.cde.ual.es\/en\/food-waste-6th-meeting-of-eu-platform-to-focus-on-the-business-case-for-food-waste-prevention\/"},"author":{"name":"AdminCDE","@id":"https:\/\/www.cde.ual.es\/#\/schema\/person\/224ef08c8bcc005f319d2713ce37ee5f"},"headline":"Food Waste: 6th meeting of EU Platform to focus on the business case for food waste prevention","datePublished":"2019-05-06T06:00:20+00:00","mainEntityOfPage":{"@id":"https:\/\/www.cde.ual.es\/en\/food-waste-6th-meeting-of-eu-platform-to-focus-on-the-business-case-for-food-waste-prevention\/"},"wordCount":343,"commentCount":0,"publisher":{"@id":"https:\/\/www.cde.ual.es\/#organization"},"image":{"@id":"https:\/\/www.cde.ual.es\/en\/food-waste-6th-meeting-of-eu-platform-to-focus-on-the-business-case-for-food-waste-prevention\/#primaryimage"},"thumbnailUrl":"https:\/\/www.cde.ual.es\/wp-content\/uploads\/2019\/04\/Alimentos.jpg","articleSection":["EU News"],"inLanguage":"en-US","potentialAction":[{"@type":"CommentAction","name":"Comment","target":["https:\/\/www.cde.ual.es\/en\/food-waste-6th-meeting-of-eu-platform-to-focus-on-the-business-case-for-food-waste-prevention\/#respond"]}]},{"@type":"WebPage","@id":"https:\/\/www.cde.ual.es\/en\/food-waste-6th-meeting-of-eu-platform-to-focus-on-the-business-case-for-food-waste-prevention\/","url":"https:\/\/www.cde.ual.es\/en\/food-waste-6th-meeting-of-eu-platform-to-focus-on-the-business-case-for-food-waste-prevention\/","name":"Food Waste: 6th meeting of EU Platform to focus on the business case for food waste prevention | CDE Almer\u00eda - Centro de Documentaci\u00f3n Europea - Universidad de Almer\u00eda","isPartOf":{"@id":"https:\/\/www.cde.ual.es\/#website"},"primaryImageOfPage":{"@id":"https:\/\/www.cde.ual.es\/en\/food-waste-6th-meeting-of-eu-platform-to-focus-on-the-business-case-for-food-waste-prevention\/#primaryimage"},"image":{"@id":"https:\/\/www.cde.ual.es\/en\/food-waste-6th-meeting-of-eu-platform-to-focus-on-the-business-case-for-food-waste-prevention\/#primaryimage"},"thumbnailUrl":"https:\/\/www.cde.ual.es\/wp-content\/uploads\/2019\/04\/Alimentos.jpg","datePublished":"2019-05-06T06:00:20+00:00","breadcrumb":{"@id":"https:\/\/www.cde.ual.es\/en\/food-waste-6th-meeting-of-eu-platform-to-focus-on-the-business-case-for-food-waste-prevention\/#breadcrumb"},"inLanguage":"en-US","potentialAction":[{"@type":"ReadAction","target":["https:\/\/www.cde.ual.es\/en\/food-waste-6th-meeting-of-eu-platform-to-focus-on-the-business-case-for-food-waste-prevention\/"]}]},{"@type":"ImageObject","inLanguage":"en-US","@id":"https:\/\/www.cde.ual.es\/en\/food-waste-6th-meeting-of-eu-platform-to-focus-on-the-business-case-for-food-waste-prevention\/#primaryimage","url":"https:\/\/www.cde.ual.es\/wp-content\/uploads\/2019\/04\/Alimentos.jpg","contentUrl":"https:\/\/www.cde.ual.es\/wp-content\/uploads\/2019\/04\/Alimentos.jpg","width":960,"height":619},{"@type":"BreadcrumbList","@id":"https:\/\/www.cde.ual.es\/en\/food-waste-6th-meeting-of-eu-platform-to-focus-on-the-business-case-for-food-waste-prevention\/#breadcrumb","itemListElement":[{"@type":"ListItem","position":1,"name":"Inicio","item":"https:\/\/www.cde.ual.es\/en\/"},{"@type":"ListItem","position":2,"name":"EU News","item":"https:\/\/www.cde.ual.es\/en\/category\/eu-news\/"},{"@type":"ListItem","position":3,"name":"Food Waste: 6th meeting of EU Platform to focus on the business case for food waste prevention"}]},{"@type":"WebSite","@id":"https:\/\/www.cde.ual.es\/#website","url":"https:\/\/www.cde.ual.es\/","name":"CDE Almer\u00eda - Centro de Documentaci\u00f3n Europea - Universidad de Almer\u00eda","description":"Centro de Documentaci\u00f3n Europea de la Universidad de Almer\u00eda","publisher":{"@id":"https:\/\/www.cde.ual.es\/#organization"},"alternateName":"CDE Almer\u00eda","potentialAction":[{"@type":"SearchAction","target":{"@type":"EntryPoint","urlTemplate":"https:\/\/www.cde.ual.es\/?s={search_term_string}"},"query-input":{"@type":"PropertyValueSpecification","valueRequired":true,"valueName":"search_term_string"}}],"inLanguage":"en-US"},{"@type":"Organization","@id":"https:\/\/www.cde.ual.es\/#organization","name":"Centro de Documentaci\u00f3n Europea de Almer\u00eda","url":"https:\/\/www.cde.ual.es\/","logo":{"@type":"ImageObject","inLanguage":"en-US","@id":"https:\/\/www.cde.ual.es\/#\/schema\/logo\/image\/","url":"https:\/\/www.cde.ual.es\/wp-content\/uploads\/2025\/07\/cde-logo-3.png","contentUrl":"https:\/\/www.cde.ual.es\/wp-content\/uploads\/2025\/07\/cde-logo-3.png","width":1400,"height":300,"caption":"Centro de Documentaci\u00f3n Europea de Almer\u00eda"},"image":{"@id":"https:\/\/www.cde.ual.es\/#\/schema\/logo\/image\/"},"sameAs":["https:\/\/www.facebook.com\/cdeuniversidadalmeria\/","https:\/\/x.com\/cdeualmeria","https:\/\/www.tiktok.com\/@cdealmeria","https:\/\/www.instagram.com\/cdealmeria\/","https:\/\/www.linkedin.com\/in\/cde-almera-812b26a9\/"]},{"@type":"Person","@id":"https:\/\/www.cde.ual.es\/#\/schema\/person\/224ef08c8bcc005f319d2713ce37ee5f","name":"AdminCDE","image":{"@type":"ImageObject","inLanguage":"en-US","@id":"https:\/\/secure.gravatar.com\/avatar\/a72d038d371f995cd13706fac32274b7952a52e8fb0a84b5f80c85426f2a98a8?s=96&d=mm&r=g","url":"https:\/\/secure.gravatar.com\/avatar\/a72d038d371f995cd13706fac32274b7952a52e8fb0a84b5f80c85426f2a98a8?s=96&d=mm&r=g","contentUrl":"https:\/\/secure.gravatar.com\/avatar\/a72d038d371f995cd13706fac32274b7952a52e8fb0a84b5f80c85426f2a98a8?s=96&d=mm&r=g","caption":"AdminCDE"}}]}},"_links":{"self":[{"href":"https:\/\/www.cde.ual.es\/en\/wp-json\/wp\/v2\/posts\/16930","targetHints":{"allow":["GET"]}}],"collection":[{"href":"https:\/\/www.cde.ual.es\/en\/wp-json\/wp\/v2\/posts"}],"about":[{"href":"https:\/\/www.cde.ual.es\/en\/wp-json\/wp\/v2\/types\/post"}],"author":[{"embeddable":true,"href":"https:\/\/www.cde.ual.es\/en\/wp-json\/wp\/v2\/users\/1"}],"replies":[{"embeddable":true,"href":"https:\/\/www.cde.ual.es\/en\/wp-json\/wp\/v2\/comments?post=16930"}],"version-history":[{"count":0,"href":"https:\/\/www.cde.ual.es\/en\/wp-json\/wp\/v2\/posts\/16930\/revisions"}],"wp:featuredmedia":[{"embeddable":true,"href":"https:\/\/www.cde.ual.es\/en\/wp-json\/wp\/v2\/media\/16126"}],"wp:attachment":[{"href":"https:\/\/www.cde.ual.es\/en\/wp-json\/wp\/v2\/media?parent=16930"}],"wp:term":[{"taxonomy":"category","embeddable":true,"href":"https:\/\/www.cde.ual.es\/en\/wp-json\/wp\/v2\/categories?post=16930"},{"taxonomy":"post_tag","embeddable":true,"href":"https:\/\/www.cde.ual.es\/en\/wp-json\/wp\/v2\/tags?post=16930"}],"curies":[{"name":"wp","href":"https:\/\/api.w.org\/{rel}","templated":true}]}}