{"id":16911,"date":"2019-05-06T08:00:50","date_gmt":"2019-05-06T06:00:50","guid":{"rendered":"http:\/\/www.cde.ual.es\/?p=16911"},"modified":"2019-05-03T14:43:42","modified_gmt":"2019-05-03T12:43:42","slug":"press-accreditation-for-the-2019-european-elections-now-open","status":"publish","type":"post","link":"https:\/\/www.cde.ual.es\/en\/press-accreditation-for-the-2019-european-elections-now-open\/","title":{"rendered":"Press accreditation for the 2019 European elections now open"},"content":{"rendered":"<div class=\"ep_gridrow ep-o_product\" role=\"banner\">\n<div class=\"ep_gridrow-content\">\n<div class=\"ep_gridcolumn ep-m_header\" data-view1200=\"6\" data-view1020=\"6\" data-view750=\"10\" data-view640=\"6\" data-view480=\"8\" data-view320=\"4\">\n<div class=\"ep_gridcolumn-content\">\n<div class=\"ep-a_heading ep-layout_level1\">\n<div class=\"ep_subtitle\"><\/div>\n<\/div>\n<\/div>\n<\/div>\n<\/div>\n<\/div>\n<div class=\"ep_gridrow ep-o_product\">\n<div class=\"ep_gridrow-content\">\n<div class=\"ep_gridcolumn ep-m_product ep-layout_followingscroll\" data-view1200=\"1\" data-view1020=\"1\" data-view750=\"1\" data-view640=\"1\" data-view480=\"0\" data-view320=\"0\" data-following=\"1\">\n<div class=\"ep_gridcolumn-content\">\n<div class=\"ep-a_share ep-layout_socialnetwok\">\n<div>\n<div class=\"ep_share\">\n<div><a href=\"http:\/\/www.cde.ual.es\/wp-content\/uploads\/2018\/02\/periodismo-natali.jpg\"><img decoding=\"async\" class=\"size-medium wp-image-16912 aligncenter\" src=\"http:\/\/www.cde.ual.es\/wp-content\/uploads\/2018\/02\/periodismo-natali-300x300.jpg\" alt=\"\" width=\"300\" height=\"300\" srcset=\"https:\/\/www.cde.ual.es\/wp-content\/uploads\/2018\/02\/periodismo-natali-300x300.jpg 300w, https:\/\/www.cde.ual.es\/wp-content\/uploads\/2018\/02\/periodismo-natali-150x150.jpg 150w, https:\/\/www.cde.ual.es\/wp-content\/uploads\/2018\/02\/periodismo-natali-1024x1024.jpg 1024w\" sizes=\"(max-width: 300px) 100vw, 300px\" \/><\/a><\/div>\n<div class=\"ep-p_text ep-layout_linkedin\"><em><strong>Journalists can now apply for special accreditation to be able to follow the European elections from the European Parliament.<\/strong><\/em><\/div>\n<\/div>\n<\/div>\n<\/div>\n<\/div>\n<\/div>\n<div class=\"ep_gridcolumn\" data-view1200=\"6\" data-view1020=\"6\" data-view750=\"10\" data-view640=\"6\" data-view480=\"8\" data-view320=\"4\">\n<div class=\"ep_gridrow\">\n<div class=\"ep_gridrow-content\">\n<div class=\"ep_gridcolumn ep-m_product\" data-view1200=\"6\" data-view1020=\"6\" data-view750=\"10\" data-view640=\"6\" data-view480=\"8\" data-view320=\"4\">\n<div class=\"ep_gridcolumn-content\">\n<div class=\"ep-a_text\">\n<p>Journalists who wish to attend election days at the European Parliament must submit an accreditation request online. Special accreditation will not only cover the election evening of 26 May but also the whole weekend of 23-27 May inclusive.<\/p>\n<p>All journalists must apply for accreditation online, including inter-institutional badge holders.<\/p>\n<p>To get accreditation in advance, you must submit a request online from now and until 13 May, with the following documents:<\/p>\n<ul>\n<li>an ID sized photo, i.e. portrait, lightweight format electronic format;<\/li>\n<\/ul>\n<ul>\n<li>official ID number and expiration date (ID card, passport or driving license);<\/li>\n<li>a copy of your press card or a letter from your Editor-in-Chief describing your tasks as a journalist in the European Parliament.<\/li>\n<\/ul>\n<p>To avoid the queues on Sunday 26 May, ID badges can be collected from 20 May at the Parliament\u2019s press accreditation office in Brussels, Paul-Henri Spaak building, Rue Wiertz.<\/p>\n<p>Press accreditation office opening hours:<\/p>\n<p>Monday 20 May to Friday 24 May 08:00 &#8211; 18:00<\/p>\n<p>Saturday 25 May 10:00 &#8211; 18:00<\/p>\n<p>Sunday 26 May 10:00 &#8211; 23:00<\/p>\n<p><strong>Information on online accreditation<\/strong><\/p>\n<p>Accreditation requests for the elections should be submitted through our\u00a0<a href=\"https:\/\/jouregfo.secure.europarl.europa.eu\/\" target=\"_blank\" rel=\"noopener\">online registration website<\/a>. It is available in three languages: English, French, and German.<\/p>\n<p>This new tool, which will continue being used after the elections, will make the procedure faster, easier and protect personal data more robustly. Once a journalist is registered in the system, they will no longer need to re-enter their details when they apply for accreditation in the future. They will be able to update their data and upload required documents for accreditation themselves, as well as close the account if they so wish.<\/p>\n<p>For now, only requests for short-term accreditation can be introduced online.<\/p>\n<p>The European Parliament grants media accreditation to journalists, film crews and photographers who fulfil the conditions as set out in the\u00a0<a href=\"http:\/\/www.europarl.europa.eu\/external\/appendix\/accreditation\/rulesEN.pdf\" target=\"_blank\" rel=\"noopener\">rules<\/a>.<\/p>\n<h3>Furthe information<\/h3>\n<p>&nbsp;<\/p>\n<ul>\n<li>\n<div class=\"ep-p_text ep-layout_page\"><a title=\"Open in a new page\" href=\"https:\/\/jouregfo.secure.europarl.europa.eu\/journalist-registration\/login?lang=en\" target=\"_blank\" rel=\"noopener\"><span class=\"ep_name\">Electronic form to apply for press accreditation for the European Parliament<\/span><span class=\"ep_icon\">\u00a0<\/span><\/a><\/div>\n<\/li>\n<li>\n<div class=\"ep-p_text ep-layout_pdf\"><a title=\"Read the PDF document\" href=\"http:\/\/www.europarl.europa.eu\/external\/appendix\/accreditation\/rulesEN.pdf\" target=\"_blank\" rel=\"noopener\"><span class=\"ep_name\">Rules for media accreditation to the European Parliament<\/span><span class=\"ep_icon\">\u00a0<\/span><\/a><\/div>\n<\/li>\n<li>\n<div class=\"ep-p_text ep-layout_page\"><a title=\"Open in a new page\" href=\"http:\/\/www.europarl.europa.eu\/news\/en\/press-room\/accreditation\"><span class=\"ep_name\">Media accreditation for the European Parliament: information and contacts<\/span><span class=\"ep_icon\">\u00a0<\/span><\/a><\/div>\n<\/li>\n<li>\n<div class=\"ep-p_text ep-layout_page\"><a title=\"Open in a new page\" href=\"https:\/\/www.european-elections.eu\/\" target=\"_blank\" rel=\"noopener\"><span class=\"ep_name\">European Elections 2019 &#8211; official website<\/span><span class=\"ep_icon\">\u00a0<\/span><\/a><\/div>\n<\/li>\n<li>\n<div class=\"ep-p_text ep-layout_page\"><a title=\"Open in a new page\" href=\"http:\/\/www.europarl.europa.eu\/news\/en\/press-room\/elections-press-kit\"><span class=\"ep_name\">European elections 2019 : elections press kit<\/span><span class=\"ep_icon\">\u00a0<\/span><\/a><\/div>\n<\/li>\n<\/ul>\n<p>&nbsp;<\/p>\n<\/div>\n<\/div>\n<\/div>\n<\/div>\n<\/div>\n<\/div>\n<\/div>\n<\/div>\n","protected":false},"excerpt":{"rendered":"<p>Journalists can now apply for special accreditation to be able to follow the European elections from the European Parliament. Journalists who wish to attend election days at the European Parliament must submit an accreditation request online. Special accreditation will not only cover the election evening of 26 May but also the whole weekend of 23-27 [&hellip;]<\/p>\n","protected":false},"author":1,"featured_media":16912,"comment_status":"open","ping_status":"open","sticky":false,"template":"","format":"standard","meta":{"_acf_changed":false,"_relevanssi_hide_post":"","_relevanssi_hide_content":"","_relevanssi_pin_for_all":"","_relevanssi_pin_keywords":"","_relevanssi_unpin_keywords":"","_relevanssi_related_keywords":"","_relevanssi_related_include_ids":"","_relevanssi_related_exclude_ids":"","_relevanssi_related_no_append":"","_relevanssi_related_not_related":"","_relevanssi_related_posts":"","_relevanssi_noindex_reason":"","_monsterinsights_skip_tracking":false,"_monsterinsights_sitenote_active":false,"_monsterinsights_sitenote_note":"","_monsterinsights_sitenote_category":0,"_genesis_hide_title":false,"_genesis_hide_breadcrumbs":false,"_genesis_hide_singular_image":false,"_genesis_hide_footer_widgets":false,"_genesis_custom_body_class":"","_genesis_custom_post_class":"","_genesis_layout":"","footnotes":""},"categories":[346],"tags":[446],"class_list":{"0":"post-16911","1":"post","2":"type-post","3":"status-publish","4":"format-standard","5":"has-post-thumbnail","7":"category-eu-news","8":"tag-european-elections","9":"entry"},"acf":[],"yoast_head":"<!-- This site is optimized with the Yoast SEO plugin v27.5 - https:\/\/yoast.com\/product\/yoast-seo-wordpress\/ -->\n<title>Press accreditation for the 2019 European elections now open | CDE Almer\u00eda - Centro de Documentaci\u00f3n Europea - Universidad de Almer\u00eda<\/title>\n<meta name=\"robots\" content=\"index, follow, max-snippet:-1, max-image-preview:large, max-video-preview:-1\" \/>\n<link rel=\"canonical\" href=\"https:\/\/www.cde.ual.es\/en\/press-accreditation-for-the-2019-european-elections-now-open\/\" \/>\n<meta property=\"og:locale\" content=\"en_US\" \/>\n<meta property=\"og:type\" content=\"article\" \/>\n<meta property=\"og:title\" content=\"Press accreditation for the 2019 European elections now open | CDE Almer\u00eda - Centro de Documentaci\u00f3n Europea - Universidad de Almer\u00eda\" \/>\n<meta property=\"og:description\" content=\"Journalists can now apply for special accreditation to be able to follow the European elections from the European Parliament. Journalists who wish to attend election days at the European Parliament must submit an accreditation request online. Special accreditation will not only cover the election evening of 26 May but also the whole weekend of 23-27 [&hellip;]\" \/>\n<meta property=\"og:url\" content=\"https:\/\/www.cde.ual.es\/en\/press-accreditation-for-the-2019-european-elections-now-open\/\" \/>\n<meta property=\"og:site_name\" content=\"CDE Almer\u00eda - Centro de Documentaci\u00f3n Europea - Universidad de Almer\u00eda\" \/>\n<meta property=\"article:publisher\" content=\"https:\/\/www.facebook.com\/cdeuniversidadalmeria\/\" \/>\n<meta property=\"article:published_time\" content=\"2019-05-06T06:00:50+00:00\" \/>\n<meta property=\"og:image\" content=\"https:\/\/www.cde.ual.es\/wp-content\/uploads\/2018\/02\/periodismo-natali.jpg\" \/>\n\t<meta property=\"og:image:width\" content=\"510\" \/>\n\t<meta property=\"og:image:height\" content=\"340\" \/>\n\t<meta property=\"og:image:type\" content=\"image\/jpeg\" \/>\n<meta name=\"author\" content=\"AdminCDE\" \/>\n<meta name=\"twitter:card\" content=\"summary_large_image\" \/>\n<meta name=\"twitter:creator\" content=\"@cdeualmeria\" \/>\n<meta name=\"twitter:site\" content=\"@cdeualmeria\" \/>\n<meta name=\"twitter:label1\" content=\"Written by\" \/>\n\t<meta name=\"twitter:data1\" content=\"AdminCDE\" \/>\n\t<meta name=\"twitter:label2\" content=\"Est. reading time\" \/>\n\t<meta name=\"twitter:data2\" content=\"2 minutes\" \/>\n<script type=\"application\/ld+json\" class=\"yoast-schema-graph\">{\"@context\":\"https:\\\/\\\/schema.org\",\"@graph\":[{\"@type\":\"Article\",\"@id\":\"https:\\\/\\\/www.cde.ual.es\\\/en\\\/press-accreditation-for-the-2019-european-elections-now-open\\\/#article\",\"isPartOf\":{\"@id\":\"https:\\\/\\\/www.cde.ual.es\\\/en\\\/press-accreditation-for-the-2019-european-elections-now-open\\\/\"},\"author\":{\"name\":\"AdminCDE\",\"@id\":\"https:\\\/\\\/www.cde.ual.es\\\/#\\\/schema\\\/person\\\/224ef08c8bcc005f319d2713ce37ee5f\"},\"headline\":\"Press accreditation for the 2019 European elections now open\",\"datePublished\":\"2019-05-06T06:00:50+00:00\",\"mainEntityOfPage\":{\"@id\":\"https:\\\/\\\/www.cde.ual.es\\\/en\\\/press-accreditation-for-the-2019-european-elections-now-open\\\/\"},\"wordCount\":360,\"commentCount\":0,\"publisher\":{\"@id\":\"https:\\\/\\\/www.cde.ual.es\\\/#organization\"},\"image\":{\"@id\":\"https:\\\/\\\/www.cde.ual.es\\\/en\\\/press-accreditation-for-the-2019-european-elections-now-open\\\/#primaryimage\"},\"thumbnailUrl\":\"https:\\\/\\\/www.cde.ual.es\\\/wp-content\\\/uploads\\\/2018\\\/02\\\/periodismo-natali.jpg\",\"keywords\":[\"European elections\"],\"articleSection\":[\"EU News\"],\"inLanguage\":\"en-US\",\"potentialAction\":[{\"@type\":\"CommentAction\",\"name\":\"Comment\",\"target\":[\"https:\\\/\\\/www.cde.ual.es\\\/en\\\/press-accreditation-for-the-2019-european-elections-now-open\\\/#respond\"]}]},{\"@type\":\"WebPage\",\"@id\":\"https:\\\/\\\/www.cde.ual.es\\\/en\\\/press-accreditation-for-the-2019-european-elections-now-open\\\/\",\"url\":\"https:\\\/\\\/www.cde.ual.es\\\/en\\\/press-accreditation-for-the-2019-european-elections-now-open\\\/\",\"name\":\"Press accreditation for the 2019 European elections now open | CDE Almer\u00eda - Centro de Documentaci\u00f3n Europea - Universidad de Almer\u00eda\",\"isPartOf\":{\"@id\":\"https:\\\/\\\/www.cde.ual.es\\\/#website\"},\"primaryImageOfPage\":{\"@id\":\"https:\\\/\\\/www.cde.ual.es\\\/en\\\/press-accreditation-for-the-2019-european-elections-now-open\\\/#primaryimage\"},\"image\":{\"@id\":\"https:\\\/\\\/www.cde.ual.es\\\/en\\\/press-accreditation-for-the-2019-european-elections-now-open\\\/#primaryimage\"},\"thumbnailUrl\":\"https:\\\/\\\/www.cde.ual.es\\\/wp-content\\\/uploads\\\/2018\\\/02\\\/periodismo-natali.jpg\",\"datePublished\":\"2019-05-06T06:00:50+00:00\",\"breadcrumb\":{\"@id\":\"https:\\\/\\\/www.cde.ual.es\\\/en\\\/press-accreditation-for-the-2019-european-elections-now-open\\\/#breadcrumb\"},\"inLanguage\":\"en-US\",\"potentialAction\":[{\"@type\":\"ReadAction\",\"target\":[\"https:\\\/\\\/www.cde.ual.es\\\/en\\\/press-accreditation-for-the-2019-european-elections-now-open\\\/\"]}]},{\"@type\":\"ImageObject\",\"inLanguage\":\"en-US\",\"@id\":\"https:\\\/\\\/www.cde.ual.es\\\/en\\\/press-accreditation-for-the-2019-european-elections-now-open\\\/#primaryimage\",\"url\":\"https:\\\/\\\/www.cde.ual.es\\\/wp-content\\\/uploads\\\/2018\\\/02\\\/periodismo-natali.jpg\",\"contentUrl\":\"https:\\\/\\\/www.cde.ual.es\\\/wp-content\\\/uploads\\\/2018\\\/02\\\/periodismo-natali.jpg\",\"width\":510,\"height\":340},{\"@type\":\"BreadcrumbList\",\"@id\":\"https:\\\/\\\/www.cde.ual.es\\\/en\\\/press-accreditation-for-the-2019-european-elections-now-open\\\/#breadcrumb\",\"itemListElement\":[{\"@type\":\"ListItem\",\"position\":1,\"name\":\"Inicio\",\"item\":\"https:\\\/\\\/www.cde.ual.es\\\/en\\\/\"},{\"@type\":\"ListItem\",\"position\":2,\"name\":\"EU News\",\"item\":\"https:\\\/\\\/www.cde.ual.es\\\/en\\\/category\\\/eu-news\\\/\"},{\"@type\":\"ListItem\",\"position\":3,\"name\":\"Press accreditation for the 2019 European elections now open\"}]},{\"@type\":\"WebSite\",\"@id\":\"https:\\\/\\\/www.cde.ual.es\\\/#website\",\"url\":\"https:\\\/\\\/www.cde.ual.es\\\/\",\"name\":\"CDE Almer\u00eda - Centro de Documentaci\u00f3n Europea - Universidad de Almer\u00eda\",\"description\":\"Centro de Documentaci\u00f3n Europea de la Universidad de Almer\u00eda\",\"publisher\":{\"@id\":\"https:\\\/\\\/www.cde.ual.es\\\/#organization\"},\"alternateName\":\"CDE Almer\u00eda\",\"potentialAction\":[{\"@type\":\"SearchAction\",\"target\":{\"@type\":\"EntryPoint\",\"urlTemplate\":\"https:\\\/\\\/www.cde.ual.es\\\/?s={search_term_string}\"},\"query-input\":{\"@type\":\"PropertyValueSpecification\",\"valueRequired\":true,\"valueName\":\"search_term_string\"}}],\"inLanguage\":\"en-US\"},{\"@type\":\"Organization\",\"@id\":\"https:\\\/\\\/www.cde.ual.es\\\/#organization\",\"name\":\"Centro de Documentaci\u00f3n Europea de Almer\u00eda\",\"url\":\"https:\\\/\\\/www.cde.ual.es\\\/\",\"logo\":{\"@type\":\"ImageObject\",\"inLanguage\":\"en-US\",\"@id\":\"https:\\\/\\\/www.cde.ual.es\\\/#\\\/schema\\\/logo\\\/image\\\/\",\"url\":\"https:\\\/\\\/www.cde.ual.es\\\/wp-content\\\/uploads\\\/2025\\\/07\\\/cde-logo-3.png\",\"contentUrl\":\"https:\\\/\\\/www.cde.ual.es\\\/wp-content\\\/uploads\\\/2025\\\/07\\\/cde-logo-3.png\",\"width\":1400,\"height\":300,\"caption\":\"Centro de Documentaci\u00f3n Europea de Almer\u00eda\"},\"image\":{\"@id\":\"https:\\\/\\\/www.cde.ual.es\\\/#\\\/schema\\\/logo\\\/image\\\/\"},\"sameAs\":[\"https:\\\/\\\/www.facebook.com\\\/cdeuniversidadalmeria\\\/\",\"https:\\\/\\\/x.com\\\/cdeualmeria\",\"https:\\\/\\\/www.tiktok.com\\\/@cdealmeria\",\"https:\\\/\\\/www.instagram.com\\\/cdealmeria\\\/\",\"https:\\\/\\\/www.linkedin.com\\\/in\\\/cde-almera-812b26a9\\\/\"]},{\"@type\":\"Person\",\"@id\":\"https:\\\/\\\/www.cde.ual.es\\\/#\\\/schema\\\/person\\\/224ef08c8bcc005f319d2713ce37ee5f\",\"name\":\"AdminCDE\",\"image\":{\"@type\":\"ImageObject\",\"inLanguage\":\"en-US\",\"@id\":\"https:\\\/\\\/secure.gravatar.com\\\/avatar\\\/a72d038d371f995cd13706fac32274b7952a52e8fb0a84b5f80c85426f2a98a8?s=96&d=mm&r=g\",\"url\":\"https:\\\/\\\/secure.gravatar.com\\\/avatar\\\/a72d038d371f995cd13706fac32274b7952a52e8fb0a84b5f80c85426f2a98a8?s=96&d=mm&r=g\",\"contentUrl\":\"https:\\\/\\\/secure.gravatar.com\\\/avatar\\\/a72d038d371f995cd13706fac32274b7952a52e8fb0a84b5f80c85426f2a98a8?s=96&d=mm&r=g\",\"caption\":\"AdminCDE\"}}]}<\/script>\n<!-- \/ Yoast SEO plugin. -->","yoast_head_json":{"title":"Press accreditation for the 2019 European elections now open | CDE Almer\u00eda - Centro de Documentaci\u00f3n Europea - Universidad de Almer\u00eda","robots":{"index":"index","follow":"follow","max-snippet":"max-snippet:-1","max-image-preview":"max-image-preview:large","max-video-preview":"max-video-preview:-1"},"canonical":"https:\/\/www.cde.ual.es\/en\/press-accreditation-for-the-2019-european-elections-now-open\/","og_locale":"en_US","og_type":"article","og_title":"Press accreditation for the 2019 European elections now open | CDE Almer\u00eda - Centro de Documentaci\u00f3n Europea - Universidad de Almer\u00eda","og_description":"Journalists can now apply for special accreditation to be able to follow the European elections from the European Parliament. Journalists who wish to attend election days at the European Parliament must submit an accreditation request online. Special accreditation will not only cover the election evening of 26 May but also the whole weekend of 23-27 [&hellip;]","og_url":"https:\/\/www.cde.ual.es\/en\/press-accreditation-for-the-2019-european-elections-now-open\/","og_site_name":"CDE Almer\u00eda - Centro de Documentaci\u00f3n Europea - Universidad de Almer\u00eda","article_publisher":"https:\/\/www.facebook.com\/cdeuniversidadalmeria\/","article_published_time":"2019-05-06T06:00:50+00:00","og_image":[{"width":510,"height":340,"url":"https:\/\/www.cde.ual.es\/wp-content\/uploads\/2018\/02\/periodismo-natali.jpg","type":"image\/jpeg"}],"author":"AdminCDE","twitter_card":"summary_large_image","twitter_creator":"@cdeualmeria","twitter_site":"@cdeualmeria","twitter_misc":{"Written by":"AdminCDE","Est. reading time":"2 minutes"},"schema":{"@context":"https:\/\/schema.org","@graph":[{"@type":"Article","@id":"https:\/\/www.cde.ual.es\/en\/press-accreditation-for-the-2019-european-elections-now-open\/#article","isPartOf":{"@id":"https:\/\/www.cde.ual.es\/en\/press-accreditation-for-the-2019-european-elections-now-open\/"},"author":{"name":"AdminCDE","@id":"https:\/\/www.cde.ual.es\/#\/schema\/person\/224ef08c8bcc005f319d2713ce37ee5f"},"headline":"Press accreditation for the 2019 European elections now open","datePublished":"2019-05-06T06:00:50+00:00","mainEntityOfPage":{"@id":"https:\/\/www.cde.ual.es\/en\/press-accreditation-for-the-2019-european-elections-now-open\/"},"wordCount":360,"commentCount":0,"publisher":{"@id":"https:\/\/www.cde.ual.es\/#organization"},"image":{"@id":"https:\/\/www.cde.ual.es\/en\/press-accreditation-for-the-2019-european-elections-now-open\/#primaryimage"},"thumbnailUrl":"https:\/\/www.cde.ual.es\/wp-content\/uploads\/2018\/02\/periodismo-natali.jpg","keywords":["European elections"],"articleSection":["EU News"],"inLanguage":"en-US","potentialAction":[{"@type":"CommentAction","name":"Comment","target":["https:\/\/www.cde.ual.es\/en\/press-accreditation-for-the-2019-european-elections-now-open\/#respond"]}]},{"@type":"WebPage","@id":"https:\/\/www.cde.ual.es\/en\/press-accreditation-for-the-2019-european-elections-now-open\/","url":"https:\/\/www.cde.ual.es\/en\/press-accreditation-for-the-2019-european-elections-now-open\/","name":"Press accreditation for the 2019 European elections now open | CDE Almer\u00eda - Centro de Documentaci\u00f3n Europea - Universidad de Almer\u00eda","isPartOf":{"@id":"https:\/\/www.cde.ual.es\/#website"},"primaryImageOfPage":{"@id":"https:\/\/www.cde.ual.es\/en\/press-accreditation-for-the-2019-european-elections-now-open\/#primaryimage"},"image":{"@id":"https:\/\/www.cde.ual.es\/en\/press-accreditation-for-the-2019-european-elections-now-open\/#primaryimage"},"thumbnailUrl":"https:\/\/www.cde.ual.es\/wp-content\/uploads\/2018\/02\/periodismo-natali.jpg","datePublished":"2019-05-06T06:00:50+00:00","breadcrumb":{"@id":"https:\/\/www.cde.ual.es\/en\/press-accreditation-for-the-2019-european-elections-now-open\/#breadcrumb"},"inLanguage":"en-US","potentialAction":[{"@type":"ReadAction","target":["https:\/\/www.cde.ual.es\/en\/press-accreditation-for-the-2019-european-elections-now-open\/"]}]},{"@type":"ImageObject","inLanguage":"en-US","@id":"https:\/\/www.cde.ual.es\/en\/press-accreditation-for-the-2019-european-elections-now-open\/#primaryimage","url":"https:\/\/www.cde.ual.es\/wp-content\/uploads\/2018\/02\/periodismo-natali.jpg","contentUrl":"https:\/\/www.cde.ual.es\/wp-content\/uploads\/2018\/02\/periodismo-natali.jpg","width":510,"height":340},{"@type":"BreadcrumbList","@id":"https:\/\/www.cde.ual.es\/en\/press-accreditation-for-the-2019-european-elections-now-open\/#breadcrumb","itemListElement":[{"@type":"ListItem","position":1,"name":"Inicio","item":"https:\/\/www.cde.ual.es\/en\/"},{"@type":"ListItem","position":2,"name":"EU News","item":"https:\/\/www.cde.ual.es\/en\/category\/eu-news\/"},{"@type":"ListItem","position":3,"name":"Press accreditation for the 2019 European elections now open"}]},{"@type":"WebSite","@id":"https:\/\/www.cde.ual.es\/#website","url":"https:\/\/www.cde.ual.es\/","name":"CDE Almer\u00eda - Centro de Documentaci\u00f3n Europea - Universidad de Almer\u00eda","description":"Centro de Documentaci\u00f3n Europea de la Universidad de Almer\u00eda","publisher":{"@id":"https:\/\/www.cde.ual.es\/#organization"},"alternateName":"CDE Almer\u00eda","potentialAction":[{"@type":"SearchAction","target":{"@type":"EntryPoint","urlTemplate":"https:\/\/www.cde.ual.es\/?s={search_term_string}"},"query-input":{"@type":"PropertyValueSpecification","valueRequired":true,"valueName":"search_term_string"}}],"inLanguage":"en-US"},{"@type":"Organization","@id":"https:\/\/www.cde.ual.es\/#organization","name":"Centro de Documentaci\u00f3n Europea de Almer\u00eda","url":"https:\/\/www.cde.ual.es\/","logo":{"@type":"ImageObject","inLanguage":"en-US","@id":"https:\/\/www.cde.ual.es\/#\/schema\/logo\/image\/","url":"https:\/\/www.cde.ual.es\/wp-content\/uploads\/2025\/07\/cde-logo-3.png","contentUrl":"https:\/\/www.cde.ual.es\/wp-content\/uploads\/2025\/07\/cde-logo-3.png","width":1400,"height":300,"caption":"Centro de Documentaci\u00f3n Europea de Almer\u00eda"},"image":{"@id":"https:\/\/www.cde.ual.es\/#\/schema\/logo\/image\/"},"sameAs":["https:\/\/www.facebook.com\/cdeuniversidadalmeria\/","https:\/\/x.com\/cdeualmeria","https:\/\/www.tiktok.com\/@cdealmeria","https:\/\/www.instagram.com\/cdealmeria\/","https:\/\/www.linkedin.com\/in\/cde-almera-812b26a9\/"]},{"@type":"Person","@id":"https:\/\/www.cde.ual.es\/#\/schema\/person\/224ef08c8bcc005f319d2713ce37ee5f","name":"AdminCDE","image":{"@type":"ImageObject","inLanguage":"en-US","@id":"https:\/\/secure.gravatar.com\/avatar\/a72d038d371f995cd13706fac32274b7952a52e8fb0a84b5f80c85426f2a98a8?s=96&d=mm&r=g","url":"https:\/\/secure.gravatar.com\/avatar\/a72d038d371f995cd13706fac32274b7952a52e8fb0a84b5f80c85426f2a98a8?s=96&d=mm&r=g","contentUrl":"https:\/\/secure.gravatar.com\/avatar\/a72d038d371f995cd13706fac32274b7952a52e8fb0a84b5f80c85426f2a98a8?s=96&d=mm&r=g","caption":"AdminCDE"}}]}},"_links":{"self":[{"href":"https:\/\/www.cde.ual.es\/en\/wp-json\/wp\/v2\/posts\/16911","targetHints":{"allow":["GET"]}}],"collection":[{"href":"https:\/\/www.cde.ual.es\/en\/wp-json\/wp\/v2\/posts"}],"about":[{"href":"https:\/\/www.cde.ual.es\/en\/wp-json\/wp\/v2\/types\/post"}],"author":[{"embeddable":true,"href":"https:\/\/www.cde.ual.es\/en\/wp-json\/wp\/v2\/users\/1"}],"replies":[{"embeddable":true,"href":"https:\/\/www.cde.ual.es\/en\/wp-json\/wp\/v2\/comments?post=16911"}],"version-history":[{"count":0,"href":"https:\/\/www.cde.ual.es\/en\/wp-json\/wp\/v2\/posts\/16911\/revisions"}],"wp:featuredmedia":[{"embeddable":true,"href":"https:\/\/www.cde.ual.es\/en\/wp-json\/wp\/v2\/media\/16912"}],"wp:attachment":[{"href":"https:\/\/www.cde.ual.es\/en\/wp-json\/wp\/v2\/media?parent=16911"}],"wp:term":[{"taxonomy":"category","embeddable":true,"href":"https:\/\/www.cde.ual.es\/en\/wp-json\/wp\/v2\/categories?post=16911"},{"taxonomy":"post_tag","embeddable":true,"href":"https:\/\/www.cde.ual.es\/en\/wp-json\/wp\/v2\/tags?post=16911"}],"curies":[{"name":"wp","href":"https:\/\/api.w.org\/{rel}","templated":true}]}}