{"id":167850,"date":"2026-04-04T03:00:31","date_gmt":"2026-04-04T01:00:31","guid":{"rendered":"https:\/\/www.cde.ual.es\/?p=167850"},"modified":"2026-04-30T10:02:31","modified_gmt":"2026-04-30T08:02:31","slug":"la-comision-europea-se-asocia-con-la-agencia-europea-de-defensa-en-bravetech-eu","status":"publish","type":"post","link":"https:\/\/www.cde.ual.es\/en\/la-comision-europea-se-asocia-con-la-agencia-europea-de-defensa-en-bravetech-eu\/","title":{"rendered":"The European Commission is partnering with the European Defence Agency on BraveTech EU"},"content":{"rendered":"<p style=\"text-align: justify;\"><span dir=\"auto\">The European Commission and the European Defence Agency (EDA) have signed a Contribution Agreement to launch the second phase of the<\/span><span dir=\"auto\">BraveTech EU initiative. <\/span><span dir=\"auto\">This marks a significant step forward in EU-supported defence innovation. Under this agreement, the EDA will receive \u20ac35 million to implement the next phase of the programme.<\/span><\/p>\n<p><img decoding=\"async\" class=\"aligncenter\" src=\"https:\/\/www.cde.ual.es\/wp-content\/uploads\/2018\/07\/Defesa-UE.jpg\" width=\"652\" height=\"367\" \/><\/p>\n<p style=\"text-align: justify;\"><span dir=\"auto\">BraveTech EU, announced on 11 July 2025 by Commissioner Andrius Kubilius and Ukrainian Minister Mykhailo Fedorov, is an innovation programme developed in close collaboration with the Ukrainian defence innovation cluster Brave1. The initiative is designed to accelerate the development of solutions that directly address urgent operational needs, particularly those arising on the Ukrainian battlefield.<\/span><\/p>\n<p style=\"text-align: justify;\"><span dir=\"auto\">Structured in two phases, BraveTech EU combines the rapid identification of promising technologies with real-world validation.\u00a0<\/span><\/p>\n<p style=\"text-align: justify;\"><span dir=\"auto\">The first phase, known as \u2018DefTech Forges\u2019, was awarded to a consortium comprising Civitta, Starburst Accelerator and Darkstar. This phase focuses on screening and selecting the most promising solutions from innovators across Europe. The second phase, now led by the EDA, will involve testing and evaluating these solutions in environments that resemble real operational conditions and scenarios derived from the war in Ukraine.<\/span><\/p>\n<p style=\"text-align: justify;\"><span dir=\"auto\">Implementation of the initiative is already underway. The first DefTech Forges events are scheduled for June in Estonia and France, whilst initial testing and evaluation activities are planned for later this year. Together, these efforts aim to strengthen the European defence innovation ecosystem, whilst providing tangible support for Ukraine\u2019s immediate operational needs.<\/span><\/p>\n<p><strong>More information: <a href=\"https:\/\/defence-industry-space.ec.europa.eu\/european-commission-partners-european-defence-agency-bravetech-eu-2026-04-29_en\">European Commission.\u00a0<\/a><\/strong><\/p>\n","protected":false},"excerpt":{"rendered":"<p>The European Commission and the European Defence Agency (EDA) have signed a Contribution Agreement to launch the second phase of theBraveTech EU initiative. This marks a significant step forward in EU-supported defence innovation. Under this agreement, the EDA will receive \u20ac35 million to implement the next phase of the programme. BraveTech EU, announced on 11 [&hellip;]<\/p>\n","protected":false},"author":1,"featured_media":31584,"comment_status":"open","ping_status":"open","sticky":false,"template":"","format":"standard","meta":{"_acf_changed":false,"_relevanssi_hide_post":"","_relevanssi_hide_content":"","_relevanssi_pin_for_all":"","_relevanssi_pin_keywords":"","_relevanssi_unpin_keywords":"","_relevanssi_related_keywords":"","_relevanssi_related_include_ids":"","_relevanssi_related_exclude_ids":"","_relevanssi_related_no_append":"","_relevanssi_related_not_related":"","_relevanssi_related_posts":"","_relevanssi_noindex_reason":"","_monsterinsights_skip_tracking":false,"_monsterinsights_sitenote_active":false,"_monsterinsights_sitenote_note":"","_monsterinsights_sitenote_category":0,"_genesis_hide_title":false,"_genesis_hide_breadcrumbs":false,"_genesis_hide_singular_image":false,"_genesis_hide_footer_widgets":false,"_genesis_custom_body_class":"","_genesis_custom_post_class":"","_genesis_layout":"","footnotes":""},"categories":[4075,346,4078],"tags":[623,16082,1217,1488,18258,404,2788,1836,2573,1546,5005,3368],"class_list":{"0":"post-167850","1":"post","2":"type-post","3":"status-publish","4":"format-standard","5":"has-post-thumbnail","7":"category-defence-security","8":"category-eu-news","9":"category-internat-safety-pol","10":"tag-cooperation","11":"tag-defence-and-security","12":"tag-europe","13":"tag-european-commission","14":"tag-identification","15":"tag-innovation","16":"tag-news","17":"tag-plan-en","18":"tag-programme","19":"tag-technologies","20":"tag-ukraine","21":"tag-war","22":"entry"},"acf":[],"yoast_head":"<!-- This site is optimized with the Yoast SEO plugin v27.5 - https:\/\/yoast.com\/product\/yoast-seo-wordpress\/ -->\n<title>The European Commission is partnering with the European Defence Agency on BraveTech EU | CDE Almer\u00eda - Centro de Documentaci\u00f3n Europea - Universidad de Almer\u00eda<\/title>\n<meta name=\"robots\" content=\"index, follow, max-snippet:-1, max-image-preview:large, max-video-preview:-1\" \/>\n<link rel=\"canonical\" href=\"https:\/\/www.cde.ual.es\/en\/la-comision-europea-se-asocia-con-la-agencia-europea-de-defensa-en-bravetech-eu\/\" \/>\n<meta property=\"og:locale\" content=\"en_US\" \/>\n<meta property=\"og:type\" content=\"article\" \/>\n<meta property=\"og:title\" content=\"The European Commission is partnering with the European Defence Agency on BraveTech EU | CDE Almer\u00eda - Centro de Documentaci\u00f3n Europea - Universidad de Almer\u00eda\" \/>\n<meta property=\"og:description\" content=\"The European Commission and the European Defence Agency (EDA) have signed a Contribution Agreement to launch the second phase of theBraveTech EU initiative. This marks a significant step forward in EU-supported defence innovation. Under this agreement, the EDA will receive \u20ac35 million to implement the next phase of the programme. BraveTech EU, announced on 11 [&hellip;]\" \/>\n<meta property=\"og:url\" content=\"https:\/\/www.cde.ual.es\/en\/la-comision-europea-se-asocia-con-la-agencia-europea-de-defensa-en-bravetech-eu\/\" \/>\n<meta property=\"og:site_name\" content=\"CDE Almer\u00eda - Centro de Documentaci\u00f3n Europea - Universidad de Almer\u00eda\" \/>\n<meta property=\"article:publisher\" content=\"https:\/\/www.facebook.com\/cdeuniversidadalmeria\/\" \/>\n<meta property=\"article:published_time\" content=\"2026-04-04T01:00:31+00:00\" \/>\n<meta property=\"article:modified_time\" content=\"2026-04-30T08:02:31+00:00\" \/>\n<meta property=\"og:image\" content=\"https:\/\/www.cde.ual.es\/wp-content\/uploads\/2018\/07\/Defesa-UE-e1758698986467.jpg\" \/>\n\t<meta property=\"og:image:width\" content=\"711\" \/>\n\t<meta property=\"og:image:height\" content=\"450\" \/>\n\t<meta property=\"og:image:type\" content=\"image\/jpeg\" \/>\n<meta name=\"author\" content=\"AdminCDE\" \/>\n<meta name=\"twitter:card\" content=\"summary_large_image\" \/>\n<meta name=\"twitter:creator\" content=\"@cdeualmeria\" \/>\n<meta name=\"twitter:site\" content=\"@cdeualmeria\" \/>\n<meta name=\"twitter:label1\" content=\"Written by\" \/>\n\t<meta name=\"twitter:data1\" content=\"AdminCDE\" \/>\n\t<meta name=\"twitter:label2\" content=\"Est. reading time\" \/>\n\t<meta name=\"twitter:data2\" content=\"2 minutes\" \/>\n<script type=\"application\/ld+json\" class=\"yoast-schema-graph\">{\"@context\":\"https:\\\/\\\/schema.org\",\"@graph\":[{\"@type\":\"Article\",\"@id\":\"https:\\\/\\\/www.cde.ual.es\\\/en\\\/la-comision-europea-se-asocia-con-la-agencia-europea-de-defensa-en-bravetech-eu\\\/#article\",\"isPartOf\":{\"@id\":\"https:\\\/\\\/www.cde.ual.es\\\/en\\\/la-comision-europea-se-asocia-con-la-agencia-europea-de-defensa-en-bravetech-eu\\\/\"},\"author\":{\"name\":\"AdminCDE\",\"@id\":\"https:\\\/\\\/www.cde.ual.es\\\/#\\\/schema\\\/person\\\/224ef08c8bcc005f319d2713ce37ee5f\"},\"headline\":\"The European Commission is partnering with the European Defence Agency on BraveTech EU\",\"datePublished\":\"2026-04-04T01:00:31+00:00\",\"dateModified\":\"2026-04-30T08:02:31+00:00\",\"mainEntityOfPage\":{\"@id\":\"https:\\\/\\\/www.cde.ual.es\\\/en\\\/la-comision-europea-se-asocia-con-la-agencia-europea-de-defensa-en-bravetech-eu\\\/\"},\"wordCount\":251,\"commentCount\":0,\"publisher\":{\"@id\":\"https:\\\/\\\/www.cde.ual.es\\\/#organization\"},\"image\":{\"@id\":\"https:\\\/\\\/www.cde.ual.es\\\/en\\\/la-comision-europea-se-asocia-con-la-agencia-europea-de-defensa-en-bravetech-eu\\\/#primaryimage\"},\"thumbnailUrl\":\"https:\\\/\\\/www.cde.ual.es\\\/wp-content\\\/uploads\\\/2018\\\/07\\\/Defesa-UE-e1758698986467.jpg\",\"keywords\":[\"Cooperation\",\"Defence and security\",\"Europe\",\"European Commission\",\"identification\",\"innovation\",\"News\",\"plan\",\"programme\",\"technologies\",\"ukraine\",\"war\"],\"articleSection\":[\"Defence &amp; Security\",\"EU News\",\"International Safety and Defence Politics\"],\"inLanguage\":\"en-US\",\"potentialAction\":[{\"@type\":\"CommentAction\",\"name\":\"Comment\",\"target\":[\"https:\\\/\\\/www.cde.ual.es\\\/en\\\/la-comision-europea-se-asocia-con-la-agencia-europea-de-defensa-en-bravetech-eu\\\/#respond\"]}]},{\"@type\":\"WebPage\",\"@id\":\"https:\\\/\\\/www.cde.ual.es\\\/en\\\/la-comision-europea-se-asocia-con-la-agencia-europea-de-defensa-en-bravetech-eu\\\/\",\"url\":\"https:\\\/\\\/www.cde.ual.es\\\/en\\\/la-comision-europea-se-asocia-con-la-agencia-europea-de-defensa-en-bravetech-eu\\\/\",\"name\":\"The European Commission is partnering with the European Defence Agency on BraveTech EU | CDE Almer\u00eda - Centro de Documentaci\u00f3n Europea - Universidad de Almer\u00eda\",\"isPartOf\":{\"@id\":\"https:\\\/\\\/www.cde.ual.es\\\/#website\"},\"primaryImageOfPage\":{\"@id\":\"https:\\\/\\\/www.cde.ual.es\\\/en\\\/la-comision-europea-se-asocia-con-la-agencia-europea-de-defensa-en-bravetech-eu\\\/#primaryimage\"},\"image\":{\"@id\":\"https:\\\/\\\/www.cde.ual.es\\\/en\\\/la-comision-europea-se-asocia-con-la-agencia-europea-de-defensa-en-bravetech-eu\\\/#primaryimage\"},\"thumbnailUrl\":\"https:\\\/\\\/www.cde.ual.es\\\/wp-content\\\/uploads\\\/2018\\\/07\\\/Defesa-UE-e1758698986467.jpg\",\"datePublished\":\"2026-04-04T01:00:31+00:00\",\"dateModified\":\"2026-04-30T08:02:31+00:00\",\"breadcrumb\":{\"@id\":\"https:\\\/\\\/www.cde.ual.es\\\/en\\\/la-comision-europea-se-asocia-con-la-agencia-europea-de-defensa-en-bravetech-eu\\\/#breadcrumb\"},\"inLanguage\":\"en-US\",\"potentialAction\":[{\"@type\":\"ReadAction\",\"target\":[\"https:\\\/\\\/www.cde.ual.es\\\/en\\\/la-comision-europea-se-asocia-con-la-agencia-europea-de-defensa-en-bravetech-eu\\\/\"]}]},{\"@type\":\"ImageObject\",\"inLanguage\":\"en-US\",\"@id\":\"https:\\\/\\\/www.cde.ual.es\\\/en\\\/la-comision-europea-se-asocia-con-la-agencia-europea-de-defensa-en-bravetech-eu\\\/#primaryimage\",\"url\":\"https:\\\/\\\/www.cde.ual.es\\\/wp-content\\\/uploads\\\/2018\\\/07\\\/Defesa-UE-e1758698986467.jpg\",\"contentUrl\":\"https:\\\/\\\/www.cde.ual.es\\\/wp-content\\\/uploads\\\/2018\\\/07\\\/Defesa-UE-e1758698986467.jpg\",\"width\":711,\"height\":450},{\"@type\":\"BreadcrumbList\",\"@id\":\"https:\\\/\\\/www.cde.ual.es\\\/en\\\/la-comision-europea-se-asocia-con-la-agencia-europea-de-defensa-en-bravetech-eu\\\/#breadcrumb\",\"itemListElement\":[{\"@type\":\"ListItem\",\"position\":1,\"name\":\"Inicio\",\"item\":\"https:\\\/\\\/www.cde.ual.es\\\/en\\\/\"},{\"@type\":\"ListItem\",\"position\":2,\"name\":\"EU News\",\"item\":\"https:\\\/\\\/www.cde.ual.es\\\/en\\\/category\\\/eu-news\\\/\"},{\"@type\":\"ListItem\",\"position\":3,\"name\":\"Defence &amp; Security\",\"item\":\"https:\\\/\\\/www.cde.ual.es\\\/en\\\/category\\\/eu-news\\\/defence-security\\\/\"},{\"@type\":\"ListItem\",\"position\":4,\"name\":\"International Safety and Defence Politics\",\"item\":\"https:\\\/\\\/www.cde.ual.es\\\/en\\\/category\\\/eu-news\\\/defence-security\\\/internat-safety-pol\\\/\"},{\"@type\":\"ListItem\",\"position\":5,\"name\":\"The European Commission is partnering with the European Defence Agency on BraveTech EU\"}]},{\"@type\":\"WebSite\",\"@id\":\"https:\\\/\\\/www.cde.ual.es\\\/#website\",\"url\":\"https:\\\/\\\/www.cde.ual.es\\\/\",\"name\":\"CDE Almer\u00eda - Centro de Documentaci\u00f3n Europea - Universidad de Almer\u00eda\",\"description\":\"Centro de Documentaci\u00f3n Europea de la Universidad de Almer\u00eda\",\"publisher\":{\"@id\":\"https:\\\/\\\/www.cde.ual.es\\\/#organization\"},\"alternateName\":\"CDE Almer\u00eda\",\"potentialAction\":[{\"@type\":\"SearchAction\",\"target\":{\"@type\":\"EntryPoint\",\"urlTemplate\":\"https:\\\/\\\/www.cde.ual.es\\\/?s={search_term_string}\"},\"query-input\":{\"@type\":\"PropertyValueSpecification\",\"valueRequired\":true,\"valueName\":\"search_term_string\"}}],\"inLanguage\":\"en-US\"},{\"@type\":\"Organization\",\"@id\":\"https:\\\/\\\/www.cde.ual.es\\\/#organization\",\"name\":\"Centro de Documentaci\u00f3n Europea de Almer\u00eda\",\"url\":\"https:\\\/\\\/www.cde.ual.es\\\/\",\"logo\":{\"@type\":\"ImageObject\",\"inLanguage\":\"en-US\",\"@id\":\"https:\\\/\\\/www.cde.ual.es\\\/#\\\/schema\\\/logo\\\/image\\\/\",\"url\":\"https:\\\/\\\/www.cde.ual.es\\\/wp-content\\\/uploads\\\/2025\\\/07\\\/cde-logo-3.png\",\"contentUrl\":\"https:\\\/\\\/www.cde.ual.es\\\/wp-content\\\/uploads\\\/2025\\\/07\\\/cde-logo-3.png\",\"width\":1400,\"height\":300,\"caption\":\"Centro de Documentaci\u00f3n Europea de Almer\u00eda\"},\"image\":{\"@id\":\"https:\\\/\\\/www.cde.ual.es\\\/#\\\/schema\\\/logo\\\/image\\\/\"},\"sameAs\":[\"https:\\\/\\\/www.facebook.com\\\/cdeuniversidadalmeria\\\/\",\"https:\\\/\\\/x.com\\\/cdeualmeria\",\"https:\\\/\\\/www.tiktok.com\\\/@cdealmeria\",\"https:\\\/\\\/www.instagram.com\\\/cdealmeria\\\/\",\"https:\\\/\\\/www.linkedin.com\\\/in\\\/cde-almera-812b26a9\\\/\"]},{\"@type\":\"Person\",\"@id\":\"https:\\\/\\\/www.cde.ual.es\\\/#\\\/schema\\\/person\\\/224ef08c8bcc005f319d2713ce37ee5f\",\"name\":\"AdminCDE\",\"image\":{\"@type\":\"ImageObject\",\"inLanguage\":\"en-US\",\"@id\":\"https:\\\/\\\/secure.gravatar.com\\\/avatar\\\/a72d038d371f995cd13706fac32274b7952a52e8fb0a84b5f80c85426f2a98a8?s=96&d=mm&r=g\",\"url\":\"https:\\\/\\\/secure.gravatar.com\\\/avatar\\\/a72d038d371f995cd13706fac32274b7952a52e8fb0a84b5f80c85426f2a98a8?s=96&d=mm&r=g\",\"contentUrl\":\"https:\\\/\\\/secure.gravatar.com\\\/avatar\\\/a72d038d371f995cd13706fac32274b7952a52e8fb0a84b5f80c85426f2a98a8?s=96&d=mm&r=g\",\"caption\":\"AdminCDE\"}}]}<\/script>\n<!-- \/ Yoast SEO plugin. -->","yoast_head_json":{"title":"The European Commission is partnering with the European Defence Agency on BraveTech EU | CDE Almer\u00eda - Centro de Documentaci\u00f3n Europea - Universidad de Almer\u00eda","robots":{"index":"index","follow":"follow","max-snippet":"max-snippet:-1","max-image-preview":"max-image-preview:large","max-video-preview":"max-video-preview:-1"},"canonical":"https:\/\/www.cde.ual.es\/en\/la-comision-europea-se-asocia-con-la-agencia-europea-de-defensa-en-bravetech-eu\/","og_locale":"en_US","og_type":"article","og_title":"The European Commission is partnering with the European Defence Agency on BraveTech EU | CDE Almer\u00eda - Centro de Documentaci\u00f3n Europea - Universidad de Almer\u00eda","og_description":"The European Commission and the European Defence Agency (EDA) have signed a Contribution Agreement to launch the second phase of theBraveTech EU initiative. This marks a significant step forward in EU-supported defence innovation. Under this agreement, the EDA will receive \u20ac35 million to implement the next phase of the programme. BraveTech EU, announced on 11 [&hellip;]","og_url":"https:\/\/www.cde.ual.es\/en\/la-comision-europea-se-asocia-con-la-agencia-europea-de-defensa-en-bravetech-eu\/","og_site_name":"CDE Almer\u00eda - Centro de Documentaci\u00f3n Europea - Universidad de Almer\u00eda","article_publisher":"https:\/\/www.facebook.com\/cdeuniversidadalmeria\/","article_published_time":"2026-04-04T01:00:31+00:00","article_modified_time":"2026-04-30T08:02:31+00:00","og_image":[{"width":711,"height":450,"url":"https:\/\/www.cde.ual.es\/wp-content\/uploads\/2018\/07\/Defesa-UE-e1758698986467.jpg","type":"image\/jpeg"}],"author":"AdminCDE","twitter_card":"summary_large_image","twitter_creator":"@cdeualmeria","twitter_site":"@cdeualmeria","twitter_misc":{"Written by":"AdminCDE","Est. reading time":"2 minutes"},"schema":{"@context":"https:\/\/schema.org","@graph":[{"@type":"Article","@id":"https:\/\/www.cde.ual.es\/en\/la-comision-europea-se-asocia-con-la-agencia-europea-de-defensa-en-bravetech-eu\/#article","isPartOf":{"@id":"https:\/\/www.cde.ual.es\/en\/la-comision-europea-se-asocia-con-la-agencia-europea-de-defensa-en-bravetech-eu\/"},"author":{"name":"AdminCDE","@id":"https:\/\/www.cde.ual.es\/#\/schema\/person\/224ef08c8bcc005f319d2713ce37ee5f"},"headline":"The European Commission is partnering with the European Defence Agency on BraveTech EU","datePublished":"2026-04-04T01:00:31+00:00","dateModified":"2026-04-30T08:02:31+00:00","mainEntityOfPage":{"@id":"https:\/\/www.cde.ual.es\/en\/la-comision-europea-se-asocia-con-la-agencia-europea-de-defensa-en-bravetech-eu\/"},"wordCount":251,"commentCount":0,"publisher":{"@id":"https:\/\/www.cde.ual.es\/#organization"},"image":{"@id":"https:\/\/www.cde.ual.es\/en\/la-comision-europea-se-asocia-con-la-agencia-europea-de-defensa-en-bravetech-eu\/#primaryimage"},"thumbnailUrl":"https:\/\/www.cde.ual.es\/wp-content\/uploads\/2018\/07\/Defesa-UE-e1758698986467.jpg","keywords":["Cooperation","Defence and security","Europe","European Commission","identification","innovation","News","plan","programme","technologies","ukraine","war"],"articleSection":["Defence &amp; Security","EU News","International Safety and Defence Politics"],"inLanguage":"en-US","potentialAction":[{"@type":"CommentAction","name":"Comment","target":["https:\/\/www.cde.ual.es\/en\/la-comision-europea-se-asocia-con-la-agencia-europea-de-defensa-en-bravetech-eu\/#respond"]}]},{"@type":"WebPage","@id":"https:\/\/www.cde.ual.es\/en\/la-comision-europea-se-asocia-con-la-agencia-europea-de-defensa-en-bravetech-eu\/","url":"https:\/\/www.cde.ual.es\/en\/la-comision-europea-se-asocia-con-la-agencia-europea-de-defensa-en-bravetech-eu\/","name":"The European Commission is partnering with the European Defence Agency on BraveTech EU | CDE Almer\u00eda - Centro de Documentaci\u00f3n Europea - Universidad de Almer\u00eda","isPartOf":{"@id":"https:\/\/www.cde.ual.es\/#website"},"primaryImageOfPage":{"@id":"https:\/\/www.cde.ual.es\/en\/la-comision-europea-se-asocia-con-la-agencia-europea-de-defensa-en-bravetech-eu\/#primaryimage"},"image":{"@id":"https:\/\/www.cde.ual.es\/en\/la-comision-europea-se-asocia-con-la-agencia-europea-de-defensa-en-bravetech-eu\/#primaryimage"},"thumbnailUrl":"https:\/\/www.cde.ual.es\/wp-content\/uploads\/2018\/07\/Defesa-UE-e1758698986467.jpg","datePublished":"2026-04-04T01:00:31+00:00","dateModified":"2026-04-30T08:02:31+00:00","breadcrumb":{"@id":"https:\/\/www.cde.ual.es\/en\/la-comision-europea-se-asocia-con-la-agencia-europea-de-defensa-en-bravetech-eu\/#breadcrumb"},"inLanguage":"en-US","potentialAction":[{"@type":"ReadAction","target":["https:\/\/www.cde.ual.es\/en\/la-comision-europea-se-asocia-con-la-agencia-europea-de-defensa-en-bravetech-eu\/"]}]},{"@type":"ImageObject","inLanguage":"en-US","@id":"https:\/\/www.cde.ual.es\/en\/la-comision-europea-se-asocia-con-la-agencia-europea-de-defensa-en-bravetech-eu\/#primaryimage","url":"https:\/\/www.cde.ual.es\/wp-content\/uploads\/2018\/07\/Defesa-UE-e1758698986467.jpg","contentUrl":"https:\/\/www.cde.ual.es\/wp-content\/uploads\/2018\/07\/Defesa-UE-e1758698986467.jpg","width":711,"height":450},{"@type":"BreadcrumbList","@id":"https:\/\/www.cde.ual.es\/en\/la-comision-europea-se-asocia-con-la-agencia-europea-de-defensa-en-bravetech-eu\/#breadcrumb","itemListElement":[{"@type":"ListItem","position":1,"name":"Inicio","item":"https:\/\/www.cde.ual.es\/en\/"},{"@type":"ListItem","position":2,"name":"EU News","item":"https:\/\/www.cde.ual.es\/en\/category\/eu-news\/"},{"@type":"ListItem","position":3,"name":"Defence &amp; Security","item":"https:\/\/www.cde.ual.es\/en\/category\/eu-news\/defence-security\/"},{"@type":"ListItem","position":4,"name":"International Safety and Defence Politics","item":"https:\/\/www.cde.ual.es\/en\/category\/eu-news\/defence-security\/internat-safety-pol\/"},{"@type":"ListItem","position":5,"name":"The European Commission is partnering with the European Defence Agency on BraveTech EU"}]},{"@type":"WebSite","@id":"https:\/\/www.cde.ual.es\/#website","url":"https:\/\/www.cde.ual.es\/","name":"CDE Almer\u00eda - Centro de Documentaci\u00f3n Europea - Universidad de Almer\u00eda","description":"Centro de Documentaci\u00f3n Europea de la Universidad de Almer\u00eda","publisher":{"@id":"https:\/\/www.cde.ual.es\/#organization"},"alternateName":"CDE Almer\u00eda","potentialAction":[{"@type":"SearchAction","target":{"@type":"EntryPoint","urlTemplate":"https:\/\/www.cde.ual.es\/?s={search_term_string}"},"query-input":{"@type":"PropertyValueSpecification","valueRequired":true,"valueName":"search_term_string"}}],"inLanguage":"en-US"},{"@type":"Organization","@id":"https:\/\/www.cde.ual.es\/#organization","name":"Centro de Documentaci\u00f3n Europea de Almer\u00eda","url":"https:\/\/www.cde.ual.es\/","logo":{"@type":"ImageObject","inLanguage":"en-US","@id":"https:\/\/www.cde.ual.es\/#\/schema\/logo\/image\/","url":"https:\/\/www.cde.ual.es\/wp-content\/uploads\/2025\/07\/cde-logo-3.png","contentUrl":"https:\/\/www.cde.ual.es\/wp-content\/uploads\/2025\/07\/cde-logo-3.png","width":1400,"height":300,"caption":"Centro de Documentaci\u00f3n Europea de Almer\u00eda"},"image":{"@id":"https:\/\/www.cde.ual.es\/#\/schema\/logo\/image\/"},"sameAs":["https:\/\/www.facebook.com\/cdeuniversidadalmeria\/","https:\/\/x.com\/cdeualmeria","https:\/\/www.tiktok.com\/@cdealmeria","https:\/\/www.instagram.com\/cdealmeria\/","https:\/\/www.linkedin.com\/in\/cde-almera-812b26a9\/"]},{"@type":"Person","@id":"https:\/\/www.cde.ual.es\/#\/schema\/person\/224ef08c8bcc005f319d2713ce37ee5f","name":"AdminCDE","image":{"@type":"ImageObject","inLanguage":"en-US","@id":"https:\/\/secure.gravatar.com\/avatar\/a72d038d371f995cd13706fac32274b7952a52e8fb0a84b5f80c85426f2a98a8?s=96&d=mm&r=g","url":"https:\/\/secure.gravatar.com\/avatar\/a72d038d371f995cd13706fac32274b7952a52e8fb0a84b5f80c85426f2a98a8?s=96&d=mm&r=g","contentUrl":"https:\/\/secure.gravatar.com\/avatar\/a72d038d371f995cd13706fac32274b7952a52e8fb0a84b5f80c85426f2a98a8?s=96&d=mm&r=g","caption":"AdminCDE"}}]}},"_links":{"self":[{"href":"https:\/\/www.cde.ual.es\/en\/wp-json\/wp\/v2\/posts\/167850","targetHints":{"allow":["GET"]}}],"collection":[{"href":"https:\/\/www.cde.ual.es\/en\/wp-json\/wp\/v2\/posts"}],"about":[{"href":"https:\/\/www.cde.ual.es\/en\/wp-json\/wp\/v2\/types\/post"}],"author":[{"embeddable":true,"href":"https:\/\/www.cde.ual.es\/en\/wp-json\/wp\/v2\/users\/1"}],"replies":[{"embeddable":true,"href":"https:\/\/www.cde.ual.es\/en\/wp-json\/wp\/v2\/comments?post=167850"}],"version-history":[{"count":3,"href":"https:\/\/www.cde.ual.es\/en\/wp-json\/wp\/v2\/posts\/167850\/revisions"}],"predecessor-version":[{"id":167853,"href":"https:\/\/www.cde.ual.es\/en\/wp-json\/wp\/v2\/posts\/167850\/revisions\/167853"}],"wp:featuredmedia":[{"embeddable":true,"href":"https:\/\/www.cde.ual.es\/en\/wp-json\/wp\/v2\/media\/31584"}],"wp:attachment":[{"href":"https:\/\/www.cde.ual.es\/en\/wp-json\/wp\/v2\/media?parent=167850"}],"wp:term":[{"taxonomy":"category","embeddable":true,"href":"https:\/\/www.cde.ual.es\/en\/wp-json\/wp\/v2\/categories?post=167850"},{"taxonomy":"post_tag","embeddable":true,"href":"https:\/\/www.cde.ual.es\/en\/wp-json\/wp\/v2\/tags?post=167850"}],"curies":[{"name":"wp","href":"https:\/\/api.w.org\/{rel}","templated":true}]}}