{"id":167805,"date":"2026-04-30T03:00:10","date_gmt":"2026-04-30T01:00:10","guid":{"rendered":"https:\/\/www.cde.ual.es\/?p=167805"},"modified":"2026-04-29T10:04:37","modified_gmt":"2026-04-29T08:04:37","slug":"competicion-cumbre-de-jovenes-lideres-de-asef","status":"publish","type":"post","link":"https:\/\/www.cde.ual.es\/en\/competicion-cumbre-de-jovenes-lideres-de-asef\/","title":{"rendered":"Competition \u2013 ASEF Young Leaders Summit"},"content":{"rendered":"<p><img decoding=\"async\" class=\"aligncenter\" src=\"https:\/\/www.cde.ual.es\/wp-content\/uploads\/2025\/03\/Screenshot-2025-02-25-at-17.webp\" \/><\/p>\n<p style=\"text-align: justify;\"><span dir=\"auto\">The ASEF Young Leaders Summit (ASEFYLS) is a youth platform that builds a community of young people from Asia and Europe. It invites participants to embark on a learning journey to reflect on and develop their 1) self-leadership (<\/span><span dir=\"auto\">you<\/span><span dir=\"auto\">), 2) team leadership (<\/span><span dir=\"auto\">us<\/span><span dir=\"auto\">) and 3) social leadership (<\/span><span dir=\"auto\">everyone<\/span><span dir=\"auto\">). ASEFYLS is designed to foster a spirit of curiosity, innovation and intercultural understanding among young people, who will be able to take on leadership roles and drive social progress through community engagement.<\/span><\/p>\n<p style=\"text-align: justify;\"><strong><span dir=\"auto\">\u201cAnticipatory leadership\u201d <\/span><\/strong><span dir=\"auto\">is the ability and habit of using the future to inform the present, by analysing trends, exploring various future scenarios and using that knowledge to challenge assumptions, adjust leadership style and undertake collaborative and adaptive actions that drive systems towards more equitable and sustainable futures.<\/span><\/p>\n<p style=\"text-align: justify;\"><span dir=\"auto\">The <\/span><strong><span dir=\"auto\">ASEFYLS2026 programme <\/span><\/strong><span dir=\"auto\">consists of two elements:<\/span><\/p>\n<ol style=\"text-align: justify;\">\n<li><span dir=\"auto\">Training phase: 9 June to 30 July 2026, online.<\/span><\/li>\n<li><span dir=\"auto\">Action phase: August\u2013November 2026, local communities.<\/span><\/li>\n<\/ol>\n<p style=\"text-align: justify;\"><strong><span dir=\"auto\">Who can apply?<\/span><\/strong><\/p>\n<ul style=\"text-align: justify;\">\n<li><span dir=\"auto\">Students and young professionals aged between 18 and 30.<\/span><\/li>\n<li><span dir=\"auto\">Citizens of any of the<\/span><span dir=\"auto\">eligible<\/span><span dir=\"auto\">Asian and<\/span><span dir=\"auto\">European<\/span><span dir=\"auto\">countries<\/span><span dir=\"auto\">.<\/span><\/li>\n<li><span dir=\"auto\">Hold a leadership role in a youth organisation or student association (not limited to members of the board of directors or executive committees).\u00a0<\/span><\/li>\n<li><span dir=\"auto\">Have an advanced command of English, both spoken and written.<\/span><\/li>\n<\/ul>\n<p style=\"text-align: justify;\"><span dir=\"auto\">Accommodation, meals and travel grants will be provided to selected participants.<\/span><\/p>\n<p style=\"text-align: justify;\"><strong><span dir=\"auto\">Deadline<\/span><\/strong><span dir=\"auto\">: 12 May 2026.<\/span><\/p>\n<p style=\"text-align: justify;\"><strong>More information:<a href=\"https:\/\/asef.org\/news\/open-call-for-participants-for-the-asefyls-capacity-training-asefyls2026\/?utm_content=432726748&amp;utm_medium=social&amp;utm_source&amp;fbclid=IwdGRleARFrkNleHRuA2FlbQIxMQBzcnRjBmFwcF9pZAo2NjI4NTY4Mzc5AAEeQoIFLUOV0RT3v40w8fgQr9OEXSlSoHHD2k0b3Z24OQDgtQjCiD0vsoiNHL0_aem_atEh7fLFD1nGNI0aQ_Otfg\"> Eurodesk.\u00a0<\/a><\/strong><\/p>\n","protected":false},"excerpt":{"rendered":"<p>The ASEF Young Leaders Summit (ASEFYLS) is a youth platform that builds a community of young people from Asia and Europe. It invites participants to embark on a learning journey to reflect on and develop their 1) self-leadership (you), 2) team leadership (us) and 3) social leadership (everyone). ASEFYLS is designed to foster a spirit [&hellip;]<\/p>\n","protected":false},"author":1,"featured_media":158285,"comment_status":"open","ping_status":"open","sticky":false,"template":"","format":"standard","meta":{"_acf_changed":false,"_relevanssi_hide_post":"","_relevanssi_hide_content":"","_relevanssi_pin_for_all":"","_relevanssi_pin_keywords":"","_relevanssi_unpin_keywords":"","_relevanssi_related_keywords":"","_relevanssi_related_include_ids":"","_relevanssi_related_exclude_ids":"","_relevanssi_related_no_append":"","_relevanssi_related_not_related":"","_relevanssi_related_posts":"","_relevanssi_noindex_reason":"","_monsterinsights_skip_tracking":false,"_monsterinsights_sitenote_active":false,"_monsterinsights_sitenote_note":"","_monsterinsights_sitenote_category":0,"_genesis_hide_title":false,"_genesis_hide_breadcrumbs":false,"_genesis_hide_singular_image":false,"_genesis_hide_footer_widgets":false,"_genesis_custom_body_class":"","_genesis_custom_post_class":"","_genesis_layout":"","footnotes":""},"categories":[4052,366,4049],"tags":[529,8810,779,2200,1217,784,3218,1836,2573,17673,18248,5421],"class_list":{"0":"post-167805","1":"post","2":"type-post","3":"status-publish","4":"format-standard","5":"has-post-thumbnail","7":"category-awards-calls","8":"category-eu-calls-and-awards","9":"category-eurodesk-en","10":"tag-asia-en","11":"tag-decision","12":"tag-eu-en","13":"tag-eurodesk","14":"tag-europe","15":"tag-norway","16":"tag-opportunity","17":"tag-plan-en","18":"tag-programme","19":"tag-role","20":"tag-virtual-mode","21":"tag-young-people","22":"entry"},"acf":[],"yoast_head":"<!-- This site is optimized with the Yoast SEO plugin v27.5 - https:\/\/yoast.com\/product\/yoast-seo-wordpress\/ -->\n<title>Competition \u2013 ASEF Young Leaders Summit | CDE Almer\u00eda - Centro de Documentaci\u00f3n Europea - Universidad de Almer\u00eda<\/title>\n<meta name=\"robots\" content=\"index, follow, max-snippet:-1, max-image-preview:large, max-video-preview:-1\" \/>\n<link rel=\"canonical\" href=\"https:\/\/www.cde.ual.es\/?p=167798\" \/>\n<meta property=\"og:locale\" content=\"en_US\" \/>\n<meta property=\"og:type\" content=\"article\" \/>\n<meta property=\"og:title\" content=\"Competition \u2013 ASEF Young Leaders Summit | CDE Almer\u00eda - Centro de Documentaci\u00f3n Europea - Universidad de Almer\u00eda\" \/>\n<meta property=\"og:description\" content=\"The ASEF Young Leaders Summit (ASEFYLS) is a youth platform that builds a community of young people from Asia and Europe. It invites participants to embark on a learning journey to reflect on and develop their 1) self-leadership (you), 2) team leadership (us) and 3) social leadership (everyone). ASEFYLS is designed to foster a spirit [&hellip;]\" \/>\n<meta property=\"og:url\" content=\"https:\/\/www.cde.ual.es\/?p=167798\" \/>\n<meta property=\"og:site_name\" content=\"CDE Almer\u00eda - Centro de Documentaci\u00f3n Europea - Universidad de Almer\u00eda\" \/>\n<meta property=\"article:publisher\" content=\"https:\/\/www.facebook.com\/cdeuniversidadalmeria\/\" \/>\n<meta property=\"article:published_time\" content=\"2026-04-30T01:00:10+00:00\" \/>\n<meta property=\"og:image\" content=\"https:\/\/www.cde.ual.es\/wp-content\/uploads\/2025\/03\/Screenshot-2025-02-25-at-17.webp\" \/>\n\t<meta property=\"og:image:width\" content=\"550\" \/>\n\t<meta property=\"og:image:height\" content=\"300\" \/>\n\t<meta property=\"og:image:type\" content=\"image\/webp\" \/>\n<meta name=\"author\" content=\"AdminCDE\" \/>\n<meta name=\"twitter:card\" content=\"summary_large_image\" \/>\n<meta name=\"twitter:creator\" content=\"@cdeualmeria\" \/>\n<meta name=\"twitter:site\" content=\"@cdeualmeria\" \/>\n<meta name=\"twitter:label1\" content=\"Written by\" \/>\n\t<meta name=\"twitter:data1\" content=\"AdminCDE\" \/>\n\t<meta name=\"twitter:label2\" content=\"Est. reading time\" \/>\n\t<meta name=\"twitter:data2\" content=\"2 minutes\" \/>\n<script type=\"application\/ld+json\" class=\"yoast-schema-graph\">{\"@context\":\"https:\\\/\\\/schema.org\",\"@graph\":[{\"@type\":\"Article\",\"@id\":\"https:\\\/\\\/www.cde.ual.es\\\/?p=167798#article\",\"isPartOf\":{\"@id\":\"https:\\\/\\\/www.cde.ual.es\\\/?p=167798\"},\"author\":{\"name\":\"AdminCDE\",\"@id\":\"https:\\\/\\\/www.cde.ual.es\\\/#\\\/schema\\\/person\\\/224ef08c8bcc005f319d2713ce37ee5f\"},\"headline\":\"Competition \u2013 ASEF Young Leaders Summit\",\"datePublished\":\"2026-04-30T01:00:10+00:00\",\"mainEntityOfPage\":{\"@id\":\"https:\\\/\\\/www.cde.ual.es\\\/?p=167798\"},\"wordCount\":217,\"commentCount\":0,\"publisher\":{\"@id\":\"https:\\\/\\\/www.cde.ual.es\\\/#organization\"},\"image\":{\"@id\":\"https:\\\/\\\/www.cde.ual.es\\\/?p=167798#primaryimage\"},\"thumbnailUrl\":\"https:\\\/\\\/www.cde.ual.es\\\/wp-content\\\/uploads\\\/2025\\\/03\\\/Screenshot-2025-02-25-at-17.webp\",\"keywords\":[\"Asia\",\"decision\",\"EU\",\"Eurodesk\",\"Europe\",\"Norway\",\"opportunity\",\"plan\",\"programme\",\"role\",\"virtual mode\",\"young people\"],\"articleSection\":[\"Awards and Calls\",\"EU Calls and Awards\",\"Eurodesk\"],\"inLanguage\":\"en-US\",\"potentialAction\":[{\"@type\":\"CommentAction\",\"name\":\"Comment\",\"target\":[\"https:\\\/\\\/www.cde.ual.es\\\/?p=167798#respond\"]}]},{\"@type\":\"WebPage\",\"@id\":\"https:\\\/\\\/www.cde.ual.es\\\/?p=167798\",\"url\":\"https:\\\/\\\/www.cde.ual.es\\\/?p=167798\",\"name\":\"Competition \u2013 ASEF Young Leaders Summit | CDE Almer\u00eda - Centro de Documentaci\u00f3n Europea - Universidad de Almer\u00eda\",\"isPartOf\":{\"@id\":\"https:\\\/\\\/www.cde.ual.es\\\/#website\"},\"primaryImageOfPage\":{\"@id\":\"https:\\\/\\\/www.cde.ual.es\\\/?p=167798#primaryimage\"},\"image\":{\"@id\":\"https:\\\/\\\/www.cde.ual.es\\\/?p=167798#primaryimage\"},\"thumbnailUrl\":\"https:\\\/\\\/www.cde.ual.es\\\/wp-content\\\/uploads\\\/2025\\\/03\\\/Screenshot-2025-02-25-at-17.webp\",\"datePublished\":\"2026-04-30T01:00:10+00:00\",\"breadcrumb\":{\"@id\":\"https:\\\/\\\/www.cde.ual.es\\\/?p=167798#breadcrumb\"},\"inLanguage\":\"en-US\",\"potentialAction\":[{\"@type\":\"ReadAction\",\"target\":[\"https:\\\/\\\/www.cde.ual.es\\\/?p=167798\"]}]},{\"@type\":\"ImageObject\",\"inLanguage\":\"en-US\",\"@id\":\"https:\\\/\\\/www.cde.ual.es\\\/?p=167798#primaryimage\",\"url\":\"https:\\\/\\\/www.cde.ual.es\\\/wp-content\\\/uploads\\\/2025\\\/03\\\/Screenshot-2025-02-25-at-17.webp\",\"contentUrl\":\"https:\\\/\\\/www.cde.ual.es\\\/wp-content\\\/uploads\\\/2025\\\/03\\\/Screenshot-2025-02-25-at-17.webp\",\"width\":550,\"height\":300},{\"@type\":\"BreadcrumbList\",\"@id\":\"https:\\\/\\\/www.cde.ual.es\\\/?p=167798#breadcrumb\",\"itemListElement\":[{\"@type\":\"ListItem\",\"position\":1,\"name\":\"Inicio\",\"item\":\"https:\\\/\\\/www.cde.ual.es\\\/en\\\/\"},{\"@type\":\"ListItem\",\"position\":2,\"name\":\"Convocatorias y Premios UE\",\"item\":\"https:\\\/\\\/www.cde.ual.es\\\/category\\\/convocatorias-y-premios-ue\\\/\"},{\"@type\":\"ListItem\",\"position\":3,\"name\":\"Eurodesk\",\"item\":\"https:\\\/\\\/www.cde.ual.es\\\/category\\\/convocatorias-y-premios-ue\\\/eurodesk\\\/\"},{\"@type\":\"ListItem\",\"position\":4,\"name\":\"Competition \u2013 ASEF Young Leaders Summit\"}]},{\"@type\":\"WebSite\",\"@id\":\"https:\\\/\\\/www.cde.ual.es\\\/#website\",\"url\":\"https:\\\/\\\/www.cde.ual.es\\\/\",\"name\":\"CDE Almer\u00eda - Centro de Documentaci\u00f3n Europea - Universidad de Almer\u00eda\",\"description\":\"Centro de Documentaci\u00f3n Europea de la Universidad de Almer\u00eda\",\"publisher\":{\"@id\":\"https:\\\/\\\/www.cde.ual.es\\\/#organization\"},\"alternateName\":\"CDE Almer\u00eda\",\"potentialAction\":[{\"@type\":\"SearchAction\",\"target\":{\"@type\":\"EntryPoint\",\"urlTemplate\":\"https:\\\/\\\/www.cde.ual.es\\\/?s={search_term_string}\"},\"query-input\":{\"@type\":\"PropertyValueSpecification\",\"valueRequired\":true,\"valueName\":\"search_term_string\"}}],\"inLanguage\":\"en-US\"},{\"@type\":\"Organization\",\"@id\":\"https:\\\/\\\/www.cde.ual.es\\\/#organization\",\"name\":\"Centro de Documentaci\u00f3n Europea de Almer\u00eda\",\"url\":\"https:\\\/\\\/www.cde.ual.es\\\/\",\"logo\":{\"@type\":\"ImageObject\",\"inLanguage\":\"en-US\",\"@id\":\"https:\\\/\\\/www.cde.ual.es\\\/#\\\/schema\\\/logo\\\/image\\\/\",\"url\":\"https:\\\/\\\/www.cde.ual.es\\\/wp-content\\\/uploads\\\/2025\\\/07\\\/cde-logo-3.png\",\"contentUrl\":\"https:\\\/\\\/www.cde.ual.es\\\/wp-content\\\/uploads\\\/2025\\\/07\\\/cde-logo-3.png\",\"width\":1400,\"height\":300,\"caption\":\"Centro de Documentaci\u00f3n Europea de Almer\u00eda\"},\"image\":{\"@id\":\"https:\\\/\\\/www.cde.ual.es\\\/#\\\/schema\\\/logo\\\/image\\\/\"},\"sameAs\":[\"https:\\\/\\\/www.facebook.com\\\/cdeuniversidadalmeria\\\/\",\"https:\\\/\\\/x.com\\\/cdeualmeria\",\"https:\\\/\\\/www.tiktok.com\\\/@cdealmeria\",\"https:\\\/\\\/www.instagram.com\\\/cdealmeria\\\/\",\"https:\\\/\\\/www.linkedin.com\\\/in\\\/cde-almera-812b26a9\\\/\"]},{\"@type\":\"Person\",\"@id\":\"https:\\\/\\\/www.cde.ual.es\\\/#\\\/schema\\\/person\\\/224ef08c8bcc005f319d2713ce37ee5f\",\"name\":\"AdminCDE\",\"image\":{\"@type\":\"ImageObject\",\"inLanguage\":\"en-US\",\"@id\":\"https:\\\/\\\/secure.gravatar.com\\\/avatar\\\/a72d038d371f995cd13706fac32274b7952a52e8fb0a84b5f80c85426f2a98a8?s=96&d=mm&r=g\",\"url\":\"https:\\\/\\\/secure.gravatar.com\\\/avatar\\\/a72d038d371f995cd13706fac32274b7952a52e8fb0a84b5f80c85426f2a98a8?s=96&d=mm&r=g\",\"contentUrl\":\"https:\\\/\\\/secure.gravatar.com\\\/avatar\\\/a72d038d371f995cd13706fac32274b7952a52e8fb0a84b5f80c85426f2a98a8?s=96&d=mm&r=g\",\"caption\":\"AdminCDE\"}}]}<\/script>\n<!-- \/ Yoast SEO plugin. -->","yoast_head_json":{"title":"Competition \u2013 ASEF Young Leaders Summit | CDE Almer\u00eda - Centro de Documentaci\u00f3n Europea - Universidad de Almer\u00eda","robots":{"index":"index","follow":"follow","max-snippet":"max-snippet:-1","max-image-preview":"max-image-preview:large","max-video-preview":"max-video-preview:-1"},"canonical":"https:\/\/www.cde.ual.es\/?p=167798","og_locale":"en_US","og_type":"article","og_title":"Competition \u2013 ASEF Young Leaders Summit | CDE Almer\u00eda - Centro de Documentaci\u00f3n Europea - Universidad de Almer\u00eda","og_description":"The ASEF Young Leaders Summit (ASEFYLS) is a youth platform that builds a community of young people from Asia and Europe. It invites participants to embark on a learning journey to reflect on and develop their 1) self-leadership (you), 2) team leadership (us) and 3) social leadership (everyone). ASEFYLS is designed to foster a spirit [&hellip;]","og_url":"https:\/\/www.cde.ual.es\/?p=167798","og_site_name":"CDE Almer\u00eda - Centro de Documentaci\u00f3n Europea - Universidad de Almer\u00eda","article_publisher":"https:\/\/www.facebook.com\/cdeuniversidadalmeria\/","article_published_time":"2026-04-30T01:00:10+00:00","og_image":[{"width":550,"height":300,"url":"https:\/\/www.cde.ual.es\/wp-content\/uploads\/2025\/03\/Screenshot-2025-02-25-at-17.webp","type":"image\/webp"}],"author":"AdminCDE","twitter_card":"summary_large_image","twitter_creator":"@cdeualmeria","twitter_site":"@cdeualmeria","twitter_misc":{"Written by":"AdminCDE","Est. reading time":"2 minutes"},"schema":{"@context":"https:\/\/schema.org","@graph":[{"@type":"Article","@id":"https:\/\/www.cde.ual.es\/?p=167798#article","isPartOf":{"@id":"https:\/\/www.cde.ual.es\/?p=167798"},"author":{"name":"AdminCDE","@id":"https:\/\/www.cde.ual.es\/#\/schema\/person\/224ef08c8bcc005f319d2713ce37ee5f"},"headline":"Competition \u2013 ASEF Young Leaders Summit","datePublished":"2026-04-30T01:00:10+00:00","mainEntityOfPage":{"@id":"https:\/\/www.cde.ual.es\/?p=167798"},"wordCount":217,"commentCount":0,"publisher":{"@id":"https:\/\/www.cde.ual.es\/#organization"},"image":{"@id":"https:\/\/www.cde.ual.es\/?p=167798#primaryimage"},"thumbnailUrl":"https:\/\/www.cde.ual.es\/wp-content\/uploads\/2025\/03\/Screenshot-2025-02-25-at-17.webp","keywords":["Asia","decision","EU","Eurodesk","Europe","Norway","opportunity","plan","programme","role","virtual mode","young people"],"articleSection":["Awards and Calls","EU Calls and Awards","Eurodesk"],"inLanguage":"en-US","potentialAction":[{"@type":"CommentAction","name":"Comment","target":["https:\/\/www.cde.ual.es\/?p=167798#respond"]}]},{"@type":"WebPage","@id":"https:\/\/www.cde.ual.es\/?p=167798","url":"https:\/\/www.cde.ual.es\/?p=167798","name":"Competition \u2013 ASEF Young Leaders Summit | CDE Almer\u00eda - Centro de Documentaci\u00f3n Europea - Universidad de Almer\u00eda","isPartOf":{"@id":"https:\/\/www.cde.ual.es\/#website"},"primaryImageOfPage":{"@id":"https:\/\/www.cde.ual.es\/?p=167798#primaryimage"},"image":{"@id":"https:\/\/www.cde.ual.es\/?p=167798#primaryimage"},"thumbnailUrl":"https:\/\/www.cde.ual.es\/wp-content\/uploads\/2025\/03\/Screenshot-2025-02-25-at-17.webp","datePublished":"2026-04-30T01:00:10+00:00","breadcrumb":{"@id":"https:\/\/www.cde.ual.es\/?p=167798#breadcrumb"},"inLanguage":"en-US","potentialAction":[{"@type":"ReadAction","target":["https:\/\/www.cde.ual.es\/?p=167798"]}]},{"@type":"ImageObject","inLanguage":"en-US","@id":"https:\/\/www.cde.ual.es\/?p=167798#primaryimage","url":"https:\/\/www.cde.ual.es\/wp-content\/uploads\/2025\/03\/Screenshot-2025-02-25-at-17.webp","contentUrl":"https:\/\/www.cde.ual.es\/wp-content\/uploads\/2025\/03\/Screenshot-2025-02-25-at-17.webp","width":550,"height":300},{"@type":"BreadcrumbList","@id":"https:\/\/www.cde.ual.es\/?p=167798#breadcrumb","itemListElement":[{"@type":"ListItem","position":1,"name":"Inicio","item":"https:\/\/www.cde.ual.es\/en\/"},{"@type":"ListItem","position":2,"name":"Convocatorias y Premios UE","item":"https:\/\/www.cde.ual.es\/category\/convocatorias-y-premios-ue\/"},{"@type":"ListItem","position":3,"name":"Eurodesk","item":"https:\/\/www.cde.ual.es\/category\/convocatorias-y-premios-ue\/eurodesk\/"},{"@type":"ListItem","position":4,"name":"Competition \u2013 ASEF Young Leaders Summit"}]},{"@type":"WebSite","@id":"https:\/\/www.cde.ual.es\/#website","url":"https:\/\/www.cde.ual.es\/","name":"CDE Almer\u00eda - Centro de Documentaci\u00f3n Europea - Universidad de Almer\u00eda","description":"Centro de Documentaci\u00f3n Europea de la Universidad de Almer\u00eda","publisher":{"@id":"https:\/\/www.cde.ual.es\/#organization"},"alternateName":"CDE Almer\u00eda","potentialAction":[{"@type":"SearchAction","target":{"@type":"EntryPoint","urlTemplate":"https:\/\/www.cde.ual.es\/?s={search_term_string}"},"query-input":{"@type":"PropertyValueSpecification","valueRequired":true,"valueName":"search_term_string"}}],"inLanguage":"en-US"},{"@type":"Organization","@id":"https:\/\/www.cde.ual.es\/#organization","name":"Centro de Documentaci\u00f3n Europea de Almer\u00eda","url":"https:\/\/www.cde.ual.es\/","logo":{"@type":"ImageObject","inLanguage":"en-US","@id":"https:\/\/www.cde.ual.es\/#\/schema\/logo\/image\/","url":"https:\/\/www.cde.ual.es\/wp-content\/uploads\/2025\/07\/cde-logo-3.png","contentUrl":"https:\/\/www.cde.ual.es\/wp-content\/uploads\/2025\/07\/cde-logo-3.png","width":1400,"height":300,"caption":"Centro de Documentaci\u00f3n Europea de Almer\u00eda"},"image":{"@id":"https:\/\/www.cde.ual.es\/#\/schema\/logo\/image\/"},"sameAs":["https:\/\/www.facebook.com\/cdeuniversidadalmeria\/","https:\/\/x.com\/cdeualmeria","https:\/\/www.tiktok.com\/@cdealmeria","https:\/\/www.instagram.com\/cdealmeria\/","https:\/\/www.linkedin.com\/in\/cde-almera-812b26a9\/"]},{"@type":"Person","@id":"https:\/\/www.cde.ual.es\/#\/schema\/person\/224ef08c8bcc005f319d2713ce37ee5f","name":"AdminCDE","image":{"@type":"ImageObject","inLanguage":"en-US","@id":"https:\/\/secure.gravatar.com\/avatar\/a72d038d371f995cd13706fac32274b7952a52e8fb0a84b5f80c85426f2a98a8?s=96&d=mm&r=g","url":"https:\/\/secure.gravatar.com\/avatar\/a72d038d371f995cd13706fac32274b7952a52e8fb0a84b5f80c85426f2a98a8?s=96&d=mm&r=g","contentUrl":"https:\/\/secure.gravatar.com\/avatar\/a72d038d371f995cd13706fac32274b7952a52e8fb0a84b5f80c85426f2a98a8?s=96&d=mm&r=g","caption":"AdminCDE"}}]}},"_links":{"self":[{"href":"https:\/\/www.cde.ual.es\/en\/wp-json\/wp\/v2\/posts\/167805","targetHints":{"allow":["GET"]}}],"collection":[{"href":"https:\/\/www.cde.ual.es\/en\/wp-json\/wp\/v2\/posts"}],"about":[{"href":"https:\/\/www.cde.ual.es\/en\/wp-json\/wp\/v2\/types\/post"}],"author":[{"embeddable":true,"href":"https:\/\/www.cde.ual.es\/en\/wp-json\/wp\/v2\/users\/1"}],"replies":[{"embeddable":true,"href":"https:\/\/www.cde.ual.es\/en\/wp-json\/wp\/v2\/comments?post=167805"}],"version-history":[{"count":3,"href":"https:\/\/www.cde.ual.es\/en\/wp-json\/wp\/v2\/posts\/167805\/revisions"}],"predecessor-version":[{"id":167810,"href":"https:\/\/www.cde.ual.es\/en\/wp-json\/wp\/v2\/posts\/167805\/revisions\/167810"}],"wp:featuredmedia":[{"embeddable":true,"href":"https:\/\/www.cde.ual.es\/en\/wp-json\/wp\/v2\/media\/158285"}],"wp:attachment":[{"href":"https:\/\/www.cde.ual.es\/en\/wp-json\/wp\/v2\/media?parent=167805"}],"wp:term":[{"taxonomy":"category","embeddable":true,"href":"https:\/\/www.cde.ual.es\/en\/wp-json\/wp\/v2\/categories?post=167805"},{"taxonomy":"post_tag","embeddable":true,"href":"https:\/\/www.cde.ual.es\/en\/wp-json\/wp\/v2\/tags?post=167805"}],"curies":[{"name":"wp","href":"https:\/\/api.w.org\/{rel}","templated":true}]}}