{"id":167734,"date":"2026-04-22T09:26:39","date_gmt":"2026-04-22T07:26:39","guid":{"rendered":"https:\/\/www.cde.ual.es\/?p=167734"},"modified":"2026-04-28T11:46:44","modified_gmt":"2026-04-28T09:46:44","slug":"2a-edicion-del-concurso-la-loca-europa","status":"publish","type":"post","link":"https:\/\/www.cde.ual.es\/en\/2a-edicion-del-concurso-la-loca-europa\/","title":{"rendered":"2nd edition of the &#8220;La Loca Europa&#8221; competition"},"content":{"rendered":"<p style=\"text-align: justify;\">To mark <strong>Europe Day<\/strong>, and for the second year running, the UAL European Documentation Centre is organising the &#8220;<strong>La Loca Europa<\/strong>&#8221; competition, an initiative designed to celebrate knowledge, participation and the European spirit within the university community.<\/p>\n<p style=\"text-align: justify;\">The theme will focus on traditions, interesting facts, cultural aspects, cuisine, sport, art and cinema from the various countries of the European Union. The aim is to bring the university community closer to <strong>European cultural diversity<\/strong> in a dynamic, participatory and festive way.<\/p>\n<p style=\"text-align: justify;\">Participants will answer a series of questions on these topics with a view to accumulating the points needed to win our various <strong>prizes<\/strong>, with points being awarded as they progress through the different rounds of the game.<\/p>\n<p style=\"text-align: justify;\">The event will take place on <strong>7 May 2026<\/strong> at <strong>11:00 am<\/strong> in the <strong>central corridor of the University of Almer\u00eda.<\/strong><\/p>\n<p><img decoding=\"async\" class=\"aligncenter\" src=\"https:\/\/www.cde.ual.es\/wp-content\/uploads\/2026\/04\/La-Loca-Europa-II-1-1.png\" width=\"536\" height=\"670\" \/><\/p>\n","protected":false},"excerpt":{"rendered":"<p>To mark Europe Day, and for the second year running, the UAL European Documentation Centre is organising the &#8220;La Loca Europa&#8221; competition, an initiative designed to celebrate knowledge, participation and the European spirit within the university community. The theme will focus on traditions, interesting facts, cultural aspects, cuisine, sport, art and cinema from the various [&hellip;]<\/p>\n","protected":false},"author":1,"featured_media":167767,"comment_status":"open","ping_status":"open","sticky":false,"template":"","format":"standard","meta":{"_acf_changed":false,"_relevanssi_hide_post":"","_relevanssi_hide_content":"","_relevanssi_pin_for_all":"","_relevanssi_pin_keywords":"","_relevanssi_unpin_keywords":"","_relevanssi_related_keywords":"","_relevanssi_related_include_ids":"","_relevanssi_related_exclude_ids":"","_relevanssi_related_no_append":"","_relevanssi_related_not_related":"","_relevanssi_related_posts":"","_relevanssi_noindex_reason":"","_monsterinsights_skip_tracking":false,"_monsterinsights_sitenote_active":false,"_monsterinsights_sitenote_note":"","_monsterinsights_sitenote_category":0,"_genesis_hide_title":false,"_genesis_hide_breadcrumbs":false,"_genesis_hide_singular_image":false,"_genesis_hide_footer_widgets":false,"_genesis_custom_body_class":"","_genesis_custom_post_class":"","_genesis_layout":"","footnotes":""},"categories":[365],"tags":[4288,707,13855,13350,646,1964,496,527,1217,665,410,18237,18236,351],"class_list":{"0":"post-167734","1":"post","2":"type-post","3":"status-publish","4":"format-standard","5":"has-post-thumbnail","7":"category-activities","8":"tag-activities","9":"tag-art","10":"tag-arte-en","11":"tag-cine-en","12":"tag-cinema","13":"tag-competition","14":"tag-cultural-diversity","15":"tag-culture","16":"tag-europe","17":"tag-gastronomy","18":"tag-prizes","19":"tag-quizzes","20":"tag-traditions","21":"tag-union-europea-en","22":"entry"},"acf":[],"yoast_head":"<!-- This site is optimized with the Yoast SEO plugin v27.5 - https:\/\/yoast.com\/product\/yoast-seo-wordpress\/ -->\n<title>2nd edition of the &quot;La Loca Europa&quot; competition | CDE Almer\u00eda - Centro de Documentaci\u00f3n Europea - Universidad de Almer\u00eda<\/title>\n<meta name=\"robots\" content=\"index, follow, max-snippet:-1, max-image-preview:large, max-video-preview:-1\" \/>\n<link rel=\"canonical\" href=\"https:\/\/www.cde.ual.es\/en\/2a-edicion-del-concurso-la-loca-europa\/\" \/>\n<meta property=\"og:locale\" content=\"en_US\" \/>\n<meta property=\"og:type\" content=\"article\" \/>\n<meta property=\"og:title\" content=\"2nd edition of the &quot;La Loca Europa&quot; competition | CDE Almer\u00eda - Centro de Documentaci\u00f3n Europea - Universidad de Almer\u00eda\" \/>\n<meta property=\"og:description\" content=\"To mark Europe Day, and for the second year running, the UAL European Documentation Centre is organising the &#8220;La Loca Europa&#8221; competition, an initiative designed to celebrate knowledge, participation and the European spirit within the university community. The theme will focus on traditions, interesting facts, cultural aspects, cuisine, sport, art and cinema from the various [&hellip;]\" \/>\n<meta property=\"og:url\" content=\"https:\/\/www.cde.ual.es\/en\/2a-edicion-del-concurso-la-loca-europa\/\" \/>\n<meta property=\"og:site_name\" content=\"CDE Almer\u00eda - Centro de Documentaci\u00f3n Europea - Universidad de Almer\u00eda\" \/>\n<meta property=\"article:publisher\" content=\"https:\/\/www.facebook.com\/cdeuniversidadalmeria\/\" \/>\n<meta property=\"article:published_time\" content=\"2026-04-22T07:26:39+00:00\" \/>\n<meta property=\"article:modified_time\" content=\"2026-04-28T09:46:44+00:00\" \/>\n<meta property=\"og:image\" content=\"https:\/\/www.cde.ual.es\/wp-content\/uploads\/2026\/04\/La-Loca-Europa-II-1-1-e1777369576592.png\" \/>\n\t<meta property=\"og:image:width\" content=\"1080\" \/>\n\t<meta property=\"og:image:height\" content=\"600\" \/>\n\t<meta property=\"og:image:type\" content=\"image\/png\" \/>\n<meta name=\"author\" content=\"AdminCDE\" \/>\n<meta name=\"twitter:card\" content=\"summary_large_image\" \/>\n<meta name=\"twitter:creator\" content=\"@cdeualmeria\" \/>\n<meta name=\"twitter:site\" content=\"@cdeualmeria\" \/>\n<meta name=\"twitter:label1\" content=\"Written by\" \/>\n\t<meta name=\"twitter:data1\" content=\"AdminCDE\" \/>\n\t<meta name=\"twitter:label2\" content=\"Est. reading time\" \/>\n\t<meta name=\"twitter:data2\" content=\"2 minutes\" \/>\n<script type=\"application\/ld+json\" class=\"yoast-schema-graph\">{\"@context\":\"https:\\\/\\\/schema.org\",\"@graph\":[{\"@type\":\"Article\",\"@id\":\"https:\\\/\\\/www.cde.ual.es\\\/en\\\/2a-edicion-del-concurso-la-loca-europa\\\/#article\",\"isPartOf\":{\"@id\":\"https:\\\/\\\/www.cde.ual.es\\\/en\\\/2a-edicion-del-concurso-la-loca-europa\\\/\"},\"author\":{\"name\":\"AdminCDE\",\"@id\":\"https:\\\/\\\/www.cde.ual.es\\\/#\\\/schema\\\/person\\\/224ef08c8bcc005f319d2713ce37ee5f\"},\"headline\":\"2nd edition of the &#8220;La Loca Europa&#8221; competition\",\"datePublished\":\"2026-04-22T07:26:39+00:00\",\"dateModified\":\"2026-04-28T09:46:44+00:00\",\"mainEntityOfPage\":{\"@id\":\"https:\\\/\\\/www.cde.ual.es\\\/en\\\/2a-edicion-del-concurso-la-loca-europa\\\/\"},\"wordCount\":144,\"commentCount\":0,\"publisher\":{\"@id\":\"https:\\\/\\\/www.cde.ual.es\\\/#organization\"},\"image\":{\"@id\":\"https:\\\/\\\/www.cde.ual.es\\\/en\\\/2a-edicion-del-concurso-la-loca-europa\\\/#primaryimage\"},\"thumbnailUrl\":\"https:\\\/\\\/www.cde.ual.es\\\/wp-content\\\/uploads\\\/2026\\\/04\\\/La-Loca-Europa-II-1-1-e1777369576592.png\",\"keywords\":[\"activities\",\"Art\",\"Arte\",\"Cine\",\"Cinema\",\"Competition\",\"Cultural diversity\",\"culture\",\"Europe\",\"Gastronomy\",\"prizes\",\"quizzes\",\"traditions\",\"Uni\u00f3n Europea\"],\"articleSection\":[\"Activities\"],\"inLanguage\":\"en-US\",\"potentialAction\":[{\"@type\":\"CommentAction\",\"name\":\"Comment\",\"target\":[\"https:\\\/\\\/www.cde.ual.es\\\/en\\\/2a-edicion-del-concurso-la-loca-europa\\\/#respond\"]}]},{\"@type\":\"WebPage\",\"@id\":\"https:\\\/\\\/www.cde.ual.es\\\/en\\\/2a-edicion-del-concurso-la-loca-europa\\\/\",\"url\":\"https:\\\/\\\/www.cde.ual.es\\\/en\\\/2a-edicion-del-concurso-la-loca-europa\\\/\",\"name\":\"2nd edition of the \\\"La Loca Europa\\\" competition | CDE Almer\u00eda - Centro de Documentaci\u00f3n Europea - Universidad de Almer\u00eda\",\"isPartOf\":{\"@id\":\"https:\\\/\\\/www.cde.ual.es\\\/#website\"},\"primaryImageOfPage\":{\"@id\":\"https:\\\/\\\/www.cde.ual.es\\\/en\\\/2a-edicion-del-concurso-la-loca-europa\\\/#primaryimage\"},\"image\":{\"@id\":\"https:\\\/\\\/www.cde.ual.es\\\/en\\\/2a-edicion-del-concurso-la-loca-europa\\\/#primaryimage\"},\"thumbnailUrl\":\"https:\\\/\\\/www.cde.ual.es\\\/wp-content\\\/uploads\\\/2026\\\/04\\\/La-Loca-Europa-II-1-1-e1777369576592.png\",\"datePublished\":\"2026-04-22T07:26:39+00:00\",\"dateModified\":\"2026-04-28T09:46:44+00:00\",\"breadcrumb\":{\"@id\":\"https:\\\/\\\/www.cde.ual.es\\\/en\\\/2a-edicion-del-concurso-la-loca-europa\\\/#breadcrumb\"},\"inLanguage\":\"en-US\",\"potentialAction\":[{\"@type\":\"ReadAction\",\"target\":[\"https:\\\/\\\/www.cde.ual.es\\\/en\\\/2a-edicion-del-concurso-la-loca-europa\\\/\"]}]},{\"@type\":\"ImageObject\",\"inLanguage\":\"en-US\",\"@id\":\"https:\\\/\\\/www.cde.ual.es\\\/en\\\/2a-edicion-del-concurso-la-loca-europa\\\/#primaryimage\",\"url\":\"https:\\\/\\\/www.cde.ual.es\\\/wp-content\\\/uploads\\\/2026\\\/04\\\/La-Loca-Europa-II-1-1-e1777369576592.png\",\"contentUrl\":\"https:\\\/\\\/www.cde.ual.es\\\/wp-content\\\/uploads\\\/2026\\\/04\\\/La-Loca-Europa-II-1-1-e1777369576592.png\",\"width\":1080,\"height\":600},{\"@type\":\"BreadcrumbList\",\"@id\":\"https:\\\/\\\/www.cde.ual.es\\\/en\\\/2a-edicion-del-concurso-la-loca-europa\\\/#breadcrumb\",\"itemListElement\":[{\"@type\":\"ListItem\",\"position\":1,\"name\":\"Inicio\",\"item\":\"https:\\\/\\\/www.cde.ual.es\\\/en\\\/\"},{\"@type\":\"ListItem\",\"position\":2,\"name\":\"Activities\",\"item\":\"https:\\\/\\\/www.cde.ual.es\\\/en\\\/category\\\/activities\\\/\"},{\"@type\":\"ListItem\",\"position\":3,\"name\":\"2nd edition of the &#8220;La Loca Europa&#8221; competition\"}]},{\"@type\":\"WebSite\",\"@id\":\"https:\\\/\\\/www.cde.ual.es\\\/#website\",\"url\":\"https:\\\/\\\/www.cde.ual.es\\\/\",\"name\":\"CDE Almer\u00eda - Centro de Documentaci\u00f3n Europea - Universidad de Almer\u00eda\",\"description\":\"Centro de Documentaci\u00f3n Europea de la Universidad de Almer\u00eda\",\"publisher\":{\"@id\":\"https:\\\/\\\/www.cde.ual.es\\\/#organization\"},\"alternateName\":\"CDE Almer\u00eda\",\"potentialAction\":[{\"@type\":\"SearchAction\",\"target\":{\"@type\":\"EntryPoint\",\"urlTemplate\":\"https:\\\/\\\/www.cde.ual.es\\\/?s={search_term_string}\"},\"query-input\":{\"@type\":\"PropertyValueSpecification\",\"valueRequired\":true,\"valueName\":\"search_term_string\"}}],\"inLanguage\":\"en-US\"},{\"@type\":\"Organization\",\"@id\":\"https:\\\/\\\/www.cde.ual.es\\\/#organization\",\"name\":\"Centro de Documentaci\u00f3n Europea de Almer\u00eda\",\"url\":\"https:\\\/\\\/www.cde.ual.es\\\/\",\"logo\":{\"@type\":\"ImageObject\",\"inLanguage\":\"en-US\",\"@id\":\"https:\\\/\\\/www.cde.ual.es\\\/#\\\/schema\\\/logo\\\/image\\\/\",\"url\":\"https:\\\/\\\/www.cde.ual.es\\\/wp-content\\\/uploads\\\/2025\\\/07\\\/cde-logo-3.png\",\"contentUrl\":\"https:\\\/\\\/www.cde.ual.es\\\/wp-content\\\/uploads\\\/2025\\\/07\\\/cde-logo-3.png\",\"width\":1400,\"height\":300,\"caption\":\"Centro de Documentaci\u00f3n Europea de Almer\u00eda\"},\"image\":{\"@id\":\"https:\\\/\\\/www.cde.ual.es\\\/#\\\/schema\\\/logo\\\/image\\\/\"},\"sameAs\":[\"https:\\\/\\\/www.facebook.com\\\/cdeuniversidadalmeria\\\/\",\"https:\\\/\\\/x.com\\\/cdeualmeria\",\"https:\\\/\\\/www.tiktok.com\\\/@cdealmeria\",\"https:\\\/\\\/www.instagram.com\\\/cdealmeria\\\/\",\"https:\\\/\\\/www.linkedin.com\\\/in\\\/cde-almera-812b26a9\\\/\"]},{\"@type\":\"Person\",\"@id\":\"https:\\\/\\\/www.cde.ual.es\\\/#\\\/schema\\\/person\\\/224ef08c8bcc005f319d2713ce37ee5f\",\"name\":\"AdminCDE\",\"image\":{\"@type\":\"ImageObject\",\"inLanguage\":\"en-US\",\"@id\":\"https:\\\/\\\/secure.gravatar.com\\\/avatar\\\/a72d038d371f995cd13706fac32274b7952a52e8fb0a84b5f80c85426f2a98a8?s=96&d=mm&r=g\",\"url\":\"https:\\\/\\\/secure.gravatar.com\\\/avatar\\\/a72d038d371f995cd13706fac32274b7952a52e8fb0a84b5f80c85426f2a98a8?s=96&d=mm&r=g\",\"contentUrl\":\"https:\\\/\\\/secure.gravatar.com\\\/avatar\\\/a72d038d371f995cd13706fac32274b7952a52e8fb0a84b5f80c85426f2a98a8?s=96&d=mm&r=g\",\"caption\":\"AdminCDE\"}}]}<\/script>\n<!-- \/ Yoast SEO plugin. -->","yoast_head_json":{"title":"2nd edition of the \"La Loca Europa\" competition | CDE Almer\u00eda - Centro de Documentaci\u00f3n Europea - Universidad de Almer\u00eda","robots":{"index":"index","follow":"follow","max-snippet":"max-snippet:-1","max-image-preview":"max-image-preview:large","max-video-preview":"max-video-preview:-1"},"canonical":"https:\/\/www.cde.ual.es\/en\/2a-edicion-del-concurso-la-loca-europa\/","og_locale":"en_US","og_type":"article","og_title":"2nd edition of the \"La Loca Europa\" competition | CDE Almer\u00eda - Centro de Documentaci\u00f3n Europea - Universidad de Almer\u00eda","og_description":"To mark Europe Day, and for the second year running, the UAL European Documentation Centre is organising the &#8220;La Loca Europa&#8221; competition, an initiative designed to celebrate knowledge, participation and the European spirit within the university community. The theme will focus on traditions, interesting facts, cultural aspects, cuisine, sport, art and cinema from the various [&hellip;]","og_url":"https:\/\/www.cde.ual.es\/en\/2a-edicion-del-concurso-la-loca-europa\/","og_site_name":"CDE Almer\u00eda - Centro de Documentaci\u00f3n Europea - Universidad de Almer\u00eda","article_publisher":"https:\/\/www.facebook.com\/cdeuniversidadalmeria\/","article_published_time":"2026-04-22T07:26:39+00:00","article_modified_time":"2026-04-28T09:46:44+00:00","og_image":[{"width":1080,"height":600,"url":"https:\/\/www.cde.ual.es\/wp-content\/uploads\/2026\/04\/La-Loca-Europa-II-1-1-e1777369576592.png","type":"image\/png"}],"author":"AdminCDE","twitter_card":"summary_large_image","twitter_creator":"@cdeualmeria","twitter_site":"@cdeualmeria","twitter_misc":{"Written by":"AdminCDE","Est. reading time":"2 minutes"},"schema":{"@context":"https:\/\/schema.org","@graph":[{"@type":"Article","@id":"https:\/\/www.cde.ual.es\/en\/2a-edicion-del-concurso-la-loca-europa\/#article","isPartOf":{"@id":"https:\/\/www.cde.ual.es\/en\/2a-edicion-del-concurso-la-loca-europa\/"},"author":{"name":"AdminCDE","@id":"https:\/\/www.cde.ual.es\/#\/schema\/person\/224ef08c8bcc005f319d2713ce37ee5f"},"headline":"2nd edition of the &#8220;La Loca Europa&#8221; competition","datePublished":"2026-04-22T07:26:39+00:00","dateModified":"2026-04-28T09:46:44+00:00","mainEntityOfPage":{"@id":"https:\/\/www.cde.ual.es\/en\/2a-edicion-del-concurso-la-loca-europa\/"},"wordCount":144,"commentCount":0,"publisher":{"@id":"https:\/\/www.cde.ual.es\/#organization"},"image":{"@id":"https:\/\/www.cde.ual.es\/en\/2a-edicion-del-concurso-la-loca-europa\/#primaryimage"},"thumbnailUrl":"https:\/\/www.cde.ual.es\/wp-content\/uploads\/2026\/04\/La-Loca-Europa-II-1-1-e1777369576592.png","keywords":["activities","Art","Arte","Cine","Cinema","Competition","Cultural diversity","culture","Europe","Gastronomy","prizes","quizzes","traditions","Uni\u00f3n Europea"],"articleSection":["Activities"],"inLanguage":"en-US","potentialAction":[{"@type":"CommentAction","name":"Comment","target":["https:\/\/www.cde.ual.es\/en\/2a-edicion-del-concurso-la-loca-europa\/#respond"]}]},{"@type":"WebPage","@id":"https:\/\/www.cde.ual.es\/en\/2a-edicion-del-concurso-la-loca-europa\/","url":"https:\/\/www.cde.ual.es\/en\/2a-edicion-del-concurso-la-loca-europa\/","name":"2nd edition of the \"La Loca Europa\" competition | CDE Almer\u00eda - Centro de Documentaci\u00f3n Europea - Universidad de Almer\u00eda","isPartOf":{"@id":"https:\/\/www.cde.ual.es\/#website"},"primaryImageOfPage":{"@id":"https:\/\/www.cde.ual.es\/en\/2a-edicion-del-concurso-la-loca-europa\/#primaryimage"},"image":{"@id":"https:\/\/www.cde.ual.es\/en\/2a-edicion-del-concurso-la-loca-europa\/#primaryimage"},"thumbnailUrl":"https:\/\/www.cde.ual.es\/wp-content\/uploads\/2026\/04\/La-Loca-Europa-II-1-1-e1777369576592.png","datePublished":"2026-04-22T07:26:39+00:00","dateModified":"2026-04-28T09:46:44+00:00","breadcrumb":{"@id":"https:\/\/www.cde.ual.es\/en\/2a-edicion-del-concurso-la-loca-europa\/#breadcrumb"},"inLanguage":"en-US","potentialAction":[{"@type":"ReadAction","target":["https:\/\/www.cde.ual.es\/en\/2a-edicion-del-concurso-la-loca-europa\/"]}]},{"@type":"ImageObject","inLanguage":"en-US","@id":"https:\/\/www.cde.ual.es\/en\/2a-edicion-del-concurso-la-loca-europa\/#primaryimage","url":"https:\/\/www.cde.ual.es\/wp-content\/uploads\/2026\/04\/La-Loca-Europa-II-1-1-e1777369576592.png","contentUrl":"https:\/\/www.cde.ual.es\/wp-content\/uploads\/2026\/04\/La-Loca-Europa-II-1-1-e1777369576592.png","width":1080,"height":600},{"@type":"BreadcrumbList","@id":"https:\/\/www.cde.ual.es\/en\/2a-edicion-del-concurso-la-loca-europa\/#breadcrumb","itemListElement":[{"@type":"ListItem","position":1,"name":"Inicio","item":"https:\/\/www.cde.ual.es\/en\/"},{"@type":"ListItem","position":2,"name":"Activities","item":"https:\/\/www.cde.ual.es\/en\/category\/activities\/"},{"@type":"ListItem","position":3,"name":"2nd edition of the &#8220;La Loca Europa&#8221; competition"}]},{"@type":"WebSite","@id":"https:\/\/www.cde.ual.es\/#website","url":"https:\/\/www.cde.ual.es\/","name":"CDE Almer\u00eda - Centro de Documentaci\u00f3n Europea - Universidad de Almer\u00eda","description":"Centro de Documentaci\u00f3n Europea de la Universidad de Almer\u00eda","publisher":{"@id":"https:\/\/www.cde.ual.es\/#organization"},"alternateName":"CDE Almer\u00eda","potentialAction":[{"@type":"SearchAction","target":{"@type":"EntryPoint","urlTemplate":"https:\/\/www.cde.ual.es\/?s={search_term_string}"},"query-input":{"@type":"PropertyValueSpecification","valueRequired":true,"valueName":"search_term_string"}}],"inLanguage":"en-US"},{"@type":"Organization","@id":"https:\/\/www.cde.ual.es\/#organization","name":"Centro de Documentaci\u00f3n Europea de Almer\u00eda","url":"https:\/\/www.cde.ual.es\/","logo":{"@type":"ImageObject","inLanguage":"en-US","@id":"https:\/\/www.cde.ual.es\/#\/schema\/logo\/image\/","url":"https:\/\/www.cde.ual.es\/wp-content\/uploads\/2025\/07\/cde-logo-3.png","contentUrl":"https:\/\/www.cde.ual.es\/wp-content\/uploads\/2025\/07\/cde-logo-3.png","width":1400,"height":300,"caption":"Centro de Documentaci\u00f3n Europea de Almer\u00eda"},"image":{"@id":"https:\/\/www.cde.ual.es\/#\/schema\/logo\/image\/"},"sameAs":["https:\/\/www.facebook.com\/cdeuniversidadalmeria\/","https:\/\/x.com\/cdeualmeria","https:\/\/www.tiktok.com\/@cdealmeria","https:\/\/www.instagram.com\/cdealmeria\/","https:\/\/www.linkedin.com\/in\/cde-almera-812b26a9\/"]},{"@type":"Person","@id":"https:\/\/www.cde.ual.es\/#\/schema\/person\/224ef08c8bcc005f319d2713ce37ee5f","name":"AdminCDE","image":{"@type":"ImageObject","inLanguage":"en-US","@id":"https:\/\/secure.gravatar.com\/avatar\/a72d038d371f995cd13706fac32274b7952a52e8fb0a84b5f80c85426f2a98a8?s=96&d=mm&r=g","url":"https:\/\/secure.gravatar.com\/avatar\/a72d038d371f995cd13706fac32274b7952a52e8fb0a84b5f80c85426f2a98a8?s=96&d=mm&r=g","contentUrl":"https:\/\/secure.gravatar.com\/avatar\/a72d038d371f995cd13706fac32274b7952a52e8fb0a84b5f80c85426f2a98a8?s=96&d=mm&r=g","caption":"AdminCDE"}}]}},"_links":{"self":[{"href":"https:\/\/www.cde.ual.es\/en\/wp-json\/wp\/v2\/posts\/167734","targetHints":{"allow":["GET"]}}],"collection":[{"href":"https:\/\/www.cde.ual.es\/en\/wp-json\/wp\/v2\/posts"}],"about":[{"href":"https:\/\/www.cde.ual.es\/en\/wp-json\/wp\/v2\/types\/post"}],"author":[{"embeddable":true,"href":"https:\/\/www.cde.ual.es\/en\/wp-json\/wp\/v2\/users\/1"}],"replies":[{"embeddable":true,"href":"https:\/\/www.cde.ual.es\/en\/wp-json\/wp\/v2\/comments?post=167734"}],"version-history":[{"count":4,"href":"https:\/\/www.cde.ual.es\/en\/wp-json\/wp\/v2\/posts\/167734\/revisions"}],"predecessor-version":[{"id":167769,"href":"https:\/\/www.cde.ual.es\/en\/wp-json\/wp\/v2\/posts\/167734\/revisions\/167769"}],"wp:featuredmedia":[{"embeddable":true,"href":"https:\/\/www.cde.ual.es\/en\/wp-json\/wp\/v2\/media\/167767"}],"wp:attachment":[{"href":"https:\/\/www.cde.ual.es\/en\/wp-json\/wp\/v2\/media?parent=167734"}],"wp:term":[{"taxonomy":"category","embeddable":true,"href":"https:\/\/www.cde.ual.es\/en\/wp-json\/wp\/v2\/categories?post=167734"},{"taxonomy":"post_tag","embeddable":true,"href":"https:\/\/www.cde.ual.es\/en\/wp-json\/wp\/v2\/tags?post=167734"}],"curies":[{"name":"wp","href":"https:\/\/api.w.org\/{rel}","templated":true}]}}