{"id":167722,"date":"2026-04-28T09:05:27","date_gmt":"2026-04-28T07:05:27","guid":{"rendered":"https:\/\/www.cde.ual.es\/?p=167722"},"modified":"2026-04-28T09:07:50","modified_gmt":"2026-04-28T07:07:50","slug":"la-ue-reforzara-la-dimension-regional-de-la-investigacion-y-la-innovacion","status":"publish","type":"post","link":"https:\/\/www.cde.ual.es\/en\/la-ue-reforzara-la-dimension-regional-de-la-investigacion-y-la-innovacion\/","title":{"rendered":"The EU will strengthen the regional dimension of research and innovation"},"content":{"rendered":"<p style=\"text-align: justify;\"><span dir=\"auto\">The European Commission and the European Committee of the Regions have signed a new <\/span><span dir=\"auto\">Joint Action Plan<\/span><span dir=\"auto\">to strengthen the role of cities and regions in research and innovation (R&amp;I).<\/span><\/p>\n<p><img decoding=\"async\" class=\"aligncenter\" src=\"https:\/\/www.cde.ual.es\/wp-content\/uploads\/2026\/04\/pexels-artempodrez-8533129-scaled.jpg\" width=\"638\" height=\"359\" \/><\/p>\n<p style=\"text-align: justify;\"><span dir=\"auto\">Under the Joint Action Plan, the Commission and the Committee of the Regions will work together to strengthen the regional and local dimension of the EU\u2019s R&amp;I policies and initiatives. The Joint Action Plan will also support the implementation of the Commission\u2019s key actions at local and regional level, and facilitate the exchange of expertise and data between the two institutions.<\/span><\/p>\n<p style=\"text-align: justify;\"><span dir=\"auto\">The Action Plan sets out four specific priorities to boost innovation, sustainability and competitiveness in European cities and regions:<\/span><\/p>\n<ul style=\"text-align: justify;\">\n<li><strong><span dir=\"auto\">Building strong local and regional innovation ecosystems<\/span><\/strong><span dir=\"auto\">: this includes supporting the implementation of<\/span><span dir=\"auto\">the European Research Area<\/span><span dir=\"auto\">and ensuring that knowledge derived from cutting-edge research is integrated into innovation outcomes. Attracting and retaining talent is essential to this.<\/span><\/li>\n<li><strong><span dir=\"auto\">Facilitating the green and digital transition<\/span><\/strong><span dir=\"auto\">by supporting sustainable and inclusive innovation at local level.<\/span><\/li>\n<li><strong><span dir=\"auto\">Raising awareness<\/span><\/strong><span dir=\"auto\">among local authorities of the funding opportunities and outcomes of the<\/span><span dir=\"auto\">Horizon Europe<\/span><span dir=\"auto\">programme<\/span><span dir=\"auto\">, and promoting access to them: creating synergies between funds and exchanging good practices, including on simplification, research and innovation.<\/span><\/li>\n<li><strong><span dir=\"auto\">Support evidence-based policy-making in the regions<\/span><\/strong><span dir=\"auto\">, including territorial foresight and resilience.<\/span><\/li>\n<\/ul>\n<p style=\"text-align: justify;\"><span dir=\"auto\">Regions remain central to the EU\u2019s research and innovation agenda. Through the Joint Action Plan, groundbreaking discoveries, cutting-edge technologies and collaborative R&amp;D ecosystems at local level will drive competitiveness, sustainability and healthy, inclusive growth across the European Union.<\/span><\/p>\n<p style=\"text-align: justify;\"><span dir=\"auto\">This renewed collaboration strengthens multilevel governance, ensuring that local and regional authorities are not merely implementers, but also active co-creators of EU research and innovation policies.<\/span><\/p>\n<p style=\"text-align: justify;\"><strong><span dir=\"auto\">Background<\/span><\/strong><\/p>\n<p style=\"text-align: justify;\"><span dir=\"auto\">The<\/span><span dir=\"auto\">Joint Action Plan<\/span><span dir=\"auto\">is structured around four key priority areas and a flexible set of 11 actions, which are to be carried out before the end of the Commission\u2019s term of office, covering the period 2024\u20132029.\u00a0<\/span><\/p>\n<p style=\"text-align: justify;\"><span dir=\"auto\">This Joint Action Plan builds on a first version, which was developed between 2020 and 2025. The first Joint Action Plan (2020\u20132025) enabled the Commission and the Committee of the Regions to collaborate on research and innovation policies, fostering cooperation between EU institutions and regional authorities.<\/span><\/p>\n<p><strong>More information: <a href=\"https:\/\/ec.europa.eu\/commission\/presscorner\/detail\/en\/ip_26_873\">European Commission<\/a>.<\/strong><\/p>\n","protected":false},"excerpt":{"rendered":"<p>The European Commission and the European Committee of the Regions have signed a new Joint Action Planto strengthen the role of cities and regions in research and innovation (R&amp;I). Under the Joint Action Plan, the Commission and the Committee of the Regions will work together to strengthen the regional and local dimension of the EU\u2019s [&hellip;]<\/p>\n","protected":false},"author":1,"featured_media":167717,"comment_status":"open","ping_status":"open","sticky":false,"template":"","format":"standard","meta":{"_acf_changed":false,"_relevanssi_hide_post":"","_relevanssi_hide_content":"","_relevanssi_pin_for_all":"","_relevanssi_pin_keywords":"","_relevanssi_unpin_keywords":"","_relevanssi_related_keywords":"","_relevanssi_related_include_ids":"","_relevanssi_related_exclude_ids":"","_relevanssi_related_no_append":"","_relevanssi_related_not_related":"","_relevanssi_related_posts":"","_relevanssi_noindex_reason":"","_monsterinsights_skip_tracking":false,"_monsterinsights_sitenote_active":false,"_monsterinsights_sitenote_note":"","_monsterinsights_sitenote_category":0,"_genesis_hide_title":false,"_genesis_hide_breadcrumbs":false,"_genesis_hide_singular_image":false,"_genesis_hide_footer_widgets":false,"_genesis_custom_body_class":"","_genesis_custom_post_class":"","_genesis_layout":"","footnotes":""},"categories":[346,4082],"tags":[623,1488,368,483,5995,404,2788,1836,14310,433],"class_list":{"0":"post-167722","1":"post","2":"type-post","3":"status-publish","4":"format-standard","5":"has-post-thumbnail","7":"category-eu-news","8":"category-research-innovation","9":"tag-cooperation","10":"tag-european-commission","11":"tag-european-union","12":"tag-funds","13":"tag-initiatives","14":"tag-innovation","15":"tag-news","16":"tag-plan-en","17":"tag-policies","18":"tag-research","19":"entry"},"acf":[],"yoast_head":"<!-- This site is optimized with the Yoast SEO plugin v27.4 - https:\/\/yoast.com\/product\/yoast-seo-wordpress\/ -->\n<title>The EU will strengthen the regional dimension of research and innovation | CDE Almer\u00eda - Centro de Documentaci\u00f3n Europea - Universidad de Almer\u00eda<\/title>\n<meta name=\"robots\" content=\"index, follow, max-snippet:-1, max-image-preview:large, max-video-preview:-1\" \/>\n<link rel=\"canonical\" href=\"https:\/\/www.cde.ual.es\/en\/la-ue-reforzara-la-dimension-regional-de-la-investigacion-y-la-innovacion\/\" \/>\n<meta property=\"og:locale\" content=\"en_US\" \/>\n<meta property=\"og:type\" content=\"article\" \/>\n<meta property=\"og:title\" content=\"The EU will strengthen the regional dimension of research and innovation | CDE Almer\u00eda - Centro de Documentaci\u00f3n Europea - Universidad de Almer\u00eda\" \/>\n<meta property=\"og:description\" content=\"The European Commission and the European Committee of the Regions have signed a new Joint Action Planto strengthen the role of cities and regions in research and innovation (R&amp;I). Under the Joint Action Plan, the Commission and the Committee of the Regions will work together to strengthen the regional and local dimension of the EU\u2019s [&hellip;]\" \/>\n<meta property=\"og:url\" content=\"https:\/\/www.cde.ual.es\/en\/la-ue-reforzara-la-dimension-regional-de-la-investigacion-y-la-innovacion\/\" \/>\n<meta property=\"og:site_name\" content=\"CDE Almer\u00eda - Centro de Documentaci\u00f3n Europea - Universidad de Almer\u00eda\" \/>\n<meta property=\"article:publisher\" content=\"https:\/\/www.facebook.com\/cdeuniversidadalmeria\/\" \/>\n<meta property=\"article:published_time\" content=\"2026-04-28T07:05:27+00:00\" \/>\n<meta property=\"article:modified_time\" content=\"2026-04-28T07:07:50+00:00\" \/>\n<meta property=\"og:image\" content=\"https:\/\/www.cde.ual.es\/wp-content\/uploads\/2026\/04\/pexels-artempodrez-8533129-scaled.jpg\" \/>\n\t<meta property=\"og:image:width\" content=\"2560\" \/>\n\t<meta property=\"og:image:height\" content=\"1440\" \/>\n\t<meta property=\"og:image:type\" content=\"image\/jpeg\" \/>\n<meta name=\"author\" content=\"AdminCDE\" \/>\n<meta name=\"twitter:card\" content=\"summary_large_image\" \/>\n<meta name=\"twitter:creator\" content=\"@cdeualmeria\" \/>\n<meta name=\"twitter:site\" content=\"@cdeualmeria\" \/>\n<meta name=\"twitter:label1\" content=\"Written by\" \/>\n\t<meta name=\"twitter:data1\" content=\"AdminCDE\" \/>\n\t<meta name=\"twitter:label2\" content=\"Est. reading time\" \/>\n\t<meta name=\"twitter:data2\" content=\"3 minutes\" \/>\n<script type=\"application\/ld+json\" class=\"yoast-schema-graph\">{\"@context\":\"https:\\\/\\\/schema.org\",\"@graph\":[{\"@type\":\"Article\",\"@id\":\"https:\\\/\\\/www.cde.ual.es\\\/en\\\/la-ue-reforzara-la-dimension-regional-de-la-investigacion-y-la-innovacion\\\/#article\",\"isPartOf\":{\"@id\":\"https:\\\/\\\/www.cde.ual.es\\\/en\\\/la-ue-reforzara-la-dimension-regional-de-la-investigacion-y-la-innovacion\\\/\"},\"author\":{\"name\":\"AdminCDE\",\"@id\":\"https:\\\/\\\/www.cde.ual.es\\\/#\\\/schema\\\/person\\\/224ef08c8bcc005f319d2713ce37ee5f\"},\"headline\":\"The EU will strengthen the regional dimension of research and innovation\",\"datePublished\":\"2026-04-28T07:05:27+00:00\",\"dateModified\":\"2026-04-28T07:07:50+00:00\",\"mainEntityOfPage\":{\"@id\":\"https:\\\/\\\/www.cde.ual.es\\\/en\\\/la-ue-reforzara-la-dimension-regional-de-la-investigacion-y-la-innovacion\\\/\"},\"wordCount\":377,\"commentCount\":0,\"publisher\":{\"@id\":\"https:\\\/\\\/www.cde.ual.es\\\/#organization\"},\"image\":{\"@id\":\"https:\\\/\\\/www.cde.ual.es\\\/en\\\/la-ue-reforzara-la-dimension-regional-de-la-investigacion-y-la-innovacion\\\/#primaryimage\"},\"thumbnailUrl\":\"https:\\\/\\\/www.cde.ual.es\\\/wp-content\\\/uploads\\\/2026\\\/04\\\/pexels-artempodrez-8533129-scaled.jpg\",\"keywords\":[\"Cooperation\",\"European Commission\",\"European Union\",\"Funds\",\"initiatives\",\"innovation\",\"News\",\"plan\",\"policies\",\"Research\"],\"articleSection\":[\"EU News\",\"Research and Innovation\"],\"inLanguage\":\"en-US\",\"potentialAction\":[{\"@type\":\"CommentAction\",\"name\":\"Comment\",\"target\":[\"https:\\\/\\\/www.cde.ual.es\\\/en\\\/la-ue-reforzara-la-dimension-regional-de-la-investigacion-y-la-innovacion\\\/#respond\"]}]},{\"@type\":\"WebPage\",\"@id\":\"https:\\\/\\\/www.cde.ual.es\\\/en\\\/la-ue-reforzara-la-dimension-regional-de-la-investigacion-y-la-innovacion\\\/\",\"url\":\"https:\\\/\\\/www.cde.ual.es\\\/en\\\/la-ue-reforzara-la-dimension-regional-de-la-investigacion-y-la-innovacion\\\/\",\"name\":\"The EU will strengthen the regional dimension of research and innovation | CDE Almer\u00eda - Centro de Documentaci\u00f3n Europea - Universidad de Almer\u00eda\",\"isPartOf\":{\"@id\":\"https:\\\/\\\/www.cde.ual.es\\\/#website\"},\"primaryImageOfPage\":{\"@id\":\"https:\\\/\\\/www.cde.ual.es\\\/en\\\/la-ue-reforzara-la-dimension-regional-de-la-investigacion-y-la-innovacion\\\/#primaryimage\"},\"image\":{\"@id\":\"https:\\\/\\\/www.cde.ual.es\\\/en\\\/la-ue-reforzara-la-dimension-regional-de-la-investigacion-y-la-innovacion\\\/#primaryimage\"},\"thumbnailUrl\":\"https:\\\/\\\/www.cde.ual.es\\\/wp-content\\\/uploads\\\/2026\\\/04\\\/pexels-artempodrez-8533129-scaled.jpg\",\"datePublished\":\"2026-04-28T07:05:27+00:00\",\"dateModified\":\"2026-04-28T07:07:50+00:00\",\"breadcrumb\":{\"@id\":\"https:\\\/\\\/www.cde.ual.es\\\/en\\\/la-ue-reforzara-la-dimension-regional-de-la-investigacion-y-la-innovacion\\\/#breadcrumb\"},\"inLanguage\":\"en-US\",\"potentialAction\":[{\"@type\":\"ReadAction\",\"target\":[\"https:\\\/\\\/www.cde.ual.es\\\/en\\\/la-ue-reforzara-la-dimension-regional-de-la-investigacion-y-la-innovacion\\\/\"]}]},{\"@type\":\"ImageObject\",\"inLanguage\":\"en-US\",\"@id\":\"https:\\\/\\\/www.cde.ual.es\\\/en\\\/la-ue-reforzara-la-dimension-regional-de-la-investigacion-y-la-innovacion\\\/#primaryimage\",\"url\":\"https:\\\/\\\/www.cde.ual.es\\\/wp-content\\\/uploads\\\/2026\\\/04\\\/pexels-artempodrez-8533129-scaled.jpg\",\"contentUrl\":\"https:\\\/\\\/www.cde.ual.es\\\/wp-content\\\/uploads\\\/2026\\\/04\\\/pexels-artempodrez-8533129-scaled.jpg\",\"width\":2560,\"height\":1440},{\"@type\":\"BreadcrumbList\",\"@id\":\"https:\\\/\\\/www.cde.ual.es\\\/en\\\/la-ue-reforzara-la-dimension-regional-de-la-investigacion-y-la-innovacion\\\/#breadcrumb\",\"itemListElement\":[{\"@type\":\"ListItem\",\"position\":1,\"name\":\"Inicio\",\"item\":\"https:\\\/\\\/www.cde.ual.es\\\/en\\\/\"},{\"@type\":\"ListItem\",\"position\":2,\"name\":\"EU News\",\"item\":\"https:\\\/\\\/www.cde.ual.es\\\/en\\\/category\\\/eu-news\\\/\"},{\"@type\":\"ListItem\",\"position\":3,\"name\":\"Research and Innovation\",\"item\":\"https:\\\/\\\/www.cde.ual.es\\\/en\\\/category\\\/eu-news\\\/research-innovation\\\/\"},{\"@type\":\"ListItem\",\"position\":4,\"name\":\"The EU will strengthen the regional dimension of research and innovation\"}]},{\"@type\":\"WebSite\",\"@id\":\"https:\\\/\\\/www.cde.ual.es\\\/#website\",\"url\":\"https:\\\/\\\/www.cde.ual.es\\\/\",\"name\":\"CDE Almer\u00eda - Centro de Documentaci\u00f3n Europea - Universidad de Almer\u00eda\",\"description\":\"Centro de Documentaci\u00f3n Europea de la Universidad de Almer\u00eda\",\"publisher\":{\"@id\":\"https:\\\/\\\/www.cde.ual.es\\\/#organization\"},\"alternateName\":\"CDE Almer\u00eda\",\"potentialAction\":[{\"@type\":\"SearchAction\",\"target\":{\"@type\":\"EntryPoint\",\"urlTemplate\":\"https:\\\/\\\/www.cde.ual.es\\\/?s={search_term_string}\"},\"query-input\":{\"@type\":\"PropertyValueSpecification\",\"valueRequired\":true,\"valueName\":\"search_term_string\"}}],\"inLanguage\":\"en-US\"},{\"@type\":\"Organization\",\"@id\":\"https:\\\/\\\/www.cde.ual.es\\\/#organization\",\"name\":\"Centro de Documentaci\u00f3n Europea de Almer\u00eda\",\"url\":\"https:\\\/\\\/www.cde.ual.es\\\/\",\"logo\":{\"@type\":\"ImageObject\",\"inLanguage\":\"en-US\",\"@id\":\"https:\\\/\\\/www.cde.ual.es\\\/#\\\/schema\\\/logo\\\/image\\\/\",\"url\":\"https:\\\/\\\/www.cde.ual.es\\\/wp-content\\\/uploads\\\/2025\\\/07\\\/cde-logo-3.png\",\"contentUrl\":\"https:\\\/\\\/www.cde.ual.es\\\/wp-content\\\/uploads\\\/2025\\\/07\\\/cde-logo-3.png\",\"width\":1400,\"height\":300,\"caption\":\"Centro de Documentaci\u00f3n Europea de Almer\u00eda\"},\"image\":{\"@id\":\"https:\\\/\\\/www.cde.ual.es\\\/#\\\/schema\\\/logo\\\/image\\\/\"},\"sameAs\":[\"https:\\\/\\\/www.facebook.com\\\/cdeuniversidadalmeria\\\/\",\"https:\\\/\\\/x.com\\\/cdeualmeria\",\"https:\\\/\\\/www.tiktok.com\\\/@cdealmeria\",\"https:\\\/\\\/www.instagram.com\\\/cdealmeria\\\/\",\"https:\\\/\\\/www.linkedin.com\\\/in\\\/cde-almera-812b26a9\\\/\"]},{\"@type\":\"Person\",\"@id\":\"https:\\\/\\\/www.cde.ual.es\\\/#\\\/schema\\\/person\\\/224ef08c8bcc005f319d2713ce37ee5f\",\"name\":\"AdminCDE\",\"image\":{\"@type\":\"ImageObject\",\"inLanguage\":\"en-US\",\"@id\":\"https:\\\/\\\/secure.gravatar.com\\\/avatar\\\/a72d038d371f995cd13706fac32274b7952a52e8fb0a84b5f80c85426f2a98a8?s=96&d=mm&r=g\",\"url\":\"https:\\\/\\\/secure.gravatar.com\\\/avatar\\\/a72d038d371f995cd13706fac32274b7952a52e8fb0a84b5f80c85426f2a98a8?s=96&d=mm&r=g\",\"contentUrl\":\"https:\\\/\\\/secure.gravatar.com\\\/avatar\\\/a72d038d371f995cd13706fac32274b7952a52e8fb0a84b5f80c85426f2a98a8?s=96&d=mm&r=g\",\"caption\":\"AdminCDE\"}}]}<\/script>\n<!-- \/ Yoast SEO plugin. -->","yoast_head_json":{"title":"The EU will strengthen the regional dimension of research and innovation | CDE Almer\u00eda - Centro de Documentaci\u00f3n Europea - Universidad de Almer\u00eda","robots":{"index":"index","follow":"follow","max-snippet":"max-snippet:-1","max-image-preview":"max-image-preview:large","max-video-preview":"max-video-preview:-1"},"canonical":"https:\/\/www.cde.ual.es\/en\/la-ue-reforzara-la-dimension-regional-de-la-investigacion-y-la-innovacion\/","og_locale":"en_US","og_type":"article","og_title":"The EU will strengthen the regional dimension of research and innovation | CDE Almer\u00eda - Centro de Documentaci\u00f3n Europea - Universidad de Almer\u00eda","og_description":"The European Commission and the European Committee of the Regions have signed a new Joint Action Planto strengthen the role of cities and regions in research and innovation (R&amp;I). Under the Joint Action Plan, the Commission and the Committee of the Regions will work together to strengthen the regional and local dimension of the EU\u2019s [&hellip;]","og_url":"https:\/\/www.cde.ual.es\/en\/la-ue-reforzara-la-dimension-regional-de-la-investigacion-y-la-innovacion\/","og_site_name":"CDE Almer\u00eda - Centro de Documentaci\u00f3n Europea - Universidad de Almer\u00eda","article_publisher":"https:\/\/www.facebook.com\/cdeuniversidadalmeria\/","article_published_time":"2026-04-28T07:05:27+00:00","article_modified_time":"2026-04-28T07:07:50+00:00","og_image":[{"width":2560,"height":1440,"url":"https:\/\/www.cde.ual.es\/wp-content\/uploads\/2026\/04\/pexels-artempodrez-8533129-scaled.jpg","type":"image\/jpeg"}],"author":"AdminCDE","twitter_card":"summary_large_image","twitter_creator":"@cdeualmeria","twitter_site":"@cdeualmeria","twitter_misc":{"Written by":"AdminCDE","Est. reading time":"3 minutes"},"schema":{"@context":"https:\/\/schema.org","@graph":[{"@type":"Article","@id":"https:\/\/www.cde.ual.es\/en\/la-ue-reforzara-la-dimension-regional-de-la-investigacion-y-la-innovacion\/#article","isPartOf":{"@id":"https:\/\/www.cde.ual.es\/en\/la-ue-reforzara-la-dimension-regional-de-la-investigacion-y-la-innovacion\/"},"author":{"name":"AdminCDE","@id":"https:\/\/www.cde.ual.es\/#\/schema\/person\/224ef08c8bcc005f319d2713ce37ee5f"},"headline":"The EU will strengthen the regional dimension of research and innovation","datePublished":"2026-04-28T07:05:27+00:00","dateModified":"2026-04-28T07:07:50+00:00","mainEntityOfPage":{"@id":"https:\/\/www.cde.ual.es\/en\/la-ue-reforzara-la-dimension-regional-de-la-investigacion-y-la-innovacion\/"},"wordCount":377,"commentCount":0,"publisher":{"@id":"https:\/\/www.cde.ual.es\/#organization"},"image":{"@id":"https:\/\/www.cde.ual.es\/en\/la-ue-reforzara-la-dimension-regional-de-la-investigacion-y-la-innovacion\/#primaryimage"},"thumbnailUrl":"https:\/\/www.cde.ual.es\/wp-content\/uploads\/2026\/04\/pexels-artempodrez-8533129-scaled.jpg","keywords":["Cooperation","European Commission","European Union","Funds","initiatives","innovation","News","plan","policies","Research"],"articleSection":["EU News","Research and Innovation"],"inLanguage":"en-US","potentialAction":[{"@type":"CommentAction","name":"Comment","target":["https:\/\/www.cde.ual.es\/en\/la-ue-reforzara-la-dimension-regional-de-la-investigacion-y-la-innovacion\/#respond"]}]},{"@type":"WebPage","@id":"https:\/\/www.cde.ual.es\/en\/la-ue-reforzara-la-dimension-regional-de-la-investigacion-y-la-innovacion\/","url":"https:\/\/www.cde.ual.es\/en\/la-ue-reforzara-la-dimension-regional-de-la-investigacion-y-la-innovacion\/","name":"The EU will strengthen the regional dimension of research and innovation | CDE Almer\u00eda - Centro de Documentaci\u00f3n Europea - Universidad de Almer\u00eda","isPartOf":{"@id":"https:\/\/www.cde.ual.es\/#website"},"primaryImageOfPage":{"@id":"https:\/\/www.cde.ual.es\/en\/la-ue-reforzara-la-dimension-regional-de-la-investigacion-y-la-innovacion\/#primaryimage"},"image":{"@id":"https:\/\/www.cde.ual.es\/en\/la-ue-reforzara-la-dimension-regional-de-la-investigacion-y-la-innovacion\/#primaryimage"},"thumbnailUrl":"https:\/\/www.cde.ual.es\/wp-content\/uploads\/2026\/04\/pexels-artempodrez-8533129-scaled.jpg","datePublished":"2026-04-28T07:05:27+00:00","dateModified":"2026-04-28T07:07:50+00:00","breadcrumb":{"@id":"https:\/\/www.cde.ual.es\/en\/la-ue-reforzara-la-dimension-regional-de-la-investigacion-y-la-innovacion\/#breadcrumb"},"inLanguage":"en-US","potentialAction":[{"@type":"ReadAction","target":["https:\/\/www.cde.ual.es\/en\/la-ue-reforzara-la-dimension-regional-de-la-investigacion-y-la-innovacion\/"]}]},{"@type":"ImageObject","inLanguage":"en-US","@id":"https:\/\/www.cde.ual.es\/en\/la-ue-reforzara-la-dimension-regional-de-la-investigacion-y-la-innovacion\/#primaryimage","url":"https:\/\/www.cde.ual.es\/wp-content\/uploads\/2026\/04\/pexels-artempodrez-8533129-scaled.jpg","contentUrl":"https:\/\/www.cde.ual.es\/wp-content\/uploads\/2026\/04\/pexels-artempodrez-8533129-scaled.jpg","width":2560,"height":1440},{"@type":"BreadcrumbList","@id":"https:\/\/www.cde.ual.es\/en\/la-ue-reforzara-la-dimension-regional-de-la-investigacion-y-la-innovacion\/#breadcrumb","itemListElement":[{"@type":"ListItem","position":1,"name":"Inicio","item":"https:\/\/www.cde.ual.es\/en\/"},{"@type":"ListItem","position":2,"name":"EU News","item":"https:\/\/www.cde.ual.es\/en\/category\/eu-news\/"},{"@type":"ListItem","position":3,"name":"Research and Innovation","item":"https:\/\/www.cde.ual.es\/en\/category\/eu-news\/research-innovation\/"},{"@type":"ListItem","position":4,"name":"The EU will strengthen the regional dimension of research and innovation"}]},{"@type":"WebSite","@id":"https:\/\/www.cde.ual.es\/#website","url":"https:\/\/www.cde.ual.es\/","name":"CDE Almer\u00eda - Centro de Documentaci\u00f3n Europea - Universidad de Almer\u00eda","description":"Centro de Documentaci\u00f3n Europea de la Universidad de Almer\u00eda","publisher":{"@id":"https:\/\/www.cde.ual.es\/#organization"},"alternateName":"CDE Almer\u00eda","potentialAction":[{"@type":"SearchAction","target":{"@type":"EntryPoint","urlTemplate":"https:\/\/www.cde.ual.es\/?s={search_term_string}"},"query-input":{"@type":"PropertyValueSpecification","valueRequired":true,"valueName":"search_term_string"}}],"inLanguage":"en-US"},{"@type":"Organization","@id":"https:\/\/www.cde.ual.es\/#organization","name":"Centro de Documentaci\u00f3n Europea de Almer\u00eda","url":"https:\/\/www.cde.ual.es\/","logo":{"@type":"ImageObject","inLanguage":"en-US","@id":"https:\/\/www.cde.ual.es\/#\/schema\/logo\/image\/","url":"https:\/\/www.cde.ual.es\/wp-content\/uploads\/2025\/07\/cde-logo-3.png","contentUrl":"https:\/\/www.cde.ual.es\/wp-content\/uploads\/2025\/07\/cde-logo-3.png","width":1400,"height":300,"caption":"Centro de Documentaci\u00f3n Europea de Almer\u00eda"},"image":{"@id":"https:\/\/www.cde.ual.es\/#\/schema\/logo\/image\/"},"sameAs":["https:\/\/www.facebook.com\/cdeuniversidadalmeria\/","https:\/\/x.com\/cdeualmeria","https:\/\/www.tiktok.com\/@cdealmeria","https:\/\/www.instagram.com\/cdealmeria\/","https:\/\/www.linkedin.com\/in\/cde-almera-812b26a9\/"]},{"@type":"Person","@id":"https:\/\/www.cde.ual.es\/#\/schema\/person\/224ef08c8bcc005f319d2713ce37ee5f","name":"AdminCDE","image":{"@type":"ImageObject","inLanguage":"en-US","@id":"https:\/\/secure.gravatar.com\/avatar\/a72d038d371f995cd13706fac32274b7952a52e8fb0a84b5f80c85426f2a98a8?s=96&d=mm&r=g","url":"https:\/\/secure.gravatar.com\/avatar\/a72d038d371f995cd13706fac32274b7952a52e8fb0a84b5f80c85426f2a98a8?s=96&d=mm&r=g","contentUrl":"https:\/\/secure.gravatar.com\/avatar\/a72d038d371f995cd13706fac32274b7952a52e8fb0a84b5f80c85426f2a98a8?s=96&d=mm&r=g","caption":"AdminCDE"}}]}},"_links":{"self":[{"href":"https:\/\/www.cde.ual.es\/en\/wp-json\/wp\/v2\/posts\/167722","targetHints":{"allow":["GET"]}}],"collection":[{"href":"https:\/\/www.cde.ual.es\/en\/wp-json\/wp\/v2\/posts"}],"about":[{"href":"https:\/\/www.cde.ual.es\/en\/wp-json\/wp\/v2\/types\/post"}],"author":[{"embeddable":true,"href":"https:\/\/www.cde.ual.es\/en\/wp-json\/wp\/v2\/users\/1"}],"replies":[{"embeddable":true,"href":"https:\/\/www.cde.ual.es\/en\/wp-json\/wp\/v2\/comments?post=167722"}],"version-history":[{"count":4,"href":"https:\/\/www.cde.ual.es\/en\/wp-json\/wp\/v2\/posts\/167722\/revisions"}],"predecessor-version":[{"id":167728,"href":"https:\/\/www.cde.ual.es\/en\/wp-json\/wp\/v2\/posts\/167722\/revisions\/167728"}],"wp:featuredmedia":[{"embeddable":true,"href":"https:\/\/www.cde.ual.es\/en\/wp-json\/wp\/v2\/media\/167717"}],"wp:attachment":[{"href":"https:\/\/www.cde.ual.es\/en\/wp-json\/wp\/v2\/media?parent=167722"}],"wp:term":[{"taxonomy":"category","embeddable":true,"href":"https:\/\/www.cde.ual.es\/en\/wp-json\/wp\/v2\/categories?post=167722"},{"taxonomy":"post_tag","embeddable":true,"href":"https:\/\/www.cde.ual.es\/en\/wp-json\/wp\/v2\/tags?post=167722"}],"curies":[{"name":"wp","href":"https:\/\/api.w.org\/{rel}","templated":true}]}}