{"id":167718,"date":"2026-04-28T09:03:17","date_gmt":"2026-04-28T07:03:17","guid":{"rendered":"https:\/\/www.cde.ual.es\/?p=167718"},"modified":"2026-04-28T09:05:41","modified_gmt":"2026-04-28T07:05:41","slug":"la-ue-y-ee-uu-lanzan-una-alianza-estrategica-en-materia-de-minerales-criticos","status":"publish","type":"post","link":"https:\/\/www.cde.ual.es\/en\/la-ue-y-ee-uu-lanzan-una-alianza-estrategica-en-materia-de-minerales-criticos\/","title":{"rendered":"The EU and the US launch a strategic partnership on critical minerals"},"content":{"rendered":"<p style=\"text-align: justify;\"><span dir=\"auto\">The EU and the US signed a Memorandum of Understanding (MoU) on a strategic partnership on critical minerals and agreed on an EU-US Action Plan on Critical Minerals. These initiatives reflect the EU\u2019s commitment to deepening cooperation on critical raw materials. This is a key step towards improving the resilience and diversification of supply chains, against a backdrop of shared geopolitical and economic challenges.<\/span><\/p>\n<p><img decoding=\"async\" class=\"aligncenter\" src=\"https:\/\/www.cde.ual.es\/wp-content\/uploads\/2017\/12\/EEUU-UE.png\" width=\"544\" height=\"369\" \/><\/p>\n<p style=\"text-align: justify;\"><span dir=\"auto\">The Memorandum of Understanding, signed in Washington D.C. by the Commissioner for Trade and Economic Security, Maros <\/span><strong><span dir=\"auto\">\u0160ef\u010dovi\u010d,<\/span><\/strong><span dir=\"auto\">and the US Secretary of State, Marco Rubio, formalises the strategic partnership between the EU and the US to build secure and sustainable supply chains for critical minerals. It provides for bilateral cooperation across the entire value chain, covering exploration, extraction, processing, refining, recycling and recovery, whilst supporting innovation, investment and geological mapping, as well as supply and demand measures.<\/span><\/p>\n<p style=\"text-align: justify;\"><span dir=\"auto\">In addition, Commissioner <\/span><strong><span dir=\"auto\">\u0160ef\u010dovi\u010d <\/span><\/strong><span dir=\"auto\">and US Trade Representative Jamieson Greer presented an Action Plan for Critical Mineral Supply Chain Resilience, which paves the way for a potential plurilateral trade initiative with global partners.<\/span><\/p>\n<p style=\"text-align: justify;\"><span dir=\"auto\">Under the Action Plan, the EU and the US plan to collaborate to explore a wide range of trade policies and instruments that strengthen coordinated international action. These may include adjusted minimum prices at the border, rules-based markets, price difference subsidies and purchase agreements. Furthermore, cooperation is expected to focus on the development of common standards for mining, processing and recycling; the promotion of investment; joint research and innovation; stockpiling strategies; and rapid response mechanisms to supply disruptions.<\/span><\/p>\n<p style=\"text-align: justify;\"><span dir=\"auto\">Both sides plan to continue working on critical minerals resilience in relevant international forums, including the G7 and the Forum on Geostrategic Engagement on Resources (FORGE).<\/span><\/p>\n<p style=\"text-align: justify;\"><span dir=\"auto\">Both the Memorandum of Understanding and the Action Plan follow up on the shared commitments agreed at the<\/span><span dir=\"auto\">ministerial<\/span><span dir=\"auto\">meeting<\/span><span dir=\"auto\">on critical minerals<\/span><span dir=\"auto\">held in Washington D.C. on 4 February 2026, together with Japan. Closer cooperation on critical minerals is envisaged in the<\/span><span dir=\"auto\">Joint Declaration<\/span><span dir=\"auto\">of 21 August 2025 between the EU and the US.<\/span><\/p>\n<p style=\"text-align: justify;\"><strong><span dir=\"auto\">More information: <a href=\"https:\/\/ec.europa.eu\/commission\/presscorner\/detail\/en\/ip_26_862\">European Commission.\u00a0<\/a><\/span><\/strong><\/p>\n","protected":false},"excerpt":{"rendered":"<p>The EU and the US signed a Memorandum of Understanding (MoU) on a strategic partnership on critical minerals and agreed on an EU-US Action Plan on Critical Minerals. These initiatives reflect the EU\u2019s commitment to deepening cooperation on critical raw materials. This is a key step towards improving the resilience and diversification of supply chains, [&hellip;]<\/p>\n","protected":false},"author":1,"featured_media":13310,"comment_status":"open","ping_status":"open","sticky":false,"template":"","format":"standard","meta":{"_acf_changed":false,"_relevanssi_hide_post":"","_relevanssi_hide_content":"","_relevanssi_pin_for_all":"","_relevanssi_pin_keywords":"","_relevanssi_unpin_keywords":"","_relevanssi_related_keywords":"","_relevanssi_related_include_ids":"","_relevanssi_related_exclude_ids":"","_relevanssi_related_no_append":"","_relevanssi_related_not_related":"","_relevanssi_related_posts":"","_relevanssi_noindex_reason":"","_monsterinsights_skip_tracking":false,"_monsterinsights_sitenote_active":false,"_monsterinsights_sitenote_note":"","_monsterinsights_sitenote_category":0,"_genesis_hide_title":false,"_genesis_hide_breadcrumbs":false,"_genesis_hide_singular_image":false,"_genesis_hide_footer_widgets":false,"_genesis_custom_body_class":"","_genesis_custom_post_class":"","_genesis_layout":"","footnotes":""},"categories":[346,4064,4065],"tags":[17072,18232,9688,779,1217,1488,18233,12470,2804,2788,3583,17936,10326,434],"class_list":{"0":"post-167718","1":"post","2":"type-post","3":"status-publish","4":"format-standard","5":"has-post-thumbnail","7":"category-eu-news","8":"category-institutional","9":"category-international-pol-coop","10":"tag-area","11":"tag-critical-minerals","12":"tag-economic-security","13":"tag-eu-en","14":"tag-europe","15":"tag-european-commission","16":"tag-forge","17":"tag-initiative","18":"tag-international","19":"tag-news","20":"tag-partnership","21":"tag-resilence","22":"tag-risks","23":"tag-trade","24":"entry"},"acf":[],"yoast_head":"<!-- This site is optimized with the Yoast SEO plugin v27.4 - https:\/\/yoast.com\/product\/yoast-seo-wordpress\/ -->\n<title>The EU and the US launch a strategic partnership on critical minerals | CDE Almer\u00eda - Centro de Documentaci\u00f3n Europea - Universidad de Almer\u00eda<\/title>\n<meta name=\"robots\" content=\"index, follow, max-snippet:-1, max-image-preview:large, max-video-preview:-1\" \/>\n<link rel=\"canonical\" href=\"https:\/\/www.cde.ual.es\/en\/la-ue-y-ee-uu-lanzan-una-alianza-estrategica-en-materia-de-minerales-criticos\/\" \/>\n<meta property=\"og:locale\" content=\"en_US\" \/>\n<meta property=\"og:type\" content=\"article\" \/>\n<meta property=\"og:title\" content=\"The EU and the US launch a strategic partnership on critical minerals | CDE Almer\u00eda - Centro de Documentaci\u00f3n Europea - Universidad de Almer\u00eda\" \/>\n<meta property=\"og:description\" content=\"The EU and the US signed a Memorandum of Understanding (MoU) on a strategic partnership on critical minerals and agreed on an EU-US Action Plan on Critical Minerals. These initiatives reflect the EU\u2019s commitment to deepening cooperation on critical raw materials. This is a key step towards improving the resilience and diversification of supply chains, [&hellip;]\" \/>\n<meta property=\"og:url\" content=\"https:\/\/www.cde.ual.es\/en\/la-ue-y-ee-uu-lanzan-una-alianza-estrategica-en-materia-de-minerales-criticos\/\" \/>\n<meta property=\"og:site_name\" content=\"CDE Almer\u00eda - Centro de Documentaci\u00f3n Europea - Universidad de Almer\u00eda\" \/>\n<meta property=\"article:publisher\" content=\"https:\/\/www.facebook.com\/cdeuniversidadalmeria\/\" \/>\n<meta property=\"article:published_time\" content=\"2026-04-28T07:03:17+00:00\" \/>\n<meta property=\"article:modified_time\" content=\"2026-04-28T07:05:41+00:00\" \/>\n<meta property=\"og:image\" content=\"https:\/\/www.cde.ual.es\/wp-content\/uploads\/2017\/12\/EEUU-UE.png\" \/>\n\t<meta property=\"og:image:width\" content=\"766\" \/>\n\t<meta property=\"og:image:height\" content=\"520\" \/>\n\t<meta property=\"og:image:type\" content=\"image\/png\" \/>\n<meta name=\"author\" content=\"AdminCDE\" \/>\n<meta name=\"twitter:card\" content=\"summary_large_image\" \/>\n<meta name=\"twitter:creator\" content=\"@cdeualmeria\" \/>\n<meta name=\"twitter:site\" content=\"@cdeualmeria\" \/>\n<meta name=\"twitter:label1\" content=\"Written by\" \/>\n\t<meta name=\"twitter:data1\" content=\"AdminCDE\" \/>\n\t<meta name=\"twitter:label2\" content=\"Est. reading time\" \/>\n\t<meta name=\"twitter:data2\" content=\"2 minutes\" \/>\n<script type=\"application\/ld+json\" class=\"yoast-schema-graph\">{\"@context\":\"https:\\\/\\\/schema.org\",\"@graph\":[{\"@type\":\"Article\",\"@id\":\"https:\\\/\\\/www.cde.ual.es\\\/en\\\/la-ue-y-ee-uu-lanzan-una-alianza-estrategica-en-materia-de-minerales-criticos\\\/#article\",\"isPartOf\":{\"@id\":\"https:\\\/\\\/www.cde.ual.es\\\/en\\\/la-ue-y-ee-uu-lanzan-una-alianza-estrategica-en-materia-de-minerales-criticos\\\/\"},\"author\":{\"name\":\"AdminCDE\",\"@id\":\"https:\\\/\\\/www.cde.ual.es\\\/#\\\/schema\\\/person\\\/224ef08c8bcc005f319d2713ce37ee5f\"},\"headline\":\"The EU and the US launch a strategic partnership on critical minerals\",\"datePublished\":\"2026-04-28T07:03:17+00:00\",\"dateModified\":\"2026-04-28T07:05:41+00:00\",\"mainEntityOfPage\":{\"@id\":\"https:\\\/\\\/www.cde.ual.es\\\/en\\\/la-ue-y-ee-uu-lanzan-una-alianza-estrategica-en-materia-de-minerales-criticos\\\/\"},\"wordCount\":351,\"commentCount\":0,\"publisher\":{\"@id\":\"https:\\\/\\\/www.cde.ual.es\\\/#organization\"},\"image\":{\"@id\":\"https:\\\/\\\/www.cde.ual.es\\\/en\\\/la-ue-y-ee-uu-lanzan-una-alianza-estrategica-en-materia-de-minerales-criticos\\\/#primaryimage\"},\"thumbnailUrl\":\"https:\\\/\\\/www.cde.ual.es\\\/wp-content\\\/uploads\\\/2017\\\/12\\\/EEUU-UE.png\",\"keywords\":[\"area\",\"critical minerals\",\"economic security\",\"EU\",\"Europe\",\"European Commission\",\"FORGE\",\"initiative\",\"international\",\"News\",\"partnership\",\"Resilence\",\"risks\",\"Trade\"],\"articleSection\":[\"EU News\",\"Institutional Affairs\",\"International Politics and Cooperation\"],\"inLanguage\":\"en-US\",\"potentialAction\":[{\"@type\":\"CommentAction\",\"name\":\"Comment\",\"target\":[\"https:\\\/\\\/www.cde.ual.es\\\/en\\\/la-ue-y-ee-uu-lanzan-una-alianza-estrategica-en-materia-de-minerales-criticos\\\/#respond\"]}]},{\"@type\":\"WebPage\",\"@id\":\"https:\\\/\\\/www.cde.ual.es\\\/en\\\/la-ue-y-ee-uu-lanzan-una-alianza-estrategica-en-materia-de-minerales-criticos\\\/\",\"url\":\"https:\\\/\\\/www.cde.ual.es\\\/en\\\/la-ue-y-ee-uu-lanzan-una-alianza-estrategica-en-materia-de-minerales-criticos\\\/\",\"name\":\"The EU and the US launch a strategic partnership on critical minerals | CDE Almer\u00eda - Centro de Documentaci\u00f3n Europea - Universidad de Almer\u00eda\",\"isPartOf\":{\"@id\":\"https:\\\/\\\/www.cde.ual.es\\\/#website\"},\"primaryImageOfPage\":{\"@id\":\"https:\\\/\\\/www.cde.ual.es\\\/en\\\/la-ue-y-ee-uu-lanzan-una-alianza-estrategica-en-materia-de-minerales-criticos\\\/#primaryimage\"},\"image\":{\"@id\":\"https:\\\/\\\/www.cde.ual.es\\\/en\\\/la-ue-y-ee-uu-lanzan-una-alianza-estrategica-en-materia-de-minerales-criticos\\\/#primaryimage\"},\"thumbnailUrl\":\"https:\\\/\\\/www.cde.ual.es\\\/wp-content\\\/uploads\\\/2017\\\/12\\\/EEUU-UE.png\",\"datePublished\":\"2026-04-28T07:03:17+00:00\",\"dateModified\":\"2026-04-28T07:05:41+00:00\",\"breadcrumb\":{\"@id\":\"https:\\\/\\\/www.cde.ual.es\\\/en\\\/la-ue-y-ee-uu-lanzan-una-alianza-estrategica-en-materia-de-minerales-criticos\\\/#breadcrumb\"},\"inLanguage\":\"en-US\",\"potentialAction\":[{\"@type\":\"ReadAction\",\"target\":[\"https:\\\/\\\/www.cde.ual.es\\\/en\\\/la-ue-y-ee-uu-lanzan-una-alianza-estrategica-en-materia-de-minerales-criticos\\\/\"]}]},{\"@type\":\"ImageObject\",\"inLanguage\":\"en-US\",\"@id\":\"https:\\\/\\\/www.cde.ual.es\\\/en\\\/la-ue-y-ee-uu-lanzan-una-alianza-estrategica-en-materia-de-minerales-criticos\\\/#primaryimage\",\"url\":\"https:\\\/\\\/www.cde.ual.es\\\/wp-content\\\/uploads\\\/2017\\\/12\\\/EEUU-UE.png\",\"contentUrl\":\"https:\\\/\\\/www.cde.ual.es\\\/wp-content\\\/uploads\\\/2017\\\/12\\\/EEUU-UE.png\",\"width\":766,\"height\":520},{\"@type\":\"BreadcrumbList\",\"@id\":\"https:\\\/\\\/www.cde.ual.es\\\/en\\\/la-ue-y-ee-uu-lanzan-una-alianza-estrategica-en-materia-de-minerales-criticos\\\/#breadcrumb\",\"itemListElement\":[{\"@type\":\"ListItem\",\"position\":1,\"name\":\"Inicio\",\"item\":\"https:\\\/\\\/www.cde.ual.es\\\/en\\\/\"},{\"@type\":\"ListItem\",\"position\":2,\"name\":\"EU News\",\"item\":\"https:\\\/\\\/www.cde.ual.es\\\/en\\\/category\\\/eu-news\\\/\"},{\"@type\":\"ListItem\",\"position\":3,\"name\":\"Institutional Affairs\",\"item\":\"https:\\\/\\\/www.cde.ual.es\\\/en\\\/category\\\/eu-news\\\/institutional\\\/\"},{\"@type\":\"ListItem\",\"position\":4,\"name\":\"International Politics and Cooperation\",\"item\":\"https:\\\/\\\/www.cde.ual.es\\\/en\\\/category\\\/eu-news\\\/institutional\\\/international-pol-coop\\\/\"},{\"@type\":\"ListItem\",\"position\":5,\"name\":\"The EU and the US launch a strategic partnership on critical minerals\"}]},{\"@type\":\"WebSite\",\"@id\":\"https:\\\/\\\/www.cde.ual.es\\\/#website\",\"url\":\"https:\\\/\\\/www.cde.ual.es\\\/\",\"name\":\"CDE Almer\u00eda - Centro de Documentaci\u00f3n Europea - Universidad de Almer\u00eda\",\"description\":\"Centro de Documentaci\u00f3n Europea de la Universidad de Almer\u00eda\",\"publisher\":{\"@id\":\"https:\\\/\\\/www.cde.ual.es\\\/#organization\"},\"alternateName\":\"CDE Almer\u00eda\",\"potentialAction\":[{\"@type\":\"SearchAction\",\"target\":{\"@type\":\"EntryPoint\",\"urlTemplate\":\"https:\\\/\\\/www.cde.ual.es\\\/?s={search_term_string}\"},\"query-input\":{\"@type\":\"PropertyValueSpecification\",\"valueRequired\":true,\"valueName\":\"search_term_string\"}}],\"inLanguage\":\"en-US\"},{\"@type\":\"Organization\",\"@id\":\"https:\\\/\\\/www.cde.ual.es\\\/#organization\",\"name\":\"Centro de Documentaci\u00f3n Europea de Almer\u00eda\",\"url\":\"https:\\\/\\\/www.cde.ual.es\\\/\",\"logo\":{\"@type\":\"ImageObject\",\"inLanguage\":\"en-US\",\"@id\":\"https:\\\/\\\/www.cde.ual.es\\\/#\\\/schema\\\/logo\\\/image\\\/\",\"url\":\"https:\\\/\\\/www.cde.ual.es\\\/wp-content\\\/uploads\\\/2025\\\/07\\\/cde-logo-3.png\",\"contentUrl\":\"https:\\\/\\\/www.cde.ual.es\\\/wp-content\\\/uploads\\\/2025\\\/07\\\/cde-logo-3.png\",\"width\":1400,\"height\":300,\"caption\":\"Centro de Documentaci\u00f3n Europea de Almer\u00eda\"},\"image\":{\"@id\":\"https:\\\/\\\/www.cde.ual.es\\\/#\\\/schema\\\/logo\\\/image\\\/\"},\"sameAs\":[\"https:\\\/\\\/www.facebook.com\\\/cdeuniversidadalmeria\\\/\",\"https:\\\/\\\/x.com\\\/cdeualmeria\",\"https:\\\/\\\/www.tiktok.com\\\/@cdealmeria\",\"https:\\\/\\\/www.instagram.com\\\/cdealmeria\\\/\",\"https:\\\/\\\/www.linkedin.com\\\/in\\\/cde-almera-812b26a9\\\/\"]},{\"@type\":\"Person\",\"@id\":\"https:\\\/\\\/www.cde.ual.es\\\/#\\\/schema\\\/person\\\/224ef08c8bcc005f319d2713ce37ee5f\",\"name\":\"AdminCDE\",\"image\":{\"@type\":\"ImageObject\",\"inLanguage\":\"en-US\",\"@id\":\"https:\\\/\\\/secure.gravatar.com\\\/avatar\\\/a72d038d371f995cd13706fac32274b7952a52e8fb0a84b5f80c85426f2a98a8?s=96&d=mm&r=g\",\"url\":\"https:\\\/\\\/secure.gravatar.com\\\/avatar\\\/a72d038d371f995cd13706fac32274b7952a52e8fb0a84b5f80c85426f2a98a8?s=96&d=mm&r=g\",\"contentUrl\":\"https:\\\/\\\/secure.gravatar.com\\\/avatar\\\/a72d038d371f995cd13706fac32274b7952a52e8fb0a84b5f80c85426f2a98a8?s=96&d=mm&r=g\",\"caption\":\"AdminCDE\"}}]}<\/script>\n<!-- \/ Yoast SEO plugin. -->","yoast_head_json":{"title":"The EU and the US launch a strategic partnership on critical minerals | CDE Almer\u00eda - Centro de Documentaci\u00f3n Europea - Universidad de Almer\u00eda","robots":{"index":"index","follow":"follow","max-snippet":"max-snippet:-1","max-image-preview":"max-image-preview:large","max-video-preview":"max-video-preview:-1"},"canonical":"https:\/\/www.cde.ual.es\/en\/la-ue-y-ee-uu-lanzan-una-alianza-estrategica-en-materia-de-minerales-criticos\/","og_locale":"en_US","og_type":"article","og_title":"The EU and the US launch a strategic partnership on critical minerals | CDE Almer\u00eda - Centro de Documentaci\u00f3n Europea - Universidad de Almer\u00eda","og_description":"The EU and the US signed a Memorandum of Understanding (MoU) on a strategic partnership on critical minerals and agreed on an EU-US Action Plan on Critical Minerals. These initiatives reflect the EU\u2019s commitment to deepening cooperation on critical raw materials. This is a key step towards improving the resilience and diversification of supply chains, [&hellip;]","og_url":"https:\/\/www.cde.ual.es\/en\/la-ue-y-ee-uu-lanzan-una-alianza-estrategica-en-materia-de-minerales-criticos\/","og_site_name":"CDE Almer\u00eda - Centro de Documentaci\u00f3n Europea - Universidad de Almer\u00eda","article_publisher":"https:\/\/www.facebook.com\/cdeuniversidadalmeria\/","article_published_time":"2026-04-28T07:03:17+00:00","article_modified_time":"2026-04-28T07:05:41+00:00","og_image":[{"width":766,"height":520,"url":"https:\/\/www.cde.ual.es\/wp-content\/uploads\/2017\/12\/EEUU-UE.png","type":"image\/png"}],"author":"AdminCDE","twitter_card":"summary_large_image","twitter_creator":"@cdeualmeria","twitter_site":"@cdeualmeria","twitter_misc":{"Written by":"AdminCDE","Est. reading time":"2 minutes"},"schema":{"@context":"https:\/\/schema.org","@graph":[{"@type":"Article","@id":"https:\/\/www.cde.ual.es\/en\/la-ue-y-ee-uu-lanzan-una-alianza-estrategica-en-materia-de-minerales-criticos\/#article","isPartOf":{"@id":"https:\/\/www.cde.ual.es\/en\/la-ue-y-ee-uu-lanzan-una-alianza-estrategica-en-materia-de-minerales-criticos\/"},"author":{"name":"AdminCDE","@id":"https:\/\/www.cde.ual.es\/#\/schema\/person\/224ef08c8bcc005f319d2713ce37ee5f"},"headline":"The EU and the US launch a strategic partnership on critical minerals","datePublished":"2026-04-28T07:03:17+00:00","dateModified":"2026-04-28T07:05:41+00:00","mainEntityOfPage":{"@id":"https:\/\/www.cde.ual.es\/en\/la-ue-y-ee-uu-lanzan-una-alianza-estrategica-en-materia-de-minerales-criticos\/"},"wordCount":351,"commentCount":0,"publisher":{"@id":"https:\/\/www.cde.ual.es\/#organization"},"image":{"@id":"https:\/\/www.cde.ual.es\/en\/la-ue-y-ee-uu-lanzan-una-alianza-estrategica-en-materia-de-minerales-criticos\/#primaryimage"},"thumbnailUrl":"https:\/\/www.cde.ual.es\/wp-content\/uploads\/2017\/12\/EEUU-UE.png","keywords":["area","critical minerals","economic security","EU","Europe","European Commission","FORGE","initiative","international","News","partnership","Resilence","risks","Trade"],"articleSection":["EU News","Institutional Affairs","International Politics and Cooperation"],"inLanguage":"en-US","potentialAction":[{"@type":"CommentAction","name":"Comment","target":["https:\/\/www.cde.ual.es\/en\/la-ue-y-ee-uu-lanzan-una-alianza-estrategica-en-materia-de-minerales-criticos\/#respond"]}]},{"@type":"WebPage","@id":"https:\/\/www.cde.ual.es\/en\/la-ue-y-ee-uu-lanzan-una-alianza-estrategica-en-materia-de-minerales-criticos\/","url":"https:\/\/www.cde.ual.es\/en\/la-ue-y-ee-uu-lanzan-una-alianza-estrategica-en-materia-de-minerales-criticos\/","name":"The EU and the US launch a strategic partnership on critical minerals | CDE Almer\u00eda - Centro de Documentaci\u00f3n Europea - Universidad de Almer\u00eda","isPartOf":{"@id":"https:\/\/www.cde.ual.es\/#website"},"primaryImageOfPage":{"@id":"https:\/\/www.cde.ual.es\/en\/la-ue-y-ee-uu-lanzan-una-alianza-estrategica-en-materia-de-minerales-criticos\/#primaryimage"},"image":{"@id":"https:\/\/www.cde.ual.es\/en\/la-ue-y-ee-uu-lanzan-una-alianza-estrategica-en-materia-de-minerales-criticos\/#primaryimage"},"thumbnailUrl":"https:\/\/www.cde.ual.es\/wp-content\/uploads\/2017\/12\/EEUU-UE.png","datePublished":"2026-04-28T07:03:17+00:00","dateModified":"2026-04-28T07:05:41+00:00","breadcrumb":{"@id":"https:\/\/www.cde.ual.es\/en\/la-ue-y-ee-uu-lanzan-una-alianza-estrategica-en-materia-de-minerales-criticos\/#breadcrumb"},"inLanguage":"en-US","potentialAction":[{"@type":"ReadAction","target":["https:\/\/www.cde.ual.es\/en\/la-ue-y-ee-uu-lanzan-una-alianza-estrategica-en-materia-de-minerales-criticos\/"]}]},{"@type":"ImageObject","inLanguage":"en-US","@id":"https:\/\/www.cde.ual.es\/en\/la-ue-y-ee-uu-lanzan-una-alianza-estrategica-en-materia-de-minerales-criticos\/#primaryimage","url":"https:\/\/www.cde.ual.es\/wp-content\/uploads\/2017\/12\/EEUU-UE.png","contentUrl":"https:\/\/www.cde.ual.es\/wp-content\/uploads\/2017\/12\/EEUU-UE.png","width":766,"height":520},{"@type":"BreadcrumbList","@id":"https:\/\/www.cde.ual.es\/en\/la-ue-y-ee-uu-lanzan-una-alianza-estrategica-en-materia-de-minerales-criticos\/#breadcrumb","itemListElement":[{"@type":"ListItem","position":1,"name":"Inicio","item":"https:\/\/www.cde.ual.es\/en\/"},{"@type":"ListItem","position":2,"name":"EU News","item":"https:\/\/www.cde.ual.es\/en\/category\/eu-news\/"},{"@type":"ListItem","position":3,"name":"Institutional Affairs","item":"https:\/\/www.cde.ual.es\/en\/category\/eu-news\/institutional\/"},{"@type":"ListItem","position":4,"name":"International Politics and Cooperation","item":"https:\/\/www.cde.ual.es\/en\/category\/eu-news\/institutional\/international-pol-coop\/"},{"@type":"ListItem","position":5,"name":"The EU and the US launch a strategic partnership on critical minerals"}]},{"@type":"WebSite","@id":"https:\/\/www.cde.ual.es\/#website","url":"https:\/\/www.cde.ual.es\/","name":"CDE Almer\u00eda - Centro de Documentaci\u00f3n Europea - Universidad de Almer\u00eda","description":"Centro de Documentaci\u00f3n Europea de la Universidad de Almer\u00eda","publisher":{"@id":"https:\/\/www.cde.ual.es\/#organization"},"alternateName":"CDE Almer\u00eda","potentialAction":[{"@type":"SearchAction","target":{"@type":"EntryPoint","urlTemplate":"https:\/\/www.cde.ual.es\/?s={search_term_string}"},"query-input":{"@type":"PropertyValueSpecification","valueRequired":true,"valueName":"search_term_string"}}],"inLanguage":"en-US"},{"@type":"Organization","@id":"https:\/\/www.cde.ual.es\/#organization","name":"Centro de Documentaci\u00f3n Europea de Almer\u00eda","url":"https:\/\/www.cde.ual.es\/","logo":{"@type":"ImageObject","inLanguage":"en-US","@id":"https:\/\/www.cde.ual.es\/#\/schema\/logo\/image\/","url":"https:\/\/www.cde.ual.es\/wp-content\/uploads\/2025\/07\/cde-logo-3.png","contentUrl":"https:\/\/www.cde.ual.es\/wp-content\/uploads\/2025\/07\/cde-logo-3.png","width":1400,"height":300,"caption":"Centro de Documentaci\u00f3n Europea de Almer\u00eda"},"image":{"@id":"https:\/\/www.cde.ual.es\/#\/schema\/logo\/image\/"},"sameAs":["https:\/\/www.facebook.com\/cdeuniversidadalmeria\/","https:\/\/x.com\/cdeualmeria","https:\/\/www.tiktok.com\/@cdealmeria","https:\/\/www.instagram.com\/cdealmeria\/","https:\/\/www.linkedin.com\/in\/cde-almera-812b26a9\/"]},{"@type":"Person","@id":"https:\/\/www.cde.ual.es\/#\/schema\/person\/224ef08c8bcc005f319d2713ce37ee5f","name":"AdminCDE","image":{"@type":"ImageObject","inLanguage":"en-US","@id":"https:\/\/secure.gravatar.com\/avatar\/a72d038d371f995cd13706fac32274b7952a52e8fb0a84b5f80c85426f2a98a8?s=96&d=mm&r=g","url":"https:\/\/secure.gravatar.com\/avatar\/a72d038d371f995cd13706fac32274b7952a52e8fb0a84b5f80c85426f2a98a8?s=96&d=mm&r=g","contentUrl":"https:\/\/secure.gravatar.com\/avatar\/a72d038d371f995cd13706fac32274b7952a52e8fb0a84b5f80c85426f2a98a8?s=96&d=mm&r=g","caption":"AdminCDE"}}]}},"_links":{"self":[{"href":"https:\/\/www.cde.ual.es\/en\/wp-json\/wp\/v2\/posts\/167718","targetHints":{"allow":["GET"]}}],"collection":[{"href":"https:\/\/www.cde.ual.es\/en\/wp-json\/wp\/v2\/posts"}],"about":[{"href":"https:\/\/www.cde.ual.es\/en\/wp-json\/wp\/v2\/types\/post"}],"author":[{"embeddable":true,"href":"https:\/\/www.cde.ual.es\/en\/wp-json\/wp\/v2\/users\/1"}],"replies":[{"embeddable":true,"href":"https:\/\/www.cde.ual.es\/en\/wp-json\/wp\/v2\/comments?post=167718"}],"version-history":[{"count":4,"href":"https:\/\/www.cde.ual.es\/en\/wp-json\/wp\/v2\/posts\/167718\/revisions"}],"predecessor-version":[{"id":167726,"href":"https:\/\/www.cde.ual.es\/en\/wp-json\/wp\/v2\/posts\/167718\/revisions\/167726"}],"wp:featuredmedia":[{"embeddable":true,"href":"https:\/\/www.cde.ual.es\/en\/wp-json\/wp\/v2\/media\/13310"}],"wp:attachment":[{"href":"https:\/\/www.cde.ual.es\/en\/wp-json\/wp\/v2\/media?parent=167718"}],"wp:term":[{"taxonomy":"category","embeddable":true,"href":"https:\/\/www.cde.ual.es\/en\/wp-json\/wp\/v2\/categories?post=167718"},{"taxonomy":"post_tag","embeddable":true,"href":"https:\/\/www.cde.ual.es\/en\/wp-json\/wp\/v2\/tags?post=167718"}],"curies":[{"name":"wp","href":"https:\/\/api.w.org\/{rel}","templated":true}]}}