{"id":167702,"date":"2026-04-28T03:00:26","date_gmt":"2026-04-28T01:00:26","guid":{"rendered":"https:\/\/www.cde.ual.es\/?p=167702"},"modified":"2026-04-27T10:12:38","modified_gmt":"2026-04-27T08:12:38","slug":"la-comision-solicita-comentarios-sobre-la-nueva-estrategia-de-aviacion-y-aeronautica-de-la-ue","status":"publish","type":"post","link":"https:\/\/www.cde.ual.es\/en\/la-comision-solicita-comentarios-sobre-la-nueva-estrategia-de-aviacion-y-aeronautica-de-la-ue\/","title":{"rendered":"The Commission is inviting comments on the new EU Aviation and Aerospace Strategy"},"content":{"rendered":"<p style=\"text-align: justify;\"><span dir=\"auto\">The European Commission has launched the development of an<\/span><span dir=\"auto\">EU Aviation and Aeronautics Strategy<\/span><span dir=\"auto\">and is inviting citizens, businesses and stakeholders to share their views via a <\/span><span dir=\"auto\">call for evidence <\/span><span dir=\"auto\">published yesterday.<\/span><\/p>\n<p><img decoding=\"async\" class=\"aligncenter\" src=\"https:\/\/www.cde.ual.es\/wp-content\/uploads\/2024\/03\/avion-scaled.jpg\" width=\"611\" height=\"406\" \/><\/p>\n<p style=\"text-align: justify;\"><span dir=\"auto\">The strategy will establish a comprehensive framework to strengthen Europe\u2019s aviation and aerospace sectors at a time of great uncertainty. These sectors deliver significant economic value and connectivity, but currently face a complex operating environment, marked by rising energy costs, geopolitical tensions, supply chain disruptions and growing global competition.<\/span><\/p>\n<p style=\"text-align: justify;\"><span dir=\"auto\">Against this backdrop, the strategy will focus on boosting the sectors\u2019 competitiveness, resilience and decarbonisation, whilst preserving Europe\u2019s strategic autonomy and industrial leadership. It will accelerate the green and digital transitions, mobilise investment in innovation, ensure a level playing field and maintain the highest safety standards. It will also strengthen the aviation sector\u2019s capacity to respond to crises and security challenges.<\/span><\/p>\n<p style=\"text-align: justify;\"><span dir=\"auto\">The strategy will also promote an air transport sector that provides an efficient service to citizens and businesses, ensuring connectivity across the Union. Furthermore, it will prioritise maintaining a skilled and motivated workforce, which is essential to the sector\u2019s success.<\/span><\/p>\n<p style=\"text-align: justify;\"><span dir=\"auto\">The consultation will remain open until<\/span><span dir=\"auto\">21 May 2026<\/span><span dir=\"auto\">and is available on the \u2018Have your say\u2019 portal in all official EU languages.<\/span><\/p>\n<h2 style=\"text-align: justify;\"><span dir=\"auto\">Background<\/span><\/h2>\n<p style=\"text-align: justify;\"><span dir=\"auto\">In 2015, the EU adopted its first <\/span><span dir=\"auto\">Aviation Strategy for Europe<\/span><span dir=\"auto\">. More than a decade later, the global aviation landscape has evolved significantly and the sector must adapt to a more volatile and uncertain global context.<\/span><\/p>\n<p><strong>More information: <a href=\"https:\/\/transport.ec.europa.eu\/news-events\/news\/commission-seeks-feedback-new-eu-aviation-and-aeronautics-strategy-2026-04-24_en\">European Commission<\/a>.\u00a0<\/strong><\/p>\n","protected":false},"excerpt":{"rendered":"<p>The European Commission has launched the development of anEU Aviation and Aeronautics Strategyand is inviting citizens, businesses and stakeholders to share their views via a call for evidence published yesterday. The strategy will establish a comprehensive framework to strengthen Europe\u2019s aviation and aerospace sectors at a time of great uncertainty. These sectors deliver significant economic [&hellip;]<\/p>\n","protected":false},"author":1,"featured_media":149739,"comment_status":"open","ping_status":"open","sticky":false,"template":"","format":"standard","meta":{"_acf_changed":false,"_relevanssi_hide_post":"","_relevanssi_hide_content":"","_relevanssi_pin_for_all":"","_relevanssi_pin_keywords":"","_relevanssi_unpin_keywords":"","_relevanssi_related_keywords":"","_relevanssi_related_include_ids":"","_relevanssi_related_exclude_ids":"","_relevanssi_related_no_append":"","_relevanssi_related_not_related":"","_relevanssi_related_posts":"","_relevanssi_noindex_reason":"","_monsterinsights_skip_tracking":false,"_monsterinsights_sitenote_active":false,"_monsterinsights_sitenote_note":"","_monsterinsights_sitenote_category":0,"_genesis_hide_title":false,"_genesis_hide_breadcrumbs":false,"_genesis_hide_singular_image":false,"_genesis_hide_footer_widgets":false,"_genesis_custom_body_class":"","_genesis_custom_post_class":"","_genesis_layout":"","footnotes":""},"categories":[346,4087],"tags":[7385,4900,18230,8788,1127,488,1134,368,2788,2649,447],"class_list":{"0":"post-167702","1":"post","2":"type-post","3":"status-publish","4":"format-standard","5":"has-post-thumbnail","7":"category-eu-news","8":"category-transport","9":"tag-actualidad","10":"tag-aviation","11":"tag-comments","12":"tag-competitiveness","13":"tag-ecology","14":"tag-economy","15":"tag-european-comission","16":"tag-european-union","17":"tag-news","18":"tag-strategy","19":"tag-sustainability","20":"entry"},"acf":[],"yoast_head":"<!-- This site is optimized with the Yoast SEO plugin v27.4 - https:\/\/yoast.com\/product\/yoast-seo-wordpress\/ -->\n<title>The Commission is inviting comments on the new EU Aviation and Aerospace Strategy | CDE Almer\u00eda - Centro de Documentaci\u00f3n Europea - Universidad de Almer\u00eda<\/title>\n<meta name=\"robots\" content=\"index, follow, max-snippet:-1, max-image-preview:large, max-video-preview:-1\" \/>\n<link rel=\"canonical\" href=\"https:\/\/www.cde.ual.es\/la-comision-solicita-comentarios-sobre-la-nueva-estrategia-de-aviacion-y-aeronautica-de-la-ue\/\" \/>\n<meta property=\"og:locale\" content=\"en_US\" \/>\n<meta property=\"og:type\" content=\"article\" \/>\n<meta property=\"og:title\" content=\"The Commission is inviting comments on the new EU Aviation and Aerospace Strategy | CDE Almer\u00eda - Centro de Documentaci\u00f3n Europea - Universidad de Almer\u00eda\" \/>\n<meta property=\"og:description\" content=\"The European Commission has launched the development of anEU Aviation and Aeronautics Strategyand is inviting citizens, businesses and stakeholders to share their views via a call for evidence published yesterday. The strategy will establish a comprehensive framework to strengthen Europe\u2019s aviation and aerospace sectors at a time of great uncertainty. These sectors deliver significant economic [&hellip;]\" \/>\n<meta property=\"og:url\" content=\"https:\/\/www.cde.ual.es\/la-comision-solicita-comentarios-sobre-la-nueva-estrategia-de-aviacion-y-aeronautica-de-la-ue\/\" \/>\n<meta property=\"og:site_name\" content=\"CDE Almer\u00eda - Centro de Documentaci\u00f3n Europea - Universidad de Almer\u00eda\" \/>\n<meta property=\"article:publisher\" content=\"https:\/\/www.facebook.com\/cdeuniversidadalmeria\/\" \/>\n<meta property=\"article:published_time\" content=\"2026-04-28T01:00:26+00:00\" \/>\n<meta property=\"og:image\" content=\"https:\/\/www.cde.ual.es\/wp-content\/uploads\/2024\/03\/avion-scaled.jpg\" \/>\n\t<meta property=\"og:image:width\" content=\"2560\" \/>\n\t<meta property=\"og:image:height\" content=\"1700\" \/>\n\t<meta property=\"og:image:type\" content=\"image\/jpeg\" \/>\n<meta name=\"author\" content=\"AdminCDE\" \/>\n<meta name=\"twitter:card\" content=\"summary_large_image\" \/>\n<meta name=\"twitter:creator\" content=\"@cdeualmeria\" \/>\n<meta name=\"twitter:site\" content=\"@cdeualmeria\" \/>\n<meta name=\"twitter:label1\" content=\"Written by\" \/>\n\t<meta name=\"twitter:data1\" content=\"AdminCDE\" \/>\n\t<meta name=\"twitter:label2\" content=\"Est. reading time\" \/>\n\t<meta name=\"twitter:data2\" content=\"2 minutes\" \/>\n<script type=\"application\/ld+json\" class=\"yoast-schema-graph\">{\"@context\":\"https:\\\/\\\/schema.org\",\"@graph\":[{\"@type\":\"Article\",\"@id\":\"https:\\\/\\\/www.cde.ual.es\\\/la-comision-solicita-comentarios-sobre-la-nueva-estrategia-de-aviacion-y-aeronautica-de-la-ue\\\/#article\",\"isPartOf\":{\"@id\":\"https:\\\/\\\/www.cde.ual.es\\\/la-comision-solicita-comentarios-sobre-la-nueva-estrategia-de-aviacion-y-aeronautica-de-la-ue\\\/\"},\"author\":{\"name\":\"AdminCDE\",\"@id\":\"https:\\\/\\\/www.cde.ual.es\\\/#\\\/schema\\\/person\\\/224ef08c8bcc005f319d2713ce37ee5f\"},\"headline\":\"The Commission is inviting comments on the new EU Aviation and Aerospace Strategy\",\"datePublished\":\"2026-04-28T01:00:26+00:00\",\"mainEntityOfPage\":{\"@id\":\"https:\\\/\\\/www.cde.ual.es\\\/la-comision-solicita-comentarios-sobre-la-nueva-estrategia-de-aviacion-y-aeronautica-de-la-ue\\\/\"},\"wordCount\":260,\"commentCount\":0,\"publisher\":{\"@id\":\"https:\\\/\\\/www.cde.ual.es\\\/#organization\"},\"image\":{\"@id\":\"https:\\\/\\\/www.cde.ual.es\\\/la-comision-solicita-comentarios-sobre-la-nueva-estrategia-de-aviacion-y-aeronautica-de-la-ue\\\/#primaryimage\"},\"thumbnailUrl\":\"https:\\\/\\\/www.cde.ual.es\\\/wp-content\\\/uploads\\\/2024\\\/03\\\/avion-scaled.jpg\",\"keywords\":[\"actualidad\",\"aviation\",\"comments\",\"competitiveness\",\"Ecology\",\"Economy\",\"European Comission\",\"European Union\",\"News\",\"strategy\",\"Sustainability\"],\"articleSection\":[\"EU News\",\"Transport\"],\"inLanguage\":\"en-US\",\"potentialAction\":[{\"@type\":\"CommentAction\",\"name\":\"Comment\",\"target\":[\"https:\\\/\\\/www.cde.ual.es\\\/la-comision-solicita-comentarios-sobre-la-nueva-estrategia-de-aviacion-y-aeronautica-de-la-ue\\\/#respond\"]}]},{\"@type\":\"WebPage\",\"@id\":\"https:\\\/\\\/www.cde.ual.es\\\/la-comision-solicita-comentarios-sobre-la-nueva-estrategia-de-aviacion-y-aeronautica-de-la-ue\\\/\",\"url\":\"https:\\\/\\\/www.cde.ual.es\\\/la-comision-solicita-comentarios-sobre-la-nueva-estrategia-de-aviacion-y-aeronautica-de-la-ue\\\/\",\"name\":\"The Commission is inviting comments on the new EU Aviation and Aerospace Strategy | CDE Almer\u00eda - Centro de Documentaci\u00f3n Europea - Universidad de Almer\u00eda\",\"isPartOf\":{\"@id\":\"https:\\\/\\\/www.cde.ual.es\\\/#website\"},\"primaryImageOfPage\":{\"@id\":\"https:\\\/\\\/www.cde.ual.es\\\/la-comision-solicita-comentarios-sobre-la-nueva-estrategia-de-aviacion-y-aeronautica-de-la-ue\\\/#primaryimage\"},\"image\":{\"@id\":\"https:\\\/\\\/www.cde.ual.es\\\/la-comision-solicita-comentarios-sobre-la-nueva-estrategia-de-aviacion-y-aeronautica-de-la-ue\\\/#primaryimage\"},\"thumbnailUrl\":\"https:\\\/\\\/www.cde.ual.es\\\/wp-content\\\/uploads\\\/2024\\\/03\\\/avion-scaled.jpg\",\"datePublished\":\"2026-04-28T01:00:26+00:00\",\"breadcrumb\":{\"@id\":\"https:\\\/\\\/www.cde.ual.es\\\/la-comision-solicita-comentarios-sobre-la-nueva-estrategia-de-aviacion-y-aeronautica-de-la-ue\\\/#breadcrumb\"},\"inLanguage\":\"en-US\",\"potentialAction\":[{\"@type\":\"ReadAction\",\"target\":[\"https:\\\/\\\/www.cde.ual.es\\\/la-comision-solicita-comentarios-sobre-la-nueva-estrategia-de-aviacion-y-aeronautica-de-la-ue\\\/\"]}]},{\"@type\":\"ImageObject\",\"inLanguage\":\"en-US\",\"@id\":\"https:\\\/\\\/www.cde.ual.es\\\/la-comision-solicita-comentarios-sobre-la-nueva-estrategia-de-aviacion-y-aeronautica-de-la-ue\\\/#primaryimage\",\"url\":\"https:\\\/\\\/www.cde.ual.es\\\/wp-content\\\/uploads\\\/2024\\\/03\\\/avion-scaled.jpg\",\"contentUrl\":\"https:\\\/\\\/www.cde.ual.es\\\/wp-content\\\/uploads\\\/2024\\\/03\\\/avion-scaled.jpg\",\"width\":2560,\"height\":1700},{\"@type\":\"BreadcrumbList\",\"@id\":\"https:\\\/\\\/www.cde.ual.es\\\/la-comision-solicita-comentarios-sobre-la-nueva-estrategia-de-aviacion-y-aeronautica-de-la-ue\\\/#breadcrumb\",\"itemListElement\":[{\"@type\":\"ListItem\",\"position\":1,\"name\":\"Inicio\",\"item\":\"https:\\\/\\\/www.cde.ual.es\\\/en\\\/\"},{\"@type\":\"ListItem\",\"position\":2,\"name\":\"Noticias UE\",\"item\":\"https:\\\/\\\/www.cde.ual.es\\\/category\\\/noticias-ue\\\/\"},{\"@type\":\"ListItem\",\"position\":3,\"name\":\"Medio Ambiente\",\"item\":\"https:\\\/\\\/www.cde.ual.es\\\/category\\\/noticias-ue\\\/medioambiente\\\/\"},{\"@type\":\"ListItem\",\"position\":4,\"name\":\"Transporte\",\"item\":\"https:\\\/\\\/www.cde.ual.es\\\/category\\\/noticias-ue\\\/medioambiente\\\/transporte\\\/\"},{\"@type\":\"ListItem\",\"position\":5,\"name\":\"The Commission is inviting comments on the new EU Aviation and Aerospace Strategy\"}]},{\"@type\":\"WebSite\",\"@id\":\"https:\\\/\\\/www.cde.ual.es\\\/#website\",\"url\":\"https:\\\/\\\/www.cde.ual.es\\\/\",\"name\":\"CDE Almer\u00eda - Centro de Documentaci\u00f3n Europea - Universidad de Almer\u00eda\",\"description\":\"Centro de Documentaci\u00f3n Europea de la Universidad de Almer\u00eda\",\"publisher\":{\"@id\":\"https:\\\/\\\/www.cde.ual.es\\\/#organization\"},\"alternateName\":\"CDE Almer\u00eda\",\"potentialAction\":[{\"@type\":\"SearchAction\",\"target\":{\"@type\":\"EntryPoint\",\"urlTemplate\":\"https:\\\/\\\/www.cde.ual.es\\\/?s={search_term_string}\"},\"query-input\":{\"@type\":\"PropertyValueSpecification\",\"valueRequired\":true,\"valueName\":\"search_term_string\"}}],\"inLanguage\":\"en-US\"},{\"@type\":\"Organization\",\"@id\":\"https:\\\/\\\/www.cde.ual.es\\\/#organization\",\"name\":\"Centro de Documentaci\u00f3n Europea de Almer\u00eda\",\"url\":\"https:\\\/\\\/www.cde.ual.es\\\/\",\"logo\":{\"@type\":\"ImageObject\",\"inLanguage\":\"en-US\",\"@id\":\"https:\\\/\\\/www.cde.ual.es\\\/#\\\/schema\\\/logo\\\/image\\\/\",\"url\":\"https:\\\/\\\/www.cde.ual.es\\\/wp-content\\\/uploads\\\/2025\\\/07\\\/cde-logo-3.png\",\"contentUrl\":\"https:\\\/\\\/www.cde.ual.es\\\/wp-content\\\/uploads\\\/2025\\\/07\\\/cde-logo-3.png\",\"width\":1400,\"height\":300,\"caption\":\"Centro de Documentaci\u00f3n Europea de Almer\u00eda\"},\"image\":{\"@id\":\"https:\\\/\\\/www.cde.ual.es\\\/#\\\/schema\\\/logo\\\/image\\\/\"},\"sameAs\":[\"https:\\\/\\\/www.facebook.com\\\/cdeuniversidadalmeria\\\/\",\"https:\\\/\\\/x.com\\\/cdeualmeria\",\"https:\\\/\\\/www.tiktok.com\\\/@cdealmeria\",\"https:\\\/\\\/www.instagram.com\\\/cdealmeria\\\/\",\"https:\\\/\\\/www.linkedin.com\\\/in\\\/cde-almera-812b26a9\\\/\"]},{\"@type\":\"Person\",\"@id\":\"https:\\\/\\\/www.cde.ual.es\\\/#\\\/schema\\\/person\\\/224ef08c8bcc005f319d2713ce37ee5f\",\"name\":\"AdminCDE\",\"image\":{\"@type\":\"ImageObject\",\"inLanguage\":\"en-US\",\"@id\":\"https:\\\/\\\/secure.gravatar.com\\\/avatar\\\/a72d038d371f995cd13706fac32274b7952a52e8fb0a84b5f80c85426f2a98a8?s=96&d=mm&r=g\",\"url\":\"https:\\\/\\\/secure.gravatar.com\\\/avatar\\\/a72d038d371f995cd13706fac32274b7952a52e8fb0a84b5f80c85426f2a98a8?s=96&d=mm&r=g\",\"contentUrl\":\"https:\\\/\\\/secure.gravatar.com\\\/avatar\\\/a72d038d371f995cd13706fac32274b7952a52e8fb0a84b5f80c85426f2a98a8?s=96&d=mm&r=g\",\"caption\":\"AdminCDE\"}}]}<\/script>\n<!-- \/ Yoast SEO plugin. -->","yoast_head_json":{"title":"The Commission is inviting comments on the new EU Aviation and Aerospace Strategy | CDE Almer\u00eda - Centro de Documentaci\u00f3n Europea - Universidad de Almer\u00eda","robots":{"index":"index","follow":"follow","max-snippet":"max-snippet:-1","max-image-preview":"max-image-preview:large","max-video-preview":"max-video-preview:-1"},"canonical":"https:\/\/www.cde.ual.es\/la-comision-solicita-comentarios-sobre-la-nueva-estrategia-de-aviacion-y-aeronautica-de-la-ue\/","og_locale":"en_US","og_type":"article","og_title":"The Commission is inviting comments on the new EU Aviation and Aerospace Strategy | CDE Almer\u00eda - Centro de Documentaci\u00f3n Europea - Universidad de Almer\u00eda","og_description":"The European Commission has launched the development of anEU Aviation and Aeronautics Strategyand is inviting citizens, businesses and stakeholders to share their views via a call for evidence published yesterday. The strategy will establish a comprehensive framework to strengthen Europe\u2019s aviation and aerospace sectors at a time of great uncertainty. These sectors deliver significant economic [&hellip;]","og_url":"https:\/\/www.cde.ual.es\/la-comision-solicita-comentarios-sobre-la-nueva-estrategia-de-aviacion-y-aeronautica-de-la-ue\/","og_site_name":"CDE Almer\u00eda - Centro de Documentaci\u00f3n Europea - Universidad de Almer\u00eda","article_publisher":"https:\/\/www.facebook.com\/cdeuniversidadalmeria\/","article_published_time":"2026-04-28T01:00:26+00:00","og_image":[{"width":2560,"height":1700,"url":"https:\/\/www.cde.ual.es\/wp-content\/uploads\/2024\/03\/avion-scaled.jpg","type":"image\/jpeg"}],"author":"AdminCDE","twitter_card":"summary_large_image","twitter_creator":"@cdeualmeria","twitter_site":"@cdeualmeria","twitter_misc":{"Written by":"AdminCDE","Est. reading time":"2 minutes"},"schema":{"@context":"https:\/\/schema.org","@graph":[{"@type":"Article","@id":"https:\/\/www.cde.ual.es\/la-comision-solicita-comentarios-sobre-la-nueva-estrategia-de-aviacion-y-aeronautica-de-la-ue\/#article","isPartOf":{"@id":"https:\/\/www.cde.ual.es\/la-comision-solicita-comentarios-sobre-la-nueva-estrategia-de-aviacion-y-aeronautica-de-la-ue\/"},"author":{"name":"AdminCDE","@id":"https:\/\/www.cde.ual.es\/#\/schema\/person\/224ef08c8bcc005f319d2713ce37ee5f"},"headline":"The Commission is inviting comments on the new EU Aviation and Aerospace Strategy","datePublished":"2026-04-28T01:00:26+00:00","mainEntityOfPage":{"@id":"https:\/\/www.cde.ual.es\/la-comision-solicita-comentarios-sobre-la-nueva-estrategia-de-aviacion-y-aeronautica-de-la-ue\/"},"wordCount":260,"commentCount":0,"publisher":{"@id":"https:\/\/www.cde.ual.es\/#organization"},"image":{"@id":"https:\/\/www.cde.ual.es\/la-comision-solicita-comentarios-sobre-la-nueva-estrategia-de-aviacion-y-aeronautica-de-la-ue\/#primaryimage"},"thumbnailUrl":"https:\/\/www.cde.ual.es\/wp-content\/uploads\/2024\/03\/avion-scaled.jpg","keywords":["actualidad","aviation","comments","competitiveness","Ecology","Economy","European Comission","European Union","News","strategy","Sustainability"],"articleSection":["EU News","Transport"],"inLanguage":"en-US","potentialAction":[{"@type":"CommentAction","name":"Comment","target":["https:\/\/www.cde.ual.es\/la-comision-solicita-comentarios-sobre-la-nueva-estrategia-de-aviacion-y-aeronautica-de-la-ue\/#respond"]}]},{"@type":"WebPage","@id":"https:\/\/www.cde.ual.es\/la-comision-solicita-comentarios-sobre-la-nueva-estrategia-de-aviacion-y-aeronautica-de-la-ue\/","url":"https:\/\/www.cde.ual.es\/la-comision-solicita-comentarios-sobre-la-nueva-estrategia-de-aviacion-y-aeronautica-de-la-ue\/","name":"The Commission is inviting comments on the new EU Aviation and Aerospace Strategy | CDE Almer\u00eda - Centro de Documentaci\u00f3n Europea - Universidad de Almer\u00eda","isPartOf":{"@id":"https:\/\/www.cde.ual.es\/#website"},"primaryImageOfPage":{"@id":"https:\/\/www.cde.ual.es\/la-comision-solicita-comentarios-sobre-la-nueva-estrategia-de-aviacion-y-aeronautica-de-la-ue\/#primaryimage"},"image":{"@id":"https:\/\/www.cde.ual.es\/la-comision-solicita-comentarios-sobre-la-nueva-estrategia-de-aviacion-y-aeronautica-de-la-ue\/#primaryimage"},"thumbnailUrl":"https:\/\/www.cde.ual.es\/wp-content\/uploads\/2024\/03\/avion-scaled.jpg","datePublished":"2026-04-28T01:00:26+00:00","breadcrumb":{"@id":"https:\/\/www.cde.ual.es\/la-comision-solicita-comentarios-sobre-la-nueva-estrategia-de-aviacion-y-aeronautica-de-la-ue\/#breadcrumb"},"inLanguage":"en-US","potentialAction":[{"@type":"ReadAction","target":["https:\/\/www.cde.ual.es\/la-comision-solicita-comentarios-sobre-la-nueva-estrategia-de-aviacion-y-aeronautica-de-la-ue\/"]}]},{"@type":"ImageObject","inLanguage":"en-US","@id":"https:\/\/www.cde.ual.es\/la-comision-solicita-comentarios-sobre-la-nueva-estrategia-de-aviacion-y-aeronautica-de-la-ue\/#primaryimage","url":"https:\/\/www.cde.ual.es\/wp-content\/uploads\/2024\/03\/avion-scaled.jpg","contentUrl":"https:\/\/www.cde.ual.es\/wp-content\/uploads\/2024\/03\/avion-scaled.jpg","width":2560,"height":1700},{"@type":"BreadcrumbList","@id":"https:\/\/www.cde.ual.es\/la-comision-solicita-comentarios-sobre-la-nueva-estrategia-de-aviacion-y-aeronautica-de-la-ue\/#breadcrumb","itemListElement":[{"@type":"ListItem","position":1,"name":"Inicio","item":"https:\/\/www.cde.ual.es\/en\/"},{"@type":"ListItem","position":2,"name":"Noticias UE","item":"https:\/\/www.cde.ual.es\/category\/noticias-ue\/"},{"@type":"ListItem","position":3,"name":"Medio Ambiente","item":"https:\/\/www.cde.ual.es\/category\/noticias-ue\/medioambiente\/"},{"@type":"ListItem","position":4,"name":"Transporte","item":"https:\/\/www.cde.ual.es\/category\/noticias-ue\/medioambiente\/transporte\/"},{"@type":"ListItem","position":5,"name":"The Commission is inviting comments on the new EU Aviation and Aerospace Strategy"}]},{"@type":"WebSite","@id":"https:\/\/www.cde.ual.es\/#website","url":"https:\/\/www.cde.ual.es\/","name":"CDE Almer\u00eda - Centro de Documentaci\u00f3n Europea - Universidad de Almer\u00eda","description":"Centro de Documentaci\u00f3n Europea de la Universidad de Almer\u00eda","publisher":{"@id":"https:\/\/www.cde.ual.es\/#organization"},"alternateName":"CDE Almer\u00eda","potentialAction":[{"@type":"SearchAction","target":{"@type":"EntryPoint","urlTemplate":"https:\/\/www.cde.ual.es\/?s={search_term_string}"},"query-input":{"@type":"PropertyValueSpecification","valueRequired":true,"valueName":"search_term_string"}}],"inLanguage":"en-US"},{"@type":"Organization","@id":"https:\/\/www.cde.ual.es\/#organization","name":"Centro de Documentaci\u00f3n Europea de Almer\u00eda","url":"https:\/\/www.cde.ual.es\/","logo":{"@type":"ImageObject","inLanguage":"en-US","@id":"https:\/\/www.cde.ual.es\/#\/schema\/logo\/image\/","url":"https:\/\/www.cde.ual.es\/wp-content\/uploads\/2025\/07\/cde-logo-3.png","contentUrl":"https:\/\/www.cde.ual.es\/wp-content\/uploads\/2025\/07\/cde-logo-3.png","width":1400,"height":300,"caption":"Centro de Documentaci\u00f3n Europea de Almer\u00eda"},"image":{"@id":"https:\/\/www.cde.ual.es\/#\/schema\/logo\/image\/"},"sameAs":["https:\/\/www.facebook.com\/cdeuniversidadalmeria\/","https:\/\/x.com\/cdeualmeria","https:\/\/www.tiktok.com\/@cdealmeria","https:\/\/www.instagram.com\/cdealmeria\/","https:\/\/www.linkedin.com\/in\/cde-almera-812b26a9\/"]},{"@type":"Person","@id":"https:\/\/www.cde.ual.es\/#\/schema\/person\/224ef08c8bcc005f319d2713ce37ee5f","name":"AdminCDE","image":{"@type":"ImageObject","inLanguage":"en-US","@id":"https:\/\/secure.gravatar.com\/avatar\/a72d038d371f995cd13706fac32274b7952a52e8fb0a84b5f80c85426f2a98a8?s=96&d=mm&r=g","url":"https:\/\/secure.gravatar.com\/avatar\/a72d038d371f995cd13706fac32274b7952a52e8fb0a84b5f80c85426f2a98a8?s=96&d=mm&r=g","contentUrl":"https:\/\/secure.gravatar.com\/avatar\/a72d038d371f995cd13706fac32274b7952a52e8fb0a84b5f80c85426f2a98a8?s=96&d=mm&r=g","caption":"AdminCDE"}}]}},"_links":{"self":[{"href":"https:\/\/www.cde.ual.es\/en\/wp-json\/wp\/v2\/posts\/167702","targetHints":{"allow":["GET"]}}],"collection":[{"href":"https:\/\/www.cde.ual.es\/en\/wp-json\/wp\/v2\/posts"}],"about":[{"href":"https:\/\/www.cde.ual.es\/en\/wp-json\/wp\/v2\/types\/post"}],"author":[{"embeddable":true,"href":"https:\/\/www.cde.ual.es\/en\/wp-json\/wp\/v2\/users\/1"}],"replies":[{"embeddable":true,"href":"https:\/\/www.cde.ual.es\/en\/wp-json\/wp\/v2\/comments?post=167702"}],"version-history":[{"count":4,"href":"https:\/\/www.cde.ual.es\/en\/wp-json\/wp\/v2\/posts\/167702\/revisions"}],"predecessor-version":[{"id":167706,"href":"https:\/\/www.cde.ual.es\/en\/wp-json\/wp\/v2\/posts\/167702\/revisions\/167706"}],"wp:featuredmedia":[{"embeddable":true,"href":"https:\/\/www.cde.ual.es\/en\/wp-json\/wp\/v2\/media\/149739"}],"wp:attachment":[{"href":"https:\/\/www.cde.ual.es\/en\/wp-json\/wp\/v2\/media?parent=167702"}],"wp:term":[{"taxonomy":"category","embeddable":true,"href":"https:\/\/www.cde.ual.es\/en\/wp-json\/wp\/v2\/categories?post=167702"},{"taxonomy":"post_tag","embeddable":true,"href":"https:\/\/www.cde.ual.es\/en\/wp-json\/wp\/v2\/tags?post=167702"}],"curies":[{"name":"wp","href":"https:\/\/api.w.org\/{rel}","templated":true}]}}