{"id":167694,"date":"2026-04-28T03:00:45","date_gmt":"2026-04-28T01:00:45","guid":{"rendered":"https:\/\/www.cde.ual.es\/?p=167694"},"modified":"2026-04-27T10:04:43","modified_gmt":"2026-04-27T08:04:43","slug":"la-ue-y-el-bei-impulsaran-las-empresas-en-los-paises-socios-mediante-una-financiacion-de-1-300-millones-de-euros","status":"publish","type":"post","link":"https:\/\/www.cde.ual.es\/en\/la-ue-y-el-bei-impulsaran-las-empresas-en-los-paises-socios-mediante-una-financiacion-de-1-300-millones-de-euros\/","title":{"rendered":"The EU and the EIB will support businesses in partner countries with \u20ac1.3 billion in funding"},"content":{"rendered":"<p style=\"text-align: justify;\"><span dir=\"auto\">Following a new agreement between the European Commission and EIB Global, private project partners, small and medium-sized enterprises (SMEs) and financial institutions in the EU\u2019s partner countries will have access to \u20ac1.3 billion in funding to support infrastructure projects in clean energy and digitalisation. This new initiative is backed by a <\/span><strong><span dir=\"auto\">\u20ac362 million guarantee from the EU\u2019s ERDF<\/span><\/strong><span dir=\"auto\">, which will benefit companies and banks in the Western Balkans (\u20ac99 million), the Eastern Neighbourhood (\u20ac30 million), Turkey (\u20ac22.5 million) and the Middle East and North Africa (\u20ac210 million) over the next three years.<\/span><\/p>\n<p><img decoding=\"async\" class=\"aligncenter\" src=\"https:\/\/www.cde.ual.es\/wp-content\/uploads\/2024\/10\/empresas-scaled-e1749801269383.jpg\" width=\"642\" height=\"384\" \/><\/p>\n<p style=\"text-align: justify;\"><span dir=\"auto\">The agreement will strengthen ties between the EU and its neighbouring countries, improve energy security and create local jobs. At the same time, it will support the EU\u2019s Global Gateway strategy, the Mediterranean Pact and its connectivity and enlargement agenda. It also represents an important step towards achieving the<\/span><span class=\"ecl-link__label\"><span dir=\"auto\">EIB\u2019s Global Strategic Orientation<\/span><\/span><span dir=\"auto\">.\u00a0<\/span><\/p>\n<p style=\"text-align: justify;\"><strong><span dir=\"auto\">The Commissioner for the Mediterranean, Dubravka \u0160uica<\/span><\/strong><span dir=\"auto\">, said:<\/span><em><span dir=\"auto\">\u201cThis agreement further strengthens cooperation between the EU and the EIB to provide financial support for investments under the Pact for the Mediterranean. Together, we will be able to develop projects in key sectors, such as renewable energy, water and digital projects, whilst creating business opportunities for local and European companies.\u201d<\/span><\/em><\/p>\n<p style=\"text-align: justify;\"><strong><span dir=\"auto\">Enlargement Commissioner Marta Kos <\/span><\/strong><span dir=\"auto\">said:<\/span><em><span dir=\"auto\">\u201cThrough our partnership with the EIB, we are delivering on what matters most to our partner countries: greater investment in infrastructure, better access to finance for small businesses, and faster progress on the energy and digital transitions. This is how enlargement translates into concrete benefits for citizens and businesses.\u201d<\/span><\/em><\/p>\n<p style=\"text-align: justify;\"><em><span dir=\"auto\">\u201cThis agreement reflects the European way of building bridges based on mutual benefit and shared prosperity,<\/span><\/em><em><span dir=\"auto\">\u201d<\/span><\/em><span dir=\"auto\">said<\/span><strong><span dir=\"auto\">Andrew McDowell, CEO of EIB Global<\/span><\/strong><span dir=\"auto\">.<\/span><em><span dir=\"auto\">\u201cBy working closely with the European Commission, we are transforming public guarantees into private investment that strengthens energy security, supports small businesses and accelerates the green and digital transitions. Together, we are bringing accession candidate countries and neighbouring countries closer to the EU, creating jobs and making a real difference to people\u2019s lives.\u201d<\/span><\/em><\/p>\n<p style=\"text-align: justify;\"><span dir=\"auto\">The package will include:<\/span><\/p>\n<ul style=\"text-align: justify;\">\n<li><span dir=\"auto\">It will benefit key value chains such as<strong> t<\/strong><\/span><strong><span dir=\"auto\">extiles <\/span><\/strong><span dir=\"auto\">and <\/span><strong><span dir=\"auto\">agri-food, <\/span><\/strong><span dir=\"auto\">as well as <\/span><strong><span dir=\"auto\">innovative, <\/span><\/strong><strong><span dir=\"auto\">green and social <\/span><\/strong><span dir=\"auto\">projects <\/span><span dir=\"auto\">in the Eastern and Southern Neighbourhood and the Western Balkans. EIB Global will channel this support through <\/span><strong><span dir=\"auto\">\u20ac482 million in <\/span><\/strong><span dir=\"auto\">financing<\/span><span dir=\"auto\">for local banks.<\/span><\/li>\n<li><span dir=\"auto\">To help attract more private investment in <\/span><strong><span dir=\"auto\">green and digital transition <\/span><\/strong><span dir=\"auto\">projects <\/span><span dir=\"auto\">in the <\/span><strong><span dir=\"auto\">Western Balkans, <\/span><\/strong><strong><span dir=\"auto\">\u20ac167 million <\/span><\/strong><span dir=\"auto\">in guarantees will reduce risks for financial intermediaries and thus boost lending for clean energy, energy efficiency and digitalisation projects in the region.<\/span><\/li>\n<li><span dir=\"auto\">The EIB will provide up to \u20ac691 million in financing for major <\/span><strong><span dir=\"auto\">connectivity <\/span><\/strong><span dir=\"auto\">and <\/span><strong><span dir=\"auto\">renewable energy <\/span><\/strong><span dir=\"auto\">projects <\/span><span dir=\"auto\">in the <\/span><strong><span dir=\"auto\">Southern Neighbourhood, the Western Balkans <\/span><\/strong><span dir=\"auto\">and <\/span><strong><span dir=\"auto\">Turkey<\/span><\/strong><span dir=\"auto\">.<\/span><\/li>\n<\/ul>\n<p style=\"text-align: justify;\"><strong><span dir=\"auto\">General information\u202f\u202f<\/span><\/strong><\/p>\n<p style=\"text-align: justify;\"><span dir=\"auto\">Global <strong>Gateway<\/strong> is the EU\u2019s forward-looking proposal to reduce the global investment gap and boost smart, clean and secure connections in the digital, energy and transport sectors, as well as to strengthen health, education and research systems.<\/span><span dir=\"auto\">This strategy is based on a \u2018Team Europe\u2019 approach that brings together the European Union, EU Member States and European development finance institutions. Together, they aim to mobilise up to \u20ac300 billion in public and private investment between 2021 and 2027, creating essential links rather than dependencies and narrowing the global investment gap.<\/span><\/p>\n<p style=\"text-align: justify;\"><span dir=\"auto\">The <\/span><strong><span dir=\"auto\">European Fund for Sustainable Development Plus (EFSD) <\/span><\/strong><span dir=\"auto\">was established in June 2021 and is a key tool of the EU\u2019s Global Gateway initiative. The EFSD provides grants and guarantees for investment projects through international financial institutions (IFIs) and has a total guarantee capacity of \u20ac39.8 billion for the period 2021\u20132027.<\/span><\/p>\n<p style=\"text-align: justify;\"><strong><span dir=\"auto\">EIB Group<\/span><\/strong><\/p>\n<p style=\"text-align: justify;\"><strong><span dir=\"auto\">The European Investment Bank <\/span><\/strong><span dir=\"auto\">(<\/span><span class=\"ecl-link__label\"><span dir=\"auto\">EIB<\/span><\/span><span dir=\"auto\">) <\/span><strong><span dir=\"auto\">Group <\/span><\/strong><span dir=\"auto\">is the financial arm of the European Union, owned by the 27 Member States, and one of the world\u2019s largest multilateral development banks. In 2025, the EIB Group signed agreements worth \u20ac100 billion in new financing and advisory services for more than 870<\/span><span class=\"ecl-link__label\"><span dir=\"auto\">high-impact projects<\/span><\/span><span dir=\"auto\">across<\/span><span class=\"ecl-link__label\"><span dir=\"auto\">eight key priorities<\/span><\/span><span dir=\"auto\">that support<\/span><span class=\"ecl-link__label\"><span dir=\"auto\">the EU\u2019s policy objectives: <\/span><\/span><span dir=\"auto\">climate action and the environment, digitalisation and technological innovation, security and defence, territorial cohesion, agriculture and the bioeconomy, social infrastructure, strong global partnerships, and the savings and investment union. In addition to long-term loans for major infrastructure projects, the EIB Group drives private investment in high-risk innovative projects and companies, playing an increasingly important role in European markets for risk debt, venture capital, guarantees and securitisation.\u00a0<\/span><\/p>\n<p style=\"text-align: justify;\"><span class=\"ecl-link__label\"><span dir=\"auto\">EIB Global<\/span><\/span><span dir=\"auto\">is the specialised arm of the EIB Group dedicated to increasing the impact of mutually beneficial international partnerships and development finance, and a key partner of <\/span><span dir=\"auto\"> Team Europe<\/span><span dir=\"auto\"> and the<\/span><span dir=\"auto\">Global<\/span><span dir=\"auto\"> Strategy <\/span><span dir=\"auto\">Portal<\/span><span dir=\"auto\">. EIB Global brings the EIB Group closer to people, businesses and institutions through its <\/span><span class=\"ecl-link__label\"><span dir=\"auto\"> offices around the world.<\/span><\/span><\/p>\n<p><strong>More information: <a href=\"https:\/\/enlargement.ec.europa.eu\/news\/eu-and-eib-boost-businesses-partner-countries-through-eu13-billion-financing-2026-04-24_en\">European Commission.\u00a0<\/a><\/strong><\/p>\n","protected":false},"excerpt":{"rendered":"<p>Following a new agreement between the European Commission and EIB Global, private project partners, small and medium-sized enterprises (SMEs) and financial institutions in the EU\u2019s partner countries will have access to \u20ac1.3 billion in funding to support infrastructure projects in clean energy and digitalisation. This new initiative is backed by a \u20ac362 million guarantee from [&hellip;]<\/p>\n","protected":false},"author":1,"featured_media":154092,"comment_status":"open","ping_status":"open","sticky":false,"template":"","format":"standard","meta":{"_acf_changed":false,"_relevanssi_hide_post":"","_relevanssi_hide_content":"","_relevanssi_pin_for_all":"","_relevanssi_pin_keywords":"","_relevanssi_unpin_keywords":"","_relevanssi_related_keywords":"","_relevanssi_related_include_ids":"","_relevanssi_related_exclude_ids":"","_relevanssi_related_no_append":"","_relevanssi_related_not_related":"","_relevanssi_related_posts":"","_relevanssi_noindex_reason":"","_monsterinsights_skip_tracking":false,"_monsterinsights_sitenote_active":false,"_monsterinsights_sitenote_note":"","_monsterinsights_sitenote_category":0,"_genesis_hide_title":false,"_genesis_hide_breadcrumbs":false,"_genesis_hide_singular_image":false,"_genesis_hide_footer_widgets":false,"_genesis_custom_body_class":"","_genesis_custom_post_class":"","_genesis_layout":"","footnotes":""},"categories":[346,4088],"tags":[7385,355,431,6480,779,1217,1488,404,2788,2573,1487,18228,1115,10326,8298,434],"class_list":{"0":"post-167694","1":"post","2":"type-post","3":"status-publish","4":"format-standard","5":"has-post-thumbnail","7":"category-eu-news","8":"category-market","9":"tag-actualidad","10":"tag-agriculture","11":"tag-connectivity","12":"tag-digital-transition","13":"tag-eu-en","14":"tag-europe","15":"tag-european-commission","16":"tag-innovation","17":"tag-news","18":"tag-programme","19":"tag-project","20":"tag-region","21":"tag-renewable-energy","22":"tag-risks","23":"tag-textiles","24":"tag-trade","25":"entry"},"acf":[],"yoast_head":"<!-- This site is optimized with the Yoast SEO plugin v27.4 - https:\/\/yoast.com\/product\/yoast-seo-wordpress\/ -->\n<title>The EU and the EIB will support businesses in partner countries with \u20ac1.3 billion in funding | CDE Almer\u00eda - Centro de Documentaci\u00f3n Europea - Universidad de Almer\u00eda<\/title>\n<meta name=\"robots\" content=\"index, follow, max-snippet:-1, max-image-preview:large, max-video-preview:-1\" \/>\n<link rel=\"canonical\" href=\"https:\/\/www.cde.ual.es\/la-ue-y-el-bei-impulsaran-las-empresas-en-los-paises-socios-mediante-una-financiacion-de-1-300-millones-de-euros\/\" \/>\n<meta property=\"og:locale\" content=\"en_US\" \/>\n<meta property=\"og:type\" content=\"article\" \/>\n<meta property=\"og:title\" content=\"The EU and the EIB will support businesses in partner countries with \u20ac1.3 billion in funding | CDE Almer\u00eda - Centro de Documentaci\u00f3n Europea - Universidad de Almer\u00eda\" \/>\n<meta property=\"og:description\" content=\"Following a new agreement between the European Commission and EIB Global, private project partners, small and medium-sized enterprises (SMEs) and financial institutions in the EU\u2019s partner countries will have access to \u20ac1.3 billion in funding to support infrastructure projects in clean energy and digitalisation. This new initiative is backed by a \u20ac362 million guarantee from [&hellip;]\" \/>\n<meta property=\"og:url\" content=\"https:\/\/www.cde.ual.es\/la-ue-y-el-bei-impulsaran-las-empresas-en-los-paises-socios-mediante-una-financiacion-de-1-300-millones-de-euros\/\" \/>\n<meta property=\"og:site_name\" content=\"CDE Almer\u00eda - Centro de Documentaci\u00f3n Europea - Universidad de Almer\u00eda\" \/>\n<meta property=\"article:publisher\" content=\"https:\/\/www.facebook.com\/cdeuniversidadalmeria\/\" \/>\n<meta property=\"article:published_time\" content=\"2026-04-28T01:00:45+00:00\" \/>\n<meta property=\"og:image\" content=\"https:\/\/www.cde.ual.es\/wp-content\/uploads\/2024\/10\/empresas-scaled.jpg\" \/>\n\t<meta property=\"og:image:width\" content=\"2560\" \/>\n\t<meta property=\"og:image:height\" content=\"1920\" \/>\n\t<meta property=\"og:image:type\" content=\"image\/jpeg\" \/>\n<meta name=\"author\" content=\"AdminCDE\" \/>\n<meta name=\"twitter:card\" content=\"summary_large_image\" \/>\n<meta name=\"twitter:creator\" content=\"@cdeualmeria\" \/>\n<meta name=\"twitter:site\" content=\"@cdeualmeria\" \/>\n<meta name=\"twitter:label1\" content=\"Written by\" \/>\n\t<meta name=\"twitter:data1\" content=\"AdminCDE\" \/>\n\t<meta name=\"twitter:label2\" content=\"Est. reading time\" \/>\n\t<meta name=\"twitter:data2\" content=\"4 minutes\" \/>\n<script type=\"application\/ld+json\" class=\"yoast-schema-graph\">{\"@context\":\"https:\\\/\\\/schema.org\",\"@graph\":[{\"@type\":\"Article\",\"@id\":\"https:\\\/\\\/www.cde.ual.es\\\/la-ue-y-el-bei-impulsaran-las-empresas-en-los-paises-socios-mediante-una-financiacion-de-1-300-millones-de-euros\\\/#article\",\"isPartOf\":{\"@id\":\"https:\\\/\\\/www.cde.ual.es\\\/la-ue-y-el-bei-impulsaran-las-empresas-en-los-paises-socios-mediante-una-financiacion-de-1-300-millones-de-euros\\\/\"},\"author\":{\"name\":\"AdminCDE\",\"@id\":\"https:\\\/\\\/www.cde.ual.es\\\/#\\\/schema\\\/person\\\/224ef08c8bcc005f319d2713ce37ee5f\"},\"headline\":\"The EU and the EIB will support businesses in partner countries with \u20ac1.3 billion in funding\",\"datePublished\":\"2026-04-28T01:00:45+00:00\",\"mainEntityOfPage\":{\"@id\":\"https:\\\/\\\/www.cde.ual.es\\\/la-ue-y-el-bei-impulsaran-las-empresas-en-los-paises-socios-mediante-una-financiacion-de-1-300-millones-de-euros\\\/\"},\"wordCount\":783,\"commentCount\":0,\"publisher\":{\"@id\":\"https:\\\/\\\/www.cde.ual.es\\\/#organization\"},\"image\":{\"@id\":\"https:\\\/\\\/www.cde.ual.es\\\/la-ue-y-el-bei-impulsaran-las-empresas-en-los-paises-socios-mediante-una-financiacion-de-1-300-millones-de-euros\\\/#primaryimage\"},\"thumbnailUrl\":\"https:\\\/\\\/www.cde.ual.es\\\/wp-content\\\/uploads\\\/2024\\\/10\\\/empresas-scaled.jpg\",\"keywords\":[\"actualidad\",\"Agriculture\",\"Connectivity\",\"digital transition\",\"EU\",\"Europe\",\"European Commission\",\"innovation\",\"News\",\"programme\",\"project\",\"regi\u00f3n\",\"renewable energy\",\"risks\",\"textiles\",\"Trade\"],\"articleSection\":[\"EU News\",\"Market\"],\"inLanguage\":\"en-US\",\"potentialAction\":[{\"@type\":\"CommentAction\",\"name\":\"Comment\",\"target\":[\"https:\\\/\\\/www.cde.ual.es\\\/la-ue-y-el-bei-impulsaran-las-empresas-en-los-paises-socios-mediante-una-financiacion-de-1-300-millones-de-euros\\\/#respond\"]}]},{\"@type\":\"WebPage\",\"@id\":\"https:\\\/\\\/www.cde.ual.es\\\/la-ue-y-el-bei-impulsaran-las-empresas-en-los-paises-socios-mediante-una-financiacion-de-1-300-millones-de-euros\\\/\",\"url\":\"https:\\\/\\\/www.cde.ual.es\\\/la-ue-y-el-bei-impulsaran-las-empresas-en-los-paises-socios-mediante-una-financiacion-de-1-300-millones-de-euros\\\/\",\"name\":\"The EU and the EIB will support businesses in partner countries with \u20ac1.3 billion in funding | CDE Almer\u00eda - Centro de Documentaci\u00f3n Europea - Universidad de Almer\u00eda\",\"isPartOf\":{\"@id\":\"https:\\\/\\\/www.cde.ual.es\\\/#website\"},\"primaryImageOfPage\":{\"@id\":\"https:\\\/\\\/www.cde.ual.es\\\/la-ue-y-el-bei-impulsaran-las-empresas-en-los-paises-socios-mediante-una-financiacion-de-1-300-millones-de-euros\\\/#primaryimage\"},\"image\":{\"@id\":\"https:\\\/\\\/www.cde.ual.es\\\/la-ue-y-el-bei-impulsaran-las-empresas-en-los-paises-socios-mediante-una-financiacion-de-1-300-millones-de-euros\\\/#primaryimage\"},\"thumbnailUrl\":\"https:\\\/\\\/www.cde.ual.es\\\/wp-content\\\/uploads\\\/2024\\\/10\\\/empresas-scaled.jpg\",\"datePublished\":\"2026-04-28T01:00:45+00:00\",\"breadcrumb\":{\"@id\":\"https:\\\/\\\/www.cde.ual.es\\\/la-ue-y-el-bei-impulsaran-las-empresas-en-los-paises-socios-mediante-una-financiacion-de-1-300-millones-de-euros\\\/#breadcrumb\"},\"inLanguage\":\"en-US\",\"potentialAction\":[{\"@type\":\"ReadAction\",\"target\":[\"https:\\\/\\\/www.cde.ual.es\\\/la-ue-y-el-bei-impulsaran-las-empresas-en-los-paises-socios-mediante-una-financiacion-de-1-300-millones-de-euros\\\/\"]}]},{\"@type\":\"ImageObject\",\"inLanguage\":\"en-US\",\"@id\":\"https:\\\/\\\/www.cde.ual.es\\\/la-ue-y-el-bei-impulsaran-las-empresas-en-los-paises-socios-mediante-una-financiacion-de-1-300-millones-de-euros\\\/#primaryimage\",\"url\":\"https:\\\/\\\/www.cde.ual.es\\\/wp-content\\\/uploads\\\/2024\\\/10\\\/empresas-scaled.jpg\",\"contentUrl\":\"https:\\\/\\\/www.cde.ual.es\\\/wp-content\\\/uploads\\\/2024\\\/10\\\/empresas-scaled.jpg\",\"width\":2560,\"height\":1920},{\"@type\":\"BreadcrumbList\",\"@id\":\"https:\\\/\\\/www.cde.ual.es\\\/la-ue-y-el-bei-impulsaran-las-empresas-en-los-paises-socios-mediante-una-financiacion-de-1-300-millones-de-euros\\\/#breadcrumb\",\"itemListElement\":[{\"@type\":\"ListItem\",\"position\":1,\"name\":\"Inicio\",\"item\":\"https:\\\/\\\/www.cde.ual.es\\\/en\\\/\"},{\"@type\":\"ListItem\",\"position\":2,\"name\":\"Noticias UE\",\"item\":\"https:\\\/\\\/www.cde.ual.es\\\/category\\\/noticias-ue\\\/\"},{\"@type\":\"ListItem\",\"position\":3,\"name\":\"Mercado\",\"item\":\"https:\\\/\\\/www.cde.ual.es\\\/category\\\/noticias-ue\\\/mercado\\\/\"},{\"@type\":\"ListItem\",\"position\":4,\"name\":\"Empresas\",\"item\":\"https:\\\/\\\/www.cde.ual.es\\\/category\\\/noticias-ue\\\/mercado\\\/empresas\\\/\"},{\"@type\":\"ListItem\",\"position\":5,\"name\":\"The EU and the EIB will support businesses in partner countries with \u20ac1.3 billion in funding\"}]},{\"@type\":\"WebSite\",\"@id\":\"https:\\\/\\\/www.cde.ual.es\\\/#website\",\"url\":\"https:\\\/\\\/www.cde.ual.es\\\/\",\"name\":\"CDE Almer\u00eda - Centro de Documentaci\u00f3n Europea - Universidad de Almer\u00eda\",\"description\":\"Centro de Documentaci\u00f3n Europea de la Universidad de Almer\u00eda\",\"publisher\":{\"@id\":\"https:\\\/\\\/www.cde.ual.es\\\/#organization\"},\"alternateName\":\"CDE Almer\u00eda\",\"potentialAction\":[{\"@type\":\"SearchAction\",\"target\":{\"@type\":\"EntryPoint\",\"urlTemplate\":\"https:\\\/\\\/www.cde.ual.es\\\/?s={search_term_string}\"},\"query-input\":{\"@type\":\"PropertyValueSpecification\",\"valueRequired\":true,\"valueName\":\"search_term_string\"}}],\"inLanguage\":\"en-US\"},{\"@type\":\"Organization\",\"@id\":\"https:\\\/\\\/www.cde.ual.es\\\/#organization\",\"name\":\"Centro de Documentaci\u00f3n Europea de Almer\u00eda\",\"url\":\"https:\\\/\\\/www.cde.ual.es\\\/\",\"logo\":{\"@type\":\"ImageObject\",\"inLanguage\":\"en-US\",\"@id\":\"https:\\\/\\\/www.cde.ual.es\\\/#\\\/schema\\\/logo\\\/image\\\/\",\"url\":\"https:\\\/\\\/www.cde.ual.es\\\/wp-content\\\/uploads\\\/2025\\\/07\\\/cde-logo-3.png\",\"contentUrl\":\"https:\\\/\\\/www.cde.ual.es\\\/wp-content\\\/uploads\\\/2025\\\/07\\\/cde-logo-3.png\",\"width\":1400,\"height\":300,\"caption\":\"Centro de Documentaci\u00f3n Europea de Almer\u00eda\"},\"image\":{\"@id\":\"https:\\\/\\\/www.cde.ual.es\\\/#\\\/schema\\\/logo\\\/image\\\/\"},\"sameAs\":[\"https:\\\/\\\/www.facebook.com\\\/cdeuniversidadalmeria\\\/\",\"https:\\\/\\\/x.com\\\/cdeualmeria\",\"https:\\\/\\\/www.tiktok.com\\\/@cdealmeria\",\"https:\\\/\\\/www.instagram.com\\\/cdealmeria\\\/\",\"https:\\\/\\\/www.linkedin.com\\\/in\\\/cde-almera-812b26a9\\\/\"]},{\"@type\":\"Person\",\"@id\":\"https:\\\/\\\/www.cde.ual.es\\\/#\\\/schema\\\/person\\\/224ef08c8bcc005f319d2713ce37ee5f\",\"name\":\"AdminCDE\",\"image\":{\"@type\":\"ImageObject\",\"inLanguage\":\"en-US\",\"@id\":\"https:\\\/\\\/secure.gravatar.com\\\/avatar\\\/a72d038d371f995cd13706fac32274b7952a52e8fb0a84b5f80c85426f2a98a8?s=96&d=mm&r=g\",\"url\":\"https:\\\/\\\/secure.gravatar.com\\\/avatar\\\/a72d038d371f995cd13706fac32274b7952a52e8fb0a84b5f80c85426f2a98a8?s=96&d=mm&r=g\",\"contentUrl\":\"https:\\\/\\\/secure.gravatar.com\\\/avatar\\\/a72d038d371f995cd13706fac32274b7952a52e8fb0a84b5f80c85426f2a98a8?s=96&d=mm&r=g\",\"caption\":\"AdminCDE\"}}]}<\/script>\n<!-- \/ Yoast SEO plugin. -->","yoast_head_json":{"title":"The EU and the EIB will support businesses in partner countries with \u20ac1.3 billion in funding | CDE Almer\u00eda - Centro de Documentaci\u00f3n Europea - Universidad de Almer\u00eda","robots":{"index":"index","follow":"follow","max-snippet":"max-snippet:-1","max-image-preview":"max-image-preview:large","max-video-preview":"max-video-preview:-1"},"canonical":"https:\/\/www.cde.ual.es\/la-ue-y-el-bei-impulsaran-las-empresas-en-los-paises-socios-mediante-una-financiacion-de-1-300-millones-de-euros\/","og_locale":"en_US","og_type":"article","og_title":"The EU and the EIB will support businesses in partner countries with \u20ac1.3 billion in funding | CDE Almer\u00eda - Centro de Documentaci\u00f3n Europea - Universidad de Almer\u00eda","og_description":"Following a new agreement between the European Commission and EIB Global, private project partners, small and medium-sized enterprises (SMEs) and financial institutions in the EU\u2019s partner countries will have access to \u20ac1.3 billion in funding to support infrastructure projects in clean energy and digitalisation. This new initiative is backed by a \u20ac362 million guarantee from [&hellip;]","og_url":"https:\/\/www.cde.ual.es\/la-ue-y-el-bei-impulsaran-las-empresas-en-los-paises-socios-mediante-una-financiacion-de-1-300-millones-de-euros\/","og_site_name":"CDE Almer\u00eda - Centro de Documentaci\u00f3n Europea - Universidad de Almer\u00eda","article_publisher":"https:\/\/www.facebook.com\/cdeuniversidadalmeria\/","article_published_time":"2026-04-28T01:00:45+00:00","og_image":[{"width":2560,"height":1920,"url":"https:\/\/www.cde.ual.es\/wp-content\/uploads\/2024\/10\/empresas-scaled.jpg","type":"image\/jpeg"}],"author":"AdminCDE","twitter_card":"summary_large_image","twitter_creator":"@cdeualmeria","twitter_site":"@cdeualmeria","twitter_misc":{"Written by":"AdminCDE","Est. reading time":"4 minutes"},"schema":{"@context":"https:\/\/schema.org","@graph":[{"@type":"Article","@id":"https:\/\/www.cde.ual.es\/la-ue-y-el-bei-impulsaran-las-empresas-en-los-paises-socios-mediante-una-financiacion-de-1-300-millones-de-euros\/#article","isPartOf":{"@id":"https:\/\/www.cde.ual.es\/la-ue-y-el-bei-impulsaran-las-empresas-en-los-paises-socios-mediante-una-financiacion-de-1-300-millones-de-euros\/"},"author":{"name":"AdminCDE","@id":"https:\/\/www.cde.ual.es\/#\/schema\/person\/224ef08c8bcc005f319d2713ce37ee5f"},"headline":"The EU and the EIB will support businesses in partner countries with \u20ac1.3 billion in funding","datePublished":"2026-04-28T01:00:45+00:00","mainEntityOfPage":{"@id":"https:\/\/www.cde.ual.es\/la-ue-y-el-bei-impulsaran-las-empresas-en-los-paises-socios-mediante-una-financiacion-de-1-300-millones-de-euros\/"},"wordCount":783,"commentCount":0,"publisher":{"@id":"https:\/\/www.cde.ual.es\/#organization"},"image":{"@id":"https:\/\/www.cde.ual.es\/la-ue-y-el-bei-impulsaran-las-empresas-en-los-paises-socios-mediante-una-financiacion-de-1-300-millones-de-euros\/#primaryimage"},"thumbnailUrl":"https:\/\/www.cde.ual.es\/wp-content\/uploads\/2024\/10\/empresas-scaled.jpg","keywords":["actualidad","Agriculture","Connectivity","digital transition","EU","Europe","European Commission","innovation","News","programme","project","regi\u00f3n","renewable energy","risks","textiles","Trade"],"articleSection":["EU News","Market"],"inLanguage":"en-US","potentialAction":[{"@type":"CommentAction","name":"Comment","target":["https:\/\/www.cde.ual.es\/la-ue-y-el-bei-impulsaran-las-empresas-en-los-paises-socios-mediante-una-financiacion-de-1-300-millones-de-euros\/#respond"]}]},{"@type":"WebPage","@id":"https:\/\/www.cde.ual.es\/la-ue-y-el-bei-impulsaran-las-empresas-en-los-paises-socios-mediante-una-financiacion-de-1-300-millones-de-euros\/","url":"https:\/\/www.cde.ual.es\/la-ue-y-el-bei-impulsaran-las-empresas-en-los-paises-socios-mediante-una-financiacion-de-1-300-millones-de-euros\/","name":"The EU and the EIB will support businesses in partner countries with \u20ac1.3 billion in funding | CDE Almer\u00eda - Centro de Documentaci\u00f3n Europea - Universidad de Almer\u00eda","isPartOf":{"@id":"https:\/\/www.cde.ual.es\/#website"},"primaryImageOfPage":{"@id":"https:\/\/www.cde.ual.es\/la-ue-y-el-bei-impulsaran-las-empresas-en-los-paises-socios-mediante-una-financiacion-de-1-300-millones-de-euros\/#primaryimage"},"image":{"@id":"https:\/\/www.cde.ual.es\/la-ue-y-el-bei-impulsaran-las-empresas-en-los-paises-socios-mediante-una-financiacion-de-1-300-millones-de-euros\/#primaryimage"},"thumbnailUrl":"https:\/\/www.cde.ual.es\/wp-content\/uploads\/2024\/10\/empresas-scaled.jpg","datePublished":"2026-04-28T01:00:45+00:00","breadcrumb":{"@id":"https:\/\/www.cde.ual.es\/la-ue-y-el-bei-impulsaran-las-empresas-en-los-paises-socios-mediante-una-financiacion-de-1-300-millones-de-euros\/#breadcrumb"},"inLanguage":"en-US","potentialAction":[{"@type":"ReadAction","target":["https:\/\/www.cde.ual.es\/la-ue-y-el-bei-impulsaran-las-empresas-en-los-paises-socios-mediante-una-financiacion-de-1-300-millones-de-euros\/"]}]},{"@type":"ImageObject","inLanguage":"en-US","@id":"https:\/\/www.cde.ual.es\/la-ue-y-el-bei-impulsaran-las-empresas-en-los-paises-socios-mediante-una-financiacion-de-1-300-millones-de-euros\/#primaryimage","url":"https:\/\/www.cde.ual.es\/wp-content\/uploads\/2024\/10\/empresas-scaled.jpg","contentUrl":"https:\/\/www.cde.ual.es\/wp-content\/uploads\/2024\/10\/empresas-scaled.jpg","width":2560,"height":1920},{"@type":"BreadcrumbList","@id":"https:\/\/www.cde.ual.es\/la-ue-y-el-bei-impulsaran-las-empresas-en-los-paises-socios-mediante-una-financiacion-de-1-300-millones-de-euros\/#breadcrumb","itemListElement":[{"@type":"ListItem","position":1,"name":"Inicio","item":"https:\/\/www.cde.ual.es\/en\/"},{"@type":"ListItem","position":2,"name":"Noticias UE","item":"https:\/\/www.cde.ual.es\/category\/noticias-ue\/"},{"@type":"ListItem","position":3,"name":"Mercado","item":"https:\/\/www.cde.ual.es\/category\/noticias-ue\/mercado\/"},{"@type":"ListItem","position":4,"name":"Empresas","item":"https:\/\/www.cde.ual.es\/category\/noticias-ue\/mercado\/empresas\/"},{"@type":"ListItem","position":5,"name":"The EU and the EIB will support businesses in partner countries with \u20ac1.3 billion in funding"}]},{"@type":"WebSite","@id":"https:\/\/www.cde.ual.es\/#website","url":"https:\/\/www.cde.ual.es\/","name":"CDE Almer\u00eda - Centro de Documentaci\u00f3n Europea - Universidad de Almer\u00eda","description":"Centro de Documentaci\u00f3n Europea de la Universidad de Almer\u00eda","publisher":{"@id":"https:\/\/www.cde.ual.es\/#organization"},"alternateName":"CDE Almer\u00eda","potentialAction":[{"@type":"SearchAction","target":{"@type":"EntryPoint","urlTemplate":"https:\/\/www.cde.ual.es\/?s={search_term_string}"},"query-input":{"@type":"PropertyValueSpecification","valueRequired":true,"valueName":"search_term_string"}}],"inLanguage":"en-US"},{"@type":"Organization","@id":"https:\/\/www.cde.ual.es\/#organization","name":"Centro de Documentaci\u00f3n Europea de Almer\u00eda","url":"https:\/\/www.cde.ual.es\/","logo":{"@type":"ImageObject","inLanguage":"en-US","@id":"https:\/\/www.cde.ual.es\/#\/schema\/logo\/image\/","url":"https:\/\/www.cde.ual.es\/wp-content\/uploads\/2025\/07\/cde-logo-3.png","contentUrl":"https:\/\/www.cde.ual.es\/wp-content\/uploads\/2025\/07\/cde-logo-3.png","width":1400,"height":300,"caption":"Centro de Documentaci\u00f3n Europea de Almer\u00eda"},"image":{"@id":"https:\/\/www.cde.ual.es\/#\/schema\/logo\/image\/"},"sameAs":["https:\/\/www.facebook.com\/cdeuniversidadalmeria\/","https:\/\/x.com\/cdeualmeria","https:\/\/www.tiktok.com\/@cdealmeria","https:\/\/www.instagram.com\/cdealmeria\/","https:\/\/www.linkedin.com\/in\/cde-almera-812b26a9\/"]},{"@type":"Person","@id":"https:\/\/www.cde.ual.es\/#\/schema\/person\/224ef08c8bcc005f319d2713ce37ee5f","name":"AdminCDE","image":{"@type":"ImageObject","inLanguage":"en-US","@id":"https:\/\/secure.gravatar.com\/avatar\/a72d038d371f995cd13706fac32274b7952a52e8fb0a84b5f80c85426f2a98a8?s=96&d=mm&r=g","url":"https:\/\/secure.gravatar.com\/avatar\/a72d038d371f995cd13706fac32274b7952a52e8fb0a84b5f80c85426f2a98a8?s=96&d=mm&r=g","contentUrl":"https:\/\/secure.gravatar.com\/avatar\/a72d038d371f995cd13706fac32274b7952a52e8fb0a84b5f80c85426f2a98a8?s=96&d=mm&r=g","caption":"AdminCDE"}}]}},"_links":{"self":[{"href":"https:\/\/www.cde.ual.es\/en\/wp-json\/wp\/v2\/posts\/167694","targetHints":{"allow":["GET"]}}],"collection":[{"href":"https:\/\/www.cde.ual.es\/en\/wp-json\/wp\/v2\/posts"}],"about":[{"href":"https:\/\/www.cde.ual.es\/en\/wp-json\/wp\/v2\/types\/post"}],"author":[{"embeddable":true,"href":"https:\/\/www.cde.ual.es\/en\/wp-json\/wp\/v2\/users\/1"}],"replies":[{"embeddable":true,"href":"https:\/\/www.cde.ual.es\/en\/wp-json\/wp\/v2\/comments?post=167694"}],"version-history":[{"count":4,"href":"https:\/\/www.cde.ual.es\/en\/wp-json\/wp\/v2\/posts\/167694\/revisions"}],"predecessor-version":[{"id":167699,"href":"https:\/\/www.cde.ual.es\/en\/wp-json\/wp\/v2\/posts\/167694\/revisions\/167699"}],"wp:featuredmedia":[{"embeddable":true,"href":"https:\/\/www.cde.ual.es\/en\/wp-json\/wp\/v2\/media\/154092"}],"wp:attachment":[{"href":"https:\/\/www.cde.ual.es\/en\/wp-json\/wp\/v2\/media?parent=167694"}],"wp:term":[{"taxonomy":"category","embeddable":true,"href":"https:\/\/www.cde.ual.es\/en\/wp-json\/wp\/v2\/categories?post=167694"},{"taxonomy":"post_tag","embeddable":true,"href":"https:\/\/www.cde.ual.es\/en\/wp-json\/wp\/v2\/tags?post=167694"}],"curies":[{"name":"wp","href":"https:\/\/api.w.org\/{rel}","templated":true}]}}