{"id":167676,"date":"2026-04-27T09:03:08","date_gmt":"2026-04-27T07:03:08","guid":{"rendered":"https:\/\/www.cde.ual.es\/?p=167676"},"modified":"2026-04-27T09:05:17","modified_gmt":"2026-04-27T07:05:17","slug":"arranca-la-semana-europea-de-la-juventud-2026-para-impulsar-la-participacion-de-los-jovenes","status":"publish","type":"post","link":"https:\/\/www.cde.ual.es\/en\/arranca-la-semana-europea-de-la-juventud-2026-para-impulsar-la-participacion-de-los-jovenes\/","title":{"rendered":"European Youth Week 2026 kicks off to encourage young people to get involved"},"content":{"rendered":"<p style=\"text-align: justify;\">Today marks the start of European Youth Week 2026 across Europe, an initiative running until 1 May that will bring together young people, organisations and institutions for a week dedicated to celebrating youth participation, as part of the European Commission\u2019s commitment to incorporating young people\u2019s voices into EU policy-making.<\/p>\n<p><img decoding=\"async\" class=\"aligncenter\" src=\"https:\/\/www.cde.ual.es\/wp-content\/uploads\/2022\/12\/mnfy.png\" width=\"630\" height=\"439\" \/><\/p>\n<p style=\"text-align: justify;\">Around 1,000 young people will take part in the opening event in Brussels, which will begin with a video message from Ursula <strong>von der Leyen, President <\/strong>of the European Commission, and Roberta Metsola, President of the European Parliament. Glenn <strong>Micallef<\/strong>, Commissioner for Intergenerational Equity, Youth, Culture and Sport, will attend the opening event and take part in a session with young citizens and representatives from Member States and EU institutions.<\/p>\n<p style=\"text-align: justify;\">This year\u2019s edition focuses on solidarity and equity, highlighting social inclusion and equal opportunities for young people. All events can be explored via an interactive map on the European Youth Portal. These events provide a platform for dialogue between young people and EU decision-makers, complementing the ongoing youth policy dialogues with the Commissioners.<\/p>\n<p style=\"text-align: justify;\">European Youth Week will also feature a special event to mark 30 years of volunteering in the EU, from the European Voluntary Service to today\u2019s European Solidarity Corps.<\/p>\n<p style=\"text-align: justify;\">Commissioner <strong>Micallef said<\/strong>: \u201cYoung people are the heart of Europe. European Youth Week is dedicated to them, to their dreams, their ideas and their creativity. It pays tribute to young people by giving them more opportunities to make their voices heard and to participate in shaping the future of Europe. For some, this may mark the start of their journey towards active citizenship. In 2026, European Youth Week will once again highlight the importance of listening to young people\u2019s voices and ensure that solidarity and equity remain at the heart of our policies.\u201d<\/p>\n<p><strong>More information: <a href=\"https:\/\/spain.representation.ec.europa.eu\/noticias-eventos\/noticias-0\/arranca-la-semana-europea-de-la-juventud-2026-para-impulsar-la-participacion-de-los-jovenes-2026-04-24_es\">European Commission.<br \/>\n<\/a><\/strong><\/p>\n<p style=\"text-align: justify;\">\n","protected":false},"excerpt":{"rendered":"<p>Today marks the start of European Youth Week 2026 across Europe, an initiative running until 1 May that will bring together young people, organisations and institutions for a week dedicated to celebrating youth participation, as part of the European Commission\u2019s commitment to incorporating young people\u2019s voices into EU policy-making. Around 1,000 young people will take [&hellip;]<\/p>\n","protected":false},"author":1,"featured_media":126642,"comment_status":"open","ping_status":"open","sticky":false,"template":"","format":"standard","meta":{"_acf_changed":false,"_relevanssi_hide_post":"","_relevanssi_hide_content":"","_relevanssi_pin_for_all":"","_relevanssi_pin_keywords":"","_relevanssi_unpin_keywords":"","_relevanssi_related_keywords":"","_relevanssi_related_include_ids":"","_relevanssi_related_exclude_ids":"","_relevanssi_related_no_append":"","_relevanssi_related_not_related":"","_relevanssi_related_posts":"","_relevanssi_noindex_reason":"","_monsterinsights_skip_tracking":false,"_monsterinsights_sitenote_active":false,"_monsterinsights_sitenote_note":"","_monsterinsights_sitenote_category":0,"_genesis_hide_title":false,"_genesis_hide_breadcrumbs":false,"_genesis_hide_singular_image":false,"_genesis_hide_footer_widgets":false,"_genesis_custom_body_class":"","_genesis_custom_post_class":"","_genesis_layout":"","footnotes":""},"categories":[4071,346,4074],"tags":[15039,527,449,18226,779,1217,1488,587,7748,2124,2788,4567,2590,3343,18225,5421],"class_list":{"0":"post-167676","1":"post","2":"type-post","3":"status-publish","4":"format-standard","5":"has-post-thumbnail","7":"category-education-culture","8":"category-eu-news","9":"category-teaching","10":"tag-actualidad-en","11":"tag-culture","12":"tag-education","13":"tag-equal","14":"tag-eu-en","15":"tag-europe","16":"tag-european-commission","17":"tag-inclusion-en","18":"tag-jovenes-en","19":"tag-map","20":"tag-news","21":"tag-noticias-en","22":"tag-participation","23":"tag-policy","24":"tag-week","25":"tag-young-people","26":"entry"},"acf":[],"yoast_head":"<!-- This site is optimized with the Yoast SEO plugin v27.4 - https:\/\/yoast.com\/product\/yoast-seo-wordpress\/ -->\n<title>European Youth Week 2026 kicks off to encourage young people to get involved | CDE Almer\u00eda - Centro de Documentaci\u00f3n Europea - Universidad de Almer\u00eda<\/title>\n<meta name=\"robots\" content=\"index, follow, max-snippet:-1, max-image-preview:large, max-video-preview:-1\" \/>\n<link rel=\"canonical\" href=\"https:\/\/www.cde.ual.es\/en\/arranca-la-semana-europea-de-la-juventud-2026-para-impulsar-la-participacion-de-los-jovenes\/\" \/>\n<meta property=\"og:locale\" content=\"en_US\" \/>\n<meta property=\"og:type\" content=\"article\" \/>\n<meta property=\"og:title\" content=\"European Youth Week 2026 kicks off to encourage young people to get involved | CDE Almer\u00eda - Centro de Documentaci\u00f3n Europea - Universidad de Almer\u00eda\" \/>\n<meta property=\"og:description\" content=\"Today marks the start of European Youth Week 2026 across Europe, an initiative running until 1 May that will bring together young people, organisations and institutions for a week dedicated to celebrating youth participation, as part of the European Commission\u2019s commitment to incorporating young people\u2019s voices into EU policy-making. Around 1,000 young people will take [&hellip;]\" \/>\n<meta property=\"og:url\" content=\"https:\/\/www.cde.ual.es\/en\/arranca-la-semana-europea-de-la-juventud-2026-para-impulsar-la-participacion-de-los-jovenes\/\" \/>\n<meta property=\"og:site_name\" content=\"CDE Almer\u00eda - Centro de Documentaci\u00f3n Europea - Universidad de Almer\u00eda\" \/>\n<meta property=\"article:publisher\" content=\"https:\/\/www.facebook.com\/cdeuniversidadalmeria\/\" \/>\n<meta property=\"article:published_time\" content=\"2026-04-27T07:03:08+00:00\" \/>\n<meta property=\"article:modified_time\" content=\"2026-04-27T07:05:17+00:00\" \/>\n<meta property=\"og:image\" content=\"https:\/\/www.cde.ual.es\/wp-content\/uploads\/2022\/12\/mnfy.png\" \/>\n\t<meta property=\"og:image:width\" content=\"893\" \/>\n\t<meta property=\"og:image:height\" content=\"622\" \/>\n\t<meta property=\"og:image:type\" content=\"image\/png\" \/>\n<meta name=\"author\" content=\"AdminCDE\" \/>\n<meta name=\"twitter:card\" content=\"summary_large_image\" \/>\n<meta name=\"twitter:creator\" content=\"@cdeualmeria\" \/>\n<meta name=\"twitter:site\" content=\"@cdeualmeria\" \/>\n<meta name=\"twitter:label1\" content=\"Written by\" \/>\n\t<meta name=\"twitter:data1\" content=\"AdminCDE\" \/>\n\t<meta name=\"twitter:label2\" content=\"Est. reading time\" \/>\n\t<meta name=\"twitter:data2\" content=\"2 minutes\" \/>\n<script type=\"application\/ld+json\" class=\"yoast-schema-graph\">{\"@context\":\"https:\\\/\\\/schema.org\",\"@graph\":[{\"@type\":\"Article\",\"@id\":\"https:\\\/\\\/www.cde.ual.es\\\/en\\\/arranca-la-semana-europea-de-la-juventud-2026-para-impulsar-la-participacion-de-los-jovenes\\\/#article\",\"isPartOf\":{\"@id\":\"https:\\\/\\\/www.cde.ual.es\\\/en\\\/arranca-la-semana-europea-de-la-juventud-2026-para-impulsar-la-participacion-de-los-jovenes\\\/\"},\"author\":{\"name\":\"AdminCDE\",\"@id\":\"https:\\\/\\\/www.cde.ual.es\\\/#\\\/schema\\\/person\\\/224ef08c8bcc005f319d2713ce37ee5f\"},\"headline\":\"European Youth Week 2026 kicks off to encourage young people to get involved\",\"datePublished\":\"2026-04-27T07:03:08+00:00\",\"dateModified\":\"2026-04-27T07:05:17+00:00\",\"mainEntityOfPage\":{\"@id\":\"https:\\\/\\\/www.cde.ual.es\\\/en\\\/arranca-la-semana-europea-de-la-juventud-2026-para-impulsar-la-participacion-de-los-jovenes\\\/\"},\"wordCount\":309,\"commentCount\":0,\"publisher\":{\"@id\":\"https:\\\/\\\/www.cde.ual.es\\\/#organization\"},\"image\":{\"@id\":\"https:\\\/\\\/www.cde.ual.es\\\/en\\\/arranca-la-semana-europea-de-la-juventud-2026-para-impulsar-la-participacion-de-los-jovenes\\\/#primaryimage\"},\"thumbnailUrl\":\"https:\\\/\\\/www.cde.ual.es\\\/wp-content\\\/uploads\\\/2022\\\/12\\\/mnfy.png\",\"keywords\":[\"actualidad\",\"culture\",\"education\",\"Equal\",\"EU\",\"Europe\",\"European Commission\",\"Inclusi\u00f3n\",\"j\u00f3venes\",\"map\",\"News\",\"noticias\",\"Participation\",\"policy\",\"Week\",\"young people\"],\"articleSection\":[\"Education and Culture\",\"EU News\",\"Teaching and Education\"],\"inLanguage\":\"en-US\",\"potentialAction\":[{\"@type\":\"CommentAction\",\"name\":\"Comment\",\"target\":[\"https:\\\/\\\/www.cde.ual.es\\\/en\\\/arranca-la-semana-europea-de-la-juventud-2026-para-impulsar-la-participacion-de-los-jovenes\\\/#respond\"]}]},{\"@type\":\"WebPage\",\"@id\":\"https:\\\/\\\/www.cde.ual.es\\\/en\\\/arranca-la-semana-europea-de-la-juventud-2026-para-impulsar-la-participacion-de-los-jovenes\\\/\",\"url\":\"https:\\\/\\\/www.cde.ual.es\\\/en\\\/arranca-la-semana-europea-de-la-juventud-2026-para-impulsar-la-participacion-de-los-jovenes\\\/\",\"name\":\"European Youth Week 2026 kicks off to encourage young people to get involved | CDE Almer\u00eda - Centro de Documentaci\u00f3n Europea - Universidad de Almer\u00eda\",\"isPartOf\":{\"@id\":\"https:\\\/\\\/www.cde.ual.es\\\/#website\"},\"primaryImageOfPage\":{\"@id\":\"https:\\\/\\\/www.cde.ual.es\\\/en\\\/arranca-la-semana-europea-de-la-juventud-2026-para-impulsar-la-participacion-de-los-jovenes\\\/#primaryimage\"},\"image\":{\"@id\":\"https:\\\/\\\/www.cde.ual.es\\\/en\\\/arranca-la-semana-europea-de-la-juventud-2026-para-impulsar-la-participacion-de-los-jovenes\\\/#primaryimage\"},\"thumbnailUrl\":\"https:\\\/\\\/www.cde.ual.es\\\/wp-content\\\/uploads\\\/2022\\\/12\\\/mnfy.png\",\"datePublished\":\"2026-04-27T07:03:08+00:00\",\"dateModified\":\"2026-04-27T07:05:17+00:00\",\"breadcrumb\":{\"@id\":\"https:\\\/\\\/www.cde.ual.es\\\/en\\\/arranca-la-semana-europea-de-la-juventud-2026-para-impulsar-la-participacion-de-los-jovenes\\\/#breadcrumb\"},\"inLanguage\":\"en-US\",\"potentialAction\":[{\"@type\":\"ReadAction\",\"target\":[\"https:\\\/\\\/www.cde.ual.es\\\/en\\\/arranca-la-semana-europea-de-la-juventud-2026-para-impulsar-la-participacion-de-los-jovenes\\\/\"]}]},{\"@type\":\"ImageObject\",\"inLanguage\":\"en-US\",\"@id\":\"https:\\\/\\\/www.cde.ual.es\\\/en\\\/arranca-la-semana-europea-de-la-juventud-2026-para-impulsar-la-participacion-de-los-jovenes\\\/#primaryimage\",\"url\":\"https:\\\/\\\/www.cde.ual.es\\\/wp-content\\\/uploads\\\/2022\\\/12\\\/mnfy.png\",\"contentUrl\":\"https:\\\/\\\/www.cde.ual.es\\\/wp-content\\\/uploads\\\/2022\\\/12\\\/mnfy.png\",\"width\":893,\"height\":622},{\"@type\":\"BreadcrumbList\",\"@id\":\"https:\\\/\\\/www.cde.ual.es\\\/en\\\/arranca-la-semana-europea-de-la-juventud-2026-para-impulsar-la-participacion-de-los-jovenes\\\/#breadcrumb\",\"itemListElement\":[{\"@type\":\"ListItem\",\"position\":1,\"name\":\"Inicio\",\"item\":\"https:\\\/\\\/www.cde.ual.es\\\/en\\\/\"},{\"@type\":\"ListItem\",\"position\":2,\"name\":\"Noticias UE\",\"item\":\"https:\\\/\\\/www.cde.ual.es\\\/category\\\/noticias-ue\\\/\"},{\"@type\":\"ListItem\",\"position\":3,\"name\":\"Cultura y Educaci\u00f3n\",\"item\":\"https:\\\/\\\/www.cde.ual.es\\\/category\\\/noticias-ue\\\/cultura-ed\\\/\"},{\"@type\":\"ListItem\",\"position\":4,\"name\":\"Educaci\u00f3n y Ense\u00f1anza\",\"item\":\"https:\\\/\\\/www.cde.ual.es\\\/category\\\/noticias-ue\\\/cultura-ed\\\/educacion-ensenanza\\\/\"},{\"@type\":\"ListItem\",\"position\":5,\"name\":\"European Youth Week 2026 kicks off to encourage young people to get involved\"}]},{\"@type\":\"WebSite\",\"@id\":\"https:\\\/\\\/www.cde.ual.es\\\/#website\",\"url\":\"https:\\\/\\\/www.cde.ual.es\\\/\",\"name\":\"CDE Almer\u00eda - Centro de Documentaci\u00f3n Europea - Universidad de Almer\u00eda\",\"description\":\"Centro de Documentaci\u00f3n Europea de la Universidad de Almer\u00eda\",\"publisher\":{\"@id\":\"https:\\\/\\\/www.cde.ual.es\\\/#organization\"},\"alternateName\":\"CDE Almer\u00eda\",\"potentialAction\":[{\"@type\":\"SearchAction\",\"target\":{\"@type\":\"EntryPoint\",\"urlTemplate\":\"https:\\\/\\\/www.cde.ual.es\\\/?s={search_term_string}\"},\"query-input\":{\"@type\":\"PropertyValueSpecification\",\"valueRequired\":true,\"valueName\":\"search_term_string\"}}],\"inLanguage\":\"en-US\"},{\"@type\":\"Organization\",\"@id\":\"https:\\\/\\\/www.cde.ual.es\\\/#organization\",\"name\":\"Centro de Documentaci\u00f3n Europea de Almer\u00eda\",\"url\":\"https:\\\/\\\/www.cde.ual.es\\\/\",\"logo\":{\"@type\":\"ImageObject\",\"inLanguage\":\"en-US\",\"@id\":\"https:\\\/\\\/www.cde.ual.es\\\/#\\\/schema\\\/logo\\\/image\\\/\",\"url\":\"https:\\\/\\\/www.cde.ual.es\\\/wp-content\\\/uploads\\\/2025\\\/07\\\/cde-logo-3.png\",\"contentUrl\":\"https:\\\/\\\/www.cde.ual.es\\\/wp-content\\\/uploads\\\/2025\\\/07\\\/cde-logo-3.png\",\"width\":1400,\"height\":300,\"caption\":\"Centro de Documentaci\u00f3n Europea de Almer\u00eda\"},\"image\":{\"@id\":\"https:\\\/\\\/www.cde.ual.es\\\/#\\\/schema\\\/logo\\\/image\\\/\"},\"sameAs\":[\"https:\\\/\\\/www.facebook.com\\\/cdeuniversidadalmeria\\\/\",\"https:\\\/\\\/x.com\\\/cdeualmeria\",\"https:\\\/\\\/www.tiktok.com\\\/@cdealmeria\",\"https:\\\/\\\/www.instagram.com\\\/cdealmeria\\\/\",\"https:\\\/\\\/www.linkedin.com\\\/in\\\/cde-almera-812b26a9\\\/\"]},{\"@type\":\"Person\",\"@id\":\"https:\\\/\\\/www.cde.ual.es\\\/#\\\/schema\\\/person\\\/224ef08c8bcc005f319d2713ce37ee5f\",\"name\":\"AdminCDE\",\"image\":{\"@type\":\"ImageObject\",\"inLanguage\":\"en-US\",\"@id\":\"https:\\\/\\\/secure.gravatar.com\\\/avatar\\\/a72d038d371f995cd13706fac32274b7952a52e8fb0a84b5f80c85426f2a98a8?s=96&d=mm&r=g\",\"url\":\"https:\\\/\\\/secure.gravatar.com\\\/avatar\\\/a72d038d371f995cd13706fac32274b7952a52e8fb0a84b5f80c85426f2a98a8?s=96&d=mm&r=g\",\"contentUrl\":\"https:\\\/\\\/secure.gravatar.com\\\/avatar\\\/a72d038d371f995cd13706fac32274b7952a52e8fb0a84b5f80c85426f2a98a8?s=96&d=mm&r=g\",\"caption\":\"AdminCDE\"}}]}<\/script>\n<!-- \/ Yoast SEO plugin. -->","yoast_head_json":{"title":"European Youth Week 2026 kicks off to encourage young people to get involved | CDE Almer\u00eda - Centro de Documentaci\u00f3n Europea - Universidad de Almer\u00eda","robots":{"index":"index","follow":"follow","max-snippet":"max-snippet:-1","max-image-preview":"max-image-preview:large","max-video-preview":"max-video-preview:-1"},"canonical":"https:\/\/www.cde.ual.es\/en\/arranca-la-semana-europea-de-la-juventud-2026-para-impulsar-la-participacion-de-los-jovenes\/","og_locale":"en_US","og_type":"article","og_title":"European Youth Week 2026 kicks off to encourage young people to get involved | CDE Almer\u00eda - Centro de Documentaci\u00f3n Europea - Universidad de Almer\u00eda","og_description":"Today marks the start of European Youth Week 2026 across Europe, an initiative running until 1 May that will bring together young people, organisations and institutions for a week dedicated to celebrating youth participation, as part of the European Commission\u2019s commitment to incorporating young people\u2019s voices into EU policy-making. Around 1,000 young people will take [&hellip;]","og_url":"https:\/\/www.cde.ual.es\/en\/arranca-la-semana-europea-de-la-juventud-2026-para-impulsar-la-participacion-de-los-jovenes\/","og_site_name":"CDE Almer\u00eda - Centro de Documentaci\u00f3n Europea - Universidad de Almer\u00eda","article_publisher":"https:\/\/www.facebook.com\/cdeuniversidadalmeria\/","article_published_time":"2026-04-27T07:03:08+00:00","article_modified_time":"2026-04-27T07:05:17+00:00","og_image":[{"width":893,"height":622,"url":"https:\/\/www.cde.ual.es\/wp-content\/uploads\/2022\/12\/mnfy.png","type":"image\/png"}],"author":"AdminCDE","twitter_card":"summary_large_image","twitter_creator":"@cdeualmeria","twitter_site":"@cdeualmeria","twitter_misc":{"Written by":"AdminCDE","Est. reading time":"2 minutes"},"schema":{"@context":"https:\/\/schema.org","@graph":[{"@type":"Article","@id":"https:\/\/www.cde.ual.es\/en\/arranca-la-semana-europea-de-la-juventud-2026-para-impulsar-la-participacion-de-los-jovenes\/#article","isPartOf":{"@id":"https:\/\/www.cde.ual.es\/en\/arranca-la-semana-europea-de-la-juventud-2026-para-impulsar-la-participacion-de-los-jovenes\/"},"author":{"name":"AdminCDE","@id":"https:\/\/www.cde.ual.es\/#\/schema\/person\/224ef08c8bcc005f319d2713ce37ee5f"},"headline":"European Youth Week 2026 kicks off to encourage young people to get involved","datePublished":"2026-04-27T07:03:08+00:00","dateModified":"2026-04-27T07:05:17+00:00","mainEntityOfPage":{"@id":"https:\/\/www.cde.ual.es\/en\/arranca-la-semana-europea-de-la-juventud-2026-para-impulsar-la-participacion-de-los-jovenes\/"},"wordCount":309,"commentCount":0,"publisher":{"@id":"https:\/\/www.cde.ual.es\/#organization"},"image":{"@id":"https:\/\/www.cde.ual.es\/en\/arranca-la-semana-europea-de-la-juventud-2026-para-impulsar-la-participacion-de-los-jovenes\/#primaryimage"},"thumbnailUrl":"https:\/\/www.cde.ual.es\/wp-content\/uploads\/2022\/12\/mnfy.png","keywords":["actualidad","culture","education","Equal","EU","Europe","European Commission","Inclusi\u00f3n","j\u00f3venes","map","News","noticias","Participation","policy","Week","young people"],"articleSection":["Education and Culture","EU News","Teaching and Education"],"inLanguage":"en-US","potentialAction":[{"@type":"CommentAction","name":"Comment","target":["https:\/\/www.cde.ual.es\/en\/arranca-la-semana-europea-de-la-juventud-2026-para-impulsar-la-participacion-de-los-jovenes\/#respond"]}]},{"@type":"WebPage","@id":"https:\/\/www.cde.ual.es\/en\/arranca-la-semana-europea-de-la-juventud-2026-para-impulsar-la-participacion-de-los-jovenes\/","url":"https:\/\/www.cde.ual.es\/en\/arranca-la-semana-europea-de-la-juventud-2026-para-impulsar-la-participacion-de-los-jovenes\/","name":"European Youth Week 2026 kicks off to encourage young people to get involved | CDE Almer\u00eda - Centro de Documentaci\u00f3n Europea - Universidad de Almer\u00eda","isPartOf":{"@id":"https:\/\/www.cde.ual.es\/#website"},"primaryImageOfPage":{"@id":"https:\/\/www.cde.ual.es\/en\/arranca-la-semana-europea-de-la-juventud-2026-para-impulsar-la-participacion-de-los-jovenes\/#primaryimage"},"image":{"@id":"https:\/\/www.cde.ual.es\/en\/arranca-la-semana-europea-de-la-juventud-2026-para-impulsar-la-participacion-de-los-jovenes\/#primaryimage"},"thumbnailUrl":"https:\/\/www.cde.ual.es\/wp-content\/uploads\/2022\/12\/mnfy.png","datePublished":"2026-04-27T07:03:08+00:00","dateModified":"2026-04-27T07:05:17+00:00","breadcrumb":{"@id":"https:\/\/www.cde.ual.es\/en\/arranca-la-semana-europea-de-la-juventud-2026-para-impulsar-la-participacion-de-los-jovenes\/#breadcrumb"},"inLanguage":"en-US","potentialAction":[{"@type":"ReadAction","target":["https:\/\/www.cde.ual.es\/en\/arranca-la-semana-europea-de-la-juventud-2026-para-impulsar-la-participacion-de-los-jovenes\/"]}]},{"@type":"ImageObject","inLanguage":"en-US","@id":"https:\/\/www.cde.ual.es\/en\/arranca-la-semana-europea-de-la-juventud-2026-para-impulsar-la-participacion-de-los-jovenes\/#primaryimage","url":"https:\/\/www.cde.ual.es\/wp-content\/uploads\/2022\/12\/mnfy.png","contentUrl":"https:\/\/www.cde.ual.es\/wp-content\/uploads\/2022\/12\/mnfy.png","width":893,"height":622},{"@type":"BreadcrumbList","@id":"https:\/\/www.cde.ual.es\/en\/arranca-la-semana-europea-de-la-juventud-2026-para-impulsar-la-participacion-de-los-jovenes\/#breadcrumb","itemListElement":[{"@type":"ListItem","position":1,"name":"Inicio","item":"https:\/\/www.cde.ual.es\/en\/"},{"@type":"ListItem","position":2,"name":"Noticias UE","item":"https:\/\/www.cde.ual.es\/category\/noticias-ue\/"},{"@type":"ListItem","position":3,"name":"Cultura y Educaci\u00f3n","item":"https:\/\/www.cde.ual.es\/category\/noticias-ue\/cultura-ed\/"},{"@type":"ListItem","position":4,"name":"Educaci\u00f3n y Ense\u00f1anza","item":"https:\/\/www.cde.ual.es\/category\/noticias-ue\/cultura-ed\/educacion-ensenanza\/"},{"@type":"ListItem","position":5,"name":"European Youth Week 2026 kicks off to encourage young people to get involved"}]},{"@type":"WebSite","@id":"https:\/\/www.cde.ual.es\/#website","url":"https:\/\/www.cde.ual.es\/","name":"CDE Almer\u00eda - Centro de Documentaci\u00f3n Europea - Universidad de Almer\u00eda","description":"Centro de Documentaci\u00f3n Europea de la Universidad de Almer\u00eda","publisher":{"@id":"https:\/\/www.cde.ual.es\/#organization"},"alternateName":"CDE Almer\u00eda","potentialAction":[{"@type":"SearchAction","target":{"@type":"EntryPoint","urlTemplate":"https:\/\/www.cde.ual.es\/?s={search_term_string}"},"query-input":{"@type":"PropertyValueSpecification","valueRequired":true,"valueName":"search_term_string"}}],"inLanguage":"en-US"},{"@type":"Organization","@id":"https:\/\/www.cde.ual.es\/#organization","name":"Centro de Documentaci\u00f3n Europea de Almer\u00eda","url":"https:\/\/www.cde.ual.es\/","logo":{"@type":"ImageObject","inLanguage":"en-US","@id":"https:\/\/www.cde.ual.es\/#\/schema\/logo\/image\/","url":"https:\/\/www.cde.ual.es\/wp-content\/uploads\/2025\/07\/cde-logo-3.png","contentUrl":"https:\/\/www.cde.ual.es\/wp-content\/uploads\/2025\/07\/cde-logo-3.png","width":1400,"height":300,"caption":"Centro de Documentaci\u00f3n Europea de Almer\u00eda"},"image":{"@id":"https:\/\/www.cde.ual.es\/#\/schema\/logo\/image\/"},"sameAs":["https:\/\/www.facebook.com\/cdeuniversidadalmeria\/","https:\/\/x.com\/cdeualmeria","https:\/\/www.tiktok.com\/@cdealmeria","https:\/\/www.instagram.com\/cdealmeria\/","https:\/\/www.linkedin.com\/in\/cde-almera-812b26a9\/"]},{"@type":"Person","@id":"https:\/\/www.cde.ual.es\/#\/schema\/person\/224ef08c8bcc005f319d2713ce37ee5f","name":"AdminCDE","image":{"@type":"ImageObject","inLanguage":"en-US","@id":"https:\/\/secure.gravatar.com\/avatar\/a72d038d371f995cd13706fac32274b7952a52e8fb0a84b5f80c85426f2a98a8?s=96&d=mm&r=g","url":"https:\/\/secure.gravatar.com\/avatar\/a72d038d371f995cd13706fac32274b7952a52e8fb0a84b5f80c85426f2a98a8?s=96&d=mm&r=g","contentUrl":"https:\/\/secure.gravatar.com\/avatar\/a72d038d371f995cd13706fac32274b7952a52e8fb0a84b5f80c85426f2a98a8?s=96&d=mm&r=g","caption":"AdminCDE"}}]}},"_links":{"self":[{"href":"https:\/\/www.cde.ual.es\/en\/wp-json\/wp\/v2\/posts\/167676","targetHints":{"allow":["GET"]}}],"collection":[{"href":"https:\/\/www.cde.ual.es\/en\/wp-json\/wp\/v2\/posts"}],"about":[{"href":"https:\/\/www.cde.ual.es\/en\/wp-json\/wp\/v2\/types\/post"}],"author":[{"embeddable":true,"href":"https:\/\/www.cde.ual.es\/en\/wp-json\/wp\/v2\/users\/1"}],"replies":[{"embeddable":true,"href":"https:\/\/www.cde.ual.es\/en\/wp-json\/wp\/v2\/comments?post=167676"}],"version-history":[{"count":3,"href":"https:\/\/www.cde.ual.es\/en\/wp-json\/wp\/v2\/posts\/167676\/revisions"}],"predecessor-version":[{"id":167679,"href":"https:\/\/www.cde.ual.es\/en\/wp-json\/wp\/v2\/posts\/167676\/revisions\/167679"}],"wp:featuredmedia":[{"embeddable":true,"href":"https:\/\/www.cde.ual.es\/en\/wp-json\/wp\/v2\/media\/126642"}],"wp:attachment":[{"href":"https:\/\/www.cde.ual.es\/en\/wp-json\/wp\/v2\/media?parent=167676"}],"wp:term":[{"taxonomy":"category","embeddable":true,"href":"https:\/\/www.cde.ual.es\/en\/wp-json\/wp\/v2\/categories?post=167676"},{"taxonomy":"post_tag","embeddable":true,"href":"https:\/\/www.cde.ual.es\/en\/wp-json\/wp\/v2\/tags?post=167676"}],"curies":[{"name":"wp","href":"https:\/\/api.w.org\/{rel}","templated":true}]}}