{"id":167662,"date":"2026-04-27T03:00:45","date_gmt":"2026-04-27T01:00:45","guid":{"rendered":"https:\/\/www.cde.ual.es\/?p=167662"},"modified":"2026-04-24T11:20:12","modified_gmt":"2026-04-24T09:20:12","slug":"forum-wbg-youth-summit-2026-speakers","status":"publish","type":"post","link":"https:\/\/www.cde.ual.es\/en\/forum-wbg-youth-summit-2026-speakers\/","title":{"rendered":"Forum &#8211; WBG Youth Summit 2026 Speakers"},"content":{"rendered":"<p><img decoding=\"async\" class=\"aligncenter\" src=\"https:\/\/www.cde.ual.es\/wp-content\/uploads\/2026\/04\/World-Bank-Group-Youth-Summit-2023-780x439-1.webp\" \/><\/p>\n<p style=\"text-align: justify;\">The World Bank Group Youth Summit returns for its 13th edition, inviting young people to engage with the most urgent issues their generation faces, while bringing together thousands of participants from across the globe.\u00a0<b>Under the theme #FutureWorks: Designing Jobs for the Digital Age<\/b>, this year\u2019s Summit will center on education and skills, entrepreneurship, and agriculture.<\/p>\n<p style=\"text-align: justify;\">The 2026 Youth Summit (&#8220;<b>FutureWorks: Designing Jobs for the Digital Age<\/b>&#8220;) will focus on the following\u00a0themes and perspectives: Education and Skills,\u00a0Entrepreneurship, Agriculture,\u00a0Technology &amp; Innovation, Development\u00a0Financing and Fragility, Conflict &amp; Violence.<\/p>\n<p style=\"text-align: justify;\">The Youth Summit is the World Bank Group&#8217;s largest annual event for youth (ages 18-35) worldwide. It will be held on June<b>\u00a011-12, 2026<\/b>, featuring activities and engagements both at the World Bank Group headquarters in Washington DC and across various regions.<\/p>\n<p style=\"text-align: justify;\">The mission of the Summit is to:<\/p>\n<ul style=\"text-align: justify;\">\n<li><b>Empower youth<\/b>\u00a0to explore innovative solutions to development challenges;<\/li>\n<li>Equip youth with the tools to create and participate in\u00a0<b>impactful projects<\/b>; and<\/li>\n<li><b>Foster dialogue<\/b>\u00a0between youth, the World Bank Group, and other key global stakeholders.<\/li>\n<\/ul>\n<p style=\"text-align: justify;\"><strong>Eligibility<\/strong><\/p>\n<p style=\"text-align: justify;\">The Youth Summit Committee is seeking nominations for dynamic leaders, practitioners, entrepreneurs, and researchers aged 18-35 who can share concrete, action\u2011oriented insights on how technology &amp; innovation can create more inclusive and sustainable jobs for youth worldwide.<\/p>\n<p><strong>Deadline<\/strong>: 1 May 2026, 23:59 CET<\/p>\n<p><strong>For more information: <a href=\"https:\/\/programmes.eurodesk.eu\/eu#22247-eu\">Eurodesk<\/a><\/strong><\/p>\n","protected":false},"excerpt":{"rendered":"<p>The World Bank Group Youth Summit returns for its 13th edition, inviting young people to engage with the most urgent issues their generation faces, while bringing together thousands of participants from across the globe.\u00a0Under the theme #FutureWorks: Designing Jobs for the Digital Age, this year\u2019s Summit will center on education and skills, entrepreneurship, and agriculture. [&hellip;]<\/p>\n","protected":false},"author":1,"featured_media":167663,"comment_status":"open","ping_status":"open","sticky":false,"template":"","format":"standard","meta":{"_acf_changed":false,"_relevanssi_hide_post":"","_relevanssi_hide_content":"","_relevanssi_pin_for_all":"","_relevanssi_pin_keywords":"","_relevanssi_unpin_keywords":"","_relevanssi_related_keywords":"","_relevanssi_related_include_ids":"","_relevanssi_related_exclude_ids":"","_relevanssi_related_no_append":"","_relevanssi_related_not_related":"","_relevanssi_related_posts":"","_relevanssi_noindex_reason":"","_monsterinsights_skip_tracking":false,"_monsterinsights_sitenote_active":false,"_monsterinsights_sitenote_note":"","_monsterinsights_sitenote_category":0,"_genesis_hide_title":false,"_genesis_hide_breadcrumbs":false,"_genesis_hide_singular_image":false,"_genesis_hide_footer_widgets":false,"_genesis_custom_body_class":"","_genesis_custom_post_class":"","_genesis_layout":"","footnotes":""},"categories":[366,4049,16292],"tags":[12770,449,672,14178,1865,404,645,17615,14384,17614],"class_list":{"0":"post-167662","1":"post","2":"type-post","3":"status-publish","4":"format-standard","5":"has-post-thumbnail","7":"category-eu-calls-and-awards","8":"category-eurodesk-en","9":"category-forums-and-events","10":"tag-digital-age-en","11":"tag-education","12":"tag-entrepreneurship","13":"tag-eu-calls","14":"tag-forum","15":"tag-innovation","16":"tag-technology","17":"tag-washington-dc","18":"tag-world-bank-group","19":"tag-youth-summit","20":"entry"},"acf":[],"yoast_head":"<!-- This site is optimized with the Yoast SEO plugin v27.4 - https:\/\/yoast.com\/product\/yoast-seo-wordpress\/ -->\n<title>Forum - WBG Youth Summit 2026 Speakers | CDE Almer\u00eda - Centro de Documentaci\u00f3n Europea - Universidad de Almer\u00eda<\/title>\n<meta name=\"robots\" content=\"index, follow, max-snippet:-1, max-image-preview:large, max-video-preview:-1\" \/>\n<link rel=\"canonical\" href=\"https:\/\/www.cde.ual.es\/forum-wbg-youth-summit-2026-speakers\/\" \/>\n<meta property=\"og:locale\" content=\"en_US\" \/>\n<meta property=\"og:type\" content=\"article\" \/>\n<meta property=\"og:title\" content=\"Forum - WBG Youth Summit 2026 Speakers | CDE Almer\u00eda - Centro de Documentaci\u00f3n Europea - Universidad de Almer\u00eda\" \/>\n<meta property=\"og:description\" content=\"The World Bank Group Youth Summit returns for its 13th edition, inviting young people to engage with the most urgent issues their generation faces, while bringing together thousands of participants from across the globe.\u00a0Under the theme #FutureWorks: Designing Jobs for the Digital Age, this year\u2019s Summit will center on education and skills, entrepreneurship, and agriculture. [&hellip;]\" \/>\n<meta property=\"og:url\" content=\"https:\/\/www.cde.ual.es\/forum-wbg-youth-summit-2026-speakers\/\" \/>\n<meta property=\"og:site_name\" content=\"CDE Almer\u00eda - Centro de Documentaci\u00f3n Europea - Universidad de Almer\u00eda\" \/>\n<meta property=\"article:publisher\" content=\"https:\/\/www.facebook.com\/cdeuniversidadalmeria\/\" \/>\n<meta property=\"article:published_time\" content=\"2026-04-27T01:00:45+00:00\" \/>\n<meta property=\"og:image\" content=\"https:\/\/www.cde.ual.es\/wp-content\/uploads\/2026\/04\/World-Bank-Group-Youth-Summit-2023-780x439-1.webp\" \/>\n\t<meta property=\"og:image:width\" content=\"550\" \/>\n\t<meta property=\"og:image:height\" content=\"300\" \/>\n\t<meta property=\"og:image:type\" content=\"image\/webp\" \/>\n<meta name=\"author\" content=\"AdminCDE\" \/>\n<meta name=\"twitter:card\" content=\"summary_large_image\" \/>\n<meta name=\"twitter:creator\" content=\"@cdeualmeria\" \/>\n<meta name=\"twitter:site\" content=\"@cdeualmeria\" \/>\n<meta name=\"twitter:label1\" content=\"Written by\" \/>\n\t<meta name=\"twitter:data1\" content=\"AdminCDE\" \/>\n\t<meta name=\"twitter:label2\" content=\"Est. reading time\" \/>\n\t<meta name=\"twitter:data2\" content=\"2 minutes\" \/>\n<script type=\"application\/ld+json\" class=\"yoast-schema-graph\">{\"@context\":\"https:\\\/\\\/schema.org\",\"@graph\":[{\"@type\":\"Article\",\"@id\":\"https:\\\/\\\/www.cde.ual.es\\\/forum-wbg-youth-summit-2026-speakers\\\/#article\",\"isPartOf\":{\"@id\":\"https:\\\/\\\/www.cde.ual.es\\\/forum-wbg-youth-summit-2026-speakers\\\/\"},\"author\":{\"name\":\"AdminCDE\",\"@id\":\"https:\\\/\\\/www.cde.ual.es\\\/#\\\/schema\\\/person\\\/224ef08c8bcc005f319d2713ce37ee5f\"},\"headline\":\"Forum &#8211; WBG Youth Summit 2026 Speakers\",\"datePublished\":\"2026-04-27T01:00:45+00:00\",\"mainEntityOfPage\":{\"@id\":\"https:\\\/\\\/www.cde.ual.es\\\/forum-wbg-youth-summit-2026-speakers\\\/\"},\"wordCount\":226,\"commentCount\":0,\"publisher\":{\"@id\":\"https:\\\/\\\/www.cde.ual.es\\\/#organization\"},\"image\":{\"@id\":\"https:\\\/\\\/www.cde.ual.es\\\/forum-wbg-youth-summit-2026-speakers\\\/#primaryimage\"},\"thumbnailUrl\":\"https:\\\/\\\/www.cde.ual.es\\\/wp-content\\\/uploads\\\/2026\\\/04\\\/World-Bank-Group-Youth-Summit-2023-780x439-1.webp\",\"keywords\":[\"Digital age\",\"education\",\"entrepreneurship\",\"EU Calls\",\"Forum\",\"innovation\",\"Technology\",\"Washington DC\",\"World Bank Group\",\"youth summit\"],\"articleSection\":[\"EU Calls and Awards\",\"Eurodesk\",\"Forums and Events\"],\"inLanguage\":\"en-US\",\"potentialAction\":[{\"@type\":\"CommentAction\",\"name\":\"Comment\",\"target\":[\"https:\\\/\\\/www.cde.ual.es\\\/forum-wbg-youth-summit-2026-speakers\\\/#respond\"]}]},{\"@type\":\"WebPage\",\"@id\":\"https:\\\/\\\/www.cde.ual.es\\\/forum-wbg-youth-summit-2026-speakers\\\/\",\"url\":\"https:\\\/\\\/www.cde.ual.es\\\/forum-wbg-youth-summit-2026-speakers\\\/\",\"name\":\"Forum - WBG Youth Summit 2026 Speakers | CDE Almer\u00eda - Centro de Documentaci\u00f3n Europea - Universidad de Almer\u00eda\",\"isPartOf\":{\"@id\":\"https:\\\/\\\/www.cde.ual.es\\\/#website\"},\"primaryImageOfPage\":{\"@id\":\"https:\\\/\\\/www.cde.ual.es\\\/forum-wbg-youth-summit-2026-speakers\\\/#primaryimage\"},\"image\":{\"@id\":\"https:\\\/\\\/www.cde.ual.es\\\/forum-wbg-youth-summit-2026-speakers\\\/#primaryimage\"},\"thumbnailUrl\":\"https:\\\/\\\/www.cde.ual.es\\\/wp-content\\\/uploads\\\/2026\\\/04\\\/World-Bank-Group-Youth-Summit-2023-780x439-1.webp\",\"datePublished\":\"2026-04-27T01:00:45+00:00\",\"breadcrumb\":{\"@id\":\"https:\\\/\\\/www.cde.ual.es\\\/forum-wbg-youth-summit-2026-speakers\\\/#breadcrumb\"},\"inLanguage\":\"en-US\",\"potentialAction\":[{\"@type\":\"ReadAction\",\"target\":[\"https:\\\/\\\/www.cde.ual.es\\\/forum-wbg-youth-summit-2026-speakers\\\/\"]}]},{\"@type\":\"ImageObject\",\"inLanguage\":\"en-US\",\"@id\":\"https:\\\/\\\/www.cde.ual.es\\\/forum-wbg-youth-summit-2026-speakers\\\/#primaryimage\",\"url\":\"https:\\\/\\\/www.cde.ual.es\\\/wp-content\\\/uploads\\\/2026\\\/04\\\/World-Bank-Group-Youth-Summit-2023-780x439-1.webp\",\"contentUrl\":\"https:\\\/\\\/www.cde.ual.es\\\/wp-content\\\/uploads\\\/2026\\\/04\\\/World-Bank-Group-Youth-Summit-2023-780x439-1.webp\",\"width\":550,\"height\":300},{\"@type\":\"BreadcrumbList\",\"@id\":\"https:\\\/\\\/www.cde.ual.es\\\/forum-wbg-youth-summit-2026-speakers\\\/#breadcrumb\",\"itemListElement\":[{\"@type\":\"ListItem\",\"position\":1,\"name\":\"Inicio\",\"item\":\"https:\\\/\\\/www.cde.ual.es\\\/en\\\/\"},{\"@type\":\"ListItem\",\"position\":2,\"name\":\"Convocatorias y Premios UE\",\"item\":\"https:\\\/\\\/www.cde.ual.es\\\/category\\\/convocatorias-y-premios-ue\\\/\"},{\"@type\":\"ListItem\",\"position\":3,\"name\":\"Eurodesk\",\"item\":\"https:\\\/\\\/www.cde.ual.es\\\/category\\\/convocatorias-y-premios-ue\\\/eurodesk\\\/\"},{\"@type\":\"ListItem\",\"position\":4,\"name\":\"Forums and Events\",\"item\":\"https:\\\/\\\/www.cde.ual.es\\\/en\\\/category\\\/eu-calls-and-awards\\\/eurodesk-en\\\/forums-and-events\\\/\"},{\"@type\":\"ListItem\",\"position\":5,\"name\":\"Forum &#8211; WBG Youth Summit 2026 Speakers\"}]},{\"@type\":\"WebSite\",\"@id\":\"https:\\\/\\\/www.cde.ual.es\\\/#website\",\"url\":\"https:\\\/\\\/www.cde.ual.es\\\/\",\"name\":\"CDE Almer\u00eda - Centro de Documentaci\u00f3n Europea - Universidad de Almer\u00eda\",\"description\":\"Centro de Documentaci\u00f3n Europea de la Universidad de Almer\u00eda\",\"publisher\":{\"@id\":\"https:\\\/\\\/www.cde.ual.es\\\/#organization\"},\"alternateName\":\"CDE Almer\u00eda\",\"potentialAction\":[{\"@type\":\"SearchAction\",\"target\":{\"@type\":\"EntryPoint\",\"urlTemplate\":\"https:\\\/\\\/www.cde.ual.es\\\/?s={search_term_string}\"},\"query-input\":{\"@type\":\"PropertyValueSpecification\",\"valueRequired\":true,\"valueName\":\"search_term_string\"}}],\"inLanguage\":\"en-US\"},{\"@type\":\"Organization\",\"@id\":\"https:\\\/\\\/www.cde.ual.es\\\/#organization\",\"name\":\"Centro de Documentaci\u00f3n Europea de Almer\u00eda\",\"url\":\"https:\\\/\\\/www.cde.ual.es\\\/\",\"logo\":{\"@type\":\"ImageObject\",\"inLanguage\":\"en-US\",\"@id\":\"https:\\\/\\\/www.cde.ual.es\\\/#\\\/schema\\\/logo\\\/image\\\/\",\"url\":\"https:\\\/\\\/www.cde.ual.es\\\/wp-content\\\/uploads\\\/2025\\\/07\\\/cde-logo-3.png\",\"contentUrl\":\"https:\\\/\\\/www.cde.ual.es\\\/wp-content\\\/uploads\\\/2025\\\/07\\\/cde-logo-3.png\",\"width\":1400,\"height\":300,\"caption\":\"Centro de Documentaci\u00f3n Europea de Almer\u00eda\"},\"image\":{\"@id\":\"https:\\\/\\\/www.cde.ual.es\\\/#\\\/schema\\\/logo\\\/image\\\/\"},\"sameAs\":[\"https:\\\/\\\/www.facebook.com\\\/cdeuniversidadalmeria\\\/\",\"https:\\\/\\\/x.com\\\/cdeualmeria\",\"https:\\\/\\\/www.tiktok.com\\\/@cdealmeria\",\"https:\\\/\\\/www.instagram.com\\\/cdealmeria\\\/\",\"https:\\\/\\\/www.linkedin.com\\\/in\\\/cde-almera-812b26a9\\\/\"]},{\"@type\":\"Person\",\"@id\":\"https:\\\/\\\/www.cde.ual.es\\\/#\\\/schema\\\/person\\\/224ef08c8bcc005f319d2713ce37ee5f\",\"name\":\"AdminCDE\",\"image\":{\"@type\":\"ImageObject\",\"inLanguage\":\"en-US\",\"@id\":\"https:\\\/\\\/secure.gravatar.com\\\/avatar\\\/a72d038d371f995cd13706fac32274b7952a52e8fb0a84b5f80c85426f2a98a8?s=96&d=mm&r=g\",\"url\":\"https:\\\/\\\/secure.gravatar.com\\\/avatar\\\/a72d038d371f995cd13706fac32274b7952a52e8fb0a84b5f80c85426f2a98a8?s=96&d=mm&r=g\",\"contentUrl\":\"https:\\\/\\\/secure.gravatar.com\\\/avatar\\\/a72d038d371f995cd13706fac32274b7952a52e8fb0a84b5f80c85426f2a98a8?s=96&d=mm&r=g\",\"caption\":\"AdminCDE\"}}]}<\/script>\n<!-- \/ Yoast SEO plugin. -->","yoast_head_json":{"title":"Forum - WBG Youth Summit 2026 Speakers | CDE Almer\u00eda - Centro de Documentaci\u00f3n Europea - Universidad de Almer\u00eda","robots":{"index":"index","follow":"follow","max-snippet":"max-snippet:-1","max-image-preview":"max-image-preview:large","max-video-preview":"max-video-preview:-1"},"canonical":"https:\/\/www.cde.ual.es\/forum-wbg-youth-summit-2026-speakers\/","og_locale":"en_US","og_type":"article","og_title":"Forum - WBG Youth Summit 2026 Speakers | CDE Almer\u00eda - Centro de Documentaci\u00f3n Europea - Universidad de Almer\u00eda","og_description":"The World Bank Group Youth Summit returns for its 13th edition, inviting young people to engage with the most urgent issues their generation faces, while bringing together thousands of participants from across the globe.\u00a0Under the theme #FutureWorks: Designing Jobs for the Digital Age, this year\u2019s Summit will center on education and skills, entrepreneurship, and agriculture. [&hellip;]","og_url":"https:\/\/www.cde.ual.es\/forum-wbg-youth-summit-2026-speakers\/","og_site_name":"CDE Almer\u00eda - Centro de Documentaci\u00f3n Europea - Universidad de Almer\u00eda","article_publisher":"https:\/\/www.facebook.com\/cdeuniversidadalmeria\/","article_published_time":"2026-04-27T01:00:45+00:00","og_image":[{"width":550,"height":300,"url":"https:\/\/www.cde.ual.es\/wp-content\/uploads\/2026\/04\/World-Bank-Group-Youth-Summit-2023-780x439-1.webp","type":"image\/webp"}],"author":"AdminCDE","twitter_card":"summary_large_image","twitter_creator":"@cdeualmeria","twitter_site":"@cdeualmeria","twitter_misc":{"Written by":"AdminCDE","Est. reading time":"2 minutes"},"schema":{"@context":"https:\/\/schema.org","@graph":[{"@type":"Article","@id":"https:\/\/www.cde.ual.es\/forum-wbg-youth-summit-2026-speakers\/#article","isPartOf":{"@id":"https:\/\/www.cde.ual.es\/forum-wbg-youth-summit-2026-speakers\/"},"author":{"name":"AdminCDE","@id":"https:\/\/www.cde.ual.es\/#\/schema\/person\/224ef08c8bcc005f319d2713ce37ee5f"},"headline":"Forum &#8211; WBG Youth Summit 2026 Speakers","datePublished":"2026-04-27T01:00:45+00:00","mainEntityOfPage":{"@id":"https:\/\/www.cde.ual.es\/forum-wbg-youth-summit-2026-speakers\/"},"wordCount":226,"commentCount":0,"publisher":{"@id":"https:\/\/www.cde.ual.es\/#organization"},"image":{"@id":"https:\/\/www.cde.ual.es\/forum-wbg-youth-summit-2026-speakers\/#primaryimage"},"thumbnailUrl":"https:\/\/www.cde.ual.es\/wp-content\/uploads\/2026\/04\/World-Bank-Group-Youth-Summit-2023-780x439-1.webp","keywords":["Digital age","education","entrepreneurship","EU Calls","Forum","innovation","Technology","Washington DC","World Bank Group","youth summit"],"articleSection":["EU Calls and Awards","Eurodesk","Forums and Events"],"inLanguage":"en-US","potentialAction":[{"@type":"CommentAction","name":"Comment","target":["https:\/\/www.cde.ual.es\/forum-wbg-youth-summit-2026-speakers\/#respond"]}]},{"@type":"WebPage","@id":"https:\/\/www.cde.ual.es\/forum-wbg-youth-summit-2026-speakers\/","url":"https:\/\/www.cde.ual.es\/forum-wbg-youth-summit-2026-speakers\/","name":"Forum - WBG Youth Summit 2026 Speakers | CDE Almer\u00eda - Centro de Documentaci\u00f3n Europea - Universidad de Almer\u00eda","isPartOf":{"@id":"https:\/\/www.cde.ual.es\/#website"},"primaryImageOfPage":{"@id":"https:\/\/www.cde.ual.es\/forum-wbg-youth-summit-2026-speakers\/#primaryimage"},"image":{"@id":"https:\/\/www.cde.ual.es\/forum-wbg-youth-summit-2026-speakers\/#primaryimage"},"thumbnailUrl":"https:\/\/www.cde.ual.es\/wp-content\/uploads\/2026\/04\/World-Bank-Group-Youth-Summit-2023-780x439-1.webp","datePublished":"2026-04-27T01:00:45+00:00","breadcrumb":{"@id":"https:\/\/www.cde.ual.es\/forum-wbg-youth-summit-2026-speakers\/#breadcrumb"},"inLanguage":"en-US","potentialAction":[{"@type":"ReadAction","target":["https:\/\/www.cde.ual.es\/forum-wbg-youth-summit-2026-speakers\/"]}]},{"@type":"ImageObject","inLanguage":"en-US","@id":"https:\/\/www.cde.ual.es\/forum-wbg-youth-summit-2026-speakers\/#primaryimage","url":"https:\/\/www.cde.ual.es\/wp-content\/uploads\/2026\/04\/World-Bank-Group-Youth-Summit-2023-780x439-1.webp","contentUrl":"https:\/\/www.cde.ual.es\/wp-content\/uploads\/2026\/04\/World-Bank-Group-Youth-Summit-2023-780x439-1.webp","width":550,"height":300},{"@type":"BreadcrumbList","@id":"https:\/\/www.cde.ual.es\/forum-wbg-youth-summit-2026-speakers\/#breadcrumb","itemListElement":[{"@type":"ListItem","position":1,"name":"Inicio","item":"https:\/\/www.cde.ual.es\/en\/"},{"@type":"ListItem","position":2,"name":"Convocatorias y Premios UE","item":"https:\/\/www.cde.ual.es\/category\/convocatorias-y-premios-ue\/"},{"@type":"ListItem","position":3,"name":"Eurodesk","item":"https:\/\/www.cde.ual.es\/category\/convocatorias-y-premios-ue\/eurodesk\/"},{"@type":"ListItem","position":4,"name":"Forums and Events","item":"https:\/\/www.cde.ual.es\/en\/category\/eu-calls-and-awards\/eurodesk-en\/forums-and-events\/"},{"@type":"ListItem","position":5,"name":"Forum &#8211; WBG Youth Summit 2026 Speakers"}]},{"@type":"WebSite","@id":"https:\/\/www.cde.ual.es\/#website","url":"https:\/\/www.cde.ual.es\/","name":"CDE Almer\u00eda - Centro de Documentaci\u00f3n Europea - Universidad de Almer\u00eda","description":"Centro de Documentaci\u00f3n Europea de la Universidad de Almer\u00eda","publisher":{"@id":"https:\/\/www.cde.ual.es\/#organization"},"alternateName":"CDE Almer\u00eda","potentialAction":[{"@type":"SearchAction","target":{"@type":"EntryPoint","urlTemplate":"https:\/\/www.cde.ual.es\/?s={search_term_string}"},"query-input":{"@type":"PropertyValueSpecification","valueRequired":true,"valueName":"search_term_string"}}],"inLanguage":"en-US"},{"@type":"Organization","@id":"https:\/\/www.cde.ual.es\/#organization","name":"Centro de Documentaci\u00f3n Europea de Almer\u00eda","url":"https:\/\/www.cde.ual.es\/","logo":{"@type":"ImageObject","inLanguage":"en-US","@id":"https:\/\/www.cde.ual.es\/#\/schema\/logo\/image\/","url":"https:\/\/www.cde.ual.es\/wp-content\/uploads\/2025\/07\/cde-logo-3.png","contentUrl":"https:\/\/www.cde.ual.es\/wp-content\/uploads\/2025\/07\/cde-logo-3.png","width":1400,"height":300,"caption":"Centro de Documentaci\u00f3n Europea de Almer\u00eda"},"image":{"@id":"https:\/\/www.cde.ual.es\/#\/schema\/logo\/image\/"},"sameAs":["https:\/\/www.facebook.com\/cdeuniversidadalmeria\/","https:\/\/x.com\/cdeualmeria","https:\/\/www.tiktok.com\/@cdealmeria","https:\/\/www.instagram.com\/cdealmeria\/","https:\/\/www.linkedin.com\/in\/cde-almera-812b26a9\/"]},{"@type":"Person","@id":"https:\/\/www.cde.ual.es\/#\/schema\/person\/224ef08c8bcc005f319d2713ce37ee5f","name":"AdminCDE","image":{"@type":"ImageObject","inLanguage":"en-US","@id":"https:\/\/secure.gravatar.com\/avatar\/a72d038d371f995cd13706fac32274b7952a52e8fb0a84b5f80c85426f2a98a8?s=96&d=mm&r=g","url":"https:\/\/secure.gravatar.com\/avatar\/a72d038d371f995cd13706fac32274b7952a52e8fb0a84b5f80c85426f2a98a8?s=96&d=mm&r=g","contentUrl":"https:\/\/secure.gravatar.com\/avatar\/a72d038d371f995cd13706fac32274b7952a52e8fb0a84b5f80c85426f2a98a8?s=96&d=mm&r=g","caption":"AdminCDE"}}]}},"_links":{"self":[{"href":"https:\/\/www.cde.ual.es\/en\/wp-json\/wp\/v2\/posts\/167662","targetHints":{"allow":["GET"]}}],"collection":[{"href":"https:\/\/www.cde.ual.es\/en\/wp-json\/wp\/v2\/posts"}],"about":[{"href":"https:\/\/www.cde.ual.es\/en\/wp-json\/wp\/v2\/types\/post"}],"author":[{"embeddable":true,"href":"https:\/\/www.cde.ual.es\/en\/wp-json\/wp\/v2\/users\/1"}],"replies":[{"embeddable":true,"href":"https:\/\/www.cde.ual.es\/en\/wp-json\/wp\/v2\/comments?post=167662"}],"version-history":[{"count":1,"href":"https:\/\/www.cde.ual.es\/en\/wp-json\/wp\/v2\/posts\/167662\/revisions"}],"predecessor-version":[{"id":167665,"href":"https:\/\/www.cde.ual.es\/en\/wp-json\/wp\/v2\/posts\/167662\/revisions\/167665"}],"wp:featuredmedia":[{"embeddable":true,"href":"https:\/\/www.cde.ual.es\/en\/wp-json\/wp\/v2\/media\/167663"}],"wp:attachment":[{"href":"https:\/\/www.cde.ual.es\/en\/wp-json\/wp\/v2\/media?parent=167662"}],"wp:term":[{"taxonomy":"category","embeddable":true,"href":"https:\/\/www.cde.ual.es\/en\/wp-json\/wp\/v2\/categories?post=167662"},{"taxonomy":"post_tag","embeddable":true,"href":"https:\/\/www.cde.ual.es\/en\/wp-json\/wp\/v2\/tags?post=167662"}],"curies":[{"name":"wp","href":"https:\/\/api.w.org\/{rel}","templated":true}]}}