{"id":16548,"date":"2019-05-01T08:00:56","date_gmt":"2019-05-01T06:00:56","guid":{"rendered":"http:\/\/www.cde.ual.es\/?p=16548"},"modified":"2019-04-30T09:26:37","modified_gmt":"2019-04-30T07:26:37","slug":"european-youth-week-2019-democracy-and-me","status":"publish","type":"post","link":"https:\/\/www.cde.ual.es\/en\/european-youth-week-2019-democracy-and-me\/","title":{"rendered":"European Youth Week 2019: &#8220;Democracy and me&#8221;"},"content":{"rendered":"<p><strong>European Youth Week takes place every two years. It celebrates and promotes activities targeted at young people through events organised in all countries participating in the Erasmus+ programme. From 29 April until 5 May, the ninth edition of European Youth Week is taking place across Europe. This year&#8217;s theme is \u201cDemocracy and me\u201d. Alongside activities taking place all week in all participating countries, on 29 and 30 April flagship events in Brussels will bring together hundreds of young people to make their voices heard.<\/strong><\/p>\n<p><a href=\"http:\/\/www.cde.ual.es\/wp-content\/uploads\/2019\/04\/eyw_day1_15.jpg\"><img decoding=\"async\" class=\"size-medium wp-image-16530 aligncenter\" src=\"http:\/\/www.cde.ual.es\/wp-content\/uploads\/2019\/04\/eyw_day1_15-300x200.jpg\" alt=\"\" width=\"300\" height=\"200\" \/><\/a><\/p>\n<p>With a view to the upcoming European Parliament elections from 23 to 26 May, debates during this year&#8217;s European Youth Week will focus on <strong>how young people can be active in their communities and influence democratic decisions.<\/strong><\/p>\n<p>On 30 April, Commissioner for Education, Culture, Youth and Sport, Tibor Navracsics, will host a Citizens&#8217; Dialogue with young people, as well as a flagship debate in the European Parliament in Brussels, gathering more than 800 youth who will discuss democratic participation as well as the impact of the European Solidarity Corps on young people, NGOs and local communities.<\/p>\n<p>The results of a Eurobarometer survey released today show that for more than two thirds of young people (67%), priority number one for EU action over the next ten years should be protecting the environment and<strong> fighting climate change<\/strong>. The second and third priorities they identified are improving <strong>education and training<\/strong>, including free movement of students, apprentices or pupils (56%) and f<strong>ighting poverty, economic and social inequalities<\/strong> (56%). In addition,<strong> 72% of young people interviewed<\/strong> say that, from the moment they were allowed to participate in elections until today, they<strong> voted in local, national, or European elections.<\/strong> The survey addressed around 11,000 young people aged between 15 and 30 years old in March 2019. Participants will have the opportunity to discuss these and other topics at European Youth Week events.<\/p>\n<p>Adem\u00e1s, esta tarde (29 de abril), el comisario Navracsics presentar\u00e1 los resultados de los <a href=\"https:\/\/ec.europa.eu\/education\/news\/2018-altiero-spinelli-prize-winners-awarded_en\">Premios Altiero Spinelli de Divulgaci\u00f3n de 2018.<\/a> Esta edici\u00f3n de los Premios Altiero Spinelli se ha centrado especialmente en los j\u00f3venes y va a recompensar proyectos para mejorar su conciencia cr\u00edtica de la Uni\u00f3n Europea y su motivaci\u00f3n para participar en los procesos democr\u00e1ticos que configurar\u00e1n su futuro. A esta edici\u00f3n se presentaron setenta y nueve candidaturas, y cinco proyectos ganadores ser\u00e1n galardonados en un acto que se celebrar\u00e1 en Bruselas.<\/p>\n<h2>Contexto<\/h2>\n<p>One of the main topics of this year&#8217;s edition, the European Solidarity Corps, was announced by Commission President Jean-Claude Juncker in his <a href=\"http:\/\/europa.eu\/rapid\/press-release_SPEECH-16-3043_en.htm\">2016 State of the Union address.<\/a> It offers young people between the ages of 18 and 30 the opportunity to take part in a wide range of solidarity activities across the EU and beyond. Since its<a href=\"http:\/\/europa.eu\/rapid\/press-release_IP-16-4165_en.htm\"> launch on 7 December 2016,<\/a> almost 125,000 young people have registered for the European Solidarity Corps, and almost 15,000 participants started their activity.<\/p>\n<p>The Altiero Spinelli Awards are a European Parliament initiative implemented by the European Commission, awarded for the first time in 2017. The Awards aim at putting the spotlight on outstanding works that enhance citizens&#8217; understanding of the European Union and their motivation to participate in democratic processes.<\/p>\n<h3>More information<\/h3>\n<p>Access the\u00a0<a href=\"http:\/\/europa.eu\/rapid\/press-release_IP-19-2255_en.htm\">complete news<\/a><\/p>\n<p><a href=\"https:\/\/europa.eu\/youth\/week\">European Youth Week<\/a><\/p>\n<p><a href=\"https:\/\/europa.eu\/youth\/solidarity_en\">European Solidarity Corps<\/a><\/p>\n<p><a href=\"https:\/\/ec.europa.eu\/education\/news\/2018-altiero-spinelli-prize-winners-awarded_en\">Results of the 2018 Altiero Spinelli Prize<\/a><\/p>\n<p>Eurobarometer: \u201c<a href=\"http:\/\/ec.europa.eu\/commfrontoffice\/publicopinion\/index.cfm\/survey\/getsurveydetail\/instruments\/flash\/surveyky\/2224\">How do we build a stronger, more united Europe?\u201d \u2013 The views of young people<\/a><\/p>\n<p><a href=\"https:\/\/europa.eu\/euandme\/frontpage_es\">EUandMe campaign<\/a><\/p>\n<p>&nbsp;<\/p>\n","protected":false},"excerpt":{"rendered":"<p>European Youth Week takes place every two years. It celebrates and promotes activities targeted at young people through events organised in all countries participating in the Erasmus+ programme. From 29 April until 5 May, the ninth edition of European Youth Week is taking place across Europe. This year&#8217;s theme is \u201cDemocracy and me\u201d. Alongside activities [&hellip;]<\/p>\n","protected":false},"author":101011,"featured_media":16531,"comment_status":"open","ping_status":"open","sticky":false,"template":"","format":"standard","meta":{"_acf_changed":false,"_relevanssi_hide_post":"","_relevanssi_hide_content":"","_relevanssi_pin_for_all":"","_relevanssi_pin_keywords":"","_relevanssi_unpin_keywords":"","_relevanssi_related_keywords":"","_relevanssi_related_include_ids":"","_relevanssi_related_exclude_ids":"","_relevanssi_related_no_append":"","_relevanssi_related_not_related":"","_relevanssi_related_posts":"","_relevanssi_noindex_reason":"","_monsterinsights_skip_tracking":false,"_monsterinsights_sitenote_active":false,"_monsterinsights_sitenote_note":"","_monsterinsights_sitenote_category":0,"_genesis_hide_title":false,"_genesis_hide_breadcrumbs":false,"_genesis_hide_singular_image":false,"_genesis_hide_footer_widgets":false,"_genesis_custom_body_class":"","_genesis_custom_post_class":"","_genesis_layout":"","footnotes":""},"categories":[346],"tags":[368,485,351],"class_list":{"0":"post-16548","1":"post","2":"type-post","3":"status-publish","4":"format-standard","5":"has-post-thumbnail","7":"category-eu-news","8":"tag-european-union","9":"tag-european-youth-week","10":"tag-union-europea-en","11":"entry"},"acf":[],"yoast_head":"<!-- This site is optimized with the Yoast SEO plugin v27.5 - https:\/\/yoast.com\/product\/yoast-seo-wordpress\/ -->\n<title>European Youth Week 2019: &quot;Democracy and me&quot; | CDE Almer\u00eda - Centro de Documentaci\u00f3n Europea - Universidad de Almer\u00eda<\/title>\n<meta name=\"robots\" content=\"index, follow, max-snippet:-1, max-image-preview:large, max-video-preview:-1\" \/>\n<link rel=\"canonical\" href=\"https:\/\/www.cde.ual.es\/en\/european-youth-week-2019-democracy-and-me\/\" \/>\n<meta property=\"og:locale\" content=\"en_US\" \/>\n<meta property=\"og:type\" content=\"article\" \/>\n<meta property=\"og:title\" content=\"European Youth Week 2019: &quot;Democracy and me&quot; | CDE Almer\u00eda - Centro de Documentaci\u00f3n Europea - Universidad de Almer\u00eda\" \/>\n<meta property=\"og:description\" content=\"European Youth Week takes place every two years. It celebrates and promotes activities targeted at young people through events organised in all countries participating in the Erasmus+ programme. From 29 April until 5 May, the ninth edition of European Youth Week is taking place across Europe. This year&#8217;s theme is \u201cDemocracy and me\u201d. Alongside activities [&hellip;]\" \/>\n<meta property=\"og:url\" content=\"https:\/\/www.cde.ual.es\/en\/european-youth-week-2019-democracy-and-me\/\" \/>\n<meta property=\"og:site_name\" content=\"CDE Almer\u00eda - Centro de Documentaci\u00f3n Europea - Universidad de Almer\u00eda\" \/>\n<meta property=\"article:publisher\" content=\"https:\/\/www.facebook.com\/cdeuniversidadalmeria\/\" \/>\n<meta property=\"article:published_time\" content=\"2019-05-01T06:00:56+00:00\" \/>\n<meta property=\"og:image\" content=\"https:\/\/www.cde.ual.es\/wp-content\/uploads\/2019\/04\/eyw_day1_15.jpg\" \/>\n\t<meta property=\"og:image:width\" content=\"5760\" \/>\n\t<meta property=\"og:image:height\" content=\"3840\" \/>\n\t<meta property=\"og:image:type\" content=\"image\/jpeg\" \/>\n<meta name=\"author\" content=\"BECA 2 CDE\" \/>\n<meta name=\"twitter:card\" content=\"summary_large_image\" \/>\n<meta name=\"twitter:creator\" content=\"@cdeualmeria\" \/>\n<meta name=\"twitter:site\" content=\"@cdeualmeria\" \/>\n<meta name=\"twitter:label1\" content=\"Written by\" \/>\n\t<meta name=\"twitter:data1\" content=\"BECA 2 CDE\" \/>\n\t<meta name=\"twitter:label2\" content=\"Est. reading time\" \/>\n\t<meta name=\"twitter:data2\" content=\"3 minutes\" \/>\n<script type=\"application\/ld+json\" class=\"yoast-schema-graph\">{\"@context\":\"https:\\\/\\\/schema.org\",\"@graph\":[{\"@type\":\"Article\",\"@id\":\"https:\\\/\\\/www.cde.ual.es\\\/en\\\/european-youth-week-2019-democracy-and-me\\\/#article\",\"isPartOf\":{\"@id\":\"https:\\\/\\\/www.cde.ual.es\\\/en\\\/european-youth-week-2019-democracy-and-me\\\/\"},\"author\":{\"name\":\"BECA 2 CDE\",\"@id\":\"https:\\\/\\\/www.cde.ual.es\\\/#\\\/schema\\\/person\\\/ee46ebc19edfa19598c02cff83335acc\"},\"headline\":\"European Youth Week 2019: &#8220;Democracy and me&#8221;\",\"datePublished\":\"2019-05-01T06:00:56+00:00\",\"mainEntityOfPage\":{\"@id\":\"https:\\\/\\\/www.cde.ual.es\\\/en\\\/european-youth-week-2019-democracy-and-me\\\/\"},\"wordCount\":554,\"commentCount\":0,\"publisher\":{\"@id\":\"https:\\\/\\\/www.cde.ual.es\\\/#organization\"},\"image\":{\"@id\":\"https:\\\/\\\/www.cde.ual.es\\\/en\\\/european-youth-week-2019-democracy-and-me\\\/#primaryimage\"},\"thumbnailUrl\":\"https:\\\/\\\/www.cde.ual.es\\\/wp-content\\\/uploads\\\/2019\\\/04\\\/eyw_day1_15.jpg\",\"keywords\":[\"European Union\",\"European Youth Week\",\"Uni\u00f3n Europea\"],\"articleSection\":[\"EU News\"],\"inLanguage\":\"en-US\",\"potentialAction\":[{\"@type\":\"CommentAction\",\"name\":\"Comment\",\"target\":[\"https:\\\/\\\/www.cde.ual.es\\\/en\\\/european-youth-week-2019-democracy-and-me\\\/#respond\"]}]},{\"@type\":\"WebPage\",\"@id\":\"https:\\\/\\\/www.cde.ual.es\\\/en\\\/european-youth-week-2019-democracy-and-me\\\/\",\"url\":\"https:\\\/\\\/www.cde.ual.es\\\/en\\\/european-youth-week-2019-democracy-and-me\\\/\",\"name\":\"European Youth Week 2019: \\\"Democracy and me\\\" | CDE Almer\u00eda - Centro de Documentaci\u00f3n Europea - Universidad de Almer\u00eda\",\"isPartOf\":{\"@id\":\"https:\\\/\\\/www.cde.ual.es\\\/#website\"},\"primaryImageOfPage\":{\"@id\":\"https:\\\/\\\/www.cde.ual.es\\\/en\\\/european-youth-week-2019-democracy-and-me\\\/#primaryimage\"},\"image\":{\"@id\":\"https:\\\/\\\/www.cde.ual.es\\\/en\\\/european-youth-week-2019-democracy-and-me\\\/#primaryimage\"},\"thumbnailUrl\":\"https:\\\/\\\/www.cde.ual.es\\\/wp-content\\\/uploads\\\/2019\\\/04\\\/eyw_day1_15.jpg\",\"datePublished\":\"2019-05-01T06:00:56+00:00\",\"breadcrumb\":{\"@id\":\"https:\\\/\\\/www.cde.ual.es\\\/en\\\/european-youth-week-2019-democracy-and-me\\\/#breadcrumb\"},\"inLanguage\":\"en-US\",\"potentialAction\":[{\"@type\":\"ReadAction\",\"target\":[\"https:\\\/\\\/www.cde.ual.es\\\/en\\\/european-youth-week-2019-democracy-and-me\\\/\"]}]},{\"@type\":\"ImageObject\",\"inLanguage\":\"en-US\",\"@id\":\"https:\\\/\\\/www.cde.ual.es\\\/en\\\/european-youth-week-2019-democracy-and-me\\\/#primaryimage\",\"url\":\"https:\\\/\\\/www.cde.ual.es\\\/wp-content\\\/uploads\\\/2019\\\/04\\\/eyw_day1_15.jpg\",\"contentUrl\":\"https:\\\/\\\/www.cde.ual.es\\\/wp-content\\\/uploads\\\/2019\\\/04\\\/eyw_day1_15.jpg\",\"width\":5760,\"height\":3840},{\"@type\":\"BreadcrumbList\",\"@id\":\"https:\\\/\\\/www.cde.ual.es\\\/en\\\/european-youth-week-2019-democracy-and-me\\\/#breadcrumb\",\"itemListElement\":[{\"@type\":\"ListItem\",\"position\":1,\"name\":\"Inicio\",\"item\":\"https:\\\/\\\/www.cde.ual.es\\\/en\\\/\"},{\"@type\":\"ListItem\",\"position\":2,\"name\":\"EU News\",\"item\":\"https:\\\/\\\/www.cde.ual.es\\\/en\\\/category\\\/eu-news\\\/\"},{\"@type\":\"ListItem\",\"position\":3,\"name\":\"European Youth Week 2019: &#8220;Democracy and me&#8221;\"}]},{\"@type\":\"WebSite\",\"@id\":\"https:\\\/\\\/www.cde.ual.es\\\/#website\",\"url\":\"https:\\\/\\\/www.cde.ual.es\\\/\",\"name\":\"CDE Almer\u00eda - Centro de Documentaci\u00f3n Europea - Universidad de Almer\u00eda\",\"description\":\"Centro de Documentaci\u00f3n Europea de la Universidad de Almer\u00eda\",\"publisher\":{\"@id\":\"https:\\\/\\\/www.cde.ual.es\\\/#organization\"},\"alternateName\":\"CDE Almer\u00eda\",\"potentialAction\":[{\"@type\":\"SearchAction\",\"target\":{\"@type\":\"EntryPoint\",\"urlTemplate\":\"https:\\\/\\\/www.cde.ual.es\\\/?s={search_term_string}\"},\"query-input\":{\"@type\":\"PropertyValueSpecification\",\"valueRequired\":true,\"valueName\":\"search_term_string\"}}],\"inLanguage\":\"en-US\"},{\"@type\":\"Organization\",\"@id\":\"https:\\\/\\\/www.cde.ual.es\\\/#organization\",\"name\":\"Centro de Documentaci\u00f3n Europea de Almer\u00eda\",\"url\":\"https:\\\/\\\/www.cde.ual.es\\\/\",\"logo\":{\"@type\":\"ImageObject\",\"inLanguage\":\"en-US\",\"@id\":\"https:\\\/\\\/www.cde.ual.es\\\/#\\\/schema\\\/logo\\\/image\\\/\",\"url\":\"https:\\\/\\\/www.cde.ual.es\\\/wp-content\\\/uploads\\\/2025\\\/07\\\/cde-logo-3.png\",\"contentUrl\":\"https:\\\/\\\/www.cde.ual.es\\\/wp-content\\\/uploads\\\/2025\\\/07\\\/cde-logo-3.png\",\"width\":1400,\"height\":300,\"caption\":\"Centro de Documentaci\u00f3n Europea de Almer\u00eda\"},\"image\":{\"@id\":\"https:\\\/\\\/www.cde.ual.es\\\/#\\\/schema\\\/logo\\\/image\\\/\"},\"sameAs\":[\"https:\\\/\\\/www.facebook.com\\\/cdeuniversidadalmeria\\\/\",\"https:\\\/\\\/x.com\\\/cdeualmeria\",\"https:\\\/\\\/www.tiktok.com\\\/@cdealmeria\",\"https:\\\/\\\/www.instagram.com\\\/cdealmeria\\\/\",\"https:\\\/\\\/www.linkedin.com\\\/in\\\/cde-almera-812b26a9\\\/\"]},{\"@type\":\"Person\",\"@id\":\"https:\\\/\\\/www.cde.ual.es\\\/#\\\/schema\\\/person\\\/ee46ebc19edfa19598c02cff83335acc\",\"name\":\"BECA 2 CDE\",\"image\":{\"@type\":\"ImageObject\",\"inLanguage\":\"en-US\",\"@id\":\"https:\\\/\\\/secure.gravatar.com\\\/avatar\\\/35a481bbc04bbd90e91bdfa3b0b5541036c222a49b9ad37b6889a2afcb5311a5?s=96&d=mm&r=g\",\"url\":\"https:\\\/\\\/secure.gravatar.com\\\/avatar\\\/35a481bbc04bbd90e91bdfa3b0b5541036c222a49b9ad37b6889a2afcb5311a5?s=96&d=mm&r=g\",\"contentUrl\":\"https:\\\/\\\/secure.gravatar.com\\\/avatar\\\/35a481bbc04bbd90e91bdfa3b0b5541036c222a49b9ad37b6889a2afcb5311a5?s=96&d=mm&r=g\",\"caption\":\"BECA 2 CDE\"},\"sameAs\":[\"http:\\\/\\\/www.cdealmeria.com\"]}]}<\/script>\n<!-- \/ Yoast SEO plugin. -->","yoast_head_json":{"title":"European Youth Week 2019: \"Democracy and me\" | CDE Almer\u00eda - Centro de Documentaci\u00f3n Europea - Universidad de Almer\u00eda","robots":{"index":"index","follow":"follow","max-snippet":"max-snippet:-1","max-image-preview":"max-image-preview:large","max-video-preview":"max-video-preview:-1"},"canonical":"https:\/\/www.cde.ual.es\/en\/european-youth-week-2019-democracy-and-me\/","og_locale":"en_US","og_type":"article","og_title":"European Youth Week 2019: \"Democracy and me\" | CDE Almer\u00eda - Centro de Documentaci\u00f3n Europea - Universidad de Almer\u00eda","og_description":"European Youth Week takes place every two years. It celebrates and promotes activities targeted at young people through events organised in all countries participating in the Erasmus+ programme. From 29 April until 5 May, the ninth edition of European Youth Week is taking place across Europe. This year&#8217;s theme is \u201cDemocracy and me\u201d. Alongside activities [&hellip;]","og_url":"https:\/\/www.cde.ual.es\/en\/european-youth-week-2019-democracy-and-me\/","og_site_name":"CDE Almer\u00eda - Centro de Documentaci\u00f3n Europea - Universidad de Almer\u00eda","article_publisher":"https:\/\/www.facebook.com\/cdeuniversidadalmeria\/","article_published_time":"2019-05-01T06:00:56+00:00","og_image":[{"width":5760,"height":3840,"url":"https:\/\/www.cde.ual.es\/wp-content\/uploads\/2019\/04\/eyw_day1_15.jpg","type":"image\/jpeg"}],"author":"BECA 2 CDE","twitter_card":"summary_large_image","twitter_creator":"@cdeualmeria","twitter_site":"@cdeualmeria","twitter_misc":{"Written by":"BECA 2 CDE","Est. reading time":"3 minutes"},"schema":{"@context":"https:\/\/schema.org","@graph":[{"@type":"Article","@id":"https:\/\/www.cde.ual.es\/en\/european-youth-week-2019-democracy-and-me\/#article","isPartOf":{"@id":"https:\/\/www.cde.ual.es\/en\/european-youth-week-2019-democracy-and-me\/"},"author":{"name":"BECA 2 CDE","@id":"https:\/\/www.cde.ual.es\/#\/schema\/person\/ee46ebc19edfa19598c02cff83335acc"},"headline":"European Youth Week 2019: &#8220;Democracy and me&#8221;","datePublished":"2019-05-01T06:00:56+00:00","mainEntityOfPage":{"@id":"https:\/\/www.cde.ual.es\/en\/european-youth-week-2019-democracy-and-me\/"},"wordCount":554,"commentCount":0,"publisher":{"@id":"https:\/\/www.cde.ual.es\/#organization"},"image":{"@id":"https:\/\/www.cde.ual.es\/en\/european-youth-week-2019-democracy-and-me\/#primaryimage"},"thumbnailUrl":"https:\/\/www.cde.ual.es\/wp-content\/uploads\/2019\/04\/eyw_day1_15.jpg","keywords":["European Union","European Youth Week","Uni\u00f3n Europea"],"articleSection":["EU News"],"inLanguage":"en-US","potentialAction":[{"@type":"CommentAction","name":"Comment","target":["https:\/\/www.cde.ual.es\/en\/european-youth-week-2019-democracy-and-me\/#respond"]}]},{"@type":"WebPage","@id":"https:\/\/www.cde.ual.es\/en\/european-youth-week-2019-democracy-and-me\/","url":"https:\/\/www.cde.ual.es\/en\/european-youth-week-2019-democracy-and-me\/","name":"European Youth Week 2019: \"Democracy and me\" | CDE Almer\u00eda - Centro de Documentaci\u00f3n Europea - Universidad de Almer\u00eda","isPartOf":{"@id":"https:\/\/www.cde.ual.es\/#website"},"primaryImageOfPage":{"@id":"https:\/\/www.cde.ual.es\/en\/european-youth-week-2019-democracy-and-me\/#primaryimage"},"image":{"@id":"https:\/\/www.cde.ual.es\/en\/european-youth-week-2019-democracy-and-me\/#primaryimage"},"thumbnailUrl":"https:\/\/www.cde.ual.es\/wp-content\/uploads\/2019\/04\/eyw_day1_15.jpg","datePublished":"2019-05-01T06:00:56+00:00","breadcrumb":{"@id":"https:\/\/www.cde.ual.es\/en\/european-youth-week-2019-democracy-and-me\/#breadcrumb"},"inLanguage":"en-US","potentialAction":[{"@type":"ReadAction","target":["https:\/\/www.cde.ual.es\/en\/european-youth-week-2019-democracy-and-me\/"]}]},{"@type":"ImageObject","inLanguage":"en-US","@id":"https:\/\/www.cde.ual.es\/en\/european-youth-week-2019-democracy-and-me\/#primaryimage","url":"https:\/\/www.cde.ual.es\/wp-content\/uploads\/2019\/04\/eyw_day1_15.jpg","contentUrl":"https:\/\/www.cde.ual.es\/wp-content\/uploads\/2019\/04\/eyw_day1_15.jpg","width":5760,"height":3840},{"@type":"BreadcrumbList","@id":"https:\/\/www.cde.ual.es\/en\/european-youth-week-2019-democracy-and-me\/#breadcrumb","itemListElement":[{"@type":"ListItem","position":1,"name":"Inicio","item":"https:\/\/www.cde.ual.es\/en\/"},{"@type":"ListItem","position":2,"name":"EU News","item":"https:\/\/www.cde.ual.es\/en\/category\/eu-news\/"},{"@type":"ListItem","position":3,"name":"European Youth Week 2019: &#8220;Democracy and me&#8221;"}]},{"@type":"WebSite","@id":"https:\/\/www.cde.ual.es\/#website","url":"https:\/\/www.cde.ual.es\/","name":"CDE Almer\u00eda - Centro de Documentaci\u00f3n Europea - Universidad de Almer\u00eda","description":"Centro de Documentaci\u00f3n Europea de la Universidad de Almer\u00eda","publisher":{"@id":"https:\/\/www.cde.ual.es\/#organization"},"alternateName":"CDE Almer\u00eda","potentialAction":[{"@type":"SearchAction","target":{"@type":"EntryPoint","urlTemplate":"https:\/\/www.cde.ual.es\/?s={search_term_string}"},"query-input":{"@type":"PropertyValueSpecification","valueRequired":true,"valueName":"search_term_string"}}],"inLanguage":"en-US"},{"@type":"Organization","@id":"https:\/\/www.cde.ual.es\/#organization","name":"Centro de Documentaci\u00f3n Europea de Almer\u00eda","url":"https:\/\/www.cde.ual.es\/","logo":{"@type":"ImageObject","inLanguage":"en-US","@id":"https:\/\/www.cde.ual.es\/#\/schema\/logo\/image\/","url":"https:\/\/www.cde.ual.es\/wp-content\/uploads\/2025\/07\/cde-logo-3.png","contentUrl":"https:\/\/www.cde.ual.es\/wp-content\/uploads\/2025\/07\/cde-logo-3.png","width":1400,"height":300,"caption":"Centro de Documentaci\u00f3n Europea de Almer\u00eda"},"image":{"@id":"https:\/\/www.cde.ual.es\/#\/schema\/logo\/image\/"},"sameAs":["https:\/\/www.facebook.com\/cdeuniversidadalmeria\/","https:\/\/x.com\/cdeualmeria","https:\/\/www.tiktok.com\/@cdealmeria","https:\/\/www.instagram.com\/cdealmeria\/","https:\/\/www.linkedin.com\/in\/cde-almera-812b26a9\/"]},{"@type":"Person","@id":"https:\/\/www.cde.ual.es\/#\/schema\/person\/ee46ebc19edfa19598c02cff83335acc","name":"BECA 2 CDE","image":{"@type":"ImageObject","inLanguage":"en-US","@id":"https:\/\/secure.gravatar.com\/avatar\/35a481bbc04bbd90e91bdfa3b0b5541036c222a49b9ad37b6889a2afcb5311a5?s=96&d=mm&r=g","url":"https:\/\/secure.gravatar.com\/avatar\/35a481bbc04bbd90e91bdfa3b0b5541036c222a49b9ad37b6889a2afcb5311a5?s=96&d=mm&r=g","contentUrl":"https:\/\/secure.gravatar.com\/avatar\/35a481bbc04bbd90e91bdfa3b0b5541036c222a49b9ad37b6889a2afcb5311a5?s=96&d=mm&r=g","caption":"BECA 2 CDE"},"sameAs":["http:\/\/www.cdealmeria.com"]}]}},"_links":{"self":[{"href":"https:\/\/www.cde.ual.es\/en\/wp-json\/wp\/v2\/posts\/16548","targetHints":{"allow":["GET"]}}],"collection":[{"href":"https:\/\/www.cde.ual.es\/en\/wp-json\/wp\/v2\/posts"}],"about":[{"href":"https:\/\/www.cde.ual.es\/en\/wp-json\/wp\/v2\/types\/post"}],"author":[{"embeddable":true,"href":"https:\/\/www.cde.ual.es\/en\/wp-json\/wp\/v2\/users\/101011"}],"replies":[{"embeddable":true,"href":"https:\/\/www.cde.ual.es\/en\/wp-json\/wp\/v2\/comments?post=16548"}],"version-history":[{"count":0,"href":"https:\/\/www.cde.ual.es\/en\/wp-json\/wp\/v2\/posts\/16548\/revisions"}],"wp:featuredmedia":[{"embeddable":true,"href":"https:\/\/www.cde.ual.es\/en\/wp-json\/wp\/v2\/media\/16531"}],"wp:attachment":[{"href":"https:\/\/www.cde.ual.es\/en\/wp-json\/wp\/v2\/media?parent=16548"}],"wp:term":[{"taxonomy":"category","embeddable":true,"href":"https:\/\/www.cde.ual.es\/en\/wp-json\/wp\/v2\/categories?post=16548"},{"taxonomy":"post_tag","embeddable":true,"href":"https:\/\/www.cde.ual.es\/en\/wp-json\/wp\/v2\/tags?post=16548"}],"curies":[{"name":"wp","href":"https:\/\/api.w.org\/{rel}","templated":true}]}}