{"id":165016,"date":"2026-01-28T08:55:39","date_gmt":"2026-01-28T07:55:39","guid":{"rendered":"https:\/\/www.cde.ual.es\/?p=165016"},"modified":"2026-01-28T08:55:39","modified_gmt":"2026-01-28T07:55:39","slug":"new-measures-to-protect-eu-steel-market-from-global-overcapacity","status":"publish","type":"post","link":"https:\/\/www.cde.ual.es\/en\/new-measures-to-protect-eu-steel-market-from-global-overcapacity\/","title":{"rendered":"New measures to protect EU steel market from global overcapacity"},"content":{"rendered":"<div class=\"ep_gridcolumn ep-m_product\" data-view1200=\"6\" data-view1020=\"6\" data-view750=\"10\" data-view640=\"6\" data-view480=\"8\" data-view320=\"4\">\n<div class=\"ep_gridcolumn-content\">\n<div class=\"ep-a_text ep-layout_chapo\">\n<p style=\"text-align: justify;\">On Tuesday, the International Trade Committee adopted a series of measures to counteract the negative impact of global overproduction on the EU steel market.<\/p>\n<p><img decoding=\"async\" class=\"aligncenter\" src=\"https:\/\/www.cde.ual.es\/wp-content\/uploads\/2025\/03\/piezas-metalicas-tratadas-revestimiento-zinc_342744-249.jpg\" width=\"502\" height=\"334\" \/><\/p>\n<\/div>\n<\/div>\n<\/div>\n<div class=\"ep_gridcolumn ep-m_product\" data-view1200=\"6\" data-view1020=\"6\" data-view750=\"10\" data-view640=\"6\" data-view480=\"8\" data-view320=\"4\">\n<div class=\"ep_gridcolumn-content\">\n<div class=\"ep-a_text\">\n<p class=\"ep-wysiwig_paragraph\" style=\"text-align: justify;\">By 36 votes in favour and 2 against, with 5 abstentions, MEPs on the International Trade Committee have adopted their position on the\u00a0proposed regulation\u00a0to counteract the negative trade-related effects of the global steel production surplus on the Union market. The global steel safeguards in place since 2018 under the World Trade Organisation (WTO) will expire on 30 June 2026.<\/p>\n<p class=\"ep-wysiwig_paragraph\" style=\"text-align: justify;\">The approved text envisages lower import quotas, limiting tariff-free import volumes to 18.3 million tonnes a year &#8211; a reduction of 47% compared with 2024 steel quotas. It would also apply a 50% customs duty to imports above the quota and to steel goods not covered by the quota.<\/p>\n<p class=\"ep-wysiwig_paragraph\" style=\"text-align: justify;\">The draft regulation seeks to strengthen the traceability of imported steel products by clarifying the evidence to be provided by importers on the origin of their steel.<\/p>\n<p class=\"ep-wysiwig_paragraph\" style=\"text-align: justify;\">Members reiterated the need for the new regulation to comply with WTO rules and asked the Commission to monitor the impact of the regulation and assess the possibility to amend the products covered by the rules.<\/p>\n<p class=\"ep-wysiwig_paragraph\" style=\"text-align: justify;\">Finally, the draft legislation would ban all steel imports from Russia and Belarus, adding steel to the list of goods for which there are already restrictions on imports from the two countries.<\/p>\n<p class=\"ep-wysiwig_paragraph\" style=\"text-align: justify;\"><strong>Quote<\/strong><\/p>\n<p class=\"ep-wysiwig_paragraph\" style=\"text-align: justify;\">After the vote, rapporteur\u00a0Karin Karlsbro\u00a0(Renew, SE), said: &#8221; Steel production is a strategic priority for Europe. In times of geopolitical uncertainty, the strength of our steel industry is central to Europe\u2019s resilience. Today, we have said yes to continued tariff-free trade with Ukraine and no to Russian steel imports into the EU. This is a clear demonstration of European resolve.&#8221;<\/p>\n<p class=\"ep-wysiwig_paragraph\" style=\"text-align: justify;\"><strong>Next steps<\/strong><\/p>\n<p class=\"ep-wysiwig_paragraph\" style=\"text-align: justify;\">The International Trade Committee also approved the decision to start negotiations with the Council, with the aim of reaching a deal on the final form of the bill in the Spring.<\/p>\n<p class=\"ep-wysiwig_paragraph\" style=\"text-align: justify;\"><strong>Background<\/strong><\/p>\n<p class=\"ep-wysiwig_paragraph\" style=\"text-align: justify;\">The EU steel industry has been facing trade-related challenges, including significant and sustained import pressure in terms of volume and price. These are the result of unsustainable levels of global overcapacity. The EU steel industry has seen severe job losses, and its current capacity utilisation is below profitable levels, leading to a lack of investment in its future competitiveness and decarbonisation.<\/p>\n<p class=\"ep-wysiwig_paragraph\" style=\"text-align: justify;\">The global steel safeguards that have been in place since 2018 under the WTO Agreement on Safeguards will expire on 30 June 2026 when they will reach the time-limit of eight years under WTO rules. The expiry of the global steel safeguards would expose the EU steel industry to the negative trade-related impact of structural global overcapacities that have increased rather than decreased in recent years.<\/p>\n<p><strong>More information: <a href=\"https:\/\/www.europarl.europa.eu\/news\/es\/press-room\/20260126IPR32626\/new-measures-to-protect-eu-steel-market-from-global-overcapacity\">European Parliament<\/a><\/strong><\/p>\n<\/div>\n<\/div>\n<\/div>\n","protected":false},"excerpt":{"rendered":"<p>On Tuesday, the International Trade Committee adopted a series of measures to counteract the negative impact of global overproduction on the EU steel market. By 36 votes in favour and 2 against, with 5 abstentions, MEPs on the International Trade Committee have adopted their position on the\u00a0proposed regulation\u00a0to counteract the negative trade-related effects of the [&hellip;]<\/p>\n","protected":false},"author":1,"featured_media":158005,"comment_status":"open","ping_status":"open","sticky":false,"template":"","format":"standard","meta":{"_acf_changed":false,"_relevanssi_hide_post":"","_relevanssi_hide_content":"","_relevanssi_pin_for_all":"","_relevanssi_pin_keywords":"","_relevanssi_unpin_keywords":"","_relevanssi_related_keywords":"","_relevanssi_related_include_ids":"","_relevanssi_related_exclude_ids":"","_relevanssi_related_no_append":"","_relevanssi_related_not_related":"","_relevanssi_related_posts":"","_relevanssi_noindex_reason":"","_monsterinsights_skip_tracking":false,"_monsterinsights_sitenote_active":false,"_monsterinsights_sitenote_note":"","_monsterinsights_sitenote_category":0,"_genesis_hide_title":false,"_genesis_hide_breadcrumbs":false,"_genesis_hide_singular_image":false,"_genesis_hide_footer_widgets":false,"_genesis_custom_body_class":"","_genesis_custom_post_class":"","_genesis_layout":"","footnotes":""},"categories":[346,4091,4088],"tags":[753,368,17003,530,17004,2788,17005,5332,17002],"class_list":{"0":"post-165016","1":"post","2":"type-post","3":"status-publish","4":"format-standard","5":"has-post-thumbnail","7":"category-eu-news","8":"category-industry","9":"category-market","10":"tag-european-parliament","11":"tag-european-union","12":"tag-global-overcapacity","13":"tag-industry","14":"tag-international-trade-committee","15":"tag-news","16":"tag-overproduction","17":"tag-steel","18":"tag-steel-market","19":"entry"},"acf":[],"yoast_head":"<!-- This site is optimized with the Yoast SEO plugin v27.5 - https:\/\/yoast.com\/product\/yoast-seo-wordpress\/ -->\n<title>New measures to protect EU steel market from global overcapacity | CDE Almer\u00eda - Centro de Documentaci\u00f3n Europea - Universidad de Almer\u00eda<\/title>\n<meta name=\"robots\" content=\"index, follow, max-snippet:-1, max-image-preview:large, max-video-preview:-1\" \/>\n<link rel=\"canonical\" href=\"https:\/\/www.cde.ual.es\/en\/new-measures-to-protect-eu-steel-market-from-global-overcapacity\/\" \/>\n<meta property=\"og:locale\" content=\"en_US\" \/>\n<meta property=\"og:type\" content=\"article\" \/>\n<meta property=\"og:title\" content=\"New measures to protect EU steel market from global overcapacity | CDE Almer\u00eda - Centro de Documentaci\u00f3n Europea - Universidad de Almer\u00eda\" \/>\n<meta property=\"og:description\" content=\"On Tuesday, the International Trade Committee adopted a series of measures to counteract the negative impact of global overproduction on the EU steel market. By 36 votes in favour and 2 against, with 5 abstentions, MEPs on the International Trade Committee have adopted their position on the\u00a0proposed regulation\u00a0to counteract the negative trade-related effects of the [&hellip;]\" \/>\n<meta property=\"og:url\" content=\"https:\/\/www.cde.ual.es\/en\/new-measures-to-protect-eu-steel-market-from-global-overcapacity\/\" \/>\n<meta property=\"og:site_name\" content=\"CDE Almer\u00eda - Centro de Documentaci\u00f3n Europea - Universidad de Almer\u00eda\" \/>\n<meta property=\"article:publisher\" content=\"https:\/\/www.facebook.com\/cdeuniversidadalmeria\/\" \/>\n<meta property=\"article:published_time\" content=\"2026-01-28T07:55:39+00:00\" \/>\n<meta property=\"og:image\" content=\"https:\/\/www.cde.ual.es\/wp-content\/uploads\/2025\/03\/piezas-metalicas-tratadas-revestimiento-zinc_342744-249.jpg\" \/>\n\t<meta property=\"og:image:width\" content=\"1060\" \/>\n\t<meta property=\"og:image:height\" content=\"706\" \/>\n\t<meta property=\"og:image:type\" content=\"image\/jpeg\" \/>\n<meta name=\"author\" content=\"AdminCDE\" \/>\n<meta name=\"twitter:card\" content=\"summary_large_image\" \/>\n<meta name=\"twitter:creator\" content=\"@cdeualmeria\" \/>\n<meta name=\"twitter:site\" content=\"@cdeualmeria\" \/>\n<meta name=\"twitter:label1\" content=\"Written by\" \/>\n\t<meta name=\"twitter:data1\" content=\"AdminCDE\" \/>\n\t<meta name=\"twitter:label2\" content=\"Est. reading time\" \/>\n\t<meta name=\"twitter:data2\" content=\"3 minutes\" \/>\n<script type=\"application\/ld+json\" class=\"yoast-schema-graph\">{\"@context\":\"https:\\\/\\\/schema.org\",\"@graph\":[{\"@type\":\"Article\",\"@id\":\"https:\\\/\\\/www.cde.ual.es\\\/en\\\/new-measures-to-protect-eu-steel-market-from-global-overcapacity\\\/#article\",\"isPartOf\":{\"@id\":\"https:\\\/\\\/www.cde.ual.es\\\/en\\\/new-measures-to-protect-eu-steel-market-from-global-overcapacity\\\/\"},\"author\":{\"name\":\"AdminCDE\",\"@id\":\"https:\\\/\\\/www.cde.ual.es\\\/#\\\/schema\\\/person\\\/224ef08c8bcc005f319d2713ce37ee5f\"},\"headline\":\"New measures to protect EU steel market from global overcapacity\",\"datePublished\":\"2026-01-28T07:55:39+00:00\",\"mainEntityOfPage\":{\"@id\":\"https:\\\/\\\/www.cde.ual.es\\\/en\\\/new-measures-to-protect-eu-steel-market-from-global-overcapacity\\\/\"},\"wordCount\":454,\"commentCount\":0,\"publisher\":{\"@id\":\"https:\\\/\\\/www.cde.ual.es\\\/#organization\"},\"image\":{\"@id\":\"https:\\\/\\\/www.cde.ual.es\\\/en\\\/new-measures-to-protect-eu-steel-market-from-global-overcapacity\\\/#primaryimage\"},\"thumbnailUrl\":\"https:\\\/\\\/www.cde.ual.es\\\/wp-content\\\/uploads\\\/2025\\\/03\\\/piezas-metalicas-tratadas-revestimiento-zinc_342744-249.jpg\",\"keywords\":[\"European Parliament\",\"European Union\",\"global overcapacity\",\"Industry\",\"International Trade Committee\",\"News\",\"overproduction\",\"steel\",\"steel market\"],\"articleSection\":[\"EU News\",\"Industry\",\"Market\"],\"inLanguage\":\"en-US\",\"potentialAction\":[{\"@type\":\"CommentAction\",\"name\":\"Comment\",\"target\":[\"https:\\\/\\\/www.cde.ual.es\\\/en\\\/new-measures-to-protect-eu-steel-market-from-global-overcapacity\\\/#respond\"]}]},{\"@type\":\"WebPage\",\"@id\":\"https:\\\/\\\/www.cde.ual.es\\\/en\\\/new-measures-to-protect-eu-steel-market-from-global-overcapacity\\\/\",\"url\":\"https:\\\/\\\/www.cde.ual.es\\\/en\\\/new-measures-to-protect-eu-steel-market-from-global-overcapacity\\\/\",\"name\":\"New measures to protect EU steel market from global overcapacity | CDE Almer\u00eda - Centro de Documentaci\u00f3n Europea - Universidad de Almer\u00eda\",\"isPartOf\":{\"@id\":\"https:\\\/\\\/www.cde.ual.es\\\/#website\"},\"primaryImageOfPage\":{\"@id\":\"https:\\\/\\\/www.cde.ual.es\\\/en\\\/new-measures-to-protect-eu-steel-market-from-global-overcapacity\\\/#primaryimage\"},\"image\":{\"@id\":\"https:\\\/\\\/www.cde.ual.es\\\/en\\\/new-measures-to-protect-eu-steel-market-from-global-overcapacity\\\/#primaryimage\"},\"thumbnailUrl\":\"https:\\\/\\\/www.cde.ual.es\\\/wp-content\\\/uploads\\\/2025\\\/03\\\/piezas-metalicas-tratadas-revestimiento-zinc_342744-249.jpg\",\"datePublished\":\"2026-01-28T07:55:39+00:00\",\"breadcrumb\":{\"@id\":\"https:\\\/\\\/www.cde.ual.es\\\/en\\\/new-measures-to-protect-eu-steel-market-from-global-overcapacity\\\/#breadcrumb\"},\"inLanguage\":\"en-US\",\"potentialAction\":[{\"@type\":\"ReadAction\",\"target\":[\"https:\\\/\\\/www.cde.ual.es\\\/en\\\/new-measures-to-protect-eu-steel-market-from-global-overcapacity\\\/\"]}]},{\"@type\":\"ImageObject\",\"inLanguage\":\"en-US\",\"@id\":\"https:\\\/\\\/www.cde.ual.es\\\/en\\\/new-measures-to-protect-eu-steel-market-from-global-overcapacity\\\/#primaryimage\",\"url\":\"https:\\\/\\\/www.cde.ual.es\\\/wp-content\\\/uploads\\\/2025\\\/03\\\/piezas-metalicas-tratadas-revestimiento-zinc_342744-249.jpg\",\"contentUrl\":\"https:\\\/\\\/www.cde.ual.es\\\/wp-content\\\/uploads\\\/2025\\\/03\\\/piezas-metalicas-tratadas-revestimiento-zinc_342744-249.jpg\",\"width\":1060,\"height\":706},{\"@type\":\"BreadcrumbList\",\"@id\":\"https:\\\/\\\/www.cde.ual.es\\\/en\\\/new-measures-to-protect-eu-steel-market-from-global-overcapacity\\\/#breadcrumb\",\"itemListElement\":[{\"@type\":\"ListItem\",\"position\":1,\"name\":\"Inicio\",\"item\":\"https:\\\/\\\/www.cde.ual.es\\\/en\\\/\"},{\"@type\":\"ListItem\",\"position\":2,\"name\":\"EU News\",\"item\":\"https:\\\/\\\/www.cde.ual.es\\\/en\\\/category\\\/eu-news\\\/\"},{\"@type\":\"ListItem\",\"position\":3,\"name\":\"Market\",\"item\":\"https:\\\/\\\/www.cde.ual.es\\\/en\\\/category\\\/eu-news\\\/market\\\/\"},{\"@type\":\"ListItem\",\"position\":4,\"name\":\"Industry\",\"item\":\"https:\\\/\\\/www.cde.ual.es\\\/en\\\/category\\\/eu-news\\\/market\\\/industry\\\/\"},{\"@type\":\"ListItem\",\"position\":5,\"name\":\"New measures to protect EU steel market from global overcapacity\"}]},{\"@type\":\"WebSite\",\"@id\":\"https:\\\/\\\/www.cde.ual.es\\\/#website\",\"url\":\"https:\\\/\\\/www.cde.ual.es\\\/\",\"name\":\"CDE Almer\u00eda - Centro de Documentaci\u00f3n Europea - Universidad de Almer\u00eda\",\"description\":\"Centro de Documentaci\u00f3n Europea de la Universidad de Almer\u00eda\",\"publisher\":{\"@id\":\"https:\\\/\\\/www.cde.ual.es\\\/#organization\"},\"alternateName\":\"CDE Almer\u00eda\",\"potentialAction\":[{\"@type\":\"SearchAction\",\"target\":{\"@type\":\"EntryPoint\",\"urlTemplate\":\"https:\\\/\\\/www.cde.ual.es\\\/?s={search_term_string}\"},\"query-input\":{\"@type\":\"PropertyValueSpecification\",\"valueRequired\":true,\"valueName\":\"search_term_string\"}}],\"inLanguage\":\"en-US\"},{\"@type\":\"Organization\",\"@id\":\"https:\\\/\\\/www.cde.ual.es\\\/#organization\",\"name\":\"Centro de Documentaci\u00f3n Europea de Almer\u00eda\",\"url\":\"https:\\\/\\\/www.cde.ual.es\\\/\",\"logo\":{\"@type\":\"ImageObject\",\"inLanguage\":\"en-US\",\"@id\":\"https:\\\/\\\/www.cde.ual.es\\\/#\\\/schema\\\/logo\\\/image\\\/\",\"url\":\"https:\\\/\\\/www.cde.ual.es\\\/wp-content\\\/uploads\\\/2025\\\/07\\\/cde-logo-3.png\",\"contentUrl\":\"https:\\\/\\\/www.cde.ual.es\\\/wp-content\\\/uploads\\\/2025\\\/07\\\/cde-logo-3.png\",\"width\":1400,\"height\":300,\"caption\":\"Centro de Documentaci\u00f3n Europea de Almer\u00eda\"},\"image\":{\"@id\":\"https:\\\/\\\/www.cde.ual.es\\\/#\\\/schema\\\/logo\\\/image\\\/\"},\"sameAs\":[\"https:\\\/\\\/www.facebook.com\\\/cdeuniversidadalmeria\\\/\",\"https:\\\/\\\/x.com\\\/cdeualmeria\",\"https:\\\/\\\/www.tiktok.com\\\/@cdealmeria\",\"https:\\\/\\\/www.instagram.com\\\/cdealmeria\\\/\",\"https:\\\/\\\/www.linkedin.com\\\/in\\\/cde-almera-812b26a9\\\/\"]},{\"@type\":\"Person\",\"@id\":\"https:\\\/\\\/www.cde.ual.es\\\/#\\\/schema\\\/person\\\/224ef08c8bcc005f319d2713ce37ee5f\",\"name\":\"AdminCDE\",\"image\":{\"@type\":\"ImageObject\",\"inLanguage\":\"en-US\",\"@id\":\"https:\\\/\\\/secure.gravatar.com\\\/avatar\\\/a72d038d371f995cd13706fac32274b7952a52e8fb0a84b5f80c85426f2a98a8?s=96&d=mm&r=g\",\"url\":\"https:\\\/\\\/secure.gravatar.com\\\/avatar\\\/a72d038d371f995cd13706fac32274b7952a52e8fb0a84b5f80c85426f2a98a8?s=96&d=mm&r=g\",\"contentUrl\":\"https:\\\/\\\/secure.gravatar.com\\\/avatar\\\/a72d038d371f995cd13706fac32274b7952a52e8fb0a84b5f80c85426f2a98a8?s=96&d=mm&r=g\",\"caption\":\"AdminCDE\"}}]}<\/script>\n<!-- \/ Yoast SEO plugin. -->","yoast_head_json":{"title":"New measures to protect EU steel market from global overcapacity | CDE Almer\u00eda - Centro de Documentaci\u00f3n Europea - Universidad de Almer\u00eda","robots":{"index":"index","follow":"follow","max-snippet":"max-snippet:-1","max-image-preview":"max-image-preview:large","max-video-preview":"max-video-preview:-1"},"canonical":"https:\/\/www.cde.ual.es\/en\/new-measures-to-protect-eu-steel-market-from-global-overcapacity\/","og_locale":"en_US","og_type":"article","og_title":"New measures to protect EU steel market from global overcapacity | CDE Almer\u00eda - Centro de Documentaci\u00f3n Europea - Universidad de Almer\u00eda","og_description":"On Tuesday, the International Trade Committee adopted a series of measures to counteract the negative impact of global overproduction on the EU steel market. By 36 votes in favour and 2 against, with 5 abstentions, MEPs on the International Trade Committee have adopted their position on the\u00a0proposed regulation\u00a0to counteract the negative trade-related effects of the [&hellip;]","og_url":"https:\/\/www.cde.ual.es\/en\/new-measures-to-protect-eu-steel-market-from-global-overcapacity\/","og_site_name":"CDE Almer\u00eda - Centro de Documentaci\u00f3n Europea - Universidad de Almer\u00eda","article_publisher":"https:\/\/www.facebook.com\/cdeuniversidadalmeria\/","article_published_time":"2026-01-28T07:55:39+00:00","og_image":[{"width":1060,"height":706,"url":"https:\/\/www.cde.ual.es\/wp-content\/uploads\/2025\/03\/piezas-metalicas-tratadas-revestimiento-zinc_342744-249.jpg","type":"image\/jpeg"}],"author":"AdminCDE","twitter_card":"summary_large_image","twitter_creator":"@cdeualmeria","twitter_site":"@cdeualmeria","twitter_misc":{"Written by":"AdminCDE","Est. reading time":"3 minutes"},"schema":{"@context":"https:\/\/schema.org","@graph":[{"@type":"Article","@id":"https:\/\/www.cde.ual.es\/en\/new-measures-to-protect-eu-steel-market-from-global-overcapacity\/#article","isPartOf":{"@id":"https:\/\/www.cde.ual.es\/en\/new-measures-to-protect-eu-steel-market-from-global-overcapacity\/"},"author":{"name":"AdminCDE","@id":"https:\/\/www.cde.ual.es\/#\/schema\/person\/224ef08c8bcc005f319d2713ce37ee5f"},"headline":"New measures to protect EU steel market from global overcapacity","datePublished":"2026-01-28T07:55:39+00:00","mainEntityOfPage":{"@id":"https:\/\/www.cde.ual.es\/en\/new-measures-to-protect-eu-steel-market-from-global-overcapacity\/"},"wordCount":454,"commentCount":0,"publisher":{"@id":"https:\/\/www.cde.ual.es\/#organization"},"image":{"@id":"https:\/\/www.cde.ual.es\/en\/new-measures-to-protect-eu-steel-market-from-global-overcapacity\/#primaryimage"},"thumbnailUrl":"https:\/\/www.cde.ual.es\/wp-content\/uploads\/2025\/03\/piezas-metalicas-tratadas-revestimiento-zinc_342744-249.jpg","keywords":["European Parliament","European Union","global overcapacity","Industry","International Trade Committee","News","overproduction","steel","steel market"],"articleSection":["EU News","Industry","Market"],"inLanguage":"en-US","potentialAction":[{"@type":"CommentAction","name":"Comment","target":["https:\/\/www.cde.ual.es\/en\/new-measures-to-protect-eu-steel-market-from-global-overcapacity\/#respond"]}]},{"@type":"WebPage","@id":"https:\/\/www.cde.ual.es\/en\/new-measures-to-protect-eu-steel-market-from-global-overcapacity\/","url":"https:\/\/www.cde.ual.es\/en\/new-measures-to-protect-eu-steel-market-from-global-overcapacity\/","name":"New measures to protect EU steel market from global overcapacity | CDE Almer\u00eda - Centro de Documentaci\u00f3n Europea - Universidad de Almer\u00eda","isPartOf":{"@id":"https:\/\/www.cde.ual.es\/#website"},"primaryImageOfPage":{"@id":"https:\/\/www.cde.ual.es\/en\/new-measures-to-protect-eu-steel-market-from-global-overcapacity\/#primaryimage"},"image":{"@id":"https:\/\/www.cde.ual.es\/en\/new-measures-to-protect-eu-steel-market-from-global-overcapacity\/#primaryimage"},"thumbnailUrl":"https:\/\/www.cde.ual.es\/wp-content\/uploads\/2025\/03\/piezas-metalicas-tratadas-revestimiento-zinc_342744-249.jpg","datePublished":"2026-01-28T07:55:39+00:00","breadcrumb":{"@id":"https:\/\/www.cde.ual.es\/en\/new-measures-to-protect-eu-steel-market-from-global-overcapacity\/#breadcrumb"},"inLanguage":"en-US","potentialAction":[{"@type":"ReadAction","target":["https:\/\/www.cde.ual.es\/en\/new-measures-to-protect-eu-steel-market-from-global-overcapacity\/"]}]},{"@type":"ImageObject","inLanguage":"en-US","@id":"https:\/\/www.cde.ual.es\/en\/new-measures-to-protect-eu-steel-market-from-global-overcapacity\/#primaryimage","url":"https:\/\/www.cde.ual.es\/wp-content\/uploads\/2025\/03\/piezas-metalicas-tratadas-revestimiento-zinc_342744-249.jpg","contentUrl":"https:\/\/www.cde.ual.es\/wp-content\/uploads\/2025\/03\/piezas-metalicas-tratadas-revestimiento-zinc_342744-249.jpg","width":1060,"height":706},{"@type":"BreadcrumbList","@id":"https:\/\/www.cde.ual.es\/en\/new-measures-to-protect-eu-steel-market-from-global-overcapacity\/#breadcrumb","itemListElement":[{"@type":"ListItem","position":1,"name":"Inicio","item":"https:\/\/www.cde.ual.es\/en\/"},{"@type":"ListItem","position":2,"name":"EU News","item":"https:\/\/www.cde.ual.es\/en\/category\/eu-news\/"},{"@type":"ListItem","position":3,"name":"Market","item":"https:\/\/www.cde.ual.es\/en\/category\/eu-news\/market\/"},{"@type":"ListItem","position":4,"name":"Industry","item":"https:\/\/www.cde.ual.es\/en\/category\/eu-news\/market\/industry\/"},{"@type":"ListItem","position":5,"name":"New measures to protect EU steel market from global overcapacity"}]},{"@type":"WebSite","@id":"https:\/\/www.cde.ual.es\/#website","url":"https:\/\/www.cde.ual.es\/","name":"CDE Almer\u00eda - Centro de Documentaci\u00f3n Europea - Universidad de Almer\u00eda","description":"Centro de Documentaci\u00f3n Europea de la Universidad de Almer\u00eda","publisher":{"@id":"https:\/\/www.cde.ual.es\/#organization"},"alternateName":"CDE Almer\u00eda","potentialAction":[{"@type":"SearchAction","target":{"@type":"EntryPoint","urlTemplate":"https:\/\/www.cde.ual.es\/?s={search_term_string}"},"query-input":{"@type":"PropertyValueSpecification","valueRequired":true,"valueName":"search_term_string"}}],"inLanguage":"en-US"},{"@type":"Organization","@id":"https:\/\/www.cde.ual.es\/#organization","name":"Centro de Documentaci\u00f3n Europea de Almer\u00eda","url":"https:\/\/www.cde.ual.es\/","logo":{"@type":"ImageObject","inLanguage":"en-US","@id":"https:\/\/www.cde.ual.es\/#\/schema\/logo\/image\/","url":"https:\/\/www.cde.ual.es\/wp-content\/uploads\/2025\/07\/cde-logo-3.png","contentUrl":"https:\/\/www.cde.ual.es\/wp-content\/uploads\/2025\/07\/cde-logo-3.png","width":1400,"height":300,"caption":"Centro de Documentaci\u00f3n Europea de Almer\u00eda"},"image":{"@id":"https:\/\/www.cde.ual.es\/#\/schema\/logo\/image\/"},"sameAs":["https:\/\/www.facebook.com\/cdeuniversidadalmeria\/","https:\/\/x.com\/cdeualmeria","https:\/\/www.tiktok.com\/@cdealmeria","https:\/\/www.instagram.com\/cdealmeria\/","https:\/\/www.linkedin.com\/in\/cde-almera-812b26a9\/"]},{"@type":"Person","@id":"https:\/\/www.cde.ual.es\/#\/schema\/person\/224ef08c8bcc005f319d2713ce37ee5f","name":"AdminCDE","image":{"@type":"ImageObject","inLanguage":"en-US","@id":"https:\/\/secure.gravatar.com\/avatar\/a72d038d371f995cd13706fac32274b7952a52e8fb0a84b5f80c85426f2a98a8?s=96&d=mm&r=g","url":"https:\/\/secure.gravatar.com\/avatar\/a72d038d371f995cd13706fac32274b7952a52e8fb0a84b5f80c85426f2a98a8?s=96&d=mm&r=g","contentUrl":"https:\/\/secure.gravatar.com\/avatar\/a72d038d371f995cd13706fac32274b7952a52e8fb0a84b5f80c85426f2a98a8?s=96&d=mm&r=g","caption":"AdminCDE"}}]}},"_links":{"self":[{"href":"https:\/\/www.cde.ual.es\/en\/wp-json\/wp\/v2\/posts\/165016","targetHints":{"allow":["GET"]}}],"collection":[{"href":"https:\/\/www.cde.ual.es\/en\/wp-json\/wp\/v2\/posts"}],"about":[{"href":"https:\/\/www.cde.ual.es\/en\/wp-json\/wp\/v2\/types\/post"}],"author":[{"embeddable":true,"href":"https:\/\/www.cde.ual.es\/en\/wp-json\/wp\/v2\/users\/1"}],"replies":[{"embeddable":true,"href":"https:\/\/www.cde.ual.es\/en\/wp-json\/wp\/v2\/comments?post=165016"}],"version-history":[{"count":1,"href":"https:\/\/www.cde.ual.es\/en\/wp-json\/wp\/v2\/posts\/165016\/revisions"}],"predecessor-version":[{"id":165018,"href":"https:\/\/www.cde.ual.es\/en\/wp-json\/wp\/v2\/posts\/165016\/revisions\/165018"}],"wp:featuredmedia":[{"embeddable":true,"href":"https:\/\/www.cde.ual.es\/en\/wp-json\/wp\/v2\/media\/158005"}],"wp:attachment":[{"href":"https:\/\/www.cde.ual.es\/en\/wp-json\/wp\/v2\/media?parent=165016"}],"wp:term":[{"taxonomy":"category","embeddable":true,"href":"https:\/\/www.cde.ual.es\/en\/wp-json\/wp\/v2\/categories?post=165016"},{"taxonomy":"post_tag","embeddable":true,"href":"https:\/\/www.cde.ual.es\/en\/wp-json\/wp\/v2\/tags?post=165016"}],"curies":[{"name":"wp","href":"https:\/\/api.w.org\/{rel}","templated":true}]}}