{"id":1648,"date":"2017-03-22T10:33:57","date_gmt":"2017-03-22T09:33:57","guid":{"rendered":"http:\/\/www.cde.ual.es\/?p=1648"},"modified":"2017-03-22T10:47:25","modified_gmt":"2017-03-22T09:47:25","slug":"reino-unido-fija-el-29-de-marzo-para-comenzar-la-desconexion-con-la-ue","status":"publish","type":"post","link":"https:\/\/www.cde.ual.es\/en\/reino-unido-fija-el-29-de-marzo-para-comenzar-la-desconexion-con-la-ue\/","title":{"rendered":"Reino Unido fija el 29 de Marzo para comenzar la desconexi\u00f3n con la UE"},"content":{"rendered":"<p style=\"text-align: justify;\">Cerca de <strong>nueve meses despu\u00e9s del refer\u00e9ndum<\/strong> sobre el abandono de la Uni\u00f3n Europea por parte del Reino Unido, este pa\u00eds iniciar\u00e1 las negociaciones para su <strong>salida el pr\u00f3ximo d\u00eda 29 del presente mes<\/strong>.<\/p>\n<p><img decoding=\"async\" class=\"wp-image-1649 alignright\" src=\"http:\/\/www.cde.ual.es\/wp-content\/uploads\/2017\/03\/eu-1473958_1920-150x150.png\" alt=\"\" width=\"272\" height=\"272\" srcset=\"https:\/\/www.cde.ual.es\/wp-content\/uploads\/2017\/03\/eu-1473958_1920-150x150.png 150w, https:\/\/www.cde.ual.es\/wp-content\/uploads\/2017\/03\/eu-1473958_1920-300x300.png 300w, https:\/\/www.cde.ual.es\/wp-content\/uploads\/2017\/03\/eu-1473958_1920-1024x1024.png 1024w\" sizes=\"(max-width: 272px) 100vw, 272px\" \/><\/p>\n<p style=\"text-align: justify;\">Resulta un tanto parad\u00f3jico que la fecha casi coincida con la celebraci\u00f3n del <strong>aniversario del Tratado de Roma, origen de la actual Uni\u00f3n Europea,<\/strong> y que sea esta vez un pa\u00eds el que la abandona.<\/p>\n<p style=\"text-align: justify;\">Desde ese d\u00eda, Bruselas y Londres dispondr\u00e1n de dos a\u00f1os para cerrar las negociaciones sobre el abandono.<\/p>\n<p style=\"text-align: justify;\">Ese d\u00eda la primera ministra brit\u00e1nica informar\u00e1 a su Parlamento de que invocar\u00e1 <strong>el art\u00edculo 50 que iniciar\u00e1 el proceso de desconexi\u00f3n.<\/strong> La petici\u00f3n se har\u00e1 oficial mediante escrito al Consejo Europeo que se dar\u00e1 por enterado y \u00e9ste dar\u00e1 a conocer la hoja de ruta de las negociaciones, o al menos un borrador del mismo.<\/p>\n<p style=\"text-align: justify;\">El ministro brit\u00e1nico a cargo de las negociaciones, David Davis, ha manifestado que<em> \u201cel gobierno es claro sobre sus objetivos: un acuerdo que funcione para cada naci\u00f3n y regi\u00f3n del Reino Unido y ciertamente para toda Europa. Una relaci\u00f3n nueva, positiva, entre el Reino Unido y nuestros amigos y aliados en la Uni\u00f3n Europea\u201d<\/em><\/p>\n<p style=\"text-align: justify;\">Las negociaciones no van a estar exentas de cuestiones complicadas. Una de las m\u00e1s complicadas es la de los <strong>derechos que van a tener o perder los ciudadanos de las dos partes,<\/strong> dado el volumen de intercambio entre unos y otros.<\/p>\n<p style=\"text-align: justify;\">Por su parte, el Reino Unido se ve sometido tambi\u00e9n por la <strong>presi\u00f3n que los independentistas<\/strong> escoceses est\u00e1n dando al gobierno brit\u00e1nico \u00a0solicitando un nuevo refer\u00e9ndum de independencia, puesto que en el del \u201cbrexit\u201d, <strong>votaron mayoritariamente por seguir perteneciendo a la UE.<\/strong><\/p>\n<pre style=\"text-align: justify;\"><a href=\"http:\/\/www.rtve.es\/noticias\/20170320\/may-activara-brexit-proximo-29-marzo\/1506863.shtml\" target=\"_blank\">M\u00e1s informaci\u00f3n<\/a><\/pre>\n","protected":false},"excerpt":{"rendered":"<p>Cerca de nueve meses despu\u00e9s del refer\u00e9ndum sobre el abandono de la Uni\u00f3n Europea por parte del Reino Unido, este pa\u00eds iniciar\u00e1 las negociaciones para su salida el pr\u00f3ximo d\u00eda 29 del presente mes. Resulta un tanto parad\u00f3jico que la fecha casi coincida con la celebraci\u00f3n del aniversario del Tratado de Roma, origen de la [&hellip;]<\/p>\n","protected":false},"author":1,"featured_media":0,"comment_status":"open","ping_status":"open","sticky":false,"template":"","format":"standard","meta":{"_acf_changed":false,"_relevanssi_hide_post":"","_relevanssi_hide_content":"","_relevanssi_pin_for_all":"","_relevanssi_pin_keywords":"","_relevanssi_unpin_keywords":"","_relevanssi_related_keywords":"","_relevanssi_related_include_ids":"","_relevanssi_related_exclude_ids":"","_relevanssi_related_no_append":"","_relevanssi_related_not_related":"","_relevanssi_related_posts":"","_relevanssi_noindex_reason":"","_monsterinsights_skip_tracking":false,"_monsterinsights_sitenote_active":false,"_monsterinsights_sitenote_note":"","_monsterinsights_sitenote_category":0,"_genesis_hide_title":false,"_genesis_hide_breadcrumbs":false,"_genesis_hide_singular_image":false,"_genesis_hide_footer_widgets":false,"_genesis_custom_body_class":"","_genesis_custom_post_class":"","_genesis_layout":"","footnotes":""},"categories":[1],"tags":[],"class_list":{"0":"post-1648","1":"post","2":"type-post","3":"status-publish","4":"format-standard","6":"category-sin-categorizar","7":"entry","8":"has-post-thumbnail"},"acf":[],"yoast_head":"<!-- This site is optimized with the Yoast SEO plugin v27.4 - https:\/\/yoast.com\/product\/yoast-seo-wordpress\/ -->\n<title>Reino Unido fija el 29 de Marzo para comenzar la desconexi\u00f3n con la UE | CDE Almer\u00eda - Centro de Documentaci\u00f3n Europea - Universidad de Almer\u00eda<\/title>\n<meta name=\"robots\" content=\"index, follow, max-snippet:-1, max-image-preview:large, max-video-preview:-1\" \/>\n<link rel=\"canonical\" href=\"https:\/\/www.cde.ual.es\/reino-unido-fija-el-29-de-marzo-para-comenzar-la-desconexion-con-la-ue\/\" \/>\n<meta property=\"og:locale\" content=\"en_US\" \/>\n<meta property=\"og:type\" content=\"article\" \/>\n<meta property=\"og:title\" content=\"Reino Unido fija el 29 de Marzo para comenzar la desconexi\u00f3n con la UE | CDE Almer\u00eda - Centro de Documentaci\u00f3n Europea - Universidad de Almer\u00eda\" \/>\n<meta property=\"og:description\" content=\"Cerca de nueve meses despu\u00e9s del refer\u00e9ndum sobre el abandono de la Uni\u00f3n Europea por parte del Reino Unido, este pa\u00eds iniciar\u00e1 las negociaciones para su salida el pr\u00f3ximo d\u00eda 29 del presente mes. Resulta un tanto parad\u00f3jico que la fecha casi coincida con la celebraci\u00f3n del aniversario del Tratado de Roma, origen de la [&hellip;]\" \/>\n<meta property=\"og:url\" content=\"https:\/\/www.cde.ual.es\/reino-unido-fija-el-29-de-marzo-para-comenzar-la-desconexion-con-la-ue\/\" \/>\n<meta property=\"og:site_name\" content=\"CDE Almer\u00eda - Centro de Documentaci\u00f3n Europea - Universidad de Almer\u00eda\" \/>\n<meta property=\"article:publisher\" content=\"https:\/\/www.facebook.com\/cdeuniversidadalmeria\/\" \/>\n<meta property=\"article:published_time\" content=\"2017-03-22T09:33:57+00:00\" \/>\n<meta property=\"article:modified_time\" content=\"2017-03-22T09:47:25+00:00\" \/>\n<meta property=\"og:image\" content=\"http:\/\/www.cde.ual.es\/wp-content\/uploads\/2017\/03\/eu-1473958_1920-150x150.png\" \/>\n<meta name=\"author\" content=\"AdminCDE\" \/>\n<meta name=\"twitter:card\" content=\"summary_large_image\" \/>\n<meta name=\"twitter:creator\" content=\"@cdeualmeria\" \/>\n<meta name=\"twitter:site\" content=\"@cdeualmeria\" \/>\n<meta name=\"twitter:label1\" content=\"Written by\" \/>\n\t<meta name=\"twitter:data1\" content=\"AdminCDE\" \/>\n\t<meta name=\"twitter:label2\" content=\"Est. reading time\" \/>\n\t<meta name=\"twitter:data2\" content=\"2 minutes\" \/>\n<script type=\"application\/ld+json\" class=\"yoast-schema-graph\">{\"@context\":\"https:\\\/\\\/schema.org\",\"@graph\":[{\"@type\":\"Article\",\"@id\":\"https:\\\/\\\/www.cde.ual.es\\\/reino-unido-fija-el-29-de-marzo-para-comenzar-la-desconexion-con-la-ue\\\/#article\",\"isPartOf\":{\"@id\":\"https:\\\/\\\/www.cde.ual.es\\\/reino-unido-fija-el-29-de-marzo-para-comenzar-la-desconexion-con-la-ue\\\/\"},\"author\":{\"name\":\"AdminCDE\",\"@id\":\"https:\\\/\\\/www.cde.ual.es\\\/#\\\/schema\\\/person\\\/224ef08c8bcc005f319d2713ce37ee5f\"},\"headline\":\"Reino Unido fija el 29 de Marzo para comenzar la desconexi\u00f3n con la UE\",\"datePublished\":\"2017-03-22T09:33:57+00:00\",\"dateModified\":\"2017-03-22T09:47:25+00:00\",\"mainEntityOfPage\":{\"@id\":\"https:\\\/\\\/www.cde.ual.es\\\/reino-unido-fija-el-29-de-marzo-para-comenzar-la-desconexion-con-la-ue\\\/\"},\"wordCount\":320,\"commentCount\":0,\"publisher\":{\"@id\":\"https:\\\/\\\/www.cde.ual.es\\\/#organization\"},\"image\":{\"@id\":\"https:\\\/\\\/www.cde.ual.es\\\/reino-unido-fija-el-29-de-marzo-para-comenzar-la-desconexion-con-la-ue\\\/#primaryimage\"},\"thumbnailUrl\":\"http:\\\/\\\/www.cde.ual.es\\\/wp-content\\\/uploads\\\/2017\\\/03\\\/eu-1473958_1920-150x150.png\",\"articleSection\":[\"Sin categorizar\"],\"inLanguage\":\"en-US\",\"potentialAction\":[{\"@type\":\"CommentAction\",\"name\":\"Comment\",\"target\":[\"https:\\\/\\\/www.cde.ual.es\\\/reino-unido-fija-el-29-de-marzo-para-comenzar-la-desconexion-con-la-ue\\\/#respond\"]}]},{\"@type\":\"WebPage\",\"@id\":\"https:\\\/\\\/www.cde.ual.es\\\/reino-unido-fija-el-29-de-marzo-para-comenzar-la-desconexion-con-la-ue\\\/\",\"url\":\"https:\\\/\\\/www.cde.ual.es\\\/reino-unido-fija-el-29-de-marzo-para-comenzar-la-desconexion-con-la-ue\\\/\",\"name\":\"Reino Unido fija el 29 de Marzo para comenzar la desconexi\u00f3n con la UE | CDE Almer\u00eda - Centro de Documentaci\u00f3n Europea - Universidad de Almer\u00eda\",\"isPartOf\":{\"@id\":\"https:\\\/\\\/www.cde.ual.es\\\/#website\"},\"primaryImageOfPage\":{\"@id\":\"https:\\\/\\\/www.cde.ual.es\\\/reino-unido-fija-el-29-de-marzo-para-comenzar-la-desconexion-con-la-ue\\\/#primaryimage\"},\"image\":{\"@id\":\"https:\\\/\\\/www.cde.ual.es\\\/reino-unido-fija-el-29-de-marzo-para-comenzar-la-desconexion-con-la-ue\\\/#primaryimage\"},\"thumbnailUrl\":\"http:\\\/\\\/www.cde.ual.es\\\/wp-content\\\/uploads\\\/2017\\\/03\\\/eu-1473958_1920-150x150.png\",\"datePublished\":\"2017-03-22T09:33:57+00:00\",\"dateModified\":\"2017-03-22T09:47:25+00:00\",\"breadcrumb\":{\"@id\":\"https:\\\/\\\/www.cde.ual.es\\\/reino-unido-fija-el-29-de-marzo-para-comenzar-la-desconexion-con-la-ue\\\/#breadcrumb\"},\"inLanguage\":\"en-US\",\"potentialAction\":[{\"@type\":\"ReadAction\",\"target\":[\"https:\\\/\\\/www.cde.ual.es\\\/reino-unido-fija-el-29-de-marzo-para-comenzar-la-desconexion-con-la-ue\\\/\"]}]},{\"@type\":\"ImageObject\",\"inLanguage\":\"en-US\",\"@id\":\"https:\\\/\\\/www.cde.ual.es\\\/reino-unido-fija-el-29-de-marzo-para-comenzar-la-desconexion-con-la-ue\\\/#primaryimage\",\"url\":\"http:\\\/\\\/www.cde.ual.es\\\/wp-content\\\/uploads\\\/2017\\\/03\\\/eu-1473958_1920-150x150.png\",\"contentUrl\":\"http:\\\/\\\/www.cde.ual.es\\\/wp-content\\\/uploads\\\/2017\\\/03\\\/eu-1473958_1920-150x150.png\"},{\"@type\":\"BreadcrumbList\",\"@id\":\"https:\\\/\\\/www.cde.ual.es\\\/reino-unido-fija-el-29-de-marzo-para-comenzar-la-desconexion-con-la-ue\\\/#breadcrumb\",\"itemListElement\":[{\"@type\":\"ListItem\",\"position\":1,\"name\":\"Inicio\",\"item\":\"https:\\\/\\\/www.cde.ual.es\\\/en\\\/\"},{\"@type\":\"ListItem\",\"position\":2,\"name\":\"Sin categorizar\",\"item\":\"https:\\\/\\\/www.cde.ual.es\\\/category\\\/sin-categorizar\\\/\"},{\"@type\":\"ListItem\",\"position\":3,\"name\":\"Reino Unido fija el 29 de Marzo para comenzar la desconexi\u00f3n con la UE\"}]},{\"@type\":\"WebSite\",\"@id\":\"https:\\\/\\\/www.cde.ual.es\\\/#website\",\"url\":\"https:\\\/\\\/www.cde.ual.es\\\/\",\"name\":\"CDE Almer\u00eda - Centro de Documentaci\u00f3n Europea - Universidad de Almer\u00eda\",\"description\":\"Centro de Documentaci\u00f3n Europea de la Universidad de Almer\u00eda\",\"publisher\":{\"@id\":\"https:\\\/\\\/www.cde.ual.es\\\/#organization\"},\"alternateName\":\"CDE Almer\u00eda\",\"potentialAction\":[{\"@type\":\"SearchAction\",\"target\":{\"@type\":\"EntryPoint\",\"urlTemplate\":\"https:\\\/\\\/www.cde.ual.es\\\/?s={search_term_string}\"},\"query-input\":{\"@type\":\"PropertyValueSpecification\",\"valueRequired\":true,\"valueName\":\"search_term_string\"}}],\"inLanguage\":\"en-US\"},{\"@type\":\"Organization\",\"@id\":\"https:\\\/\\\/www.cde.ual.es\\\/#organization\",\"name\":\"Centro de Documentaci\u00f3n Europea de Almer\u00eda\",\"url\":\"https:\\\/\\\/www.cde.ual.es\\\/\",\"logo\":{\"@type\":\"ImageObject\",\"inLanguage\":\"en-US\",\"@id\":\"https:\\\/\\\/www.cde.ual.es\\\/#\\\/schema\\\/logo\\\/image\\\/\",\"url\":\"https:\\\/\\\/www.cde.ual.es\\\/wp-content\\\/uploads\\\/2025\\\/07\\\/cde-logo-3.png\",\"contentUrl\":\"https:\\\/\\\/www.cde.ual.es\\\/wp-content\\\/uploads\\\/2025\\\/07\\\/cde-logo-3.png\",\"width\":1400,\"height\":300,\"caption\":\"Centro de Documentaci\u00f3n Europea de Almer\u00eda\"},\"image\":{\"@id\":\"https:\\\/\\\/www.cde.ual.es\\\/#\\\/schema\\\/logo\\\/image\\\/\"},\"sameAs\":[\"https:\\\/\\\/www.facebook.com\\\/cdeuniversidadalmeria\\\/\",\"https:\\\/\\\/x.com\\\/cdeualmeria\",\"https:\\\/\\\/www.tiktok.com\\\/@cdealmeria\",\"https:\\\/\\\/www.instagram.com\\\/cdealmeria\\\/\",\"https:\\\/\\\/www.linkedin.com\\\/in\\\/cde-almera-812b26a9\\\/\"]},{\"@type\":\"Person\",\"@id\":\"https:\\\/\\\/www.cde.ual.es\\\/#\\\/schema\\\/person\\\/224ef08c8bcc005f319d2713ce37ee5f\",\"name\":\"AdminCDE\",\"image\":{\"@type\":\"ImageObject\",\"inLanguage\":\"en-US\",\"@id\":\"https:\\\/\\\/secure.gravatar.com\\\/avatar\\\/a72d038d371f995cd13706fac32274b7952a52e8fb0a84b5f80c85426f2a98a8?s=96&d=mm&r=g\",\"url\":\"https:\\\/\\\/secure.gravatar.com\\\/avatar\\\/a72d038d371f995cd13706fac32274b7952a52e8fb0a84b5f80c85426f2a98a8?s=96&d=mm&r=g\",\"contentUrl\":\"https:\\\/\\\/secure.gravatar.com\\\/avatar\\\/a72d038d371f995cd13706fac32274b7952a52e8fb0a84b5f80c85426f2a98a8?s=96&d=mm&r=g\",\"caption\":\"AdminCDE\"}}]}<\/script>\n<!-- \/ Yoast SEO plugin. -->","yoast_head_json":{"title":"Reino Unido fija el 29 de Marzo para comenzar la desconexi\u00f3n con la UE | CDE Almer\u00eda - Centro de Documentaci\u00f3n Europea - Universidad de Almer\u00eda","robots":{"index":"index","follow":"follow","max-snippet":"max-snippet:-1","max-image-preview":"max-image-preview:large","max-video-preview":"max-video-preview:-1"},"canonical":"https:\/\/www.cde.ual.es\/reino-unido-fija-el-29-de-marzo-para-comenzar-la-desconexion-con-la-ue\/","og_locale":"en_US","og_type":"article","og_title":"Reino Unido fija el 29 de Marzo para comenzar la desconexi\u00f3n con la UE | CDE Almer\u00eda - Centro de Documentaci\u00f3n Europea - Universidad de Almer\u00eda","og_description":"Cerca de nueve meses despu\u00e9s del refer\u00e9ndum sobre el abandono de la Uni\u00f3n Europea por parte del Reino Unido, este pa\u00eds iniciar\u00e1 las negociaciones para su salida el pr\u00f3ximo d\u00eda 29 del presente mes. Resulta un tanto parad\u00f3jico que la fecha casi coincida con la celebraci\u00f3n del aniversario del Tratado de Roma, origen de la [&hellip;]","og_url":"https:\/\/www.cde.ual.es\/reino-unido-fija-el-29-de-marzo-para-comenzar-la-desconexion-con-la-ue\/","og_site_name":"CDE Almer\u00eda - Centro de Documentaci\u00f3n Europea - Universidad de Almer\u00eda","article_publisher":"https:\/\/www.facebook.com\/cdeuniversidadalmeria\/","article_published_time":"2017-03-22T09:33:57+00:00","article_modified_time":"2017-03-22T09:47:25+00:00","og_image":[{"url":"http:\/\/www.cde.ual.es\/wp-content\/uploads\/2017\/03\/eu-1473958_1920-150x150.png","type":"","width":"","height":""}],"author":"AdminCDE","twitter_card":"summary_large_image","twitter_creator":"@cdeualmeria","twitter_site":"@cdeualmeria","twitter_misc":{"Written by":"AdminCDE","Est. reading time":"2 minutes"},"schema":{"@context":"https:\/\/schema.org","@graph":[{"@type":"Article","@id":"https:\/\/www.cde.ual.es\/reino-unido-fija-el-29-de-marzo-para-comenzar-la-desconexion-con-la-ue\/#article","isPartOf":{"@id":"https:\/\/www.cde.ual.es\/reino-unido-fija-el-29-de-marzo-para-comenzar-la-desconexion-con-la-ue\/"},"author":{"name":"AdminCDE","@id":"https:\/\/www.cde.ual.es\/#\/schema\/person\/224ef08c8bcc005f319d2713ce37ee5f"},"headline":"Reino Unido fija el 29 de Marzo para comenzar la desconexi\u00f3n con la UE","datePublished":"2017-03-22T09:33:57+00:00","dateModified":"2017-03-22T09:47:25+00:00","mainEntityOfPage":{"@id":"https:\/\/www.cde.ual.es\/reino-unido-fija-el-29-de-marzo-para-comenzar-la-desconexion-con-la-ue\/"},"wordCount":320,"commentCount":0,"publisher":{"@id":"https:\/\/www.cde.ual.es\/#organization"},"image":{"@id":"https:\/\/www.cde.ual.es\/reino-unido-fija-el-29-de-marzo-para-comenzar-la-desconexion-con-la-ue\/#primaryimage"},"thumbnailUrl":"http:\/\/www.cde.ual.es\/wp-content\/uploads\/2017\/03\/eu-1473958_1920-150x150.png","articleSection":["Sin categorizar"],"inLanguage":"en-US","potentialAction":[{"@type":"CommentAction","name":"Comment","target":["https:\/\/www.cde.ual.es\/reino-unido-fija-el-29-de-marzo-para-comenzar-la-desconexion-con-la-ue\/#respond"]}]},{"@type":"WebPage","@id":"https:\/\/www.cde.ual.es\/reino-unido-fija-el-29-de-marzo-para-comenzar-la-desconexion-con-la-ue\/","url":"https:\/\/www.cde.ual.es\/reino-unido-fija-el-29-de-marzo-para-comenzar-la-desconexion-con-la-ue\/","name":"Reino Unido fija el 29 de Marzo para comenzar la desconexi\u00f3n con la UE | CDE Almer\u00eda - Centro de Documentaci\u00f3n Europea - Universidad de Almer\u00eda","isPartOf":{"@id":"https:\/\/www.cde.ual.es\/#website"},"primaryImageOfPage":{"@id":"https:\/\/www.cde.ual.es\/reino-unido-fija-el-29-de-marzo-para-comenzar-la-desconexion-con-la-ue\/#primaryimage"},"image":{"@id":"https:\/\/www.cde.ual.es\/reino-unido-fija-el-29-de-marzo-para-comenzar-la-desconexion-con-la-ue\/#primaryimage"},"thumbnailUrl":"http:\/\/www.cde.ual.es\/wp-content\/uploads\/2017\/03\/eu-1473958_1920-150x150.png","datePublished":"2017-03-22T09:33:57+00:00","dateModified":"2017-03-22T09:47:25+00:00","breadcrumb":{"@id":"https:\/\/www.cde.ual.es\/reino-unido-fija-el-29-de-marzo-para-comenzar-la-desconexion-con-la-ue\/#breadcrumb"},"inLanguage":"en-US","potentialAction":[{"@type":"ReadAction","target":["https:\/\/www.cde.ual.es\/reino-unido-fija-el-29-de-marzo-para-comenzar-la-desconexion-con-la-ue\/"]}]},{"@type":"ImageObject","inLanguage":"en-US","@id":"https:\/\/www.cde.ual.es\/reino-unido-fija-el-29-de-marzo-para-comenzar-la-desconexion-con-la-ue\/#primaryimage","url":"http:\/\/www.cde.ual.es\/wp-content\/uploads\/2017\/03\/eu-1473958_1920-150x150.png","contentUrl":"http:\/\/www.cde.ual.es\/wp-content\/uploads\/2017\/03\/eu-1473958_1920-150x150.png"},{"@type":"BreadcrumbList","@id":"https:\/\/www.cde.ual.es\/reino-unido-fija-el-29-de-marzo-para-comenzar-la-desconexion-con-la-ue\/#breadcrumb","itemListElement":[{"@type":"ListItem","position":1,"name":"Inicio","item":"https:\/\/www.cde.ual.es\/en\/"},{"@type":"ListItem","position":2,"name":"Sin categorizar","item":"https:\/\/www.cde.ual.es\/category\/sin-categorizar\/"},{"@type":"ListItem","position":3,"name":"Reino Unido fija el 29 de Marzo para comenzar la desconexi\u00f3n con la UE"}]},{"@type":"WebSite","@id":"https:\/\/www.cde.ual.es\/#website","url":"https:\/\/www.cde.ual.es\/","name":"CDE Almer\u00eda - Centro de Documentaci\u00f3n Europea - Universidad de Almer\u00eda","description":"Centro de Documentaci\u00f3n Europea de la Universidad de Almer\u00eda","publisher":{"@id":"https:\/\/www.cde.ual.es\/#organization"},"alternateName":"CDE Almer\u00eda","potentialAction":[{"@type":"SearchAction","target":{"@type":"EntryPoint","urlTemplate":"https:\/\/www.cde.ual.es\/?s={search_term_string}"},"query-input":{"@type":"PropertyValueSpecification","valueRequired":true,"valueName":"search_term_string"}}],"inLanguage":"en-US"},{"@type":"Organization","@id":"https:\/\/www.cde.ual.es\/#organization","name":"Centro de Documentaci\u00f3n Europea de Almer\u00eda","url":"https:\/\/www.cde.ual.es\/","logo":{"@type":"ImageObject","inLanguage":"en-US","@id":"https:\/\/www.cde.ual.es\/#\/schema\/logo\/image\/","url":"https:\/\/www.cde.ual.es\/wp-content\/uploads\/2025\/07\/cde-logo-3.png","contentUrl":"https:\/\/www.cde.ual.es\/wp-content\/uploads\/2025\/07\/cde-logo-3.png","width":1400,"height":300,"caption":"Centro de Documentaci\u00f3n Europea de Almer\u00eda"},"image":{"@id":"https:\/\/www.cde.ual.es\/#\/schema\/logo\/image\/"},"sameAs":["https:\/\/www.facebook.com\/cdeuniversidadalmeria\/","https:\/\/x.com\/cdeualmeria","https:\/\/www.tiktok.com\/@cdealmeria","https:\/\/www.instagram.com\/cdealmeria\/","https:\/\/www.linkedin.com\/in\/cde-almera-812b26a9\/"]},{"@type":"Person","@id":"https:\/\/www.cde.ual.es\/#\/schema\/person\/224ef08c8bcc005f319d2713ce37ee5f","name":"AdminCDE","image":{"@type":"ImageObject","inLanguage":"en-US","@id":"https:\/\/secure.gravatar.com\/avatar\/a72d038d371f995cd13706fac32274b7952a52e8fb0a84b5f80c85426f2a98a8?s=96&d=mm&r=g","url":"https:\/\/secure.gravatar.com\/avatar\/a72d038d371f995cd13706fac32274b7952a52e8fb0a84b5f80c85426f2a98a8?s=96&d=mm&r=g","contentUrl":"https:\/\/secure.gravatar.com\/avatar\/a72d038d371f995cd13706fac32274b7952a52e8fb0a84b5f80c85426f2a98a8?s=96&d=mm&r=g","caption":"AdminCDE"}}]}},"_links":{"self":[{"href":"https:\/\/www.cde.ual.es\/en\/wp-json\/wp\/v2\/posts\/1648","targetHints":{"allow":["GET"]}}],"collection":[{"href":"https:\/\/www.cde.ual.es\/en\/wp-json\/wp\/v2\/posts"}],"about":[{"href":"https:\/\/www.cde.ual.es\/en\/wp-json\/wp\/v2\/types\/post"}],"author":[{"embeddable":true,"href":"https:\/\/www.cde.ual.es\/en\/wp-json\/wp\/v2\/users\/1"}],"replies":[{"embeddable":true,"href":"https:\/\/www.cde.ual.es\/en\/wp-json\/wp\/v2\/comments?post=1648"}],"version-history":[{"count":0,"href":"https:\/\/www.cde.ual.es\/en\/wp-json\/wp\/v2\/posts\/1648\/revisions"}],"wp:attachment":[{"href":"https:\/\/www.cde.ual.es\/en\/wp-json\/wp\/v2\/media?parent=1648"}],"wp:term":[{"taxonomy":"category","embeddable":true,"href":"https:\/\/www.cde.ual.es\/en\/wp-json\/wp\/v2\/categories?post=1648"},{"taxonomy":"post_tag","embeddable":true,"href":"https:\/\/www.cde.ual.es\/en\/wp-json\/wp\/v2\/tags?post=1648"}],"curies":[{"name":"wp","href":"https:\/\/api.w.org\/{rel}","templated":true}]}}