{"id":164440,"date":"2026-01-08T09:06:10","date_gmt":"2026-01-08T08:06:10","guid":{"rendered":"https:\/\/www.cde.ual.es\/?p=164440"},"modified":"2026-01-08T09:06:28","modified_gmt":"2026-01-08T08:06:28","slug":"new-measures-to-boost-circular-economy-and-strengthen-europes-plastic-recycling","status":"publish","type":"post","link":"https:\/\/www.cde.ual.es\/en\/new-measures-to-boost-circular-economy-and-strengthen-europes-plastic-recycling\/","title":{"rendered":"New measures to boost circular economy and strengthen Europe&#8217;s plastic recycling"},"content":{"rendered":"<p style=\"text-align: justify;\">The European Commission has unveiled\u00a0<strong>a first set of pilot actions to accelerate Europe&#8217;s transition to a circular economy<\/strong>, with a particular\u00a0<strong>focus on the plastics sector<\/strong>. By optimising the recycling of plastics, these measures will further unlock the potential of the Single Market and enhance the EU&#8217;s economic security, strategic autonomy, competitiveness and environmental sustainability. This is in line with the analysis of the\u00a0Draghi report, which highlights circularity and resource efficiency as key levers for strengthening Europe&#8217;s industrial competitiveness.<\/p>\n<p><img decoding=\"async\" class=\"aligncenter\" src=\"https:\/\/www.cde.ual.es\/wp-content\/uploads\/2025\/02\/grupo-personas-concepto-signo-reciclaje_53876-137723.jpg\" width=\"521\" height=\"347\" \/><\/p>\n<p style=\"text-align: justify;\">To accelerate the transition to circularity, the Commission is pursuing a two-step approach. In the first step, as pressure on certain sectors is acute, this package of pilot measures includes a set of concrete short-term actions to support circularity in particular in the plastics sector, while encouraging investment and innovation more broadly. Second, in 2026, the Commission will propose a Circular Economy Act with further horizontal measures that will improve the functioning of the Single Market for secondary raw materials.<\/p>\n<p style=\"text-align: justify;\">The circular economy represents a major opportunity for the plastics sector.\u00a0Evidence from the European Commission&#8217;s Joint Research Centre\u00a0shows that circular solutions can cut the sector&#8217;s climate-related emissions by 45%, decarbonise energy use, and improve the sector&#8217;s trade balance by \u20ac18 billion per year by 2050.<\/p>\n<p style=\"text-align: justify;\">The sector of plastic recycling faces mounting pressures: fragmented markets for recycled materials, high energy costs, volatile virgin plastic prices, and unfair competition from third countries. These challenges are already taking a toll, with reduced capacity use and financial losses for EU recyclers, which threaten the EU&#8217;s circularity targets and industrial competitiveness.<\/p>\n<p style=\"text-align: justify;\"><strong>Overcoming market fragmentation<\/strong><\/p>\n<p style=\"text-align: justify;\">The absence of harmonised and predictable EU-wide rules for the free movement of recycled plastics has led to a fragmented market. The measures presented today will contribute to a more integrated market for plastics.<\/p>\n<p style=\"text-align: justify;\">As part of the package, the Commission is presenting an <strong>implementing act to create EU-wide end-of-waste criteria for plastics under the Waste Framework Directive<\/strong>. Setting EU-wide standards on when recycled materials are again considered materials for re-use is a key step to establish a Single Market for recycled plastics, simplify administrative procedures for recyclers, particularly small and medium-sized enterprises, and ensure a stable supply of high-quality recyclates across Europe. Before final adoption, the draft act is\u00a0published today for public feedback\u00a0until 26 January 2026.<\/p>\n<p style=\"text-align: justify;\">The Commission is also presenting for vote by Member States an implementing act \u00a0concerning the recycled content of PET\u00a0<strong>single-use plastic beverage bottles under the Single-Use Plastics Directive<\/strong>. These rules could create new opportunities for plastic chemical recyclers, ensuring that chemically recycled plastics contribute to achieving EU recycling targets subject to certain conditions and in complement to mechanically recycled plastics. A clearer regulatory framework is also expected to improve legal certainty, helping to unlock investment in chemical recycling across Europe.<\/p>\n<p style=\"text-align: justify;\">The Commission also plans to\u00a0<strong>relaunch and strengthen the\u00a0<\/strong><strong>Circular Plastics Alliance<\/strong>, reinforcing it as a structured and inclusive platform for cooperation across the plastics value chain, where industry stakeholders, Member States and the Commission can jointly identify shared priorities and address key challenges affecting the competitiveness and circularity of the European plastics sector.<\/p>\n<p style=\"text-align: justify;\"><strong>Ensuring fair competition<\/strong><\/p>\n<p style=\"text-align: justify;\">To ensure fair competition between EU-made and imported plastics, the Commission is creating separate customs codes for virgin and recycled plastics. This will support enforcement of EU rules on imported plastics by customs and national market surveillance authorities.<\/p>\n<p style=\"text-align: justify;\">The Commission is also announcing monitoring efforts for EU and global markets for virgin and recycled plastics which will inform potential trade measures to ensure fair competition between EU-produced and imported plastics. The Commission will take stock of these measures during 2026.<\/p>\n<p style=\"text-align: justify;\"><strong>Encouraging investment and innovation<\/strong><\/p>\n<p style=\"text-align: justify;\">The Commission will step up support for circular projects, leveraging collaboration with national banks and the European Investment Bank. It will support Trans-Regional Circularity Hubs by setting up a Competitiveness Coordination Tool (CCT) pilot. The hubs will encourage smart specialisation and cross border cooperation to scale up recycling and circular practices.<\/p>\n<p style=\"text-align: justify;\"><strong>Evaluating the impact of the Single-Use Plastics Directive<\/strong><\/p>\n<p style=\"text-align: justify;\">The Commission launched today a\u00a0<strong>public consultation and call for evidence to evaluate the Single-Use Plastics Directive (SUPD)<\/strong>. This is the first step in examining how well the Directive has reduced the impact of certain plastic products on the marine environment and on human health, while promoting a circular, innovative and sustainable economy. The consultation and call for evidence are open to all interested parties until 17 March 2026.<\/p>\n<p style=\"text-align: justify;\"><strong>Background<\/strong><\/p>\n<p style=\"text-align: justify;\">Europe needs to accelerate its shift to a circular economy. Using limited natural resources wisely is essential for enhancing economic security, competitiveness, and reducing carbon emissions.<\/p>\n<p style=\"text-align: justify;\">Although the EU leads in circularity policies, progress has been slow. In 2024,\u00a012.2% of materials used in the EU came from recycled materials, a modest increase from 11.2% in 2015. To achieve goals set in EU legislation as well as in the\u00a0Competitiveness Compass,\u00a0Clean Industrial Deal, and\u00a0REsourceEU action plan, Europe must remove obstacles to circular practices.<\/p>\n<p style=\"text-align: justify;\">The EU aims to be the global leader in the circular economy by 2030, as outlined in the Competitiveness Compass. An important step in this direction is the Circular Economy Act, set to be adopted by the end of 2026. This Act will contribute to establishing a Single Market for recycled materials, improving their supply and demand within the EU.<\/p>\n<p style=\"text-align: justify;\">Today&#8217;s measures fulfil President von der Leyen&#8217;s promise from her September 2025\u00a0State of the Union address\u00a0to speed up Europe&#8217;s transition to a circular economy. By focusing on key sectors and introducing targeted practical measures, this package sets the stage for a robust Circular Economy Act in 2026.<\/p>\n<p><strong>More information: <a href=\"https:\/\/ec.europa.eu\/commission\/presscorner\/detail\/en\/ip_25_3151\">European Commission<\/a><\/strong><\/p>\n","protected":false},"excerpt":{"rendered":"<p>The European Commission has unveiled\u00a0a first set of pilot actions to accelerate Europe&#8217;s transition to a circular economy, with a particular\u00a0focus on the plastics sector. By optimising the recycling of plastics, these measures will further unlock the potential of the Single Market and enhance the EU&#8217;s economic security, strategic autonomy, competitiveness and environmental sustainability. This [&hellip;]<\/p>\n","protected":false},"author":1,"featured_media":156914,"comment_status":"open","ping_status":"open","sticky":false,"template":"","format":"standard","meta":{"_acf_changed":false,"_relevanssi_hide_post":"","_relevanssi_hide_content":"","_relevanssi_pin_for_all":"","_relevanssi_pin_keywords":"","_relevanssi_unpin_keywords":"","_relevanssi_related_keywords":"","_relevanssi_related_include_ids":"","_relevanssi_related_exclude_ids":"","_relevanssi_related_no_append":"","_relevanssi_related_not_related":"","_relevanssi_related_posts":"","_relevanssi_noindex_reason":"","_monsterinsights_skip_tracking":false,"_monsterinsights_sitenote_active":false,"_monsterinsights_sitenote_note":"","_monsterinsights_sitenote_category":0,"_genesis_hide_title":false,"_genesis_hide_breadcrumbs":false,"_genesis_hide_singular_image":false,"_genesis_hide_footer_widgets":false,"_genesis_custom_body_class":"","_genesis_custom_post_class":"","_genesis_layout":"","footnotes":""},"categories":[12984,4085,346],"tags":[401,8788,1524,1488,368,404,2788,16821,16820],"class_list":{"0":"post-164440","1":"post","2":"type-post","3":"status-publish","4":"format-standard","5":"has-post-thumbnail","7":"category-climate-action","8":"category-environment","9":"category-eu-news","10":"tag-circular-economy","11":"tag-competitiveness","12":"tag-environmental-sustainability","13":"tag-european-commission","14":"tag-european-union","15":"tag-innovation","16":"tag-news","17":"tag-plasctics-sector","18":"tag-plastic-recycling","19":"entry"},"acf":[],"yoast_head":"<!-- This site is optimized with the Yoast SEO plugin v27.5 - https:\/\/yoast.com\/product\/yoast-seo-wordpress\/ -->\n<title>New measures to boost circular economy and strengthen Europe&#039;s plastic recycling | CDE Almer\u00eda - Centro de Documentaci\u00f3n Europea - Universidad de Almer\u00eda<\/title>\n<meta name=\"robots\" content=\"index, follow, max-snippet:-1, max-image-preview:large, max-video-preview:-1\" \/>\n<link rel=\"canonical\" href=\"https:\/\/www.cde.ual.es\/en\/new-measures-to-boost-circular-economy-and-strengthen-europes-plastic-recycling\/\" \/>\n<meta property=\"og:locale\" content=\"en_US\" \/>\n<meta property=\"og:type\" content=\"article\" \/>\n<meta property=\"og:title\" content=\"New measures to boost circular economy and strengthen Europe&#039;s plastic recycling | CDE Almer\u00eda - Centro de Documentaci\u00f3n Europea - Universidad de Almer\u00eda\" \/>\n<meta property=\"og:description\" content=\"The European Commission has unveiled\u00a0a first set of pilot actions to accelerate Europe&#8217;s transition to a circular economy, with a particular\u00a0focus on the plastics sector. By optimising the recycling of plastics, these measures will further unlock the potential of the Single Market and enhance the EU&#8217;s economic security, strategic autonomy, competitiveness and environmental sustainability. This [&hellip;]\" \/>\n<meta property=\"og:url\" content=\"https:\/\/www.cde.ual.es\/en\/new-measures-to-boost-circular-economy-and-strengthen-europes-plastic-recycling\/\" \/>\n<meta property=\"og:site_name\" content=\"CDE Almer\u00eda - Centro de Documentaci\u00f3n Europea - Universidad de Almer\u00eda\" \/>\n<meta property=\"article:publisher\" content=\"https:\/\/www.facebook.com\/cdeuniversidadalmeria\/\" \/>\n<meta property=\"article:published_time\" content=\"2026-01-08T08:06:10+00:00\" \/>\n<meta property=\"article:modified_time\" content=\"2026-01-08T08:06:28+00:00\" \/>\n<meta property=\"og:image\" content=\"https:\/\/www.cde.ual.es\/wp-content\/uploads\/2025\/02\/grupo-personas-concepto-signo-reciclaje_53876-137723.jpg\" \/>\n\t<meta property=\"og:image:width\" content=\"1380\" \/>\n\t<meta property=\"og:image:height\" content=\"920\" \/>\n\t<meta property=\"og:image:type\" content=\"image\/jpeg\" \/>\n<meta name=\"author\" content=\"AdminCDE\" \/>\n<meta name=\"twitter:card\" content=\"summary_large_image\" \/>\n<meta name=\"twitter:creator\" content=\"@cdeualmeria\" \/>\n<meta name=\"twitter:site\" content=\"@cdeualmeria\" \/>\n<meta name=\"twitter:label1\" content=\"Written by\" \/>\n\t<meta name=\"twitter:data1\" content=\"AdminCDE\" \/>\n\t<meta name=\"twitter:label2\" content=\"Est. reading time\" \/>\n\t<meta name=\"twitter:data2\" content=\"5 minutes\" \/>\n<script type=\"application\/ld+json\" class=\"yoast-schema-graph\">{\"@context\":\"https:\\\/\\\/schema.org\",\"@graph\":[{\"@type\":\"Article\",\"@id\":\"https:\\\/\\\/www.cde.ual.es\\\/en\\\/new-measures-to-boost-circular-economy-and-strengthen-europes-plastic-recycling\\\/#article\",\"isPartOf\":{\"@id\":\"https:\\\/\\\/www.cde.ual.es\\\/en\\\/new-measures-to-boost-circular-economy-and-strengthen-europes-plastic-recycling\\\/\"},\"author\":{\"name\":\"AdminCDE\",\"@id\":\"https:\\\/\\\/www.cde.ual.es\\\/#\\\/schema\\\/person\\\/224ef08c8bcc005f319d2713ce37ee5f\"},\"headline\":\"New measures to boost circular economy and strengthen Europe&#8217;s plastic recycling\",\"datePublished\":\"2026-01-08T08:06:10+00:00\",\"dateModified\":\"2026-01-08T08:06:28+00:00\",\"mainEntityOfPage\":{\"@id\":\"https:\\\/\\\/www.cde.ual.es\\\/en\\\/new-measures-to-boost-circular-economy-and-strengthen-europes-plastic-recycling\\\/\"},\"wordCount\":935,\"commentCount\":0,\"publisher\":{\"@id\":\"https:\\\/\\\/www.cde.ual.es\\\/#organization\"},\"image\":{\"@id\":\"https:\\\/\\\/www.cde.ual.es\\\/en\\\/new-measures-to-boost-circular-economy-and-strengthen-europes-plastic-recycling\\\/#primaryimage\"},\"thumbnailUrl\":\"https:\\\/\\\/www.cde.ual.es\\\/wp-content\\\/uploads\\\/2025\\\/02\\\/grupo-personas-concepto-signo-reciclaje_53876-137723.jpg\",\"keywords\":[\"circular economy\",\"competitiveness\",\"Environmental sustainability\",\"European Commission\",\"European Union\",\"innovation\",\"News\",\"plasctics sector\",\"plastic recycling\"],\"articleSection\":[\"Climate action\",\"Environmental Affairs\",\"EU News\"],\"inLanguage\":\"en-US\",\"potentialAction\":[{\"@type\":\"CommentAction\",\"name\":\"Comment\",\"target\":[\"https:\\\/\\\/www.cde.ual.es\\\/en\\\/new-measures-to-boost-circular-economy-and-strengthen-europes-plastic-recycling\\\/#respond\"]}]},{\"@type\":\"WebPage\",\"@id\":\"https:\\\/\\\/www.cde.ual.es\\\/en\\\/new-measures-to-boost-circular-economy-and-strengthen-europes-plastic-recycling\\\/\",\"url\":\"https:\\\/\\\/www.cde.ual.es\\\/en\\\/new-measures-to-boost-circular-economy-and-strengthen-europes-plastic-recycling\\\/\",\"name\":\"New measures to boost circular economy and strengthen Europe's plastic recycling | CDE Almer\u00eda - Centro de Documentaci\u00f3n Europea - Universidad de Almer\u00eda\",\"isPartOf\":{\"@id\":\"https:\\\/\\\/www.cde.ual.es\\\/#website\"},\"primaryImageOfPage\":{\"@id\":\"https:\\\/\\\/www.cde.ual.es\\\/en\\\/new-measures-to-boost-circular-economy-and-strengthen-europes-plastic-recycling\\\/#primaryimage\"},\"image\":{\"@id\":\"https:\\\/\\\/www.cde.ual.es\\\/en\\\/new-measures-to-boost-circular-economy-and-strengthen-europes-plastic-recycling\\\/#primaryimage\"},\"thumbnailUrl\":\"https:\\\/\\\/www.cde.ual.es\\\/wp-content\\\/uploads\\\/2025\\\/02\\\/grupo-personas-concepto-signo-reciclaje_53876-137723.jpg\",\"datePublished\":\"2026-01-08T08:06:10+00:00\",\"dateModified\":\"2026-01-08T08:06:28+00:00\",\"breadcrumb\":{\"@id\":\"https:\\\/\\\/www.cde.ual.es\\\/en\\\/new-measures-to-boost-circular-economy-and-strengthen-europes-plastic-recycling\\\/#breadcrumb\"},\"inLanguage\":\"en-US\",\"potentialAction\":[{\"@type\":\"ReadAction\",\"target\":[\"https:\\\/\\\/www.cde.ual.es\\\/en\\\/new-measures-to-boost-circular-economy-and-strengthen-europes-plastic-recycling\\\/\"]}]},{\"@type\":\"ImageObject\",\"inLanguage\":\"en-US\",\"@id\":\"https:\\\/\\\/www.cde.ual.es\\\/en\\\/new-measures-to-boost-circular-economy-and-strengthen-europes-plastic-recycling\\\/#primaryimage\",\"url\":\"https:\\\/\\\/www.cde.ual.es\\\/wp-content\\\/uploads\\\/2025\\\/02\\\/grupo-personas-concepto-signo-reciclaje_53876-137723.jpg\",\"contentUrl\":\"https:\\\/\\\/www.cde.ual.es\\\/wp-content\\\/uploads\\\/2025\\\/02\\\/grupo-personas-concepto-signo-reciclaje_53876-137723.jpg\",\"width\":1380,\"height\":920},{\"@type\":\"BreadcrumbList\",\"@id\":\"https:\\\/\\\/www.cde.ual.es\\\/en\\\/new-measures-to-boost-circular-economy-and-strengthen-europes-plastic-recycling\\\/#breadcrumb\",\"itemListElement\":[{\"@type\":\"ListItem\",\"position\":1,\"name\":\"Inicio\",\"item\":\"https:\\\/\\\/www.cde.ual.es\\\/en\\\/\"},{\"@type\":\"ListItem\",\"position\":2,\"name\":\"EU News\",\"item\":\"https:\\\/\\\/www.cde.ual.es\\\/en\\\/category\\\/eu-news\\\/\"},{\"@type\":\"ListItem\",\"position\":3,\"name\":\"Environmental Affairs\",\"item\":\"https:\\\/\\\/www.cde.ual.es\\\/en\\\/category\\\/eu-news\\\/environment\\\/\"},{\"@type\":\"ListItem\",\"position\":4,\"name\":\"Climate action\",\"item\":\"https:\\\/\\\/www.cde.ual.es\\\/en\\\/category\\\/noticias-ue\\\/medioambiente\\\/climate-action\\\/\"},{\"@type\":\"ListItem\",\"position\":5,\"name\":\"New measures to boost circular economy and strengthen Europe&#8217;s plastic recycling\"}]},{\"@type\":\"WebSite\",\"@id\":\"https:\\\/\\\/www.cde.ual.es\\\/#website\",\"url\":\"https:\\\/\\\/www.cde.ual.es\\\/\",\"name\":\"CDE Almer\u00eda - Centro de Documentaci\u00f3n Europea - Universidad de Almer\u00eda\",\"description\":\"Centro de Documentaci\u00f3n Europea de la Universidad de Almer\u00eda\",\"publisher\":{\"@id\":\"https:\\\/\\\/www.cde.ual.es\\\/#organization\"},\"alternateName\":\"CDE Almer\u00eda\",\"potentialAction\":[{\"@type\":\"SearchAction\",\"target\":{\"@type\":\"EntryPoint\",\"urlTemplate\":\"https:\\\/\\\/www.cde.ual.es\\\/?s={search_term_string}\"},\"query-input\":{\"@type\":\"PropertyValueSpecification\",\"valueRequired\":true,\"valueName\":\"search_term_string\"}}],\"inLanguage\":\"en-US\"},{\"@type\":\"Organization\",\"@id\":\"https:\\\/\\\/www.cde.ual.es\\\/#organization\",\"name\":\"Centro de Documentaci\u00f3n Europea de Almer\u00eda\",\"url\":\"https:\\\/\\\/www.cde.ual.es\\\/\",\"logo\":{\"@type\":\"ImageObject\",\"inLanguage\":\"en-US\",\"@id\":\"https:\\\/\\\/www.cde.ual.es\\\/#\\\/schema\\\/logo\\\/image\\\/\",\"url\":\"https:\\\/\\\/www.cde.ual.es\\\/wp-content\\\/uploads\\\/2025\\\/07\\\/cde-logo-3.png\",\"contentUrl\":\"https:\\\/\\\/www.cde.ual.es\\\/wp-content\\\/uploads\\\/2025\\\/07\\\/cde-logo-3.png\",\"width\":1400,\"height\":300,\"caption\":\"Centro de Documentaci\u00f3n Europea de Almer\u00eda\"},\"image\":{\"@id\":\"https:\\\/\\\/www.cde.ual.es\\\/#\\\/schema\\\/logo\\\/image\\\/\"},\"sameAs\":[\"https:\\\/\\\/www.facebook.com\\\/cdeuniversidadalmeria\\\/\",\"https:\\\/\\\/x.com\\\/cdeualmeria\",\"https:\\\/\\\/www.tiktok.com\\\/@cdealmeria\",\"https:\\\/\\\/www.instagram.com\\\/cdealmeria\\\/\",\"https:\\\/\\\/www.linkedin.com\\\/in\\\/cde-almera-812b26a9\\\/\"]},{\"@type\":\"Person\",\"@id\":\"https:\\\/\\\/www.cde.ual.es\\\/#\\\/schema\\\/person\\\/224ef08c8bcc005f319d2713ce37ee5f\",\"name\":\"AdminCDE\",\"image\":{\"@type\":\"ImageObject\",\"inLanguage\":\"en-US\",\"@id\":\"https:\\\/\\\/secure.gravatar.com\\\/avatar\\\/a72d038d371f995cd13706fac32274b7952a52e8fb0a84b5f80c85426f2a98a8?s=96&d=mm&r=g\",\"url\":\"https:\\\/\\\/secure.gravatar.com\\\/avatar\\\/a72d038d371f995cd13706fac32274b7952a52e8fb0a84b5f80c85426f2a98a8?s=96&d=mm&r=g\",\"contentUrl\":\"https:\\\/\\\/secure.gravatar.com\\\/avatar\\\/a72d038d371f995cd13706fac32274b7952a52e8fb0a84b5f80c85426f2a98a8?s=96&d=mm&r=g\",\"caption\":\"AdminCDE\"}}]}<\/script>\n<!-- \/ Yoast SEO plugin. -->","yoast_head_json":{"title":"New measures to boost circular economy and strengthen Europe's plastic recycling | CDE Almer\u00eda - Centro de Documentaci\u00f3n Europea - Universidad de Almer\u00eda","robots":{"index":"index","follow":"follow","max-snippet":"max-snippet:-1","max-image-preview":"max-image-preview:large","max-video-preview":"max-video-preview:-1"},"canonical":"https:\/\/www.cde.ual.es\/en\/new-measures-to-boost-circular-economy-and-strengthen-europes-plastic-recycling\/","og_locale":"en_US","og_type":"article","og_title":"New measures to boost circular economy and strengthen Europe's plastic recycling | CDE Almer\u00eda - Centro de Documentaci\u00f3n Europea - Universidad de Almer\u00eda","og_description":"The European Commission has unveiled\u00a0a first set of pilot actions to accelerate Europe&#8217;s transition to a circular economy, with a particular\u00a0focus on the plastics sector. By optimising the recycling of plastics, these measures will further unlock the potential of the Single Market and enhance the EU&#8217;s economic security, strategic autonomy, competitiveness and environmental sustainability. This [&hellip;]","og_url":"https:\/\/www.cde.ual.es\/en\/new-measures-to-boost-circular-economy-and-strengthen-europes-plastic-recycling\/","og_site_name":"CDE Almer\u00eda - Centro de Documentaci\u00f3n Europea - Universidad de Almer\u00eda","article_publisher":"https:\/\/www.facebook.com\/cdeuniversidadalmeria\/","article_published_time":"2026-01-08T08:06:10+00:00","article_modified_time":"2026-01-08T08:06:28+00:00","og_image":[{"width":1380,"height":920,"url":"https:\/\/www.cde.ual.es\/wp-content\/uploads\/2025\/02\/grupo-personas-concepto-signo-reciclaje_53876-137723.jpg","type":"image\/jpeg"}],"author":"AdminCDE","twitter_card":"summary_large_image","twitter_creator":"@cdeualmeria","twitter_site":"@cdeualmeria","twitter_misc":{"Written by":"AdminCDE","Est. reading time":"5 minutes"},"schema":{"@context":"https:\/\/schema.org","@graph":[{"@type":"Article","@id":"https:\/\/www.cde.ual.es\/en\/new-measures-to-boost-circular-economy-and-strengthen-europes-plastic-recycling\/#article","isPartOf":{"@id":"https:\/\/www.cde.ual.es\/en\/new-measures-to-boost-circular-economy-and-strengthen-europes-plastic-recycling\/"},"author":{"name":"AdminCDE","@id":"https:\/\/www.cde.ual.es\/#\/schema\/person\/224ef08c8bcc005f319d2713ce37ee5f"},"headline":"New measures to boost circular economy and strengthen Europe&#8217;s plastic recycling","datePublished":"2026-01-08T08:06:10+00:00","dateModified":"2026-01-08T08:06:28+00:00","mainEntityOfPage":{"@id":"https:\/\/www.cde.ual.es\/en\/new-measures-to-boost-circular-economy-and-strengthen-europes-plastic-recycling\/"},"wordCount":935,"commentCount":0,"publisher":{"@id":"https:\/\/www.cde.ual.es\/#organization"},"image":{"@id":"https:\/\/www.cde.ual.es\/en\/new-measures-to-boost-circular-economy-and-strengthen-europes-plastic-recycling\/#primaryimage"},"thumbnailUrl":"https:\/\/www.cde.ual.es\/wp-content\/uploads\/2025\/02\/grupo-personas-concepto-signo-reciclaje_53876-137723.jpg","keywords":["circular economy","competitiveness","Environmental sustainability","European Commission","European Union","innovation","News","plasctics sector","plastic recycling"],"articleSection":["Climate action","Environmental Affairs","EU News"],"inLanguage":"en-US","potentialAction":[{"@type":"CommentAction","name":"Comment","target":["https:\/\/www.cde.ual.es\/en\/new-measures-to-boost-circular-economy-and-strengthen-europes-plastic-recycling\/#respond"]}]},{"@type":"WebPage","@id":"https:\/\/www.cde.ual.es\/en\/new-measures-to-boost-circular-economy-and-strengthen-europes-plastic-recycling\/","url":"https:\/\/www.cde.ual.es\/en\/new-measures-to-boost-circular-economy-and-strengthen-europes-plastic-recycling\/","name":"New measures to boost circular economy and strengthen Europe's plastic recycling | CDE Almer\u00eda - Centro de Documentaci\u00f3n Europea - Universidad de Almer\u00eda","isPartOf":{"@id":"https:\/\/www.cde.ual.es\/#website"},"primaryImageOfPage":{"@id":"https:\/\/www.cde.ual.es\/en\/new-measures-to-boost-circular-economy-and-strengthen-europes-plastic-recycling\/#primaryimage"},"image":{"@id":"https:\/\/www.cde.ual.es\/en\/new-measures-to-boost-circular-economy-and-strengthen-europes-plastic-recycling\/#primaryimage"},"thumbnailUrl":"https:\/\/www.cde.ual.es\/wp-content\/uploads\/2025\/02\/grupo-personas-concepto-signo-reciclaje_53876-137723.jpg","datePublished":"2026-01-08T08:06:10+00:00","dateModified":"2026-01-08T08:06:28+00:00","breadcrumb":{"@id":"https:\/\/www.cde.ual.es\/en\/new-measures-to-boost-circular-economy-and-strengthen-europes-plastic-recycling\/#breadcrumb"},"inLanguage":"en-US","potentialAction":[{"@type":"ReadAction","target":["https:\/\/www.cde.ual.es\/en\/new-measures-to-boost-circular-economy-and-strengthen-europes-plastic-recycling\/"]}]},{"@type":"ImageObject","inLanguage":"en-US","@id":"https:\/\/www.cde.ual.es\/en\/new-measures-to-boost-circular-economy-and-strengthen-europes-plastic-recycling\/#primaryimage","url":"https:\/\/www.cde.ual.es\/wp-content\/uploads\/2025\/02\/grupo-personas-concepto-signo-reciclaje_53876-137723.jpg","contentUrl":"https:\/\/www.cde.ual.es\/wp-content\/uploads\/2025\/02\/grupo-personas-concepto-signo-reciclaje_53876-137723.jpg","width":1380,"height":920},{"@type":"BreadcrumbList","@id":"https:\/\/www.cde.ual.es\/en\/new-measures-to-boost-circular-economy-and-strengthen-europes-plastic-recycling\/#breadcrumb","itemListElement":[{"@type":"ListItem","position":1,"name":"Inicio","item":"https:\/\/www.cde.ual.es\/en\/"},{"@type":"ListItem","position":2,"name":"EU News","item":"https:\/\/www.cde.ual.es\/en\/category\/eu-news\/"},{"@type":"ListItem","position":3,"name":"Environmental Affairs","item":"https:\/\/www.cde.ual.es\/en\/category\/eu-news\/environment\/"},{"@type":"ListItem","position":4,"name":"Climate action","item":"https:\/\/www.cde.ual.es\/en\/category\/noticias-ue\/medioambiente\/climate-action\/"},{"@type":"ListItem","position":5,"name":"New measures to boost circular economy and strengthen Europe&#8217;s plastic recycling"}]},{"@type":"WebSite","@id":"https:\/\/www.cde.ual.es\/#website","url":"https:\/\/www.cde.ual.es\/","name":"CDE Almer\u00eda - Centro de Documentaci\u00f3n Europea - Universidad de Almer\u00eda","description":"Centro de Documentaci\u00f3n Europea de la Universidad de Almer\u00eda","publisher":{"@id":"https:\/\/www.cde.ual.es\/#organization"},"alternateName":"CDE Almer\u00eda","potentialAction":[{"@type":"SearchAction","target":{"@type":"EntryPoint","urlTemplate":"https:\/\/www.cde.ual.es\/?s={search_term_string}"},"query-input":{"@type":"PropertyValueSpecification","valueRequired":true,"valueName":"search_term_string"}}],"inLanguage":"en-US"},{"@type":"Organization","@id":"https:\/\/www.cde.ual.es\/#organization","name":"Centro de Documentaci\u00f3n Europea de Almer\u00eda","url":"https:\/\/www.cde.ual.es\/","logo":{"@type":"ImageObject","inLanguage":"en-US","@id":"https:\/\/www.cde.ual.es\/#\/schema\/logo\/image\/","url":"https:\/\/www.cde.ual.es\/wp-content\/uploads\/2025\/07\/cde-logo-3.png","contentUrl":"https:\/\/www.cde.ual.es\/wp-content\/uploads\/2025\/07\/cde-logo-3.png","width":1400,"height":300,"caption":"Centro de Documentaci\u00f3n Europea de Almer\u00eda"},"image":{"@id":"https:\/\/www.cde.ual.es\/#\/schema\/logo\/image\/"},"sameAs":["https:\/\/www.facebook.com\/cdeuniversidadalmeria\/","https:\/\/x.com\/cdeualmeria","https:\/\/www.tiktok.com\/@cdealmeria","https:\/\/www.instagram.com\/cdealmeria\/","https:\/\/www.linkedin.com\/in\/cde-almera-812b26a9\/"]},{"@type":"Person","@id":"https:\/\/www.cde.ual.es\/#\/schema\/person\/224ef08c8bcc005f319d2713ce37ee5f","name":"AdminCDE","image":{"@type":"ImageObject","inLanguage":"en-US","@id":"https:\/\/secure.gravatar.com\/avatar\/a72d038d371f995cd13706fac32274b7952a52e8fb0a84b5f80c85426f2a98a8?s=96&d=mm&r=g","url":"https:\/\/secure.gravatar.com\/avatar\/a72d038d371f995cd13706fac32274b7952a52e8fb0a84b5f80c85426f2a98a8?s=96&d=mm&r=g","contentUrl":"https:\/\/secure.gravatar.com\/avatar\/a72d038d371f995cd13706fac32274b7952a52e8fb0a84b5f80c85426f2a98a8?s=96&d=mm&r=g","caption":"AdminCDE"}}]}},"_links":{"self":[{"href":"https:\/\/www.cde.ual.es\/en\/wp-json\/wp\/v2\/posts\/164440","targetHints":{"allow":["GET"]}}],"collection":[{"href":"https:\/\/www.cde.ual.es\/en\/wp-json\/wp\/v2\/posts"}],"about":[{"href":"https:\/\/www.cde.ual.es\/en\/wp-json\/wp\/v2\/types\/post"}],"author":[{"embeddable":true,"href":"https:\/\/www.cde.ual.es\/en\/wp-json\/wp\/v2\/users\/1"}],"replies":[{"embeddable":true,"href":"https:\/\/www.cde.ual.es\/en\/wp-json\/wp\/v2\/comments?post=164440"}],"version-history":[{"count":2,"href":"https:\/\/www.cde.ual.es\/en\/wp-json\/wp\/v2\/posts\/164440\/revisions"}],"predecessor-version":[{"id":164442,"href":"https:\/\/www.cde.ual.es\/en\/wp-json\/wp\/v2\/posts\/164440\/revisions\/164442"}],"wp:featuredmedia":[{"embeddable":true,"href":"https:\/\/www.cde.ual.es\/en\/wp-json\/wp\/v2\/media\/156914"}],"wp:attachment":[{"href":"https:\/\/www.cde.ual.es\/en\/wp-json\/wp\/v2\/media?parent=164440"}],"wp:term":[{"taxonomy":"category","embeddable":true,"href":"https:\/\/www.cde.ual.es\/en\/wp-json\/wp\/v2\/categories?post=164440"},{"taxonomy":"post_tag","embeddable":true,"href":"https:\/\/www.cde.ual.es\/en\/wp-json\/wp\/v2\/tags?post=164440"}],"curies":[{"name":"wp","href":"https:\/\/api.w.org\/{rel}","templated":true}]}}