{"id":163760,"date":"2025-12-01T03:00:40","date_gmt":"2025-12-01T02:00:40","guid":{"rendered":"https:\/\/www.cde.ual.es\/?p=163760"},"modified":"2025-11-28T14:29:39","modified_gmt":"2025-11-28T13:29:39","slug":"disability-strategy-ep-calls-for-greater-efforts-in-employment-housing-and-healthcare","status":"publish","type":"post","link":"https:\/\/www.cde.ual.es\/en\/disability-strategy-ep-calls-for-greater-efforts-in-employment-housing-and-healthcare\/","title":{"rendered":"Disability strategy: EP calls for greater efforts in employment, housing and healthcare"},"content":{"rendered":"<div class=\"ep_gridcolumn ep-m_product\" data-view1200=\"6\" data-view1020=\"6\" data-view750=\"10\" data-view640=\"6\" data-view480=\"8\" data-view320=\"4\">\n<div class=\"ep_gridcolumn-content\">\n<div class=\"ep-a_text ep-layout_chapo\">\n<div class=\"ep_gridcolumn ep-m_product\" data-view320=\"4\" data-view480=\"8\" data-view640=\"6\" data-view750=\"10\" data-view1020=\"6\" data-view1200=\"6\">\n<div class=\"ep_gridcolumn-content\">\n<div class=\"ep-a_text ep-layout_chapo\">\n<p style=\"text-align: justify;\">The EP wants ambitious measures to ensure access for people with disabilities to the labour market, social protection, education, healthcare, housing and digital services.<\/p>\n<\/div>\n<\/div>\n<\/div>\n<div class=\"ep_gridcolumn ep-m_product\" data-view320=\"4\" data-view480=\"8\" data-view640=\"6\" data-view750=\"10\" data-view1020=\"6\" data-view1200=\"6\">\n<div class=\"ep_gridcolumn-content\">\n<div class=\"ep-a_text\">\n<p class=\"ep-wysiwig_paragraph\" style=\"text-align: justify;\">In a resolution adopted on Thursday by 490 votes to 9, with 109 abstentions, MEPs call for an effective strategy for 2025-2030 that includes concrete measures and legal instruments to address the barriers still faced by people with disabilities in the EU and ensure their full inclusion and the fulfilment of their rights.<\/p>\n<\/div>\n<\/div>\n<\/div>\n<\/div>\n<\/div>\n<\/div>\n<div class=\"ep_gridcolumn ep-m_product\" data-view1200=\"6\" data-view1020=\"6\" data-view750=\"10\" data-view640=\"6\" data-view480=\"8\" data-view320=\"4\">\n<div class=\"ep_gridcolumn-content\">\n<div class=\"ep-a_text\">\n<p><img decoding=\"async\" class=\"aligncenter\" src=\"https:\/\/www.cde.ual.es\/wp-content\/uploads\/2017\/12\/Discapacidad.jpg\" width=\"512\" height=\"341\" \/><\/p>\n<p class=\"ep-wysiwig_paragraph\" style=\"text-align: justify;\"><strong>Employment and skills guarantee and common EU-wide definition of &#8216;disability&#8217;<\/strong><\/p>\n<p class=\"ep-wysiwig_paragraph\" style=\"text-align: justify;\">To improve the employment situation and boost employment for people with disabilities, MEPs propose an EU-funded European guarantee for employment and skills, as well as measures to improve access to training and education. The text also calls on the European Commission to propose a common definition of disability in the EU to ensure that citizens with disabilities enjoy the same rights in all Member States. In addition, MEPs advocate clear sanctions when authorities or private entities fail to comply with EU accessibility obligations.<\/p>\n<p class=\"ep-wysiwig_paragraph\" style=\"text-align: justify;\"><strong>Special attention to women and girls with disabilities<\/strong><\/p>\n<p class=\"ep-wysiwig_paragraph\" style=\"text-align: justify;\">The report highlights the situation of women and girls with disabilities. MEPs call for action to tackle the discrimination they face and improve their access to healthcare, participation in public life and protection. They also believe that greater efforts are needed to improve accessibility for women and girls with disabilities in sport, transport, products and digital technologies.<\/p>\n<p class=\"ep-wysiwig_paragraph\" style=\"text-align: justify;\">Finally, the text acknowledges the existence of European platforms and legislation, such as AccessibleEU, the European Accessibility Act and the Web Accessibility Directive. However, it insists on the need to strengthen and fully implement these tools.<\/p>\n<p class=\"ep-wysiwig_paragraph\" style=\"text-align: justify;\"><strong>Statement by the rapporteur<\/strong><\/p>\n<p class=\"ep-wysiwig_paragraph\" style=\"text-align: justify;\">The rapporteur for the report, Rosa Estar\u00e0s Ferragut (EPP, Spain), said: &#8220;Today&#8217;s vote marks a decisive moment in ensuring that people with disabilities can fully exercise their rights in the EU. We must turn political intent into concrete action in all Member States, ensuring dignity, accessibility and equal opportunities for all. No one should be left behind in Europe. This affects people. It is about ensuring that people with disabilities can live independently, access opportunities and participate fully in society. Today is a decisive day for transforming our commitment into real change.&#8221;<\/p>\n<p class=\"ep-wysiwig_paragraph\" style=\"text-align: justify;\"><strong>Background<\/strong><\/p>\n<p class=\"ep-wysiwig_paragraph\" style=\"text-align: justify;\">In March 2021, the European Commission approved a strategy for the rights of persons with disabilities for 2021\u20132030. This plan includes several key initiatives, such as AccessibleEU, the European Disability Card and the Disability Platform. The strategy covered programmes and initiatives until 2024. With today&#8217;s resolution, Parliament is proposing new measures for the second half of the decade.<\/p>\n<p><strong>More information: <a href=\"https:\/\/www.europarl.europa.eu\/news\/es\/press-room\/20251120IPR31504\/estrategia-de-discapacidad-el-pe-pide-mas-esfuerzo-en-empleo-vivienda-sanidad\">European Parliament<\/a><\/strong><\/p>\n<\/div>\n<\/div>\n<\/div>\n","protected":false},"excerpt":{"rendered":"<p>The EP wants ambitious measures to ensure access for people with disabilities to the labour market, social protection, education, healthcare, housing and digital services. In a resolution adopted on Thursday by 490 votes to 9, with 109 abstentions, MEPs call for an effective strategy for 2025-2030 that includes concrete measures and legal instruments to address [&hellip;]<\/p>\n","protected":false},"author":1,"featured_media":16327,"comment_status":"open","ping_status":"open","sticky":false,"template":"","format":"standard","meta":{"_acf_changed":false,"_relevanssi_hide_post":"","_relevanssi_hide_content":"","_relevanssi_pin_for_all":"","_relevanssi_pin_keywords":"","_relevanssi_unpin_keywords":"","_relevanssi_related_keywords":"","_relevanssi_related_include_ids":"","_relevanssi_related_exclude_ids":"","_relevanssi_related_no_append":"","_relevanssi_related_not_related":"","_relevanssi_related_posts":"","_relevanssi_noindex_reason":"","_monsterinsights_skip_tracking":false,"_monsterinsights_sitenote_active":false,"_monsterinsights_sitenote_note":"","_monsterinsights_sitenote_category":0,"_genesis_hide_title":false,"_genesis_hide_breadcrumbs":false,"_genesis_hide_singular_image":false,"_genesis_hide_footer_widgets":false,"_genesis_custom_body_class":"","_genesis_custom_post_class":"","_genesis_layout":"","footnotes":""},"categories":[4069,346,4067],"tags":[7385,639,449,475,753,368,437,4290,587,2788,2649],"class_list":{"0":"post-163760","1":"post","2":"type-post","3":"status-publish","4":"format-standard","5":"has-post-thumbnail","7":"category-equality","8":"category-eu-news","9":"category-social-affairs","10":"tag-actualidad","11":"tag-disability","12":"tag-education","13":"tag-employment","14":"tag-european-parliament","15":"tag-european-union","16":"tag-health","17":"tag-housing","18":"tag-inclusion-en","19":"tag-news","20":"tag-strategy","21":"entry"},"acf":[],"yoast_head":"<!-- This site is optimized with the Yoast SEO plugin v27.4 - https:\/\/yoast.com\/product\/yoast-seo-wordpress\/ -->\n<title>Disability strategy: EP calls for greater efforts in employment, housing and healthcare | CDE Almer\u00eda - Centro de Documentaci\u00f3n Europea - Universidad de Almer\u00eda<\/title>\n<meta name=\"robots\" content=\"index, follow, max-snippet:-1, max-image-preview:large, max-video-preview:-1\" \/>\n<link rel=\"canonical\" href=\"https:\/\/www.cde.ual.es\/estrategia-de-discapacidad-el-pe-pide-mas-esfuerzo-en-empleo-vivienda-sanidad\/\" \/>\n<meta property=\"og:locale\" content=\"en_US\" \/>\n<meta property=\"og:type\" content=\"article\" \/>\n<meta property=\"og:title\" content=\"Disability strategy: EP calls for greater efforts in employment, housing and healthcare | CDE Almer\u00eda - Centro de Documentaci\u00f3n Europea - Universidad de Almer\u00eda\" \/>\n<meta property=\"og:description\" content=\"The EP wants ambitious measures to ensure access for people with disabilities to the labour market, social protection, education, healthcare, housing and digital services. In a resolution adopted on Thursday by 490 votes to 9, with 109 abstentions, MEPs call for an effective strategy for 2025-2030 that includes concrete measures and legal instruments to address [&hellip;]\" \/>\n<meta property=\"og:url\" content=\"https:\/\/www.cde.ual.es\/estrategia-de-discapacidad-el-pe-pide-mas-esfuerzo-en-empleo-vivienda-sanidad\/\" \/>\n<meta property=\"og:site_name\" content=\"CDE Almer\u00eda - Centro de Documentaci\u00f3n Europea - Universidad de Almer\u00eda\" \/>\n<meta property=\"article:publisher\" content=\"https:\/\/www.facebook.com\/cdeuniversidadalmeria\/\" \/>\n<meta property=\"article:published_time\" content=\"2025-12-01T02:00:40+00:00\" \/>\n<meta property=\"og:image\" content=\"https:\/\/www.cde.ual.es\/wp-content\/uploads\/2017\/12\/Discapacidad.jpg\" \/>\n\t<meta property=\"og:image:width\" content=\"960\" \/>\n\t<meta property=\"og:image:height\" content=\"640\" \/>\n\t<meta property=\"og:image:type\" content=\"image\/jpeg\" \/>\n<meta name=\"author\" content=\"AdminCDE\" \/>\n<meta name=\"twitter:card\" content=\"summary_large_image\" \/>\n<meta name=\"twitter:creator\" content=\"@cdeualmeria\" \/>\n<meta name=\"twitter:site\" content=\"@cdeualmeria\" \/>\n<meta name=\"twitter:label1\" content=\"Written by\" \/>\n\t<meta name=\"twitter:data1\" content=\"AdminCDE\" \/>\n\t<meta name=\"twitter:label2\" content=\"Est. reading time\" \/>\n\t<meta name=\"twitter:data2\" content=\"3 minutes\" \/>\n<script type=\"application\/ld+json\" class=\"yoast-schema-graph\">{\"@context\":\"https:\\\/\\\/schema.org\",\"@graph\":[{\"@type\":\"Article\",\"@id\":\"https:\\\/\\\/www.cde.ual.es\\\/estrategia-de-discapacidad-el-pe-pide-mas-esfuerzo-en-empleo-vivienda-sanidad\\\/#article\",\"isPartOf\":{\"@id\":\"https:\\\/\\\/www.cde.ual.es\\\/estrategia-de-discapacidad-el-pe-pide-mas-esfuerzo-en-empleo-vivienda-sanidad\\\/\"},\"author\":{\"name\":\"AdminCDE\",\"@id\":\"https:\\\/\\\/www.cde.ual.es\\\/#\\\/schema\\\/person\\\/224ef08c8bcc005f319d2713ce37ee5f\"},\"headline\":\"Disability strategy: EP calls for greater efforts in employment, housing and healthcare\",\"datePublished\":\"2025-12-01T02:00:40+00:00\",\"mainEntityOfPage\":{\"@id\":\"https:\\\/\\\/www.cde.ual.es\\\/estrategia-de-discapacidad-el-pe-pide-mas-esfuerzo-en-empleo-vivienda-sanidad\\\/\"},\"wordCount\":439,\"commentCount\":0,\"publisher\":{\"@id\":\"https:\\\/\\\/www.cde.ual.es\\\/#organization\"},\"image\":{\"@id\":\"https:\\\/\\\/www.cde.ual.es\\\/estrategia-de-discapacidad-el-pe-pide-mas-esfuerzo-en-empleo-vivienda-sanidad\\\/#primaryimage\"},\"thumbnailUrl\":\"https:\\\/\\\/www.cde.ual.es\\\/wp-content\\\/uploads\\\/2017\\\/12\\\/Discapacidad.jpg\",\"keywords\":[\"actualidad\",\"Disability\",\"education\",\"Employment\",\"European Parliament\",\"European Union\",\"health\",\"housing\",\"Inclusi\u00f3n\",\"News\",\"strategy\"],\"articleSection\":[\"Equality\",\"EU News\",\"Social Affairs\"],\"inLanguage\":\"en-US\",\"potentialAction\":[{\"@type\":\"CommentAction\",\"name\":\"Comment\",\"target\":[\"https:\\\/\\\/www.cde.ual.es\\\/estrategia-de-discapacidad-el-pe-pide-mas-esfuerzo-en-empleo-vivienda-sanidad\\\/#respond\"]}]},{\"@type\":\"WebPage\",\"@id\":\"https:\\\/\\\/www.cde.ual.es\\\/estrategia-de-discapacidad-el-pe-pide-mas-esfuerzo-en-empleo-vivienda-sanidad\\\/\",\"url\":\"https:\\\/\\\/www.cde.ual.es\\\/estrategia-de-discapacidad-el-pe-pide-mas-esfuerzo-en-empleo-vivienda-sanidad\\\/\",\"name\":\"Disability strategy: EP calls for greater efforts in employment, housing and healthcare | CDE Almer\u00eda - Centro de Documentaci\u00f3n Europea - Universidad de Almer\u00eda\",\"isPartOf\":{\"@id\":\"https:\\\/\\\/www.cde.ual.es\\\/#website\"},\"primaryImageOfPage\":{\"@id\":\"https:\\\/\\\/www.cde.ual.es\\\/estrategia-de-discapacidad-el-pe-pide-mas-esfuerzo-en-empleo-vivienda-sanidad\\\/#primaryimage\"},\"image\":{\"@id\":\"https:\\\/\\\/www.cde.ual.es\\\/estrategia-de-discapacidad-el-pe-pide-mas-esfuerzo-en-empleo-vivienda-sanidad\\\/#primaryimage\"},\"thumbnailUrl\":\"https:\\\/\\\/www.cde.ual.es\\\/wp-content\\\/uploads\\\/2017\\\/12\\\/Discapacidad.jpg\",\"datePublished\":\"2025-12-01T02:00:40+00:00\",\"breadcrumb\":{\"@id\":\"https:\\\/\\\/www.cde.ual.es\\\/estrategia-de-discapacidad-el-pe-pide-mas-esfuerzo-en-empleo-vivienda-sanidad\\\/#breadcrumb\"},\"inLanguage\":\"en-US\",\"potentialAction\":[{\"@type\":\"ReadAction\",\"target\":[\"https:\\\/\\\/www.cde.ual.es\\\/estrategia-de-discapacidad-el-pe-pide-mas-esfuerzo-en-empleo-vivienda-sanidad\\\/\"]}]},{\"@type\":\"ImageObject\",\"inLanguage\":\"en-US\",\"@id\":\"https:\\\/\\\/www.cde.ual.es\\\/estrategia-de-discapacidad-el-pe-pide-mas-esfuerzo-en-empleo-vivienda-sanidad\\\/#primaryimage\",\"url\":\"https:\\\/\\\/www.cde.ual.es\\\/wp-content\\\/uploads\\\/2017\\\/12\\\/Discapacidad.jpg\",\"contentUrl\":\"https:\\\/\\\/www.cde.ual.es\\\/wp-content\\\/uploads\\\/2017\\\/12\\\/Discapacidad.jpg\",\"width\":960,\"height\":640},{\"@type\":\"BreadcrumbList\",\"@id\":\"https:\\\/\\\/www.cde.ual.es\\\/estrategia-de-discapacidad-el-pe-pide-mas-esfuerzo-en-empleo-vivienda-sanidad\\\/#breadcrumb\",\"itemListElement\":[{\"@type\":\"ListItem\",\"position\":1,\"name\":\"Inicio\",\"item\":\"https:\\\/\\\/www.cde.ual.es\\\/en\\\/\"},{\"@type\":\"ListItem\",\"position\":2,\"name\":\"Noticias UE\",\"item\":\"https:\\\/\\\/www.cde.ual.es\\\/category\\\/noticias-ue\\\/\"},{\"@type\":\"ListItem\",\"position\":3,\"name\":\"Asuntos Sociales\",\"item\":\"https:\\\/\\\/www.cde.ual.es\\\/category\\\/noticias-ue\\\/soc\\\/\"},{\"@type\":\"ListItem\",\"position\":4,\"name\":\"Igualdad\",\"item\":\"https:\\\/\\\/www.cde.ual.es\\\/category\\\/noticias-ue\\\/soc\\\/igualdad\\\/\"},{\"@type\":\"ListItem\",\"position\":5,\"name\":\"Disability strategy: EP calls for greater efforts in employment, housing and healthcare\"}]},{\"@type\":\"WebSite\",\"@id\":\"https:\\\/\\\/www.cde.ual.es\\\/#website\",\"url\":\"https:\\\/\\\/www.cde.ual.es\\\/\",\"name\":\"CDE Almer\u00eda - Centro de Documentaci\u00f3n Europea - Universidad de Almer\u00eda\",\"description\":\"Centro de Documentaci\u00f3n Europea de la Universidad de Almer\u00eda\",\"publisher\":{\"@id\":\"https:\\\/\\\/www.cde.ual.es\\\/#organization\"},\"alternateName\":\"CDE Almer\u00eda\",\"potentialAction\":[{\"@type\":\"SearchAction\",\"target\":{\"@type\":\"EntryPoint\",\"urlTemplate\":\"https:\\\/\\\/www.cde.ual.es\\\/?s={search_term_string}\"},\"query-input\":{\"@type\":\"PropertyValueSpecification\",\"valueRequired\":true,\"valueName\":\"search_term_string\"}}],\"inLanguage\":\"en-US\"},{\"@type\":\"Organization\",\"@id\":\"https:\\\/\\\/www.cde.ual.es\\\/#organization\",\"name\":\"Centro de Documentaci\u00f3n Europea de Almer\u00eda\",\"url\":\"https:\\\/\\\/www.cde.ual.es\\\/\",\"logo\":{\"@type\":\"ImageObject\",\"inLanguage\":\"en-US\",\"@id\":\"https:\\\/\\\/www.cde.ual.es\\\/#\\\/schema\\\/logo\\\/image\\\/\",\"url\":\"https:\\\/\\\/www.cde.ual.es\\\/wp-content\\\/uploads\\\/2025\\\/07\\\/cde-logo-3.png\",\"contentUrl\":\"https:\\\/\\\/www.cde.ual.es\\\/wp-content\\\/uploads\\\/2025\\\/07\\\/cde-logo-3.png\",\"width\":1400,\"height\":300,\"caption\":\"Centro de Documentaci\u00f3n Europea de Almer\u00eda\"},\"image\":{\"@id\":\"https:\\\/\\\/www.cde.ual.es\\\/#\\\/schema\\\/logo\\\/image\\\/\"},\"sameAs\":[\"https:\\\/\\\/www.facebook.com\\\/cdeuniversidadalmeria\\\/\",\"https:\\\/\\\/x.com\\\/cdeualmeria\",\"https:\\\/\\\/www.tiktok.com\\\/@cdealmeria\",\"https:\\\/\\\/www.instagram.com\\\/cdealmeria\\\/\",\"https:\\\/\\\/www.linkedin.com\\\/in\\\/cde-almera-812b26a9\\\/\"]},{\"@type\":\"Person\",\"@id\":\"https:\\\/\\\/www.cde.ual.es\\\/#\\\/schema\\\/person\\\/224ef08c8bcc005f319d2713ce37ee5f\",\"name\":\"AdminCDE\",\"image\":{\"@type\":\"ImageObject\",\"inLanguage\":\"en-US\",\"@id\":\"https:\\\/\\\/secure.gravatar.com\\\/avatar\\\/a72d038d371f995cd13706fac32274b7952a52e8fb0a84b5f80c85426f2a98a8?s=96&d=mm&r=g\",\"url\":\"https:\\\/\\\/secure.gravatar.com\\\/avatar\\\/a72d038d371f995cd13706fac32274b7952a52e8fb0a84b5f80c85426f2a98a8?s=96&d=mm&r=g\",\"contentUrl\":\"https:\\\/\\\/secure.gravatar.com\\\/avatar\\\/a72d038d371f995cd13706fac32274b7952a52e8fb0a84b5f80c85426f2a98a8?s=96&d=mm&r=g\",\"caption\":\"AdminCDE\"}}]}<\/script>\n<!-- \/ Yoast SEO plugin. -->","yoast_head_json":{"title":"Disability strategy: EP calls for greater efforts in employment, housing and healthcare | CDE Almer\u00eda - Centro de Documentaci\u00f3n Europea - Universidad de Almer\u00eda","robots":{"index":"index","follow":"follow","max-snippet":"max-snippet:-1","max-image-preview":"max-image-preview:large","max-video-preview":"max-video-preview:-1"},"canonical":"https:\/\/www.cde.ual.es\/estrategia-de-discapacidad-el-pe-pide-mas-esfuerzo-en-empleo-vivienda-sanidad\/","og_locale":"en_US","og_type":"article","og_title":"Disability strategy: EP calls for greater efforts in employment, housing and healthcare | CDE Almer\u00eda - Centro de Documentaci\u00f3n Europea - Universidad de Almer\u00eda","og_description":"The EP wants ambitious measures to ensure access for people with disabilities to the labour market, social protection, education, healthcare, housing and digital services. In a resolution adopted on Thursday by 490 votes to 9, with 109 abstentions, MEPs call for an effective strategy for 2025-2030 that includes concrete measures and legal instruments to address [&hellip;]","og_url":"https:\/\/www.cde.ual.es\/estrategia-de-discapacidad-el-pe-pide-mas-esfuerzo-en-empleo-vivienda-sanidad\/","og_site_name":"CDE Almer\u00eda - Centro de Documentaci\u00f3n Europea - Universidad de Almer\u00eda","article_publisher":"https:\/\/www.facebook.com\/cdeuniversidadalmeria\/","article_published_time":"2025-12-01T02:00:40+00:00","og_image":[{"width":960,"height":640,"url":"https:\/\/www.cde.ual.es\/wp-content\/uploads\/2017\/12\/Discapacidad.jpg","type":"image\/jpeg"}],"author":"AdminCDE","twitter_card":"summary_large_image","twitter_creator":"@cdeualmeria","twitter_site":"@cdeualmeria","twitter_misc":{"Written by":"AdminCDE","Est. reading time":"3 minutes"},"schema":{"@context":"https:\/\/schema.org","@graph":[{"@type":"Article","@id":"https:\/\/www.cde.ual.es\/estrategia-de-discapacidad-el-pe-pide-mas-esfuerzo-en-empleo-vivienda-sanidad\/#article","isPartOf":{"@id":"https:\/\/www.cde.ual.es\/estrategia-de-discapacidad-el-pe-pide-mas-esfuerzo-en-empleo-vivienda-sanidad\/"},"author":{"name":"AdminCDE","@id":"https:\/\/www.cde.ual.es\/#\/schema\/person\/224ef08c8bcc005f319d2713ce37ee5f"},"headline":"Disability strategy: EP calls for greater efforts in employment, housing and healthcare","datePublished":"2025-12-01T02:00:40+00:00","mainEntityOfPage":{"@id":"https:\/\/www.cde.ual.es\/estrategia-de-discapacidad-el-pe-pide-mas-esfuerzo-en-empleo-vivienda-sanidad\/"},"wordCount":439,"commentCount":0,"publisher":{"@id":"https:\/\/www.cde.ual.es\/#organization"},"image":{"@id":"https:\/\/www.cde.ual.es\/estrategia-de-discapacidad-el-pe-pide-mas-esfuerzo-en-empleo-vivienda-sanidad\/#primaryimage"},"thumbnailUrl":"https:\/\/www.cde.ual.es\/wp-content\/uploads\/2017\/12\/Discapacidad.jpg","keywords":["actualidad","Disability","education","Employment","European Parliament","European Union","health","housing","Inclusi\u00f3n","News","strategy"],"articleSection":["Equality","EU News","Social Affairs"],"inLanguage":"en-US","potentialAction":[{"@type":"CommentAction","name":"Comment","target":["https:\/\/www.cde.ual.es\/estrategia-de-discapacidad-el-pe-pide-mas-esfuerzo-en-empleo-vivienda-sanidad\/#respond"]}]},{"@type":"WebPage","@id":"https:\/\/www.cde.ual.es\/estrategia-de-discapacidad-el-pe-pide-mas-esfuerzo-en-empleo-vivienda-sanidad\/","url":"https:\/\/www.cde.ual.es\/estrategia-de-discapacidad-el-pe-pide-mas-esfuerzo-en-empleo-vivienda-sanidad\/","name":"Disability strategy: EP calls for greater efforts in employment, housing and healthcare | CDE Almer\u00eda - Centro de Documentaci\u00f3n Europea - Universidad de Almer\u00eda","isPartOf":{"@id":"https:\/\/www.cde.ual.es\/#website"},"primaryImageOfPage":{"@id":"https:\/\/www.cde.ual.es\/estrategia-de-discapacidad-el-pe-pide-mas-esfuerzo-en-empleo-vivienda-sanidad\/#primaryimage"},"image":{"@id":"https:\/\/www.cde.ual.es\/estrategia-de-discapacidad-el-pe-pide-mas-esfuerzo-en-empleo-vivienda-sanidad\/#primaryimage"},"thumbnailUrl":"https:\/\/www.cde.ual.es\/wp-content\/uploads\/2017\/12\/Discapacidad.jpg","datePublished":"2025-12-01T02:00:40+00:00","breadcrumb":{"@id":"https:\/\/www.cde.ual.es\/estrategia-de-discapacidad-el-pe-pide-mas-esfuerzo-en-empleo-vivienda-sanidad\/#breadcrumb"},"inLanguage":"en-US","potentialAction":[{"@type":"ReadAction","target":["https:\/\/www.cde.ual.es\/estrategia-de-discapacidad-el-pe-pide-mas-esfuerzo-en-empleo-vivienda-sanidad\/"]}]},{"@type":"ImageObject","inLanguage":"en-US","@id":"https:\/\/www.cde.ual.es\/estrategia-de-discapacidad-el-pe-pide-mas-esfuerzo-en-empleo-vivienda-sanidad\/#primaryimage","url":"https:\/\/www.cde.ual.es\/wp-content\/uploads\/2017\/12\/Discapacidad.jpg","contentUrl":"https:\/\/www.cde.ual.es\/wp-content\/uploads\/2017\/12\/Discapacidad.jpg","width":960,"height":640},{"@type":"BreadcrumbList","@id":"https:\/\/www.cde.ual.es\/estrategia-de-discapacidad-el-pe-pide-mas-esfuerzo-en-empleo-vivienda-sanidad\/#breadcrumb","itemListElement":[{"@type":"ListItem","position":1,"name":"Inicio","item":"https:\/\/www.cde.ual.es\/en\/"},{"@type":"ListItem","position":2,"name":"Noticias UE","item":"https:\/\/www.cde.ual.es\/category\/noticias-ue\/"},{"@type":"ListItem","position":3,"name":"Asuntos Sociales","item":"https:\/\/www.cde.ual.es\/category\/noticias-ue\/soc\/"},{"@type":"ListItem","position":4,"name":"Igualdad","item":"https:\/\/www.cde.ual.es\/category\/noticias-ue\/soc\/igualdad\/"},{"@type":"ListItem","position":5,"name":"Disability strategy: EP calls for greater efforts in employment, housing and healthcare"}]},{"@type":"WebSite","@id":"https:\/\/www.cde.ual.es\/#website","url":"https:\/\/www.cde.ual.es\/","name":"CDE Almer\u00eda - Centro de Documentaci\u00f3n Europea - Universidad de Almer\u00eda","description":"Centro de Documentaci\u00f3n Europea de la Universidad de Almer\u00eda","publisher":{"@id":"https:\/\/www.cde.ual.es\/#organization"},"alternateName":"CDE Almer\u00eda","potentialAction":[{"@type":"SearchAction","target":{"@type":"EntryPoint","urlTemplate":"https:\/\/www.cde.ual.es\/?s={search_term_string}"},"query-input":{"@type":"PropertyValueSpecification","valueRequired":true,"valueName":"search_term_string"}}],"inLanguage":"en-US"},{"@type":"Organization","@id":"https:\/\/www.cde.ual.es\/#organization","name":"Centro de Documentaci\u00f3n Europea de Almer\u00eda","url":"https:\/\/www.cde.ual.es\/","logo":{"@type":"ImageObject","inLanguage":"en-US","@id":"https:\/\/www.cde.ual.es\/#\/schema\/logo\/image\/","url":"https:\/\/www.cde.ual.es\/wp-content\/uploads\/2025\/07\/cde-logo-3.png","contentUrl":"https:\/\/www.cde.ual.es\/wp-content\/uploads\/2025\/07\/cde-logo-3.png","width":1400,"height":300,"caption":"Centro de Documentaci\u00f3n Europea de Almer\u00eda"},"image":{"@id":"https:\/\/www.cde.ual.es\/#\/schema\/logo\/image\/"},"sameAs":["https:\/\/www.facebook.com\/cdeuniversidadalmeria\/","https:\/\/x.com\/cdeualmeria","https:\/\/www.tiktok.com\/@cdealmeria","https:\/\/www.instagram.com\/cdealmeria\/","https:\/\/www.linkedin.com\/in\/cde-almera-812b26a9\/"]},{"@type":"Person","@id":"https:\/\/www.cde.ual.es\/#\/schema\/person\/224ef08c8bcc005f319d2713ce37ee5f","name":"AdminCDE","image":{"@type":"ImageObject","inLanguage":"en-US","@id":"https:\/\/secure.gravatar.com\/avatar\/a72d038d371f995cd13706fac32274b7952a52e8fb0a84b5f80c85426f2a98a8?s=96&d=mm&r=g","url":"https:\/\/secure.gravatar.com\/avatar\/a72d038d371f995cd13706fac32274b7952a52e8fb0a84b5f80c85426f2a98a8?s=96&d=mm&r=g","contentUrl":"https:\/\/secure.gravatar.com\/avatar\/a72d038d371f995cd13706fac32274b7952a52e8fb0a84b5f80c85426f2a98a8?s=96&d=mm&r=g","caption":"AdminCDE"}}]}},"_links":{"self":[{"href":"https:\/\/www.cde.ual.es\/en\/wp-json\/wp\/v2\/posts\/163760","targetHints":{"allow":["GET"]}}],"collection":[{"href":"https:\/\/www.cde.ual.es\/en\/wp-json\/wp\/v2\/posts"}],"about":[{"href":"https:\/\/www.cde.ual.es\/en\/wp-json\/wp\/v2\/types\/post"}],"author":[{"embeddable":true,"href":"https:\/\/www.cde.ual.es\/en\/wp-json\/wp\/v2\/users\/1"}],"replies":[{"embeddable":true,"href":"https:\/\/www.cde.ual.es\/en\/wp-json\/wp\/v2\/comments?post=163760"}],"version-history":[{"count":1,"href":"https:\/\/www.cde.ual.es\/en\/wp-json\/wp\/v2\/posts\/163760\/revisions"}],"predecessor-version":[{"id":163762,"href":"https:\/\/www.cde.ual.es\/en\/wp-json\/wp\/v2\/posts\/163760\/revisions\/163762"}],"wp:featuredmedia":[{"embeddable":true,"href":"https:\/\/www.cde.ual.es\/en\/wp-json\/wp\/v2\/media\/16327"}],"wp:attachment":[{"href":"https:\/\/www.cde.ual.es\/en\/wp-json\/wp\/v2\/media?parent=163760"}],"wp:term":[{"taxonomy":"category","embeddable":true,"href":"https:\/\/www.cde.ual.es\/en\/wp-json\/wp\/v2\/categories?post=163760"},{"taxonomy":"post_tag","embeddable":true,"href":"https:\/\/www.cde.ual.es\/en\/wp-json\/wp\/v2\/tags?post=163760"}],"curies":[{"name":"wp","href":"https:\/\/api.w.org\/{rel}","templated":true}]}}