{"id":163697,"date":"2025-11-27T08:33:55","date_gmt":"2025-11-27T07:33:55","guid":{"rendered":"https:\/\/www.cde.ual.es\/?p=163697"},"modified":"2025-11-27T08:33:55","modified_gmt":"2025-11-27T07:33:55","slug":"commission-outlines-priorities-to-boost-eu-competitiveness-in-its-2026-european-semester-autumn-package","status":"publish","type":"post","link":"https:\/\/www.cde.ual.es\/en\/commission-outlines-priorities-to-boost-eu-competitiveness-in-its-2026-european-semester-autumn-package\/","title":{"rendered":"Commission outlines priorities to boost EU competitiveness in its 2026 European Semester Autumn Package"},"content":{"rendered":"<p><img decoding=\"async\" class=\"aligncenter\" src=\"https:\/\/www.cde.ual.es\/wp-content\/uploads\/2019\/02\/Comisi%C3%B3n-Europea.jpg\" alt=\"banderas europeas\" width=\"596\" height=\"397\" \/><\/p>\n<p style=\"text-align: justify;\">The European Commission adopted on November 26th the <strong>2026\u00a0<\/strong><strong>European Semester<\/strong><strong>\u00a0Autumn Package<\/strong>, setting out economic and employment policy priorities to\u00a0<strong>boost competitiveness<\/strong>. In an increasingly challenging geopolitical environment, the Commission calls for coordinated action to strengthen productivity, innovation and investment, in line with the\u00a0Competitiveness Compass. The Autumn Package launches the 2026 European Semester cycle, which will improve its analytical basis, strengthen dialogue between Member States and stakeholders, and reinforce the focus on implementation.<\/p>\n<p style=\"text-align: justify;\">The 2026 European Semester Spring Package will provide policy recommendations to tackle the main country-specific challenges identified in the\u00a0Country Reports, building on a comprehensive set of 2025 country-specific recommendations.<\/p>\n<p style=\"text-align: justify;\">This package builds on the\u00a0Autumn 2025 Economic Forecast, which shows that the\u00a0<strong>EU<\/strong>\u00a0<strong>economy remains resilient with moderate growth<\/strong>\u00a0mostly driven by robust domestic demand and investment, a solid labour market and easing inflation. At the same time, the EU is confronted with several strategic vulnerabilities and continues to face structural challenges, including low productivity, demographic pressures, and increasing demands on public finances linked to defence and the transition to a decarbonised and digital economy.\u00a0<strong>Strengthening competitiveness and maintaining sound public finances will therefore be essential to unlock Europe&#8217;s growth potential and safeguard stability.<\/strong><\/p>\n<p style=\"text-align: justify;\">The Semester is reinforced with a new EU27 recommendation on human capital in view of the urgent need to increase productivity, boost talent and develop a future proof labour market.<\/p>\n<p style=\"text-align: justify;\"><strong>Assessment of Member States&#8217; Compliance with the EU fiscal framework<\/strong><\/p>\n<p style=\"text-align: justify;\">Under this Semester Package, the Commission has assessed all Member States&#8217; compliance with the EU fiscal framework and provided guidance to ensure that their fiscal policy in 2026 is aligned with the relevant Council Recommendations: either those endorsing Member States&#8217; medium-term plans, or, for Member States under an excessive deficit procedure (EDP), recommendations aiming to bring an end to the EDP.<\/p>\n<p style=\"text-align: justify;\">The Commission&#8217;s assessment focuses on the growth of net expenditure, the single operational indicator in the reformed economic governance framework. For the 16 Member States for which the Council has activated the national escape clause, the assessment takes into account the flexibility for increases in defence expenditure.<\/p>\n<p style=\"text-align: justify;\">In particular, the Commission adopted\u00a0<strong>Opinions on the Draft Budgetary Plans<\/strong><strong>\u00a0(DBPs)<\/strong>\u00a0for 2026 of 17 euro area Member States:<\/p>\n<ul style=\"text-align: justify;\">\n<li><strong>12 DBPs are assessed compliant<\/strong>\u00a0and Member States are therefore invited to continue implementing fiscal policies in 2026 as planned:\u00a0<strong>Cyprus, Estonia, Finland<\/strong>,\u00a0<strong>France<\/strong>,\u00a0<strong>Germany<\/strong>,\u00a0<strong>Greece<\/strong>,\u00a0<strong>Ireland<\/strong>,\u00a0<strong>Italy<\/strong>,\u00a0<strong>Latvia<\/strong>,\u00a0<strong>Luxembourg<\/strong>,\u00a0<strong>Portugal<\/strong>,\u00a0<strong>Slovakia<\/strong>.<\/li>\n<li><strong>3 DBPs are assessed at risk of non-compliance<\/strong>\u00a0and Member States are therefore invited to take the necessary measures within their national budgetary process to ensure that fiscal policy in 2026 is in line with the Council Recommendation:\u00a0<strong>Croatia<\/strong>,\u00a0<strong>Lithuania\u00a0<\/strong>and<strong>\u00a0Slovenia<\/strong>.<\/li>\n<li><strong>2 DBPs are assessed at risk of material non-compliance<\/strong>\u00a0and Member States are therefore invited to take the necessary measures within the national budgetary process to ensure that fiscal policy in 2026 is in line with the Council Recommendation:\u00a0<strong>Malta<\/strong>\u00a0and\u00a0<strong>the Netherlands<\/strong>.<\/li>\n<\/ul>\n<p style=\"text-align: justify;\">The Commission has also assessed the fiscal developments and prospects in the other Member States.<\/p>\n<ul style=\"text-align: justify;\">\n<li><strong>7 Member States\u00a0<\/strong>are assessed as<strong>\u00a0compliant<\/strong>:\u00a0<strong>Austria<\/strong>,\u00a0<strong>Belgium<\/strong>,\u00a0<strong>Czechia<\/strong>,<strong>\u00a0Denmark<\/strong>,\u00a0<strong>Sweden<\/strong>,<strong>\u00a0Poland<\/strong>, and<strong>\u00a0Romania<\/strong>.<\/li>\n<li><strong>3 Member States\u00a0<\/strong>are assessed as being at\u00a0<strong>risk of non-compliance<\/strong>:\u00a0<strong>Bulgaria<\/strong>,\u00a0<strong>Hungary<\/strong>, and\u00a0<strong>Spain<\/strong>.<\/li>\n<\/ul>\n<p style=\"text-align: justify;\"><strong>Developments on Excessive Deficit Procedures<\/strong><\/p>\n<p style=\"text-align: justify;\">For the nine Member States in excessive deficit procedure,\u00a0<strong>Austria<\/strong>,\u00a0<strong>Belgium<\/strong>,\u00a0<strong>France<\/strong>,\u00a0<strong>Hungary<\/strong>,\u00a0<strong>Italy<\/strong>,\u00a0<strong>Malta<\/strong>,\u00a0<strong>Poland<\/strong>,\u00a0<strong>Romania<\/strong>, and\u00a0<strong>Slovakia<\/strong>, the procedure is held in abeyance. In concrete terms, this means that no further procedural steps are taken at this stage but that the ongoing procedure remains open (i.e. the deficit has not been durably brought below 3% of GDP), and the Member States remain bound by the respective Council recommendation. The Commission will reassess the situation next spring, when outturn data for 2025 becomes available.<\/p>\n<p style=\"text-align: justify;\">The Commission also prepared a Report under Article 126(3) of the Treaty on the Functioning of the EU to assess compliance with the Treaty&#8217;s deficit criterion for two Member States,\u00a0<strong>Germany<\/strong>\u00a0and\u00a0<strong>Finland<\/strong>. In light of the assessment contained in the report, opening of an excessive deficit procedure is warranted for\u00a0<strong>Finland<\/strong>. Therefore, after taking into account the opinion of the Economic and Financial Committee, the Commission will consider proposing to the Council to open an excessive deficit procedure for\u00a0<strong>Finland<\/strong>\u00a0and propose to the Council a recommendation to put an end to the excessive deficit situation.<\/p>\n<p style=\"text-align: justify;\"><strong>Recommendation for euro area economic policy for 2026<\/strong><\/p>\n<p style=\"text-align: justify;\">This recommendation presents tailored policy advice to euro area Member States on topics that affect the functioning of the euro area as a whole. This year, the focus of the recommendation is on policy action to boost productivity and strengthen economic security, while maintaining the sustainability of public finances.<\/p>\n<p style=\"text-align: justify;\">More specifically, the recommendation calls on euro area Member States to:<\/p>\n<ul style=\"text-align: justify;\">\n<li>Safeguard\u00a0<strong>fiscal sustainability<\/strong>\u00a0by respecting the net expenditure paths recommended by the Council, including, where applicable, the flexibility granted for defence spending. \u00a0This would result in an overall neutral fiscal stance in 2026 for the euro area. Members States are also recommended to reprioritise budgets to accommodate the necessary spending on strategic investments.<\/li>\n<li>Address\u00a0<strong>defence\u00a0<\/strong>industry bottlenecks and promote joint procurement.<\/li>\n<li>Complete the implementation of their\u00a0<strong>Recovery and Resilience Plans<\/strong>\u00a0by 31 August 2026, ensuring full absorption of EU funds.<\/li>\n<li>Strengthen\u00a0<strong>labour markets<\/strong>\u00a0by boosting skills, improving education outcomes, increasing participation, supporting job quality and addressing poverty and housing affordability, while ensuring wage growth remains aligned with productivity.<\/li>\n<li>Promote\u00a0<strong>investments in innovation<\/strong>\u00a0and strategic sectors, as well as enhance the functioning of the\u00a0<strong>Single Market<\/strong>\u00a0through regulatory simplification and the removal of barriers, in order to boost efficiency and scale.<\/li>\n<li>Take steps to develop a\u00a0<strong>European Savings and Investment Union\u00a0<\/strong>to mobilise capital, advance the creation of a digital euro, strengthen the international role of the currency, and monitor macro-financial stability risks.<\/li>\n<\/ul>\n<p style=\"text-align: justify;\"><strong>Recommendation on Human capital<\/strong><\/p>\n<p style=\"text-align: justify;\">For the first time, the Commission proposed a Council recommendation on human capital.<\/p>\n<p style=\"text-align: justify;\">The new Recommendation is addressed to all 27 Member States and calls for urgent actions to tackle human capital related structural challenges that can damage our competitiveness.<\/p>\n<p style=\"text-align: justify;\">The recommendation therefore calls on Member States to prioritise education and skilling needed in strategic sectors for the EU economy, from clean transition, circular economy and industrial decarbonisation, health and biotech, agriculture and bioeconomy, to defence industry and space. It thus calls for stronger science, technology, engineering and mathematics (STEM) programmes.<\/p>\n<p style=\"text-align: justify;\">It calls to\u00a0<strong>reverse the negative trend in basic skills.<\/strong>\u00a0This is essential to grow a future labour force with strong foundations to work and be trained in new tech and competitive industries.<\/p>\n<p style=\"text-align: justify;\">Investment is a joint responsibility for businesses and public authorities alike. The Recommendation calls for public and private mobilization of resources to be invested in people. This is to the benefit of society, business, and people alike.<\/p>\n<p style=\"text-align: justify;\"><strong>It finally calls for the importance of good quality, timely data and analysis that keeps pace with the evolution of economy\u00a0<\/strong>and is able<strong>\u00a0<\/strong>to anticipate emerging professions of the future so that our policies can answer the need of today and tomorrow rather than the ones of yesterday.<\/p>\n<p style=\"text-align: justify;\"><strong>Alert Mechanism Report<\/strong><\/p>\n<p style=\"text-align: justify;\">The\u00a0Alert Mechanism Report (AMR)\u00a0serves as the EU&#8217;s annual screening tool to facilitate an early identification of potential macroeconomic imbalances that may affect the economy of individual Member States, the euro area, or the EU as a whole. It identifies Member States which require\u00a0in-depth reviews\u00a0to assess whether they are affected by imbalances requiring policy action. The AMR is the starting point of the annual\u00a0macroeconomic imbalance procedure (MIP) cycle.<\/p>\n<p style=\"text-align: justify;\">This year&#8217;s AMR calls for in-depth reviews to be prepared for the seven Member States already identified in the previous annual cycle as experiencing imbalances:\u00a0<strong>Greece<\/strong>,<strong>\u00a0Hungary<\/strong>,<strong>\u00a0Italy<\/strong>,<strong>\u00a0the Netherlands<\/strong>,\u00a0<strong>Slovakia<\/strong>,<strong>\u00a0<\/strong>and<strong>\u00a0Sweden<\/strong>, as well as for\u00a0<strong>Romania<\/strong>, which was assessed as having excessive imbalances in 2025.<\/p>\n<p style=\"text-align: justify;\">The reviews will take place in the first half of 2026, and the Commission&#8217;s decisions on imbalances will be presented as part of the European Semester Spring Package.<\/p>\n<p style=\"text-align: justify;\"><strong>European Macroeconomic Report<\/strong><\/p>\n<p style=\"text-align: justify;\">The newly introduced European Macroeconomic Report in this Semester cycle underpins both the Euro Area Recommendation and the Alert Mechanism Report. It provides an overview of the euro area and EU economies in a rapidly evolving global environment, analysing key risks and opportunities. Key areas of focus include productivity challenges, vulnerabilities within the EU, and actions to strengthen Europe&#8217;s long-term competitiveness by boosting innovation, deepening the Single Market and mobilising private investment.<\/p>\n<p style=\"text-align: justify;\">The report also examines Europe&#8217;s high saving rate in the context of fragmented capital markets and the potential benefits of a Savings and Investment Union to channel capital more effectively within the Union. In addition, it analyses the macroeconomic impact of higher defence spending, and looks at the impact of different types of defence expenditure, with a focus on domestic investment and R&amp;D. The report further explores ways to reinforce Europe&#8217;s industrial capacity, such as through coordinated procurement.<\/p>\n<p style=\"text-align: justify;\"><strong>Post-programme surveillance<\/strong><\/p>\n<p style=\"text-align: justify;\">The Commission published post-programme surveillance reports for\u00a0<strong>Ireland<\/strong>,\u00a0<strong>Greece<\/strong>,\u00a0<strong>Spain<\/strong>,\u00a0<strong>Cyprus<\/strong>\u00a0and\u00a0<strong>Portugal<\/strong>, assessing their economic, fiscal and financial situation with a focus on their repayment capacity following their financial assistance programmes. The reports conclude that all five Member States retain the capacity to service their debt.<\/p>\n<p style=\"text-align: justify;\"><strong>Proposal for a Joint Employment<\/strong><strong>\u00a0Report<\/strong><\/p>\n<p style=\"text-align: justify;\">The Commission&#8217;s proposal for a Joint Employment Report (JER) shows that labour markets remain robust overall. However, several\u00a0<strong>structural weaknesses<\/strong>\u00a0pose a risk to the EU&#8217;s global competitiveness and to social cohesion. This includes\u00a0<strong>labour productivity<\/strong>, which shows a slow growth, and considerable\u00a0<strong>labour and skills shortages.<\/strong><\/p>\n<p style=\"text-align: justify;\">The Joint Employment report includes the first-stage<strong>\u00a0country analysis<\/strong>\u00a0<strong>of the Social Convergence Framework<\/strong>, based on the Social Scoreboard. The analysis identifies risks to upward social convergence in nine Member States that are identified for a deeper analysis in spring 2026: Bulgaria, Greece, Spain, Italy, Lithuania, Lativa, Luxembourg, Romania, and Finland.<\/p>\n<p style=\"text-align: justify;\"><strong>Next steps<\/strong><\/p>\n<p style=\"text-align: justify;\">The Eurogroup and the Council will now discuss the documents presented in the European Semester Autumn Package, with the view to endorsing the guidance offered.<\/p>\n<p style=\"text-align: justify;\">The Commission will engage in constructive dialogue with the European Parliament on the contents of this package, as well as on each subsequent steps in the European Semester cycle.<\/p>\n<p><strong>More information: <a href=\"https:\/\/ec.europa.eu\/commission\/presscorner\/detail\/en\/ip_25_2760\">European Commission<\/a><\/strong><\/p>\n","protected":false},"excerpt":{"rendered":"<p>The European Commission adopted on November 26th the 2026\u00a0European Semester\u00a0Autumn Package, setting out economic and employment policy priorities to\u00a0boost competitiveness. In an increasingly challenging geopolitical environment, the Commission calls for coordinated action to strengthen productivity, innovation and investment, in line with the\u00a0Competitiveness Compass. The Autumn Package launches the 2026 European Semester cycle, which will improve [&hellip;]<\/p>\n","protected":false},"author":1,"featured_media":25119,"comment_status":"open","ping_status":"open","sticky":false,"template":"","format":"standard","meta":{"_acf_changed":false,"_relevanssi_hide_post":"","_relevanssi_hide_content":"","_relevanssi_pin_for_all":"","_relevanssi_pin_keywords":"","_relevanssi_unpin_keywords":"","_relevanssi_related_keywords":"","_relevanssi_related_include_ids":"","_relevanssi_related_exclude_ids":"","_relevanssi_related_no_append":"","_relevanssi_related_not_related":"","_relevanssi_related_posts":"","_relevanssi_noindex_reason":"","_monsterinsights_skip_tracking":false,"_monsterinsights_sitenote_active":false,"_monsterinsights_sitenote_note":"","_monsterinsights_sitenote_category":0,"_genesis_hide_title":false,"_genesis_hide_breadcrumbs":false,"_genesis_hide_singular_image":false,"_genesis_hide_footer_widgets":false,"_genesis_custom_body_class":"","_genesis_custom_post_class":"","_genesis_layout":"","footnotes":""},"categories":[4090,346,4088],"tags":[16531,13797,14346,16532,779,1488,404,637,2788,3846],"class_list":{"0":"post-163697","1":"post","2":"type-post","3":"status-publish","4":"format-standard","5":"has-post-thumbnail","7":"category-economy-finance","8":"category-eu-news","9":"category-market","10":"tag-2026-european-semester-autumn-package","11":"tag-boost-competitiveness","12":"tag-competitiveness-compass","13":"tag-economic-and-employment-policy","14":"tag-eu-en","15":"tag-european-commission","16":"tag-innovation","17":"tag-investment","18":"tag-news","19":"tag-productivity","20":"entry"},"acf":[],"yoast_head":"<!-- This site is optimized with the Yoast SEO plugin v27.4 - https:\/\/yoast.com\/product\/yoast-seo-wordpress\/ -->\n<title>Commission outlines priorities to boost EU competitiveness in its 2026 European Semester Autumn Package | CDE Almer\u00eda - Centro de Documentaci\u00f3n Europea - Universidad de Almer\u00eda<\/title>\n<meta name=\"robots\" content=\"index, follow, max-snippet:-1, max-image-preview:large, max-video-preview:-1\" \/>\n<link rel=\"canonical\" href=\"https:\/\/www.cde.ual.es\/en\/commission-outlines-priorities-to-boost-eu-competitiveness-in-its-2026-european-semester-autumn-package\/\" \/>\n<meta property=\"og:locale\" content=\"en_US\" \/>\n<meta property=\"og:type\" content=\"article\" \/>\n<meta property=\"og:title\" content=\"Commission outlines priorities to boost EU competitiveness in its 2026 European Semester Autumn Package | CDE Almer\u00eda - Centro de Documentaci\u00f3n Europea - Universidad de Almer\u00eda\" \/>\n<meta property=\"og:description\" content=\"The European Commission adopted on November 26th the 2026\u00a0European Semester\u00a0Autumn Package, setting out economic and employment policy priorities to\u00a0boost competitiveness. In an increasingly challenging geopolitical environment, the Commission calls for coordinated action to strengthen productivity, innovation and investment, in line with the\u00a0Competitiveness Compass. The Autumn Package launches the 2026 European Semester cycle, which will improve [&hellip;]\" \/>\n<meta property=\"og:url\" content=\"https:\/\/www.cde.ual.es\/en\/commission-outlines-priorities-to-boost-eu-competitiveness-in-its-2026-european-semester-autumn-package\/\" \/>\n<meta property=\"og:site_name\" content=\"CDE Almer\u00eda - Centro de Documentaci\u00f3n Europea - Universidad de Almer\u00eda\" \/>\n<meta property=\"article:publisher\" content=\"https:\/\/www.facebook.com\/cdeuniversidadalmeria\/\" \/>\n<meta property=\"article:published_time\" content=\"2025-11-27T07:33:55+00:00\" \/>\n<meta property=\"og:image\" content=\"https:\/\/www.cde.ual.es\/wp-content\/uploads\/2019\/02\/Comisi\u00f3n-Europea.jpg\" \/>\n\t<meta property=\"og:image:width\" content=\"960\" \/>\n\t<meta property=\"og:image:height\" content=\"640\" \/>\n\t<meta property=\"og:image:type\" content=\"image\/jpeg\" \/>\n<meta name=\"author\" content=\"AdminCDE\" \/>\n<meta name=\"twitter:card\" content=\"summary_large_image\" \/>\n<meta name=\"twitter:creator\" content=\"@cdeualmeria\" \/>\n<meta name=\"twitter:site\" content=\"@cdeualmeria\" \/>\n<meta name=\"twitter:label1\" content=\"Written by\" \/>\n\t<meta name=\"twitter:data1\" content=\"AdminCDE\" \/>\n\t<meta name=\"twitter:label2\" content=\"Est. reading time\" \/>\n\t<meta name=\"twitter:data2\" content=\"9 minutes\" \/>\n<script type=\"application\/ld+json\" class=\"yoast-schema-graph\">{\"@context\":\"https:\\\/\\\/schema.org\",\"@graph\":[{\"@type\":\"Article\",\"@id\":\"https:\\\/\\\/www.cde.ual.es\\\/en\\\/commission-outlines-priorities-to-boost-eu-competitiveness-in-its-2026-european-semester-autumn-package\\\/#article\",\"isPartOf\":{\"@id\":\"https:\\\/\\\/www.cde.ual.es\\\/en\\\/commission-outlines-priorities-to-boost-eu-competitiveness-in-its-2026-european-semester-autumn-package\\\/\"},\"author\":{\"name\":\"AdminCDE\",\"@id\":\"https:\\\/\\\/www.cde.ual.es\\\/#\\\/schema\\\/person\\\/224ef08c8bcc005f319d2713ce37ee5f\"},\"headline\":\"Commission outlines priorities to boost EU competitiveness in its 2026 European Semester Autumn Package\",\"datePublished\":\"2025-11-27T07:33:55+00:00\",\"mainEntityOfPage\":{\"@id\":\"https:\\\/\\\/www.cde.ual.es\\\/en\\\/commission-outlines-priorities-to-boost-eu-competitiveness-in-its-2026-european-semester-autumn-package\\\/\"},\"wordCount\":1686,\"commentCount\":0,\"publisher\":{\"@id\":\"https:\\\/\\\/www.cde.ual.es\\\/#organization\"},\"image\":{\"@id\":\"https:\\\/\\\/www.cde.ual.es\\\/en\\\/commission-outlines-priorities-to-boost-eu-competitiveness-in-its-2026-european-semester-autumn-package\\\/#primaryimage\"},\"thumbnailUrl\":\"https:\\\/\\\/www.cde.ual.es\\\/wp-content\\\/uploads\\\/2019\\\/02\\\/Comisi\u00f3n-Europea.jpg\",\"keywords\":[\"2026 European Semester Autumn Package\",\"boost competitiveness\",\"competitiveness Compass.\",\"economic and employment policy\",\"EU\",\"European Commission\",\"innovation\",\"Investment\",\"News\",\"productivity\"],\"articleSection\":[\"Economy and Finance\",\"EU News\",\"Market\"],\"inLanguage\":\"en-US\",\"potentialAction\":[{\"@type\":\"CommentAction\",\"name\":\"Comment\",\"target\":[\"https:\\\/\\\/www.cde.ual.es\\\/en\\\/commission-outlines-priorities-to-boost-eu-competitiveness-in-its-2026-european-semester-autumn-package\\\/#respond\"]}]},{\"@type\":\"WebPage\",\"@id\":\"https:\\\/\\\/www.cde.ual.es\\\/en\\\/commission-outlines-priorities-to-boost-eu-competitiveness-in-its-2026-european-semester-autumn-package\\\/\",\"url\":\"https:\\\/\\\/www.cde.ual.es\\\/en\\\/commission-outlines-priorities-to-boost-eu-competitiveness-in-its-2026-european-semester-autumn-package\\\/\",\"name\":\"Commission outlines priorities to boost EU competitiveness in its 2026 European Semester Autumn Package | CDE Almer\u00eda - Centro de Documentaci\u00f3n Europea - Universidad de Almer\u00eda\",\"isPartOf\":{\"@id\":\"https:\\\/\\\/www.cde.ual.es\\\/#website\"},\"primaryImageOfPage\":{\"@id\":\"https:\\\/\\\/www.cde.ual.es\\\/en\\\/commission-outlines-priorities-to-boost-eu-competitiveness-in-its-2026-european-semester-autumn-package\\\/#primaryimage\"},\"image\":{\"@id\":\"https:\\\/\\\/www.cde.ual.es\\\/en\\\/commission-outlines-priorities-to-boost-eu-competitiveness-in-its-2026-european-semester-autumn-package\\\/#primaryimage\"},\"thumbnailUrl\":\"https:\\\/\\\/www.cde.ual.es\\\/wp-content\\\/uploads\\\/2019\\\/02\\\/Comisi\u00f3n-Europea.jpg\",\"datePublished\":\"2025-11-27T07:33:55+00:00\",\"breadcrumb\":{\"@id\":\"https:\\\/\\\/www.cde.ual.es\\\/en\\\/commission-outlines-priorities-to-boost-eu-competitiveness-in-its-2026-european-semester-autumn-package\\\/#breadcrumb\"},\"inLanguage\":\"en-US\",\"potentialAction\":[{\"@type\":\"ReadAction\",\"target\":[\"https:\\\/\\\/www.cde.ual.es\\\/en\\\/commission-outlines-priorities-to-boost-eu-competitiveness-in-its-2026-european-semester-autumn-package\\\/\"]}]},{\"@type\":\"ImageObject\",\"inLanguage\":\"en-US\",\"@id\":\"https:\\\/\\\/www.cde.ual.es\\\/en\\\/commission-outlines-priorities-to-boost-eu-competitiveness-in-its-2026-european-semester-autumn-package\\\/#primaryimage\",\"url\":\"https:\\\/\\\/www.cde.ual.es\\\/wp-content\\\/uploads\\\/2019\\\/02\\\/Comisi\u00f3n-Europea.jpg\",\"contentUrl\":\"https:\\\/\\\/www.cde.ual.es\\\/wp-content\\\/uploads\\\/2019\\\/02\\\/Comisi\u00f3n-Europea.jpg\",\"width\":960,\"height\":640,\"caption\":\"banderas europeas\"},{\"@type\":\"BreadcrumbList\",\"@id\":\"https:\\\/\\\/www.cde.ual.es\\\/en\\\/commission-outlines-priorities-to-boost-eu-competitiveness-in-its-2026-european-semester-autumn-package\\\/#breadcrumb\",\"itemListElement\":[{\"@type\":\"ListItem\",\"position\":1,\"name\":\"Inicio\",\"item\":\"https:\\\/\\\/www.cde.ual.es\\\/en\\\/\"},{\"@type\":\"ListItem\",\"position\":2,\"name\":\"EU News\",\"item\":\"https:\\\/\\\/www.cde.ual.es\\\/en\\\/category\\\/eu-news\\\/\"},{\"@type\":\"ListItem\",\"position\":3,\"name\":\"Market\",\"item\":\"https:\\\/\\\/www.cde.ual.es\\\/en\\\/category\\\/eu-news\\\/market\\\/\"},{\"@type\":\"ListItem\",\"position\":4,\"name\":\"Economy and Finance\",\"item\":\"https:\\\/\\\/www.cde.ual.es\\\/en\\\/category\\\/eu-news\\\/market\\\/economy-finance\\\/\"},{\"@type\":\"ListItem\",\"position\":5,\"name\":\"Commission outlines priorities to boost EU competitiveness in its 2026 European Semester Autumn Package\"}]},{\"@type\":\"WebSite\",\"@id\":\"https:\\\/\\\/www.cde.ual.es\\\/#website\",\"url\":\"https:\\\/\\\/www.cde.ual.es\\\/\",\"name\":\"CDE Almer\u00eda - Centro de Documentaci\u00f3n Europea - Universidad de Almer\u00eda\",\"description\":\"Centro de Documentaci\u00f3n Europea de la Universidad de Almer\u00eda\",\"publisher\":{\"@id\":\"https:\\\/\\\/www.cde.ual.es\\\/#organization\"},\"alternateName\":\"CDE Almer\u00eda\",\"potentialAction\":[{\"@type\":\"SearchAction\",\"target\":{\"@type\":\"EntryPoint\",\"urlTemplate\":\"https:\\\/\\\/www.cde.ual.es\\\/?s={search_term_string}\"},\"query-input\":{\"@type\":\"PropertyValueSpecification\",\"valueRequired\":true,\"valueName\":\"search_term_string\"}}],\"inLanguage\":\"en-US\"},{\"@type\":\"Organization\",\"@id\":\"https:\\\/\\\/www.cde.ual.es\\\/#organization\",\"name\":\"Centro de Documentaci\u00f3n Europea de Almer\u00eda\",\"url\":\"https:\\\/\\\/www.cde.ual.es\\\/\",\"logo\":{\"@type\":\"ImageObject\",\"inLanguage\":\"en-US\",\"@id\":\"https:\\\/\\\/www.cde.ual.es\\\/#\\\/schema\\\/logo\\\/image\\\/\",\"url\":\"https:\\\/\\\/www.cde.ual.es\\\/wp-content\\\/uploads\\\/2025\\\/07\\\/cde-logo-3.png\",\"contentUrl\":\"https:\\\/\\\/www.cde.ual.es\\\/wp-content\\\/uploads\\\/2025\\\/07\\\/cde-logo-3.png\",\"width\":1400,\"height\":300,\"caption\":\"Centro de Documentaci\u00f3n Europea de Almer\u00eda\"},\"image\":{\"@id\":\"https:\\\/\\\/www.cde.ual.es\\\/#\\\/schema\\\/logo\\\/image\\\/\"},\"sameAs\":[\"https:\\\/\\\/www.facebook.com\\\/cdeuniversidadalmeria\\\/\",\"https:\\\/\\\/x.com\\\/cdeualmeria\",\"https:\\\/\\\/www.tiktok.com\\\/@cdealmeria\",\"https:\\\/\\\/www.instagram.com\\\/cdealmeria\\\/\",\"https:\\\/\\\/www.linkedin.com\\\/in\\\/cde-almera-812b26a9\\\/\"]},{\"@type\":\"Person\",\"@id\":\"https:\\\/\\\/www.cde.ual.es\\\/#\\\/schema\\\/person\\\/224ef08c8bcc005f319d2713ce37ee5f\",\"name\":\"AdminCDE\",\"image\":{\"@type\":\"ImageObject\",\"inLanguage\":\"en-US\",\"@id\":\"https:\\\/\\\/secure.gravatar.com\\\/avatar\\\/a72d038d371f995cd13706fac32274b7952a52e8fb0a84b5f80c85426f2a98a8?s=96&d=mm&r=g\",\"url\":\"https:\\\/\\\/secure.gravatar.com\\\/avatar\\\/a72d038d371f995cd13706fac32274b7952a52e8fb0a84b5f80c85426f2a98a8?s=96&d=mm&r=g\",\"contentUrl\":\"https:\\\/\\\/secure.gravatar.com\\\/avatar\\\/a72d038d371f995cd13706fac32274b7952a52e8fb0a84b5f80c85426f2a98a8?s=96&d=mm&r=g\",\"caption\":\"AdminCDE\"}}]}<\/script>\n<!-- \/ Yoast SEO plugin. -->","yoast_head_json":{"title":"Commission outlines priorities to boost EU competitiveness in its 2026 European Semester Autumn Package | CDE Almer\u00eda - Centro de Documentaci\u00f3n Europea - Universidad de Almer\u00eda","robots":{"index":"index","follow":"follow","max-snippet":"max-snippet:-1","max-image-preview":"max-image-preview:large","max-video-preview":"max-video-preview:-1"},"canonical":"https:\/\/www.cde.ual.es\/en\/commission-outlines-priorities-to-boost-eu-competitiveness-in-its-2026-european-semester-autumn-package\/","og_locale":"en_US","og_type":"article","og_title":"Commission outlines priorities to boost EU competitiveness in its 2026 European Semester Autumn Package | CDE Almer\u00eda - Centro de Documentaci\u00f3n Europea - Universidad de Almer\u00eda","og_description":"The European Commission adopted on November 26th the 2026\u00a0European Semester\u00a0Autumn Package, setting out economic and employment policy priorities to\u00a0boost competitiveness. In an increasingly challenging geopolitical environment, the Commission calls for coordinated action to strengthen productivity, innovation and investment, in line with the\u00a0Competitiveness Compass. The Autumn Package launches the 2026 European Semester cycle, which will improve [&hellip;]","og_url":"https:\/\/www.cde.ual.es\/en\/commission-outlines-priorities-to-boost-eu-competitiveness-in-its-2026-european-semester-autumn-package\/","og_site_name":"CDE Almer\u00eda - Centro de Documentaci\u00f3n Europea - Universidad de Almer\u00eda","article_publisher":"https:\/\/www.facebook.com\/cdeuniversidadalmeria\/","article_published_time":"2025-11-27T07:33:55+00:00","og_image":[{"width":960,"height":640,"url":"https:\/\/www.cde.ual.es\/wp-content\/uploads\/2019\/02\/Comisi\u00f3n-Europea.jpg","type":"image\/jpeg"}],"author":"AdminCDE","twitter_card":"summary_large_image","twitter_creator":"@cdeualmeria","twitter_site":"@cdeualmeria","twitter_misc":{"Written by":"AdminCDE","Est. reading time":"9 minutes"},"schema":{"@context":"https:\/\/schema.org","@graph":[{"@type":"Article","@id":"https:\/\/www.cde.ual.es\/en\/commission-outlines-priorities-to-boost-eu-competitiveness-in-its-2026-european-semester-autumn-package\/#article","isPartOf":{"@id":"https:\/\/www.cde.ual.es\/en\/commission-outlines-priorities-to-boost-eu-competitiveness-in-its-2026-european-semester-autumn-package\/"},"author":{"name":"AdminCDE","@id":"https:\/\/www.cde.ual.es\/#\/schema\/person\/224ef08c8bcc005f319d2713ce37ee5f"},"headline":"Commission outlines priorities to boost EU competitiveness in its 2026 European Semester Autumn Package","datePublished":"2025-11-27T07:33:55+00:00","mainEntityOfPage":{"@id":"https:\/\/www.cde.ual.es\/en\/commission-outlines-priorities-to-boost-eu-competitiveness-in-its-2026-european-semester-autumn-package\/"},"wordCount":1686,"commentCount":0,"publisher":{"@id":"https:\/\/www.cde.ual.es\/#organization"},"image":{"@id":"https:\/\/www.cde.ual.es\/en\/commission-outlines-priorities-to-boost-eu-competitiveness-in-its-2026-european-semester-autumn-package\/#primaryimage"},"thumbnailUrl":"https:\/\/www.cde.ual.es\/wp-content\/uploads\/2019\/02\/Comisi\u00f3n-Europea.jpg","keywords":["2026 European Semester Autumn Package","boost competitiveness","competitiveness Compass.","economic and employment policy","EU","European Commission","innovation","Investment","News","productivity"],"articleSection":["Economy and Finance","EU News","Market"],"inLanguage":"en-US","potentialAction":[{"@type":"CommentAction","name":"Comment","target":["https:\/\/www.cde.ual.es\/en\/commission-outlines-priorities-to-boost-eu-competitiveness-in-its-2026-european-semester-autumn-package\/#respond"]}]},{"@type":"WebPage","@id":"https:\/\/www.cde.ual.es\/en\/commission-outlines-priorities-to-boost-eu-competitiveness-in-its-2026-european-semester-autumn-package\/","url":"https:\/\/www.cde.ual.es\/en\/commission-outlines-priorities-to-boost-eu-competitiveness-in-its-2026-european-semester-autumn-package\/","name":"Commission outlines priorities to boost EU competitiveness in its 2026 European Semester Autumn Package | CDE Almer\u00eda - Centro de Documentaci\u00f3n Europea - Universidad de Almer\u00eda","isPartOf":{"@id":"https:\/\/www.cde.ual.es\/#website"},"primaryImageOfPage":{"@id":"https:\/\/www.cde.ual.es\/en\/commission-outlines-priorities-to-boost-eu-competitiveness-in-its-2026-european-semester-autumn-package\/#primaryimage"},"image":{"@id":"https:\/\/www.cde.ual.es\/en\/commission-outlines-priorities-to-boost-eu-competitiveness-in-its-2026-european-semester-autumn-package\/#primaryimage"},"thumbnailUrl":"https:\/\/www.cde.ual.es\/wp-content\/uploads\/2019\/02\/Comisi\u00f3n-Europea.jpg","datePublished":"2025-11-27T07:33:55+00:00","breadcrumb":{"@id":"https:\/\/www.cde.ual.es\/en\/commission-outlines-priorities-to-boost-eu-competitiveness-in-its-2026-european-semester-autumn-package\/#breadcrumb"},"inLanguage":"en-US","potentialAction":[{"@type":"ReadAction","target":["https:\/\/www.cde.ual.es\/en\/commission-outlines-priorities-to-boost-eu-competitiveness-in-its-2026-european-semester-autumn-package\/"]}]},{"@type":"ImageObject","inLanguage":"en-US","@id":"https:\/\/www.cde.ual.es\/en\/commission-outlines-priorities-to-boost-eu-competitiveness-in-its-2026-european-semester-autumn-package\/#primaryimage","url":"https:\/\/www.cde.ual.es\/wp-content\/uploads\/2019\/02\/Comisi\u00f3n-Europea.jpg","contentUrl":"https:\/\/www.cde.ual.es\/wp-content\/uploads\/2019\/02\/Comisi\u00f3n-Europea.jpg","width":960,"height":640,"caption":"banderas europeas"},{"@type":"BreadcrumbList","@id":"https:\/\/www.cde.ual.es\/en\/commission-outlines-priorities-to-boost-eu-competitiveness-in-its-2026-european-semester-autumn-package\/#breadcrumb","itemListElement":[{"@type":"ListItem","position":1,"name":"Inicio","item":"https:\/\/www.cde.ual.es\/en\/"},{"@type":"ListItem","position":2,"name":"EU News","item":"https:\/\/www.cde.ual.es\/en\/category\/eu-news\/"},{"@type":"ListItem","position":3,"name":"Market","item":"https:\/\/www.cde.ual.es\/en\/category\/eu-news\/market\/"},{"@type":"ListItem","position":4,"name":"Economy and Finance","item":"https:\/\/www.cde.ual.es\/en\/category\/eu-news\/market\/economy-finance\/"},{"@type":"ListItem","position":5,"name":"Commission outlines priorities to boost EU competitiveness in its 2026 European Semester Autumn Package"}]},{"@type":"WebSite","@id":"https:\/\/www.cde.ual.es\/#website","url":"https:\/\/www.cde.ual.es\/","name":"CDE Almer\u00eda - Centro de Documentaci\u00f3n Europea - Universidad de Almer\u00eda","description":"Centro de Documentaci\u00f3n Europea de la Universidad de Almer\u00eda","publisher":{"@id":"https:\/\/www.cde.ual.es\/#organization"},"alternateName":"CDE Almer\u00eda","potentialAction":[{"@type":"SearchAction","target":{"@type":"EntryPoint","urlTemplate":"https:\/\/www.cde.ual.es\/?s={search_term_string}"},"query-input":{"@type":"PropertyValueSpecification","valueRequired":true,"valueName":"search_term_string"}}],"inLanguage":"en-US"},{"@type":"Organization","@id":"https:\/\/www.cde.ual.es\/#organization","name":"Centro de Documentaci\u00f3n Europea de Almer\u00eda","url":"https:\/\/www.cde.ual.es\/","logo":{"@type":"ImageObject","inLanguage":"en-US","@id":"https:\/\/www.cde.ual.es\/#\/schema\/logo\/image\/","url":"https:\/\/www.cde.ual.es\/wp-content\/uploads\/2025\/07\/cde-logo-3.png","contentUrl":"https:\/\/www.cde.ual.es\/wp-content\/uploads\/2025\/07\/cde-logo-3.png","width":1400,"height":300,"caption":"Centro de Documentaci\u00f3n Europea de Almer\u00eda"},"image":{"@id":"https:\/\/www.cde.ual.es\/#\/schema\/logo\/image\/"},"sameAs":["https:\/\/www.facebook.com\/cdeuniversidadalmeria\/","https:\/\/x.com\/cdeualmeria","https:\/\/www.tiktok.com\/@cdealmeria","https:\/\/www.instagram.com\/cdealmeria\/","https:\/\/www.linkedin.com\/in\/cde-almera-812b26a9\/"]},{"@type":"Person","@id":"https:\/\/www.cde.ual.es\/#\/schema\/person\/224ef08c8bcc005f319d2713ce37ee5f","name":"AdminCDE","image":{"@type":"ImageObject","inLanguage":"en-US","@id":"https:\/\/secure.gravatar.com\/avatar\/a72d038d371f995cd13706fac32274b7952a52e8fb0a84b5f80c85426f2a98a8?s=96&d=mm&r=g","url":"https:\/\/secure.gravatar.com\/avatar\/a72d038d371f995cd13706fac32274b7952a52e8fb0a84b5f80c85426f2a98a8?s=96&d=mm&r=g","contentUrl":"https:\/\/secure.gravatar.com\/avatar\/a72d038d371f995cd13706fac32274b7952a52e8fb0a84b5f80c85426f2a98a8?s=96&d=mm&r=g","caption":"AdminCDE"}}]}},"_links":{"self":[{"href":"https:\/\/www.cde.ual.es\/en\/wp-json\/wp\/v2\/posts\/163697","targetHints":{"allow":["GET"]}}],"collection":[{"href":"https:\/\/www.cde.ual.es\/en\/wp-json\/wp\/v2\/posts"}],"about":[{"href":"https:\/\/www.cde.ual.es\/en\/wp-json\/wp\/v2\/types\/post"}],"author":[{"embeddable":true,"href":"https:\/\/www.cde.ual.es\/en\/wp-json\/wp\/v2\/users\/1"}],"replies":[{"embeddable":true,"href":"https:\/\/www.cde.ual.es\/en\/wp-json\/wp\/v2\/comments?post=163697"}],"version-history":[{"count":1,"href":"https:\/\/www.cde.ual.es\/en\/wp-json\/wp\/v2\/posts\/163697\/revisions"}],"predecessor-version":[{"id":163704,"href":"https:\/\/www.cde.ual.es\/en\/wp-json\/wp\/v2\/posts\/163697\/revisions\/163704"}],"wp:featuredmedia":[{"embeddable":true,"href":"https:\/\/www.cde.ual.es\/en\/wp-json\/wp\/v2\/media\/25119"}],"wp:attachment":[{"href":"https:\/\/www.cde.ual.es\/en\/wp-json\/wp\/v2\/media?parent=163697"}],"wp:term":[{"taxonomy":"category","embeddable":true,"href":"https:\/\/www.cde.ual.es\/en\/wp-json\/wp\/v2\/categories?post=163697"},{"taxonomy":"post_tag","embeddable":true,"href":"https:\/\/www.cde.ual.es\/en\/wp-json\/wp\/v2\/tags?post=163697"}],"curies":[{"name":"wp","href":"https:\/\/api.w.org\/{rel}","templated":true}]}}