{"id":163435,"date":"2025-11-20T03:00:25","date_gmt":"2025-11-20T02:00:25","guid":{"rendered":"https:\/\/www.cde.ual.es\/?p=163435"},"modified":"2025-11-19T13:42:51","modified_gmt":"2025-11-19T12:42:51","slug":"commission-moves-towards-military-schengen-and-transformation-of-defence-industry","status":"publish","type":"post","link":"https:\/\/www.cde.ual.es\/en\/commission-moves-towards-military-schengen-and-transformation-of-defence-industry\/","title":{"rendered":"Commission moves towards \u2018Military Schengen&#8217; and transformation of defence industry"},"content":{"rendered":"<p><img decoding=\"async\" class=\"aligncenter\" src=\"https:\/\/www.cde.ual.es\/wp-content\/uploads\/2018\/07\/Defesa-UE-e1758698986467.jpg\" width=\"613\" height=\"388\" \/><\/p>\n<p style=\"text-align: justify;\">To make it easier for troops, equipment and military assets to move quickly and smoothly across Europe, the European Commission and the High Representative step up defence readiness, focusing on preparedness, with a\u00a0<strong>military mobility package: new Regulation on military mobility and Joint Communication<\/strong>.<\/p>\n<p style=\"text-align: justify;\">The Commission also aims at boosting disruptive innovation in the military area and strengthening Europe&#8217;s defence industry with an\u00a0<strong>EU Defence Industry Transformation Roadmap<\/strong>.<\/p>\n<h3 style=\"text-align: justify;\">Enabling movement at scale and speed<\/h3>\n<p style=\"text-align: justify;\">Creating an EU-wide military mobility area by 2027, the\u00a0military mobility package brings the EU one step closer towards a \u2018Military Schengen.&#8217; It will make it faster, safer, and more coordinated to move troops and military equipment across Europe by:<\/p>\n<ul style=\"text-align: justify;\">\n<li><strong>Removing regulatory barriers:\u00a0<\/strong>introduces the first-ever EU-level harmonised rules on military mobility and sets clear rules and procedures for cross-border military movements, with a maximum three-day processing time and streamlined customs formalities.<\/li>\n<li><strong>Creating an emergency framework<\/strong><strong>:<\/strong>\u00a0a new European Military Mobility Enhanced Response System (EMERS) for fast-track procedures and priority access to infrastructure, supporting armed forces acting in the context of EU or NATO.<\/li>\n<li><strong>Enhancing the resilience of transport infrastructure:\u00a0<\/strong>upgrades key EU military mobility corridors to dual-use standards and protecting strategic infrastructure with a new resilience toolbox. Targeted investments will strengthen cybersecurity, energy security and readiness in both peace and crisis.<\/li>\n<li><strong>Pooling and sharing capabilities:\u00a0<\/strong>enhances preparedness, solidarity and availability of military mobility capabilities for Member States by introducing a Solidarity Pool and the possibility to create a Military Mobility Digital Information System.<\/li>\n<li><strong>Strengthening\u00a0governance and coordination:<\/strong>\u00a0A new\u00a0Military Mobility Transport Group and an enhanced Trans-European Transport Network TEN-T Committee will guide implementation and monitor readiness, supported by National Cross-border Military Transport coordinators in each Member States.<\/li>\n<\/ul>\n<h3 style=\"text-align: justify;\">Unlocking disruptive innovation\u00a0for Defence Readiness<\/h3>\n<p style=\"text-align: justify;\">The<strong>\u00a0<\/strong>&#8216;EU Defence Industry Transformation Roadmap: Unleashing Disruptive Innovation for Defence Readiness&#8217; plans to accelerate the modernisation of the European defence industry and support emerging defence players.<\/p>\n<p style=\"text-align: justify;\">It aims to bring together the deep tech and defence communities, speed up the use of advanced technologies in military capabilities and boost Europe&#8217;s production capacity through innovation.<\/p>\n<p style=\"text-align: justify;\">To achieve this, it focuses on four priorities: supporting investment in defence companies, accelerating the development of new technologies, expanding access to defence capabilities and fostering the skills needed to sustain Europe&#8217;s technological edge.<\/p>\n<p style=\"text-align: justify;\">Russia&#8217;s war of aggression against Ukraine has shown how quickly defence technologies evolve. Innovations such as AI, quantum systems, drones and space technologies are reshaping the battlefield. New defence actors, from startups to innovative SMEs, are changing how Europe develops and produces military capabilities.<\/p>\n<p style=\"text-align: justify;\">Europe must learn from Ukraine&#8217;s experience, strengthen its resilience and build a new defence ecosystem that unites industry leaders, new innovators and the tech community to deliver capabilities faster and more efficiently.<\/p>\n<h3 style=\"text-align: justify;\">Next Steps<\/h3>\n<p style=\"text-align: justify;\">The Commission will present the new Regulation on military mobility to the Council and the European Parliament for adoption under the ordinary legislative procedure.<\/p>\n<p style=\"text-align: justify;\">The Commission will immediately start implementing the Roadmap&#8217;s proposed actions to start the transformation of Europe&#8217;s defence industrial ecosystem and scale up.<\/p>\n<h3 style=\"text-align: justify;\">Background<\/h3>\n<p style=\"text-align: justify;\">In March 2025, the Commission and the High Representative put forward the\u00a0White Paper for European\u00a0Defence\u00a0\u2013 Readiness 2030, complemented by the\u00a0Commission&#8217;s\u00a0ReArm\u00a0Europe Plan\/Readiness 2030, an ambitious\u00a0defence\u00a0package providing financial levers to EU Member States to drive an investment surge in\u00a0defence\u00a0capabilities.<\/p>\n<p style=\"text-align: justify;\">The military mobility package and the EU Defence Industry Transformation Roadmap were both highlighted as key priority areas in the White Paper and in\u00a0the Defence Readiness Roadmap 2030.<\/p>\n<p style=\"text-align: justify;\">The military mobility package 2025 also builds on lessons learned from the\u00a0revised Action Plan 2.0\u00a0and the\u00a02024 Military Mobility Pledge. It has been developed in close coordination with the European External Action Service (EEAS) and the European Defence Agency (EDA), ensuring coherence with NATO standards and procedures.<\/p>\n<p><strong>More information: <a href=\"https:\/\/ec.europa.eu\/commission\/presscorner\/detail\/en\/ip_25_2724\">European Commission<\/a><\/strong><\/p>\n","protected":false},"excerpt":{"rendered":"<p>To make it easier for troops, equipment and military assets to move quickly and smoothly across Europe, the European Commission and the High Representative step up defence readiness, focusing on preparedness, with a\u00a0military mobility package: new Regulation on military mobility and Joint Communication. The Commission also aims at boosting disruptive innovation in the military area [&hellip;]<\/p>\n","protected":false},"author":1,"featured_media":31584,"comment_status":"open","ping_status":"open","sticky":false,"template":"","format":"standard","meta":{"_acf_changed":false,"_relevanssi_hide_post":"","_relevanssi_hide_content":"","_relevanssi_pin_for_all":"","_relevanssi_pin_keywords":"","_relevanssi_unpin_keywords":"","_relevanssi_related_keywords":"","_relevanssi_related_include_ids":"","_relevanssi_related_exclude_ids":"","_relevanssi_related_no_append":"","_relevanssi_related_not_related":"","_relevanssi_related_posts":"","_relevanssi_noindex_reason":"","_monsterinsights_skip_tracking":false,"_monsterinsights_sitenote_active":false,"_monsterinsights_sitenote_note":"","_monsterinsights_sitenote_category":0,"_genesis_hide_title":false,"_genesis_hide_breadcrumbs":false,"_genesis_hide_singular_image":false,"_genesis_hide_footer_widgets":false,"_genesis_custom_body_class":"","_genesis_custom_post_class":"","_genesis_layout":"","footnotes":""},"categories":[4075,346,4078],"tags":[1357,779,16416,1488,16415,16414,2788],"class_list":{"0":"post-163435","1":"post","2":"type-post","3":"status-publish","4":"format-standard","5":"has-post-thumbnail","7":"category-defence-security","8":"category-eu-news","9":"category-internat-safety-pol","10":"tag-defence","11":"tag-eu-en","12":"tag-eu-defence-industry-transformation-roadmap","13":"tag-european-commission","14":"tag-military-mobility-package","15":"tag-military-schengen","16":"tag-news","17":"entry"},"acf":[],"yoast_head":"<!-- This site is optimized with the Yoast SEO plugin v27.4 - https:\/\/yoast.com\/product\/yoast-seo-wordpress\/ -->\n<title>Commission moves towards \u2018Military Schengen&#039; and transformation of defence industry | CDE Almer\u00eda - Centro de Documentaci\u00f3n Europea - Universidad de Almer\u00eda<\/title>\n<meta name=\"robots\" content=\"index, follow, max-snippet:-1, max-image-preview:large, max-video-preview:-1\" \/>\n<link rel=\"canonical\" href=\"https:\/\/www.cde.ual.es\/commission-moves-towards-military-schengen-and-transformation-of-defence-industry\/\" \/>\n<meta property=\"og:locale\" content=\"en_US\" \/>\n<meta property=\"og:type\" content=\"article\" \/>\n<meta property=\"og:title\" content=\"Commission moves towards \u2018Military Schengen&#039; and transformation of defence industry | CDE Almer\u00eda - Centro de Documentaci\u00f3n Europea - Universidad de Almer\u00eda\" \/>\n<meta property=\"og:description\" content=\"To make it easier for troops, equipment and military assets to move quickly and smoothly across Europe, the European Commission and the High Representative step up defence readiness, focusing on preparedness, with a\u00a0military mobility package: new Regulation on military mobility and Joint Communication. The Commission also aims at boosting disruptive innovation in the military area [&hellip;]\" \/>\n<meta property=\"og:url\" content=\"https:\/\/www.cde.ual.es\/commission-moves-towards-military-schengen-and-transformation-of-defence-industry\/\" \/>\n<meta property=\"og:site_name\" content=\"CDE Almer\u00eda - Centro de Documentaci\u00f3n Europea - Universidad de Almer\u00eda\" \/>\n<meta property=\"article:publisher\" content=\"https:\/\/www.facebook.com\/cdeuniversidadalmeria\/\" \/>\n<meta property=\"article:published_time\" content=\"2025-11-20T02:00:25+00:00\" \/>\n<meta property=\"og:image\" content=\"https:\/\/www.cde.ual.es\/wp-content\/uploads\/2018\/07\/Defesa-UE-e1758698986467.jpg\" \/>\n\t<meta property=\"og:image:width\" content=\"711\" \/>\n\t<meta property=\"og:image:height\" content=\"450\" \/>\n\t<meta property=\"og:image:type\" content=\"image\/jpeg\" \/>\n<meta name=\"author\" content=\"AdminCDE\" \/>\n<meta name=\"twitter:card\" content=\"summary_large_image\" \/>\n<meta name=\"twitter:creator\" content=\"@cdeualmeria\" \/>\n<meta name=\"twitter:site\" content=\"@cdeualmeria\" \/>\n<meta name=\"twitter:label1\" content=\"Written by\" \/>\n\t<meta name=\"twitter:data1\" content=\"AdminCDE\" \/>\n\t<meta name=\"twitter:label2\" content=\"Est. reading time\" \/>\n\t<meta name=\"twitter:data2\" content=\"4 minutes\" \/>\n<script type=\"application\/ld+json\" class=\"yoast-schema-graph\">{\"@context\":\"https:\\\/\\\/schema.org\",\"@graph\":[{\"@type\":\"Article\",\"@id\":\"https:\\\/\\\/www.cde.ual.es\\\/commission-moves-towards-military-schengen-and-transformation-of-defence-industry\\\/#article\",\"isPartOf\":{\"@id\":\"https:\\\/\\\/www.cde.ual.es\\\/commission-moves-towards-military-schengen-and-transformation-of-defence-industry\\\/\"},\"author\":{\"name\":\"AdminCDE\",\"@id\":\"https:\\\/\\\/www.cde.ual.es\\\/#\\\/schema\\\/person\\\/224ef08c8bcc005f319d2713ce37ee5f\"},\"headline\":\"Commission moves towards \u2018Military Schengen&#8217; and transformation of defence industry\",\"datePublished\":\"2025-11-20T02:00:25+00:00\",\"mainEntityOfPage\":{\"@id\":\"https:\\\/\\\/www.cde.ual.es\\\/commission-moves-towards-military-schengen-and-transformation-of-defence-industry\\\/\"},\"wordCount\":642,\"commentCount\":0,\"publisher\":{\"@id\":\"https:\\\/\\\/www.cde.ual.es\\\/#organization\"},\"image\":{\"@id\":\"https:\\\/\\\/www.cde.ual.es\\\/commission-moves-towards-military-schengen-and-transformation-of-defence-industry\\\/#primaryimage\"},\"thumbnailUrl\":\"https:\\\/\\\/www.cde.ual.es\\\/wp-content\\\/uploads\\\/2018\\\/07\\\/Defesa-UE-e1758698986467.jpg\",\"keywords\":[\"defence\",\"EU\",\"EU Defence Industry Transformation Roadmap\",\"European Commission\",\"military mobility package\",\"Military Schengen\",\"News\"],\"articleSection\":[\"Defence &amp; Security\",\"EU News\",\"International Safety and Defence Politics\"],\"inLanguage\":\"en-US\",\"potentialAction\":[{\"@type\":\"CommentAction\",\"name\":\"Comment\",\"target\":[\"https:\\\/\\\/www.cde.ual.es\\\/commission-moves-towards-military-schengen-and-transformation-of-defence-industry\\\/#respond\"]}]},{\"@type\":\"WebPage\",\"@id\":\"https:\\\/\\\/www.cde.ual.es\\\/commission-moves-towards-military-schengen-and-transformation-of-defence-industry\\\/\",\"url\":\"https:\\\/\\\/www.cde.ual.es\\\/commission-moves-towards-military-schengen-and-transformation-of-defence-industry\\\/\",\"name\":\"Commission moves towards \u2018Military Schengen' and transformation of defence industry | CDE Almer\u00eda - Centro de Documentaci\u00f3n Europea - Universidad de Almer\u00eda\",\"isPartOf\":{\"@id\":\"https:\\\/\\\/www.cde.ual.es\\\/#website\"},\"primaryImageOfPage\":{\"@id\":\"https:\\\/\\\/www.cde.ual.es\\\/commission-moves-towards-military-schengen-and-transformation-of-defence-industry\\\/#primaryimage\"},\"image\":{\"@id\":\"https:\\\/\\\/www.cde.ual.es\\\/commission-moves-towards-military-schengen-and-transformation-of-defence-industry\\\/#primaryimage\"},\"thumbnailUrl\":\"https:\\\/\\\/www.cde.ual.es\\\/wp-content\\\/uploads\\\/2018\\\/07\\\/Defesa-UE-e1758698986467.jpg\",\"datePublished\":\"2025-11-20T02:00:25+00:00\",\"breadcrumb\":{\"@id\":\"https:\\\/\\\/www.cde.ual.es\\\/commission-moves-towards-military-schengen-and-transformation-of-defence-industry\\\/#breadcrumb\"},\"inLanguage\":\"en-US\",\"potentialAction\":[{\"@type\":\"ReadAction\",\"target\":[\"https:\\\/\\\/www.cde.ual.es\\\/commission-moves-towards-military-schengen-and-transformation-of-defence-industry\\\/\"]}]},{\"@type\":\"ImageObject\",\"inLanguage\":\"en-US\",\"@id\":\"https:\\\/\\\/www.cde.ual.es\\\/commission-moves-towards-military-schengen-and-transformation-of-defence-industry\\\/#primaryimage\",\"url\":\"https:\\\/\\\/www.cde.ual.es\\\/wp-content\\\/uploads\\\/2018\\\/07\\\/Defesa-UE-e1758698986467.jpg\",\"contentUrl\":\"https:\\\/\\\/www.cde.ual.es\\\/wp-content\\\/uploads\\\/2018\\\/07\\\/Defesa-UE-e1758698986467.jpg\",\"width\":711,\"height\":450},{\"@type\":\"BreadcrumbList\",\"@id\":\"https:\\\/\\\/www.cde.ual.es\\\/commission-moves-towards-military-schengen-and-transformation-of-defence-industry\\\/#breadcrumb\",\"itemListElement\":[{\"@type\":\"ListItem\",\"position\":1,\"name\":\"Inicio\",\"item\":\"https:\\\/\\\/www.cde.ual.es\\\/en\\\/\"},{\"@type\":\"ListItem\",\"position\":2,\"name\":\"Noticias UE\",\"item\":\"https:\\\/\\\/www.cde.ual.es\\\/category\\\/noticias-ue\\\/\"},{\"@type\":\"ListItem\",\"position\":3,\"name\":\"Defensa y Seguridad\",\"item\":\"https:\\\/\\\/www.cde.ual.es\\\/category\\\/noticias-ue\\\/defensa-seguridad\\\/\"},{\"@type\":\"ListItem\",\"position\":4,\"name\":\"International Safety and Defence Politics\",\"item\":\"https:\\\/\\\/www.cde.ual.es\\\/en\\\/category\\\/eu-news\\\/defence-security\\\/internat-safety-pol\\\/\"},{\"@type\":\"ListItem\",\"position\":5,\"name\":\"Commission moves towards \u2018Military Schengen&#8217; and transformation of defence industry\"}]},{\"@type\":\"WebSite\",\"@id\":\"https:\\\/\\\/www.cde.ual.es\\\/#website\",\"url\":\"https:\\\/\\\/www.cde.ual.es\\\/\",\"name\":\"CDE Almer\u00eda - Centro de Documentaci\u00f3n Europea - Universidad de Almer\u00eda\",\"description\":\"Centro de Documentaci\u00f3n Europea de la Universidad de Almer\u00eda\",\"publisher\":{\"@id\":\"https:\\\/\\\/www.cde.ual.es\\\/#organization\"},\"alternateName\":\"CDE Almer\u00eda\",\"potentialAction\":[{\"@type\":\"SearchAction\",\"target\":{\"@type\":\"EntryPoint\",\"urlTemplate\":\"https:\\\/\\\/www.cde.ual.es\\\/?s={search_term_string}\"},\"query-input\":{\"@type\":\"PropertyValueSpecification\",\"valueRequired\":true,\"valueName\":\"search_term_string\"}}],\"inLanguage\":\"en-US\"},{\"@type\":\"Organization\",\"@id\":\"https:\\\/\\\/www.cde.ual.es\\\/#organization\",\"name\":\"Centro de Documentaci\u00f3n Europea de Almer\u00eda\",\"url\":\"https:\\\/\\\/www.cde.ual.es\\\/\",\"logo\":{\"@type\":\"ImageObject\",\"inLanguage\":\"en-US\",\"@id\":\"https:\\\/\\\/www.cde.ual.es\\\/#\\\/schema\\\/logo\\\/image\\\/\",\"url\":\"https:\\\/\\\/www.cde.ual.es\\\/wp-content\\\/uploads\\\/2025\\\/07\\\/cde-logo-3.png\",\"contentUrl\":\"https:\\\/\\\/www.cde.ual.es\\\/wp-content\\\/uploads\\\/2025\\\/07\\\/cde-logo-3.png\",\"width\":1400,\"height\":300,\"caption\":\"Centro de Documentaci\u00f3n Europea de Almer\u00eda\"},\"image\":{\"@id\":\"https:\\\/\\\/www.cde.ual.es\\\/#\\\/schema\\\/logo\\\/image\\\/\"},\"sameAs\":[\"https:\\\/\\\/www.facebook.com\\\/cdeuniversidadalmeria\\\/\",\"https:\\\/\\\/x.com\\\/cdeualmeria\",\"https:\\\/\\\/www.tiktok.com\\\/@cdealmeria\",\"https:\\\/\\\/www.instagram.com\\\/cdealmeria\\\/\",\"https:\\\/\\\/www.linkedin.com\\\/in\\\/cde-almera-812b26a9\\\/\"]},{\"@type\":\"Person\",\"@id\":\"https:\\\/\\\/www.cde.ual.es\\\/#\\\/schema\\\/person\\\/224ef08c8bcc005f319d2713ce37ee5f\",\"name\":\"AdminCDE\",\"image\":{\"@type\":\"ImageObject\",\"inLanguage\":\"en-US\",\"@id\":\"https:\\\/\\\/secure.gravatar.com\\\/avatar\\\/a72d038d371f995cd13706fac32274b7952a52e8fb0a84b5f80c85426f2a98a8?s=96&d=mm&r=g\",\"url\":\"https:\\\/\\\/secure.gravatar.com\\\/avatar\\\/a72d038d371f995cd13706fac32274b7952a52e8fb0a84b5f80c85426f2a98a8?s=96&d=mm&r=g\",\"contentUrl\":\"https:\\\/\\\/secure.gravatar.com\\\/avatar\\\/a72d038d371f995cd13706fac32274b7952a52e8fb0a84b5f80c85426f2a98a8?s=96&d=mm&r=g\",\"caption\":\"AdminCDE\"}}]}<\/script>\n<!-- \/ Yoast SEO plugin. -->","yoast_head_json":{"title":"Commission moves towards \u2018Military Schengen' and transformation of defence industry | CDE Almer\u00eda - Centro de Documentaci\u00f3n Europea - Universidad de Almer\u00eda","robots":{"index":"index","follow":"follow","max-snippet":"max-snippet:-1","max-image-preview":"max-image-preview:large","max-video-preview":"max-video-preview:-1"},"canonical":"https:\/\/www.cde.ual.es\/commission-moves-towards-military-schengen-and-transformation-of-defence-industry\/","og_locale":"en_US","og_type":"article","og_title":"Commission moves towards \u2018Military Schengen' and transformation of defence industry | CDE Almer\u00eda - Centro de Documentaci\u00f3n Europea - Universidad de Almer\u00eda","og_description":"To make it easier for troops, equipment and military assets to move quickly and smoothly across Europe, the European Commission and the High Representative step up defence readiness, focusing on preparedness, with a\u00a0military mobility package: new Regulation on military mobility and Joint Communication. The Commission also aims at boosting disruptive innovation in the military area [&hellip;]","og_url":"https:\/\/www.cde.ual.es\/commission-moves-towards-military-schengen-and-transformation-of-defence-industry\/","og_site_name":"CDE Almer\u00eda - Centro de Documentaci\u00f3n Europea - Universidad de Almer\u00eda","article_publisher":"https:\/\/www.facebook.com\/cdeuniversidadalmeria\/","article_published_time":"2025-11-20T02:00:25+00:00","og_image":[{"width":711,"height":450,"url":"https:\/\/www.cde.ual.es\/wp-content\/uploads\/2018\/07\/Defesa-UE-e1758698986467.jpg","type":"image\/jpeg"}],"author":"AdminCDE","twitter_card":"summary_large_image","twitter_creator":"@cdeualmeria","twitter_site":"@cdeualmeria","twitter_misc":{"Written by":"AdminCDE","Est. reading time":"4 minutes"},"schema":{"@context":"https:\/\/schema.org","@graph":[{"@type":"Article","@id":"https:\/\/www.cde.ual.es\/commission-moves-towards-military-schengen-and-transformation-of-defence-industry\/#article","isPartOf":{"@id":"https:\/\/www.cde.ual.es\/commission-moves-towards-military-schengen-and-transformation-of-defence-industry\/"},"author":{"name":"AdminCDE","@id":"https:\/\/www.cde.ual.es\/#\/schema\/person\/224ef08c8bcc005f319d2713ce37ee5f"},"headline":"Commission moves towards \u2018Military Schengen&#8217; and transformation of defence industry","datePublished":"2025-11-20T02:00:25+00:00","mainEntityOfPage":{"@id":"https:\/\/www.cde.ual.es\/commission-moves-towards-military-schengen-and-transformation-of-defence-industry\/"},"wordCount":642,"commentCount":0,"publisher":{"@id":"https:\/\/www.cde.ual.es\/#organization"},"image":{"@id":"https:\/\/www.cde.ual.es\/commission-moves-towards-military-schengen-and-transformation-of-defence-industry\/#primaryimage"},"thumbnailUrl":"https:\/\/www.cde.ual.es\/wp-content\/uploads\/2018\/07\/Defesa-UE-e1758698986467.jpg","keywords":["defence","EU","EU Defence Industry Transformation Roadmap","European Commission","military mobility package","Military Schengen","News"],"articleSection":["Defence &amp; Security","EU News","International Safety and Defence Politics"],"inLanguage":"en-US","potentialAction":[{"@type":"CommentAction","name":"Comment","target":["https:\/\/www.cde.ual.es\/commission-moves-towards-military-schengen-and-transformation-of-defence-industry\/#respond"]}]},{"@type":"WebPage","@id":"https:\/\/www.cde.ual.es\/commission-moves-towards-military-schengen-and-transformation-of-defence-industry\/","url":"https:\/\/www.cde.ual.es\/commission-moves-towards-military-schengen-and-transformation-of-defence-industry\/","name":"Commission moves towards \u2018Military Schengen' and transformation of defence industry | CDE Almer\u00eda - Centro de Documentaci\u00f3n Europea - Universidad de Almer\u00eda","isPartOf":{"@id":"https:\/\/www.cde.ual.es\/#website"},"primaryImageOfPage":{"@id":"https:\/\/www.cde.ual.es\/commission-moves-towards-military-schengen-and-transformation-of-defence-industry\/#primaryimage"},"image":{"@id":"https:\/\/www.cde.ual.es\/commission-moves-towards-military-schengen-and-transformation-of-defence-industry\/#primaryimage"},"thumbnailUrl":"https:\/\/www.cde.ual.es\/wp-content\/uploads\/2018\/07\/Defesa-UE-e1758698986467.jpg","datePublished":"2025-11-20T02:00:25+00:00","breadcrumb":{"@id":"https:\/\/www.cde.ual.es\/commission-moves-towards-military-schengen-and-transformation-of-defence-industry\/#breadcrumb"},"inLanguage":"en-US","potentialAction":[{"@type":"ReadAction","target":["https:\/\/www.cde.ual.es\/commission-moves-towards-military-schengen-and-transformation-of-defence-industry\/"]}]},{"@type":"ImageObject","inLanguage":"en-US","@id":"https:\/\/www.cde.ual.es\/commission-moves-towards-military-schengen-and-transformation-of-defence-industry\/#primaryimage","url":"https:\/\/www.cde.ual.es\/wp-content\/uploads\/2018\/07\/Defesa-UE-e1758698986467.jpg","contentUrl":"https:\/\/www.cde.ual.es\/wp-content\/uploads\/2018\/07\/Defesa-UE-e1758698986467.jpg","width":711,"height":450},{"@type":"BreadcrumbList","@id":"https:\/\/www.cde.ual.es\/commission-moves-towards-military-schengen-and-transformation-of-defence-industry\/#breadcrumb","itemListElement":[{"@type":"ListItem","position":1,"name":"Inicio","item":"https:\/\/www.cde.ual.es\/en\/"},{"@type":"ListItem","position":2,"name":"Noticias UE","item":"https:\/\/www.cde.ual.es\/category\/noticias-ue\/"},{"@type":"ListItem","position":3,"name":"Defensa y Seguridad","item":"https:\/\/www.cde.ual.es\/category\/noticias-ue\/defensa-seguridad\/"},{"@type":"ListItem","position":4,"name":"International Safety and Defence Politics","item":"https:\/\/www.cde.ual.es\/en\/category\/eu-news\/defence-security\/internat-safety-pol\/"},{"@type":"ListItem","position":5,"name":"Commission moves towards \u2018Military Schengen&#8217; and transformation of defence industry"}]},{"@type":"WebSite","@id":"https:\/\/www.cde.ual.es\/#website","url":"https:\/\/www.cde.ual.es\/","name":"CDE Almer\u00eda - Centro de Documentaci\u00f3n Europea - Universidad de Almer\u00eda","description":"Centro de Documentaci\u00f3n Europea de la Universidad de Almer\u00eda","publisher":{"@id":"https:\/\/www.cde.ual.es\/#organization"},"alternateName":"CDE Almer\u00eda","potentialAction":[{"@type":"SearchAction","target":{"@type":"EntryPoint","urlTemplate":"https:\/\/www.cde.ual.es\/?s={search_term_string}"},"query-input":{"@type":"PropertyValueSpecification","valueRequired":true,"valueName":"search_term_string"}}],"inLanguage":"en-US"},{"@type":"Organization","@id":"https:\/\/www.cde.ual.es\/#organization","name":"Centro de Documentaci\u00f3n Europea de Almer\u00eda","url":"https:\/\/www.cde.ual.es\/","logo":{"@type":"ImageObject","inLanguage":"en-US","@id":"https:\/\/www.cde.ual.es\/#\/schema\/logo\/image\/","url":"https:\/\/www.cde.ual.es\/wp-content\/uploads\/2025\/07\/cde-logo-3.png","contentUrl":"https:\/\/www.cde.ual.es\/wp-content\/uploads\/2025\/07\/cde-logo-3.png","width":1400,"height":300,"caption":"Centro de Documentaci\u00f3n Europea de Almer\u00eda"},"image":{"@id":"https:\/\/www.cde.ual.es\/#\/schema\/logo\/image\/"},"sameAs":["https:\/\/www.facebook.com\/cdeuniversidadalmeria\/","https:\/\/x.com\/cdeualmeria","https:\/\/www.tiktok.com\/@cdealmeria","https:\/\/www.instagram.com\/cdealmeria\/","https:\/\/www.linkedin.com\/in\/cde-almera-812b26a9\/"]},{"@type":"Person","@id":"https:\/\/www.cde.ual.es\/#\/schema\/person\/224ef08c8bcc005f319d2713ce37ee5f","name":"AdminCDE","image":{"@type":"ImageObject","inLanguage":"en-US","@id":"https:\/\/secure.gravatar.com\/avatar\/a72d038d371f995cd13706fac32274b7952a52e8fb0a84b5f80c85426f2a98a8?s=96&d=mm&r=g","url":"https:\/\/secure.gravatar.com\/avatar\/a72d038d371f995cd13706fac32274b7952a52e8fb0a84b5f80c85426f2a98a8?s=96&d=mm&r=g","contentUrl":"https:\/\/secure.gravatar.com\/avatar\/a72d038d371f995cd13706fac32274b7952a52e8fb0a84b5f80c85426f2a98a8?s=96&d=mm&r=g","caption":"AdminCDE"}}]}},"_links":{"self":[{"href":"https:\/\/www.cde.ual.es\/en\/wp-json\/wp\/v2\/posts\/163435","targetHints":{"allow":["GET"]}}],"collection":[{"href":"https:\/\/www.cde.ual.es\/en\/wp-json\/wp\/v2\/posts"}],"about":[{"href":"https:\/\/www.cde.ual.es\/en\/wp-json\/wp\/v2\/types\/post"}],"author":[{"embeddable":true,"href":"https:\/\/www.cde.ual.es\/en\/wp-json\/wp\/v2\/users\/1"}],"replies":[{"embeddable":true,"href":"https:\/\/www.cde.ual.es\/en\/wp-json\/wp\/v2\/comments?post=163435"}],"version-history":[{"count":1,"href":"https:\/\/www.cde.ual.es\/en\/wp-json\/wp\/v2\/posts\/163435\/revisions"}],"predecessor-version":[{"id":163437,"href":"https:\/\/www.cde.ual.es\/en\/wp-json\/wp\/v2\/posts\/163435\/revisions\/163437"}],"wp:featuredmedia":[{"embeddable":true,"href":"https:\/\/www.cde.ual.es\/en\/wp-json\/wp\/v2\/media\/31584"}],"wp:attachment":[{"href":"https:\/\/www.cde.ual.es\/en\/wp-json\/wp\/v2\/media?parent=163435"}],"wp:term":[{"taxonomy":"category","embeddable":true,"href":"https:\/\/www.cde.ual.es\/en\/wp-json\/wp\/v2\/categories?post=163435"},{"taxonomy":"post_tag","embeddable":true,"href":"https:\/\/www.cde.ual.es\/en\/wp-json\/wp\/v2\/tags?post=163435"}],"curies":[{"name":"wp","href":"https:\/\/api.w.org\/{rel}","templated":true}]}}