{"id":16293,"date":"2019-04-24T08:00:16","date_gmt":"2019-04-24T06:00:16","guid":{"rendered":"http:\/\/www.cde.ual.es\/?p=16293"},"modified":"2019-04-23T13:41:55","modified_gmt":"2019-04-23T11:41:55","slug":"public-consultation-appropriate-age-for-introduction-of-complementary-feeding-of-infants","status":"publish","type":"post","link":"https:\/\/www.cde.ual.es\/en\/public-consultation-appropriate-age-for-introduction-of-complementary-feeding-of-infants\/","title":{"rendered":"Public consultation: appropriate age for introduction of complementary feeding of infants"},"content":{"rendered":"<p><a href=\"http:\/\/www.cde.ual.es\/wp-content\/uploads\/2019\/04\/Bebe.jpg\"><img decoding=\"async\" class=\"size-medium wp-image-16291 aligncenter\" src=\"http:\/\/www.cde.ual.es\/wp-content\/uploads\/2019\/04\/Bebe-300x200.jpg\" alt=\"\" width=\"300\" height=\"200\" srcset=\"https:\/\/www.cde.ual.es\/wp-content\/uploads\/2019\/04\/Bebe-300x200.jpg 300w, https:\/\/www.cde.ual.es\/wp-content\/uploads\/2019\/04\/Bebe-768x513.jpg 768w, https:\/\/www.cde.ual.es\/wp-content\/uploads\/2019\/04\/Bebe.jpg 960w\" sizes=\"(max-width: 300px) 100vw, 300px\" \/><\/a><\/p>\n<p><strong>EFSA is seeking feedback from stakeholders and other interested parties on its scientific opinion on the appropriate age for introduction of complementary feeding of infants.<\/strong><\/p>\n<p>The Panel on Nutrition, Novel Foods and Food Allergens (NDA) reviewed around 300 studies for the opinion. Its main conclusions are that:<\/p>\n<ul>\n<li>The appropriate age to introduce complementary foods depends on the infant\u2019s characteristics and development, even more so in pre-term infants. In most infants, this age is between about 3-4 and 6 months.<\/li>\n<li>Most infants do not need complementary foods for nutritional reasons until around 6 months, except some exclusively breast-fed infants at risk of iron depletion.<\/li>\n<li>There is insufficient data to determine a precise age at which complementary foods should be introduced to all infants in Europe.<\/li>\n<li>There is no evidence that early introduction of potentially allergenic foods \u2013 such as egg, cereals, fish and peanuts \u2013 increases the risk of children developing allergies.<\/li>\n<li>There is no evidence for either beneficial or adverse effects of introducing foods containing gluten earlier than 6 months of age.<\/li>\n<\/ul>\n<p>The opinion considers the introduction of complementary foods from a developmental, nutritional and health perspective. It is not an evaluation of the optimal duration of exclusive breast-feeding, as the assessment is applicable irrespective of whether infants are initially exclusively breast-fed or formula-fed.<\/p>\n<h3>Dead line<\/h3>\n<p>The deadline for submitting comments is 29\u00a0May 2019<\/p>\n<h3>Further information<\/h3>\n<p><a href=\"http:\/\/www.efsa.europa.eu\/en\/press\/news\/190417\">Complete news<\/a><\/p>\n<p><a href=\"http:\/\/www.efsa.europa.eu\/en\/consultations\/call\/190417\">Public consultation: Appropriate age for introduction of complementary feeding into an infant\u2019s diet<\/a><\/p>\n<p><a href=\"http:\/\/www.efsa.europa.eu\/en\/press\/news\/180109\">Public consultation: sugars in food<\/a><\/p>\n","protected":false},"excerpt":{"rendered":"<p>EFSA is seeking feedback from stakeholders and other interested parties on its scientific opinion on the appropriate age for introduction of complementary feeding of infants. The Panel on Nutrition, Novel Foods and Food Allergens (NDA) reviewed around 300 studies for the opinion. Its main conclusions are that: The appropriate age to introduce complementary foods depends [&hellip;]<\/p>\n","protected":false},"author":1,"featured_media":16291,"comment_status":"open","ping_status":"open","sticky":false,"template":"","format":"standard","meta":{"_acf_changed":false,"_relevanssi_hide_post":"","_relevanssi_hide_content":"","_relevanssi_pin_for_all":"","_relevanssi_pin_keywords":"","_relevanssi_unpin_keywords":"","_relevanssi_related_keywords":"","_relevanssi_related_include_ids":"","_relevanssi_related_exclude_ids":"","_relevanssi_related_no_append":"","_relevanssi_related_not_related":"","_relevanssi_related_posts":"","_relevanssi_noindex_reason":"","_monsterinsights_skip_tracking":false,"_monsterinsights_sitenote_active":false,"_monsterinsights_sitenote_note":"","_monsterinsights_sitenote_category":0,"_genesis_hide_title":false,"_genesis_hide_breadcrumbs":false,"_genesis_hide_singular_image":false,"_genesis_hide_footer_widgets":false,"_genesis_custom_body_class":"","_genesis_custom_post_class":"","_genesis_layout":"","footnotes":""},"categories":[346],"tags":[482],"class_list":{"0":"post-16293","1":"post","2":"type-post","3":"status-publish","4":"format-standard","5":"has-post-thumbnail","7":"category-eu-news","8":"tag-food-safety","9":"entry"},"acf":[],"yoast_head":"<!-- This site is optimized with the Yoast SEO plugin v27.5 - https:\/\/yoast.com\/product\/yoast-seo-wordpress\/ -->\n<title>Public consultation: appropriate age for introduction of complementary feeding of infants | CDE Almer\u00eda - Centro de Documentaci\u00f3n Europea - Universidad de Almer\u00eda<\/title>\n<meta name=\"robots\" content=\"index, follow, max-snippet:-1, max-image-preview:large, max-video-preview:-1\" \/>\n<link rel=\"canonical\" href=\"https:\/\/www.cde.ual.es\/en\/public-consultation-appropriate-age-for-introduction-of-complementary-feeding-of-infants\/\" \/>\n<meta property=\"og:locale\" content=\"en_US\" \/>\n<meta property=\"og:type\" content=\"article\" \/>\n<meta property=\"og:title\" content=\"Public consultation: appropriate age for introduction of complementary feeding of infants | CDE Almer\u00eda - Centro de Documentaci\u00f3n Europea - Universidad de Almer\u00eda\" \/>\n<meta property=\"og:description\" content=\"EFSA is seeking feedback from stakeholders and other interested parties on its scientific opinion on the appropriate age for introduction of complementary feeding of infants. The Panel on Nutrition, Novel Foods and Food Allergens (NDA) reviewed around 300 studies for the opinion. Its main conclusions are that: The appropriate age to introduce complementary foods depends [&hellip;]\" \/>\n<meta property=\"og:url\" content=\"https:\/\/www.cde.ual.es\/en\/public-consultation-appropriate-age-for-introduction-of-complementary-feeding-of-infants\/\" \/>\n<meta property=\"og:site_name\" content=\"CDE Almer\u00eda - Centro de Documentaci\u00f3n Europea - Universidad de Almer\u00eda\" \/>\n<meta property=\"article:publisher\" content=\"https:\/\/www.facebook.com\/cdeuniversidadalmeria\/\" \/>\n<meta property=\"article:published_time\" content=\"2019-04-24T06:00:16+00:00\" \/>\n<meta property=\"og:image\" content=\"https:\/\/www.cde.ual.es\/wp-content\/uploads\/2019\/04\/Bebe.jpg\" \/>\n\t<meta property=\"og:image:width\" content=\"960\" \/>\n\t<meta property=\"og:image:height\" content=\"641\" \/>\n\t<meta property=\"og:image:type\" content=\"image\/jpeg\" \/>\n<meta name=\"author\" content=\"AdminCDE\" \/>\n<meta name=\"twitter:card\" content=\"summary_large_image\" \/>\n<meta name=\"twitter:creator\" content=\"@cdeualmeria\" \/>\n<meta name=\"twitter:site\" content=\"@cdeualmeria\" \/>\n<meta name=\"twitter:label1\" content=\"Written by\" \/>\n\t<meta name=\"twitter:data1\" content=\"AdminCDE\" \/>\n\t<meta name=\"twitter:label2\" content=\"Est. reading time\" \/>\n\t<meta name=\"twitter:data2\" content=\"1 minute\" \/>\n<script type=\"application\/ld+json\" class=\"yoast-schema-graph\">{\"@context\":\"https:\\\/\\\/schema.org\",\"@graph\":[{\"@type\":\"Article\",\"@id\":\"https:\\\/\\\/www.cde.ual.es\\\/en\\\/public-consultation-appropriate-age-for-introduction-of-complementary-feeding-of-infants\\\/#article\",\"isPartOf\":{\"@id\":\"https:\\\/\\\/www.cde.ual.es\\\/en\\\/public-consultation-appropriate-age-for-introduction-of-complementary-feeding-of-infants\\\/\"},\"author\":{\"name\":\"AdminCDE\",\"@id\":\"https:\\\/\\\/www.cde.ual.es\\\/#\\\/schema\\\/person\\\/224ef08c8bcc005f319d2713ce37ee5f\"},\"headline\":\"Public consultation: appropriate age for introduction of complementary feeding of infants\",\"datePublished\":\"2019-04-24T06:00:16+00:00\",\"mainEntityOfPage\":{\"@id\":\"https:\\\/\\\/www.cde.ual.es\\\/en\\\/public-consultation-appropriate-age-for-introduction-of-complementary-feeding-of-infants\\\/\"},\"wordCount\":252,\"commentCount\":0,\"publisher\":{\"@id\":\"https:\\\/\\\/www.cde.ual.es\\\/#organization\"},\"image\":{\"@id\":\"https:\\\/\\\/www.cde.ual.es\\\/en\\\/public-consultation-appropriate-age-for-introduction-of-complementary-feeding-of-infants\\\/#primaryimage\"},\"thumbnailUrl\":\"https:\\\/\\\/www.cde.ual.es\\\/wp-content\\\/uploads\\\/2019\\\/04\\\/Bebe.jpg\",\"keywords\":[\"Food Safety\"],\"articleSection\":[\"EU News\"],\"inLanguage\":\"en-US\",\"potentialAction\":[{\"@type\":\"CommentAction\",\"name\":\"Comment\",\"target\":[\"https:\\\/\\\/www.cde.ual.es\\\/en\\\/public-consultation-appropriate-age-for-introduction-of-complementary-feeding-of-infants\\\/#respond\"]}]},{\"@type\":\"WebPage\",\"@id\":\"https:\\\/\\\/www.cde.ual.es\\\/en\\\/public-consultation-appropriate-age-for-introduction-of-complementary-feeding-of-infants\\\/\",\"url\":\"https:\\\/\\\/www.cde.ual.es\\\/en\\\/public-consultation-appropriate-age-for-introduction-of-complementary-feeding-of-infants\\\/\",\"name\":\"Public consultation: appropriate age for introduction of complementary feeding of infants | CDE Almer\u00eda - Centro de Documentaci\u00f3n Europea - Universidad de Almer\u00eda\",\"isPartOf\":{\"@id\":\"https:\\\/\\\/www.cde.ual.es\\\/#website\"},\"primaryImageOfPage\":{\"@id\":\"https:\\\/\\\/www.cde.ual.es\\\/en\\\/public-consultation-appropriate-age-for-introduction-of-complementary-feeding-of-infants\\\/#primaryimage\"},\"image\":{\"@id\":\"https:\\\/\\\/www.cde.ual.es\\\/en\\\/public-consultation-appropriate-age-for-introduction-of-complementary-feeding-of-infants\\\/#primaryimage\"},\"thumbnailUrl\":\"https:\\\/\\\/www.cde.ual.es\\\/wp-content\\\/uploads\\\/2019\\\/04\\\/Bebe.jpg\",\"datePublished\":\"2019-04-24T06:00:16+00:00\",\"breadcrumb\":{\"@id\":\"https:\\\/\\\/www.cde.ual.es\\\/en\\\/public-consultation-appropriate-age-for-introduction-of-complementary-feeding-of-infants\\\/#breadcrumb\"},\"inLanguage\":\"en-US\",\"potentialAction\":[{\"@type\":\"ReadAction\",\"target\":[\"https:\\\/\\\/www.cde.ual.es\\\/en\\\/public-consultation-appropriate-age-for-introduction-of-complementary-feeding-of-infants\\\/\"]}]},{\"@type\":\"ImageObject\",\"inLanguage\":\"en-US\",\"@id\":\"https:\\\/\\\/www.cde.ual.es\\\/en\\\/public-consultation-appropriate-age-for-introduction-of-complementary-feeding-of-infants\\\/#primaryimage\",\"url\":\"https:\\\/\\\/www.cde.ual.es\\\/wp-content\\\/uploads\\\/2019\\\/04\\\/Bebe.jpg\",\"contentUrl\":\"https:\\\/\\\/www.cde.ual.es\\\/wp-content\\\/uploads\\\/2019\\\/04\\\/Bebe.jpg\",\"width\":960,\"height\":641},{\"@type\":\"BreadcrumbList\",\"@id\":\"https:\\\/\\\/www.cde.ual.es\\\/en\\\/public-consultation-appropriate-age-for-introduction-of-complementary-feeding-of-infants\\\/#breadcrumb\",\"itemListElement\":[{\"@type\":\"ListItem\",\"position\":1,\"name\":\"Inicio\",\"item\":\"https:\\\/\\\/www.cde.ual.es\\\/en\\\/\"},{\"@type\":\"ListItem\",\"position\":2,\"name\":\"EU News\",\"item\":\"https:\\\/\\\/www.cde.ual.es\\\/en\\\/category\\\/eu-news\\\/\"},{\"@type\":\"ListItem\",\"position\":3,\"name\":\"Public consultation: appropriate age for introduction of complementary feeding of infants\"}]},{\"@type\":\"WebSite\",\"@id\":\"https:\\\/\\\/www.cde.ual.es\\\/#website\",\"url\":\"https:\\\/\\\/www.cde.ual.es\\\/\",\"name\":\"CDE Almer\u00eda - Centro de Documentaci\u00f3n Europea - Universidad de Almer\u00eda\",\"description\":\"Centro de Documentaci\u00f3n Europea de la Universidad de Almer\u00eda\",\"publisher\":{\"@id\":\"https:\\\/\\\/www.cde.ual.es\\\/#organization\"},\"alternateName\":\"CDE Almer\u00eda\",\"potentialAction\":[{\"@type\":\"SearchAction\",\"target\":{\"@type\":\"EntryPoint\",\"urlTemplate\":\"https:\\\/\\\/www.cde.ual.es\\\/?s={search_term_string}\"},\"query-input\":{\"@type\":\"PropertyValueSpecification\",\"valueRequired\":true,\"valueName\":\"search_term_string\"}}],\"inLanguage\":\"en-US\"},{\"@type\":\"Organization\",\"@id\":\"https:\\\/\\\/www.cde.ual.es\\\/#organization\",\"name\":\"Centro de Documentaci\u00f3n Europea de Almer\u00eda\",\"url\":\"https:\\\/\\\/www.cde.ual.es\\\/\",\"logo\":{\"@type\":\"ImageObject\",\"inLanguage\":\"en-US\",\"@id\":\"https:\\\/\\\/www.cde.ual.es\\\/#\\\/schema\\\/logo\\\/image\\\/\",\"url\":\"https:\\\/\\\/www.cde.ual.es\\\/wp-content\\\/uploads\\\/2025\\\/07\\\/cde-logo-3.png\",\"contentUrl\":\"https:\\\/\\\/www.cde.ual.es\\\/wp-content\\\/uploads\\\/2025\\\/07\\\/cde-logo-3.png\",\"width\":1400,\"height\":300,\"caption\":\"Centro de Documentaci\u00f3n Europea de Almer\u00eda\"},\"image\":{\"@id\":\"https:\\\/\\\/www.cde.ual.es\\\/#\\\/schema\\\/logo\\\/image\\\/\"},\"sameAs\":[\"https:\\\/\\\/www.facebook.com\\\/cdeuniversidadalmeria\\\/\",\"https:\\\/\\\/x.com\\\/cdeualmeria\",\"https:\\\/\\\/www.tiktok.com\\\/@cdealmeria\",\"https:\\\/\\\/www.instagram.com\\\/cdealmeria\\\/\",\"https:\\\/\\\/www.linkedin.com\\\/in\\\/cde-almera-812b26a9\\\/\"]},{\"@type\":\"Person\",\"@id\":\"https:\\\/\\\/www.cde.ual.es\\\/#\\\/schema\\\/person\\\/224ef08c8bcc005f319d2713ce37ee5f\",\"name\":\"AdminCDE\",\"image\":{\"@type\":\"ImageObject\",\"inLanguage\":\"en-US\",\"@id\":\"https:\\\/\\\/secure.gravatar.com\\\/avatar\\\/a72d038d371f995cd13706fac32274b7952a52e8fb0a84b5f80c85426f2a98a8?s=96&d=mm&r=g\",\"url\":\"https:\\\/\\\/secure.gravatar.com\\\/avatar\\\/a72d038d371f995cd13706fac32274b7952a52e8fb0a84b5f80c85426f2a98a8?s=96&d=mm&r=g\",\"contentUrl\":\"https:\\\/\\\/secure.gravatar.com\\\/avatar\\\/a72d038d371f995cd13706fac32274b7952a52e8fb0a84b5f80c85426f2a98a8?s=96&d=mm&r=g\",\"caption\":\"AdminCDE\"}}]}<\/script>\n<!-- \/ Yoast SEO plugin. -->","yoast_head_json":{"title":"Public consultation: appropriate age for introduction of complementary feeding of infants | CDE Almer\u00eda - Centro de Documentaci\u00f3n Europea - Universidad de Almer\u00eda","robots":{"index":"index","follow":"follow","max-snippet":"max-snippet:-1","max-image-preview":"max-image-preview:large","max-video-preview":"max-video-preview:-1"},"canonical":"https:\/\/www.cde.ual.es\/en\/public-consultation-appropriate-age-for-introduction-of-complementary-feeding-of-infants\/","og_locale":"en_US","og_type":"article","og_title":"Public consultation: appropriate age for introduction of complementary feeding of infants | CDE Almer\u00eda - Centro de Documentaci\u00f3n Europea - Universidad de Almer\u00eda","og_description":"EFSA is seeking feedback from stakeholders and other interested parties on its scientific opinion on the appropriate age for introduction of complementary feeding of infants. The Panel on Nutrition, Novel Foods and Food Allergens (NDA) reviewed around 300 studies for the opinion. Its main conclusions are that: The appropriate age to introduce complementary foods depends [&hellip;]","og_url":"https:\/\/www.cde.ual.es\/en\/public-consultation-appropriate-age-for-introduction-of-complementary-feeding-of-infants\/","og_site_name":"CDE Almer\u00eda - Centro de Documentaci\u00f3n Europea - Universidad de Almer\u00eda","article_publisher":"https:\/\/www.facebook.com\/cdeuniversidadalmeria\/","article_published_time":"2019-04-24T06:00:16+00:00","og_image":[{"width":960,"height":641,"url":"https:\/\/www.cde.ual.es\/wp-content\/uploads\/2019\/04\/Bebe.jpg","type":"image\/jpeg"}],"author":"AdminCDE","twitter_card":"summary_large_image","twitter_creator":"@cdeualmeria","twitter_site":"@cdeualmeria","twitter_misc":{"Written by":"AdminCDE","Est. reading time":"1 minute"},"schema":{"@context":"https:\/\/schema.org","@graph":[{"@type":"Article","@id":"https:\/\/www.cde.ual.es\/en\/public-consultation-appropriate-age-for-introduction-of-complementary-feeding-of-infants\/#article","isPartOf":{"@id":"https:\/\/www.cde.ual.es\/en\/public-consultation-appropriate-age-for-introduction-of-complementary-feeding-of-infants\/"},"author":{"name":"AdminCDE","@id":"https:\/\/www.cde.ual.es\/#\/schema\/person\/224ef08c8bcc005f319d2713ce37ee5f"},"headline":"Public consultation: appropriate age for introduction of complementary feeding of infants","datePublished":"2019-04-24T06:00:16+00:00","mainEntityOfPage":{"@id":"https:\/\/www.cde.ual.es\/en\/public-consultation-appropriate-age-for-introduction-of-complementary-feeding-of-infants\/"},"wordCount":252,"commentCount":0,"publisher":{"@id":"https:\/\/www.cde.ual.es\/#organization"},"image":{"@id":"https:\/\/www.cde.ual.es\/en\/public-consultation-appropriate-age-for-introduction-of-complementary-feeding-of-infants\/#primaryimage"},"thumbnailUrl":"https:\/\/www.cde.ual.es\/wp-content\/uploads\/2019\/04\/Bebe.jpg","keywords":["Food Safety"],"articleSection":["EU News"],"inLanguage":"en-US","potentialAction":[{"@type":"CommentAction","name":"Comment","target":["https:\/\/www.cde.ual.es\/en\/public-consultation-appropriate-age-for-introduction-of-complementary-feeding-of-infants\/#respond"]}]},{"@type":"WebPage","@id":"https:\/\/www.cde.ual.es\/en\/public-consultation-appropriate-age-for-introduction-of-complementary-feeding-of-infants\/","url":"https:\/\/www.cde.ual.es\/en\/public-consultation-appropriate-age-for-introduction-of-complementary-feeding-of-infants\/","name":"Public consultation: appropriate age for introduction of complementary feeding of infants | CDE Almer\u00eda - Centro de Documentaci\u00f3n Europea - Universidad de Almer\u00eda","isPartOf":{"@id":"https:\/\/www.cde.ual.es\/#website"},"primaryImageOfPage":{"@id":"https:\/\/www.cde.ual.es\/en\/public-consultation-appropriate-age-for-introduction-of-complementary-feeding-of-infants\/#primaryimage"},"image":{"@id":"https:\/\/www.cde.ual.es\/en\/public-consultation-appropriate-age-for-introduction-of-complementary-feeding-of-infants\/#primaryimage"},"thumbnailUrl":"https:\/\/www.cde.ual.es\/wp-content\/uploads\/2019\/04\/Bebe.jpg","datePublished":"2019-04-24T06:00:16+00:00","breadcrumb":{"@id":"https:\/\/www.cde.ual.es\/en\/public-consultation-appropriate-age-for-introduction-of-complementary-feeding-of-infants\/#breadcrumb"},"inLanguage":"en-US","potentialAction":[{"@type":"ReadAction","target":["https:\/\/www.cde.ual.es\/en\/public-consultation-appropriate-age-for-introduction-of-complementary-feeding-of-infants\/"]}]},{"@type":"ImageObject","inLanguage":"en-US","@id":"https:\/\/www.cde.ual.es\/en\/public-consultation-appropriate-age-for-introduction-of-complementary-feeding-of-infants\/#primaryimage","url":"https:\/\/www.cde.ual.es\/wp-content\/uploads\/2019\/04\/Bebe.jpg","contentUrl":"https:\/\/www.cde.ual.es\/wp-content\/uploads\/2019\/04\/Bebe.jpg","width":960,"height":641},{"@type":"BreadcrumbList","@id":"https:\/\/www.cde.ual.es\/en\/public-consultation-appropriate-age-for-introduction-of-complementary-feeding-of-infants\/#breadcrumb","itemListElement":[{"@type":"ListItem","position":1,"name":"Inicio","item":"https:\/\/www.cde.ual.es\/en\/"},{"@type":"ListItem","position":2,"name":"EU News","item":"https:\/\/www.cde.ual.es\/en\/category\/eu-news\/"},{"@type":"ListItem","position":3,"name":"Public consultation: appropriate age for introduction of complementary feeding of infants"}]},{"@type":"WebSite","@id":"https:\/\/www.cde.ual.es\/#website","url":"https:\/\/www.cde.ual.es\/","name":"CDE Almer\u00eda - Centro de Documentaci\u00f3n Europea - Universidad de Almer\u00eda","description":"Centro de Documentaci\u00f3n Europea de la Universidad de Almer\u00eda","publisher":{"@id":"https:\/\/www.cde.ual.es\/#organization"},"alternateName":"CDE Almer\u00eda","potentialAction":[{"@type":"SearchAction","target":{"@type":"EntryPoint","urlTemplate":"https:\/\/www.cde.ual.es\/?s={search_term_string}"},"query-input":{"@type":"PropertyValueSpecification","valueRequired":true,"valueName":"search_term_string"}}],"inLanguage":"en-US"},{"@type":"Organization","@id":"https:\/\/www.cde.ual.es\/#organization","name":"Centro de Documentaci\u00f3n Europea de Almer\u00eda","url":"https:\/\/www.cde.ual.es\/","logo":{"@type":"ImageObject","inLanguage":"en-US","@id":"https:\/\/www.cde.ual.es\/#\/schema\/logo\/image\/","url":"https:\/\/www.cde.ual.es\/wp-content\/uploads\/2025\/07\/cde-logo-3.png","contentUrl":"https:\/\/www.cde.ual.es\/wp-content\/uploads\/2025\/07\/cde-logo-3.png","width":1400,"height":300,"caption":"Centro de Documentaci\u00f3n Europea de Almer\u00eda"},"image":{"@id":"https:\/\/www.cde.ual.es\/#\/schema\/logo\/image\/"},"sameAs":["https:\/\/www.facebook.com\/cdeuniversidadalmeria\/","https:\/\/x.com\/cdeualmeria","https:\/\/www.tiktok.com\/@cdealmeria","https:\/\/www.instagram.com\/cdealmeria\/","https:\/\/www.linkedin.com\/in\/cde-almera-812b26a9\/"]},{"@type":"Person","@id":"https:\/\/www.cde.ual.es\/#\/schema\/person\/224ef08c8bcc005f319d2713ce37ee5f","name":"AdminCDE","image":{"@type":"ImageObject","inLanguage":"en-US","@id":"https:\/\/secure.gravatar.com\/avatar\/a72d038d371f995cd13706fac32274b7952a52e8fb0a84b5f80c85426f2a98a8?s=96&d=mm&r=g","url":"https:\/\/secure.gravatar.com\/avatar\/a72d038d371f995cd13706fac32274b7952a52e8fb0a84b5f80c85426f2a98a8?s=96&d=mm&r=g","contentUrl":"https:\/\/secure.gravatar.com\/avatar\/a72d038d371f995cd13706fac32274b7952a52e8fb0a84b5f80c85426f2a98a8?s=96&d=mm&r=g","caption":"AdminCDE"}}]}},"_links":{"self":[{"href":"https:\/\/www.cde.ual.es\/en\/wp-json\/wp\/v2\/posts\/16293","targetHints":{"allow":["GET"]}}],"collection":[{"href":"https:\/\/www.cde.ual.es\/en\/wp-json\/wp\/v2\/posts"}],"about":[{"href":"https:\/\/www.cde.ual.es\/en\/wp-json\/wp\/v2\/types\/post"}],"author":[{"embeddable":true,"href":"https:\/\/www.cde.ual.es\/en\/wp-json\/wp\/v2\/users\/1"}],"replies":[{"embeddable":true,"href":"https:\/\/www.cde.ual.es\/en\/wp-json\/wp\/v2\/comments?post=16293"}],"version-history":[{"count":0,"href":"https:\/\/www.cde.ual.es\/en\/wp-json\/wp\/v2\/posts\/16293\/revisions"}],"wp:featuredmedia":[{"embeddable":true,"href":"https:\/\/www.cde.ual.es\/en\/wp-json\/wp\/v2\/media\/16291"}],"wp:attachment":[{"href":"https:\/\/www.cde.ual.es\/en\/wp-json\/wp\/v2\/media?parent=16293"}],"wp:term":[{"taxonomy":"category","embeddable":true,"href":"https:\/\/www.cde.ual.es\/en\/wp-json\/wp\/v2\/categories?post=16293"},{"taxonomy":"post_tag","embeddable":true,"href":"https:\/\/www.cde.ual.es\/en\/wp-json\/wp\/v2\/tags?post=16293"}],"curies":[{"name":"wp","href":"https:\/\/api.w.org\/{rel}","templated":true}]}}