{"id":162554,"date":"2025-10-22T03:00:00","date_gmt":"2025-10-22T01:00:00","guid":{"rendered":"https:\/\/www.cde.ual.es\/?p=162554"},"modified":"2025-10-21T14:26:47","modified_gmt":"2025-10-21T12:26:47","slug":"council-greenlights-switzerlands-association-to-eu-programmes","status":"publish","type":"post","link":"https:\/\/www.cde.ual.es\/en\/council-greenlights-switzerlands-association-to-eu-programmes\/","title":{"rendered":"Council greenlights Switzerland\u2019s association to EU programmes"},"content":{"rendered":"<p><img decoding=\"async\" class=\"aligncenter\" src=\"https:\/\/www.cde.ual.es\/wp-content\/uploads\/2024\/03\/suiza.jpg\" \/><\/p>\n<p style=\"text-align: justify;\">On Tuesday 21th, the Council gave its green light to Switzerland joining <strong>Union programmes,<\/strong>\u00a0such as Horizon Europe, Euratom Research and Training, ITER\/Fusion for Energy (F4E), Digital Europe, Erasmus+, as well as EU4Health.<\/p>\n<blockquote><p>Our partnership with Switzerland is longstanding and based on common values. In the current complex and evolving geopolitical context, our relationship needs to be expanded and modernised to be better fit for the future. This is exactly what we achieved today with our decision on Switzerland\u2019s association to EU research and innovation programmes as of the beginning of this year.<\/p>\n<p>Marie Bjerre, Minister for European affairs of Denmark<\/p><\/blockquote>\n<p style=\"text-align: justify;\">This agreement regarding Switzerland\u2019s association to EU programmes is part of a broader\u00a0<strong>package<\/strong>\u00a0of bilateral agreements negotiated between the EU and the Swiss Confederation in 2024. It is the first agreement of the package that will be signed and retroactively implemented as of the beginning of this year.<\/p>\n<p style=\"text-align: justify;\">Provisional application is foreseen with effect from\u00a0<strong>1 January 2025<\/strong>. This approach will allow to give effect to the\u00a0<strong>transitional arrangements<\/strong>\u00a0that the Commission granted to Switzerland during the negotiations of the broader package of agreements, for award procedures implementing the 2025 commitment appropriations.<\/p>\n<p style=\"text-align: justify;\">The conclusion of the agreement regarding Switzerland\u2019s participation in EU programmes is foreseen as part of the wider package only if Switzerland will complete its procedures necessary for the entry into force of the package\u00a0<strong>by the end of 2028<\/strong>.<\/p>\n<h2 style=\"text-align: justify;\">Next steps<\/h2>\n<p style=\"text-align: justify;\">Following today\u2019s adoption, the Commission is authorised to sign the agreement with the Swiss authorities. Signature is planned to take place in Bern on 10 November 2025. Following the completion of the signing of the entire package of agreements, the Council will request the consent of the European Parliament. Once this is provided, and subject to Switzerland completing the procedures necessary for the entry into force of the package by the end of 2028, the Council will complete the process on the conclusion of the broad package of agreements allowing for its entry into force.<\/p>\n<h2 style=\"text-align: justify;\">Background<\/h2>\n<p style=\"text-align: justify;\">On 20 December 2024, EU and Switzerland officially confirmed the completion of the negotiations for a broad package of agreements that aim to deepen and expand their bilateral relationship.<\/p>\n<p style=\"text-align: justify;\">The package includes a wide range of elements: the update of five agreements which already give Switzerland access to the EU internal market (air transport, land transport, the free movement of persons, conformity assessment and trade in agricultural products), three new agreements on food safety, health and electricity, a new agreement on Switzerland&#8217;s permanent and fair financial contribution to EU\u2019s economic and social cohesion and a new agreement that will allow Switzerland to participate in several EU programmes. A separate agreement covers Switzerland&#8217;s participation in the EU Space Agency, for activities related to the Galileo and EGNOS components of the Union Space programme.<\/p>\n<p style=\"text-align: justify;\">On 14 April 2025, the Commission submitted to the Council a proposal for a Council decision on the signing and provisional application of the agreement on Switzerland\u2019s participation in EU programmes together with a recommendation for a Council decision on the conclusion of this agreement, by the European Commission, for matters falling under the Euratom Treaty. The rest of the agreements together with the respective draft Council decisions on signing and conclusion reached the Council in June 2025 and are currently discussed at its preparatory bodies.<\/p>\n<p><strong>More information: <a href=\"https:\/\/www.consilium.europa.eu\/es\/press\/press-releases\/2025\/10\/21\/council-greenlights-switzerland-s-association-to-eu-programmes\/\">European Council<\/a><\/strong><\/p>\n","protected":false},"excerpt":{"rendered":"<p>On Tuesday 21th, the Council gave its green light to Switzerland joining Union programmes,\u00a0such as Horizon Europe, Euratom Research and Training, ITER\/Fusion for Energy (F4E), Digital Europe, Erasmus+, as well as EU4Health. Our partnership with Switzerland is longstanding and based on common values. In the current complex and evolving geopolitical context, our relationship needs to [&hellip;]<\/p>\n","protected":false},"author":1,"featured_media":150028,"comment_status":"open","ping_status":"open","sticky":false,"template":"","format":"standard","meta":{"_acf_changed":false,"_relevanssi_hide_post":"","_relevanssi_hide_content":"","_relevanssi_pin_for_all":"","_relevanssi_pin_keywords":"","_relevanssi_unpin_keywords":"","_relevanssi_related_keywords":"","_relevanssi_related_include_ids":"","_relevanssi_related_exclude_ids":"","_relevanssi_related_no_append":"","_relevanssi_related_not_related":"","_relevanssi_related_posts":"","_relevanssi_noindex_reason":"","_monsterinsights_skip_tracking":false,"_monsterinsights_sitenote_active":false,"_monsterinsights_sitenote_note":"","_monsterinsights_sitenote_category":0,"_genesis_hide_title":false,"_genesis_hide_breadcrumbs":false,"_genesis_hide_singular_image":false,"_genesis_hide_footer_widgets":false,"_genesis_custom_body_class":"","_genesis_custom_post_class":"","_genesis_layout":"","footnotes":""},"categories":[346,4064,4065],"tags":[3202,16064,480,779,16061,11878,2499,16062,726,368,627,16063,2788],"class_list":{"0":"post-162554","1":"post","2":"type-post","3":"status-publish","4":"format-standard","5":"has-post-thumbnail","7":"category-eu-news","8":"category-institutional","9":"category-international-pol-coop","10":"tag-association","11":"tag-digital-europe-en","12":"tag-erasmus-en","13":"tag-eu-en","14":"tag-eu-programmes","15":"tag-eu-switzerland","16":"tag-eu4health","17":"tag-euratom-research-and-training","18":"tag-european-council","19":"tag-european-union","20":"tag-horizon-europe","21":"tag-iter-fusion-for-energy-f4e","22":"tag-news","23":"entry"},"acf":[],"yoast_head":"<!-- This site is optimized with the Yoast SEO plugin v27.4 - https:\/\/yoast.com\/product\/yoast-seo-wordpress\/ -->\n<title>Council greenlights Switzerland\u2019s association to EU programmes | CDE Almer\u00eda - Centro de Documentaci\u00f3n Europea - Universidad de Almer\u00eda<\/title>\n<meta name=\"robots\" content=\"index, follow, max-snippet:-1, max-image-preview:large, max-video-preview:-1\" \/>\n<link rel=\"canonical\" href=\"https:\/\/www.cde.ual.es\/?p=162557\" \/>\n<meta property=\"og:locale\" content=\"en_US\" \/>\n<meta property=\"og:type\" content=\"article\" \/>\n<meta property=\"og:title\" content=\"Council greenlights Switzerland\u2019s association to EU programmes | CDE Almer\u00eda - Centro de Documentaci\u00f3n Europea - Universidad de Almer\u00eda\" \/>\n<meta property=\"og:description\" content=\"On Tuesday 21th, the Council gave its green light to Switzerland joining Union programmes,\u00a0such as Horizon Europe, Euratom Research and Training, ITER\/Fusion for Energy (F4E), Digital Europe, Erasmus+, as well as EU4Health. Our partnership with Switzerland is longstanding and based on common values. In the current complex and evolving geopolitical context, our relationship needs to [&hellip;]\" \/>\n<meta property=\"og:url\" content=\"https:\/\/www.cde.ual.es\/?p=162557\" \/>\n<meta property=\"og:site_name\" content=\"CDE Almer\u00eda - Centro de Documentaci\u00f3n Europea - Universidad de Almer\u00eda\" \/>\n<meta property=\"article:publisher\" content=\"https:\/\/www.facebook.com\/cdeuniversidadalmeria\/\" \/>\n<meta property=\"article:published_time\" content=\"2025-10-22T01:00:00+00:00\" \/>\n<meta property=\"og:image\" content=\"https:\/\/www.cde.ual.es\/wp-content\/uploads\/2024\/03\/suiza.jpg\" \/>\n\t<meta property=\"og:image:width\" content=\"790\" \/>\n\t<meta property=\"og:image:height\" content=\"442\" \/>\n\t<meta property=\"og:image:type\" content=\"image\/jpeg\" \/>\n<meta name=\"author\" content=\"AdminCDE\" \/>\n<meta name=\"twitter:card\" content=\"summary_large_image\" \/>\n<meta name=\"twitter:creator\" content=\"@cdeualmeria\" \/>\n<meta name=\"twitter:site\" content=\"@cdeualmeria\" \/>\n<meta name=\"twitter:label1\" content=\"Written by\" \/>\n\t<meta name=\"twitter:data1\" content=\"AdminCDE\" \/>\n\t<meta name=\"twitter:label2\" content=\"Est. reading time\" \/>\n\t<meta name=\"twitter:data2\" content=\"3 minutes\" \/>\n<script type=\"application\/ld+json\" class=\"yoast-schema-graph\">{\"@context\":\"https:\\\/\\\/schema.org\",\"@graph\":[{\"@type\":\"Article\",\"@id\":\"https:\\\/\\\/www.cde.ual.es\\\/?p=162557#article\",\"isPartOf\":{\"@id\":\"https:\\\/\\\/www.cde.ual.es\\\/?p=162557\"},\"author\":{\"name\":\"AdminCDE\",\"@id\":\"https:\\\/\\\/www.cde.ual.es\\\/#\\\/schema\\\/person\\\/224ef08c8bcc005f319d2713ce37ee5f\"},\"headline\":\"Council greenlights Switzerland\u2019s association to EU programmes\",\"datePublished\":\"2025-10-22T01:00:00+00:00\",\"mainEntityOfPage\":{\"@id\":\"https:\\\/\\\/www.cde.ual.es\\\/?p=162557\"},\"wordCount\":560,\"commentCount\":0,\"publisher\":{\"@id\":\"https:\\\/\\\/www.cde.ual.es\\\/#organization\"},\"image\":{\"@id\":\"https:\\\/\\\/www.cde.ual.es\\\/?p=162557#primaryimage\"},\"thumbnailUrl\":\"https:\\\/\\\/www.cde.ual.es\\\/wp-content\\\/uploads\\\/2024\\\/03\\\/suiza.jpg\",\"keywords\":[\"association\",\"Digital Europe\",\"Erasmus +\",\"EU\",\"EU Programmes\",\"EU-Switzerland\",\"EU4Health\",\"Euratom Research and Training\",\"European Council\",\"European Union\",\"Horizon Europe\",\"ITER\\\/Fusion for Energy (F4E)\",\"News\"],\"articleSection\":[\"EU News\",\"Institutional Affairs\",\"International Politics and Cooperation\"],\"inLanguage\":\"en-US\",\"potentialAction\":[{\"@type\":\"CommentAction\",\"name\":\"Comment\",\"target\":[\"https:\\\/\\\/www.cde.ual.es\\\/?p=162557#respond\"]}]},{\"@type\":\"WebPage\",\"@id\":\"https:\\\/\\\/www.cde.ual.es\\\/?p=162557\",\"url\":\"https:\\\/\\\/www.cde.ual.es\\\/?p=162557\",\"name\":\"Council greenlights Switzerland\u2019s association to EU programmes | CDE Almer\u00eda - Centro de Documentaci\u00f3n Europea - Universidad de Almer\u00eda\",\"isPartOf\":{\"@id\":\"https:\\\/\\\/www.cde.ual.es\\\/#website\"},\"primaryImageOfPage\":{\"@id\":\"https:\\\/\\\/www.cde.ual.es\\\/?p=162557#primaryimage\"},\"image\":{\"@id\":\"https:\\\/\\\/www.cde.ual.es\\\/?p=162557#primaryimage\"},\"thumbnailUrl\":\"https:\\\/\\\/www.cde.ual.es\\\/wp-content\\\/uploads\\\/2024\\\/03\\\/suiza.jpg\",\"datePublished\":\"2025-10-22T01:00:00+00:00\",\"breadcrumb\":{\"@id\":\"https:\\\/\\\/www.cde.ual.es\\\/?p=162557#breadcrumb\"},\"inLanguage\":\"en-US\",\"potentialAction\":[{\"@type\":\"ReadAction\",\"target\":[\"https:\\\/\\\/www.cde.ual.es\\\/?p=162557\"]}]},{\"@type\":\"ImageObject\",\"inLanguage\":\"en-US\",\"@id\":\"https:\\\/\\\/www.cde.ual.es\\\/?p=162557#primaryimage\",\"url\":\"https:\\\/\\\/www.cde.ual.es\\\/wp-content\\\/uploads\\\/2024\\\/03\\\/suiza.jpg\",\"contentUrl\":\"https:\\\/\\\/www.cde.ual.es\\\/wp-content\\\/uploads\\\/2024\\\/03\\\/suiza.jpg\",\"width\":790,\"height\":442},{\"@type\":\"BreadcrumbList\",\"@id\":\"https:\\\/\\\/www.cde.ual.es\\\/?p=162557#breadcrumb\",\"itemListElement\":[{\"@type\":\"ListItem\",\"position\":1,\"name\":\"Inicio\",\"item\":\"https:\\\/\\\/www.cde.ual.es\\\/en\\\/\"},{\"@type\":\"ListItem\",\"position\":2,\"name\":\"Noticias UE\",\"item\":\"https:\\\/\\\/www.cde.ual.es\\\/category\\\/noticias-ue\\\/\"},{\"@type\":\"ListItem\",\"position\":3,\"name\":\"Asuntos Institucionales\",\"item\":\"https:\\\/\\\/www.cde.ual.es\\\/category\\\/noticias-ue\\\/institucionales\\\/\"},{\"@type\":\"ListItem\",\"position\":4,\"name\":\"International Politics and Cooperation\",\"item\":\"https:\\\/\\\/www.cde.ual.es\\\/en\\\/category\\\/eu-news\\\/institutional\\\/international-pol-coop\\\/\"},{\"@type\":\"ListItem\",\"position\":5,\"name\":\"Council greenlights Switzerland\u2019s association to EU programmes\"}]},{\"@type\":\"WebSite\",\"@id\":\"https:\\\/\\\/www.cde.ual.es\\\/#website\",\"url\":\"https:\\\/\\\/www.cde.ual.es\\\/\",\"name\":\"CDE Almer\u00eda - Centro de Documentaci\u00f3n Europea - Universidad de Almer\u00eda\",\"description\":\"Centro de Documentaci\u00f3n Europea de la Universidad de Almer\u00eda\",\"publisher\":{\"@id\":\"https:\\\/\\\/www.cde.ual.es\\\/#organization\"},\"alternateName\":\"CDE Almer\u00eda\",\"potentialAction\":[{\"@type\":\"SearchAction\",\"target\":{\"@type\":\"EntryPoint\",\"urlTemplate\":\"https:\\\/\\\/www.cde.ual.es\\\/?s={search_term_string}\"},\"query-input\":{\"@type\":\"PropertyValueSpecification\",\"valueRequired\":true,\"valueName\":\"search_term_string\"}}],\"inLanguage\":\"en-US\"},{\"@type\":\"Organization\",\"@id\":\"https:\\\/\\\/www.cde.ual.es\\\/#organization\",\"name\":\"Centro de Documentaci\u00f3n Europea de Almer\u00eda\",\"url\":\"https:\\\/\\\/www.cde.ual.es\\\/\",\"logo\":{\"@type\":\"ImageObject\",\"inLanguage\":\"en-US\",\"@id\":\"https:\\\/\\\/www.cde.ual.es\\\/#\\\/schema\\\/logo\\\/image\\\/\",\"url\":\"https:\\\/\\\/www.cde.ual.es\\\/wp-content\\\/uploads\\\/2025\\\/07\\\/cde-logo-3.png\",\"contentUrl\":\"https:\\\/\\\/www.cde.ual.es\\\/wp-content\\\/uploads\\\/2025\\\/07\\\/cde-logo-3.png\",\"width\":1400,\"height\":300,\"caption\":\"Centro de Documentaci\u00f3n Europea de Almer\u00eda\"},\"image\":{\"@id\":\"https:\\\/\\\/www.cde.ual.es\\\/#\\\/schema\\\/logo\\\/image\\\/\"},\"sameAs\":[\"https:\\\/\\\/www.facebook.com\\\/cdeuniversidadalmeria\\\/\",\"https:\\\/\\\/x.com\\\/cdeualmeria\",\"https:\\\/\\\/www.tiktok.com\\\/@cdealmeria\",\"https:\\\/\\\/www.instagram.com\\\/cdealmeria\\\/\",\"https:\\\/\\\/www.linkedin.com\\\/in\\\/cde-almera-812b26a9\\\/\"]},{\"@type\":\"Person\",\"@id\":\"https:\\\/\\\/www.cde.ual.es\\\/#\\\/schema\\\/person\\\/224ef08c8bcc005f319d2713ce37ee5f\",\"name\":\"AdminCDE\",\"image\":{\"@type\":\"ImageObject\",\"inLanguage\":\"en-US\",\"@id\":\"https:\\\/\\\/secure.gravatar.com\\\/avatar\\\/a72d038d371f995cd13706fac32274b7952a52e8fb0a84b5f80c85426f2a98a8?s=96&d=mm&r=g\",\"url\":\"https:\\\/\\\/secure.gravatar.com\\\/avatar\\\/a72d038d371f995cd13706fac32274b7952a52e8fb0a84b5f80c85426f2a98a8?s=96&d=mm&r=g\",\"contentUrl\":\"https:\\\/\\\/secure.gravatar.com\\\/avatar\\\/a72d038d371f995cd13706fac32274b7952a52e8fb0a84b5f80c85426f2a98a8?s=96&d=mm&r=g\",\"caption\":\"AdminCDE\"}}]}<\/script>\n<!-- \/ Yoast SEO plugin. -->","yoast_head_json":{"title":"Council greenlights Switzerland\u2019s association to EU programmes | CDE Almer\u00eda - Centro de Documentaci\u00f3n Europea - Universidad de Almer\u00eda","robots":{"index":"index","follow":"follow","max-snippet":"max-snippet:-1","max-image-preview":"max-image-preview:large","max-video-preview":"max-video-preview:-1"},"canonical":"https:\/\/www.cde.ual.es\/?p=162557","og_locale":"en_US","og_type":"article","og_title":"Council greenlights Switzerland\u2019s association to EU programmes | CDE Almer\u00eda - Centro de Documentaci\u00f3n Europea - Universidad de Almer\u00eda","og_description":"On Tuesday 21th, the Council gave its green light to Switzerland joining Union programmes,\u00a0such as Horizon Europe, Euratom Research and Training, ITER\/Fusion for Energy (F4E), Digital Europe, Erasmus+, as well as EU4Health. Our partnership with Switzerland is longstanding and based on common values. In the current complex and evolving geopolitical context, our relationship needs to [&hellip;]","og_url":"https:\/\/www.cde.ual.es\/?p=162557","og_site_name":"CDE Almer\u00eda - Centro de Documentaci\u00f3n Europea - Universidad de Almer\u00eda","article_publisher":"https:\/\/www.facebook.com\/cdeuniversidadalmeria\/","article_published_time":"2025-10-22T01:00:00+00:00","og_image":[{"width":790,"height":442,"url":"https:\/\/www.cde.ual.es\/wp-content\/uploads\/2024\/03\/suiza.jpg","type":"image\/jpeg"}],"author":"AdminCDE","twitter_card":"summary_large_image","twitter_creator":"@cdeualmeria","twitter_site":"@cdeualmeria","twitter_misc":{"Written by":"AdminCDE","Est. reading time":"3 minutes"},"schema":{"@context":"https:\/\/schema.org","@graph":[{"@type":"Article","@id":"https:\/\/www.cde.ual.es\/?p=162557#article","isPartOf":{"@id":"https:\/\/www.cde.ual.es\/?p=162557"},"author":{"name":"AdminCDE","@id":"https:\/\/www.cde.ual.es\/#\/schema\/person\/224ef08c8bcc005f319d2713ce37ee5f"},"headline":"Council greenlights Switzerland\u2019s association to EU programmes","datePublished":"2025-10-22T01:00:00+00:00","mainEntityOfPage":{"@id":"https:\/\/www.cde.ual.es\/?p=162557"},"wordCount":560,"commentCount":0,"publisher":{"@id":"https:\/\/www.cde.ual.es\/#organization"},"image":{"@id":"https:\/\/www.cde.ual.es\/?p=162557#primaryimage"},"thumbnailUrl":"https:\/\/www.cde.ual.es\/wp-content\/uploads\/2024\/03\/suiza.jpg","keywords":["association","Digital Europe","Erasmus +","EU","EU Programmes","EU-Switzerland","EU4Health","Euratom Research and Training","European Council","European Union","Horizon Europe","ITER\/Fusion for Energy (F4E)","News"],"articleSection":["EU News","Institutional Affairs","International Politics and Cooperation"],"inLanguage":"en-US","potentialAction":[{"@type":"CommentAction","name":"Comment","target":["https:\/\/www.cde.ual.es\/?p=162557#respond"]}]},{"@type":"WebPage","@id":"https:\/\/www.cde.ual.es\/?p=162557","url":"https:\/\/www.cde.ual.es\/?p=162557","name":"Council greenlights Switzerland\u2019s association to EU programmes | CDE Almer\u00eda - Centro de Documentaci\u00f3n Europea - Universidad de Almer\u00eda","isPartOf":{"@id":"https:\/\/www.cde.ual.es\/#website"},"primaryImageOfPage":{"@id":"https:\/\/www.cde.ual.es\/?p=162557#primaryimage"},"image":{"@id":"https:\/\/www.cde.ual.es\/?p=162557#primaryimage"},"thumbnailUrl":"https:\/\/www.cde.ual.es\/wp-content\/uploads\/2024\/03\/suiza.jpg","datePublished":"2025-10-22T01:00:00+00:00","breadcrumb":{"@id":"https:\/\/www.cde.ual.es\/?p=162557#breadcrumb"},"inLanguage":"en-US","potentialAction":[{"@type":"ReadAction","target":["https:\/\/www.cde.ual.es\/?p=162557"]}]},{"@type":"ImageObject","inLanguage":"en-US","@id":"https:\/\/www.cde.ual.es\/?p=162557#primaryimage","url":"https:\/\/www.cde.ual.es\/wp-content\/uploads\/2024\/03\/suiza.jpg","contentUrl":"https:\/\/www.cde.ual.es\/wp-content\/uploads\/2024\/03\/suiza.jpg","width":790,"height":442},{"@type":"BreadcrumbList","@id":"https:\/\/www.cde.ual.es\/?p=162557#breadcrumb","itemListElement":[{"@type":"ListItem","position":1,"name":"Inicio","item":"https:\/\/www.cde.ual.es\/en\/"},{"@type":"ListItem","position":2,"name":"Noticias UE","item":"https:\/\/www.cde.ual.es\/category\/noticias-ue\/"},{"@type":"ListItem","position":3,"name":"Asuntos Institucionales","item":"https:\/\/www.cde.ual.es\/category\/noticias-ue\/institucionales\/"},{"@type":"ListItem","position":4,"name":"International Politics and Cooperation","item":"https:\/\/www.cde.ual.es\/en\/category\/eu-news\/institutional\/international-pol-coop\/"},{"@type":"ListItem","position":5,"name":"Council greenlights Switzerland\u2019s association to EU programmes"}]},{"@type":"WebSite","@id":"https:\/\/www.cde.ual.es\/#website","url":"https:\/\/www.cde.ual.es\/","name":"CDE Almer\u00eda - Centro de Documentaci\u00f3n Europea - Universidad de Almer\u00eda","description":"Centro de Documentaci\u00f3n Europea de la Universidad de Almer\u00eda","publisher":{"@id":"https:\/\/www.cde.ual.es\/#organization"},"alternateName":"CDE Almer\u00eda","potentialAction":[{"@type":"SearchAction","target":{"@type":"EntryPoint","urlTemplate":"https:\/\/www.cde.ual.es\/?s={search_term_string}"},"query-input":{"@type":"PropertyValueSpecification","valueRequired":true,"valueName":"search_term_string"}}],"inLanguage":"en-US"},{"@type":"Organization","@id":"https:\/\/www.cde.ual.es\/#organization","name":"Centro de Documentaci\u00f3n Europea de Almer\u00eda","url":"https:\/\/www.cde.ual.es\/","logo":{"@type":"ImageObject","inLanguage":"en-US","@id":"https:\/\/www.cde.ual.es\/#\/schema\/logo\/image\/","url":"https:\/\/www.cde.ual.es\/wp-content\/uploads\/2025\/07\/cde-logo-3.png","contentUrl":"https:\/\/www.cde.ual.es\/wp-content\/uploads\/2025\/07\/cde-logo-3.png","width":1400,"height":300,"caption":"Centro de Documentaci\u00f3n Europea de Almer\u00eda"},"image":{"@id":"https:\/\/www.cde.ual.es\/#\/schema\/logo\/image\/"},"sameAs":["https:\/\/www.facebook.com\/cdeuniversidadalmeria\/","https:\/\/x.com\/cdeualmeria","https:\/\/www.tiktok.com\/@cdealmeria","https:\/\/www.instagram.com\/cdealmeria\/","https:\/\/www.linkedin.com\/in\/cde-almera-812b26a9\/"]},{"@type":"Person","@id":"https:\/\/www.cde.ual.es\/#\/schema\/person\/224ef08c8bcc005f319d2713ce37ee5f","name":"AdminCDE","image":{"@type":"ImageObject","inLanguage":"en-US","@id":"https:\/\/secure.gravatar.com\/avatar\/a72d038d371f995cd13706fac32274b7952a52e8fb0a84b5f80c85426f2a98a8?s=96&d=mm&r=g","url":"https:\/\/secure.gravatar.com\/avatar\/a72d038d371f995cd13706fac32274b7952a52e8fb0a84b5f80c85426f2a98a8?s=96&d=mm&r=g","contentUrl":"https:\/\/secure.gravatar.com\/avatar\/a72d038d371f995cd13706fac32274b7952a52e8fb0a84b5f80c85426f2a98a8?s=96&d=mm&r=g","caption":"AdminCDE"}}]}},"_links":{"self":[{"href":"https:\/\/www.cde.ual.es\/en\/wp-json\/wp\/v2\/posts\/162554","targetHints":{"allow":["GET"]}}],"collection":[{"href":"https:\/\/www.cde.ual.es\/en\/wp-json\/wp\/v2\/posts"}],"about":[{"href":"https:\/\/www.cde.ual.es\/en\/wp-json\/wp\/v2\/types\/post"}],"author":[{"embeddable":true,"href":"https:\/\/www.cde.ual.es\/en\/wp-json\/wp\/v2\/users\/1"}],"replies":[{"embeddable":true,"href":"https:\/\/www.cde.ual.es\/en\/wp-json\/wp\/v2\/comments?post=162554"}],"version-history":[{"count":1,"href":"https:\/\/www.cde.ual.es\/en\/wp-json\/wp\/v2\/posts\/162554\/revisions"}],"predecessor-version":[{"id":162556,"href":"https:\/\/www.cde.ual.es\/en\/wp-json\/wp\/v2\/posts\/162554\/revisions\/162556"}],"wp:featuredmedia":[{"embeddable":true,"href":"https:\/\/www.cde.ual.es\/en\/wp-json\/wp\/v2\/media\/150028"}],"wp:attachment":[{"href":"https:\/\/www.cde.ual.es\/en\/wp-json\/wp\/v2\/media?parent=162554"}],"wp:term":[{"taxonomy":"category","embeddable":true,"href":"https:\/\/www.cde.ual.es\/en\/wp-json\/wp\/v2\/categories?post=162554"},{"taxonomy":"post_tag","embeddable":true,"href":"https:\/\/www.cde.ual.es\/en\/wp-json\/wp\/v2\/tags?post=162554"}],"curies":[{"name":"wp","href":"https:\/\/api.w.org\/{rel}","templated":true}]}}