{"id":1619,"date":"2017-03-17T12:15:43","date_gmt":"2017-03-17T11:15:43","guid":{"rendered":"http:\/\/www.cde.ual.es\/?p=1619"},"modified":"2017-03-17T12:40:13","modified_gmt":"2017-03-17T11:40:13","slug":"practicas-en-el-comite-de-las-regiones","status":"publish","type":"post","link":"https:\/\/www.cde.ual.es\/en\/practicas-en-el-comite-de-las-regiones\/","title":{"rendered":"Pr\u00e1cticas en el Comit\u00e9 de las Regiones"},"content":{"rendered":"<p style=\"text-align: justify;\"><img decoding=\"async\" class=\"alignright wp-image-1620\" src=\"http:\/\/www.cde.ual.es\/wp-content\/uploads\/2017\/03\/0542FFE1-8646-4278-8723-58217565FA12.jpg\" width=\"307\" height=\"230\" srcset=\"https:\/\/www.cde.ual.es\/wp-content\/uploads\/2017\/03\/0542FFE1-8646-4278-8723-58217565FA12.jpg 1600w, https:\/\/www.cde.ual.es\/wp-content\/uploads\/2017\/03\/0542FFE1-8646-4278-8723-58217565FA12-768x576.jpg 768w\" sizes=\"(max-width: 307px) 100vw, 307px\" \/>Cada a\u00f1o, el Comit\u00e9 de las Regiones ofrece a los j\u00f3venes graduados universitarios un periodo de pr\u00e1cticas limitado de <strong>cinco meses<\/strong>. Dichos per\u00edodos de formaci\u00f3n implican una experiencia laboral en uno de los servicios de la Comisi\u00f3n de las Regiones, del 16 de febrero hasta el 15 de julio (pr\u00e1cticas de primavera) o del 16 de septiembre hasta el 15 de febrero (pr\u00e1cticas de oto\u00f1o).<\/p>\n<p>El prop\u00f3sito de la organizaci\u00f3n de cursillos de formaci\u00f3n en el Comit\u00e9 de las Regiones es la siguiente:<\/p>\n<ul>\n<li style=\"text-align: justify;\">proporcionar una experiencia de primera mano del trabajo de la CDR y de las instituciones de la UE en general;<\/li>\n<li style=\"text-align: justify;\">para trabajar en un ambiente multicultural y pluriling\u00fce;<\/li>\n<li style=\"text-align: justify;\">para proporcionar conocimientos pr\u00e1cticos del funcionamiento de sus departamentos;<\/li>\n<li style=\"text-align: justify;\">para que los alumnos tengan la oportunidad de organizar una visita de estudio a una autoridad europea local o regional, en conexi\u00f3n con las prioridades\u00a0 de la pol\u00edtica del Comit\u00e9;<\/li>\n<li style=\"text-align: justify;\">para que los alumnos puedan desarrollar y poner en pr\u00e1ctica los conocimientos que han adquirido durante sus estudios o carreras personales.<\/li>\n<\/ul>\n<h3>Requisitos<\/h3>\n<div class=\"field field--name-field-requisitos field--type-text field--label-hidden\">\n<div class=\"field__items\">\n<div class=\"field__item even\">\n<p>Los candidatos deber\u00e1n:<\/p>\n<ul>\n<li style=\"text-align: justify;\">Tener un t\u00edtulo universitario (o un diploma equivalente) en la fecha en la que concluya el plazo de solicitudes.<\/li>\n<li style=\"text-align: justify;\">Tener un conocimiento profundo de una lengua oficial de la Comunidad y un conocimiento satisfactorio de otra lengua de trabajo de la UE (ingl\u00e9s o franc\u00e9s). Los alumnos son seleccionados entre los nacionales de los Estados miembros de la UE. Sin embargo, un n\u00famero limitado de nacionales de terceros pa\u00edses pueden ser aceptados.<\/li>\n<\/ul>\n<p style=\"text-align: justify;\"><strong>Plazos:<\/strong> Las solicitudes deben recibirse antes del <strong>31 de marzo\u00a0del mismo a\u00f1o (para las pr\u00e1cticas de oto\u00f1o) o el 30 de septiembre del a\u00f1o anterior (para las pr\u00e1cticas de primavera).<\/strong><\/p>\n<p>Las solicitudes se realizar\u00e1n exclusivamente a trav\u00e9s de <a href=\"http:\/\/cor.europa.eu\/es\/about\/traineeships\/Pages\/cor-traineeship.aspx\" target=\"_blank\">esta p\u00e1gina.<\/a><\/p>\n<\/div>\n<\/div>\n<\/div>\n","protected":false},"excerpt":{"rendered":"<p>Cada a\u00f1o, el Comit\u00e9 de las Regiones ofrece a los j\u00f3venes graduados universitarios un periodo de pr\u00e1cticas limitado de cinco meses. Dichos per\u00edodos de formaci\u00f3n implican una experiencia laboral en uno de los servicios de la Comisi\u00f3n de las Regiones, del 16 de febrero hasta el 15 de julio (pr\u00e1cticas de primavera) o del 16 [&hellip;]<\/p>\n","protected":false},"author":1,"featured_media":0,"comment_status":"open","ping_status":"open","sticky":false,"template":"","format":"standard","meta":{"_acf_changed":false,"_relevanssi_hide_post":"","_relevanssi_hide_content":"","_relevanssi_pin_for_all":"","_relevanssi_pin_keywords":"","_relevanssi_unpin_keywords":"","_relevanssi_related_keywords":"","_relevanssi_related_include_ids":"","_relevanssi_related_exclude_ids":"","_relevanssi_related_no_append":"","_relevanssi_related_not_related":"","_relevanssi_related_posts":"","_relevanssi_noindex_reason":"","_monsterinsights_skip_tracking":false,"_monsterinsights_sitenote_active":false,"_monsterinsights_sitenote_note":"","_monsterinsights_sitenote_category":0,"_genesis_hide_title":false,"_genesis_hide_breadcrumbs":false,"_genesis_hide_singular_image":false,"_genesis_hide_footer_widgets":false,"_genesis_custom_body_class":"","_genesis_custom_post_class":"","_genesis_layout":"","footnotes":""},"categories":[1],"tags":[],"class_list":{"0":"post-1619","1":"post","2":"type-post","3":"status-publish","4":"format-standard","6":"category-sin-categorizar","7":"entry","8":"has-post-thumbnail"},"acf":[],"yoast_head":"<!-- This site is optimized with the Yoast SEO plugin v27.4 - https:\/\/yoast.com\/product\/yoast-seo-wordpress\/ -->\n<title>Pr\u00e1cticas en el Comit\u00e9 de las Regiones | CDE Almer\u00eda - Centro de Documentaci\u00f3n Europea - Universidad de Almer\u00eda<\/title>\n<meta name=\"robots\" content=\"index, follow, max-snippet:-1, max-image-preview:large, max-video-preview:-1\" \/>\n<link rel=\"canonical\" href=\"https:\/\/www.cde.ual.es\/practicas-en-el-comite-de-las-regiones\/\" \/>\n<meta property=\"og:locale\" content=\"en_US\" \/>\n<meta property=\"og:type\" content=\"article\" \/>\n<meta property=\"og:title\" content=\"Pr\u00e1cticas en el Comit\u00e9 de las Regiones | CDE Almer\u00eda - Centro de Documentaci\u00f3n Europea - Universidad de Almer\u00eda\" \/>\n<meta property=\"og:description\" content=\"Cada a\u00f1o, el Comit\u00e9 de las Regiones ofrece a los j\u00f3venes graduados universitarios un periodo de pr\u00e1cticas limitado de cinco meses. Dichos per\u00edodos de formaci\u00f3n implican una experiencia laboral en uno de los servicios de la Comisi\u00f3n de las Regiones, del 16 de febrero hasta el 15 de julio (pr\u00e1cticas de primavera) o del 16 [&hellip;]\" \/>\n<meta property=\"og:url\" content=\"https:\/\/www.cde.ual.es\/practicas-en-el-comite-de-las-regiones\/\" \/>\n<meta property=\"og:site_name\" content=\"CDE Almer\u00eda - Centro de Documentaci\u00f3n Europea - Universidad de Almer\u00eda\" \/>\n<meta property=\"article:publisher\" content=\"https:\/\/www.facebook.com\/cdeuniversidadalmeria\/\" \/>\n<meta property=\"article:published_time\" content=\"2017-03-17T11:15:43+00:00\" \/>\n<meta property=\"article:modified_time\" content=\"2017-03-17T11:40:13+00:00\" \/>\n<meta property=\"og:image\" content=\"http:\/\/www.cde.ual.es\/wp-content\/uploads\/2017\/03\/0542FFE1-8646-4278-8723-58217565FA12.jpg\" \/>\n<meta name=\"author\" content=\"AdminCDE\" \/>\n<meta name=\"twitter:card\" content=\"summary_large_image\" \/>\n<meta name=\"twitter:creator\" content=\"@cdeualmeria\" \/>\n<meta name=\"twitter:site\" content=\"@cdeualmeria\" \/>\n<meta name=\"twitter:label1\" content=\"Written by\" \/>\n\t<meta name=\"twitter:data1\" content=\"AdminCDE\" \/>\n\t<meta name=\"twitter:label2\" content=\"Est. reading time\" \/>\n\t<meta name=\"twitter:data2\" content=\"2 minutes\" \/>\n<script type=\"application\/ld+json\" class=\"yoast-schema-graph\">{\"@context\":\"https:\\\/\\\/schema.org\",\"@graph\":[{\"@type\":\"Article\",\"@id\":\"https:\\\/\\\/www.cde.ual.es\\\/practicas-en-el-comite-de-las-regiones\\\/#article\",\"isPartOf\":{\"@id\":\"https:\\\/\\\/www.cde.ual.es\\\/practicas-en-el-comite-de-las-regiones\\\/\"},\"author\":{\"name\":\"AdminCDE\",\"@id\":\"https:\\\/\\\/www.cde.ual.es\\\/#\\\/schema\\\/person\\\/224ef08c8bcc005f319d2713ce37ee5f\"},\"headline\":\"Pr\u00e1cticas en el Comit\u00e9 de las Regiones\",\"datePublished\":\"2017-03-17T11:15:43+00:00\",\"dateModified\":\"2017-03-17T11:40:13+00:00\",\"mainEntityOfPage\":{\"@id\":\"https:\\\/\\\/www.cde.ual.es\\\/practicas-en-el-comite-de-las-regiones\\\/\"},\"wordCount\":321,\"commentCount\":0,\"publisher\":{\"@id\":\"https:\\\/\\\/www.cde.ual.es\\\/#organization\"},\"image\":{\"@id\":\"https:\\\/\\\/www.cde.ual.es\\\/practicas-en-el-comite-de-las-regiones\\\/#primaryimage\"},\"thumbnailUrl\":\"http:\\\/\\\/www.cde.ual.es\\\/wp-content\\\/uploads\\\/2017\\\/03\\\/0542FFE1-8646-4278-8723-58217565FA12.jpg\",\"articleSection\":[\"Sin categorizar\"],\"inLanguage\":\"en-US\",\"potentialAction\":[{\"@type\":\"CommentAction\",\"name\":\"Comment\",\"target\":[\"https:\\\/\\\/www.cde.ual.es\\\/practicas-en-el-comite-de-las-regiones\\\/#respond\"]}]},{\"@type\":\"WebPage\",\"@id\":\"https:\\\/\\\/www.cde.ual.es\\\/practicas-en-el-comite-de-las-regiones\\\/\",\"url\":\"https:\\\/\\\/www.cde.ual.es\\\/practicas-en-el-comite-de-las-regiones\\\/\",\"name\":\"Pr\u00e1cticas en el Comit\u00e9 de las Regiones | CDE Almer\u00eda - Centro de Documentaci\u00f3n Europea - Universidad de Almer\u00eda\",\"isPartOf\":{\"@id\":\"https:\\\/\\\/www.cde.ual.es\\\/#website\"},\"primaryImageOfPage\":{\"@id\":\"https:\\\/\\\/www.cde.ual.es\\\/practicas-en-el-comite-de-las-regiones\\\/#primaryimage\"},\"image\":{\"@id\":\"https:\\\/\\\/www.cde.ual.es\\\/practicas-en-el-comite-de-las-regiones\\\/#primaryimage\"},\"thumbnailUrl\":\"http:\\\/\\\/www.cde.ual.es\\\/wp-content\\\/uploads\\\/2017\\\/03\\\/0542FFE1-8646-4278-8723-58217565FA12.jpg\",\"datePublished\":\"2017-03-17T11:15:43+00:00\",\"dateModified\":\"2017-03-17T11:40:13+00:00\",\"breadcrumb\":{\"@id\":\"https:\\\/\\\/www.cde.ual.es\\\/practicas-en-el-comite-de-las-regiones\\\/#breadcrumb\"},\"inLanguage\":\"en-US\",\"potentialAction\":[{\"@type\":\"ReadAction\",\"target\":[\"https:\\\/\\\/www.cde.ual.es\\\/practicas-en-el-comite-de-las-regiones\\\/\"]}]},{\"@type\":\"ImageObject\",\"inLanguage\":\"en-US\",\"@id\":\"https:\\\/\\\/www.cde.ual.es\\\/practicas-en-el-comite-de-las-regiones\\\/#primaryimage\",\"url\":\"http:\\\/\\\/www.cde.ual.es\\\/wp-content\\\/uploads\\\/2017\\\/03\\\/0542FFE1-8646-4278-8723-58217565FA12.jpg\",\"contentUrl\":\"http:\\\/\\\/www.cde.ual.es\\\/wp-content\\\/uploads\\\/2017\\\/03\\\/0542FFE1-8646-4278-8723-58217565FA12.jpg\"},{\"@type\":\"BreadcrumbList\",\"@id\":\"https:\\\/\\\/www.cde.ual.es\\\/practicas-en-el-comite-de-las-regiones\\\/#breadcrumb\",\"itemListElement\":[{\"@type\":\"ListItem\",\"position\":1,\"name\":\"Inicio\",\"item\":\"https:\\\/\\\/www.cde.ual.es\\\/en\\\/\"},{\"@type\":\"ListItem\",\"position\":2,\"name\":\"Sin categorizar\",\"item\":\"https:\\\/\\\/www.cde.ual.es\\\/category\\\/sin-categorizar\\\/\"},{\"@type\":\"ListItem\",\"position\":3,\"name\":\"Pr\u00e1cticas en el Comit\u00e9 de las Regiones\"}]},{\"@type\":\"WebSite\",\"@id\":\"https:\\\/\\\/www.cde.ual.es\\\/#website\",\"url\":\"https:\\\/\\\/www.cde.ual.es\\\/\",\"name\":\"CDE Almer\u00eda - Centro de Documentaci\u00f3n Europea - Universidad de Almer\u00eda\",\"description\":\"Centro de Documentaci\u00f3n Europea de la Universidad de Almer\u00eda\",\"publisher\":{\"@id\":\"https:\\\/\\\/www.cde.ual.es\\\/#organization\"},\"alternateName\":\"CDE Almer\u00eda\",\"potentialAction\":[{\"@type\":\"SearchAction\",\"target\":{\"@type\":\"EntryPoint\",\"urlTemplate\":\"https:\\\/\\\/www.cde.ual.es\\\/?s={search_term_string}\"},\"query-input\":{\"@type\":\"PropertyValueSpecification\",\"valueRequired\":true,\"valueName\":\"search_term_string\"}}],\"inLanguage\":\"en-US\"},{\"@type\":\"Organization\",\"@id\":\"https:\\\/\\\/www.cde.ual.es\\\/#organization\",\"name\":\"Centro de Documentaci\u00f3n Europea de Almer\u00eda\",\"url\":\"https:\\\/\\\/www.cde.ual.es\\\/\",\"logo\":{\"@type\":\"ImageObject\",\"inLanguage\":\"en-US\",\"@id\":\"https:\\\/\\\/www.cde.ual.es\\\/#\\\/schema\\\/logo\\\/image\\\/\",\"url\":\"https:\\\/\\\/www.cde.ual.es\\\/wp-content\\\/uploads\\\/2025\\\/07\\\/cde-logo-3.png\",\"contentUrl\":\"https:\\\/\\\/www.cde.ual.es\\\/wp-content\\\/uploads\\\/2025\\\/07\\\/cde-logo-3.png\",\"width\":1400,\"height\":300,\"caption\":\"Centro de Documentaci\u00f3n Europea de Almer\u00eda\"},\"image\":{\"@id\":\"https:\\\/\\\/www.cde.ual.es\\\/#\\\/schema\\\/logo\\\/image\\\/\"},\"sameAs\":[\"https:\\\/\\\/www.facebook.com\\\/cdeuniversidadalmeria\\\/\",\"https:\\\/\\\/x.com\\\/cdeualmeria\",\"https:\\\/\\\/www.tiktok.com\\\/@cdealmeria\",\"https:\\\/\\\/www.instagram.com\\\/cdealmeria\\\/\",\"https:\\\/\\\/www.linkedin.com\\\/in\\\/cde-almera-812b26a9\\\/\"]},{\"@type\":\"Person\",\"@id\":\"https:\\\/\\\/www.cde.ual.es\\\/#\\\/schema\\\/person\\\/224ef08c8bcc005f319d2713ce37ee5f\",\"name\":\"AdminCDE\",\"image\":{\"@type\":\"ImageObject\",\"inLanguage\":\"en-US\",\"@id\":\"https:\\\/\\\/secure.gravatar.com\\\/avatar\\\/a72d038d371f995cd13706fac32274b7952a52e8fb0a84b5f80c85426f2a98a8?s=96&d=mm&r=g\",\"url\":\"https:\\\/\\\/secure.gravatar.com\\\/avatar\\\/a72d038d371f995cd13706fac32274b7952a52e8fb0a84b5f80c85426f2a98a8?s=96&d=mm&r=g\",\"contentUrl\":\"https:\\\/\\\/secure.gravatar.com\\\/avatar\\\/a72d038d371f995cd13706fac32274b7952a52e8fb0a84b5f80c85426f2a98a8?s=96&d=mm&r=g\",\"caption\":\"AdminCDE\"}}]}<\/script>\n<!-- \/ Yoast SEO plugin. -->","yoast_head_json":{"title":"Pr\u00e1cticas en el Comit\u00e9 de las Regiones | CDE Almer\u00eda - Centro de Documentaci\u00f3n Europea - Universidad de Almer\u00eda","robots":{"index":"index","follow":"follow","max-snippet":"max-snippet:-1","max-image-preview":"max-image-preview:large","max-video-preview":"max-video-preview:-1"},"canonical":"https:\/\/www.cde.ual.es\/practicas-en-el-comite-de-las-regiones\/","og_locale":"en_US","og_type":"article","og_title":"Pr\u00e1cticas en el Comit\u00e9 de las Regiones | CDE Almer\u00eda - Centro de Documentaci\u00f3n Europea - Universidad de Almer\u00eda","og_description":"Cada a\u00f1o, el Comit\u00e9 de las Regiones ofrece a los j\u00f3venes graduados universitarios un periodo de pr\u00e1cticas limitado de cinco meses. Dichos per\u00edodos de formaci\u00f3n implican una experiencia laboral en uno de los servicios de la Comisi\u00f3n de las Regiones, del 16 de febrero hasta el 15 de julio (pr\u00e1cticas de primavera) o del 16 [&hellip;]","og_url":"https:\/\/www.cde.ual.es\/practicas-en-el-comite-de-las-regiones\/","og_site_name":"CDE Almer\u00eda - Centro de Documentaci\u00f3n Europea - Universidad de Almer\u00eda","article_publisher":"https:\/\/www.facebook.com\/cdeuniversidadalmeria\/","article_published_time":"2017-03-17T11:15:43+00:00","article_modified_time":"2017-03-17T11:40:13+00:00","og_image":[{"url":"http:\/\/www.cde.ual.es\/wp-content\/uploads\/2017\/03\/0542FFE1-8646-4278-8723-58217565FA12.jpg","type":"","width":"","height":""}],"author":"AdminCDE","twitter_card":"summary_large_image","twitter_creator":"@cdeualmeria","twitter_site":"@cdeualmeria","twitter_misc":{"Written by":"AdminCDE","Est. reading time":"2 minutes"},"schema":{"@context":"https:\/\/schema.org","@graph":[{"@type":"Article","@id":"https:\/\/www.cde.ual.es\/practicas-en-el-comite-de-las-regiones\/#article","isPartOf":{"@id":"https:\/\/www.cde.ual.es\/practicas-en-el-comite-de-las-regiones\/"},"author":{"name":"AdminCDE","@id":"https:\/\/www.cde.ual.es\/#\/schema\/person\/224ef08c8bcc005f319d2713ce37ee5f"},"headline":"Pr\u00e1cticas en el Comit\u00e9 de las Regiones","datePublished":"2017-03-17T11:15:43+00:00","dateModified":"2017-03-17T11:40:13+00:00","mainEntityOfPage":{"@id":"https:\/\/www.cde.ual.es\/practicas-en-el-comite-de-las-regiones\/"},"wordCount":321,"commentCount":0,"publisher":{"@id":"https:\/\/www.cde.ual.es\/#organization"},"image":{"@id":"https:\/\/www.cde.ual.es\/practicas-en-el-comite-de-las-regiones\/#primaryimage"},"thumbnailUrl":"http:\/\/www.cde.ual.es\/wp-content\/uploads\/2017\/03\/0542FFE1-8646-4278-8723-58217565FA12.jpg","articleSection":["Sin categorizar"],"inLanguage":"en-US","potentialAction":[{"@type":"CommentAction","name":"Comment","target":["https:\/\/www.cde.ual.es\/practicas-en-el-comite-de-las-regiones\/#respond"]}]},{"@type":"WebPage","@id":"https:\/\/www.cde.ual.es\/practicas-en-el-comite-de-las-regiones\/","url":"https:\/\/www.cde.ual.es\/practicas-en-el-comite-de-las-regiones\/","name":"Pr\u00e1cticas en el Comit\u00e9 de las Regiones | CDE Almer\u00eda - Centro de Documentaci\u00f3n Europea - Universidad de Almer\u00eda","isPartOf":{"@id":"https:\/\/www.cde.ual.es\/#website"},"primaryImageOfPage":{"@id":"https:\/\/www.cde.ual.es\/practicas-en-el-comite-de-las-regiones\/#primaryimage"},"image":{"@id":"https:\/\/www.cde.ual.es\/practicas-en-el-comite-de-las-regiones\/#primaryimage"},"thumbnailUrl":"http:\/\/www.cde.ual.es\/wp-content\/uploads\/2017\/03\/0542FFE1-8646-4278-8723-58217565FA12.jpg","datePublished":"2017-03-17T11:15:43+00:00","dateModified":"2017-03-17T11:40:13+00:00","breadcrumb":{"@id":"https:\/\/www.cde.ual.es\/practicas-en-el-comite-de-las-regiones\/#breadcrumb"},"inLanguage":"en-US","potentialAction":[{"@type":"ReadAction","target":["https:\/\/www.cde.ual.es\/practicas-en-el-comite-de-las-regiones\/"]}]},{"@type":"ImageObject","inLanguage":"en-US","@id":"https:\/\/www.cde.ual.es\/practicas-en-el-comite-de-las-regiones\/#primaryimage","url":"http:\/\/www.cde.ual.es\/wp-content\/uploads\/2017\/03\/0542FFE1-8646-4278-8723-58217565FA12.jpg","contentUrl":"http:\/\/www.cde.ual.es\/wp-content\/uploads\/2017\/03\/0542FFE1-8646-4278-8723-58217565FA12.jpg"},{"@type":"BreadcrumbList","@id":"https:\/\/www.cde.ual.es\/practicas-en-el-comite-de-las-regiones\/#breadcrumb","itemListElement":[{"@type":"ListItem","position":1,"name":"Inicio","item":"https:\/\/www.cde.ual.es\/en\/"},{"@type":"ListItem","position":2,"name":"Sin categorizar","item":"https:\/\/www.cde.ual.es\/category\/sin-categorizar\/"},{"@type":"ListItem","position":3,"name":"Pr\u00e1cticas en el Comit\u00e9 de las Regiones"}]},{"@type":"WebSite","@id":"https:\/\/www.cde.ual.es\/#website","url":"https:\/\/www.cde.ual.es\/","name":"CDE Almer\u00eda - Centro de Documentaci\u00f3n Europea - Universidad de Almer\u00eda","description":"Centro de Documentaci\u00f3n Europea de la Universidad de Almer\u00eda","publisher":{"@id":"https:\/\/www.cde.ual.es\/#organization"},"alternateName":"CDE Almer\u00eda","potentialAction":[{"@type":"SearchAction","target":{"@type":"EntryPoint","urlTemplate":"https:\/\/www.cde.ual.es\/?s={search_term_string}"},"query-input":{"@type":"PropertyValueSpecification","valueRequired":true,"valueName":"search_term_string"}}],"inLanguage":"en-US"},{"@type":"Organization","@id":"https:\/\/www.cde.ual.es\/#organization","name":"Centro de Documentaci\u00f3n Europea de Almer\u00eda","url":"https:\/\/www.cde.ual.es\/","logo":{"@type":"ImageObject","inLanguage":"en-US","@id":"https:\/\/www.cde.ual.es\/#\/schema\/logo\/image\/","url":"https:\/\/www.cde.ual.es\/wp-content\/uploads\/2025\/07\/cde-logo-3.png","contentUrl":"https:\/\/www.cde.ual.es\/wp-content\/uploads\/2025\/07\/cde-logo-3.png","width":1400,"height":300,"caption":"Centro de Documentaci\u00f3n Europea de Almer\u00eda"},"image":{"@id":"https:\/\/www.cde.ual.es\/#\/schema\/logo\/image\/"},"sameAs":["https:\/\/www.facebook.com\/cdeuniversidadalmeria\/","https:\/\/x.com\/cdeualmeria","https:\/\/www.tiktok.com\/@cdealmeria","https:\/\/www.instagram.com\/cdealmeria\/","https:\/\/www.linkedin.com\/in\/cde-almera-812b26a9\/"]},{"@type":"Person","@id":"https:\/\/www.cde.ual.es\/#\/schema\/person\/224ef08c8bcc005f319d2713ce37ee5f","name":"AdminCDE","image":{"@type":"ImageObject","inLanguage":"en-US","@id":"https:\/\/secure.gravatar.com\/avatar\/a72d038d371f995cd13706fac32274b7952a52e8fb0a84b5f80c85426f2a98a8?s=96&d=mm&r=g","url":"https:\/\/secure.gravatar.com\/avatar\/a72d038d371f995cd13706fac32274b7952a52e8fb0a84b5f80c85426f2a98a8?s=96&d=mm&r=g","contentUrl":"https:\/\/secure.gravatar.com\/avatar\/a72d038d371f995cd13706fac32274b7952a52e8fb0a84b5f80c85426f2a98a8?s=96&d=mm&r=g","caption":"AdminCDE"}}]}},"_links":{"self":[{"href":"https:\/\/www.cde.ual.es\/en\/wp-json\/wp\/v2\/posts\/1619","targetHints":{"allow":["GET"]}}],"collection":[{"href":"https:\/\/www.cde.ual.es\/en\/wp-json\/wp\/v2\/posts"}],"about":[{"href":"https:\/\/www.cde.ual.es\/en\/wp-json\/wp\/v2\/types\/post"}],"author":[{"embeddable":true,"href":"https:\/\/www.cde.ual.es\/en\/wp-json\/wp\/v2\/users\/1"}],"replies":[{"embeddable":true,"href":"https:\/\/www.cde.ual.es\/en\/wp-json\/wp\/v2\/comments?post=1619"}],"version-history":[{"count":0,"href":"https:\/\/www.cde.ual.es\/en\/wp-json\/wp\/v2\/posts\/1619\/revisions"}],"wp:attachment":[{"href":"https:\/\/www.cde.ual.es\/en\/wp-json\/wp\/v2\/media?parent=1619"}],"wp:term":[{"taxonomy":"category","embeddable":true,"href":"https:\/\/www.cde.ual.es\/en\/wp-json\/wp\/v2\/categories?post=1619"},{"taxonomy":"post_tag","embeddable":true,"href":"https:\/\/www.cde.ual.es\/en\/wp-json\/wp\/v2\/tags?post=1619"}],"curies":[{"name":"wp","href":"https:\/\/api.w.org\/{rel}","templated":true}]}}