{"id":161615,"date":"2025-09-11T09:58:54","date_gmt":"2025-09-11T07:58:54","guid":{"rendered":"https:\/\/www.cde.ual.es\/?p=161615"},"modified":"2025-09-11T10:00:45","modified_gmt":"2025-09-11T08:00:45","slug":"el-parlamento-fija-posicion-sobre-el-futuro-de-la-politica-agricola-de-la-ue","status":"publish","type":"post","link":"https:\/\/www.cde.ual.es\/en\/el-parlamento-fija-posicion-sobre-el-futuro-de-la-politica-agricola-de-la-ue\/","title":{"rendered":"Parliament sets out position on the future of EU agricultural policy"},"content":{"rendered":"<div class=\"ep_gridcolumn ep-m_product\" data-view1200=\"6\" data-view1020=\"6\" data-view750=\"10\" data-view640=\"6\" data-view480=\"8\" data-view320=\"4\">\n<div class=\"ep_gridcolumn-content\">\n<div class=\"ep-a_text ep-layout_chapo\">\n<p style=\"text-align: justify;\">The EP wants a bigger independent agriculture budget after 2027, with less bureaucracy for farmers and incentives to achieve environmental and social objectives.<\/p>\n<\/div>\n<\/div>\n<\/div>\n<div class=\"ep_gridcolumn ep-m_product\" data-view1200=\"6\" data-view1020=\"6\" data-view750=\"10\" data-view640=\"6\" data-view480=\"8\" data-view320=\"4\">\n<div class=\"ep_gridcolumn-content\">\n<div class=\"ep-a_text\">\n<p class=\"ep-wysiwig_paragraph\" style=\"text-align: justify;\">MEPs insist that the EU&#8217;s common agricultural policy (CAP) should not be integrated with other areas of funding or be part of a larger financial envelope used by Member States for purposes other than agriculture.<\/p>\n<p class=\"ep-wysiwig_paragraph\" style=\"text-align: justify;\">Direct income support should be paid to all active professional farmers on an area-based model. Rural development should be supported independently from cohesion policies.<\/p>\n<p><img decoding=\"async\" class=\"aligncenter\" src=\"https:\/\/www.cde.ual.es\/wp-content\/uploads\/2024\/02\/agricult.png\" width=\"526\" height=\"296\" \/><\/p>\n<p class=\"ep-wysiwig_paragraph\" style=\"text-align: justify;\"><strong>Simplification of the CAP<\/strong><\/p>\n<p class=\"ep-wysiwig_paragraph\" style=\"text-align: justify;\">Reducing the administrative burden for farmers must be one of the guiding principles of the CAP, says the resolution. MEPs want an incentive-based system to encourage farmers to achieve environmental and social objectives. Organic schemes should remain voluntary and be accompanied by remuneration. The text calls for existing farming practices to be taken into account when requiring farmers to comply with requirements to maintain land in good agricultural and environmental condition (GAEC).<\/p>\n<p class=\"ep-wysiwig_paragraph\" style=\"text-align: justify;\"><strong>Digitisation of agriculture<\/strong><\/p>\n<p class=\"ep-wysiwig_paragraph\" style=\"text-align: justify;\">All farmers must have access to innovative and digital solutions that support sustainable agriculture, increase their income and reduce their administrative burden. To minimise the stress generated by farm inspections, Parliament advocates controls based on satellite imagery and self-certification via a centralised electronic reporting system.<\/p>\n<p class=\"ep-wysiwig_paragraph\" style=\"text-align: justify;\"><strong>Water management and circular economy in agriculture<\/strong><\/p>\n<p class=\"ep-wysiwig_paragraph\" style=\"text-align: justify;\">To ensure sufficient and good quality food production, Parliament calls for investment in the modernisation and development of water retention, distribution and storage infrastructure, as well as waste water treatment and purification. It also calls for incentives for farmers to recover biomass, agricultural residues and co-products.<\/p>\n<p class=\"ep-wysiwig_paragraph\" style=\"text-align: justify;\"><strong>Generational change on farms<\/strong><\/p>\n<p class=\"ep-wysiwig_paragraph\" style=\"text-align: justify;\">Generational renewal is essential for the future of EU agriculture. Almost 58% of EU farmers are over 55 years old and only 6% are under 35. MEPs call for increased CAP funding and more tax incentives and loans to remove obstacles to becoming a farmer.<\/p>\n<p class=\"ep-wysiwig_paragraph\" style=\"text-align: justify;\">The report was adopted with 393 votes in favour, 145 against and 123 abstentions.<\/p>\n<p class=\"ep-wysiwig_paragraph\" style=\"text-align: justify;\"><strong>Statement by the rapporteur<\/strong><\/p>\n<p class=\"ep-wysiwig_paragraph\" style=\"text-align: justify;\">Carmen Crespo D\u00edaz (EPP, Spain) said: &#8220;We are fighting for the fair future that Europe&#8217;s agricultural sector deserves. That means a truly common CAP that strengthens the food supply chain, supports vibrant rural communities and empowers farmers through innovation, generational renewal and a fair market. We cannot support any cuts or any attempt to nationalise the CAP or merge its funding with other instruments. Above all, we must safeguard and guarantee direct payments to farmers; they are the backbone of their income and the most effective tool to ensure food security and territorial balance across Europe&#8221;.<\/p>\n<p><strong>More information: <a href=\"https:\/\/www.europarl.europa.eu\/news\/es\/press-room\/20250905IPR30180\/el-parlamento-fija-posicion-sobre-el-futuro-de-la-politica-agricola-de-la-ue\">European Parliament<\/a><\/strong><\/p>\n<\/div>\n<\/div>\n<\/div>\n","protected":false},"excerpt":{"rendered":"<p>The EP wants a bigger independent agriculture budget after 2027, with less bureaucracy for farmers and incentives to achieve environmental and social objectives. MEPs insist that the EU&#8217;s common agricultural policy (CAP) should not be integrated with other areas of funding or be part of a larger financial envelope used by Member States for purposes [&hellip;]<\/p>\n","protected":false},"author":1,"featured_media":149557,"comment_status":"open","ping_status":"open","sticky":false,"template":"","format":"standard","meta":{"_acf_changed":false,"_relevanssi_hide_post":"","_relevanssi_hide_content":"","_relevanssi_pin_for_all":"","_relevanssi_pin_keywords":"","_relevanssi_unpin_keywords":"","_relevanssi_related_keywords":"","_relevanssi_related_include_ids":"","_relevanssi_related_exclude_ids":"","_relevanssi_related_no_append":"","_relevanssi_related_not_related":"","_relevanssi_related_posts":"","_relevanssi_noindex_reason":"","_monsterinsights_skip_tracking":false,"_monsterinsights_sitenote_active":false,"_monsterinsights_sitenote_note":"","_monsterinsights_sitenote_category":0,"_genesis_hide_title":false,"_genesis_hide_breadcrumbs":false,"_genesis_hide_singular_image":false,"_genesis_hide_footer_widgets":false,"_genesis_custom_body_class":"","_genesis_custom_post_class":"","_genesis_layout":"","footnotes":""},"categories":[4063,4061,346],"tags":[810,15713,469,580,401,896,753,368,2788],"class_list":{"0":"post-161615","1":"post","2":"type-post","3":"status-publish","4":"format-standard","5":"has-post-thumbnail","7":"category-agr-pol","8":"category-agr-liv-far-fish","9":"category-eu-news","10":"tag-agricultura-en","11":"tag-agricultural-policies","12":"tag-budget","13":"tag-cap","14":"tag-circular-economy","15":"tag-digitalisation","16":"tag-european-parliament","17":"tag-european-union","18":"tag-news","19":"entry"},"acf":[],"yoast_head":"<!-- This site is optimized with the Yoast SEO plugin v27.5 - https:\/\/yoast.com\/product\/yoast-seo-wordpress\/ -->\n<title>Parliament sets out position on the future of EU agricultural policy | CDE Almer\u00eda - Centro de Documentaci\u00f3n Europea - Universidad de Almer\u00eda<\/title>\n<meta name=\"robots\" content=\"index, follow, max-snippet:-1, max-image-preview:large, max-video-preview:-1\" \/>\n<link rel=\"canonical\" href=\"https:\/\/www.cde.ual.es\/en\/el-parlamento-fija-posicion-sobre-el-futuro-de-la-politica-agricola-de-la-ue\/\" \/>\n<meta property=\"og:locale\" content=\"en_US\" \/>\n<meta property=\"og:type\" content=\"article\" \/>\n<meta property=\"og:title\" content=\"Parliament sets out position on the future of EU agricultural policy | CDE Almer\u00eda - Centro de Documentaci\u00f3n Europea - Universidad de Almer\u00eda\" \/>\n<meta property=\"og:description\" content=\"The EP wants a bigger independent agriculture budget after 2027, with less bureaucracy for farmers and incentives to achieve environmental and social objectives. MEPs insist that the EU&#8217;s common agricultural policy (CAP) should not be integrated with other areas of funding or be part of a larger financial envelope used by Member States for purposes [&hellip;]\" \/>\n<meta property=\"og:url\" content=\"https:\/\/www.cde.ual.es\/en\/el-parlamento-fija-posicion-sobre-el-futuro-de-la-politica-agricola-de-la-ue\/\" \/>\n<meta property=\"og:site_name\" content=\"CDE Almer\u00eda - Centro de Documentaci\u00f3n Europea - Universidad de Almer\u00eda\" \/>\n<meta property=\"article:publisher\" content=\"https:\/\/www.facebook.com\/cdeuniversidadalmeria\/\" \/>\n<meta property=\"article:published_time\" content=\"2025-09-11T07:58:54+00:00\" \/>\n<meta property=\"article:modified_time\" content=\"2025-09-11T08:00:45+00:00\" \/>\n<meta property=\"og:image\" content=\"https:\/\/www.cde.ual.es\/wp-content\/uploads\/2024\/02\/agricult.png\" \/>\n\t<meta property=\"og:image:width\" content=\"1024\" \/>\n\t<meta property=\"og:image:height\" content=\"576\" \/>\n\t<meta property=\"og:image:type\" content=\"image\/png\" \/>\n<meta name=\"author\" content=\"AdminCDE\" \/>\n<meta name=\"twitter:card\" content=\"summary_large_image\" \/>\n<meta name=\"twitter:creator\" content=\"@cdeualmeria\" \/>\n<meta name=\"twitter:site\" content=\"@cdeualmeria\" \/>\n<meta name=\"twitter:label1\" content=\"Written by\" \/>\n\t<meta name=\"twitter:data1\" content=\"AdminCDE\" \/>\n\t<meta name=\"twitter:label2\" content=\"Est. reading time\" \/>\n\t<meta name=\"twitter:data2\" content=\"3 minutes\" \/>\n<script type=\"application\/ld+json\" class=\"yoast-schema-graph\">{\"@context\":\"https:\\\/\\\/schema.org\",\"@graph\":[{\"@type\":\"Article\",\"@id\":\"https:\\\/\\\/www.cde.ual.es\\\/en\\\/el-parlamento-fija-posicion-sobre-el-futuro-de-la-politica-agricola-de-la-ue\\\/#article\",\"isPartOf\":{\"@id\":\"https:\\\/\\\/www.cde.ual.es\\\/en\\\/el-parlamento-fija-posicion-sobre-el-futuro-de-la-politica-agricola-de-la-ue\\\/\"},\"author\":{\"name\":\"AdminCDE\",\"@id\":\"https:\\\/\\\/www.cde.ual.es\\\/#\\\/schema\\\/person\\\/224ef08c8bcc005f319d2713ce37ee5f\"},\"headline\":\"Parliament sets out position on the future of EU agricultural policy\",\"datePublished\":\"2025-09-11T07:58:54+00:00\",\"dateModified\":\"2025-09-11T08:00:45+00:00\",\"mainEntityOfPage\":{\"@id\":\"https:\\\/\\\/www.cde.ual.es\\\/en\\\/el-parlamento-fija-posicion-sobre-el-futuro-de-la-politica-agricola-de-la-ue\\\/\"},\"wordCount\":432,\"commentCount\":0,\"publisher\":{\"@id\":\"https:\\\/\\\/www.cde.ual.es\\\/#organization\"},\"image\":{\"@id\":\"https:\\\/\\\/www.cde.ual.es\\\/en\\\/el-parlamento-fija-posicion-sobre-el-futuro-de-la-politica-agricola-de-la-ue\\\/#primaryimage\"},\"thumbnailUrl\":\"https:\\\/\\\/www.cde.ual.es\\\/wp-content\\\/uploads\\\/2024\\\/02\\\/agricult.png\",\"keywords\":[\"Agricultura\",\"agricultural policies\",\"budget\",\"CAP\",\"circular economy\",\"Digitalisation\",\"European Parliament\",\"European Union\",\"News\"],\"articleSection\":[\"Agricultural Policies\",\"Agriculture, Livestock Farming and Fisheries\",\"EU News\"],\"inLanguage\":\"en-US\",\"potentialAction\":[{\"@type\":\"CommentAction\",\"name\":\"Comment\",\"target\":[\"https:\\\/\\\/www.cde.ual.es\\\/en\\\/el-parlamento-fija-posicion-sobre-el-futuro-de-la-politica-agricola-de-la-ue\\\/#respond\"]}]},{\"@type\":\"WebPage\",\"@id\":\"https:\\\/\\\/www.cde.ual.es\\\/en\\\/el-parlamento-fija-posicion-sobre-el-futuro-de-la-politica-agricola-de-la-ue\\\/\",\"url\":\"https:\\\/\\\/www.cde.ual.es\\\/en\\\/el-parlamento-fija-posicion-sobre-el-futuro-de-la-politica-agricola-de-la-ue\\\/\",\"name\":\"Parliament sets out position on the future of EU agricultural policy | CDE Almer\u00eda - Centro de Documentaci\u00f3n Europea - Universidad de Almer\u00eda\",\"isPartOf\":{\"@id\":\"https:\\\/\\\/www.cde.ual.es\\\/#website\"},\"primaryImageOfPage\":{\"@id\":\"https:\\\/\\\/www.cde.ual.es\\\/en\\\/el-parlamento-fija-posicion-sobre-el-futuro-de-la-politica-agricola-de-la-ue\\\/#primaryimage\"},\"image\":{\"@id\":\"https:\\\/\\\/www.cde.ual.es\\\/en\\\/el-parlamento-fija-posicion-sobre-el-futuro-de-la-politica-agricola-de-la-ue\\\/#primaryimage\"},\"thumbnailUrl\":\"https:\\\/\\\/www.cde.ual.es\\\/wp-content\\\/uploads\\\/2024\\\/02\\\/agricult.png\",\"datePublished\":\"2025-09-11T07:58:54+00:00\",\"dateModified\":\"2025-09-11T08:00:45+00:00\",\"breadcrumb\":{\"@id\":\"https:\\\/\\\/www.cde.ual.es\\\/en\\\/el-parlamento-fija-posicion-sobre-el-futuro-de-la-politica-agricola-de-la-ue\\\/#breadcrumb\"},\"inLanguage\":\"en-US\",\"potentialAction\":[{\"@type\":\"ReadAction\",\"target\":[\"https:\\\/\\\/www.cde.ual.es\\\/en\\\/el-parlamento-fija-posicion-sobre-el-futuro-de-la-politica-agricola-de-la-ue\\\/\"]}]},{\"@type\":\"ImageObject\",\"inLanguage\":\"en-US\",\"@id\":\"https:\\\/\\\/www.cde.ual.es\\\/en\\\/el-parlamento-fija-posicion-sobre-el-futuro-de-la-politica-agricola-de-la-ue\\\/#primaryimage\",\"url\":\"https:\\\/\\\/www.cde.ual.es\\\/wp-content\\\/uploads\\\/2024\\\/02\\\/agricult.png\",\"contentUrl\":\"https:\\\/\\\/www.cde.ual.es\\\/wp-content\\\/uploads\\\/2024\\\/02\\\/agricult.png\",\"width\":1024,\"height\":576},{\"@type\":\"BreadcrumbList\",\"@id\":\"https:\\\/\\\/www.cde.ual.es\\\/en\\\/el-parlamento-fija-posicion-sobre-el-futuro-de-la-politica-agricola-de-la-ue\\\/#breadcrumb\",\"itemListElement\":[{\"@type\":\"ListItem\",\"position\":1,\"name\":\"Inicio\",\"item\":\"https:\\\/\\\/www.cde.ual.es\\\/en\\\/\"},{\"@type\":\"ListItem\",\"position\":2,\"name\":\"EU News\",\"item\":\"https:\\\/\\\/www.cde.ual.es\\\/en\\\/category\\\/eu-news\\\/\"},{\"@type\":\"ListItem\",\"position\":3,\"name\":\"Agriculture, Livestock Farming and Fisheries\",\"item\":\"https:\\\/\\\/www.cde.ual.es\\\/en\\\/category\\\/eu-news\\\/agr-liv-far-fish\\\/\"},{\"@type\":\"ListItem\",\"position\":4,\"name\":\"Agricultural Policies\",\"item\":\"https:\\\/\\\/www.cde.ual.es\\\/en\\\/category\\\/eu-news\\\/agr-liv-far-fish\\\/agr-pol\\\/\"},{\"@type\":\"ListItem\",\"position\":5,\"name\":\"Parliament sets out position on the future of EU agricultural policy\"}]},{\"@type\":\"WebSite\",\"@id\":\"https:\\\/\\\/www.cde.ual.es\\\/#website\",\"url\":\"https:\\\/\\\/www.cde.ual.es\\\/\",\"name\":\"CDE Almer\u00eda - Centro de Documentaci\u00f3n Europea - Universidad de Almer\u00eda\",\"description\":\"Centro de Documentaci\u00f3n Europea de la Universidad de Almer\u00eda\",\"publisher\":{\"@id\":\"https:\\\/\\\/www.cde.ual.es\\\/#organization\"},\"alternateName\":\"CDE Almer\u00eda\",\"potentialAction\":[{\"@type\":\"SearchAction\",\"target\":{\"@type\":\"EntryPoint\",\"urlTemplate\":\"https:\\\/\\\/www.cde.ual.es\\\/?s={search_term_string}\"},\"query-input\":{\"@type\":\"PropertyValueSpecification\",\"valueRequired\":true,\"valueName\":\"search_term_string\"}}],\"inLanguage\":\"en-US\"},{\"@type\":\"Organization\",\"@id\":\"https:\\\/\\\/www.cde.ual.es\\\/#organization\",\"name\":\"Centro de Documentaci\u00f3n Europea de Almer\u00eda\",\"url\":\"https:\\\/\\\/www.cde.ual.es\\\/\",\"logo\":{\"@type\":\"ImageObject\",\"inLanguage\":\"en-US\",\"@id\":\"https:\\\/\\\/www.cde.ual.es\\\/#\\\/schema\\\/logo\\\/image\\\/\",\"url\":\"https:\\\/\\\/www.cde.ual.es\\\/wp-content\\\/uploads\\\/2025\\\/07\\\/cde-logo-3.png\",\"contentUrl\":\"https:\\\/\\\/www.cde.ual.es\\\/wp-content\\\/uploads\\\/2025\\\/07\\\/cde-logo-3.png\",\"width\":1400,\"height\":300,\"caption\":\"Centro de Documentaci\u00f3n Europea de Almer\u00eda\"},\"image\":{\"@id\":\"https:\\\/\\\/www.cde.ual.es\\\/#\\\/schema\\\/logo\\\/image\\\/\"},\"sameAs\":[\"https:\\\/\\\/www.facebook.com\\\/cdeuniversidadalmeria\\\/\",\"https:\\\/\\\/x.com\\\/cdeualmeria\",\"https:\\\/\\\/www.tiktok.com\\\/@cdealmeria\",\"https:\\\/\\\/www.instagram.com\\\/cdealmeria\\\/\",\"https:\\\/\\\/www.linkedin.com\\\/in\\\/cde-almera-812b26a9\\\/\"]},{\"@type\":\"Person\",\"@id\":\"https:\\\/\\\/www.cde.ual.es\\\/#\\\/schema\\\/person\\\/224ef08c8bcc005f319d2713ce37ee5f\",\"name\":\"AdminCDE\",\"image\":{\"@type\":\"ImageObject\",\"inLanguage\":\"en-US\",\"@id\":\"https:\\\/\\\/secure.gravatar.com\\\/avatar\\\/a72d038d371f995cd13706fac32274b7952a52e8fb0a84b5f80c85426f2a98a8?s=96&d=mm&r=g\",\"url\":\"https:\\\/\\\/secure.gravatar.com\\\/avatar\\\/a72d038d371f995cd13706fac32274b7952a52e8fb0a84b5f80c85426f2a98a8?s=96&d=mm&r=g\",\"contentUrl\":\"https:\\\/\\\/secure.gravatar.com\\\/avatar\\\/a72d038d371f995cd13706fac32274b7952a52e8fb0a84b5f80c85426f2a98a8?s=96&d=mm&r=g\",\"caption\":\"AdminCDE\"}}]}<\/script>\n<!-- \/ Yoast SEO plugin. -->","yoast_head_json":{"title":"Parliament sets out position on the future of EU agricultural policy | CDE Almer\u00eda - Centro de Documentaci\u00f3n Europea - Universidad de Almer\u00eda","robots":{"index":"index","follow":"follow","max-snippet":"max-snippet:-1","max-image-preview":"max-image-preview:large","max-video-preview":"max-video-preview:-1"},"canonical":"https:\/\/www.cde.ual.es\/en\/el-parlamento-fija-posicion-sobre-el-futuro-de-la-politica-agricola-de-la-ue\/","og_locale":"en_US","og_type":"article","og_title":"Parliament sets out position on the future of EU agricultural policy | CDE Almer\u00eda - Centro de Documentaci\u00f3n Europea - Universidad de Almer\u00eda","og_description":"The EP wants a bigger independent agriculture budget after 2027, with less bureaucracy for farmers and incentives to achieve environmental and social objectives. MEPs insist that the EU&#8217;s common agricultural policy (CAP) should not be integrated with other areas of funding or be part of a larger financial envelope used by Member States for purposes [&hellip;]","og_url":"https:\/\/www.cde.ual.es\/en\/el-parlamento-fija-posicion-sobre-el-futuro-de-la-politica-agricola-de-la-ue\/","og_site_name":"CDE Almer\u00eda - Centro de Documentaci\u00f3n Europea - Universidad de Almer\u00eda","article_publisher":"https:\/\/www.facebook.com\/cdeuniversidadalmeria\/","article_published_time":"2025-09-11T07:58:54+00:00","article_modified_time":"2025-09-11T08:00:45+00:00","og_image":[{"width":1024,"height":576,"url":"https:\/\/www.cde.ual.es\/wp-content\/uploads\/2024\/02\/agricult.png","type":"image\/png"}],"author":"AdminCDE","twitter_card":"summary_large_image","twitter_creator":"@cdeualmeria","twitter_site":"@cdeualmeria","twitter_misc":{"Written by":"AdminCDE","Est. reading time":"3 minutes"},"schema":{"@context":"https:\/\/schema.org","@graph":[{"@type":"Article","@id":"https:\/\/www.cde.ual.es\/en\/el-parlamento-fija-posicion-sobre-el-futuro-de-la-politica-agricola-de-la-ue\/#article","isPartOf":{"@id":"https:\/\/www.cde.ual.es\/en\/el-parlamento-fija-posicion-sobre-el-futuro-de-la-politica-agricola-de-la-ue\/"},"author":{"name":"AdminCDE","@id":"https:\/\/www.cde.ual.es\/#\/schema\/person\/224ef08c8bcc005f319d2713ce37ee5f"},"headline":"Parliament sets out position on the future of EU agricultural policy","datePublished":"2025-09-11T07:58:54+00:00","dateModified":"2025-09-11T08:00:45+00:00","mainEntityOfPage":{"@id":"https:\/\/www.cde.ual.es\/en\/el-parlamento-fija-posicion-sobre-el-futuro-de-la-politica-agricola-de-la-ue\/"},"wordCount":432,"commentCount":0,"publisher":{"@id":"https:\/\/www.cde.ual.es\/#organization"},"image":{"@id":"https:\/\/www.cde.ual.es\/en\/el-parlamento-fija-posicion-sobre-el-futuro-de-la-politica-agricola-de-la-ue\/#primaryimage"},"thumbnailUrl":"https:\/\/www.cde.ual.es\/wp-content\/uploads\/2024\/02\/agricult.png","keywords":["Agricultura","agricultural policies","budget","CAP","circular economy","Digitalisation","European Parliament","European Union","News"],"articleSection":["Agricultural Policies","Agriculture, Livestock Farming and Fisheries","EU News"],"inLanguage":"en-US","potentialAction":[{"@type":"CommentAction","name":"Comment","target":["https:\/\/www.cde.ual.es\/en\/el-parlamento-fija-posicion-sobre-el-futuro-de-la-politica-agricola-de-la-ue\/#respond"]}]},{"@type":"WebPage","@id":"https:\/\/www.cde.ual.es\/en\/el-parlamento-fija-posicion-sobre-el-futuro-de-la-politica-agricola-de-la-ue\/","url":"https:\/\/www.cde.ual.es\/en\/el-parlamento-fija-posicion-sobre-el-futuro-de-la-politica-agricola-de-la-ue\/","name":"Parliament sets out position on the future of EU agricultural policy | CDE Almer\u00eda - Centro de Documentaci\u00f3n Europea - Universidad de Almer\u00eda","isPartOf":{"@id":"https:\/\/www.cde.ual.es\/#website"},"primaryImageOfPage":{"@id":"https:\/\/www.cde.ual.es\/en\/el-parlamento-fija-posicion-sobre-el-futuro-de-la-politica-agricola-de-la-ue\/#primaryimage"},"image":{"@id":"https:\/\/www.cde.ual.es\/en\/el-parlamento-fija-posicion-sobre-el-futuro-de-la-politica-agricola-de-la-ue\/#primaryimage"},"thumbnailUrl":"https:\/\/www.cde.ual.es\/wp-content\/uploads\/2024\/02\/agricult.png","datePublished":"2025-09-11T07:58:54+00:00","dateModified":"2025-09-11T08:00:45+00:00","breadcrumb":{"@id":"https:\/\/www.cde.ual.es\/en\/el-parlamento-fija-posicion-sobre-el-futuro-de-la-politica-agricola-de-la-ue\/#breadcrumb"},"inLanguage":"en-US","potentialAction":[{"@type":"ReadAction","target":["https:\/\/www.cde.ual.es\/en\/el-parlamento-fija-posicion-sobre-el-futuro-de-la-politica-agricola-de-la-ue\/"]}]},{"@type":"ImageObject","inLanguage":"en-US","@id":"https:\/\/www.cde.ual.es\/en\/el-parlamento-fija-posicion-sobre-el-futuro-de-la-politica-agricola-de-la-ue\/#primaryimage","url":"https:\/\/www.cde.ual.es\/wp-content\/uploads\/2024\/02\/agricult.png","contentUrl":"https:\/\/www.cde.ual.es\/wp-content\/uploads\/2024\/02\/agricult.png","width":1024,"height":576},{"@type":"BreadcrumbList","@id":"https:\/\/www.cde.ual.es\/en\/el-parlamento-fija-posicion-sobre-el-futuro-de-la-politica-agricola-de-la-ue\/#breadcrumb","itemListElement":[{"@type":"ListItem","position":1,"name":"Inicio","item":"https:\/\/www.cde.ual.es\/en\/"},{"@type":"ListItem","position":2,"name":"EU News","item":"https:\/\/www.cde.ual.es\/en\/category\/eu-news\/"},{"@type":"ListItem","position":3,"name":"Agriculture, Livestock Farming and Fisheries","item":"https:\/\/www.cde.ual.es\/en\/category\/eu-news\/agr-liv-far-fish\/"},{"@type":"ListItem","position":4,"name":"Agricultural Policies","item":"https:\/\/www.cde.ual.es\/en\/category\/eu-news\/agr-liv-far-fish\/agr-pol\/"},{"@type":"ListItem","position":5,"name":"Parliament sets out position on the future of EU agricultural policy"}]},{"@type":"WebSite","@id":"https:\/\/www.cde.ual.es\/#website","url":"https:\/\/www.cde.ual.es\/","name":"CDE Almer\u00eda - Centro de Documentaci\u00f3n Europea - Universidad de Almer\u00eda","description":"Centro de Documentaci\u00f3n Europea de la Universidad de Almer\u00eda","publisher":{"@id":"https:\/\/www.cde.ual.es\/#organization"},"alternateName":"CDE Almer\u00eda","potentialAction":[{"@type":"SearchAction","target":{"@type":"EntryPoint","urlTemplate":"https:\/\/www.cde.ual.es\/?s={search_term_string}"},"query-input":{"@type":"PropertyValueSpecification","valueRequired":true,"valueName":"search_term_string"}}],"inLanguage":"en-US"},{"@type":"Organization","@id":"https:\/\/www.cde.ual.es\/#organization","name":"Centro de Documentaci\u00f3n Europea de Almer\u00eda","url":"https:\/\/www.cde.ual.es\/","logo":{"@type":"ImageObject","inLanguage":"en-US","@id":"https:\/\/www.cde.ual.es\/#\/schema\/logo\/image\/","url":"https:\/\/www.cde.ual.es\/wp-content\/uploads\/2025\/07\/cde-logo-3.png","contentUrl":"https:\/\/www.cde.ual.es\/wp-content\/uploads\/2025\/07\/cde-logo-3.png","width":1400,"height":300,"caption":"Centro de Documentaci\u00f3n Europea de Almer\u00eda"},"image":{"@id":"https:\/\/www.cde.ual.es\/#\/schema\/logo\/image\/"},"sameAs":["https:\/\/www.facebook.com\/cdeuniversidadalmeria\/","https:\/\/x.com\/cdeualmeria","https:\/\/www.tiktok.com\/@cdealmeria","https:\/\/www.instagram.com\/cdealmeria\/","https:\/\/www.linkedin.com\/in\/cde-almera-812b26a9\/"]},{"@type":"Person","@id":"https:\/\/www.cde.ual.es\/#\/schema\/person\/224ef08c8bcc005f319d2713ce37ee5f","name":"AdminCDE","image":{"@type":"ImageObject","inLanguage":"en-US","@id":"https:\/\/secure.gravatar.com\/avatar\/a72d038d371f995cd13706fac32274b7952a52e8fb0a84b5f80c85426f2a98a8?s=96&d=mm&r=g","url":"https:\/\/secure.gravatar.com\/avatar\/a72d038d371f995cd13706fac32274b7952a52e8fb0a84b5f80c85426f2a98a8?s=96&d=mm&r=g","contentUrl":"https:\/\/secure.gravatar.com\/avatar\/a72d038d371f995cd13706fac32274b7952a52e8fb0a84b5f80c85426f2a98a8?s=96&d=mm&r=g","caption":"AdminCDE"}}]}},"_links":{"self":[{"href":"https:\/\/www.cde.ual.es\/en\/wp-json\/wp\/v2\/posts\/161615","targetHints":{"allow":["GET"]}}],"collection":[{"href":"https:\/\/www.cde.ual.es\/en\/wp-json\/wp\/v2\/posts"}],"about":[{"href":"https:\/\/www.cde.ual.es\/en\/wp-json\/wp\/v2\/types\/post"}],"author":[{"embeddable":true,"href":"https:\/\/www.cde.ual.es\/en\/wp-json\/wp\/v2\/users\/1"}],"replies":[{"embeddable":true,"href":"https:\/\/www.cde.ual.es\/en\/wp-json\/wp\/v2\/comments?post=161615"}],"version-history":[{"count":3,"href":"https:\/\/www.cde.ual.es\/en\/wp-json\/wp\/v2\/posts\/161615\/revisions"}],"predecessor-version":[{"id":161618,"href":"https:\/\/www.cde.ual.es\/en\/wp-json\/wp\/v2\/posts\/161615\/revisions\/161618"}],"wp:featuredmedia":[{"embeddable":true,"href":"https:\/\/www.cde.ual.es\/en\/wp-json\/wp\/v2\/media\/149557"}],"wp:attachment":[{"href":"https:\/\/www.cde.ual.es\/en\/wp-json\/wp\/v2\/media?parent=161615"}],"wp:term":[{"taxonomy":"category","embeddable":true,"href":"https:\/\/www.cde.ual.es\/en\/wp-json\/wp\/v2\/categories?post=161615"},{"taxonomy":"post_tag","embeddable":true,"href":"https:\/\/www.cde.ual.es\/en\/wp-json\/wp\/v2\/tags?post=161615"}],"curies":[{"name":"wp","href":"https:\/\/api.w.org\/{rel}","templated":true}]}}