{"id":160778,"date":"2025-07-01T03:00:55","date_gmt":"2025-07-01T01:00:55","guid":{"rendered":"https:\/\/www.cde.ual.es\/?p=160778"},"modified":"2025-06-29T21:35:34","modified_gmt":"2025-06-29T19:35:34","slug":"a-more-accessible-and-inclusive-european-union-for-all-people","status":"publish","type":"post","link":"https:\/\/www.cde.ual.es\/en\/a-more-accessible-and-inclusive-european-union-for-all-people\/","title":{"rendered":"A more accessible and inclusive European Union for all people"},"content":{"rendered":"<p style=\"text-align: justify;\">The <strong>European Accessibility Act<\/strong> came into force in the EU on the 28th. From that day on, key products and services &#8211; such as telephones, computers, e-books, banking services and electronic communications &#8211; must be accessible to people with disabilities.<\/p>\n<p><a href=\"https:\/\/www.cde.ual.es\/wp-content\/uploads\/2019\/02\/pulseras-para-ni\u00f1os-con-discapacidad-visual.png\"><img decoding=\"async\" class=\"aligncenter size-full wp-image-13779\" src=\"https:\/\/www.cde.ual.es\/wp-content\/uploads\/2019\/02\/pulseras-para-ni\u00f1os-con-discapacidad-visual.png\" alt=\"ni\u00f1o ciego con bast\u00f3n\" width=\"690\" height=\"515\" srcset=\"https:\/\/www.cde.ual.es\/wp-content\/uploads\/2019\/02\/pulseras-para-ni\u00f1os-con-discapacidad-visual.png 690w, https:\/\/www.cde.ual.es\/wp-content\/uploads\/2019\/02\/pulseras-para-ni\u00f1os-con-discapacidad-visual-300x224.png 300w\" sizes=\"(max-width: 690px) 100vw, 690px\" \/><\/a><\/p>\n<p style=\"text-align: justify;\">The European Accessibility Act is a step forward in reducing the barriers that people with disabilities face every day. It facilitates the full participation of people with disabilities in society, for example by making IT equipment accessible and facilitating assistive technologies in the workplace. It will also contribute to greater mobility, as the level of accessibility will be similar across the EU.<\/p>\n<p style=\"text-align: justify;\">The Act establishes common accessibility requirements across the EU for certain products and services, from appropriate font size to text-to-speech functions in self-service payment terminals, e-readers and smartphones, among others. This will simplify rules for economic operators, who have so far faced divergent and often contradictory accessibility requirements from one country to another. The Commission is supporting Member States through regular meetings with the National Contact Points, in particular to address country-specific issues.<\/p>\n<p style=\"text-align: justify;\">Hadja <strong>Lahbib<\/strong>, Commissioner for Equality, Preparedness and Crisis Management, said: &#8220;Around 100 million people in the EU live with disabilities. Accessibility is a precondition for participation in society. The European Accessibility Act is a measure of equality and fairness, but also of growth and innovation. It is a further step towards enabling people with disabilities across the EU to enjoy their lives in the same way as people without disabilities. We welcome this achievement, and now we need to put it into practice and implement it, making sure that these new rules bring about real and lasting change for all&#8221;.<\/p>\n<p><strong>More information: <a href=\"https:\/\/spain.representation.ec.europa.eu\/noticias-eventos\/noticias-0\/una-ue-es-mas-accesible-para-todos-2025-06-27_es?prefLang=en\">European Commission.<\/a><\/strong><\/p>\n","protected":false},"excerpt":{"rendered":"<p>The European Accessibility Act came into force in the EU on the 28th. From that day on, key products and services &#8211; such as telephones, computers, e-books, banking services and electronic communications &#8211; must be accessible to people with disabilities. The European Accessibility Act is a step forward in reducing the barriers that people with [&hellip;]<\/p>\n","protected":false},"author":1,"featured_media":13780,"comment_status":"open","ping_status":"open","sticky":false,"template":"","format":"standard","meta":{"_acf_changed":false,"_relevanssi_hide_post":"","_relevanssi_hide_content":"","_relevanssi_pin_for_all":"","_relevanssi_pin_keywords":"","_relevanssi_unpin_keywords":"","_relevanssi_related_keywords":"","_relevanssi_related_include_ids":"","_relevanssi_related_exclude_ids":"","_relevanssi_related_no_append":"","_relevanssi_related_not_related":"","_relevanssi_related_posts":"","_relevanssi_noindex_reason":"","_monsterinsights_skip_tracking":false,"_monsterinsights_sitenote_active":false,"_monsterinsights_sitenote_note":"","_monsterinsights_sitenote_category":0,"_genesis_hide_title":false,"_genesis_hide_breadcrumbs":false,"_genesis_hide_singular_image":false,"_genesis_hide_footer_widgets":false,"_genesis_custom_body_class":"","_genesis_custom_post_class":"","_genesis_layout":"","footnotes":""},"categories":[4069,346,4067,157],"tags":[15214,15211,15213,15217,1133,15215,15212,15210,15216,15209,1488],"class_list":{"0":"post-160778","1":"post","2":"type-post","3":"status-publish","4":"format-standard","5":"has-post-thumbnail","7":"category-equality","8":"category-eu-news","9":"category-social-affairs","10":"category-uncategorized","11":"tag-accessibility-requirements","12":"tag-accessible-products","13":"tag-accessible-services","14":"tag-assistive-technologies","15":"tag-comision-europea","16":"tag-cross-border-harmonisation","17":"tag-digital-accessibility","18":"tag-disability-inclusion","19":"tag-equal-participation","20":"tag-european-accessibility-act","21":"tag-european-commission","22":"entry"},"acf":[],"yoast_head":"<!-- This site is optimized with the Yoast SEO plugin v27.4 - https:\/\/yoast.com\/product\/yoast-seo-wordpress\/ -->\n<title>A more accessible and inclusive European Union for all people | CDE Almer\u00eda - Centro de Documentaci\u00f3n Europea - Universidad de Almer\u00eda<\/title>\n<meta name=\"robots\" content=\"index, follow, max-snippet:-1, max-image-preview:large, max-video-preview:-1\" \/>\n<link rel=\"canonical\" href=\"https:\/\/www.cde.ual.es\/una-union-europea-mas-accesible-e-inclusiva-para-todas-las-persona\/\" \/>\n<meta property=\"og:locale\" content=\"en_US\" \/>\n<meta property=\"og:type\" content=\"article\" \/>\n<meta property=\"og:title\" content=\"A more accessible and inclusive European Union for all people | CDE Almer\u00eda - Centro de Documentaci\u00f3n Europea - Universidad de Almer\u00eda\" \/>\n<meta property=\"og:description\" content=\"The European Accessibility Act came into force in the EU on the 28th. From that day on, key products and services &#8211; such as telephones, computers, e-books, banking services and electronic communications &#8211; must be accessible to people with disabilities. The European Accessibility Act is a step forward in reducing the barriers that people with [&hellip;]\" \/>\n<meta property=\"og:url\" content=\"https:\/\/www.cde.ual.es\/una-union-europea-mas-accesible-e-inclusiva-para-todas-las-persona\/\" \/>\n<meta property=\"og:site_name\" content=\"CDE Almer\u00eda - Centro de Documentaci\u00f3n Europea - Universidad de Almer\u00eda\" \/>\n<meta property=\"article:publisher\" content=\"https:\/\/www.facebook.com\/cdeuniversidadalmeria\/\" \/>\n<meta property=\"article:published_time\" content=\"2025-07-01T01:00:55+00:00\" \/>\n<meta property=\"og:image\" content=\"https:\/\/www.cde.ual.es\/wp-content\/uploads\/2019\/02\/pulseras-para-ni\u00f1os-con-discapacidad-visual.png\" \/>\n\t<meta property=\"og:image:width\" content=\"690\" \/>\n\t<meta property=\"og:image:height\" content=\"515\" \/>\n\t<meta property=\"og:image:type\" content=\"image\/png\" \/>\n<meta name=\"author\" content=\"AdminCDE\" \/>\n<meta name=\"twitter:card\" content=\"summary_large_image\" \/>\n<meta name=\"twitter:creator\" content=\"@cdeualmeria\" \/>\n<meta name=\"twitter:site\" content=\"@cdeualmeria\" \/>\n<meta name=\"twitter:label1\" content=\"Written by\" \/>\n\t<meta name=\"twitter:data1\" content=\"AdminCDE\" \/>\n\t<meta name=\"twitter:label2\" content=\"Est. reading time\" \/>\n\t<meta name=\"twitter:data2\" content=\"2 minutes\" \/>\n<script type=\"application\/ld+json\" class=\"yoast-schema-graph\">{\"@context\":\"https:\\\/\\\/schema.org\",\"@graph\":[{\"@type\":\"Article\",\"@id\":\"https:\\\/\\\/www.cde.ual.es\\\/una-union-europea-mas-accesible-e-inclusiva-para-todas-las-persona\\\/#article\",\"isPartOf\":{\"@id\":\"https:\\\/\\\/www.cde.ual.es\\\/una-union-europea-mas-accesible-e-inclusiva-para-todas-las-persona\\\/\"},\"author\":{\"name\":\"AdminCDE\",\"@id\":\"https:\\\/\\\/www.cde.ual.es\\\/#\\\/schema\\\/person\\\/224ef08c8bcc005f319d2713ce37ee5f\"},\"headline\":\"A more accessible and inclusive European Union for all people\",\"datePublished\":\"2025-07-01T01:00:55+00:00\",\"mainEntityOfPage\":{\"@id\":\"https:\\\/\\\/www.cde.ual.es\\\/una-union-europea-mas-accesible-e-inclusiva-para-todas-las-persona\\\/\"},\"wordCount\":288,\"commentCount\":0,\"publisher\":{\"@id\":\"https:\\\/\\\/www.cde.ual.es\\\/#organization\"},\"image\":{\"@id\":\"https:\\\/\\\/www.cde.ual.es\\\/una-union-europea-mas-accesible-e-inclusiva-para-todas-las-persona\\\/#primaryimage\"},\"thumbnailUrl\":\"https:\\\/\\\/www.cde.ual.es\\\/wp-content\\\/uploads\\\/2019\\\/02\\\/pulseras-para-ni\u00f1os-con-discapacidad-visual.png\",\"keywords\":[\"accessibility requirements\",\"accessible products\",\"accessible services\",\"assistive technologies\",\"Comision Europea\",\"cross-border harmonisation\",\"digital accessibility\",\"disability inclusion\",\"equal participation\",\"European Accessibility Act\",\"European Commission\"],\"articleSection\":[\"Equality\",\"EU News\",\"Social Affairs\"],\"inLanguage\":\"en-US\",\"potentialAction\":[{\"@type\":\"CommentAction\",\"name\":\"Comment\",\"target\":[\"https:\\\/\\\/www.cde.ual.es\\\/una-union-europea-mas-accesible-e-inclusiva-para-todas-las-persona\\\/#respond\"]}]},{\"@type\":\"WebPage\",\"@id\":\"https:\\\/\\\/www.cde.ual.es\\\/una-union-europea-mas-accesible-e-inclusiva-para-todas-las-persona\\\/\",\"url\":\"https:\\\/\\\/www.cde.ual.es\\\/una-union-europea-mas-accesible-e-inclusiva-para-todas-las-persona\\\/\",\"name\":\"A more accessible and inclusive European Union for all people | CDE Almer\u00eda - Centro de Documentaci\u00f3n Europea - Universidad de Almer\u00eda\",\"isPartOf\":{\"@id\":\"https:\\\/\\\/www.cde.ual.es\\\/#website\"},\"primaryImageOfPage\":{\"@id\":\"https:\\\/\\\/www.cde.ual.es\\\/una-union-europea-mas-accesible-e-inclusiva-para-todas-las-persona\\\/#primaryimage\"},\"image\":{\"@id\":\"https:\\\/\\\/www.cde.ual.es\\\/una-union-europea-mas-accesible-e-inclusiva-para-todas-las-persona\\\/#primaryimage\"},\"thumbnailUrl\":\"https:\\\/\\\/www.cde.ual.es\\\/wp-content\\\/uploads\\\/2019\\\/02\\\/pulseras-para-ni\u00f1os-con-discapacidad-visual.png\",\"datePublished\":\"2025-07-01T01:00:55+00:00\",\"breadcrumb\":{\"@id\":\"https:\\\/\\\/www.cde.ual.es\\\/una-union-europea-mas-accesible-e-inclusiva-para-todas-las-persona\\\/#breadcrumb\"},\"inLanguage\":\"en-US\",\"potentialAction\":[{\"@type\":\"ReadAction\",\"target\":[\"https:\\\/\\\/www.cde.ual.es\\\/una-union-europea-mas-accesible-e-inclusiva-para-todas-las-persona\\\/\"]}]},{\"@type\":\"ImageObject\",\"inLanguage\":\"en-US\",\"@id\":\"https:\\\/\\\/www.cde.ual.es\\\/una-union-europea-mas-accesible-e-inclusiva-para-todas-las-persona\\\/#primaryimage\",\"url\":\"https:\\\/\\\/www.cde.ual.es\\\/wp-content\\\/uploads\\\/2019\\\/02\\\/pulseras-para-ni\u00f1os-con-discapacidad-visual.png\",\"contentUrl\":\"https:\\\/\\\/www.cde.ual.es\\\/wp-content\\\/uploads\\\/2019\\\/02\\\/pulseras-para-ni\u00f1os-con-discapacidad-visual.png\",\"width\":690,\"height\":515,\"caption\":\"ni\u00f1o ciego con bast\u00f3n\"},{\"@type\":\"BreadcrumbList\",\"@id\":\"https:\\\/\\\/www.cde.ual.es\\\/una-union-europea-mas-accesible-e-inclusiva-para-todas-las-persona\\\/#breadcrumb\",\"itemListElement\":[{\"@type\":\"ListItem\",\"position\":1,\"name\":\"Inicio\",\"item\":\"https:\\\/\\\/www.cde.ual.es\\\/en\\\/\"},{\"@type\":\"ListItem\",\"position\":2,\"name\":\"Noticias UE\",\"item\":\"https:\\\/\\\/www.cde.ual.es\\\/category\\\/noticias-ue\\\/\"},{\"@type\":\"ListItem\",\"position\":3,\"name\":\"Asuntos Sociales\",\"item\":\"https:\\\/\\\/www.cde.ual.es\\\/category\\\/noticias-ue\\\/soc\\\/\"},{\"@type\":\"ListItem\",\"position\":4,\"name\":\"Igualdad\",\"item\":\"https:\\\/\\\/www.cde.ual.es\\\/category\\\/noticias-ue\\\/soc\\\/igualdad\\\/\"},{\"@type\":\"ListItem\",\"position\":5,\"name\":\"A more accessible and inclusive European Union for all people\"}]},{\"@type\":\"WebSite\",\"@id\":\"https:\\\/\\\/www.cde.ual.es\\\/#website\",\"url\":\"https:\\\/\\\/www.cde.ual.es\\\/\",\"name\":\"CDE Almer\u00eda - Centro de Documentaci\u00f3n Europea - Universidad de Almer\u00eda\",\"description\":\"Centro de Documentaci\u00f3n Europea de la Universidad de Almer\u00eda\",\"publisher\":{\"@id\":\"https:\\\/\\\/www.cde.ual.es\\\/#organization\"},\"alternateName\":\"CDE Almer\u00eda\",\"potentialAction\":[{\"@type\":\"SearchAction\",\"target\":{\"@type\":\"EntryPoint\",\"urlTemplate\":\"https:\\\/\\\/www.cde.ual.es\\\/?s={search_term_string}\"},\"query-input\":{\"@type\":\"PropertyValueSpecification\",\"valueRequired\":true,\"valueName\":\"search_term_string\"}}],\"inLanguage\":\"en-US\"},{\"@type\":\"Organization\",\"@id\":\"https:\\\/\\\/www.cde.ual.es\\\/#organization\",\"name\":\"Centro de Documentaci\u00f3n Europea de Almer\u00eda\",\"url\":\"https:\\\/\\\/www.cde.ual.es\\\/\",\"logo\":{\"@type\":\"ImageObject\",\"inLanguage\":\"en-US\",\"@id\":\"https:\\\/\\\/www.cde.ual.es\\\/#\\\/schema\\\/logo\\\/image\\\/\",\"url\":\"https:\\\/\\\/www.cde.ual.es\\\/wp-content\\\/uploads\\\/2025\\\/07\\\/cde-logo-3.png\",\"contentUrl\":\"https:\\\/\\\/www.cde.ual.es\\\/wp-content\\\/uploads\\\/2025\\\/07\\\/cde-logo-3.png\",\"width\":1400,\"height\":300,\"caption\":\"Centro de Documentaci\u00f3n Europea de Almer\u00eda\"},\"image\":{\"@id\":\"https:\\\/\\\/www.cde.ual.es\\\/#\\\/schema\\\/logo\\\/image\\\/\"},\"sameAs\":[\"https:\\\/\\\/www.facebook.com\\\/cdeuniversidadalmeria\\\/\",\"https:\\\/\\\/x.com\\\/cdeualmeria\",\"https:\\\/\\\/www.tiktok.com\\\/@cdealmeria\",\"https:\\\/\\\/www.instagram.com\\\/cdealmeria\\\/\",\"https:\\\/\\\/www.linkedin.com\\\/in\\\/cde-almera-812b26a9\\\/\"]},{\"@type\":\"Person\",\"@id\":\"https:\\\/\\\/www.cde.ual.es\\\/#\\\/schema\\\/person\\\/224ef08c8bcc005f319d2713ce37ee5f\",\"name\":\"AdminCDE\",\"image\":{\"@type\":\"ImageObject\",\"inLanguage\":\"en-US\",\"@id\":\"https:\\\/\\\/secure.gravatar.com\\\/avatar\\\/a72d038d371f995cd13706fac32274b7952a52e8fb0a84b5f80c85426f2a98a8?s=96&d=mm&r=g\",\"url\":\"https:\\\/\\\/secure.gravatar.com\\\/avatar\\\/a72d038d371f995cd13706fac32274b7952a52e8fb0a84b5f80c85426f2a98a8?s=96&d=mm&r=g\",\"contentUrl\":\"https:\\\/\\\/secure.gravatar.com\\\/avatar\\\/a72d038d371f995cd13706fac32274b7952a52e8fb0a84b5f80c85426f2a98a8?s=96&d=mm&r=g\",\"caption\":\"AdminCDE\"}}]}<\/script>\n<!-- \/ Yoast SEO plugin. -->","yoast_head_json":{"title":"A more accessible and inclusive European Union for all people | CDE Almer\u00eda - Centro de Documentaci\u00f3n Europea - Universidad de Almer\u00eda","robots":{"index":"index","follow":"follow","max-snippet":"max-snippet:-1","max-image-preview":"max-image-preview:large","max-video-preview":"max-video-preview:-1"},"canonical":"https:\/\/www.cde.ual.es\/una-union-europea-mas-accesible-e-inclusiva-para-todas-las-persona\/","og_locale":"en_US","og_type":"article","og_title":"A more accessible and inclusive European Union for all people | CDE Almer\u00eda - Centro de Documentaci\u00f3n Europea - Universidad de Almer\u00eda","og_description":"The European Accessibility Act came into force in the EU on the 28th. From that day on, key products and services &#8211; such as telephones, computers, e-books, banking services and electronic communications &#8211; must be accessible to people with disabilities. The European Accessibility Act is a step forward in reducing the barriers that people with [&hellip;]","og_url":"https:\/\/www.cde.ual.es\/una-union-europea-mas-accesible-e-inclusiva-para-todas-las-persona\/","og_site_name":"CDE Almer\u00eda - Centro de Documentaci\u00f3n Europea - Universidad de Almer\u00eda","article_publisher":"https:\/\/www.facebook.com\/cdeuniversidadalmeria\/","article_published_time":"2025-07-01T01:00:55+00:00","og_image":[{"width":690,"height":515,"url":"https:\/\/www.cde.ual.es\/wp-content\/uploads\/2019\/02\/pulseras-para-ni\u00f1os-con-discapacidad-visual.png","type":"image\/png"}],"author":"AdminCDE","twitter_card":"summary_large_image","twitter_creator":"@cdeualmeria","twitter_site":"@cdeualmeria","twitter_misc":{"Written by":"AdminCDE","Est. reading time":"2 minutes"},"schema":{"@context":"https:\/\/schema.org","@graph":[{"@type":"Article","@id":"https:\/\/www.cde.ual.es\/una-union-europea-mas-accesible-e-inclusiva-para-todas-las-persona\/#article","isPartOf":{"@id":"https:\/\/www.cde.ual.es\/una-union-europea-mas-accesible-e-inclusiva-para-todas-las-persona\/"},"author":{"name":"AdminCDE","@id":"https:\/\/www.cde.ual.es\/#\/schema\/person\/224ef08c8bcc005f319d2713ce37ee5f"},"headline":"A more accessible and inclusive European Union for all people","datePublished":"2025-07-01T01:00:55+00:00","mainEntityOfPage":{"@id":"https:\/\/www.cde.ual.es\/una-union-europea-mas-accesible-e-inclusiva-para-todas-las-persona\/"},"wordCount":288,"commentCount":0,"publisher":{"@id":"https:\/\/www.cde.ual.es\/#organization"},"image":{"@id":"https:\/\/www.cde.ual.es\/una-union-europea-mas-accesible-e-inclusiva-para-todas-las-persona\/#primaryimage"},"thumbnailUrl":"https:\/\/www.cde.ual.es\/wp-content\/uploads\/2019\/02\/pulseras-para-ni\u00f1os-con-discapacidad-visual.png","keywords":["accessibility requirements","accessible products","accessible services","assistive technologies","Comision Europea","cross-border harmonisation","digital accessibility","disability inclusion","equal participation","European Accessibility Act","European Commission"],"articleSection":["Equality","EU News","Social Affairs"],"inLanguage":"en-US","potentialAction":[{"@type":"CommentAction","name":"Comment","target":["https:\/\/www.cde.ual.es\/una-union-europea-mas-accesible-e-inclusiva-para-todas-las-persona\/#respond"]}]},{"@type":"WebPage","@id":"https:\/\/www.cde.ual.es\/una-union-europea-mas-accesible-e-inclusiva-para-todas-las-persona\/","url":"https:\/\/www.cde.ual.es\/una-union-europea-mas-accesible-e-inclusiva-para-todas-las-persona\/","name":"A more accessible and inclusive European Union for all people | CDE Almer\u00eda - Centro de Documentaci\u00f3n Europea - Universidad de Almer\u00eda","isPartOf":{"@id":"https:\/\/www.cde.ual.es\/#website"},"primaryImageOfPage":{"@id":"https:\/\/www.cde.ual.es\/una-union-europea-mas-accesible-e-inclusiva-para-todas-las-persona\/#primaryimage"},"image":{"@id":"https:\/\/www.cde.ual.es\/una-union-europea-mas-accesible-e-inclusiva-para-todas-las-persona\/#primaryimage"},"thumbnailUrl":"https:\/\/www.cde.ual.es\/wp-content\/uploads\/2019\/02\/pulseras-para-ni\u00f1os-con-discapacidad-visual.png","datePublished":"2025-07-01T01:00:55+00:00","breadcrumb":{"@id":"https:\/\/www.cde.ual.es\/una-union-europea-mas-accesible-e-inclusiva-para-todas-las-persona\/#breadcrumb"},"inLanguage":"en-US","potentialAction":[{"@type":"ReadAction","target":["https:\/\/www.cde.ual.es\/una-union-europea-mas-accesible-e-inclusiva-para-todas-las-persona\/"]}]},{"@type":"ImageObject","inLanguage":"en-US","@id":"https:\/\/www.cde.ual.es\/una-union-europea-mas-accesible-e-inclusiva-para-todas-las-persona\/#primaryimage","url":"https:\/\/www.cde.ual.es\/wp-content\/uploads\/2019\/02\/pulseras-para-ni\u00f1os-con-discapacidad-visual.png","contentUrl":"https:\/\/www.cde.ual.es\/wp-content\/uploads\/2019\/02\/pulseras-para-ni\u00f1os-con-discapacidad-visual.png","width":690,"height":515,"caption":"ni\u00f1o ciego con bast\u00f3n"},{"@type":"BreadcrumbList","@id":"https:\/\/www.cde.ual.es\/una-union-europea-mas-accesible-e-inclusiva-para-todas-las-persona\/#breadcrumb","itemListElement":[{"@type":"ListItem","position":1,"name":"Inicio","item":"https:\/\/www.cde.ual.es\/en\/"},{"@type":"ListItem","position":2,"name":"Noticias UE","item":"https:\/\/www.cde.ual.es\/category\/noticias-ue\/"},{"@type":"ListItem","position":3,"name":"Asuntos Sociales","item":"https:\/\/www.cde.ual.es\/category\/noticias-ue\/soc\/"},{"@type":"ListItem","position":4,"name":"Igualdad","item":"https:\/\/www.cde.ual.es\/category\/noticias-ue\/soc\/igualdad\/"},{"@type":"ListItem","position":5,"name":"A more accessible and inclusive European Union for all people"}]},{"@type":"WebSite","@id":"https:\/\/www.cde.ual.es\/#website","url":"https:\/\/www.cde.ual.es\/","name":"CDE Almer\u00eda - Centro de Documentaci\u00f3n Europea - Universidad de Almer\u00eda","description":"Centro de Documentaci\u00f3n Europea de la Universidad de Almer\u00eda","publisher":{"@id":"https:\/\/www.cde.ual.es\/#organization"},"alternateName":"CDE Almer\u00eda","potentialAction":[{"@type":"SearchAction","target":{"@type":"EntryPoint","urlTemplate":"https:\/\/www.cde.ual.es\/?s={search_term_string}"},"query-input":{"@type":"PropertyValueSpecification","valueRequired":true,"valueName":"search_term_string"}}],"inLanguage":"en-US"},{"@type":"Organization","@id":"https:\/\/www.cde.ual.es\/#organization","name":"Centro de Documentaci\u00f3n Europea de Almer\u00eda","url":"https:\/\/www.cde.ual.es\/","logo":{"@type":"ImageObject","inLanguage":"en-US","@id":"https:\/\/www.cde.ual.es\/#\/schema\/logo\/image\/","url":"https:\/\/www.cde.ual.es\/wp-content\/uploads\/2025\/07\/cde-logo-3.png","contentUrl":"https:\/\/www.cde.ual.es\/wp-content\/uploads\/2025\/07\/cde-logo-3.png","width":1400,"height":300,"caption":"Centro de Documentaci\u00f3n Europea de Almer\u00eda"},"image":{"@id":"https:\/\/www.cde.ual.es\/#\/schema\/logo\/image\/"},"sameAs":["https:\/\/www.facebook.com\/cdeuniversidadalmeria\/","https:\/\/x.com\/cdeualmeria","https:\/\/www.tiktok.com\/@cdealmeria","https:\/\/www.instagram.com\/cdealmeria\/","https:\/\/www.linkedin.com\/in\/cde-almera-812b26a9\/"]},{"@type":"Person","@id":"https:\/\/www.cde.ual.es\/#\/schema\/person\/224ef08c8bcc005f319d2713ce37ee5f","name":"AdminCDE","image":{"@type":"ImageObject","inLanguage":"en-US","@id":"https:\/\/secure.gravatar.com\/avatar\/a72d038d371f995cd13706fac32274b7952a52e8fb0a84b5f80c85426f2a98a8?s=96&d=mm&r=g","url":"https:\/\/secure.gravatar.com\/avatar\/a72d038d371f995cd13706fac32274b7952a52e8fb0a84b5f80c85426f2a98a8?s=96&d=mm&r=g","contentUrl":"https:\/\/secure.gravatar.com\/avatar\/a72d038d371f995cd13706fac32274b7952a52e8fb0a84b5f80c85426f2a98a8?s=96&d=mm&r=g","caption":"AdminCDE"}}]}},"_links":{"self":[{"href":"https:\/\/www.cde.ual.es\/en\/wp-json\/wp\/v2\/posts\/160778","targetHints":{"allow":["GET"]}}],"collection":[{"href":"https:\/\/www.cde.ual.es\/en\/wp-json\/wp\/v2\/posts"}],"about":[{"href":"https:\/\/www.cde.ual.es\/en\/wp-json\/wp\/v2\/types\/post"}],"author":[{"embeddable":true,"href":"https:\/\/www.cde.ual.es\/en\/wp-json\/wp\/v2\/users\/1"}],"replies":[{"embeddable":true,"href":"https:\/\/www.cde.ual.es\/en\/wp-json\/wp\/v2\/comments?post=160778"}],"version-history":[{"count":1,"href":"https:\/\/www.cde.ual.es\/en\/wp-json\/wp\/v2\/posts\/160778\/revisions"}],"predecessor-version":[{"id":160779,"href":"https:\/\/www.cde.ual.es\/en\/wp-json\/wp\/v2\/posts\/160778\/revisions\/160779"}],"wp:featuredmedia":[{"embeddable":true,"href":"https:\/\/www.cde.ual.es\/en\/wp-json\/wp\/v2\/media\/13780"}],"wp:attachment":[{"href":"https:\/\/www.cde.ual.es\/en\/wp-json\/wp\/v2\/media?parent=160778"}],"wp:term":[{"taxonomy":"category","embeddable":true,"href":"https:\/\/www.cde.ual.es\/en\/wp-json\/wp\/v2\/categories?post=160778"},{"taxonomy":"post_tag","embeddable":true,"href":"https:\/\/www.cde.ual.es\/en\/wp-json\/wp\/v2\/tags?post=160778"}],"curies":[{"name":"wp","href":"https:\/\/api.w.org\/{rel}","templated":true}]}}