{"id":160537,"date":"2025-06-13T03:00:19","date_gmt":"2025-06-13T01:00:19","guid":{"rendered":"https:\/\/www.cde.ual.es\/?p=160537"},"modified":"2025-06-13T10:14:23","modified_gmt":"2025-06-13T08:14:23","slug":"erasmus-award-to-promote-sport-and-active-living-in-europe","status":"publish","type":"post","link":"https:\/\/www.cde.ual.es\/en\/erasmus-award-to-promote-sport-and-active-living-in-europe\/","title":{"rendered":"Erasmus+ Award to promote sport and active living in Europe"},"content":{"rendered":"<p><a href=\"https:\/\/www.cde.ual.es\/wp-content\/uploads\/2024\/12\/pexels-willpicturethis-1954524-scaled.jpg\"><img decoding=\"async\" class=\"aligncenter wp-image-155386\" src=\"https:\/\/www.cde.ual.es\/wp-content\/uploads\/2024\/12\/pexels-willpicturethis-1954524-scaled.jpg\" alt=\"\" width=\"321\" height=\"214\" srcset=\"https:\/\/www.cde.ual.es\/wp-content\/uploads\/2024\/12\/pexels-willpicturethis-1954524-scaled.jpg 2560w, https:\/\/www.cde.ual.es\/wp-content\/uploads\/2024\/12\/pexels-willpicturethis-1954524-300x200.jpg 300w, https:\/\/www.cde.ual.es\/wp-content\/uploads\/2024\/12\/pexels-willpicturethis-1954524-1024x683.jpg 1024w, https:\/\/www.cde.ual.es\/wp-content\/uploads\/2024\/12\/pexels-willpicturethis-1954524-768x512.jpg 768w, https:\/\/www.cde.ual.es\/wp-content\/uploads\/2024\/12\/pexels-willpicturethis-1954524-1536x1024.jpg 1536w, https:\/\/www.cde.ual.es\/wp-content\/uploads\/2024\/12\/pexels-willpicturethis-1954524-2048x1365.jpg 2048w\" sizes=\"(max-width: 321px) 100vw, 321px\" \/><\/a><\/p>\n<p style=\"text-align: justify;\">The <strong>#BeActive EU Sport Awards<\/strong> recognise outstanding initiatives that promote sport and physical activity. The awards will reward achievements in five categories: &#8220;physical activity&#8221;, &#8220;inclusion&#8221;, &#8220;volunteering&#8221;, &#8220;between generations&#8221; and &#8220;peace&#8221;. The award, for which a call for nominations has been launched today, will be funded by the Erasmus+ programme.<\/p>\n<p style=\"text-align: justify;\">Glenn <strong>Micallef<\/strong>, Commissioner for Intergenerational Equity, Youth, Culture and Sport, said: &#8220;The new #BeActive EU Sport Awards reflect the essence of our European sport model based on solidarity and values, and celebrate the commendable work of organisations and individuals in bringing sport and physical activity closer to people and promoting EU values through sport. These efforts deserve to be recognised and widely shared. I count on everyone, in particular our European sporting community, to help us reach out to all corners of Europe and get as many nominations as possible.<\/p>\n<p style=\"text-align: justify;\">This new initiative builds on the success of two predecessors, the #BeActive Awards and the #BeInclusive EU Sport Awards. With a budget of \u20ac125,000, the total prize fund has been increased compared to previous initiatives. For each category, the winner will receive \u20ac15,000 and the other two runners-up will receive \u20ac5,000. The deadline for applications is 24 September 2025 at 17:00 Central European Time (CET). The finalists and winners will be announced in spring 2026.<\/p>\n<p>&nbsp;<\/p>\n<p style=\"text-align: justify;\">More information on the call and how to apply can be found on the EU Sport website and on the EU funding calls for proposals portal.<\/p>\n<p>&nbsp;<\/p>\n<p><a href=\"https:\/\/ec.europa.eu\/info\/funding-tenders\/opportunities\/portal\/screen\/opportunities\/calls-for-proposals?order=DESC&amp;pageNumber=1&amp;pageSize=50&amp;sortBy=startDate&amp;keywords=ERASMUS-SPORT-2025-EU-AWARDS&amp;isExactMatch=true&amp;status=31094501,31094502&amp;programmePeriod=2021%20-%202027&amp;frameworkProgramme=43353764\">Requirements by category<\/a><\/p>\n<p><a href=\"https:\/\/sport.ec.europa.eu\/initiatives\/beactive-eu-sport-awards\">General information on the categories<\/a><\/p>\n<p>&nbsp;<\/p>\n<p><strong>More information: <a href=\"https:\/\/spain.representation.ec.europa.eu\/noticias-eventos\/noticias-0\/la-comision-pone-en-marcha-un-nuevo-premio-en-el-marco-de-erasmus-para-promover-el-deporte-y-la-2025-06-11_es\">European Commission.<\/a><\/strong><\/p>\n","protected":false},"excerpt":{"rendered":"<p>The #BeActive EU Sport Awards recognise outstanding initiatives that promote sport and physical activity. The awards will reward achievements in five categories: &#8220;physical activity&#8221;, &#8220;inclusion&#8221;, &#8220;volunteering&#8221;, &#8220;between generations&#8221; and &#8220;peace&#8221;. The award, for which a call for nominations has been launched today, will be funded by the Erasmus+ programme. Glenn Micallef, Commissioner for Intergenerational Equity, [&hellip;]<\/p>\n","protected":false},"author":1,"featured_media":155385,"comment_status":"open","ping_status":"open","sticky":false,"template":"","format":"standard","meta":{"_acf_changed":false,"_relevanssi_hide_post":"","_relevanssi_hide_content":"","_relevanssi_pin_for_all":"","_relevanssi_pin_keywords":"","_relevanssi_unpin_keywords":"","_relevanssi_related_keywords":"","_relevanssi_related_include_ids":"","_relevanssi_related_exclude_ids":"","_relevanssi_related_no_append":"","_relevanssi_related_not_related":"","_relevanssi_related_posts":"","_relevanssi_noindex_reason":"","_monsterinsights_skip_tracking":false,"_monsterinsights_sitenote_active":false,"_monsterinsights_sitenote_note":"","_monsterinsights_sitenote_category":0,"_genesis_hide_title":false,"_genesis_hide_breadcrumbs":false,"_genesis_hide_singular_image":false,"_genesis_hide_footer_widgets":false,"_genesis_custom_body_class":"","_genesis_custom_post_class":"","_genesis_layout":"","footnotes":""},"categories":[366,4115],"tags":[14945,2278,14946,480,14944,1488,4317,1182,14947,14942,14943],"class_list":{"0":"post-160537","1":"post","2":"type-post","3":"status-publish","4":"format-standard","5":"has-post-thumbnail","7":"category-eu-calls-and-awards","8":"category-other","9":"tag-active-citizenship","10":"tag-comision-europea-en","11":"tag-education-and-sport","12":"tag-erasmus-en","13":"tag-eu-initiatives","14":"tag-european-commission","15":"tag-healthy-lifestyle","16":"tag-physical-activity","17":"tag-public-health-promotion","18":"tag-sport-award","19":"tag-youth-engagement","20":"entry"},"acf":[],"yoast_head":"<!-- This site is optimized with the Yoast SEO plugin v27.5 - https:\/\/yoast.com\/product\/yoast-seo-wordpress\/ -->\n<title>Erasmus+ Award to promote sport and active living in Europe | CDE Almer\u00eda - Centro de Documentaci\u00f3n Europea - Universidad de Almer\u00eda<\/title>\n<meta name=\"robots\" content=\"index, follow, max-snippet:-1, max-image-preview:large, max-video-preview:-1\" \/>\n<link rel=\"canonical\" href=\"https:\/\/www.cde.ual.es\/en\/erasmus-award-to-promote-sport-and-active-living-in-europe\/\" \/>\n<meta property=\"og:locale\" content=\"en_US\" \/>\n<meta property=\"og:type\" content=\"article\" \/>\n<meta property=\"og:title\" content=\"Erasmus+ Award to promote sport and active living in Europe | CDE Almer\u00eda - Centro de Documentaci\u00f3n Europea - Universidad de Almer\u00eda\" \/>\n<meta property=\"og:description\" content=\"The #BeActive EU Sport Awards recognise outstanding initiatives that promote sport and physical activity. The awards will reward achievements in five categories: &#8220;physical activity&#8221;, &#8220;inclusion&#8221;, &#8220;volunteering&#8221;, &#8220;between generations&#8221; and &#8220;peace&#8221;. The award, for which a call for nominations has been launched today, will be funded by the Erasmus+ programme. Glenn Micallef, Commissioner for Intergenerational Equity, [&hellip;]\" \/>\n<meta property=\"og:url\" content=\"https:\/\/www.cde.ual.es\/en\/erasmus-award-to-promote-sport-and-active-living-in-europe\/\" \/>\n<meta property=\"og:site_name\" content=\"CDE Almer\u00eda - Centro de Documentaci\u00f3n Europea - Universidad de Almer\u00eda\" \/>\n<meta property=\"article:publisher\" content=\"https:\/\/www.facebook.com\/cdeuniversidadalmeria\/\" \/>\n<meta property=\"article:published_time\" content=\"2025-06-13T01:00:19+00:00\" \/>\n<meta property=\"article:modified_time\" content=\"2025-06-13T08:14:23+00:00\" \/>\n<meta property=\"og:image\" content=\"https:\/\/www.cde.ual.es\/wp-content\/uploads\/2024\/12\/pexels-willpicturethis-1954524-scaled.jpg\" \/>\n\t<meta property=\"og:image:width\" content=\"2560\" \/>\n\t<meta property=\"og:image:height\" content=\"1706\" \/>\n\t<meta property=\"og:image:type\" content=\"image\/jpeg\" \/>\n<meta name=\"author\" content=\"AdminCDE\" \/>\n<meta name=\"twitter:card\" content=\"summary_large_image\" \/>\n<meta name=\"twitter:creator\" content=\"@cdeualmeria\" \/>\n<meta name=\"twitter:site\" content=\"@cdeualmeria\" \/>\n<meta name=\"twitter:label1\" content=\"Written by\" \/>\n\t<meta name=\"twitter:data1\" content=\"AdminCDE\" \/>\n\t<meta name=\"twitter:label2\" content=\"Est. reading time\" \/>\n\t<meta name=\"twitter:data2\" content=\"2 minutes\" \/>\n<script type=\"application\/ld+json\" class=\"yoast-schema-graph\">{\"@context\":\"https:\\\/\\\/schema.org\",\"@graph\":[{\"@type\":\"Article\",\"@id\":\"https:\\\/\\\/www.cde.ual.es\\\/en\\\/erasmus-award-to-promote-sport-and-active-living-in-europe\\\/#article\",\"isPartOf\":{\"@id\":\"https:\\\/\\\/www.cde.ual.es\\\/en\\\/erasmus-award-to-promote-sport-and-active-living-in-europe\\\/\"},\"author\":{\"name\":\"AdminCDE\",\"@id\":\"https:\\\/\\\/www.cde.ual.es\\\/#\\\/schema\\\/person\\\/224ef08c8bcc005f319d2713ce37ee5f\"},\"headline\":\"Erasmus+ Award to promote sport and active living in Europe\",\"datePublished\":\"2025-06-13T01:00:19+00:00\",\"dateModified\":\"2025-06-13T08:14:23+00:00\",\"mainEntityOfPage\":{\"@id\":\"https:\\\/\\\/www.cde.ual.es\\\/en\\\/erasmus-award-to-promote-sport-and-active-living-in-europe\\\/\"},\"wordCount\":258,\"commentCount\":0,\"publisher\":{\"@id\":\"https:\\\/\\\/www.cde.ual.es\\\/#organization\"},\"image\":{\"@id\":\"https:\\\/\\\/www.cde.ual.es\\\/en\\\/erasmus-award-to-promote-sport-and-active-living-in-europe\\\/#primaryimage\"},\"thumbnailUrl\":\"https:\\\/\\\/www.cde.ual.es\\\/wp-content\\\/uploads\\\/2024\\\/12\\\/pexels-willpicturethis-1954524-scaled.jpg\",\"keywords\":[\"active citizenship\",\"Comision Europea\",\"education and sport\",\"Erasmus +\",\"EU initiatives\",\"European Commission\",\"healthy lifestyle\",\"Physical activity\",\"public health promotion\",\"sport award\",\"youth engagement\"],\"articleSection\":[\"EU Calls and Awards\",\"Other\"],\"inLanguage\":\"en-US\",\"potentialAction\":[{\"@type\":\"CommentAction\",\"name\":\"Comment\",\"target\":[\"https:\\\/\\\/www.cde.ual.es\\\/en\\\/erasmus-award-to-promote-sport-and-active-living-in-europe\\\/#respond\"]}]},{\"@type\":\"WebPage\",\"@id\":\"https:\\\/\\\/www.cde.ual.es\\\/en\\\/erasmus-award-to-promote-sport-and-active-living-in-europe\\\/\",\"url\":\"https:\\\/\\\/www.cde.ual.es\\\/en\\\/erasmus-award-to-promote-sport-and-active-living-in-europe\\\/\",\"name\":\"Erasmus+ Award to promote sport and active living in Europe | CDE Almer\u00eda - Centro de Documentaci\u00f3n Europea - Universidad de Almer\u00eda\",\"isPartOf\":{\"@id\":\"https:\\\/\\\/www.cde.ual.es\\\/#website\"},\"primaryImageOfPage\":{\"@id\":\"https:\\\/\\\/www.cde.ual.es\\\/en\\\/erasmus-award-to-promote-sport-and-active-living-in-europe\\\/#primaryimage\"},\"image\":{\"@id\":\"https:\\\/\\\/www.cde.ual.es\\\/en\\\/erasmus-award-to-promote-sport-and-active-living-in-europe\\\/#primaryimage\"},\"thumbnailUrl\":\"https:\\\/\\\/www.cde.ual.es\\\/wp-content\\\/uploads\\\/2024\\\/12\\\/pexels-willpicturethis-1954524-scaled.jpg\",\"datePublished\":\"2025-06-13T01:00:19+00:00\",\"dateModified\":\"2025-06-13T08:14:23+00:00\",\"breadcrumb\":{\"@id\":\"https:\\\/\\\/www.cde.ual.es\\\/en\\\/erasmus-award-to-promote-sport-and-active-living-in-europe\\\/#breadcrumb\"},\"inLanguage\":\"en-US\",\"potentialAction\":[{\"@type\":\"ReadAction\",\"target\":[\"https:\\\/\\\/www.cde.ual.es\\\/en\\\/erasmus-award-to-promote-sport-and-active-living-in-europe\\\/\"]}]},{\"@type\":\"ImageObject\",\"inLanguage\":\"en-US\",\"@id\":\"https:\\\/\\\/www.cde.ual.es\\\/en\\\/erasmus-award-to-promote-sport-and-active-living-in-europe\\\/#primaryimage\",\"url\":\"https:\\\/\\\/www.cde.ual.es\\\/wp-content\\\/uploads\\\/2024\\\/12\\\/pexels-willpicturethis-1954524-scaled.jpg\",\"contentUrl\":\"https:\\\/\\\/www.cde.ual.es\\\/wp-content\\\/uploads\\\/2024\\\/12\\\/pexels-willpicturethis-1954524-scaled.jpg\",\"width\":2560,\"height\":1706},{\"@type\":\"BreadcrumbList\",\"@id\":\"https:\\\/\\\/www.cde.ual.es\\\/en\\\/erasmus-award-to-promote-sport-and-active-living-in-europe\\\/#breadcrumb\",\"itemListElement\":[{\"@type\":\"ListItem\",\"position\":1,\"name\":\"Inicio\",\"item\":\"https:\\\/\\\/www.cde.ual.es\\\/en\\\/\"},{\"@type\":\"ListItem\",\"position\":2,\"name\":\"EU Calls and Awards\",\"item\":\"https:\\\/\\\/www.cde.ual.es\\\/en\\\/category\\\/eu-calls-and-awards\\\/\"},{\"@type\":\"ListItem\",\"position\":3,\"name\":\"Other\",\"item\":\"https:\\\/\\\/www.cde.ual.es\\\/en\\\/category\\\/eu-calls-and-awards\\\/other\\\/\"},{\"@type\":\"ListItem\",\"position\":4,\"name\":\"Erasmus+ Award to promote sport and active living in Europe\"}]},{\"@type\":\"WebSite\",\"@id\":\"https:\\\/\\\/www.cde.ual.es\\\/#website\",\"url\":\"https:\\\/\\\/www.cde.ual.es\\\/\",\"name\":\"CDE Almer\u00eda - Centro de Documentaci\u00f3n Europea - Universidad de Almer\u00eda\",\"description\":\"Centro de Documentaci\u00f3n Europea de la Universidad de Almer\u00eda\",\"publisher\":{\"@id\":\"https:\\\/\\\/www.cde.ual.es\\\/#organization\"},\"alternateName\":\"CDE Almer\u00eda\",\"potentialAction\":[{\"@type\":\"SearchAction\",\"target\":{\"@type\":\"EntryPoint\",\"urlTemplate\":\"https:\\\/\\\/www.cde.ual.es\\\/?s={search_term_string}\"},\"query-input\":{\"@type\":\"PropertyValueSpecification\",\"valueRequired\":true,\"valueName\":\"search_term_string\"}}],\"inLanguage\":\"en-US\"},{\"@type\":\"Organization\",\"@id\":\"https:\\\/\\\/www.cde.ual.es\\\/#organization\",\"name\":\"Centro de Documentaci\u00f3n Europea de Almer\u00eda\",\"url\":\"https:\\\/\\\/www.cde.ual.es\\\/\",\"logo\":{\"@type\":\"ImageObject\",\"inLanguage\":\"en-US\",\"@id\":\"https:\\\/\\\/www.cde.ual.es\\\/#\\\/schema\\\/logo\\\/image\\\/\",\"url\":\"https:\\\/\\\/www.cde.ual.es\\\/wp-content\\\/uploads\\\/2025\\\/07\\\/cde-logo-3.png\",\"contentUrl\":\"https:\\\/\\\/www.cde.ual.es\\\/wp-content\\\/uploads\\\/2025\\\/07\\\/cde-logo-3.png\",\"width\":1400,\"height\":300,\"caption\":\"Centro de Documentaci\u00f3n Europea de Almer\u00eda\"},\"image\":{\"@id\":\"https:\\\/\\\/www.cde.ual.es\\\/#\\\/schema\\\/logo\\\/image\\\/\"},\"sameAs\":[\"https:\\\/\\\/www.facebook.com\\\/cdeuniversidadalmeria\\\/\",\"https:\\\/\\\/x.com\\\/cdeualmeria\",\"https:\\\/\\\/www.tiktok.com\\\/@cdealmeria\",\"https:\\\/\\\/www.instagram.com\\\/cdealmeria\\\/\",\"https:\\\/\\\/www.linkedin.com\\\/in\\\/cde-almera-812b26a9\\\/\"]},{\"@type\":\"Person\",\"@id\":\"https:\\\/\\\/www.cde.ual.es\\\/#\\\/schema\\\/person\\\/224ef08c8bcc005f319d2713ce37ee5f\",\"name\":\"AdminCDE\",\"image\":{\"@type\":\"ImageObject\",\"inLanguage\":\"en-US\",\"@id\":\"https:\\\/\\\/secure.gravatar.com\\\/avatar\\\/a72d038d371f995cd13706fac32274b7952a52e8fb0a84b5f80c85426f2a98a8?s=96&d=mm&r=g\",\"url\":\"https:\\\/\\\/secure.gravatar.com\\\/avatar\\\/a72d038d371f995cd13706fac32274b7952a52e8fb0a84b5f80c85426f2a98a8?s=96&d=mm&r=g\",\"contentUrl\":\"https:\\\/\\\/secure.gravatar.com\\\/avatar\\\/a72d038d371f995cd13706fac32274b7952a52e8fb0a84b5f80c85426f2a98a8?s=96&d=mm&r=g\",\"caption\":\"AdminCDE\"}}]}<\/script>\n<!-- \/ Yoast SEO plugin. -->","yoast_head_json":{"title":"Erasmus+ Award to promote sport and active living in Europe | CDE Almer\u00eda - Centro de Documentaci\u00f3n Europea - Universidad de Almer\u00eda","robots":{"index":"index","follow":"follow","max-snippet":"max-snippet:-1","max-image-preview":"max-image-preview:large","max-video-preview":"max-video-preview:-1"},"canonical":"https:\/\/www.cde.ual.es\/en\/erasmus-award-to-promote-sport-and-active-living-in-europe\/","og_locale":"en_US","og_type":"article","og_title":"Erasmus+ Award to promote sport and active living in Europe | CDE Almer\u00eda - Centro de Documentaci\u00f3n Europea - Universidad de Almer\u00eda","og_description":"The #BeActive EU Sport Awards recognise outstanding initiatives that promote sport and physical activity. The awards will reward achievements in five categories: &#8220;physical activity&#8221;, &#8220;inclusion&#8221;, &#8220;volunteering&#8221;, &#8220;between generations&#8221; and &#8220;peace&#8221;. The award, for which a call for nominations has been launched today, will be funded by the Erasmus+ programme. Glenn Micallef, Commissioner for Intergenerational Equity, [&hellip;]","og_url":"https:\/\/www.cde.ual.es\/en\/erasmus-award-to-promote-sport-and-active-living-in-europe\/","og_site_name":"CDE Almer\u00eda - Centro de Documentaci\u00f3n Europea - Universidad de Almer\u00eda","article_publisher":"https:\/\/www.facebook.com\/cdeuniversidadalmeria\/","article_published_time":"2025-06-13T01:00:19+00:00","article_modified_time":"2025-06-13T08:14:23+00:00","og_image":[{"width":2560,"height":1706,"url":"https:\/\/www.cde.ual.es\/wp-content\/uploads\/2024\/12\/pexels-willpicturethis-1954524-scaled.jpg","type":"image\/jpeg"}],"author":"AdminCDE","twitter_card":"summary_large_image","twitter_creator":"@cdeualmeria","twitter_site":"@cdeualmeria","twitter_misc":{"Written by":"AdminCDE","Est. reading time":"2 minutes"},"schema":{"@context":"https:\/\/schema.org","@graph":[{"@type":"Article","@id":"https:\/\/www.cde.ual.es\/en\/erasmus-award-to-promote-sport-and-active-living-in-europe\/#article","isPartOf":{"@id":"https:\/\/www.cde.ual.es\/en\/erasmus-award-to-promote-sport-and-active-living-in-europe\/"},"author":{"name":"AdminCDE","@id":"https:\/\/www.cde.ual.es\/#\/schema\/person\/224ef08c8bcc005f319d2713ce37ee5f"},"headline":"Erasmus+ Award to promote sport and active living in Europe","datePublished":"2025-06-13T01:00:19+00:00","dateModified":"2025-06-13T08:14:23+00:00","mainEntityOfPage":{"@id":"https:\/\/www.cde.ual.es\/en\/erasmus-award-to-promote-sport-and-active-living-in-europe\/"},"wordCount":258,"commentCount":0,"publisher":{"@id":"https:\/\/www.cde.ual.es\/#organization"},"image":{"@id":"https:\/\/www.cde.ual.es\/en\/erasmus-award-to-promote-sport-and-active-living-in-europe\/#primaryimage"},"thumbnailUrl":"https:\/\/www.cde.ual.es\/wp-content\/uploads\/2024\/12\/pexels-willpicturethis-1954524-scaled.jpg","keywords":["active citizenship","Comision Europea","education and sport","Erasmus +","EU initiatives","European Commission","healthy lifestyle","Physical activity","public health promotion","sport award","youth engagement"],"articleSection":["EU Calls and Awards","Other"],"inLanguage":"en-US","potentialAction":[{"@type":"CommentAction","name":"Comment","target":["https:\/\/www.cde.ual.es\/en\/erasmus-award-to-promote-sport-and-active-living-in-europe\/#respond"]}]},{"@type":"WebPage","@id":"https:\/\/www.cde.ual.es\/en\/erasmus-award-to-promote-sport-and-active-living-in-europe\/","url":"https:\/\/www.cde.ual.es\/en\/erasmus-award-to-promote-sport-and-active-living-in-europe\/","name":"Erasmus+ Award to promote sport and active living in Europe | CDE Almer\u00eda - Centro de Documentaci\u00f3n Europea - Universidad de Almer\u00eda","isPartOf":{"@id":"https:\/\/www.cde.ual.es\/#website"},"primaryImageOfPage":{"@id":"https:\/\/www.cde.ual.es\/en\/erasmus-award-to-promote-sport-and-active-living-in-europe\/#primaryimage"},"image":{"@id":"https:\/\/www.cde.ual.es\/en\/erasmus-award-to-promote-sport-and-active-living-in-europe\/#primaryimage"},"thumbnailUrl":"https:\/\/www.cde.ual.es\/wp-content\/uploads\/2024\/12\/pexels-willpicturethis-1954524-scaled.jpg","datePublished":"2025-06-13T01:00:19+00:00","dateModified":"2025-06-13T08:14:23+00:00","breadcrumb":{"@id":"https:\/\/www.cde.ual.es\/en\/erasmus-award-to-promote-sport-and-active-living-in-europe\/#breadcrumb"},"inLanguage":"en-US","potentialAction":[{"@type":"ReadAction","target":["https:\/\/www.cde.ual.es\/en\/erasmus-award-to-promote-sport-and-active-living-in-europe\/"]}]},{"@type":"ImageObject","inLanguage":"en-US","@id":"https:\/\/www.cde.ual.es\/en\/erasmus-award-to-promote-sport-and-active-living-in-europe\/#primaryimage","url":"https:\/\/www.cde.ual.es\/wp-content\/uploads\/2024\/12\/pexels-willpicturethis-1954524-scaled.jpg","contentUrl":"https:\/\/www.cde.ual.es\/wp-content\/uploads\/2024\/12\/pexels-willpicturethis-1954524-scaled.jpg","width":2560,"height":1706},{"@type":"BreadcrumbList","@id":"https:\/\/www.cde.ual.es\/en\/erasmus-award-to-promote-sport-and-active-living-in-europe\/#breadcrumb","itemListElement":[{"@type":"ListItem","position":1,"name":"Inicio","item":"https:\/\/www.cde.ual.es\/en\/"},{"@type":"ListItem","position":2,"name":"EU Calls and Awards","item":"https:\/\/www.cde.ual.es\/en\/category\/eu-calls-and-awards\/"},{"@type":"ListItem","position":3,"name":"Other","item":"https:\/\/www.cde.ual.es\/en\/category\/eu-calls-and-awards\/other\/"},{"@type":"ListItem","position":4,"name":"Erasmus+ Award to promote sport and active living in Europe"}]},{"@type":"WebSite","@id":"https:\/\/www.cde.ual.es\/#website","url":"https:\/\/www.cde.ual.es\/","name":"CDE Almer\u00eda - Centro de Documentaci\u00f3n Europea - Universidad de Almer\u00eda","description":"Centro de Documentaci\u00f3n Europea de la Universidad de Almer\u00eda","publisher":{"@id":"https:\/\/www.cde.ual.es\/#organization"},"alternateName":"CDE Almer\u00eda","potentialAction":[{"@type":"SearchAction","target":{"@type":"EntryPoint","urlTemplate":"https:\/\/www.cde.ual.es\/?s={search_term_string}"},"query-input":{"@type":"PropertyValueSpecification","valueRequired":true,"valueName":"search_term_string"}}],"inLanguage":"en-US"},{"@type":"Organization","@id":"https:\/\/www.cde.ual.es\/#organization","name":"Centro de Documentaci\u00f3n Europea de Almer\u00eda","url":"https:\/\/www.cde.ual.es\/","logo":{"@type":"ImageObject","inLanguage":"en-US","@id":"https:\/\/www.cde.ual.es\/#\/schema\/logo\/image\/","url":"https:\/\/www.cde.ual.es\/wp-content\/uploads\/2025\/07\/cde-logo-3.png","contentUrl":"https:\/\/www.cde.ual.es\/wp-content\/uploads\/2025\/07\/cde-logo-3.png","width":1400,"height":300,"caption":"Centro de Documentaci\u00f3n Europea de Almer\u00eda"},"image":{"@id":"https:\/\/www.cde.ual.es\/#\/schema\/logo\/image\/"},"sameAs":["https:\/\/www.facebook.com\/cdeuniversidadalmeria\/","https:\/\/x.com\/cdeualmeria","https:\/\/www.tiktok.com\/@cdealmeria","https:\/\/www.instagram.com\/cdealmeria\/","https:\/\/www.linkedin.com\/in\/cde-almera-812b26a9\/"]},{"@type":"Person","@id":"https:\/\/www.cde.ual.es\/#\/schema\/person\/224ef08c8bcc005f319d2713ce37ee5f","name":"AdminCDE","image":{"@type":"ImageObject","inLanguage":"en-US","@id":"https:\/\/secure.gravatar.com\/avatar\/a72d038d371f995cd13706fac32274b7952a52e8fb0a84b5f80c85426f2a98a8?s=96&d=mm&r=g","url":"https:\/\/secure.gravatar.com\/avatar\/a72d038d371f995cd13706fac32274b7952a52e8fb0a84b5f80c85426f2a98a8?s=96&d=mm&r=g","contentUrl":"https:\/\/secure.gravatar.com\/avatar\/a72d038d371f995cd13706fac32274b7952a52e8fb0a84b5f80c85426f2a98a8?s=96&d=mm&r=g","caption":"AdminCDE"}}]}},"_links":{"self":[{"href":"https:\/\/www.cde.ual.es\/en\/wp-json\/wp\/v2\/posts\/160537","targetHints":{"allow":["GET"]}}],"collection":[{"href":"https:\/\/www.cde.ual.es\/en\/wp-json\/wp\/v2\/posts"}],"about":[{"href":"https:\/\/www.cde.ual.es\/en\/wp-json\/wp\/v2\/types\/post"}],"author":[{"embeddable":true,"href":"https:\/\/www.cde.ual.es\/en\/wp-json\/wp\/v2\/users\/1"}],"replies":[{"embeddable":true,"href":"https:\/\/www.cde.ual.es\/en\/wp-json\/wp\/v2\/comments?post=160537"}],"version-history":[{"count":2,"href":"https:\/\/www.cde.ual.es\/en\/wp-json\/wp\/v2\/posts\/160537\/revisions"}],"predecessor-version":[{"id":160580,"href":"https:\/\/www.cde.ual.es\/en\/wp-json\/wp\/v2\/posts\/160537\/revisions\/160580"}],"wp:featuredmedia":[{"embeddable":true,"href":"https:\/\/www.cde.ual.es\/en\/wp-json\/wp\/v2\/media\/155385"}],"wp:attachment":[{"href":"https:\/\/www.cde.ual.es\/en\/wp-json\/wp\/v2\/media?parent=160537"}],"wp:term":[{"taxonomy":"category","embeddable":true,"href":"https:\/\/www.cde.ual.es\/en\/wp-json\/wp\/v2\/categories?post=160537"},{"taxonomy":"post_tag","embeddable":true,"href":"https:\/\/www.cde.ual.es\/en\/wp-json\/wp\/v2\/tags?post=160537"}],"curies":[{"name":"wp","href":"https:\/\/api.w.org\/{rel}","templated":true}]}}