{"id":160484,"date":"2025-06-12T03:00:54","date_gmt":"2025-06-12T01:00:54","guid":{"rendered":"https:\/\/www.cde.ual.es\/?p=160484"},"modified":"2025-06-11T09:02:48","modified_gmt":"2025-06-11T07:02:48","slug":"european-commission-gives-green-light-to-sess-acquisition-of-intelsat-without-conditions","status":"publish","type":"post","link":"https:\/\/www.cde.ual.es\/en\/european-commission-gives-green-light-to-sess-acquisition-of-intelsat-without-conditions\/","title":{"rendered":"European Commission gives green light to SES\u2019s acquisition of Intelsat without conditions"},"content":{"rendered":"<p style=\"text-align: justify;\">The European Commission has approved unconditionally, under the EU Merger Regulation, the proposed acquisition of Intelsat Holdings S.\u00e0 r.l. (\u2018<strong>Intelsat&#8217;<\/strong>) by SES S.A. (\u2018<strong>SES&#8217;<\/strong>). The Commission concluded that the transaction would not raise competition concerns in the European Economic Area (\u2018EEA&#8217;).<\/p>\n<p>&nbsp;<\/p>\n<p><a href=\"https:\/\/www.cde.ual.es\/wp-content\/uploads\/2020\/02\/asia-550184_1920.jpg\"><img decoding=\"async\" class=\"aligncenter wp-image-35543\" src=\"https:\/\/www.cde.ual.es\/wp-content\/uploads\/2020\/02\/asia-550184_1920.jpg\" alt=\"vista de la tierra desde el espacio\" width=\"464\" height=\"464\" srcset=\"https:\/\/www.cde.ual.es\/wp-content\/uploads\/2020\/02\/asia-550184_1920.jpg 1920w, https:\/\/www.cde.ual.es\/wp-content\/uploads\/2020\/02\/asia-550184_1920-150x150.jpg 150w, https:\/\/www.cde.ual.es\/wp-content\/uploads\/2020\/02\/asia-550184_1920-300x300.jpg 300w, https:\/\/www.cde.ual.es\/wp-content\/uploads\/2020\/02\/asia-550184_1920-768x768.jpg 768w, https:\/\/www.cde.ual.es\/wp-content\/uploads\/2020\/02\/asia-550184_1920-1024x1024.jpg 1024w\" sizes=\"(max-width: 464px) 100vw, 464px\" \/><\/a><\/p>\n<p style=\"text-align: justify;\">Both SES and Intelsat are global\u00a0<a name=\"_Hlk200008756\"><\/a>satellite network operators that own and operate geostationary Earth orbit (\u2018GEO&#8217;) satellites. While both companies are headquartered in Luxembourg and are active in the EEA, Intelsat&#8217;s main activities and administrative headquarters are in the United States.<\/p>\n<p style=\"text-align: justify;\">The companies provide \u2018one-way&#8217; satellite capacity to customers, notably broadcasters, in the media sector, as well as \u2018two-way&#8217; satellite capacity to, amongst others, third-party satellite service providers across a range of other industry sectors (e.g., aviation, maritime and government). In addition, the companies use capacity from their GEO satellites to provide satellite services of their own.<\/p>\n<p style=\"text-align: justify;\">According to the companies, the transaction will allow them to increase coverage and resilience as well as to remain competitive with emerging low Earth orbit (\u2018LEO&#8217;) satellite operators.<\/p>\n<p>&nbsp;<\/p>\n<p style=\"text-align: justify;\"><strong>The Commission&#8217;s investigation<\/strong><\/p>\n<p style=\"text-align: justify;\">The Commission investigated the impact of the transaction in the markets for the supply of \u2018one-way&#8217; and \u2018two-way&#8217; satellite capacity and possible smaller market segments therein, globally and in the EEA (including regions within the EEA for \u2018one-way&#8217; satellite capacity for media broadcast). It also assessed potential effects arising from the vertical link between the companies&#8217; activities in the (upstream) supply of satellite capacity and the (downstream) supply of satellite services.<\/p>\n<p style=\"text-align: justify;\">Based on its market investigation, the Commission found that there are credible competitors on those markets that, following the transaction, will continue to exert sufficient competitive pressure upon the merged entity. It also found that the merged entity will be constrained by terrestrial alternatives such as fibre in the market for the supply of \u2018one-way&#8217; satellite capacity, and by LEO operators in the market for the supply of \u2018two-way&#8217; satellite capacity. In addition, based on the results of the market investigation, the Commission considers that the merged entity would not have the ability to foreclose downstream competitors by restricting access to its satellite capacity.<\/p>\n<p style=\"text-align: justify;\">The Commission therefore concluded that the proposed acquisition\u00a0<strong>would not raise competition concerns<\/strong>\u00a0in the EEA and cleared the transaction unconditionally.<\/p>\n<p style=\"text-align: justify;\"><strong>Companies and products<\/strong><\/p>\n<p style=\"text-align: justify;\"><strong>SES<\/strong>\u00a0is a publicly listed company headquartered in Luxembourg, which owns and operates GEO satellites, as well as a fleet of medium Earth orbit (\u2018MEO&#8217;) satellites. In addition, SES offers satellite services for a range of use cases.<\/p>\n<p style=\"text-align: justify;\"><strong>Intelsat<\/strong>\u00a0is a company headquartered in Luxembourg (with administrative headquarters in the United States), which owns and operates a fleet of GEO satellites. Intelsat also provides satellite services for various use cases.<\/p>\n<p>&nbsp;<\/p>\n<p style=\"text-align: justify;\"><strong>Merger control rules and procedure<\/strong><\/p>\n<p style=\"text-align: justify;\">The transaction was notified to the Commission on 29 April 2025.<\/p>\n<p style=\"text-align: justify;\">The Commission has the duty to assess mergers and acquisitions involving companies with a turnover above certain thresholds (see Article 1 of the\u00a0EU Merger Regulation) and to prevent concentrations that would significantly impede effective competition in the European Economic Area or any substantial part of it.<\/p>\n<p style=\"text-align: justify;\">The vast majority of notified mergers do not pose competition problems and are cleared after a routine review. From the moment a transaction is notified, the Commission generally has 25 working days to decide whether to grant approval (Phase I) or to start an in-depth investigation (Phase II).<\/p>\n<p style=\"text-align: justify;\">More information will be available on the Commission&#8217;s\u00a0competition website, in the\u00a0public case register\u00a0under the case number\u00a0M.11602.<\/p>\n<p>&nbsp;<\/p>\n<p><strong>More information: <a href=\"https:\/\/ec.europa.eu\/commission\/presscorner\/detail\/en\/ip_25_1438\">European Commission.<\/a><\/strong><\/p>\n","protected":false},"excerpt":{"rendered":"<p>The European Commission has approved unconditionally, under the EU Merger Regulation, the proposed acquisition of Intelsat Holdings S.\u00e0 r.l. (\u2018Intelsat&#8217;) by SES S.A. (\u2018SES&#8217;). The Commission concluded that the transaction would not raise competition concerns in the European Economic Area (\u2018EEA&#8217;). &nbsp; Both SES and Intelsat are global\u00a0satellite network operators that own and operate geostationary [&hellip;]<\/p>\n","protected":false},"author":1,"featured_media":35543,"comment_status":"open","ping_status":"open","sticky":false,"template":"","format":"standard","meta":{"_acf_changed":false,"_relevanssi_hide_post":"","_relevanssi_hide_content":"","_relevanssi_pin_for_all":"","_relevanssi_pin_keywords":"","_relevanssi_unpin_keywords":"","_relevanssi_related_keywords":"","_relevanssi_related_include_ids":"","_relevanssi_related_exclude_ids":"","_relevanssi_related_no_append":"","_relevanssi_related_not_related":"","_relevanssi_related_posts":"","_relevanssi_noindex_reason":"","_monsterinsights_skip_tracking":false,"_monsterinsights_sitenote_active":false,"_monsterinsights_sitenote_note":"","_monsterinsights_sitenote_category":0,"_genesis_hide_title":false,"_genesis_hide_breadcrumbs":false,"_genesis_hide_singular_image":false,"_genesis_hide_footer_widgets":false,"_genesis_custom_body_class":"","_genesis_custom_post_class":"","_genesis_layout":"","footnotes":""},"categories":[346,4082,4084],"tags":[14861,14864,14863,1488,14859,14860,14862,14867,14865,14866],"class_list":{"0":"post-160484","1":"post","2":"type-post","3":"status-publish","4":"format-standard","5":"has-post-thumbnail","7":"category-eu-news","8":"category-research-innovation","9":"category-technology","10":"tag-acquisition-deal","11":"tag-antitrust-review","12":"tag-competition-policy","13":"tag-european-commission","14":"tag-intelsat","15":"tag-merger-approval","16":"tag-satellite-communications","17":"tag-ses-en","18":"tag-telecom-sector","19":"tag-unconditional-clearance","20":"entry"},"acf":[],"yoast_head":"<!-- This site is optimized with the Yoast SEO plugin v27.5 - https:\/\/yoast.com\/product\/yoast-seo-wordpress\/ -->\n<title>European Commission gives green light to SES\u2019s acquisition of Intelsat without conditions | CDE Almer\u00eda - Centro de Documentaci\u00f3n Europea - Universidad de Almer\u00eda<\/title>\n<meta name=\"robots\" content=\"index, follow, max-snippet:-1, max-image-preview:large, max-video-preview:-1\" \/>\n<link rel=\"canonical\" href=\"https:\/\/www.cde.ual.es\/la-comision-europea-da-luz-verde-sin-condiciones-a-la-adquisicion-de-intelsat-por-ses\/\" \/>\n<meta property=\"og:locale\" content=\"en_US\" \/>\n<meta property=\"og:type\" content=\"article\" \/>\n<meta property=\"og:title\" content=\"European Commission gives green light to SES\u2019s acquisition of Intelsat without conditions | CDE Almer\u00eda - Centro de Documentaci\u00f3n Europea - Universidad de Almer\u00eda\" \/>\n<meta property=\"og:description\" content=\"The European Commission has approved unconditionally, under the EU Merger Regulation, the proposed acquisition of Intelsat Holdings S.\u00e0 r.l. (\u2018Intelsat&#8217;) by SES S.A. (\u2018SES&#8217;). The Commission concluded that the transaction would not raise competition concerns in the European Economic Area (\u2018EEA&#8217;). &nbsp; Both SES and Intelsat are global\u00a0satellite network operators that own and operate geostationary [&hellip;]\" \/>\n<meta property=\"og:url\" content=\"https:\/\/www.cde.ual.es\/la-comision-europea-da-luz-verde-sin-condiciones-a-la-adquisicion-de-intelsat-por-ses\/\" \/>\n<meta property=\"og:site_name\" content=\"CDE Almer\u00eda - Centro de Documentaci\u00f3n Europea - Universidad de Almer\u00eda\" \/>\n<meta property=\"article:publisher\" content=\"https:\/\/www.facebook.com\/cdeuniversidadalmeria\/\" \/>\n<meta property=\"article:published_time\" content=\"2025-06-12T01:00:54+00:00\" \/>\n<meta property=\"og:image\" content=\"https:\/\/www.cde.ual.es\/wp-content\/uploads\/2020\/02\/asia-550184_1920.jpg\" \/>\n\t<meta property=\"og:image:width\" content=\"1920\" \/>\n\t<meta property=\"og:image:height\" content=\"1920\" \/>\n\t<meta property=\"og:image:type\" content=\"image\/jpeg\" \/>\n<meta name=\"author\" content=\"AdminCDE\" \/>\n<meta name=\"twitter:card\" content=\"summary_large_image\" \/>\n<meta name=\"twitter:creator\" content=\"@cdeualmeria\" \/>\n<meta name=\"twitter:site\" content=\"@cdeualmeria\" \/>\n<meta name=\"twitter:label1\" content=\"Written by\" \/>\n\t<meta name=\"twitter:data1\" content=\"AdminCDE\" \/>\n\t<meta name=\"twitter:label2\" content=\"Est. reading time\" \/>\n\t<meta name=\"twitter:data2\" content=\"4 minutes\" \/>\n<script type=\"application\/ld+json\" class=\"yoast-schema-graph\">{\"@context\":\"https:\\\/\\\/schema.org\",\"@graph\":[{\"@type\":\"Article\",\"@id\":\"https:\\\/\\\/www.cde.ual.es\\\/la-comision-europea-da-luz-verde-sin-condiciones-a-la-adquisicion-de-intelsat-por-ses\\\/#article\",\"isPartOf\":{\"@id\":\"https:\\\/\\\/www.cde.ual.es\\\/la-comision-europea-da-luz-verde-sin-condiciones-a-la-adquisicion-de-intelsat-por-ses\\\/\"},\"author\":{\"name\":\"AdminCDE\",\"@id\":\"https:\\\/\\\/www.cde.ual.es\\\/#\\\/schema\\\/person\\\/224ef08c8bcc005f319d2713ce37ee5f\"},\"headline\":\"European Commission gives green light to SES\u2019s acquisition of Intelsat without conditions\",\"datePublished\":\"2025-06-12T01:00:54+00:00\",\"mainEntityOfPage\":{\"@id\":\"https:\\\/\\\/www.cde.ual.es\\\/la-comision-europea-da-luz-verde-sin-condiciones-a-la-adquisicion-de-intelsat-por-ses\\\/\"},\"wordCount\":593,\"commentCount\":0,\"publisher\":{\"@id\":\"https:\\\/\\\/www.cde.ual.es\\\/#organization\"},\"image\":{\"@id\":\"https:\\\/\\\/www.cde.ual.es\\\/la-comision-europea-da-luz-verde-sin-condiciones-a-la-adquisicion-de-intelsat-por-ses\\\/#primaryimage\"},\"thumbnailUrl\":\"https:\\\/\\\/www.cde.ual.es\\\/wp-content\\\/uploads\\\/2020\\\/02\\\/asia-550184_1920.jpg\",\"keywords\":[\"acquisition deal\",\"antitrust review\",\"competition policy\",\"European Commission\",\"Intelsat\",\"merger approval\",\"satellite communications\",\"ses\",\"telecom sector\",\"unconditional clearance\"],\"articleSection\":[\"EU News\",\"Research and Innovation\",\"Technology\"],\"inLanguage\":\"en-US\",\"potentialAction\":[{\"@type\":\"CommentAction\",\"name\":\"Comment\",\"target\":[\"https:\\\/\\\/www.cde.ual.es\\\/la-comision-europea-da-luz-verde-sin-condiciones-a-la-adquisicion-de-intelsat-por-ses\\\/#respond\"]}]},{\"@type\":\"WebPage\",\"@id\":\"https:\\\/\\\/www.cde.ual.es\\\/la-comision-europea-da-luz-verde-sin-condiciones-a-la-adquisicion-de-intelsat-por-ses\\\/\",\"url\":\"https:\\\/\\\/www.cde.ual.es\\\/la-comision-europea-da-luz-verde-sin-condiciones-a-la-adquisicion-de-intelsat-por-ses\\\/\",\"name\":\"European Commission gives green light to SES\u2019s acquisition of Intelsat without conditions | CDE Almer\u00eda - Centro de Documentaci\u00f3n Europea - Universidad de Almer\u00eda\",\"isPartOf\":{\"@id\":\"https:\\\/\\\/www.cde.ual.es\\\/#website\"},\"primaryImageOfPage\":{\"@id\":\"https:\\\/\\\/www.cde.ual.es\\\/la-comision-europea-da-luz-verde-sin-condiciones-a-la-adquisicion-de-intelsat-por-ses\\\/#primaryimage\"},\"image\":{\"@id\":\"https:\\\/\\\/www.cde.ual.es\\\/la-comision-europea-da-luz-verde-sin-condiciones-a-la-adquisicion-de-intelsat-por-ses\\\/#primaryimage\"},\"thumbnailUrl\":\"https:\\\/\\\/www.cde.ual.es\\\/wp-content\\\/uploads\\\/2020\\\/02\\\/asia-550184_1920.jpg\",\"datePublished\":\"2025-06-12T01:00:54+00:00\",\"breadcrumb\":{\"@id\":\"https:\\\/\\\/www.cde.ual.es\\\/la-comision-europea-da-luz-verde-sin-condiciones-a-la-adquisicion-de-intelsat-por-ses\\\/#breadcrumb\"},\"inLanguage\":\"en-US\",\"potentialAction\":[{\"@type\":\"ReadAction\",\"target\":[\"https:\\\/\\\/www.cde.ual.es\\\/la-comision-europea-da-luz-verde-sin-condiciones-a-la-adquisicion-de-intelsat-por-ses\\\/\"]}]},{\"@type\":\"ImageObject\",\"inLanguage\":\"en-US\",\"@id\":\"https:\\\/\\\/www.cde.ual.es\\\/la-comision-europea-da-luz-verde-sin-condiciones-a-la-adquisicion-de-intelsat-por-ses\\\/#primaryimage\",\"url\":\"https:\\\/\\\/www.cde.ual.es\\\/wp-content\\\/uploads\\\/2020\\\/02\\\/asia-550184_1920.jpg\",\"contentUrl\":\"https:\\\/\\\/www.cde.ual.es\\\/wp-content\\\/uploads\\\/2020\\\/02\\\/asia-550184_1920.jpg\",\"width\":1920,\"height\":1920,\"caption\":\"vista de la tierra desde el espacio\"},{\"@type\":\"BreadcrumbList\",\"@id\":\"https:\\\/\\\/www.cde.ual.es\\\/la-comision-europea-da-luz-verde-sin-condiciones-a-la-adquisicion-de-intelsat-por-ses\\\/#breadcrumb\",\"itemListElement\":[{\"@type\":\"ListItem\",\"position\":1,\"name\":\"Inicio\",\"item\":\"https:\\\/\\\/www.cde.ual.es\\\/en\\\/\"},{\"@type\":\"ListItem\",\"position\":2,\"name\":\"Noticias UE\",\"item\":\"https:\\\/\\\/www.cde.ual.es\\\/category\\\/noticias-ue\\\/\"},{\"@type\":\"ListItem\",\"position\":3,\"name\":\"Investigaci\u00f3n e Innovaci\u00f3n\",\"item\":\"https:\\\/\\\/www.cde.ual.es\\\/category\\\/noticias-ue\\\/investigacion-innovacion\\\/\"},{\"@type\":\"ListItem\",\"position\":4,\"name\":\"Technology\",\"item\":\"https:\\\/\\\/www.cde.ual.es\\\/en\\\/category\\\/eu-news\\\/research-innovation\\\/technology\\\/\"},{\"@type\":\"ListItem\",\"position\":5,\"name\":\"European Commission gives green light to SES\u2019s acquisition of Intelsat without conditions\"}]},{\"@type\":\"WebSite\",\"@id\":\"https:\\\/\\\/www.cde.ual.es\\\/#website\",\"url\":\"https:\\\/\\\/www.cde.ual.es\\\/\",\"name\":\"CDE Almer\u00eda - Centro de Documentaci\u00f3n Europea - Universidad de Almer\u00eda\",\"description\":\"Centro de Documentaci\u00f3n Europea de la Universidad de Almer\u00eda\",\"publisher\":{\"@id\":\"https:\\\/\\\/www.cde.ual.es\\\/#organization\"},\"alternateName\":\"CDE Almer\u00eda\",\"potentialAction\":[{\"@type\":\"SearchAction\",\"target\":{\"@type\":\"EntryPoint\",\"urlTemplate\":\"https:\\\/\\\/www.cde.ual.es\\\/?s={search_term_string}\"},\"query-input\":{\"@type\":\"PropertyValueSpecification\",\"valueRequired\":true,\"valueName\":\"search_term_string\"}}],\"inLanguage\":\"en-US\"},{\"@type\":\"Organization\",\"@id\":\"https:\\\/\\\/www.cde.ual.es\\\/#organization\",\"name\":\"Centro de Documentaci\u00f3n Europea de Almer\u00eda\",\"url\":\"https:\\\/\\\/www.cde.ual.es\\\/\",\"logo\":{\"@type\":\"ImageObject\",\"inLanguage\":\"en-US\",\"@id\":\"https:\\\/\\\/www.cde.ual.es\\\/#\\\/schema\\\/logo\\\/image\\\/\",\"url\":\"https:\\\/\\\/www.cde.ual.es\\\/wp-content\\\/uploads\\\/2025\\\/07\\\/cde-logo-3.png\",\"contentUrl\":\"https:\\\/\\\/www.cde.ual.es\\\/wp-content\\\/uploads\\\/2025\\\/07\\\/cde-logo-3.png\",\"width\":1400,\"height\":300,\"caption\":\"Centro de Documentaci\u00f3n Europea de Almer\u00eda\"},\"image\":{\"@id\":\"https:\\\/\\\/www.cde.ual.es\\\/#\\\/schema\\\/logo\\\/image\\\/\"},\"sameAs\":[\"https:\\\/\\\/www.facebook.com\\\/cdeuniversidadalmeria\\\/\",\"https:\\\/\\\/x.com\\\/cdeualmeria\",\"https:\\\/\\\/www.tiktok.com\\\/@cdealmeria\",\"https:\\\/\\\/www.instagram.com\\\/cdealmeria\\\/\",\"https:\\\/\\\/www.linkedin.com\\\/in\\\/cde-almera-812b26a9\\\/\"]},{\"@type\":\"Person\",\"@id\":\"https:\\\/\\\/www.cde.ual.es\\\/#\\\/schema\\\/person\\\/224ef08c8bcc005f319d2713ce37ee5f\",\"name\":\"AdminCDE\",\"image\":{\"@type\":\"ImageObject\",\"inLanguage\":\"en-US\",\"@id\":\"https:\\\/\\\/secure.gravatar.com\\\/avatar\\\/a72d038d371f995cd13706fac32274b7952a52e8fb0a84b5f80c85426f2a98a8?s=96&d=mm&r=g\",\"url\":\"https:\\\/\\\/secure.gravatar.com\\\/avatar\\\/a72d038d371f995cd13706fac32274b7952a52e8fb0a84b5f80c85426f2a98a8?s=96&d=mm&r=g\",\"contentUrl\":\"https:\\\/\\\/secure.gravatar.com\\\/avatar\\\/a72d038d371f995cd13706fac32274b7952a52e8fb0a84b5f80c85426f2a98a8?s=96&d=mm&r=g\",\"caption\":\"AdminCDE\"}}]}<\/script>\n<!-- \/ Yoast SEO plugin. -->","yoast_head_json":{"title":"European Commission gives green light to SES\u2019s acquisition of Intelsat without conditions | CDE Almer\u00eda - Centro de Documentaci\u00f3n Europea - Universidad de Almer\u00eda","robots":{"index":"index","follow":"follow","max-snippet":"max-snippet:-1","max-image-preview":"max-image-preview:large","max-video-preview":"max-video-preview:-1"},"canonical":"https:\/\/www.cde.ual.es\/la-comision-europea-da-luz-verde-sin-condiciones-a-la-adquisicion-de-intelsat-por-ses\/","og_locale":"en_US","og_type":"article","og_title":"European Commission gives green light to SES\u2019s acquisition of Intelsat without conditions | CDE Almer\u00eda - Centro de Documentaci\u00f3n Europea - Universidad de Almer\u00eda","og_description":"The European Commission has approved unconditionally, under the EU Merger Regulation, the proposed acquisition of Intelsat Holdings S.\u00e0 r.l. (\u2018Intelsat&#8217;) by SES S.A. (\u2018SES&#8217;). The Commission concluded that the transaction would not raise competition concerns in the European Economic Area (\u2018EEA&#8217;). &nbsp; Both SES and Intelsat are global\u00a0satellite network operators that own and operate geostationary [&hellip;]","og_url":"https:\/\/www.cde.ual.es\/la-comision-europea-da-luz-verde-sin-condiciones-a-la-adquisicion-de-intelsat-por-ses\/","og_site_name":"CDE Almer\u00eda - Centro de Documentaci\u00f3n Europea - Universidad de Almer\u00eda","article_publisher":"https:\/\/www.facebook.com\/cdeuniversidadalmeria\/","article_published_time":"2025-06-12T01:00:54+00:00","og_image":[{"width":1920,"height":1920,"url":"https:\/\/www.cde.ual.es\/wp-content\/uploads\/2020\/02\/asia-550184_1920.jpg","type":"image\/jpeg"}],"author":"AdminCDE","twitter_card":"summary_large_image","twitter_creator":"@cdeualmeria","twitter_site":"@cdeualmeria","twitter_misc":{"Written by":"AdminCDE","Est. reading time":"4 minutes"},"schema":{"@context":"https:\/\/schema.org","@graph":[{"@type":"Article","@id":"https:\/\/www.cde.ual.es\/la-comision-europea-da-luz-verde-sin-condiciones-a-la-adquisicion-de-intelsat-por-ses\/#article","isPartOf":{"@id":"https:\/\/www.cde.ual.es\/la-comision-europea-da-luz-verde-sin-condiciones-a-la-adquisicion-de-intelsat-por-ses\/"},"author":{"name":"AdminCDE","@id":"https:\/\/www.cde.ual.es\/#\/schema\/person\/224ef08c8bcc005f319d2713ce37ee5f"},"headline":"European Commission gives green light to SES\u2019s acquisition of Intelsat without conditions","datePublished":"2025-06-12T01:00:54+00:00","mainEntityOfPage":{"@id":"https:\/\/www.cde.ual.es\/la-comision-europea-da-luz-verde-sin-condiciones-a-la-adquisicion-de-intelsat-por-ses\/"},"wordCount":593,"commentCount":0,"publisher":{"@id":"https:\/\/www.cde.ual.es\/#organization"},"image":{"@id":"https:\/\/www.cde.ual.es\/la-comision-europea-da-luz-verde-sin-condiciones-a-la-adquisicion-de-intelsat-por-ses\/#primaryimage"},"thumbnailUrl":"https:\/\/www.cde.ual.es\/wp-content\/uploads\/2020\/02\/asia-550184_1920.jpg","keywords":["acquisition deal","antitrust review","competition policy","European Commission","Intelsat","merger approval","satellite communications","ses","telecom sector","unconditional clearance"],"articleSection":["EU News","Research and Innovation","Technology"],"inLanguage":"en-US","potentialAction":[{"@type":"CommentAction","name":"Comment","target":["https:\/\/www.cde.ual.es\/la-comision-europea-da-luz-verde-sin-condiciones-a-la-adquisicion-de-intelsat-por-ses\/#respond"]}]},{"@type":"WebPage","@id":"https:\/\/www.cde.ual.es\/la-comision-europea-da-luz-verde-sin-condiciones-a-la-adquisicion-de-intelsat-por-ses\/","url":"https:\/\/www.cde.ual.es\/la-comision-europea-da-luz-verde-sin-condiciones-a-la-adquisicion-de-intelsat-por-ses\/","name":"European Commission gives green light to SES\u2019s acquisition of Intelsat without conditions | CDE Almer\u00eda - Centro de Documentaci\u00f3n Europea - Universidad de Almer\u00eda","isPartOf":{"@id":"https:\/\/www.cde.ual.es\/#website"},"primaryImageOfPage":{"@id":"https:\/\/www.cde.ual.es\/la-comision-europea-da-luz-verde-sin-condiciones-a-la-adquisicion-de-intelsat-por-ses\/#primaryimage"},"image":{"@id":"https:\/\/www.cde.ual.es\/la-comision-europea-da-luz-verde-sin-condiciones-a-la-adquisicion-de-intelsat-por-ses\/#primaryimage"},"thumbnailUrl":"https:\/\/www.cde.ual.es\/wp-content\/uploads\/2020\/02\/asia-550184_1920.jpg","datePublished":"2025-06-12T01:00:54+00:00","breadcrumb":{"@id":"https:\/\/www.cde.ual.es\/la-comision-europea-da-luz-verde-sin-condiciones-a-la-adquisicion-de-intelsat-por-ses\/#breadcrumb"},"inLanguage":"en-US","potentialAction":[{"@type":"ReadAction","target":["https:\/\/www.cde.ual.es\/la-comision-europea-da-luz-verde-sin-condiciones-a-la-adquisicion-de-intelsat-por-ses\/"]}]},{"@type":"ImageObject","inLanguage":"en-US","@id":"https:\/\/www.cde.ual.es\/la-comision-europea-da-luz-verde-sin-condiciones-a-la-adquisicion-de-intelsat-por-ses\/#primaryimage","url":"https:\/\/www.cde.ual.es\/wp-content\/uploads\/2020\/02\/asia-550184_1920.jpg","contentUrl":"https:\/\/www.cde.ual.es\/wp-content\/uploads\/2020\/02\/asia-550184_1920.jpg","width":1920,"height":1920,"caption":"vista de la tierra desde el espacio"},{"@type":"BreadcrumbList","@id":"https:\/\/www.cde.ual.es\/la-comision-europea-da-luz-verde-sin-condiciones-a-la-adquisicion-de-intelsat-por-ses\/#breadcrumb","itemListElement":[{"@type":"ListItem","position":1,"name":"Inicio","item":"https:\/\/www.cde.ual.es\/en\/"},{"@type":"ListItem","position":2,"name":"Noticias UE","item":"https:\/\/www.cde.ual.es\/category\/noticias-ue\/"},{"@type":"ListItem","position":3,"name":"Investigaci\u00f3n e Innovaci\u00f3n","item":"https:\/\/www.cde.ual.es\/category\/noticias-ue\/investigacion-innovacion\/"},{"@type":"ListItem","position":4,"name":"Technology","item":"https:\/\/www.cde.ual.es\/en\/category\/eu-news\/research-innovation\/technology\/"},{"@type":"ListItem","position":5,"name":"European Commission gives green light to SES\u2019s acquisition of Intelsat without conditions"}]},{"@type":"WebSite","@id":"https:\/\/www.cde.ual.es\/#website","url":"https:\/\/www.cde.ual.es\/","name":"CDE Almer\u00eda - Centro de Documentaci\u00f3n Europea - Universidad de Almer\u00eda","description":"Centro de Documentaci\u00f3n Europea de la Universidad de Almer\u00eda","publisher":{"@id":"https:\/\/www.cde.ual.es\/#organization"},"alternateName":"CDE Almer\u00eda","potentialAction":[{"@type":"SearchAction","target":{"@type":"EntryPoint","urlTemplate":"https:\/\/www.cde.ual.es\/?s={search_term_string}"},"query-input":{"@type":"PropertyValueSpecification","valueRequired":true,"valueName":"search_term_string"}}],"inLanguage":"en-US"},{"@type":"Organization","@id":"https:\/\/www.cde.ual.es\/#organization","name":"Centro de Documentaci\u00f3n Europea de Almer\u00eda","url":"https:\/\/www.cde.ual.es\/","logo":{"@type":"ImageObject","inLanguage":"en-US","@id":"https:\/\/www.cde.ual.es\/#\/schema\/logo\/image\/","url":"https:\/\/www.cde.ual.es\/wp-content\/uploads\/2025\/07\/cde-logo-3.png","contentUrl":"https:\/\/www.cde.ual.es\/wp-content\/uploads\/2025\/07\/cde-logo-3.png","width":1400,"height":300,"caption":"Centro de Documentaci\u00f3n Europea de Almer\u00eda"},"image":{"@id":"https:\/\/www.cde.ual.es\/#\/schema\/logo\/image\/"},"sameAs":["https:\/\/www.facebook.com\/cdeuniversidadalmeria\/","https:\/\/x.com\/cdeualmeria","https:\/\/www.tiktok.com\/@cdealmeria","https:\/\/www.instagram.com\/cdealmeria\/","https:\/\/www.linkedin.com\/in\/cde-almera-812b26a9\/"]},{"@type":"Person","@id":"https:\/\/www.cde.ual.es\/#\/schema\/person\/224ef08c8bcc005f319d2713ce37ee5f","name":"AdminCDE","image":{"@type":"ImageObject","inLanguage":"en-US","@id":"https:\/\/secure.gravatar.com\/avatar\/a72d038d371f995cd13706fac32274b7952a52e8fb0a84b5f80c85426f2a98a8?s=96&d=mm&r=g","url":"https:\/\/secure.gravatar.com\/avatar\/a72d038d371f995cd13706fac32274b7952a52e8fb0a84b5f80c85426f2a98a8?s=96&d=mm&r=g","contentUrl":"https:\/\/secure.gravatar.com\/avatar\/a72d038d371f995cd13706fac32274b7952a52e8fb0a84b5f80c85426f2a98a8?s=96&d=mm&r=g","caption":"AdminCDE"}}]}},"_links":{"self":[{"href":"https:\/\/www.cde.ual.es\/en\/wp-json\/wp\/v2\/posts\/160484","targetHints":{"allow":["GET"]}}],"collection":[{"href":"https:\/\/www.cde.ual.es\/en\/wp-json\/wp\/v2\/posts"}],"about":[{"href":"https:\/\/www.cde.ual.es\/en\/wp-json\/wp\/v2\/types\/post"}],"author":[{"embeddable":true,"href":"https:\/\/www.cde.ual.es\/en\/wp-json\/wp\/v2\/users\/1"}],"replies":[{"embeddable":true,"href":"https:\/\/www.cde.ual.es\/en\/wp-json\/wp\/v2\/comments?post=160484"}],"version-history":[{"count":1,"href":"https:\/\/www.cde.ual.es\/en\/wp-json\/wp\/v2\/posts\/160484\/revisions"}],"predecessor-version":[{"id":160485,"href":"https:\/\/www.cde.ual.es\/en\/wp-json\/wp\/v2\/posts\/160484\/revisions\/160485"}],"wp:featuredmedia":[{"embeddable":true,"href":"https:\/\/www.cde.ual.es\/en\/wp-json\/wp\/v2\/media\/35543"}],"wp:attachment":[{"href":"https:\/\/www.cde.ual.es\/en\/wp-json\/wp\/v2\/media?parent=160484"}],"wp:term":[{"taxonomy":"category","embeddable":true,"href":"https:\/\/www.cde.ual.es\/en\/wp-json\/wp\/v2\/categories?post=160484"},{"taxonomy":"post_tag","embeddable":true,"href":"https:\/\/www.cde.ual.es\/en\/wp-json\/wp\/v2\/tags?post=160484"}],"curies":[{"name":"wp","href":"https:\/\/api.w.org\/{rel}","templated":true}]}}