{"id":159959,"date":"2025-05-22T10:20:33","date_gmt":"2025-05-22T08:20:33","guid":{"rendered":"https:\/\/www.cde.ual.es\/?p=159959"},"modified":"2025-05-22T10:19:23","modified_gmt":"2025-05-22T08:19:23","slug":"this-was-our-first-edition-of-the-crazy-europe-contest","status":"publish","type":"post","link":"https:\/\/www.cde.ual.es\/en\/this-was-our-first-edition-of-the-crazy-europe-contest\/","title":{"rendered":"This was our first edition of the \u201cCrazy Europe\u201d contest."},"content":{"rendered":"<p style=\"text-align: justify;\" data-start=\"152\" data-end=\"522\"><a href=\"https:\/\/www.cde.ual.es\/wp-content\/uploads\/2025\/05\/CONCURSO-LA-LOCA-EUROPA-1.png\"><img decoding=\"async\" class=\"aligncenter wp-image-159851\" src=\"https:\/\/www.cde.ual.es\/wp-content\/uploads\/2025\/05\/CONCURSO-LA-LOCA-EUROPA-1.png\" alt=\"\" width=\"632\" height=\"790\" srcset=\"https:\/\/www.cde.ual.es\/wp-content\/uploads\/2025\/05\/CONCURSO-LA-LOCA-EUROPA-1.png 1080w, https:\/\/www.cde.ual.es\/wp-content\/uploads\/2025\/05\/CONCURSO-LA-LOCA-EUROPA-1-240x300.png 240w, https:\/\/www.cde.ual.es\/wp-content\/uploads\/2025\/05\/CONCURSO-LA-LOCA-EUROPA-1-819x1024.png 819w, https:\/\/www.cde.ual.es\/wp-content\/uploads\/2025\/05\/CONCURSO-LA-LOCA-EUROPA-1-768x960.png 768w\" sizes=\"(max-width: 632px) 100vw, 632px\" \/><\/a><\/p>\n<p style=\"text-align: justify;\" data-start=\"152\" data-end=\"522\"><span class=\"_fadeIn_m1hgl_8\">On <\/span><span class=\"_fadeIn_m1hgl_8\">15 <\/span><span class=\"_fadeIn_m1hgl_8\">May <\/span><span class=\"_fadeIn_m1hgl_8\">, we <\/span><span class=\"_fadeIn_m1hgl_8\">held <\/span><span class=\"_fadeIn_m1hgl_8\">our <\/span><strong data-end=\"246\" data-start=\"226\"><span class=\"_fadeIn_m1hgl_8\">&#8220;<\/span><span class=\"_fadeIn_m1hgl_8\">La <\/span><span class=\"_fadeIn_m1hgl_8\">Loca <\/span><span class=\"_fadeIn_m1hgl_8\">Europa&#8221; <\/span><\/strong><span class=\"_fadeIn_m1hgl_8\">quiz <\/span><span class=\"_fadeIn_m1hgl_8\">with <\/span><span class=\"_fadeIn_m1hgl_8\">great <\/span><span class=\"_fadeIn_m1hgl_8\">enthusiasm<\/span><span class=\"_fadeIn_m1hgl_8\">, <\/span><span class=\"_fadeIn_m1hgl_8\">a <\/span><span class=\"_fadeIn_m1hgl_8\">dynamic <\/span><span class=\"_fadeIn_m1hgl_8\">designed <\/span><span class=\"_fadeIn_m1hgl_8\">to <\/span><span class=\"_fadeIn_m1hgl_8\">celebrate <\/span><span class=\"_fadeIn_m1hgl_8\">knowledge, <\/span><span class=\"_fadeIn_m1hgl_8\">participation <\/span><span class=\"_fadeIn_m1hgl_8\">and <\/span><span class=\"_fadeIn_m1hgl_8\">the <\/span><span class=\"_fadeIn_m1hgl_8\">spirit <\/span><span class=\"_fadeIn_m1hgl_8\">of <\/span><span class=\"_fadeIn_m1hgl_8\">university community. <\/span><span class=\"_fadeIn_m1hgl_8\">During <\/span><span class=\"_fadeIn_m1hgl_8\">the <\/span><span class=\"_fadeIn_m1hgl_8\">day, <\/span><span class=\"_fadeIn_m1hgl_8\">participants <\/span><span class=\"_fadeIn_m1hgl_8\">answered <\/span><span class=\"_fadeIn_m1hgl_8\">a <\/span><span class=\"_fadeIn_m1hgl_8\">series <\/span><span class=\"_fadeIn_m1hgl_8\">of <\/span><span class=\"_fadeIn_m1hgl_8\">questions <\/span><span class=\"_fadeIn_m1hgl_8\">related <\/span><span class=\"_fadeIn_m1hgl_8\">to <\/span><span class=\"_fadeIn_m1hgl_8\">Europe, <\/span><span class=\"_fadeIn_m1hgl_8\">accumulating <\/span><span class=\"_fadeIn_m1hgl_8\">points <\/span><span class=\"_fadeIn_m1hgl_8\">as they <\/span><span class=\"_fadeIn_m1hgl_8\">progressed <\/span><span class=\"_fadeIn_m1hgl_8\">through the different <\/span><span class=\"_fadeIn_m1hgl_8\">rounds of <\/span><span class=\"_fadeIn_m1hgl_8\">the <\/span><span class=\"_fadeIn_m1hgl_8\">game.<\/span><\/p>\n<p style=\"text-align: justify;\" data-end=\"709\" data-start=\"524\"><span class=\"_fadeIn_m1hgl_8\">Thanks <\/span><span class=\"_fadeIn_m1hgl_8\">to <\/span><span class=\"_fadeIn_m1hgl_8\">everyone&#8217;s <\/span><span class=\"_fadeIn_m1hgl_8\">commitment <\/span><span class=\"_fadeIn_m1hgl_8\">and <\/span><span class=\"_fadeIn_m1hgl_8\">enthusiasm <\/span><span class=\"_fadeIn_m1hgl_8\">, <\/span><span class=\"_fadeIn_m1hgl_8\">the <\/span><span class=\"_fadeIn_m1hgl_8\">event <\/span><span class=\"_fadeIn_m1hgl_8\">was a <\/span><span class=\"_fadeIn_m1hgl_8\">success. <\/span><span class=\"_fadeIn_m1hgl_8\">The <\/span><span class=\"_fadeIn_m1hgl_8\">top <\/span><span class=\"_fadeIn_m1hgl_8\">scorers <\/span><span class=\"_fadeIn_m1hgl_8\">were <\/span><span class=\"_fadeIn_m1hgl_8\">rewarded <\/span><span class=\"_fadeIn_m1hgl_8\">with <\/span><span class=\"_fadeIn_m1hgl_8\">special <\/span><span class=\"_fadeIn_m1hgl_8\">gifts <\/span><span class=\"_fadeIn_m1hgl_8\">in <\/span><span class=\"_fadeIn_m1hgl_8\">recognition of <\/span><span class=\"_fadeIn_m1hgl_8\">their <\/span><span class=\"_fadeIn_m1hgl_8\">effort <\/span><span class=\"_fadeIn_m1hgl_8\">and <\/span><span class=\"_fadeIn_m1hgl_8\">mental<\/span><span class=\"_fadeIn_m1hgl_8\">agility <\/span><span class=\"_fadeIn_m1hgl_8\">. <\/span><\/p>\n<p style=\"text-align: justify;\" data-end=\"850\" data-start=\"711\"><span class=\"_fadeIn_m1hgl_8\">We <\/span><span class=\"_fadeIn_m1hgl_8\">sincerely <\/span><span class=\"_fadeIn_m1hgl_8\">thank <\/span><span class=\"_fadeIn_m1hgl_8\">everyone who took <\/span><span class=\"_fadeIn_m1hgl_8\">part in <\/span><span class=\"_fadeIn_m1hgl_8\">this <\/span><span class=\"_fadeIn_m1hgl_8\">experience.<\/span><span class=\"_fadeIn_m1hgl_8\">We look forward <\/span><span class=\"_fadeIn_m1hgl_8\">to <\/span><span class=\"_fadeIn_m1hgl_8\">your <\/span><span class=\"_fadeIn_m1hgl_8\">participation <\/span><span class=\"_fadeIn_m1hgl_8\">in <\/span><span class=\"_fadeIn_m1hgl_8\">future <\/span><span class=\"_fadeIn_m1hgl_8\">activities!<\/span><\/p>\n<p style=\"text-align: justify;\" data-start=\"524\" data-end=\"709\">Here are some photos of the event:<\/p>\n<p data-start=\"711\" data-end=\"850\"><a href=\"https:\/\/www.cde.ual.es\/wp-content\/uploads\/2025\/05\/WhatsApp-Image-2025-05-15-at-13.04.22-scaled.jpeg\"><img decoding=\"async\" class=\"aligncenter wp-image-159853\" src=\"https:\/\/www.cde.ual.es\/wp-content\/uploads\/2025\/05\/WhatsApp-Image-2025-05-15-at-13.04.22-scaled.jpeg\" alt=\"\" width=\"602\" height=\"451\" srcset=\"https:\/\/www.cde.ual.es\/wp-content\/uploads\/2025\/05\/WhatsApp-Image-2025-05-15-at-13.04.22-scaled.jpeg 2560w, https:\/\/www.cde.ual.es\/wp-content\/uploads\/2025\/05\/WhatsApp-Image-2025-05-15-at-13.04.22-300x225.jpeg 300w, https:\/\/www.cde.ual.es\/wp-content\/uploads\/2025\/05\/WhatsApp-Image-2025-05-15-at-13.04.22-1024x768.jpeg 1024w, https:\/\/www.cde.ual.es\/wp-content\/uploads\/2025\/05\/WhatsApp-Image-2025-05-15-at-13.04.22-768x576.jpeg 768w, https:\/\/www.cde.ual.es\/wp-content\/uploads\/2025\/05\/WhatsApp-Image-2025-05-15-at-13.04.22-1536x1152.jpeg 1536w, https:\/\/www.cde.ual.es\/wp-content\/uploads\/2025\/05\/WhatsApp-Image-2025-05-15-at-13.04.22-2048x1536.jpeg 2048w\" sizes=\"(max-width: 602px) 100vw, 602px\" \/><\/a> <a href=\"https:\/\/www.cde.ual.es\/wp-content\/uploads\/2025\/05\/WhatsApp-Image-2025-05-15-at-13.05.10-1-scaled.jpeg\"><img decoding=\"async\" class=\"aligncenter wp-image-159855\" src=\"https:\/\/www.cde.ual.es\/wp-content\/uploads\/2025\/05\/WhatsApp-Image-2025-05-15-at-13.05.10-1-scaled.jpeg\" alt=\"\" width=\"603\" height=\"452\" srcset=\"https:\/\/www.cde.ual.es\/wp-content\/uploads\/2025\/05\/WhatsApp-Image-2025-05-15-at-13.05.10-1-scaled.jpeg 2560w, https:\/\/www.cde.ual.es\/wp-content\/uploads\/2025\/05\/WhatsApp-Image-2025-05-15-at-13.05.10-1-300x225.jpeg 300w, https:\/\/www.cde.ual.es\/wp-content\/uploads\/2025\/05\/WhatsApp-Image-2025-05-15-at-13.05.10-1-1024x768.jpeg 1024w, https:\/\/www.cde.ual.es\/wp-content\/uploads\/2025\/05\/WhatsApp-Image-2025-05-15-at-13.05.10-1-768x576.jpeg 768w, https:\/\/www.cde.ual.es\/wp-content\/uploads\/2025\/05\/WhatsApp-Image-2025-05-15-at-13.05.10-1-1536x1152.jpeg 1536w, https:\/\/www.cde.ual.es\/wp-content\/uploads\/2025\/05\/WhatsApp-Image-2025-05-15-at-13.05.10-1-2048x1536.jpeg 2048w\" sizes=\"(max-width: 603px) 100vw, 603px\" \/><\/a><\/p>\n<p data-start=\"711\" data-end=\"850\"><a href=\"https:\/\/www.cde.ual.es\/wp-content\/uploads\/2025\/05\/WhatsApp-Image-2025-05-15-at-13.05.11-1-scaled.jpeg\"><img decoding=\"async\" class=\"aligncenter wp-image-159857\" src=\"https:\/\/www.cde.ual.es\/wp-content\/uploads\/2025\/05\/WhatsApp-Image-2025-05-15-at-13.05.11-1-scaled.jpeg\" alt=\"\" width=\"604\" height=\"805\" srcset=\"https:\/\/www.cde.ual.es\/wp-content\/uploads\/2025\/05\/WhatsApp-Image-2025-05-15-at-13.05.11-1-scaled.jpeg 1920w, https:\/\/www.cde.ual.es\/wp-content\/uploads\/2025\/05\/WhatsApp-Image-2025-05-15-at-13.05.11-1-225x300.jpeg 225w, https:\/\/www.cde.ual.es\/wp-content\/uploads\/2025\/05\/WhatsApp-Image-2025-05-15-at-13.05.11-1-768x1024.jpeg 768w, https:\/\/www.cde.ual.es\/wp-content\/uploads\/2025\/05\/WhatsApp-Image-2025-05-15-at-13.05.11-1-1152x1536.jpeg 1152w, https:\/\/www.cde.ual.es\/wp-content\/uploads\/2025\/05\/WhatsApp-Image-2025-05-15-at-13.05.11-1-1536x2048.jpeg 1536w\" sizes=\"(max-width: 604px) 100vw, 604px\" \/><\/a><\/p>\n<p data-start=\"711\" data-end=\"850\"><a href=\"https:\/\/www.cde.ual.es\/wp-content\/uploads\/2025\/05\/WhatsApp-Image-2025-05-15-at-13.05.11-scaled.jpeg\"><img decoding=\"async\" class=\"aligncenter wp-image-159859\" src=\"https:\/\/www.cde.ual.es\/wp-content\/uploads\/2025\/05\/WhatsApp-Image-2025-05-15-at-13.05.11-scaled.jpeg\" alt=\"\" width=\"609\" height=\"812\" srcset=\"https:\/\/www.cde.ual.es\/wp-content\/uploads\/2025\/05\/WhatsApp-Image-2025-05-15-at-13.05.11-scaled.jpeg 1920w, https:\/\/www.cde.ual.es\/wp-content\/uploads\/2025\/05\/WhatsApp-Image-2025-05-15-at-13.05.11-225x300.jpeg 225w, https:\/\/www.cde.ual.es\/wp-content\/uploads\/2025\/05\/WhatsApp-Image-2025-05-15-at-13.05.11-768x1024.jpeg 768w, https:\/\/www.cde.ual.es\/wp-content\/uploads\/2025\/05\/WhatsApp-Image-2025-05-15-at-13.05.11-1152x1536.jpeg 1152w, https:\/\/www.cde.ual.es\/wp-content\/uploads\/2025\/05\/WhatsApp-Image-2025-05-15-at-13.05.11-1536x2048.jpeg 1536w\" sizes=\"(max-width: 609px) 100vw, 609px\" \/><\/a> <a href=\"https:\/\/www.cde.ual.es\/wp-content\/uploads\/2025\/05\/WhatsApp-Image-2025-05-15-at-13.05.13-6-scaled.jpeg\"><img decoding=\"async\" class=\"aligncenter wp-image-159861\" src=\"https:\/\/www.cde.ual.es\/wp-content\/uploads\/2025\/05\/WhatsApp-Image-2025-05-15-at-13.05.13-6-scaled.jpeg\" alt=\"\" width=\"603\" height=\"804\" srcset=\"https:\/\/www.cde.ual.es\/wp-content\/uploads\/2025\/05\/WhatsApp-Image-2025-05-15-at-13.05.13-6-scaled.jpeg 1920w, https:\/\/www.cde.ual.es\/wp-content\/uploads\/2025\/05\/WhatsApp-Image-2025-05-15-at-13.05.13-6-225x300.jpeg 225w, https:\/\/www.cde.ual.es\/wp-content\/uploads\/2025\/05\/WhatsApp-Image-2025-05-15-at-13.05.13-6-768x1024.jpeg 768w, https:\/\/www.cde.ual.es\/wp-content\/uploads\/2025\/05\/WhatsApp-Image-2025-05-15-at-13.05.13-6-1152x1536.jpeg 1152w, https:\/\/www.cde.ual.es\/wp-content\/uploads\/2025\/05\/WhatsApp-Image-2025-05-15-at-13.05.13-6-1536x2048.jpeg 1536w\" sizes=\"(max-width: 603px) 100vw, 603px\" \/><\/a><\/p>\n<p data-start=\"711\" data-end=\"850\">\n","protected":false},"excerpt":{"rendered":"<p>On 15 May , we held our &#8220;La Loca Europa&#8221; quiz with great enthusiasm, a dynamic designed to celebrate knowledge, participation and the spirit of university community. During the day, participants answered a series of questions related to Europe, accumulating points as they progressed through the different rounds of the game. Thanks to everyone&#8217;s commitment [&hellip;]<\/p>\n","protected":false},"author":101012,"featured_media":159851,"comment_status":"open","ping_status":"open","sticky":false,"template":"","format":"standard","meta":{"_acf_changed":false,"_relevanssi_hide_post":"","_relevanssi_hide_content":"","_relevanssi_pin_for_all":"","_relevanssi_pin_keywords":"","_relevanssi_unpin_keywords":"","_relevanssi_related_keywords":"","_relevanssi_related_include_ids":"","_relevanssi_related_exclude_ids":"","_relevanssi_related_no_append":"","_relevanssi_related_not_related":"","_relevanssi_related_posts":"","_relevanssi_noindex_reason":"","_monsterinsights_skip_tracking":false,"_monsterinsights_sitenote_active":false,"_monsterinsights_sitenote_note":"","_monsterinsights_sitenote_category":0,"_genesis_hide_title":false,"_genesis_hide_breadcrumbs":false,"_genesis_hide_singular_image":false,"_genesis_hide_footer_widgets":false,"_genesis_custom_body_class":"","_genesis_custom_post_class":"","_genesis_layout":"","footnotes":""},"categories":[365],"tags":[351],"class_list":{"0":"post-159959","1":"post","2":"type-post","3":"status-publish","4":"format-standard","5":"has-post-thumbnail","7":"category-activities","8":"tag-union-europea-en","9":"entry"},"acf":[],"yoast_head":"<!-- This site is optimized with the Yoast SEO plugin v27.4 - https:\/\/yoast.com\/product\/yoast-seo-wordpress\/ -->\n<title>This was our first edition of the \u201cCrazy Europe\u201d contest. | CDE Almer\u00eda - Centro de Documentaci\u00f3n Europea - Universidad de Almer\u00eda<\/title>\n<meta name=\"robots\" content=\"index, follow, max-snippet:-1, max-image-preview:large, max-video-preview:-1\" \/>\n<link rel=\"canonical\" href=\"https:\/\/www.cde.ual.es\/asi-fue-nuestra-primera-edicion-del-concurso-la-loca-europa\/\" \/>\n<meta property=\"og:locale\" content=\"en_US\" \/>\n<meta property=\"og:type\" content=\"article\" \/>\n<meta property=\"og:title\" content=\"This was our first edition of the \u201cCrazy Europe\u201d contest. | CDE Almer\u00eda - Centro de Documentaci\u00f3n Europea - Universidad de Almer\u00eda\" \/>\n<meta property=\"og:description\" content=\"On 15 May , we held our &#8220;La Loca Europa&#8221; quiz with great enthusiasm, a dynamic designed to celebrate knowledge, participation and the spirit of university community. During the day, participants answered a series of questions related to Europe, accumulating points as they progressed through the different rounds of the game. Thanks to everyone&#8217;s commitment [&hellip;]\" \/>\n<meta property=\"og:url\" content=\"https:\/\/www.cde.ual.es\/asi-fue-nuestra-primera-edicion-del-concurso-la-loca-europa\/\" \/>\n<meta property=\"og:site_name\" content=\"CDE Almer\u00eda - Centro de Documentaci\u00f3n Europea - Universidad de Almer\u00eda\" \/>\n<meta property=\"article:publisher\" content=\"https:\/\/www.facebook.com\/cdeuniversidadalmeria\/\" \/>\n<meta property=\"article:published_time\" content=\"2025-05-22T08:20:33+00:00\" \/>\n<meta property=\"og:image\" content=\"https:\/\/www.cde.ual.es\/wp-content\/uploads\/2025\/05\/CONCURSO-LA-LOCA-EUROPA-1.png\" \/>\n\t<meta property=\"og:image:width\" content=\"1080\" \/>\n\t<meta property=\"og:image:height\" content=\"1350\" \/>\n\t<meta property=\"og:image:type\" content=\"image\/png\" \/>\n<meta name=\"author\" content=\"BECACDE1\" \/>\n<meta name=\"twitter:card\" content=\"summary_large_image\" \/>\n<meta name=\"twitter:creator\" content=\"@cdeualmeria\" \/>\n<meta name=\"twitter:site\" content=\"@cdeualmeria\" \/>\n<meta name=\"twitter:label1\" content=\"Written by\" \/>\n\t<meta name=\"twitter:data1\" content=\"BECACDE1\" \/>\n\t<meta name=\"twitter:label2\" content=\"Est. reading time\" \/>\n\t<meta name=\"twitter:data2\" content=\"2 minutes\" \/>\n<script type=\"application\/ld+json\" class=\"yoast-schema-graph\">{\"@context\":\"https:\\\/\\\/schema.org\",\"@graph\":[{\"@type\":\"Article\",\"@id\":\"https:\\\/\\\/www.cde.ual.es\\\/asi-fue-nuestra-primera-edicion-del-concurso-la-loca-europa\\\/#article\",\"isPartOf\":{\"@id\":\"https:\\\/\\\/www.cde.ual.es\\\/asi-fue-nuestra-primera-edicion-del-concurso-la-loca-europa\\\/\"},\"author\":{\"name\":\"BECACDE1\",\"@id\":\"https:\\\/\\\/www.cde.ual.es\\\/#\\\/schema\\\/person\\\/bf2f837cf3353e2161fe1087adbd728f\"},\"headline\":\"This was our first edition of the \u201cCrazy Europe\u201d contest.\",\"datePublished\":\"2025-05-22T08:20:33+00:00\",\"mainEntityOfPage\":{\"@id\":\"https:\\\/\\\/www.cde.ual.es\\\/asi-fue-nuestra-primera-edicion-del-concurso-la-loca-europa\\\/\"},\"wordCount\":113,\"commentCount\":0,\"publisher\":{\"@id\":\"https:\\\/\\\/www.cde.ual.es\\\/#organization\"},\"image\":{\"@id\":\"https:\\\/\\\/www.cde.ual.es\\\/asi-fue-nuestra-primera-edicion-del-concurso-la-loca-europa\\\/#primaryimage\"},\"thumbnailUrl\":\"https:\\\/\\\/www.cde.ual.es\\\/wp-content\\\/uploads\\\/2025\\\/05\\\/CONCURSO-LA-LOCA-EUROPA-1.png\",\"keywords\":[\"Uni\u00f3n Europea\"],\"articleSection\":[\"Activities\"],\"inLanguage\":\"en-US\",\"potentialAction\":[{\"@type\":\"CommentAction\",\"name\":\"Comment\",\"target\":[\"https:\\\/\\\/www.cde.ual.es\\\/asi-fue-nuestra-primera-edicion-del-concurso-la-loca-europa\\\/#respond\"]}]},{\"@type\":\"WebPage\",\"@id\":\"https:\\\/\\\/www.cde.ual.es\\\/asi-fue-nuestra-primera-edicion-del-concurso-la-loca-europa\\\/\",\"url\":\"https:\\\/\\\/www.cde.ual.es\\\/asi-fue-nuestra-primera-edicion-del-concurso-la-loca-europa\\\/\",\"name\":\"This was our first edition of the \u201cCrazy Europe\u201d contest. | CDE Almer\u00eda - Centro de Documentaci\u00f3n Europea - Universidad de Almer\u00eda\",\"isPartOf\":{\"@id\":\"https:\\\/\\\/www.cde.ual.es\\\/#website\"},\"primaryImageOfPage\":{\"@id\":\"https:\\\/\\\/www.cde.ual.es\\\/asi-fue-nuestra-primera-edicion-del-concurso-la-loca-europa\\\/#primaryimage\"},\"image\":{\"@id\":\"https:\\\/\\\/www.cde.ual.es\\\/asi-fue-nuestra-primera-edicion-del-concurso-la-loca-europa\\\/#primaryimage\"},\"thumbnailUrl\":\"https:\\\/\\\/www.cde.ual.es\\\/wp-content\\\/uploads\\\/2025\\\/05\\\/CONCURSO-LA-LOCA-EUROPA-1.png\",\"datePublished\":\"2025-05-22T08:20:33+00:00\",\"breadcrumb\":{\"@id\":\"https:\\\/\\\/www.cde.ual.es\\\/asi-fue-nuestra-primera-edicion-del-concurso-la-loca-europa\\\/#breadcrumb\"},\"inLanguage\":\"en-US\",\"potentialAction\":[{\"@type\":\"ReadAction\",\"target\":[\"https:\\\/\\\/www.cde.ual.es\\\/asi-fue-nuestra-primera-edicion-del-concurso-la-loca-europa\\\/\"]}]},{\"@type\":\"ImageObject\",\"inLanguage\":\"en-US\",\"@id\":\"https:\\\/\\\/www.cde.ual.es\\\/asi-fue-nuestra-primera-edicion-del-concurso-la-loca-europa\\\/#primaryimage\",\"url\":\"https:\\\/\\\/www.cde.ual.es\\\/wp-content\\\/uploads\\\/2025\\\/05\\\/CONCURSO-LA-LOCA-EUROPA-1.png\",\"contentUrl\":\"https:\\\/\\\/www.cde.ual.es\\\/wp-content\\\/uploads\\\/2025\\\/05\\\/CONCURSO-LA-LOCA-EUROPA-1.png\",\"width\":1080,\"height\":1350},{\"@type\":\"BreadcrumbList\",\"@id\":\"https:\\\/\\\/www.cde.ual.es\\\/asi-fue-nuestra-primera-edicion-del-concurso-la-loca-europa\\\/#breadcrumb\",\"itemListElement\":[{\"@type\":\"ListItem\",\"position\":1,\"name\":\"Inicio\",\"item\":\"https:\\\/\\\/www.cde.ual.es\\\/en\\\/\"},{\"@type\":\"ListItem\",\"position\":2,\"name\":\"Actividades\",\"item\":\"https:\\\/\\\/www.cde.ual.es\\\/category\\\/actividades\\\/\"},{\"@type\":\"ListItem\",\"position\":3,\"name\":\"Concursos\",\"item\":\"https:\\\/\\\/www.cde.ual.es\\\/category\\\/actividades\\\/concursos\\\/\"},{\"@type\":\"ListItem\",\"position\":4,\"name\":\"This was our first edition of the \u201cCrazy Europe\u201d contest.\"}]},{\"@type\":\"WebSite\",\"@id\":\"https:\\\/\\\/www.cde.ual.es\\\/#website\",\"url\":\"https:\\\/\\\/www.cde.ual.es\\\/\",\"name\":\"CDE Almer\u00eda - Centro de Documentaci\u00f3n Europea - Universidad de Almer\u00eda\",\"description\":\"Centro de Documentaci\u00f3n Europea de la Universidad de Almer\u00eda\",\"publisher\":{\"@id\":\"https:\\\/\\\/www.cde.ual.es\\\/#organization\"},\"alternateName\":\"CDE Almer\u00eda\",\"potentialAction\":[{\"@type\":\"SearchAction\",\"target\":{\"@type\":\"EntryPoint\",\"urlTemplate\":\"https:\\\/\\\/www.cde.ual.es\\\/?s={search_term_string}\"},\"query-input\":{\"@type\":\"PropertyValueSpecification\",\"valueRequired\":true,\"valueName\":\"search_term_string\"}}],\"inLanguage\":\"en-US\"},{\"@type\":\"Organization\",\"@id\":\"https:\\\/\\\/www.cde.ual.es\\\/#organization\",\"name\":\"Centro de Documentaci\u00f3n Europea de Almer\u00eda\",\"url\":\"https:\\\/\\\/www.cde.ual.es\\\/\",\"logo\":{\"@type\":\"ImageObject\",\"inLanguage\":\"en-US\",\"@id\":\"https:\\\/\\\/www.cde.ual.es\\\/#\\\/schema\\\/logo\\\/image\\\/\",\"url\":\"https:\\\/\\\/www.cde.ual.es\\\/wp-content\\\/uploads\\\/2025\\\/07\\\/cde-logo-3.png\",\"contentUrl\":\"https:\\\/\\\/www.cde.ual.es\\\/wp-content\\\/uploads\\\/2025\\\/07\\\/cde-logo-3.png\",\"width\":1400,\"height\":300,\"caption\":\"Centro de Documentaci\u00f3n Europea de Almer\u00eda\"},\"image\":{\"@id\":\"https:\\\/\\\/www.cde.ual.es\\\/#\\\/schema\\\/logo\\\/image\\\/\"},\"sameAs\":[\"https:\\\/\\\/www.facebook.com\\\/cdeuniversidadalmeria\\\/\",\"https:\\\/\\\/x.com\\\/cdeualmeria\",\"https:\\\/\\\/www.tiktok.com\\\/@cdealmeria\",\"https:\\\/\\\/www.instagram.com\\\/cdealmeria\\\/\",\"https:\\\/\\\/www.linkedin.com\\\/in\\\/cde-almera-812b26a9\\\/\"]},{\"@type\":\"Person\",\"@id\":\"https:\\\/\\\/www.cde.ual.es\\\/#\\\/schema\\\/person\\\/bf2f837cf3353e2161fe1087adbd728f\",\"name\":\"BECACDE1\",\"image\":{\"@type\":\"ImageObject\",\"inLanguage\":\"en-US\",\"@id\":\"https:\\\/\\\/secure.gravatar.com\\\/avatar\\\/16a4c1e422b5dec818ee13eab3353b19db9cfd278cc10f9b0e1188a37671d9d4?s=96&d=mm&r=g\",\"url\":\"https:\\\/\\\/secure.gravatar.com\\\/avatar\\\/16a4c1e422b5dec818ee13eab3353b19db9cfd278cc10f9b0e1188a37671d9d4?s=96&d=mm&r=g\",\"contentUrl\":\"https:\\\/\\\/secure.gravatar.com\\\/avatar\\\/16a4c1e422b5dec818ee13eab3353b19db9cfd278cc10f9b0e1188a37671d9d4?s=96&d=mm&r=g\",\"caption\":\"BECACDE1\"},\"sameAs\":[\"http:\\\/\\\/www.cdealmeria.com\"]}]}<\/script>\n<!-- \/ Yoast SEO plugin. -->","yoast_head_json":{"title":"This was our first edition of the \u201cCrazy Europe\u201d contest. | CDE Almer\u00eda - Centro de Documentaci\u00f3n Europea - Universidad de Almer\u00eda","robots":{"index":"index","follow":"follow","max-snippet":"max-snippet:-1","max-image-preview":"max-image-preview:large","max-video-preview":"max-video-preview:-1"},"canonical":"https:\/\/www.cde.ual.es\/asi-fue-nuestra-primera-edicion-del-concurso-la-loca-europa\/","og_locale":"en_US","og_type":"article","og_title":"This was our first edition of the \u201cCrazy Europe\u201d contest. | CDE Almer\u00eda - Centro de Documentaci\u00f3n Europea - Universidad de Almer\u00eda","og_description":"On 15 May , we held our &#8220;La Loca Europa&#8221; quiz with great enthusiasm, a dynamic designed to celebrate knowledge, participation and the spirit of university community. During the day, participants answered a series of questions related to Europe, accumulating points as they progressed through the different rounds of the game. Thanks to everyone&#8217;s commitment [&hellip;]","og_url":"https:\/\/www.cde.ual.es\/asi-fue-nuestra-primera-edicion-del-concurso-la-loca-europa\/","og_site_name":"CDE Almer\u00eda - Centro de Documentaci\u00f3n Europea - Universidad de Almer\u00eda","article_publisher":"https:\/\/www.facebook.com\/cdeuniversidadalmeria\/","article_published_time":"2025-05-22T08:20:33+00:00","og_image":[{"width":1080,"height":1350,"url":"https:\/\/www.cde.ual.es\/wp-content\/uploads\/2025\/05\/CONCURSO-LA-LOCA-EUROPA-1.png","type":"image\/png"}],"author":"BECACDE1","twitter_card":"summary_large_image","twitter_creator":"@cdeualmeria","twitter_site":"@cdeualmeria","twitter_misc":{"Written by":"BECACDE1","Est. reading time":"2 minutes"},"schema":{"@context":"https:\/\/schema.org","@graph":[{"@type":"Article","@id":"https:\/\/www.cde.ual.es\/asi-fue-nuestra-primera-edicion-del-concurso-la-loca-europa\/#article","isPartOf":{"@id":"https:\/\/www.cde.ual.es\/asi-fue-nuestra-primera-edicion-del-concurso-la-loca-europa\/"},"author":{"name":"BECACDE1","@id":"https:\/\/www.cde.ual.es\/#\/schema\/person\/bf2f837cf3353e2161fe1087adbd728f"},"headline":"This was our first edition of the \u201cCrazy Europe\u201d contest.","datePublished":"2025-05-22T08:20:33+00:00","mainEntityOfPage":{"@id":"https:\/\/www.cde.ual.es\/asi-fue-nuestra-primera-edicion-del-concurso-la-loca-europa\/"},"wordCount":113,"commentCount":0,"publisher":{"@id":"https:\/\/www.cde.ual.es\/#organization"},"image":{"@id":"https:\/\/www.cde.ual.es\/asi-fue-nuestra-primera-edicion-del-concurso-la-loca-europa\/#primaryimage"},"thumbnailUrl":"https:\/\/www.cde.ual.es\/wp-content\/uploads\/2025\/05\/CONCURSO-LA-LOCA-EUROPA-1.png","keywords":["Uni\u00f3n Europea"],"articleSection":["Activities"],"inLanguage":"en-US","potentialAction":[{"@type":"CommentAction","name":"Comment","target":["https:\/\/www.cde.ual.es\/asi-fue-nuestra-primera-edicion-del-concurso-la-loca-europa\/#respond"]}]},{"@type":"WebPage","@id":"https:\/\/www.cde.ual.es\/asi-fue-nuestra-primera-edicion-del-concurso-la-loca-europa\/","url":"https:\/\/www.cde.ual.es\/asi-fue-nuestra-primera-edicion-del-concurso-la-loca-europa\/","name":"This was our first edition of the \u201cCrazy Europe\u201d contest. | CDE Almer\u00eda - Centro de Documentaci\u00f3n Europea - Universidad de Almer\u00eda","isPartOf":{"@id":"https:\/\/www.cde.ual.es\/#website"},"primaryImageOfPage":{"@id":"https:\/\/www.cde.ual.es\/asi-fue-nuestra-primera-edicion-del-concurso-la-loca-europa\/#primaryimage"},"image":{"@id":"https:\/\/www.cde.ual.es\/asi-fue-nuestra-primera-edicion-del-concurso-la-loca-europa\/#primaryimage"},"thumbnailUrl":"https:\/\/www.cde.ual.es\/wp-content\/uploads\/2025\/05\/CONCURSO-LA-LOCA-EUROPA-1.png","datePublished":"2025-05-22T08:20:33+00:00","breadcrumb":{"@id":"https:\/\/www.cde.ual.es\/asi-fue-nuestra-primera-edicion-del-concurso-la-loca-europa\/#breadcrumb"},"inLanguage":"en-US","potentialAction":[{"@type":"ReadAction","target":["https:\/\/www.cde.ual.es\/asi-fue-nuestra-primera-edicion-del-concurso-la-loca-europa\/"]}]},{"@type":"ImageObject","inLanguage":"en-US","@id":"https:\/\/www.cde.ual.es\/asi-fue-nuestra-primera-edicion-del-concurso-la-loca-europa\/#primaryimage","url":"https:\/\/www.cde.ual.es\/wp-content\/uploads\/2025\/05\/CONCURSO-LA-LOCA-EUROPA-1.png","contentUrl":"https:\/\/www.cde.ual.es\/wp-content\/uploads\/2025\/05\/CONCURSO-LA-LOCA-EUROPA-1.png","width":1080,"height":1350},{"@type":"BreadcrumbList","@id":"https:\/\/www.cde.ual.es\/asi-fue-nuestra-primera-edicion-del-concurso-la-loca-europa\/#breadcrumb","itemListElement":[{"@type":"ListItem","position":1,"name":"Inicio","item":"https:\/\/www.cde.ual.es\/en\/"},{"@type":"ListItem","position":2,"name":"Actividades","item":"https:\/\/www.cde.ual.es\/category\/actividades\/"},{"@type":"ListItem","position":3,"name":"Concursos","item":"https:\/\/www.cde.ual.es\/category\/actividades\/concursos\/"},{"@type":"ListItem","position":4,"name":"This was our first edition of the \u201cCrazy Europe\u201d contest."}]},{"@type":"WebSite","@id":"https:\/\/www.cde.ual.es\/#website","url":"https:\/\/www.cde.ual.es\/","name":"CDE Almer\u00eda - Centro de Documentaci\u00f3n Europea - Universidad de Almer\u00eda","description":"Centro de Documentaci\u00f3n Europea de la Universidad de Almer\u00eda","publisher":{"@id":"https:\/\/www.cde.ual.es\/#organization"},"alternateName":"CDE Almer\u00eda","potentialAction":[{"@type":"SearchAction","target":{"@type":"EntryPoint","urlTemplate":"https:\/\/www.cde.ual.es\/?s={search_term_string}"},"query-input":{"@type":"PropertyValueSpecification","valueRequired":true,"valueName":"search_term_string"}}],"inLanguage":"en-US"},{"@type":"Organization","@id":"https:\/\/www.cde.ual.es\/#organization","name":"Centro de Documentaci\u00f3n Europea de Almer\u00eda","url":"https:\/\/www.cde.ual.es\/","logo":{"@type":"ImageObject","inLanguage":"en-US","@id":"https:\/\/www.cde.ual.es\/#\/schema\/logo\/image\/","url":"https:\/\/www.cde.ual.es\/wp-content\/uploads\/2025\/07\/cde-logo-3.png","contentUrl":"https:\/\/www.cde.ual.es\/wp-content\/uploads\/2025\/07\/cde-logo-3.png","width":1400,"height":300,"caption":"Centro de Documentaci\u00f3n Europea de Almer\u00eda"},"image":{"@id":"https:\/\/www.cde.ual.es\/#\/schema\/logo\/image\/"},"sameAs":["https:\/\/www.facebook.com\/cdeuniversidadalmeria\/","https:\/\/x.com\/cdeualmeria","https:\/\/www.tiktok.com\/@cdealmeria","https:\/\/www.instagram.com\/cdealmeria\/","https:\/\/www.linkedin.com\/in\/cde-almera-812b26a9\/"]},{"@type":"Person","@id":"https:\/\/www.cde.ual.es\/#\/schema\/person\/bf2f837cf3353e2161fe1087adbd728f","name":"BECACDE1","image":{"@type":"ImageObject","inLanguage":"en-US","@id":"https:\/\/secure.gravatar.com\/avatar\/16a4c1e422b5dec818ee13eab3353b19db9cfd278cc10f9b0e1188a37671d9d4?s=96&d=mm&r=g","url":"https:\/\/secure.gravatar.com\/avatar\/16a4c1e422b5dec818ee13eab3353b19db9cfd278cc10f9b0e1188a37671d9d4?s=96&d=mm&r=g","contentUrl":"https:\/\/secure.gravatar.com\/avatar\/16a4c1e422b5dec818ee13eab3353b19db9cfd278cc10f9b0e1188a37671d9d4?s=96&d=mm&r=g","caption":"BECACDE1"},"sameAs":["http:\/\/www.cdealmeria.com"]}]}},"_links":{"self":[{"href":"https:\/\/www.cde.ual.es\/en\/wp-json\/wp\/v2\/posts\/159959","targetHints":{"allow":["GET"]}}],"collection":[{"href":"https:\/\/www.cde.ual.es\/en\/wp-json\/wp\/v2\/posts"}],"about":[{"href":"https:\/\/www.cde.ual.es\/en\/wp-json\/wp\/v2\/types\/post"}],"author":[{"embeddable":true,"href":"https:\/\/www.cde.ual.es\/en\/wp-json\/wp\/v2\/users\/101012"}],"replies":[{"embeddable":true,"href":"https:\/\/www.cde.ual.es\/en\/wp-json\/wp\/v2\/comments?post=159959"}],"version-history":[{"count":1,"href":"https:\/\/www.cde.ual.es\/en\/wp-json\/wp\/v2\/posts\/159959\/revisions"}],"predecessor-version":[{"id":159960,"href":"https:\/\/www.cde.ual.es\/en\/wp-json\/wp\/v2\/posts\/159959\/revisions\/159960"}],"wp:featuredmedia":[{"embeddable":true,"href":"https:\/\/www.cde.ual.es\/en\/wp-json\/wp\/v2\/media\/159851"}],"wp:attachment":[{"href":"https:\/\/www.cde.ual.es\/en\/wp-json\/wp\/v2\/media?parent=159959"}],"wp:term":[{"taxonomy":"category","embeddable":true,"href":"https:\/\/www.cde.ual.es\/en\/wp-json\/wp\/v2\/categories?post=159959"},{"taxonomy":"post_tag","embeddable":true,"href":"https:\/\/www.cde.ual.es\/en\/wp-json\/wp\/v2\/tags?post=159959"}],"curies":[{"name":"wp","href":"https:\/\/api.w.org\/{rel}","templated":true}]}}