{"id":1599,"date":"2017-03-16T12:04:07","date_gmt":"2017-03-16T11:04:07","guid":{"rendered":"http:\/\/www.cde.ual.es\/?p=1599"},"modified":"2017-03-16T12:04:07","modified_gmt":"2017-03-16T11:04:07","slug":"puestos-para-coordinadores-generales-de-la-cooperacion-espanola","status":"publish","type":"post","link":"https:\/\/www.cde.ual.es\/en\/puestos-para-coordinadores-generales-de-la-cooperacion-espanola\/","title":{"rendered":"Puestos para coordinadores generales de la Cooperaci\u00f3n Espa\u00f1ola"},"content":{"rendered":"<p style=\"text-align: justify;\"><img decoding=\"async\" class=\"aligncenter  wp-image-1600\" src=\"http:\/\/www.cde.ual.es\/wp-content\/uploads\/2017\/03\/office-1209640_1920.jpg\" alt=\"\" width=\"628\" height=\"419\" srcset=\"https:\/\/www.cde.ual.es\/wp-content\/uploads\/2017\/03\/office-1209640_1920.jpg 1920w, https:\/\/www.cde.ual.es\/wp-content\/uploads\/2017\/03\/office-1209640_1920-768x512.jpg 768w\" sizes=\"(max-width: 628px) 100vw, 628px\" \/><\/p>\n<p style=\"text-align: justify;\">La Agencia Espa\u00f1ola de Cooperaci\u00f3n Internacional para el Desarrollo (AECID), convoca <strong>20 puestos<\/strong> de trabajo para <strong>coordinadores generales de la Cooperaci\u00f3n Espa\u00f1ola<\/strong>.<\/p>\n<p style=\"text-align: justify;\">Las personas seleccionadas para ocupar estos puestos de empleo, <strong>trabajar\u00e1n en el exterior y prestar\u00e1n servicios en las Oficinas T\u00e9cnicas de Cooperaci\u00f3n espa\u00f1ola, integradas en la Embajada de Espa\u00f1a<\/strong>.<\/p>\n<p style=\"text-align: justify;\">Bajo la direcci\u00f3n de los Jefes\/as de Misi\u00f3n se ocupar\u00e1n de dirigir las Oficinas T\u00e9cnicas de Cooperaci\u00f3n y su personal, gestionando los recursos econ\u00f3micos y los programas de cooperaci\u00f3n de la AECID en el pa\u00eds que corresponda, contribuyendo a la identificaci\u00f3n, formulaci\u00f3n, ejecuci\u00f3n, seguimiento y control de las actuaciones de la cooperaci\u00f3n espa\u00f1ola en dicho pa\u00eds.<\/p>\n<div class=\"td-g-rec td-g-rec-id-content_inline\"><\/div>\n<p style=\"text-align: justify;\">Asimismo, participar\u00e1n en las Comisiones Mixtas de Cooperaci\u00f3n y en el seguimiento de los Marcos de Asociaci\u00f3n, manteniendo una adecuada relaci\u00f3n con las autoridades competentes e instituciones contrapartes en temas de cooperaci\u00f3n, elaborando los correspondientes informes y memorias sobre los programas de cooperaci\u00f3n que existan en su demarcaci\u00f3n.<\/p>\n<p style=\"text-align: justify;\">Tambi\u00e9n prestar\u00e1n apoyo a las instituciones espa\u00f1olas en materia de cooperaci\u00f3n, gestionando y administrando, en su caso, los recursos de otras administraciones o instituciones p\u00fablicas espa\u00f1olas que ejecuten proyectos de cooperaci\u00f3n en dicho pa\u00eds. Adem\u00e1s, asumir\u00e1n, en general, cualquier otra funci\u00f3n que le sea encomendada por el equipo directivo de la AECID, en relaci\u00f3n con los fines, funciones y objetivos de la Agencia.<\/p>\n<h3><strong>Requisitos<\/strong><\/h3>\n<p style=\"text-align: justify;\">Para optar a uno de estos puestos de empleo, debes cumplir los siguientes requisitos:<\/p>\n<ul>\n<li style=\"text-align: justify;\">Nacionalidad espa\u00f1ola.<\/li>\n<li style=\"text-align: justify;\">Poseer el\u00a0t\u00edtulo de Licenciado\/a, Arquitecto\/a o Ingeniero\/a superior, o Grado.<\/li>\n<li style=\"text-align: justify;\">Conocimiento m\u00ednimo, de un nivel B1, del idioma que se recoge en el anexo I en funci\u00f3n del puesto\/s de trabajo de que se trate.<\/li>\n<li style=\"text-align: justify;\">Tener capacidad para contratar la prestaci\u00f3n de su trabajo.<\/li>\n<li style=\"text-align: justify;\">No padecer enfermedad ni limitaciones f\u00edsicas o ps\u00edquicas incompatibles con el normal desempe\u00f1o de las tareas o funciones correspondientes.<\/li>\n<li style=\"text-align: justify;\">No haber sido separado\/a mediante expediente disciplinario del servicio de cualquiera de las Administraciones P\u00fablicas o de los \u00f3rganos constitucionales.<\/li>\n<\/ul>\n<p>Si est\u00e1s interesado en conocer m\u00e1s acerca de esta convocatoria, puedes visitar <a href=\"https:\/\/www.boe.es\/boe\/dias\/2017\/03\/09\/pdfs\/BOE-A-2017-2530.pdf\" target=\"_blank\" rel=\"nofollow\">este enlace<\/a>.<\/p>\n<p>El plazo finaliza el d\u00eda 30 de marzo de 2017.<\/p>\n","protected":false},"excerpt":{"rendered":"<p>La Agencia Espa\u00f1ola de Cooperaci\u00f3n Internacional para el Desarrollo (AECID), convoca 20 puestos de trabajo para coordinadores generales de la Cooperaci\u00f3n Espa\u00f1ola. Las personas seleccionadas para ocupar estos puestos de empleo, trabajar\u00e1n en el exterior y prestar\u00e1n servicios en las Oficinas T\u00e9cnicas de Cooperaci\u00f3n espa\u00f1ola, integradas en la Embajada de Espa\u00f1a. Bajo la direcci\u00f3n de [&hellip;]<\/p>\n","protected":false},"author":1,"featured_media":0,"comment_status":"open","ping_status":"open","sticky":false,"template":"","format":"standard","meta":{"_acf_changed":false,"_relevanssi_hide_post":"","_relevanssi_hide_content":"","_relevanssi_pin_for_all":"","_relevanssi_pin_keywords":"","_relevanssi_unpin_keywords":"","_relevanssi_related_keywords":"","_relevanssi_related_include_ids":"","_relevanssi_related_exclude_ids":"","_relevanssi_related_no_append":"","_relevanssi_related_not_related":"","_relevanssi_related_posts":"","_relevanssi_noindex_reason":"","_monsterinsights_skip_tracking":false,"_monsterinsights_sitenote_active":false,"_monsterinsights_sitenote_note":"","_monsterinsights_sitenote_category":0,"_genesis_hide_title":false,"_genesis_hide_breadcrumbs":false,"_genesis_hide_singular_image":false,"_genesis_hide_footer_widgets":false,"_genesis_custom_body_class":"","_genesis_custom_post_class":"","_genesis_layout":"","footnotes":""},"categories":[1],"tags":[],"class_list":{"0":"post-1599","1":"post","2":"type-post","3":"status-publish","4":"format-standard","6":"category-sin-categorizar","7":"entry","8":"has-post-thumbnail"},"acf":[],"yoast_head":"<!-- This site is optimized with the Yoast SEO plugin v27.4 - https:\/\/yoast.com\/product\/yoast-seo-wordpress\/ -->\n<title>Puestos para coordinadores generales de la Cooperaci\u00f3n Espa\u00f1ola | CDE Almer\u00eda - Centro de Documentaci\u00f3n Europea - Universidad de Almer\u00eda<\/title>\n<meta name=\"robots\" content=\"index, follow, max-snippet:-1, max-image-preview:large, max-video-preview:-1\" \/>\n<link rel=\"canonical\" href=\"https:\/\/www.cde.ual.es\/en\/puestos-para-coordinadores-generales-de-la-cooperacion-espanola\/\" \/>\n<meta property=\"og:locale\" content=\"en_US\" \/>\n<meta property=\"og:type\" content=\"article\" \/>\n<meta property=\"og:title\" content=\"Puestos para coordinadores generales de la Cooperaci\u00f3n Espa\u00f1ola | CDE Almer\u00eda - Centro de Documentaci\u00f3n Europea - Universidad de Almer\u00eda\" \/>\n<meta property=\"og:description\" content=\"La Agencia Espa\u00f1ola de Cooperaci\u00f3n Internacional para el Desarrollo (AECID), convoca 20 puestos de trabajo para coordinadores generales de la Cooperaci\u00f3n Espa\u00f1ola. Las personas seleccionadas para ocupar estos puestos de empleo, trabajar\u00e1n en el exterior y prestar\u00e1n servicios en las Oficinas T\u00e9cnicas de Cooperaci\u00f3n espa\u00f1ola, integradas en la Embajada de Espa\u00f1a. Bajo la direcci\u00f3n de [&hellip;]\" \/>\n<meta property=\"og:url\" content=\"https:\/\/www.cde.ual.es\/en\/puestos-para-coordinadores-generales-de-la-cooperacion-espanola\/\" \/>\n<meta property=\"og:site_name\" content=\"CDE Almer\u00eda - Centro de Documentaci\u00f3n Europea - Universidad de Almer\u00eda\" \/>\n<meta property=\"article:publisher\" content=\"https:\/\/www.facebook.com\/cdeuniversidadalmeria\/\" \/>\n<meta property=\"article:published_time\" content=\"2017-03-16T11:04:07+00:00\" \/>\n<meta property=\"og:image\" content=\"http:\/\/www.cde.ual.es\/wp-content\/uploads\/2017\/03\/office-1209640_1920.jpg\" \/>\n<meta name=\"author\" content=\"AdminCDE\" \/>\n<meta name=\"twitter:card\" content=\"summary_large_image\" \/>\n<meta name=\"twitter:creator\" content=\"@cdeualmeria\" \/>\n<meta name=\"twitter:site\" content=\"@cdeualmeria\" \/>\n<meta name=\"twitter:label1\" content=\"Written by\" \/>\n\t<meta name=\"twitter:data1\" content=\"AdminCDE\" \/>\n\t<meta name=\"twitter:label2\" content=\"Est. reading time\" \/>\n\t<meta name=\"twitter:data2\" content=\"2 minutes\" \/>\n<script type=\"application\/ld+json\" class=\"yoast-schema-graph\">{\"@context\":\"https:\\\/\\\/schema.org\",\"@graph\":[{\"@type\":\"Article\",\"@id\":\"https:\\\/\\\/www.cde.ual.es\\\/en\\\/puestos-para-coordinadores-generales-de-la-cooperacion-espanola\\\/#article\",\"isPartOf\":{\"@id\":\"https:\\\/\\\/www.cde.ual.es\\\/en\\\/puestos-para-coordinadores-generales-de-la-cooperacion-espanola\\\/\"},\"author\":{\"name\":\"AdminCDE\",\"@id\":\"https:\\\/\\\/www.cde.ual.es\\\/#\\\/schema\\\/person\\\/224ef08c8bcc005f319d2713ce37ee5f\"},\"headline\":\"Puestos para coordinadores generales de la Cooperaci\u00f3n Espa\u00f1ola\",\"datePublished\":\"2017-03-16T11:04:07+00:00\",\"mainEntityOfPage\":{\"@id\":\"https:\\\/\\\/www.cde.ual.es\\\/en\\\/puestos-para-coordinadores-generales-de-la-cooperacion-espanola\\\/\"},\"wordCount\":411,\"commentCount\":0,\"publisher\":{\"@id\":\"https:\\\/\\\/www.cde.ual.es\\\/#organization\"},\"image\":{\"@id\":\"https:\\\/\\\/www.cde.ual.es\\\/en\\\/puestos-para-coordinadores-generales-de-la-cooperacion-espanola\\\/#primaryimage\"},\"thumbnailUrl\":\"http:\\\/\\\/www.cde.ual.es\\\/wp-content\\\/uploads\\\/2017\\\/03\\\/office-1209640_1920.jpg\",\"articleSection\":[\"Sin categorizar\"],\"inLanguage\":\"en-US\",\"potentialAction\":[{\"@type\":\"CommentAction\",\"name\":\"Comment\",\"target\":[\"https:\\\/\\\/www.cde.ual.es\\\/en\\\/puestos-para-coordinadores-generales-de-la-cooperacion-espanola\\\/#respond\"]}]},{\"@type\":\"WebPage\",\"@id\":\"https:\\\/\\\/www.cde.ual.es\\\/en\\\/puestos-para-coordinadores-generales-de-la-cooperacion-espanola\\\/\",\"url\":\"https:\\\/\\\/www.cde.ual.es\\\/en\\\/puestos-para-coordinadores-generales-de-la-cooperacion-espanola\\\/\",\"name\":\"Puestos para coordinadores generales de la Cooperaci\u00f3n Espa\u00f1ola | CDE Almer\u00eda - Centro de Documentaci\u00f3n Europea - Universidad de Almer\u00eda\",\"isPartOf\":{\"@id\":\"https:\\\/\\\/www.cde.ual.es\\\/#website\"},\"primaryImageOfPage\":{\"@id\":\"https:\\\/\\\/www.cde.ual.es\\\/en\\\/puestos-para-coordinadores-generales-de-la-cooperacion-espanola\\\/#primaryimage\"},\"image\":{\"@id\":\"https:\\\/\\\/www.cde.ual.es\\\/en\\\/puestos-para-coordinadores-generales-de-la-cooperacion-espanola\\\/#primaryimage\"},\"thumbnailUrl\":\"http:\\\/\\\/www.cde.ual.es\\\/wp-content\\\/uploads\\\/2017\\\/03\\\/office-1209640_1920.jpg\",\"datePublished\":\"2017-03-16T11:04:07+00:00\",\"breadcrumb\":{\"@id\":\"https:\\\/\\\/www.cde.ual.es\\\/en\\\/puestos-para-coordinadores-generales-de-la-cooperacion-espanola\\\/#breadcrumb\"},\"inLanguage\":\"en-US\",\"potentialAction\":[{\"@type\":\"ReadAction\",\"target\":[\"https:\\\/\\\/www.cde.ual.es\\\/en\\\/puestos-para-coordinadores-generales-de-la-cooperacion-espanola\\\/\"]}]},{\"@type\":\"ImageObject\",\"inLanguage\":\"en-US\",\"@id\":\"https:\\\/\\\/www.cde.ual.es\\\/en\\\/puestos-para-coordinadores-generales-de-la-cooperacion-espanola\\\/#primaryimage\",\"url\":\"http:\\\/\\\/www.cde.ual.es\\\/wp-content\\\/uploads\\\/2017\\\/03\\\/office-1209640_1920.jpg\",\"contentUrl\":\"http:\\\/\\\/www.cde.ual.es\\\/wp-content\\\/uploads\\\/2017\\\/03\\\/office-1209640_1920.jpg\"},{\"@type\":\"BreadcrumbList\",\"@id\":\"https:\\\/\\\/www.cde.ual.es\\\/en\\\/puestos-para-coordinadores-generales-de-la-cooperacion-espanola\\\/#breadcrumb\",\"itemListElement\":[{\"@type\":\"ListItem\",\"position\":1,\"name\":\"Inicio\",\"item\":\"https:\\\/\\\/www.cde.ual.es\\\/en\\\/\"},{\"@type\":\"ListItem\",\"position\":2,\"name\":\"Uncategorized\",\"item\":\"https:\\\/\\\/www.cde.ual.es\\\/en\\\/category\\\/uncategorized\\\/\"},{\"@type\":\"ListItem\",\"position\":3,\"name\":\"Puestos para coordinadores generales de la Cooperaci\u00f3n Espa\u00f1ola\"}]},{\"@type\":\"WebSite\",\"@id\":\"https:\\\/\\\/www.cde.ual.es\\\/#website\",\"url\":\"https:\\\/\\\/www.cde.ual.es\\\/\",\"name\":\"CDE Almer\u00eda - Centro de Documentaci\u00f3n Europea - Universidad de Almer\u00eda\",\"description\":\"Centro de Documentaci\u00f3n Europea de la Universidad de Almer\u00eda\",\"publisher\":{\"@id\":\"https:\\\/\\\/www.cde.ual.es\\\/#organization\"},\"alternateName\":\"CDE Almer\u00eda\",\"potentialAction\":[{\"@type\":\"SearchAction\",\"target\":{\"@type\":\"EntryPoint\",\"urlTemplate\":\"https:\\\/\\\/www.cde.ual.es\\\/?s={search_term_string}\"},\"query-input\":{\"@type\":\"PropertyValueSpecification\",\"valueRequired\":true,\"valueName\":\"search_term_string\"}}],\"inLanguage\":\"en-US\"},{\"@type\":\"Organization\",\"@id\":\"https:\\\/\\\/www.cde.ual.es\\\/#organization\",\"name\":\"Centro de Documentaci\u00f3n Europea de Almer\u00eda\",\"url\":\"https:\\\/\\\/www.cde.ual.es\\\/\",\"logo\":{\"@type\":\"ImageObject\",\"inLanguage\":\"en-US\",\"@id\":\"https:\\\/\\\/www.cde.ual.es\\\/#\\\/schema\\\/logo\\\/image\\\/\",\"url\":\"https:\\\/\\\/www.cde.ual.es\\\/wp-content\\\/uploads\\\/2025\\\/07\\\/cde-logo-3.png\",\"contentUrl\":\"https:\\\/\\\/www.cde.ual.es\\\/wp-content\\\/uploads\\\/2025\\\/07\\\/cde-logo-3.png\",\"width\":1400,\"height\":300,\"caption\":\"Centro de Documentaci\u00f3n Europea de Almer\u00eda\"},\"image\":{\"@id\":\"https:\\\/\\\/www.cde.ual.es\\\/#\\\/schema\\\/logo\\\/image\\\/\"},\"sameAs\":[\"https:\\\/\\\/www.facebook.com\\\/cdeuniversidadalmeria\\\/\",\"https:\\\/\\\/x.com\\\/cdeualmeria\",\"https:\\\/\\\/www.tiktok.com\\\/@cdealmeria\",\"https:\\\/\\\/www.instagram.com\\\/cdealmeria\\\/\",\"https:\\\/\\\/www.linkedin.com\\\/in\\\/cde-almera-812b26a9\\\/\"]},{\"@type\":\"Person\",\"@id\":\"https:\\\/\\\/www.cde.ual.es\\\/#\\\/schema\\\/person\\\/224ef08c8bcc005f319d2713ce37ee5f\",\"name\":\"AdminCDE\",\"image\":{\"@type\":\"ImageObject\",\"inLanguage\":\"en-US\",\"@id\":\"https:\\\/\\\/secure.gravatar.com\\\/avatar\\\/a72d038d371f995cd13706fac32274b7952a52e8fb0a84b5f80c85426f2a98a8?s=96&d=mm&r=g\",\"url\":\"https:\\\/\\\/secure.gravatar.com\\\/avatar\\\/a72d038d371f995cd13706fac32274b7952a52e8fb0a84b5f80c85426f2a98a8?s=96&d=mm&r=g\",\"contentUrl\":\"https:\\\/\\\/secure.gravatar.com\\\/avatar\\\/a72d038d371f995cd13706fac32274b7952a52e8fb0a84b5f80c85426f2a98a8?s=96&d=mm&r=g\",\"caption\":\"AdminCDE\"}}]}<\/script>\n<!-- \/ Yoast SEO plugin. -->","yoast_head_json":{"title":"Puestos para coordinadores generales de la Cooperaci\u00f3n Espa\u00f1ola | CDE Almer\u00eda - Centro de Documentaci\u00f3n Europea - Universidad de Almer\u00eda","robots":{"index":"index","follow":"follow","max-snippet":"max-snippet:-1","max-image-preview":"max-image-preview:large","max-video-preview":"max-video-preview:-1"},"canonical":"https:\/\/www.cde.ual.es\/en\/puestos-para-coordinadores-generales-de-la-cooperacion-espanola\/","og_locale":"en_US","og_type":"article","og_title":"Puestos para coordinadores generales de la Cooperaci\u00f3n Espa\u00f1ola | CDE Almer\u00eda - Centro de Documentaci\u00f3n Europea - Universidad de Almer\u00eda","og_description":"La Agencia Espa\u00f1ola de Cooperaci\u00f3n Internacional para el Desarrollo (AECID), convoca 20 puestos de trabajo para coordinadores generales de la Cooperaci\u00f3n Espa\u00f1ola. Las personas seleccionadas para ocupar estos puestos de empleo, trabajar\u00e1n en el exterior y prestar\u00e1n servicios en las Oficinas T\u00e9cnicas de Cooperaci\u00f3n espa\u00f1ola, integradas en la Embajada de Espa\u00f1a. Bajo la direcci\u00f3n de [&hellip;]","og_url":"https:\/\/www.cde.ual.es\/en\/puestos-para-coordinadores-generales-de-la-cooperacion-espanola\/","og_site_name":"CDE Almer\u00eda - Centro de Documentaci\u00f3n Europea - Universidad de Almer\u00eda","article_publisher":"https:\/\/www.facebook.com\/cdeuniversidadalmeria\/","article_published_time":"2017-03-16T11:04:07+00:00","og_image":[{"url":"http:\/\/www.cde.ual.es\/wp-content\/uploads\/2017\/03\/office-1209640_1920.jpg","type":"","width":"","height":""}],"author":"AdminCDE","twitter_card":"summary_large_image","twitter_creator":"@cdeualmeria","twitter_site":"@cdeualmeria","twitter_misc":{"Written by":"AdminCDE","Est. reading time":"2 minutes"},"schema":{"@context":"https:\/\/schema.org","@graph":[{"@type":"Article","@id":"https:\/\/www.cde.ual.es\/en\/puestos-para-coordinadores-generales-de-la-cooperacion-espanola\/#article","isPartOf":{"@id":"https:\/\/www.cde.ual.es\/en\/puestos-para-coordinadores-generales-de-la-cooperacion-espanola\/"},"author":{"name":"AdminCDE","@id":"https:\/\/www.cde.ual.es\/#\/schema\/person\/224ef08c8bcc005f319d2713ce37ee5f"},"headline":"Puestos para coordinadores generales de la Cooperaci\u00f3n Espa\u00f1ola","datePublished":"2017-03-16T11:04:07+00:00","mainEntityOfPage":{"@id":"https:\/\/www.cde.ual.es\/en\/puestos-para-coordinadores-generales-de-la-cooperacion-espanola\/"},"wordCount":411,"commentCount":0,"publisher":{"@id":"https:\/\/www.cde.ual.es\/#organization"},"image":{"@id":"https:\/\/www.cde.ual.es\/en\/puestos-para-coordinadores-generales-de-la-cooperacion-espanola\/#primaryimage"},"thumbnailUrl":"http:\/\/www.cde.ual.es\/wp-content\/uploads\/2017\/03\/office-1209640_1920.jpg","articleSection":["Sin categorizar"],"inLanguage":"en-US","potentialAction":[{"@type":"CommentAction","name":"Comment","target":["https:\/\/www.cde.ual.es\/en\/puestos-para-coordinadores-generales-de-la-cooperacion-espanola\/#respond"]}]},{"@type":"WebPage","@id":"https:\/\/www.cde.ual.es\/en\/puestos-para-coordinadores-generales-de-la-cooperacion-espanola\/","url":"https:\/\/www.cde.ual.es\/en\/puestos-para-coordinadores-generales-de-la-cooperacion-espanola\/","name":"Puestos para coordinadores generales de la Cooperaci\u00f3n Espa\u00f1ola | CDE Almer\u00eda - Centro de Documentaci\u00f3n Europea - Universidad de Almer\u00eda","isPartOf":{"@id":"https:\/\/www.cde.ual.es\/#website"},"primaryImageOfPage":{"@id":"https:\/\/www.cde.ual.es\/en\/puestos-para-coordinadores-generales-de-la-cooperacion-espanola\/#primaryimage"},"image":{"@id":"https:\/\/www.cde.ual.es\/en\/puestos-para-coordinadores-generales-de-la-cooperacion-espanola\/#primaryimage"},"thumbnailUrl":"http:\/\/www.cde.ual.es\/wp-content\/uploads\/2017\/03\/office-1209640_1920.jpg","datePublished":"2017-03-16T11:04:07+00:00","breadcrumb":{"@id":"https:\/\/www.cde.ual.es\/en\/puestos-para-coordinadores-generales-de-la-cooperacion-espanola\/#breadcrumb"},"inLanguage":"en-US","potentialAction":[{"@type":"ReadAction","target":["https:\/\/www.cde.ual.es\/en\/puestos-para-coordinadores-generales-de-la-cooperacion-espanola\/"]}]},{"@type":"ImageObject","inLanguage":"en-US","@id":"https:\/\/www.cde.ual.es\/en\/puestos-para-coordinadores-generales-de-la-cooperacion-espanola\/#primaryimage","url":"http:\/\/www.cde.ual.es\/wp-content\/uploads\/2017\/03\/office-1209640_1920.jpg","contentUrl":"http:\/\/www.cde.ual.es\/wp-content\/uploads\/2017\/03\/office-1209640_1920.jpg"},{"@type":"BreadcrumbList","@id":"https:\/\/www.cde.ual.es\/en\/puestos-para-coordinadores-generales-de-la-cooperacion-espanola\/#breadcrumb","itemListElement":[{"@type":"ListItem","position":1,"name":"Inicio","item":"https:\/\/www.cde.ual.es\/en\/"},{"@type":"ListItem","position":2,"name":"Uncategorized","item":"https:\/\/www.cde.ual.es\/en\/category\/uncategorized\/"},{"@type":"ListItem","position":3,"name":"Puestos para coordinadores generales de la Cooperaci\u00f3n Espa\u00f1ola"}]},{"@type":"WebSite","@id":"https:\/\/www.cde.ual.es\/#website","url":"https:\/\/www.cde.ual.es\/","name":"CDE Almer\u00eda - Centro de Documentaci\u00f3n Europea - Universidad de Almer\u00eda","description":"Centro de Documentaci\u00f3n Europea de la Universidad de Almer\u00eda","publisher":{"@id":"https:\/\/www.cde.ual.es\/#organization"},"alternateName":"CDE Almer\u00eda","potentialAction":[{"@type":"SearchAction","target":{"@type":"EntryPoint","urlTemplate":"https:\/\/www.cde.ual.es\/?s={search_term_string}"},"query-input":{"@type":"PropertyValueSpecification","valueRequired":true,"valueName":"search_term_string"}}],"inLanguage":"en-US"},{"@type":"Organization","@id":"https:\/\/www.cde.ual.es\/#organization","name":"Centro de Documentaci\u00f3n Europea de Almer\u00eda","url":"https:\/\/www.cde.ual.es\/","logo":{"@type":"ImageObject","inLanguage":"en-US","@id":"https:\/\/www.cde.ual.es\/#\/schema\/logo\/image\/","url":"https:\/\/www.cde.ual.es\/wp-content\/uploads\/2025\/07\/cde-logo-3.png","contentUrl":"https:\/\/www.cde.ual.es\/wp-content\/uploads\/2025\/07\/cde-logo-3.png","width":1400,"height":300,"caption":"Centro de Documentaci\u00f3n Europea de Almer\u00eda"},"image":{"@id":"https:\/\/www.cde.ual.es\/#\/schema\/logo\/image\/"},"sameAs":["https:\/\/www.facebook.com\/cdeuniversidadalmeria\/","https:\/\/x.com\/cdeualmeria","https:\/\/www.tiktok.com\/@cdealmeria","https:\/\/www.instagram.com\/cdealmeria\/","https:\/\/www.linkedin.com\/in\/cde-almera-812b26a9\/"]},{"@type":"Person","@id":"https:\/\/www.cde.ual.es\/#\/schema\/person\/224ef08c8bcc005f319d2713ce37ee5f","name":"AdminCDE","image":{"@type":"ImageObject","inLanguage":"en-US","@id":"https:\/\/secure.gravatar.com\/avatar\/a72d038d371f995cd13706fac32274b7952a52e8fb0a84b5f80c85426f2a98a8?s=96&d=mm&r=g","url":"https:\/\/secure.gravatar.com\/avatar\/a72d038d371f995cd13706fac32274b7952a52e8fb0a84b5f80c85426f2a98a8?s=96&d=mm&r=g","contentUrl":"https:\/\/secure.gravatar.com\/avatar\/a72d038d371f995cd13706fac32274b7952a52e8fb0a84b5f80c85426f2a98a8?s=96&d=mm&r=g","caption":"AdminCDE"}}]}},"_links":{"self":[{"href":"https:\/\/www.cde.ual.es\/en\/wp-json\/wp\/v2\/posts\/1599","targetHints":{"allow":["GET"]}}],"collection":[{"href":"https:\/\/www.cde.ual.es\/en\/wp-json\/wp\/v2\/posts"}],"about":[{"href":"https:\/\/www.cde.ual.es\/en\/wp-json\/wp\/v2\/types\/post"}],"author":[{"embeddable":true,"href":"https:\/\/www.cde.ual.es\/en\/wp-json\/wp\/v2\/users\/1"}],"replies":[{"embeddable":true,"href":"https:\/\/www.cde.ual.es\/en\/wp-json\/wp\/v2\/comments?post=1599"}],"version-history":[{"count":0,"href":"https:\/\/www.cde.ual.es\/en\/wp-json\/wp\/v2\/posts\/1599\/revisions"}],"wp:attachment":[{"href":"https:\/\/www.cde.ual.es\/en\/wp-json\/wp\/v2\/media?parent=1599"}],"wp:term":[{"taxonomy":"category","embeddable":true,"href":"https:\/\/www.cde.ual.es\/en\/wp-json\/wp\/v2\/categories?post=1599"},{"taxonomy":"post_tag","embeddable":true,"href":"https:\/\/www.cde.ual.es\/en\/wp-json\/wp\/v2\/tags?post=1599"}],"curies":[{"name":"wp","href":"https:\/\/api.w.org\/{rel}","templated":true}]}}