{"id":158232,"date":"2025-03-19T09:21:50","date_gmt":"2025-03-19T08:21:50","guid":{"rendered":"https:\/\/www.cde.ual.es\/?p=158232"},"modified":"2025-04-03T13:57:29","modified_gmt":"2025-04-03T11:57:29","slug":"eu-pledges-e2-5-billion-to-support-syria-and-the-region","status":"publish","type":"post","link":"https:\/\/www.cde.ual.es\/en\/eu-pledges-e2-5-billion-to-support-syria-and-the-region\/","title":{"rendered":"EU pledges \u20ac2.5 billion to support Syria and the region"},"content":{"rendered":"<p style=\"text-align: justify;\">On March 17th, in a pivotal moment for Syria&#8217;s transition, the European Union hosted the ninth edition of the Brussels Conference \u201c<em>Standing with Syria: meeting the needs for a successful transition.<\/em>\u201d<\/p>\n<p><img decoding=\"async\" class=\"aligncenter\" src=\"https:\/\/images.pexels.com\/photos\/7183521\/pexels-photo-7183521.jpeg?auto=compress&amp;cs=tinysrgb&amp;dpr=1&amp;w=500\" alt=\"Gratis Fotos de stock gratuitas de abogac\u00eda, acci\u00f3n comunitaria, activismo Foto de stock\" \/><\/p>\n<p style=\"text-align: justify;\">Amid renewed hope and significant challenges after the fall of the Assad regime, the EU alongside EU Member States, regional and international partners, as well as, Syria&#8217;s transitional authorities, reaffirmed its support for an inclusive, peaceful, Syrian-owned and Syrian-led transition.<\/p>\n<p style=\"text-align: justify;\">In a clear demonstration of the EU ongoing support, Commission President Ursula<strong>\u00a0von der Leyen<\/strong>\u00a0announced that the EU is committing nearly\u00a0<strong>\u20ac2.5 billion<\/strong>\u00a0for 2025 and 2026 to aid Syria&#8217;s transition process and the country&#8217;s socio-economic recovery, while also addressing the urgent humanitarian needs, both within Syria and in the host communities across Jordan, Lebanon, Iraq, and T\u00fcrkiye.<\/p>\n<p style=\"text-align: justify;\">For 2025, the EU increased its pledge made at the eighth Brussels Conference, from \u20ac560 million to \u20ac720.5 million, to support the population inside Syria, as well as Syrian refugees and vulnerable host communities across Lebanon, Jordan and Iraq. Additionally, the EU committed \u20ac600 million for 2026 for these countries; and pledged \u20ac1.1 billion to support Syrian refugees and vulnerable host communities in T\u00fcrkiye for 2025 and 2026.<\/p>\n<p style=\"text-align: justify;\">The ministerial event featured a political session chaired by High Representative\/Vice-President Kaja\u00a0<strong>Kallas<\/strong>\u00a0and two pledging sessions chaired successively by Commissioner Hadja\u00a0<strong>Lahbib\u00a0<\/strong>and Commissioner Dubravka<strong>\u00a0\u0160uica.<\/strong><\/p>\n<p style=\"text-align: justify;\">Members of Syria&#8217;s civil society participated in the Conference, offering invaluable insights from the ground. The conference also served as a platform to reaffirm the EU&#8217;s commitment to safeguard a prominent and inclusive role for civil society \u2014 in all its diversity \u2014 in the post-Assad Syria.<\/p>\n<p style=\"text-align: justify;\">The Conference aimed at fostering efficiency and coordination among international partners and UN entities, ensuring that assistance meaningfully supports Syria&#8217;s socio-economic recovery \u2013 an effort that must be both Syrian-led, and Syrian-owned.<\/p>\n<p style=\"text-align: justify;\"><strong>Background:<\/strong><\/p>\n<p style=\"text-align: justify;\">The EU has remained steadfast in its commitment to support Syrian people, including through the organisation of the annual Brussels Conference over the past eight years. Since 2011, the EU and its Member States have mobilised nearly \u20ac37 billion in humanitarian and resilience assistance, supporting Syrians both inside the country and across the region.<\/p>\n<p><strong>More information: <a href=\"https:\/\/ec.europa.eu\/commission\/presscorner\/detail\/en\/ip_25_796\">European Comission\u00a0<\/a><\/strong><\/p>\n","protected":false},"excerpt":{"rendered":"<p>On March 17th, in a pivotal moment for Syria&#8217;s transition, the European Union hosted the ninth edition of the Brussels Conference \u201cStanding with Syria: meeting the needs for a successful transition.\u201d Amid renewed hope and significant challenges after the fall of the Assad regime, the EU alongside EU Member States, regional and international partners, as [&hellip;]<\/p>\n","protected":false},"author":101012,"featured_media":158233,"comment_status":"open","ping_status":"open","sticky":false,"template":"","format":"standard","meta":{"_acf_changed":false,"_relevanssi_hide_post":"","_relevanssi_hide_content":"","_relevanssi_pin_for_all":"","_relevanssi_pin_keywords":"","_relevanssi_unpin_keywords":"","_relevanssi_related_keywords":"","_relevanssi_related_include_ids":"","_relevanssi_related_exclude_ids":"","_relevanssi_related_no_append":"","_relevanssi_related_not_related":"","_relevanssi_related_posts":"","_relevanssi_noindex_reason":"","_monsterinsights_skip_tracking":false,"_monsterinsights_sitenote_active":false,"_monsterinsights_sitenote_note":"","_monsterinsights_sitenote_category":0,"_genesis_hide_title":false,"_genesis_hide_breadcrumbs":false,"_genesis_hide_singular_image":false,"_genesis_hide_footer_widgets":false,"_genesis_custom_body_class":"","_genesis_custom_post_class":"","_genesis_layout":"","footnotes":""},"categories":[346,12594,13245],"tags":[1488,368,2788,2032,514,4347],"class_list":{"0":"post-158232","1":"post","2":"type-post","3":"status-publish","4":"format-standard","5":"has-post-thumbnail","7":"category-eu-news","8":"category-international-conflicts","9":"category-syria","10":"tag-european-commission","11":"tag-european-union","12":"tag-news","13":"tag-support","14":"tag-syria","15":"tag-transition","16":"entry"},"acf":[],"yoast_head":"<!-- This site is optimized with the Yoast SEO plugin v27.4 - https:\/\/yoast.com\/product\/yoast-seo-wordpress\/ -->\n<title>EU pledges \u20ac2.5 billion to support Syria and the region | CDE Almer\u00eda - Centro de Documentaci\u00f3n Europea - Universidad de Almer\u00eda<\/title>\n<meta name=\"robots\" content=\"index, follow, max-snippet:-1, max-image-preview:large, max-video-preview:-1\" \/>\n<link rel=\"canonical\" href=\"https:\/\/www.cde.ual.es\/en\/eu-pledges-e2-5-billion-to-support-syria-and-the-region\/\" \/>\n<meta property=\"og:locale\" content=\"en_US\" \/>\n<meta property=\"og:type\" content=\"article\" \/>\n<meta property=\"og:title\" content=\"EU pledges \u20ac2.5 billion to support Syria and the region | CDE Almer\u00eda - Centro de Documentaci\u00f3n Europea - Universidad de Almer\u00eda\" \/>\n<meta property=\"og:description\" content=\"On March 17th, in a pivotal moment for Syria&#8217;s transition, the European Union hosted the ninth edition of the Brussels Conference \u201cStanding with Syria: meeting the needs for a successful transition.\u201d Amid renewed hope and significant challenges after the fall of the Assad regime, the EU alongside EU Member States, regional and international partners, as [&hellip;]\" \/>\n<meta property=\"og:url\" content=\"https:\/\/www.cde.ual.es\/en\/eu-pledges-e2-5-billion-to-support-syria-and-the-region\/\" \/>\n<meta property=\"og:site_name\" content=\"CDE Almer\u00eda - Centro de Documentaci\u00f3n Europea - Universidad de Almer\u00eda\" \/>\n<meta property=\"article:publisher\" content=\"https:\/\/www.facebook.com\/cdeuniversidadalmeria\/\" \/>\n<meta property=\"article:published_time\" content=\"2025-03-19T08:21:50+00:00\" \/>\n<meta property=\"article:modified_time\" content=\"2025-04-03T11:57:29+00:00\" \/>\n<meta property=\"og:image\" content=\"https:\/\/www.cde.ual.es\/wp-content\/uploads\/2025\/03\/pexels-photo-7183521.jpeg\" \/>\n\t<meta property=\"og:image:width\" content=\"600\" \/>\n\t<meta property=\"og:image:height\" content=\"400\" \/>\n\t<meta property=\"og:image:type\" content=\"image\/jpeg\" \/>\n<meta name=\"author\" content=\"BECACDE1\" \/>\n<meta name=\"twitter:card\" content=\"summary_large_image\" \/>\n<meta name=\"twitter:creator\" content=\"@cdeualmeria\" \/>\n<meta name=\"twitter:site\" content=\"@cdeualmeria\" \/>\n<meta name=\"twitter:label1\" content=\"Written by\" \/>\n\t<meta name=\"twitter:data1\" content=\"BECACDE1\" \/>\n\t<meta name=\"twitter:label2\" content=\"Est. reading time\" \/>\n\t<meta name=\"twitter:data2\" content=\"3 minutes\" \/>\n<script type=\"application\/ld+json\" class=\"yoast-schema-graph\">{\"@context\":\"https:\\\/\\\/schema.org\",\"@graph\":[{\"@type\":\"Article\",\"@id\":\"https:\\\/\\\/www.cde.ual.es\\\/en\\\/eu-pledges-e2-5-billion-to-support-syria-and-the-region\\\/#article\",\"isPartOf\":{\"@id\":\"https:\\\/\\\/www.cde.ual.es\\\/en\\\/eu-pledges-e2-5-billion-to-support-syria-and-the-region\\\/\"},\"author\":{\"name\":\"BECACDE1\",\"@id\":\"https:\\\/\\\/www.cde.ual.es\\\/#\\\/schema\\\/person\\\/bf2f837cf3353e2161fe1087adbd728f\"},\"headline\":\"EU pledges \u20ac2.5 billion to support Syria and the region\",\"datePublished\":\"2025-03-19T08:21:50+00:00\",\"dateModified\":\"2025-04-03T11:57:29+00:00\",\"mainEntityOfPage\":{\"@id\":\"https:\\\/\\\/www.cde.ual.es\\\/en\\\/eu-pledges-e2-5-billion-to-support-syria-and-the-region\\\/\"},\"wordCount\":366,\"commentCount\":0,\"publisher\":{\"@id\":\"https:\\\/\\\/www.cde.ual.es\\\/#organization\"},\"image\":{\"@id\":\"https:\\\/\\\/www.cde.ual.es\\\/en\\\/eu-pledges-e2-5-billion-to-support-syria-and-the-region\\\/#primaryimage\"},\"thumbnailUrl\":\"https:\\\/\\\/www.cde.ual.es\\\/wp-content\\\/uploads\\\/2025\\\/03\\\/pexels-photo-7183521.jpeg\",\"keywords\":[\"European Commission\",\"European Union\",\"News\",\"support\",\"Syria\",\"transition\"],\"articleSection\":[\"EU News\",\"International Conflicts\",\"Syria\"],\"inLanguage\":\"en-US\",\"potentialAction\":[{\"@type\":\"CommentAction\",\"name\":\"Comment\",\"target\":[\"https:\\\/\\\/www.cde.ual.es\\\/en\\\/eu-pledges-e2-5-billion-to-support-syria-and-the-region\\\/#respond\"]}]},{\"@type\":\"WebPage\",\"@id\":\"https:\\\/\\\/www.cde.ual.es\\\/en\\\/eu-pledges-e2-5-billion-to-support-syria-and-the-region\\\/\",\"url\":\"https:\\\/\\\/www.cde.ual.es\\\/en\\\/eu-pledges-e2-5-billion-to-support-syria-and-the-region\\\/\",\"name\":\"EU pledges \u20ac2.5 billion to support Syria and the region | CDE Almer\u00eda - Centro de Documentaci\u00f3n Europea - Universidad de Almer\u00eda\",\"isPartOf\":{\"@id\":\"https:\\\/\\\/www.cde.ual.es\\\/#website\"},\"primaryImageOfPage\":{\"@id\":\"https:\\\/\\\/www.cde.ual.es\\\/en\\\/eu-pledges-e2-5-billion-to-support-syria-and-the-region\\\/#primaryimage\"},\"image\":{\"@id\":\"https:\\\/\\\/www.cde.ual.es\\\/en\\\/eu-pledges-e2-5-billion-to-support-syria-and-the-region\\\/#primaryimage\"},\"thumbnailUrl\":\"https:\\\/\\\/www.cde.ual.es\\\/wp-content\\\/uploads\\\/2025\\\/03\\\/pexels-photo-7183521.jpeg\",\"datePublished\":\"2025-03-19T08:21:50+00:00\",\"dateModified\":\"2025-04-03T11:57:29+00:00\",\"breadcrumb\":{\"@id\":\"https:\\\/\\\/www.cde.ual.es\\\/en\\\/eu-pledges-e2-5-billion-to-support-syria-and-the-region\\\/#breadcrumb\"},\"inLanguage\":\"en-US\",\"potentialAction\":[{\"@type\":\"ReadAction\",\"target\":[\"https:\\\/\\\/www.cde.ual.es\\\/en\\\/eu-pledges-e2-5-billion-to-support-syria-and-the-region\\\/\"]}]},{\"@type\":\"ImageObject\",\"inLanguage\":\"en-US\",\"@id\":\"https:\\\/\\\/www.cde.ual.es\\\/en\\\/eu-pledges-e2-5-billion-to-support-syria-and-the-region\\\/#primaryimage\",\"url\":\"https:\\\/\\\/www.cde.ual.es\\\/wp-content\\\/uploads\\\/2025\\\/03\\\/pexels-photo-7183521.jpeg\",\"contentUrl\":\"https:\\\/\\\/www.cde.ual.es\\\/wp-content\\\/uploads\\\/2025\\\/03\\\/pexels-photo-7183521.jpeg\",\"width\":600,\"height\":400},{\"@type\":\"BreadcrumbList\",\"@id\":\"https:\\\/\\\/www.cde.ual.es\\\/en\\\/eu-pledges-e2-5-billion-to-support-syria-and-the-region\\\/#breadcrumb\",\"itemListElement\":[{\"@type\":\"ListItem\",\"position\":1,\"name\":\"Inicio\",\"item\":\"https:\\\/\\\/www.cde.ual.es\\\/en\\\/\"},{\"@type\":\"ListItem\",\"position\":2,\"name\":\"EU News\",\"item\":\"https:\\\/\\\/www.cde.ual.es\\\/en\\\/category\\\/eu-news\\\/\"},{\"@type\":\"ListItem\",\"position\":3,\"name\":\"International Conflicts\",\"item\":\"https:\\\/\\\/www.cde.ual.es\\\/en\\\/category\\\/international-conflicts\\\/\"},{\"@type\":\"ListItem\",\"position\":4,\"name\":\"Syria\",\"item\":\"https:\\\/\\\/www.cde.ual.es\\\/en\\\/category\\\/eu-news\\\/international-conflicts\\\/syria\\\/\"},{\"@type\":\"ListItem\",\"position\":5,\"name\":\"EU pledges \u20ac2.5 billion to support Syria and the region\"}]},{\"@type\":\"WebSite\",\"@id\":\"https:\\\/\\\/www.cde.ual.es\\\/#website\",\"url\":\"https:\\\/\\\/www.cde.ual.es\\\/\",\"name\":\"CDE Almer\u00eda - Centro de Documentaci\u00f3n Europea - Universidad de Almer\u00eda\",\"description\":\"Centro de Documentaci\u00f3n Europea de la Universidad de Almer\u00eda\",\"publisher\":{\"@id\":\"https:\\\/\\\/www.cde.ual.es\\\/#organization\"},\"alternateName\":\"CDE Almer\u00eda\",\"potentialAction\":[{\"@type\":\"SearchAction\",\"target\":{\"@type\":\"EntryPoint\",\"urlTemplate\":\"https:\\\/\\\/www.cde.ual.es\\\/?s={search_term_string}\"},\"query-input\":{\"@type\":\"PropertyValueSpecification\",\"valueRequired\":true,\"valueName\":\"search_term_string\"}}],\"inLanguage\":\"en-US\"},{\"@type\":\"Organization\",\"@id\":\"https:\\\/\\\/www.cde.ual.es\\\/#organization\",\"name\":\"Centro de Documentaci\u00f3n Europea de Almer\u00eda\",\"url\":\"https:\\\/\\\/www.cde.ual.es\\\/\",\"logo\":{\"@type\":\"ImageObject\",\"inLanguage\":\"en-US\",\"@id\":\"https:\\\/\\\/www.cde.ual.es\\\/#\\\/schema\\\/logo\\\/image\\\/\",\"url\":\"https:\\\/\\\/www.cde.ual.es\\\/wp-content\\\/uploads\\\/2025\\\/07\\\/cde-logo-3.png\",\"contentUrl\":\"https:\\\/\\\/www.cde.ual.es\\\/wp-content\\\/uploads\\\/2025\\\/07\\\/cde-logo-3.png\",\"width\":1400,\"height\":300,\"caption\":\"Centro de Documentaci\u00f3n Europea de Almer\u00eda\"},\"image\":{\"@id\":\"https:\\\/\\\/www.cde.ual.es\\\/#\\\/schema\\\/logo\\\/image\\\/\"},\"sameAs\":[\"https:\\\/\\\/www.facebook.com\\\/cdeuniversidadalmeria\\\/\",\"https:\\\/\\\/x.com\\\/cdeualmeria\",\"https:\\\/\\\/www.tiktok.com\\\/@cdealmeria\",\"https:\\\/\\\/www.instagram.com\\\/cdealmeria\\\/\",\"https:\\\/\\\/www.linkedin.com\\\/in\\\/cde-almera-812b26a9\\\/\"]},{\"@type\":\"Person\",\"@id\":\"https:\\\/\\\/www.cde.ual.es\\\/#\\\/schema\\\/person\\\/bf2f837cf3353e2161fe1087adbd728f\",\"name\":\"BECACDE1\",\"image\":{\"@type\":\"ImageObject\",\"inLanguage\":\"en-US\",\"@id\":\"https:\\\/\\\/secure.gravatar.com\\\/avatar\\\/16a4c1e422b5dec818ee13eab3353b19db9cfd278cc10f9b0e1188a37671d9d4?s=96&d=mm&r=g\",\"url\":\"https:\\\/\\\/secure.gravatar.com\\\/avatar\\\/16a4c1e422b5dec818ee13eab3353b19db9cfd278cc10f9b0e1188a37671d9d4?s=96&d=mm&r=g\",\"contentUrl\":\"https:\\\/\\\/secure.gravatar.com\\\/avatar\\\/16a4c1e422b5dec818ee13eab3353b19db9cfd278cc10f9b0e1188a37671d9d4?s=96&d=mm&r=g\",\"caption\":\"BECACDE1\"},\"sameAs\":[\"http:\\\/\\\/www.cdealmeria.com\"]}]}<\/script>\n<!-- \/ Yoast SEO plugin. -->","yoast_head_json":{"title":"EU pledges \u20ac2.5 billion to support Syria and the region | CDE Almer\u00eda - Centro de Documentaci\u00f3n Europea - Universidad de Almer\u00eda","robots":{"index":"index","follow":"follow","max-snippet":"max-snippet:-1","max-image-preview":"max-image-preview:large","max-video-preview":"max-video-preview:-1"},"canonical":"https:\/\/www.cde.ual.es\/en\/eu-pledges-e2-5-billion-to-support-syria-and-the-region\/","og_locale":"en_US","og_type":"article","og_title":"EU pledges \u20ac2.5 billion to support Syria and the region | CDE Almer\u00eda - Centro de Documentaci\u00f3n Europea - Universidad de Almer\u00eda","og_description":"On March 17th, in a pivotal moment for Syria&#8217;s transition, the European Union hosted the ninth edition of the Brussels Conference \u201cStanding with Syria: meeting the needs for a successful transition.\u201d Amid renewed hope and significant challenges after the fall of the Assad regime, the EU alongside EU Member States, regional and international partners, as [&hellip;]","og_url":"https:\/\/www.cde.ual.es\/en\/eu-pledges-e2-5-billion-to-support-syria-and-the-region\/","og_site_name":"CDE Almer\u00eda - Centro de Documentaci\u00f3n Europea - Universidad de Almer\u00eda","article_publisher":"https:\/\/www.facebook.com\/cdeuniversidadalmeria\/","article_published_time":"2025-03-19T08:21:50+00:00","article_modified_time":"2025-04-03T11:57:29+00:00","og_image":[{"width":600,"height":400,"url":"https:\/\/www.cde.ual.es\/wp-content\/uploads\/2025\/03\/pexels-photo-7183521.jpeg","type":"image\/jpeg"}],"author":"BECACDE1","twitter_card":"summary_large_image","twitter_creator":"@cdeualmeria","twitter_site":"@cdeualmeria","twitter_misc":{"Written by":"BECACDE1","Est. reading time":"3 minutes"},"schema":{"@context":"https:\/\/schema.org","@graph":[{"@type":"Article","@id":"https:\/\/www.cde.ual.es\/en\/eu-pledges-e2-5-billion-to-support-syria-and-the-region\/#article","isPartOf":{"@id":"https:\/\/www.cde.ual.es\/en\/eu-pledges-e2-5-billion-to-support-syria-and-the-region\/"},"author":{"name":"BECACDE1","@id":"https:\/\/www.cde.ual.es\/#\/schema\/person\/bf2f837cf3353e2161fe1087adbd728f"},"headline":"EU pledges \u20ac2.5 billion to support Syria and the region","datePublished":"2025-03-19T08:21:50+00:00","dateModified":"2025-04-03T11:57:29+00:00","mainEntityOfPage":{"@id":"https:\/\/www.cde.ual.es\/en\/eu-pledges-e2-5-billion-to-support-syria-and-the-region\/"},"wordCount":366,"commentCount":0,"publisher":{"@id":"https:\/\/www.cde.ual.es\/#organization"},"image":{"@id":"https:\/\/www.cde.ual.es\/en\/eu-pledges-e2-5-billion-to-support-syria-and-the-region\/#primaryimage"},"thumbnailUrl":"https:\/\/www.cde.ual.es\/wp-content\/uploads\/2025\/03\/pexels-photo-7183521.jpeg","keywords":["European Commission","European Union","News","support","Syria","transition"],"articleSection":["EU News","International Conflicts","Syria"],"inLanguage":"en-US","potentialAction":[{"@type":"CommentAction","name":"Comment","target":["https:\/\/www.cde.ual.es\/en\/eu-pledges-e2-5-billion-to-support-syria-and-the-region\/#respond"]}]},{"@type":"WebPage","@id":"https:\/\/www.cde.ual.es\/en\/eu-pledges-e2-5-billion-to-support-syria-and-the-region\/","url":"https:\/\/www.cde.ual.es\/en\/eu-pledges-e2-5-billion-to-support-syria-and-the-region\/","name":"EU pledges \u20ac2.5 billion to support Syria and the region | CDE Almer\u00eda - Centro de Documentaci\u00f3n Europea - Universidad de Almer\u00eda","isPartOf":{"@id":"https:\/\/www.cde.ual.es\/#website"},"primaryImageOfPage":{"@id":"https:\/\/www.cde.ual.es\/en\/eu-pledges-e2-5-billion-to-support-syria-and-the-region\/#primaryimage"},"image":{"@id":"https:\/\/www.cde.ual.es\/en\/eu-pledges-e2-5-billion-to-support-syria-and-the-region\/#primaryimage"},"thumbnailUrl":"https:\/\/www.cde.ual.es\/wp-content\/uploads\/2025\/03\/pexels-photo-7183521.jpeg","datePublished":"2025-03-19T08:21:50+00:00","dateModified":"2025-04-03T11:57:29+00:00","breadcrumb":{"@id":"https:\/\/www.cde.ual.es\/en\/eu-pledges-e2-5-billion-to-support-syria-and-the-region\/#breadcrumb"},"inLanguage":"en-US","potentialAction":[{"@type":"ReadAction","target":["https:\/\/www.cde.ual.es\/en\/eu-pledges-e2-5-billion-to-support-syria-and-the-region\/"]}]},{"@type":"ImageObject","inLanguage":"en-US","@id":"https:\/\/www.cde.ual.es\/en\/eu-pledges-e2-5-billion-to-support-syria-and-the-region\/#primaryimage","url":"https:\/\/www.cde.ual.es\/wp-content\/uploads\/2025\/03\/pexels-photo-7183521.jpeg","contentUrl":"https:\/\/www.cde.ual.es\/wp-content\/uploads\/2025\/03\/pexels-photo-7183521.jpeg","width":600,"height":400},{"@type":"BreadcrumbList","@id":"https:\/\/www.cde.ual.es\/en\/eu-pledges-e2-5-billion-to-support-syria-and-the-region\/#breadcrumb","itemListElement":[{"@type":"ListItem","position":1,"name":"Inicio","item":"https:\/\/www.cde.ual.es\/en\/"},{"@type":"ListItem","position":2,"name":"EU News","item":"https:\/\/www.cde.ual.es\/en\/category\/eu-news\/"},{"@type":"ListItem","position":3,"name":"International Conflicts","item":"https:\/\/www.cde.ual.es\/en\/category\/international-conflicts\/"},{"@type":"ListItem","position":4,"name":"Syria","item":"https:\/\/www.cde.ual.es\/en\/category\/eu-news\/international-conflicts\/syria\/"},{"@type":"ListItem","position":5,"name":"EU pledges \u20ac2.5 billion to support Syria and the region"}]},{"@type":"WebSite","@id":"https:\/\/www.cde.ual.es\/#website","url":"https:\/\/www.cde.ual.es\/","name":"CDE Almer\u00eda - Centro de Documentaci\u00f3n Europea - Universidad de Almer\u00eda","description":"Centro de Documentaci\u00f3n Europea de la Universidad de Almer\u00eda","publisher":{"@id":"https:\/\/www.cde.ual.es\/#organization"},"alternateName":"CDE Almer\u00eda","potentialAction":[{"@type":"SearchAction","target":{"@type":"EntryPoint","urlTemplate":"https:\/\/www.cde.ual.es\/?s={search_term_string}"},"query-input":{"@type":"PropertyValueSpecification","valueRequired":true,"valueName":"search_term_string"}}],"inLanguage":"en-US"},{"@type":"Organization","@id":"https:\/\/www.cde.ual.es\/#organization","name":"Centro de Documentaci\u00f3n Europea de Almer\u00eda","url":"https:\/\/www.cde.ual.es\/","logo":{"@type":"ImageObject","inLanguage":"en-US","@id":"https:\/\/www.cde.ual.es\/#\/schema\/logo\/image\/","url":"https:\/\/www.cde.ual.es\/wp-content\/uploads\/2025\/07\/cde-logo-3.png","contentUrl":"https:\/\/www.cde.ual.es\/wp-content\/uploads\/2025\/07\/cde-logo-3.png","width":1400,"height":300,"caption":"Centro de Documentaci\u00f3n Europea de Almer\u00eda"},"image":{"@id":"https:\/\/www.cde.ual.es\/#\/schema\/logo\/image\/"},"sameAs":["https:\/\/www.facebook.com\/cdeuniversidadalmeria\/","https:\/\/x.com\/cdeualmeria","https:\/\/www.tiktok.com\/@cdealmeria","https:\/\/www.instagram.com\/cdealmeria\/","https:\/\/www.linkedin.com\/in\/cde-almera-812b26a9\/"]},{"@type":"Person","@id":"https:\/\/www.cde.ual.es\/#\/schema\/person\/bf2f837cf3353e2161fe1087adbd728f","name":"BECACDE1","image":{"@type":"ImageObject","inLanguage":"en-US","@id":"https:\/\/secure.gravatar.com\/avatar\/16a4c1e422b5dec818ee13eab3353b19db9cfd278cc10f9b0e1188a37671d9d4?s=96&d=mm&r=g","url":"https:\/\/secure.gravatar.com\/avatar\/16a4c1e422b5dec818ee13eab3353b19db9cfd278cc10f9b0e1188a37671d9d4?s=96&d=mm&r=g","contentUrl":"https:\/\/secure.gravatar.com\/avatar\/16a4c1e422b5dec818ee13eab3353b19db9cfd278cc10f9b0e1188a37671d9d4?s=96&d=mm&r=g","caption":"BECACDE1"},"sameAs":["http:\/\/www.cdealmeria.com"]}]}},"_links":{"self":[{"href":"https:\/\/www.cde.ual.es\/en\/wp-json\/wp\/v2\/posts\/158232","targetHints":{"allow":["GET"]}}],"collection":[{"href":"https:\/\/www.cde.ual.es\/en\/wp-json\/wp\/v2\/posts"}],"about":[{"href":"https:\/\/www.cde.ual.es\/en\/wp-json\/wp\/v2\/types\/post"}],"author":[{"embeddable":true,"href":"https:\/\/www.cde.ual.es\/en\/wp-json\/wp\/v2\/users\/101012"}],"replies":[{"embeddable":true,"href":"https:\/\/www.cde.ual.es\/en\/wp-json\/wp\/v2\/comments?post=158232"}],"version-history":[{"count":2,"href":"https:\/\/www.cde.ual.es\/en\/wp-json\/wp\/v2\/posts\/158232\/revisions"}],"predecessor-version":[{"id":158249,"href":"https:\/\/www.cde.ual.es\/en\/wp-json\/wp\/v2\/posts\/158232\/revisions\/158249"}],"wp:featuredmedia":[{"embeddable":true,"href":"https:\/\/www.cde.ual.es\/en\/wp-json\/wp\/v2\/media\/158233"}],"wp:attachment":[{"href":"https:\/\/www.cde.ual.es\/en\/wp-json\/wp\/v2\/media?parent=158232"}],"wp:term":[{"taxonomy":"category","embeddable":true,"href":"https:\/\/www.cde.ual.es\/en\/wp-json\/wp\/v2\/categories?post=158232"},{"taxonomy":"post_tag","embeddable":true,"href":"https:\/\/www.cde.ual.es\/en\/wp-json\/wp\/v2\/tags?post=158232"}],"curies":[{"name":"wp","href":"https:\/\/api.w.org\/{rel}","templated":true}]}}