{"id":157998,"date":"2025-03-13T03:00:44","date_gmt":"2025-03-13T02:00:44","guid":{"rendered":"https:\/\/www.cde.ual.es\/?p=157998"},"modified":"2025-03-12T10:42:38","modified_gmt":"2025-03-12T09:42:38","slug":"the-deployment-of-ai-to-strengthen-competitiveness-is-debated","status":"publish","type":"post","link":"https:\/\/www.cde.ual.es\/en\/the-deployment-of-ai-to-strengthen-competitiveness-is-debated\/","title":{"rendered":"The deployment of AI to strengthen competitiveness is debated"},"content":{"rendered":"<p style=\"text-align: justify;\"><strong>The contribution of regions and cities to boost European competitiveness and efforts to make Artificial Intelligence work for all citizens were the main focus of the meeting of the Commission for Economic Policy (ECON) on 10 March. \u00a0<\/strong><\/p>\n<p><a href=\"https:\/\/www.cde.ual.es\/wp-content\/uploads\/2025\/03\/ai-cloud-concept-with-robot-arms-scaled.jpg\"><img decoding=\"async\" class=\"aligncenter wp-image-157996 size-portfolio\" src=\"https:\/\/www.cde.ual.es\/wp-content\/uploads\/2025\/03\/ai-cloud-concept-with-robot-arms-620x380.jpg\" alt=\"\" width=\"620\" height=\"380\" \/><\/a><\/p>\n<p style=\"text-align: justify;\"><strong>Use of AI in public administration\u00a0<\/strong><\/p>\n<p style=\"text-align: justify;\">In efforts to improve Europe\u2019s competitiveness, advanced technologies and AI are of vital importance. During a debate on the use of Artificial Intelligence (AI) by local and regional authorities, ECON members welcomed a multidisciplinary approach to AI adoption that is based on innovation and discussed challenges linked to AI use.<\/p>\n<p style=\"text-align: justify;\">The debate, which was attended by representatives of the European Commission and the Polish Presidency of the Council of the EU, drew attention to findings from a\u00a0recent study\u00a0on AI use in regions and cities commissioned by the ECON commission, which shows that AI adoption is more prevalent in larger cities and regions.\u00a0In territories with populations between 100,000 and 500,000, approximately 54% of respondents reported using AI, while in those with populations between 500,000 and 2 million six out of seven respondents have adopted AI solutions. While many smaller cities and regions face challenges in implementing AI due to limited human resources, financial capacity or technical expertise, major funding opportunities are available at EU level, including through regional funds and the technical support instrument. Local and regional leaders further emphasised that direct public engagement, greater transparency and continuous communication between citizens and public administrations can help to build trust in AI solutions.<\/p>\n<p style=\"text-align: justify;\"><strong>European Competitiveness Compass\u00a0\u00a0<\/strong><\/p>\n<p style=\"text-align: justify;\">During a debate on the\u00a0European Commission\u2019s Competitiveness Compass, ECON members acknowledged that while the Compass provides a framework for strengthening Europe\u2019s global position, it does not sufficiently recognise the importance of regional economic structures and specific local challenges and opportunities which could contribute to improving the competitiveness of the EU. Industries such as automotive, chemicals, steel, and cement are struggling and, in some instances, moving production abroad because of the increasing costs of energy and stricter environmental regulations and lengthy permitting procedures. Therefore, local leaders stressed the need for targeted measures to reduce the cost of energy and to cut red tape.<\/p>\n<p style=\"text-align: justify;\">The role of Cohesion Policy in supporting economic balance across the EU was also discussed, with suggestions to enhance regional funding for infrastructure projects related to renewable energy, digital transformation, and the circular economy.<\/p>\n<p style=\"text-align: justify;\"><strong>Quote<\/strong><\/p>\n<p style=\"text-align: justify;\">Alberto Cirio\u00a0(IT\/EPP), chair of the ECON commission and President of Piedmont region: \u201cToday, we had important debates in ECON that contribute to shaping the future of our cities and regions. We are contributing to key aspects on the European agenda: competitiveness, digital policy and the work of the EIB Group. The Competitiveness agenda is especially fundamental for us as the CoR, and ECON looks forward to contributing to the files within the Competitiveness Compass in due course. Economic growth with Europe as an attractive manufacturing location including for energy intensive industries, promoting clean tech and new circular business models, closing the innovation gap and reducing dependencies means having a place-based approach to take on board regional and local assets and challenges, the realities of ecosystems and clusters. Access to finance for small and medium-size businesses is a key issue and we will work with other institutions and stakeholders on this in the upcoming period.\u201d<\/p>\n<p style=\"text-align: justify;\"><strong>Also during the meeting\u00a0<\/strong><\/p>\n<p style=\"text-align: justify;\">During the meeting, ECON members were presented the first results of the Municipalities Survey 2024-2025 published by the European Investment Bank (EIB). The full results, with new evidence on the investment needs from 1,000 cities across the EU, will be unveiled on 8 April at the CoR during a joint event with the EIB.\u00a0More information and registration.<\/p>\n<p style=\"text-align: justify;\">Local and regional leaders also held a debate on the long-term budget of the European Union after 2027, the so-called Multiannual Financial Framework. Similar debates are organised by every commission in the CoR to feed a plenary resolution on the topic with different inputs. The resolution is expected to be adopted in the 14-15 May CoR plenary session.<\/p>\n<p style=\"text-align: justify;\">They also appointed\u00a0William Eloffson\u00a0(SE\/EPP), Member of G\u00e4vle Municipal Council, as rapporteur on the opinion on the \u2018Clean Industrial Deal\u2019.<\/p>\n<p style=\"text-align: justify;\"><strong>Background\u00a0<\/strong><\/p>\n<ul style=\"text-align: justify;\">\n<li>Rewatch the meeting.<\/li>\n<\/ul>\n<ul style=\"text-align: justify;\">\n<li>On 11 February, the European Commission announced the\u00a0&#8220;Invest AI&#8221; initiative, aimed at mobilizing \u20ac 200 billion for investment in AI. This includes the establishment of a new European fund of \u20ac 20 billion dedicated to AI giga factories (large-scale AI computing infrastructure).<\/li>\n<\/ul>\n<ul style=\"text-align: justify;\">\n<li>As shown by the 2024 results of the CoR-supported LORDIMAS tool, 58% of participating local and regional administrations already actively involve users in service design of AI solutions. The LORDIMAS tool is a local digital maturity assessment instrument which gives the EU and its Member States an overview on the state of play of the digital transformation at local level.<\/li>\n<\/ul>\n<ul>\n<li>\n<p style=\"text-align: justify;\">In response to growing global competition and new geopolitical dynamics, the European Commission unveiled the\u00a0Competitiveness Compass\u00a0on 29 January, with the goal of enhancing Europe&#8217;s competitiveness by leveraging its innate strengths. The Compass is designed as a practical, actionable framework to guide the Commission&#8217;s work over the next five years. It aims to position Europe as a leader in key sectors vital to tomorrow&#8217;s economy while also reaching the goal of becoming the first continent to achieve climate neutrality.<\/p>\n<\/li>\n<\/ul>\n<p><strong>More information <a href=\"https:\/\/cor.europa.eu\/en\/news\/regions-and-cities-discuss-deployment-ai-and-regional-support-strengthen-competitiveness\">European Committee of the Regions.<\/a><\/strong><\/p>\n","protected":false},"excerpt":{"rendered":"<p>The contribution of regions and cities to boost European competitiveness and efforts to make Artificial Intelligence work for all citizens were the main focus of the meeting of the Commission for Economic Policy (ECON) on 10 March. \u00a0 Use of AI in public administration\u00a0 In efforts to improve Europe\u2019s competitiveness, advanced technologies and AI are [&hellip;]<\/p>\n","protected":false},"author":101011,"featured_media":157996,"comment_status":"open","ping_status":"open","sticky":false,"template":"","format":"standard","meta":{"_acf_changed":false,"_relevanssi_hide_post":"","_relevanssi_hide_content":"","_relevanssi_pin_for_all":"","_relevanssi_pin_keywords":"","_relevanssi_unpin_keywords":"","_relevanssi_related_keywords":"","_relevanssi_related_include_ids":"","_relevanssi_related_exclude_ids":"","_relevanssi_related_no_append":"","_relevanssi_related_not_related":"","_relevanssi_related_posts":"","_relevanssi_noindex_reason":"","_monsterinsights_skip_tracking":false,"_monsterinsights_sitenote_active":false,"_monsterinsights_sitenote_note":"","_monsterinsights_sitenote_category":0,"_genesis_hide_title":false,"_genesis_hide_breadcrumbs":false,"_genesis_hide_singular_image":false,"_genesis_hide_footer_widgets":false,"_genesis_custom_body_class":"","_genesis_custom_post_class":"","_genesis_layout":"","footnotes":""},"categories":[4082,4084],"tags":[965,407,779,633],"class_list":{"0":"post-157998","1":"post","2":"type-post","3":"status-publish","4":"format-standard","5":"has-post-thumbnail","7":"category-research-innovation","8":"category-technology","9":"tag-ai","10":"tag-artificial-intelligence","11":"tag-eu-en","12":"tag-work","13":"entry"},"acf":[],"yoast_head":"<!-- This site is optimized with the Yoast SEO plugin v27.5 - https:\/\/yoast.com\/product\/yoast-seo-wordpress\/ -->\n<title>The deployment of AI to strengthen competitiveness is debated | CDE Almer\u00eda - Centro de Documentaci\u00f3n Europea - Universidad de Almer\u00eda<\/title>\n<meta name=\"robots\" content=\"index, follow, max-snippet:-1, max-image-preview:large, max-video-preview:-1\" \/>\n<link rel=\"canonical\" href=\"https:\/\/www.cde.ual.es\/se-debate-el-despliegue-de-la-ia-para-fortalecer-competi\/\" \/>\n<meta property=\"og:locale\" content=\"en_US\" \/>\n<meta property=\"og:type\" content=\"article\" \/>\n<meta property=\"og:title\" content=\"The deployment of AI to strengthen competitiveness is debated | CDE Almer\u00eda - Centro de Documentaci\u00f3n Europea - Universidad de Almer\u00eda\" \/>\n<meta property=\"og:description\" content=\"The contribution of regions and cities to boost European competitiveness and efforts to make Artificial Intelligence work for all citizens were the main focus of the meeting of the Commission for Economic Policy (ECON) on 10 March. \u00a0 Use of AI in public administration\u00a0 In efforts to improve Europe\u2019s competitiveness, advanced technologies and AI are [&hellip;]\" \/>\n<meta property=\"og:url\" content=\"https:\/\/www.cde.ual.es\/se-debate-el-despliegue-de-la-ia-para-fortalecer-competi\/\" \/>\n<meta property=\"og:site_name\" content=\"CDE Almer\u00eda - Centro de Documentaci\u00f3n Europea - Universidad de Almer\u00eda\" \/>\n<meta property=\"article:publisher\" content=\"https:\/\/www.facebook.com\/cdeuniversidadalmeria\/\" \/>\n<meta property=\"article:published_time\" content=\"2025-03-13T02:00:44+00:00\" \/>\n<meta property=\"og:image\" content=\"https:\/\/www.cde.ual.es\/wp-content\/uploads\/2025\/03\/ai-cloud-concept-with-robot-arms-scaled.jpg\" \/>\n\t<meta property=\"og:image:width\" content=\"2560\" \/>\n\t<meta property=\"og:image:height\" content=\"1920\" \/>\n\t<meta property=\"og:image:type\" content=\"image\/jpeg\" \/>\n<meta name=\"author\" content=\"BECA 2 CDE\" \/>\n<meta name=\"twitter:card\" content=\"summary_large_image\" \/>\n<meta name=\"twitter:creator\" content=\"@cdeualmeria\" \/>\n<meta name=\"twitter:site\" content=\"@cdeualmeria\" \/>\n<meta name=\"twitter:label1\" content=\"Written by\" \/>\n\t<meta name=\"twitter:data1\" content=\"BECA 2 CDE\" \/>\n\t<meta name=\"twitter:label2\" content=\"Est. reading time\" \/>\n\t<meta name=\"twitter:data2\" content=\"5 minutes\" \/>\n<script type=\"application\/ld+json\" class=\"yoast-schema-graph\">{\"@context\":\"https:\\\/\\\/schema.org\",\"@graph\":[{\"@type\":\"Article\",\"@id\":\"https:\\\/\\\/www.cde.ual.es\\\/se-debate-el-despliegue-de-la-ia-para-fortalecer-competi\\\/#article\",\"isPartOf\":{\"@id\":\"https:\\\/\\\/www.cde.ual.es\\\/se-debate-el-despliegue-de-la-ia-para-fortalecer-competi\\\/\"},\"author\":{\"name\":\"BECA 2 CDE\",\"@id\":\"https:\\\/\\\/www.cde.ual.es\\\/#\\\/schema\\\/person\\\/ee46ebc19edfa19598c02cff83335acc\"},\"headline\":\"The deployment of AI to strengthen competitiveness is debated\",\"datePublished\":\"2025-03-13T02:00:44+00:00\",\"mainEntityOfPage\":{\"@id\":\"https:\\\/\\\/www.cde.ual.es\\\/se-debate-el-despliegue-de-la-ia-para-fortalecer-competi\\\/\"},\"wordCount\":879,\"commentCount\":0,\"publisher\":{\"@id\":\"https:\\\/\\\/www.cde.ual.es\\\/#organization\"},\"image\":{\"@id\":\"https:\\\/\\\/www.cde.ual.es\\\/se-debate-el-despliegue-de-la-ia-para-fortalecer-competi\\\/#primaryimage\"},\"thumbnailUrl\":\"https:\\\/\\\/www.cde.ual.es\\\/wp-content\\\/uploads\\\/2025\\\/03\\\/ai-cloud-concept-with-robot-arms-scaled.jpg\",\"keywords\":[\"AI\",\"artificial intelligence\",\"EU\",\"Work\"],\"articleSection\":[\"Research and Innovation\",\"Technology\"],\"inLanguage\":\"en-US\",\"potentialAction\":[{\"@type\":\"CommentAction\",\"name\":\"Comment\",\"target\":[\"https:\\\/\\\/www.cde.ual.es\\\/se-debate-el-despliegue-de-la-ia-para-fortalecer-competi\\\/#respond\"]}]},{\"@type\":\"WebPage\",\"@id\":\"https:\\\/\\\/www.cde.ual.es\\\/se-debate-el-despliegue-de-la-ia-para-fortalecer-competi\\\/\",\"url\":\"https:\\\/\\\/www.cde.ual.es\\\/se-debate-el-despliegue-de-la-ia-para-fortalecer-competi\\\/\",\"name\":\"The deployment of AI to strengthen competitiveness is debated | CDE Almer\u00eda - Centro de Documentaci\u00f3n Europea - Universidad de Almer\u00eda\",\"isPartOf\":{\"@id\":\"https:\\\/\\\/www.cde.ual.es\\\/#website\"},\"primaryImageOfPage\":{\"@id\":\"https:\\\/\\\/www.cde.ual.es\\\/se-debate-el-despliegue-de-la-ia-para-fortalecer-competi\\\/#primaryimage\"},\"image\":{\"@id\":\"https:\\\/\\\/www.cde.ual.es\\\/se-debate-el-despliegue-de-la-ia-para-fortalecer-competi\\\/#primaryimage\"},\"thumbnailUrl\":\"https:\\\/\\\/www.cde.ual.es\\\/wp-content\\\/uploads\\\/2025\\\/03\\\/ai-cloud-concept-with-robot-arms-scaled.jpg\",\"datePublished\":\"2025-03-13T02:00:44+00:00\",\"breadcrumb\":{\"@id\":\"https:\\\/\\\/www.cde.ual.es\\\/se-debate-el-despliegue-de-la-ia-para-fortalecer-competi\\\/#breadcrumb\"},\"inLanguage\":\"en-US\",\"potentialAction\":[{\"@type\":\"ReadAction\",\"target\":[\"https:\\\/\\\/www.cde.ual.es\\\/se-debate-el-despliegue-de-la-ia-para-fortalecer-competi\\\/\"]}]},{\"@type\":\"ImageObject\",\"inLanguage\":\"en-US\",\"@id\":\"https:\\\/\\\/www.cde.ual.es\\\/se-debate-el-despliegue-de-la-ia-para-fortalecer-competi\\\/#primaryimage\",\"url\":\"https:\\\/\\\/www.cde.ual.es\\\/wp-content\\\/uploads\\\/2025\\\/03\\\/ai-cloud-concept-with-robot-arms-scaled.jpg\",\"contentUrl\":\"https:\\\/\\\/www.cde.ual.es\\\/wp-content\\\/uploads\\\/2025\\\/03\\\/ai-cloud-concept-with-robot-arms-scaled.jpg\",\"width\":2560,\"height\":1920},{\"@type\":\"BreadcrumbList\",\"@id\":\"https:\\\/\\\/www.cde.ual.es\\\/se-debate-el-despliegue-de-la-ia-para-fortalecer-competi\\\/#breadcrumb\",\"itemListElement\":[{\"@type\":\"ListItem\",\"position\":1,\"name\":\"Inicio\",\"item\":\"https:\\\/\\\/www.cde.ual.es\\\/en\\\/\"},{\"@type\":\"ListItem\",\"position\":2,\"name\":\"Noticias UE\",\"item\":\"https:\\\/\\\/www.cde.ual.es\\\/category\\\/noticias-ue\\\/\"},{\"@type\":\"ListItem\",\"position\":3,\"name\":\"Investigaci\u00f3n e Innovaci\u00f3n\",\"item\":\"https:\\\/\\\/www.cde.ual.es\\\/category\\\/noticias-ue\\\/investigacion-innovacion\\\/\"},{\"@type\":\"ListItem\",\"position\":4,\"name\":\"Technology\",\"item\":\"https:\\\/\\\/www.cde.ual.es\\\/en\\\/category\\\/eu-news\\\/research-innovation\\\/technology\\\/\"},{\"@type\":\"ListItem\",\"position\":5,\"name\":\"The deployment of AI to strengthen competitiveness is debated\"}]},{\"@type\":\"WebSite\",\"@id\":\"https:\\\/\\\/www.cde.ual.es\\\/#website\",\"url\":\"https:\\\/\\\/www.cde.ual.es\\\/\",\"name\":\"CDE Almer\u00eda - Centro de Documentaci\u00f3n Europea - Universidad de Almer\u00eda\",\"description\":\"Centro de Documentaci\u00f3n Europea de la Universidad de Almer\u00eda\",\"publisher\":{\"@id\":\"https:\\\/\\\/www.cde.ual.es\\\/#organization\"},\"alternateName\":\"CDE Almer\u00eda\",\"potentialAction\":[{\"@type\":\"SearchAction\",\"target\":{\"@type\":\"EntryPoint\",\"urlTemplate\":\"https:\\\/\\\/www.cde.ual.es\\\/?s={search_term_string}\"},\"query-input\":{\"@type\":\"PropertyValueSpecification\",\"valueRequired\":true,\"valueName\":\"search_term_string\"}}],\"inLanguage\":\"en-US\"},{\"@type\":\"Organization\",\"@id\":\"https:\\\/\\\/www.cde.ual.es\\\/#organization\",\"name\":\"Centro de Documentaci\u00f3n Europea de Almer\u00eda\",\"url\":\"https:\\\/\\\/www.cde.ual.es\\\/\",\"logo\":{\"@type\":\"ImageObject\",\"inLanguage\":\"en-US\",\"@id\":\"https:\\\/\\\/www.cde.ual.es\\\/#\\\/schema\\\/logo\\\/image\\\/\",\"url\":\"https:\\\/\\\/www.cde.ual.es\\\/wp-content\\\/uploads\\\/2025\\\/07\\\/cde-logo-3.png\",\"contentUrl\":\"https:\\\/\\\/www.cde.ual.es\\\/wp-content\\\/uploads\\\/2025\\\/07\\\/cde-logo-3.png\",\"width\":1400,\"height\":300,\"caption\":\"Centro de Documentaci\u00f3n Europea de Almer\u00eda\"},\"image\":{\"@id\":\"https:\\\/\\\/www.cde.ual.es\\\/#\\\/schema\\\/logo\\\/image\\\/\"},\"sameAs\":[\"https:\\\/\\\/www.facebook.com\\\/cdeuniversidadalmeria\\\/\",\"https:\\\/\\\/x.com\\\/cdeualmeria\",\"https:\\\/\\\/www.tiktok.com\\\/@cdealmeria\",\"https:\\\/\\\/www.instagram.com\\\/cdealmeria\\\/\",\"https:\\\/\\\/www.linkedin.com\\\/in\\\/cde-almera-812b26a9\\\/\"]},{\"@type\":\"Person\",\"@id\":\"https:\\\/\\\/www.cde.ual.es\\\/#\\\/schema\\\/person\\\/ee46ebc19edfa19598c02cff83335acc\",\"name\":\"BECA 2 CDE\",\"image\":{\"@type\":\"ImageObject\",\"inLanguage\":\"en-US\",\"@id\":\"https:\\\/\\\/secure.gravatar.com\\\/avatar\\\/35a481bbc04bbd90e91bdfa3b0b5541036c222a49b9ad37b6889a2afcb5311a5?s=96&d=mm&r=g\",\"url\":\"https:\\\/\\\/secure.gravatar.com\\\/avatar\\\/35a481bbc04bbd90e91bdfa3b0b5541036c222a49b9ad37b6889a2afcb5311a5?s=96&d=mm&r=g\",\"contentUrl\":\"https:\\\/\\\/secure.gravatar.com\\\/avatar\\\/35a481bbc04bbd90e91bdfa3b0b5541036c222a49b9ad37b6889a2afcb5311a5?s=96&d=mm&r=g\",\"caption\":\"BECA 2 CDE\"},\"sameAs\":[\"http:\\\/\\\/www.cdealmeria.com\"]}]}<\/script>\n<!-- \/ Yoast SEO plugin. -->","yoast_head_json":{"title":"The deployment of AI to strengthen competitiveness is debated | CDE Almer\u00eda - Centro de Documentaci\u00f3n Europea - Universidad de Almer\u00eda","robots":{"index":"index","follow":"follow","max-snippet":"max-snippet:-1","max-image-preview":"max-image-preview:large","max-video-preview":"max-video-preview:-1"},"canonical":"https:\/\/www.cde.ual.es\/se-debate-el-despliegue-de-la-ia-para-fortalecer-competi\/","og_locale":"en_US","og_type":"article","og_title":"The deployment of AI to strengthen competitiveness is debated | CDE Almer\u00eda - Centro de Documentaci\u00f3n Europea - Universidad de Almer\u00eda","og_description":"The contribution of regions and cities to boost European competitiveness and efforts to make Artificial Intelligence work for all citizens were the main focus of the meeting of the Commission for Economic Policy (ECON) on 10 March. \u00a0 Use of AI in public administration\u00a0 In efforts to improve Europe\u2019s competitiveness, advanced technologies and AI are [&hellip;]","og_url":"https:\/\/www.cde.ual.es\/se-debate-el-despliegue-de-la-ia-para-fortalecer-competi\/","og_site_name":"CDE Almer\u00eda - Centro de Documentaci\u00f3n Europea - Universidad de Almer\u00eda","article_publisher":"https:\/\/www.facebook.com\/cdeuniversidadalmeria\/","article_published_time":"2025-03-13T02:00:44+00:00","og_image":[{"width":2560,"height":1920,"url":"https:\/\/www.cde.ual.es\/wp-content\/uploads\/2025\/03\/ai-cloud-concept-with-robot-arms-scaled.jpg","type":"image\/jpeg"}],"author":"BECA 2 CDE","twitter_card":"summary_large_image","twitter_creator":"@cdeualmeria","twitter_site":"@cdeualmeria","twitter_misc":{"Written by":"BECA 2 CDE","Est. reading time":"5 minutes"},"schema":{"@context":"https:\/\/schema.org","@graph":[{"@type":"Article","@id":"https:\/\/www.cde.ual.es\/se-debate-el-despliegue-de-la-ia-para-fortalecer-competi\/#article","isPartOf":{"@id":"https:\/\/www.cde.ual.es\/se-debate-el-despliegue-de-la-ia-para-fortalecer-competi\/"},"author":{"name":"BECA 2 CDE","@id":"https:\/\/www.cde.ual.es\/#\/schema\/person\/ee46ebc19edfa19598c02cff83335acc"},"headline":"The deployment of AI to strengthen competitiveness is debated","datePublished":"2025-03-13T02:00:44+00:00","mainEntityOfPage":{"@id":"https:\/\/www.cde.ual.es\/se-debate-el-despliegue-de-la-ia-para-fortalecer-competi\/"},"wordCount":879,"commentCount":0,"publisher":{"@id":"https:\/\/www.cde.ual.es\/#organization"},"image":{"@id":"https:\/\/www.cde.ual.es\/se-debate-el-despliegue-de-la-ia-para-fortalecer-competi\/#primaryimage"},"thumbnailUrl":"https:\/\/www.cde.ual.es\/wp-content\/uploads\/2025\/03\/ai-cloud-concept-with-robot-arms-scaled.jpg","keywords":["AI","artificial intelligence","EU","Work"],"articleSection":["Research and Innovation","Technology"],"inLanguage":"en-US","potentialAction":[{"@type":"CommentAction","name":"Comment","target":["https:\/\/www.cde.ual.es\/se-debate-el-despliegue-de-la-ia-para-fortalecer-competi\/#respond"]}]},{"@type":"WebPage","@id":"https:\/\/www.cde.ual.es\/se-debate-el-despliegue-de-la-ia-para-fortalecer-competi\/","url":"https:\/\/www.cde.ual.es\/se-debate-el-despliegue-de-la-ia-para-fortalecer-competi\/","name":"The deployment of AI to strengthen competitiveness is debated | CDE Almer\u00eda - Centro de Documentaci\u00f3n Europea - Universidad de Almer\u00eda","isPartOf":{"@id":"https:\/\/www.cde.ual.es\/#website"},"primaryImageOfPage":{"@id":"https:\/\/www.cde.ual.es\/se-debate-el-despliegue-de-la-ia-para-fortalecer-competi\/#primaryimage"},"image":{"@id":"https:\/\/www.cde.ual.es\/se-debate-el-despliegue-de-la-ia-para-fortalecer-competi\/#primaryimage"},"thumbnailUrl":"https:\/\/www.cde.ual.es\/wp-content\/uploads\/2025\/03\/ai-cloud-concept-with-robot-arms-scaled.jpg","datePublished":"2025-03-13T02:00:44+00:00","breadcrumb":{"@id":"https:\/\/www.cde.ual.es\/se-debate-el-despliegue-de-la-ia-para-fortalecer-competi\/#breadcrumb"},"inLanguage":"en-US","potentialAction":[{"@type":"ReadAction","target":["https:\/\/www.cde.ual.es\/se-debate-el-despliegue-de-la-ia-para-fortalecer-competi\/"]}]},{"@type":"ImageObject","inLanguage":"en-US","@id":"https:\/\/www.cde.ual.es\/se-debate-el-despliegue-de-la-ia-para-fortalecer-competi\/#primaryimage","url":"https:\/\/www.cde.ual.es\/wp-content\/uploads\/2025\/03\/ai-cloud-concept-with-robot-arms-scaled.jpg","contentUrl":"https:\/\/www.cde.ual.es\/wp-content\/uploads\/2025\/03\/ai-cloud-concept-with-robot-arms-scaled.jpg","width":2560,"height":1920},{"@type":"BreadcrumbList","@id":"https:\/\/www.cde.ual.es\/se-debate-el-despliegue-de-la-ia-para-fortalecer-competi\/#breadcrumb","itemListElement":[{"@type":"ListItem","position":1,"name":"Inicio","item":"https:\/\/www.cde.ual.es\/en\/"},{"@type":"ListItem","position":2,"name":"Noticias UE","item":"https:\/\/www.cde.ual.es\/category\/noticias-ue\/"},{"@type":"ListItem","position":3,"name":"Investigaci\u00f3n e Innovaci\u00f3n","item":"https:\/\/www.cde.ual.es\/category\/noticias-ue\/investigacion-innovacion\/"},{"@type":"ListItem","position":4,"name":"Technology","item":"https:\/\/www.cde.ual.es\/en\/category\/eu-news\/research-innovation\/technology\/"},{"@type":"ListItem","position":5,"name":"The deployment of AI to strengthen competitiveness is debated"}]},{"@type":"WebSite","@id":"https:\/\/www.cde.ual.es\/#website","url":"https:\/\/www.cde.ual.es\/","name":"CDE Almer\u00eda - Centro de Documentaci\u00f3n Europea - Universidad de Almer\u00eda","description":"Centro de Documentaci\u00f3n Europea de la Universidad de Almer\u00eda","publisher":{"@id":"https:\/\/www.cde.ual.es\/#organization"},"alternateName":"CDE Almer\u00eda","potentialAction":[{"@type":"SearchAction","target":{"@type":"EntryPoint","urlTemplate":"https:\/\/www.cde.ual.es\/?s={search_term_string}"},"query-input":{"@type":"PropertyValueSpecification","valueRequired":true,"valueName":"search_term_string"}}],"inLanguage":"en-US"},{"@type":"Organization","@id":"https:\/\/www.cde.ual.es\/#organization","name":"Centro de Documentaci\u00f3n Europea de Almer\u00eda","url":"https:\/\/www.cde.ual.es\/","logo":{"@type":"ImageObject","inLanguage":"en-US","@id":"https:\/\/www.cde.ual.es\/#\/schema\/logo\/image\/","url":"https:\/\/www.cde.ual.es\/wp-content\/uploads\/2025\/07\/cde-logo-3.png","contentUrl":"https:\/\/www.cde.ual.es\/wp-content\/uploads\/2025\/07\/cde-logo-3.png","width":1400,"height":300,"caption":"Centro de Documentaci\u00f3n Europea de Almer\u00eda"},"image":{"@id":"https:\/\/www.cde.ual.es\/#\/schema\/logo\/image\/"},"sameAs":["https:\/\/www.facebook.com\/cdeuniversidadalmeria\/","https:\/\/x.com\/cdeualmeria","https:\/\/www.tiktok.com\/@cdealmeria","https:\/\/www.instagram.com\/cdealmeria\/","https:\/\/www.linkedin.com\/in\/cde-almera-812b26a9\/"]},{"@type":"Person","@id":"https:\/\/www.cde.ual.es\/#\/schema\/person\/ee46ebc19edfa19598c02cff83335acc","name":"BECA 2 CDE","image":{"@type":"ImageObject","inLanguage":"en-US","@id":"https:\/\/secure.gravatar.com\/avatar\/35a481bbc04bbd90e91bdfa3b0b5541036c222a49b9ad37b6889a2afcb5311a5?s=96&d=mm&r=g","url":"https:\/\/secure.gravatar.com\/avatar\/35a481bbc04bbd90e91bdfa3b0b5541036c222a49b9ad37b6889a2afcb5311a5?s=96&d=mm&r=g","contentUrl":"https:\/\/secure.gravatar.com\/avatar\/35a481bbc04bbd90e91bdfa3b0b5541036c222a49b9ad37b6889a2afcb5311a5?s=96&d=mm&r=g","caption":"BECA 2 CDE"},"sameAs":["http:\/\/www.cdealmeria.com"]}]}},"_links":{"self":[{"href":"https:\/\/www.cde.ual.es\/en\/wp-json\/wp\/v2\/posts\/157998","targetHints":{"allow":["GET"]}}],"collection":[{"href":"https:\/\/www.cde.ual.es\/en\/wp-json\/wp\/v2\/posts"}],"about":[{"href":"https:\/\/www.cde.ual.es\/en\/wp-json\/wp\/v2\/types\/post"}],"author":[{"embeddable":true,"href":"https:\/\/www.cde.ual.es\/en\/wp-json\/wp\/v2\/users\/101011"}],"replies":[{"embeddable":true,"href":"https:\/\/www.cde.ual.es\/en\/wp-json\/wp\/v2\/comments?post=157998"}],"version-history":[{"count":1,"href":"https:\/\/www.cde.ual.es\/en\/wp-json\/wp\/v2\/posts\/157998\/revisions"}],"predecessor-version":[{"id":158002,"href":"https:\/\/www.cde.ual.es\/en\/wp-json\/wp\/v2\/posts\/157998\/revisions\/158002"}],"wp:featuredmedia":[{"embeddable":true,"href":"https:\/\/www.cde.ual.es\/en\/wp-json\/wp\/v2\/media\/157996"}],"wp:attachment":[{"href":"https:\/\/www.cde.ual.es\/en\/wp-json\/wp\/v2\/media?parent=157998"}],"wp:term":[{"taxonomy":"category","embeddable":true,"href":"https:\/\/www.cde.ual.es\/en\/wp-json\/wp\/v2\/categories?post=157998"},{"taxonomy":"post_tag","embeddable":true,"href":"https:\/\/www.cde.ual.es\/en\/wp-json\/wp\/v2\/tags?post=157998"}],"curies":[{"name":"wp","href":"https:\/\/api.w.org\/{rel}","templated":true}]}}