{"id":157634,"date":"2025-03-03T12:17:26","date_gmt":"2025-03-03T11:17:26","guid":{"rendered":"https:\/\/www.cde.ual.es\/?p=157634"},"modified":"2025-03-03T12:17:26","modified_gmt":"2025-03-03T11:17:26","slug":"teresa-anjinho-elected-as-new-european-ombudsman","status":"publish","type":"post","link":"https:\/\/www.cde.ual.es\/en\/teresa-anjinho-elected-as-new-european-ombudsman\/","title":{"rendered":"Teresa Anjinho elected as new European Ombudsman"},"content":{"rendered":"<div class=\"ep_gridcolumn ep-m_product ep-layout_followingscroll\" data-view1200=\"1\" data-view1020=\"1\" data-view750=\"1\" data-view640=\"1\" data-view480=\"0\" data-view320=\"0\" data-following=\"1\">\n<div class=\"ep_gridcolumn-content\">\n<div class=\"ep-a_share ep-layout_socialnetwok\">\n<div>\n<div class=\"ep_share\">\n<div class=\"ep-p_text ep-layout_whatsapp\" style=\"text-align: justify;\"><strong>The last Tuesday, Parliament backed Teresa Anjinho (Portugal) as the European Ombudsman for a five-year mandate, with the support of 344 MEPs in a secret plenary vote.<\/strong><\/div>\n<\/div>\n<\/div>\n<\/div>\n<\/div>\n<\/div>\n<div style=\"text-align: justify;\"><a href=\"https:\/\/www.cde.ual.es\/wp-content\/uploads\/2025\/03\/Teresa-Anjinho-1.jpg\"><img decoding=\"async\" class=\"aligncenter wp-image-157636 size-portfolio\" src=\"https:\/\/www.cde.ual.es\/wp-content\/uploads\/2025\/03\/Teresa-Anjinho-1-620x380.jpg\" alt=\"\" width=\"620\" height=\"380\" \/><\/a><\/div>\n<div>\n<p style=\"text-align: justify;\"><span style=\"font-size: 14pt;\"><strong>The new European Ombudsman<\/strong><\/span><\/p>\n<p style=\"text-align: justify;\">Teresa Anjinho is an independent human rights expert and academic researcher, serving as a member of the Supervisory Committee of the European Anti-Fraud Office (OLAF) and previously as Deputy Ombudsman of Portugal.<\/p>\n<p style=\"text-align: justify;\">During the Petitions Committee public hearing on 3 December 2024, Anjinho pledged to strengthen trust between the EU and its citizens by upholding the highest standards of integrity, accountability, and responsiveness.<\/p>\n<p style=\"text-align: justify;\">\u201cToday\u2019s world does not understand indecision by unnecessary formalities or bureaucracies; neither does it accept unjustified delays. We must always respect due process, rules and essential formal proceedings, but we also must deliver. It is a matter of trust in the institution, but also \u2013 in the end \u2013 in the European Union as whole,\u201d she told MEPs.<\/p>\n<p style=\"text-align: justify;\">\n<strong><span style=\"font-size: 14pt;\">Next steps<\/span><\/strong><\/p>\n<p style=\"text-align: justify;\">Once endorsed by the European Parliament, the new European Ombudsman will take office following an oath-taking ceremony on 27 February 2025 at the EU Court of Justice, for a five-year mandate.<\/p>\n<p style=\"text-align: justify;\">\n<strong><span style=\"font-size: 14pt;\">Background<\/span><\/strong><\/p>\n<p style=\"text-align: justify;\">The outgoing EU Ombudsman, Emily O\u2019Reilly from Ireland, first assumed office in July 2013 and renewed her mandate for a second term in December 2019. She was preceded by Paraskevas Nikiforos Diamandouros of Greece (2003-2013), and Jacob S\u00f6derman from Finland (1995-2003).<\/p>\n<p style=\"text-align: justify;\">Established in 1995, the European Ombudsman investigates cases of maladministration within EU institutions, bodies, offices, and agencies, acting on their own initiative or in response to complaints from EU citizens.<\/p>\n<p style=\"text-align: justify;\"><strong>More information <a href=\"https:\/\/www.europarl.europa.eu\/news\/en\/press-room\/20241212IPR25958\/teresa-anjinho-elected-as-new-european-ombudsman\">European Parliament.<\/a>\u00a0<\/strong><\/p>\n<\/div>\n","protected":false},"excerpt":{"rendered":"<p>The last Tuesday, Parliament backed Teresa Anjinho (Portugal) as the European Ombudsman for a five-year mandate, with the support of 344 MEPs in a secret plenary vote. The new European Ombudsman Teresa Anjinho is an independent human rights expert and academic researcher, serving as a member of the Supervisory Committee of the European Anti-Fraud Office [&hellip;]<\/p>\n","protected":false},"author":101011,"featured_media":157636,"comment_status":"open","ping_status":"open","sticky":false,"template":"","format":"standard","meta":{"_acf_changed":false,"_relevanssi_hide_post":"","_relevanssi_hide_content":"","_relevanssi_pin_for_all":"","_relevanssi_pin_keywords":"","_relevanssi_unpin_keywords":"","_relevanssi_related_keywords":"","_relevanssi_related_include_ids":"","_relevanssi_related_exclude_ids":"","_relevanssi_related_no_append":"","_relevanssi_related_not_related":"","_relevanssi_related_posts":"","_relevanssi_noindex_reason":"","_monsterinsights_skip_tracking":false,"_monsterinsights_sitenote_active":false,"_monsterinsights_sitenote_note":"","_monsterinsights_sitenote_category":0,"_genesis_hide_title":false,"_genesis_hide_breadcrumbs":false,"_genesis_hide_singular_image":false,"_genesis_hide_footer_widgets":false,"_genesis_custom_body_class":"","_genesis_custom_post_class":"","_genesis_layout":"","footnotes":""},"categories":[4064,4065],"tags":[2278,7173,2750,4241,13929],"class_list":{"0":"post-157634","1":"post","2":"type-post","3":"status-publish","4":"format-standard","5":"has-post-thumbnail","7":"category-institutional","8":"category-international-pol-coop","9":"tag-comision-europea-en","10":"tag-comision-europea-en-2","11":"tag-european-ombudsman","12":"tag-new","13":"tag-teresa-anjinho-en","14":"entry"},"acf":[],"yoast_head":"<!-- This site is optimized with the Yoast SEO plugin v27.5 - https:\/\/yoast.com\/product\/yoast-seo-wordpress\/ -->\n<title>Teresa Anjinho elected as new European Ombudsman | CDE Almer\u00eda - Centro de Documentaci\u00f3n Europea - Universidad de Almer\u00eda<\/title>\n<meta name=\"robots\" content=\"index, follow, max-snippet:-1, max-image-preview:large, max-video-preview:-1\" \/>\n<link rel=\"canonical\" href=\"https:\/\/www.cde.ual.es\/en\/teresa-anjinho-elected-as-new-european-ombudsman\/\" \/>\n<meta property=\"og:locale\" content=\"en_US\" \/>\n<meta property=\"og:type\" content=\"article\" \/>\n<meta property=\"og:title\" content=\"Teresa Anjinho elected as new European Ombudsman | CDE Almer\u00eda - Centro de Documentaci\u00f3n Europea - Universidad de Almer\u00eda\" \/>\n<meta property=\"og:description\" content=\"The last Tuesday, Parliament backed Teresa Anjinho (Portugal) as the European Ombudsman for a five-year mandate, with the support of 344 MEPs in a secret plenary vote. The new European Ombudsman Teresa Anjinho is an independent human rights expert and academic researcher, serving as a member of the Supervisory Committee of the European Anti-Fraud Office [&hellip;]\" \/>\n<meta property=\"og:url\" content=\"https:\/\/www.cde.ual.es\/en\/teresa-anjinho-elected-as-new-european-ombudsman\/\" \/>\n<meta property=\"og:site_name\" content=\"CDE Almer\u00eda - Centro de Documentaci\u00f3n Europea - Universidad de Almer\u00eda\" \/>\n<meta property=\"article:publisher\" content=\"https:\/\/www.facebook.com\/cdeuniversidadalmeria\/\" \/>\n<meta property=\"article:published_time\" content=\"2025-03-03T11:17:26+00:00\" \/>\n<meta property=\"og:image\" content=\"https:\/\/www.cde.ual.es\/wp-content\/uploads\/2025\/03\/Teresa-Anjinho-1.jpg\" \/>\n\t<meta property=\"og:image:width\" content=\"800\" \/>\n\t<meta property=\"og:image:height\" content=\"500\" \/>\n\t<meta property=\"og:image:type\" content=\"image\/jpeg\" \/>\n<meta name=\"author\" content=\"BECA 2 CDE\" \/>\n<meta name=\"twitter:card\" content=\"summary_large_image\" \/>\n<meta name=\"twitter:creator\" content=\"@cdeualmeria\" \/>\n<meta name=\"twitter:site\" content=\"@cdeualmeria\" \/>\n<meta name=\"twitter:label1\" content=\"Written by\" \/>\n\t<meta name=\"twitter:data1\" content=\"BECA 2 CDE\" \/>\n\t<meta name=\"twitter:label2\" content=\"Est. reading time\" \/>\n\t<meta name=\"twitter:data2\" content=\"2 minutes\" \/>\n<script type=\"application\/ld+json\" class=\"yoast-schema-graph\">{\"@context\":\"https:\\\/\\\/schema.org\",\"@graph\":[{\"@type\":\"Article\",\"@id\":\"https:\\\/\\\/www.cde.ual.es\\\/en\\\/teresa-anjinho-elected-as-new-european-ombudsman\\\/#article\",\"isPartOf\":{\"@id\":\"https:\\\/\\\/www.cde.ual.es\\\/en\\\/teresa-anjinho-elected-as-new-european-ombudsman\\\/\"},\"author\":{\"name\":\"BECA 2 CDE\",\"@id\":\"https:\\\/\\\/www.cde.ual.es\\\/#\\\/schema\\\/person\\\/ee46ebc19edfa19598c02cff83335acc\"},\"headline\":\"Teresa Anjinho elected as new European Ombudsman\",\"datePublished\":\"2025-03-03T11:17:26+00:00\",\"mainEntityOfPage\":{\"@id\":\"https:\\\/\\\/www.cde.ual.es\\\/en\\\/teresa-anjinho-elected-as-new-european-ombudsman\\\/\"},\"wordCount\":261,\"commentCount\":0,\"publisher\":{\"@id\":\"https:\\\/\\\/www.cde.ual.es\\\/#organization\"},\"image\":{\"@id\":\"https:\\\/\\\/www.cde.ual.es\\\/en\\\/teresa-anjinho-elected-as-new-european-ombudsman\\\/#primaryimage\"},\"thumbnailUrl\":\"https:\\\/\\\/www.cde.ual.es\\\/wp-content\\\/uploads\\\/2025\\\/03\\\/Teresa-Anjinho-1.jpg\",\"keywords\":[\"Comision Europea\",\"Comision Europea\",\"european ombudsman\",\"new\",\"Teresa Anjinho\"],\"articleSection\":[\"Institutional Affairs\",\"International Politics and Cooperation\"],\"inLanguage\":\"en-US\",\"potentialAction\":[{\"@type\":\"CommentAction\",\"name\":\"Comment\",\"target\":[\"https:\\\/\\\/www.cde.ual.es\\\/en\\\/teresa-anjinho-elected-as-new-european-ombudsman\\\/#respond\"]}]},{\"@type\":\"WebPage\",\"@id\":\"https:\\\/\\\/www.cde.ual.es\\\/en\\\/teresa-anjinho-elected-as-new-european-ombudsman\\\/\",\"url\":\"https:\\\/\\\/www.cde.ual.es\\\/en\\\/teresa-anjinho-elected-as-new-european-ombudsman\\\/\",\"name\":\"Teresa Anjinho elected as new European Ombudsman | CDE Almer\u00eda - Centro de Documentaci\u00f3n Europea - Universidad de Almer\u00eda\",\"isPartOf\":{\"@id\":\"https:\\\/\\\/www.cde.ual.es\\\/#website\"},\"primaryImageOfPage\":{\"@id\":\"https:\\\/\\\/www.cde.ual.es\\\/en\\\/teresa-anjinho-elected-as-new-european-ombudsman\\\/#primaryimage\"},\"image\":{\"@id\":\"https:\\\/\\\/www.cde.ual.es\\\/en\\\/teresa-anjinho-elected-as-new-european-ombudsman\\\/#primaryimage\"},\"thumbnailUrl\":\"https:\\\/\\\/www.cde.ual.es\\\/wp-content\\\/uploads\\\/2025\\\/03\\\/Teresa-Anjinho-1.jpg\",\"datePublished\":\"2025-03-03T11:17:26+00:00\",\"breadcrumb\":{\"@id\":\"https:\\\/\\\/www.cde.ual.es\\\/en\\\/teresa-anjinho-elected-as-new-european-ombudsman\\\/#breadcrumb\"},\"inLanguage\":\"en-US\",\"potentialAction\":[{\"@type\":\"ReadAction\",\"target\":[\"https:\\\/\\\/www.cde.ual.es\\\/en\\\/teresa-anjinho-elected-as-new-european-ombudsman\\\/\"]}]},{\"@type\":\"ImageObject\",\"inLanguage\":\"en-US\",\"@id\":\"https:\\\/\\\/www.cde.ual.es\\\/en\\\/teresa-anjinho-elected-as-new-european-ombudsman\\\/#primaryimage\",\"url\":\"https:\\\/\\\/www.cde.ual.es\\\/wp-content\\\/uploads\\\/2025\\\/03\\\/Teresa-Anjinho-1.jpg\",\"contentUrl\":\"https:\\\/\\\/www.cde.ual.es\\\/wp-content\\\/uploads\\\/2025\\\/03\\\/Teresa-Anjinho-1.jpg\",\"width\":800,\"height\":500},{\"@type\":\"BreadcrumbList\",\"@id\":\"https:\\\/\\\/www.cde.ual.es\\\/en\\\/teresa-anjinho-elected-as-new-european-ombudsman\\\/#breadcrumb\",\"itemListElement\":[{\"@type\":\"ListItem\",\"position\":1,\"name\":\"Inicio\",\"item\":\"https:\\\/\\\/www.cde.ual.es\\\/en\\\/\"},{\"@type\":\"ListItem\",\"position\":2,\"name\":\"EU News\",\"item\":\"https:\\\/\\\/www.cde.ual.es\\\/en\\\/category\\\/eu-news\\\/\"},{\"@type\":\"ListItem\",\"position\":3,\"name\":\"Institutional Affairs\",\"item\":\"https:\\\/\\\/www.cde.ual.es\\\/en\\\/category\\\/eu-news\\\/institutional\\\/\"},{\"@type\":\"ListItem\",\"position\":4,\"name\":\"International Politics and Cooperation\",\"item\":\"https:\\\/\\\/www.cde.ual.es\\\/en\\\/category\\\/eu-news\\\/institutional\\\/international-pol-coop\\\/\"},{\"@type\":\"ListItem\",\"position\":5,\"name\":\"Teresa Anjinho elected as new European Ombudsman\"}]},{\"@type\":\"WebSite\",\"@id\":\"https:\\\/\\\/www.cde.ual.es\\\/#website\",\"url\":\"https:\\\/\\\/www.cde.ual.es\\\/\",\"name\":\"CDE Almer\u00eda - Centro de Documentaci\u00f3n Europea - Universidad de Almer\u00eda\",\"description\":\"Centro de Documentaci\u00f3n Europea de la Universidad de Almer\u00eda\",\"publisher\":{\"@id\":\"https:\\\/\\\/www.cde.ual.es\\\/#organization\"},\"alternateName\":\"CDE Almer\u00eda\",\"potentialAction\":[{\"@type\":\"SearchAction\",\"target\":{\"@type\":\"EntryPoint\",\"urlTemplate\":\"https:\\\/\\\/www.cde.ual.es\\\/?s={search_term_string}\"},\"query-input\":{\"@type\":\"PropertyValueSpecification\",\"valueRequired\":true,\"valueName\":\"search_term_string\"}}],\"inLanguage\":\"en-US\"},{\"@type\":\"Organization\",\"@id\":\"https:\\\/\\\/www.cde.ual.es\\\/#organization\",\"name\":\"Centro de Documentaci\u00f3n Europea de Almer\u00eda\",\"url\":\"https:\\\/\\\/www.cde.ual.es\\\/\",\"logo\":{\"@type\":\"ImageObject\",\"inLanguage\":\"en-US\",\"@id\":\"https:\\\/\\\/www.cde.ual.es\\\/#\\\/schema\\\/logo\\\/image\\\/\",\"url\":\"https:\\\/\\\/www.cde.ual.es\\\/wp-content\\\/uploads\\\/2025\\\/07\\\/cde-logo-3.png\",\"contentUrl\":\"https:\\\/\\\/www.cde.ual.es\\\/wp-content\\\/uploads\\\/2025\\\/07\\\/cde-logo-3.png\",\"width\":1400,\"height\":300,\"caption\":\"Centro de Documentaci\u00f3n Europea de Almer\u00eda\"},\"image\":{\"@id\":\"https:\\\/\\\/www.cde.ual.es\\\/#\\\/schema\\\/logo\\\/image\\\/\"},\"sameAs\":[\"https:\\\/\\\/www.facebook.com\\\/cdeuniversidadalmeria\\\/\",\"https:\\\/\\\/x.com\\\/cdeualmeria\",\"https:\\\/\\\/www.tiktok.com\\\/@cdealmeria\",\"https:\\\/\\\/www.instagram.com\\\/cdealmeria\\\/\",\"https:\\\/\\\/www.linkedin.com\\\/in\\\/cde-almera-812b26a9\\\/\"]},{\"@type\":\"Person\",\"@id\":\"https:\\\/\\\/www.cde.ual.es\\\/#\\\/schema\\\/person\\\/ee46ebc19edfa19598c02cff83335acc\",\"name\":\"BECA 2 CDE\",\"image\":{\"@type\":\"ImageObject\",\"inLanguage\":\"en-US\",\"@id\":\"https:\\\/\\\/secure.gravatar.com\\\/avatar\\\/35a481bbc04bbd90e91bdfa3b0b5541036c222a49b9ad37b6889a2afcb5311a5?s=96&d=mm&r=g\",\"url\":\"https:\\\/\\\/secure.gravatar.com\\\/avatar\\\/35a481bbc04bbd90e91bdfa3b0b5541036c222a49b9ad37b6889a2afcb5311a5?s=96&d=mm&r=g\",\"contentUrl\":\"https:\\\/\\\/secure.gravatar.com\\\/avatar\\\/35a481bbc04bbd90e91bdfa3b0b5541036c222a49b9ad37b6889a2afcb5311a5?s=96&d=mm&r=g\",\"caption\":\"BECA 2 CDE\"},\"sameAs\":[\"http:\\\/\\\/www.cdealmeria.com\"]}]}<\/script>\n<!-- \/ Yoast SEO plugin. -->","yoast_head_json":{"title":"Teresa Anjinho elected as new European Ombudsman | CDE Almer\u00eda - Centro de Documentaci\u00f3n Europea - Universidad de Almer\u00eda","robots":{"index":"index","follow":"follow","max-snippet":"max-snippet:-1","max-image-preview":"max-image-preview:large","max-video-preview":"max-video-preview:-1"},"canonical":"https:\/\/www.cde.ual.es\/en\/teresa-anjinho-elected-as-new-european-ombudsman\/","og_locale":"en_US","og_type":"article","og_title":"Teresa Anjinho elected as new European Ombudsman | CDE Almer\u00eda - Centro de Documentaci\u00f3n Europea - Universidad de Almer\u00eda","og_description":"The last Tuesday, Parliament backed Teresa Anjinho (Portugal) as the European Ombudsman for a five-year mandate, with the support of 344 MEPs in a secret plenary vote. The new European Ombudsman Teresa Anjinho is an independent human rights expert and academic researcher, serving as a member of the Supervisory Committee of the European Anti-Fraud Office [&hellip;]","og_url":"https:\/\/www.cde.ual.es\/en\/teresa-anjinho-elected-as-new-european-ombudsman\/","og_site_name":"CDE Almer\u00eda - Centro de Documentaci\u00f3n Europea - Universidad de Almer\u00eda","article_publisher":"https:\/\/www.facebook.com\/cdeuniversidadalmeria\/","article_published_time":"2025-03-03T11:17:26+00:00","og_image":[{"width":800,"height":500,"url":"https:\/\/www.cde.ual.es\/wp-content\/uploads\/2025\/03\/Teresa-Anjinho-1.jpg","type":"image\/jpeg"}],"author":"BECA 2 CDE","twitter_card":"summary_large_image","twitter_creator":"@cdeualmeria","twitter_site":"@cdeualmeria","twitter_misc":{"Written by":"BECA 2 CDE","Est. reading time":"2 minutes"},"schema":{"@context":"https:\/\/schema.org","@graph":[{"@type":"Article","@id":"https:\/\/www.cde.ual.es\/en\/teresa-anjinho-elected-as-new-european-ombudsman\/#article","isPartOf":{"@id":"https:\/\/www.cde.ual.es\/en\/teresa-anjinho-elected-as-new-european-ombudsman\/"},"author":{"name":"BECA 2 CDE","@id":"https:\/\/www.cde.ual.es\/#\/schema\/person\/ee46ebc19edfa19598c02cff83335acc"},"headline":"Teresa Anjinho elected as new European Ombudsman","datePublished":"2025-03-03T11:17:26+00:00","mainEntityOfPage":{"@id":"https:\/\/www.cde.ual.es\/en\/teresa-anjinho-elected-as-new-european-ombudsman\/"},"wordCount":261,"commentCount":0,"publisher":{"@id":"https:\/\/www.cde.ual.es\/#organization"},"image":{"@id":"https:\/\/www.cde.ual.es\/en\/teresa-anjinho-elected-as-new-european-ombudsman\/#primaryimage"},"thumbnailUrl":"https:\/\/www.cde.ual.es\/wp-content\/uploads\/2025\/03\/Teresa-Anjinho-1.jpg","keywords":["Comision Europea","Comision Europea","european ombudsman","new","Teresa Anjinho"],"articleSection":["Institutional Affairs","International Politics and Cooperation"],"inLanguage":"en-US","potentialAction":[{"@type":"CommentAction","name":"Comment","target":["https:\/\/www.cde.ual.es\/en\/teresa-anjinho-elected-as-new-european-ombudsman\/#respond"]}]},{"@type":"WebPage","@id":"https:\/\/www.cde.ual.es\/en\/teresa-anjinho-elected-as-new-european-ombudsman\/","url":"https:\/\/www.cde.ual.es\/en\/teresa-anjinho-elected-as-new-european-ombudsman\/","name":"Teresa Anjinho elected as new European Ombudsman | CDE Almer\u00eda - Centro de Documentaci\u00f3n Europea - Universidad de Almer\u00eda","isPartOf":{"@id":"https:\/\/www.cde.ual.es\/#website"},"primaryImageOfPage":{"@id":"https:\/\/www.cde.ual.es\/en\/teresa-anjinho-elected-as-new-european-ombudsman\/#primaryimage"},"image":{"@id":"https:\/\/www.cde.ual.es\/en\/teresa-anjinho-elected-as-new-european-ombudsman\/#primaryimage"},"thumbnailUrl":"https:\/\/www.cde.ual.es\/wp-content\/uploads\/2025\/03\/Teresa-Anjinho-1.jpg","datePublished":"2025-03-03T11:17:26+00:00","breadcrumb":{"@id":"https:\/\/www.cde.ual.es\/en\/teresa-anjinho-elected-as-new-european-ombudsman\/#breadcrumb"},"inLanguage":"en-US","potentialAction":[{"@type":"ReadAction","target":["https:\/\/www.cde.ual.es\/en\/teresa-anjinho-elected-as-new-european-ombudsman\/"]}]},{"@type":"ImageObject","inLanguage":"en-US","@id":"https:\/\/www.cde.ual.es\/en\/teresa-anjinho-elected-as-new-european-ombudsman\/#primaryimage","url":"https:\/\/www.cde.ual.es\/wp-content\/uploads\/2025\/03\/Teresa-Anjinho-1.jpg","contentUrl":"https:\/\/www.cde.ual.es\/wp-content\/uploads\/2025\/03\/Teresa-Anjinho-1.jpg","width":800,"height":500},{"@type":"BreadcrumbList","@id":"https:\/\/www.cde.ual.es\/en\/teresa-anjinho-elected-as-new-european-ombudsman\/#breadcrumb","itemListElement":[{"@type":"ListItem","position":1,"name":"Inicio","item":"https:\/\/www.cde.ual.es\/en\/"},{"@type":"ListItem","position":2,"name":"EU News","item":"https:\/\/www.cde.ual.es\/en\/category\/eu-news\/"},{"@type":"ListItem","position":3,"name":"Institutional Affairs","item":"https:\/\/www.cde.ual.es\/en\/category\/eu-news\/institutional\/"},{"@type":"ListItem","position":4,"name":"International Politics and Cooperation","item":"https:\/\/www.cde.ual.es\/en\/category\/eu-news\/institutional\/international-pol-coop\/"},{"@type":"ListItem","position":5,"name":"Teresa Anjinho elected as new European Ombudsman"}]},{"@type":"WebSite","@id":"https:\/\/www.cde.ual.es\/#website","url":"https:\/\/www.cde.ual.es\/","name":"CDE Almer\u00eda - Centro de Documentaci\u00f3n Europea - Universidad de Almer\u00eda","description":"Centro de Documentaci\u00f3n Europea de la Universidad de Almer\u00eda","publisher":{"@id":"https:\/\/www.cde.ual.es\/#organization"},"alternateName":"CDE Almer\u00eda","potentialAction":[{"@type":"SearchAction","target":{"@type":"EntryPoint","urlTemplate":"https:\/\/www.cde.ual.es\/?s={search_term_string}"},"query-input":{"@type":"PropertyValueSpecification","valueRequired":true,"valueName":"search_term_string"}}],"inLanguage":"en-US"},{"@type":"Organization","@id":"https:\/\/www.cde.ual.es\/#organization","name":"Centro de Documentaci\u00f3n Europea de Almer\u00eda","url":"https:\/\/www.cde.ual.es\/","logo":{"@type":"ImageObject","inLanguage":"en-US","@id":"https:\/\/www.cde.ual.es\/#\/schema\/logo\/image\/","url":"https:\/\/www.cde.ual.es\/wp-content\/uploads\/2025\/07\/cde-logo-3.png","contentUrl":"https:\/\/www.cde.ual.es\/wp-content\/uploads\/2025\/07\/cde-logo-3.png","width":1400,"height":300,"caption":"Centro de Documentaci\u00f3n Europea de Almer\u00eda"},"image":{"@id":"https:\/\/www.cde.ual.es\/#\/schema\/logo\/image\/"},"sameAs":["https:\/\/www.facebook.com\/cdeuniversidadalmeria\/","https:\/\/x.com\/cdeualmeria","https:\/\/www.tiktok.com\/@cdealmeria","https:\/\/www.instagram.com\/cdealmeria\/","https:\/\/www.linkedin.com\/in\/cde-almera-812b26a9\/"]},{"@type":"Person","@id":"https:\/\/www.cde.ual.es\/#\/schema\/person\/ee46ebc19edfa19598c02cff83335acc","name":"BECA 2 CDE","image":{"@type":"ImageObject","inLanguage":"en-US","@id":"https:\/\/secure.gravatar.com\/avatar\/35a481bbc04bbd90e91bdfa3b0b5541036c222a49b9ad37b6889a2afcb5311a5?s=96&d=mm&r=g","url":"https:\/\/secure.gravatar.com\/avatar\/35a481bbc04bbd90e91bdfa3b0b5541036c222a49b9ad37b6889a2afcb5311a5?s=96&d=mm&r=g","contentUrl":"https:\/\/secure.gravatar.com\/avatar\/35a481bbc04bbd90e91bdfa3b0b5541036c222a49b9ad37b6889a2afcb5311a5?s=96&d=mm&r=g","caption":"BECA 2 CDE"},"sameAs":["http:\/\/www.cdealmeria.com"]}]}},"_links":{"self":[{"href":"https:\/\/www.cde.ual.es\/en\/wp-json\/wp\/v2\/posts\/157634","targetHints":{"allow":["GET"]}}],"collection":[{"href":"https:\/\/www.cde.ual.es\/en\/wp-json\/wp\/v2\/posts"}],"about":[{"href":"https:\/\/www.cde.ual.es\/en\/wp-json\/wp\/v2\/types\/post"}],"author":[{"embeddable":true,"href":"https:\/\/www.cde.ual.es\/en\/wp-json\/wp\/v2\/users\/101011"}],"replies":[{"embeddable":true,"href":"https:\/\/www.cde.ual.es\/en\/wp-json\/wp\/v2\/comments?post=157634"}],"version-history":[{"count":1,"href":"https:\/\/www.cde.ual.es\/en\/wp-json\/wp\/v2\/posts\/157634\/revisions"}],"predecessor-version":[{"id":157638,"href":"https:\/\/www.cde.ual.es\/en\/wp-json\/wp\/v2\/posts\/157634\/revisions\/157638"}],"wp:featuredmedia":[{"embeddable":true,"href":"https:\/\/www.cde.ual.es\/en\/wp-json\/wp\/v2\/media\/157636"}],"wp:attachment":[{"href":"https:\/\/www.cde.ual.es\/en\/wp-json\/wp\/v2\/media?parent=157634"}],"wp:term":[{"taxonomy":"category","embeddable":true,"href":"https:\/\/www.cde.ual.es\/en\/wp-json\/wp\/v2\/categories?post=157634"},{"taxonomy":"post_tag","embeddable":true,"href":"https:\/\/www.cde.ual.es\/en\/wp-json\/wp\/v2\/tags?post=157634"}],"curies":[{"name":"wp","href":"https:\/\/api.w.org\/{rel}","templated":true}]}}