{"id":157175,"date":"2025-02-19T03:00:55","date_gmt":"2025-02-19T02:00:55","guid":{"rendered":"https:\/\/www.cde.ual.es\/?p=157175"},"modified":"2025-02-17T11:21:11","modified_gmt":"2025-02-17T10:21:11","slug":"eu-organic-awards-2025-apply-now","status":"publish","type":"post","link":"https:\/\/www.cde.ual.es\/en\/eu-organic-awards-2025-apply-now\/","title":{"rendered":"EU Organic Awards 2025: apply now!"},"content":{"rendered":"<p><a href=\"https:\/\/www.cde.ual.es\/wp-content\/uploads\/2025\/02\/52378384959_973c7b42d0_o_0qHUZTVtgajB4OQsg9L2W6VSG4M_186383.webp\"><img decoding=\"async\" class=\"aligncenter wp-image-157172 size-portfolio\" src=\"https:\/\/www.cde.ual.es\/wp-content\/uploads\/2025\/02\/52378384959_973c7b42d0_o_0qHUZTVtgajB4OQsg9L2W6VSG4M_186383-620x352.webp\" alt=\"\" width=\"620\" height=\"352\" \/><\/a><\/p>\n<p style=\"text-align: justify;\"><strong>The application period for the 2025\u00a0EU Organic Awards\u00a0is officially open and will run until 27 April 2025. The awards, jointly organized by the European Committee of the Regions (CoR), the European Commission, the European Economic and Social Committee, COPA-COGECA, and IFOAM Organics Europe, recognize outstanding initiatives that contribute to the growth and success of organic production and consumption. The awards celebrate excellence, innovation, sustainability, and impact across the organic value chain.\u00a0<\/strong><\/p>\n<p style=\"text-align: justify;\">The EU Organic Awards consist of six categories and seven awards, including two special prizes presented by the CoR: best organic region or biodistrict and best organic city. Applications for these categories can be submitted until 27 April 2025, and the winners will be revealed on EU Organic Day, 23 September 2025.<\/p>\n<p style=\"text-align: justify;\">Through these awards, the CoR continues to promote sustainable organic farming by advocating legislative recommendations in its\u00a0opinion\u00a0on the EU action plan for organic farming. Additionally, in partnership with the European Commission, the CoR is committed to showcasing and supporting best practices and pioneering projects developed by local communities across the EU.<\/p>\n<p style=\"text-align: justify;\"><span style=\"font-size: 14pt;\"><strong>Quote:\u00a0<\/strong><\/span><\/p>\n<p style=\"text-align: justify;\">Kirstine Helene BILLE\u00a0(DA\/Greens), representative of the CoR in the Organic Awards jury: \u201cCommitting to organic means investing in the future of our territories. By applying for the European Organic Awards, your city or region affirms its leadership for sustainable agriculture, healthy food and a resilient local economy.\u201d<\/p>\n<p style=\"text-align: justify;\"><span style=\"font-size: 14pt;\"><strong>Background:\u00a0<\/strong><\/span><\/p>\n<ul style=\"text-align: justify;\">\n<li>The online application forms are available\u00a0here.<\/li>\n<\/ul>\n<ul style=\"text-align: justify;\">\n<li>Local and regional authorities play a key role in developing organic production in their regions. There are several levers that they can use upstream, such as land policy promoting the setting up of new farms and encouraging farmers to switch to organic farming, and downstream, by creating local markets and ensuring that those who take up organic farming have an outlet for their products. The Organic Awards for best organic region and city will encourage them to do even more for the development of this sector.<\/li>\n<\/ul>\n<ul>\n<li>\n<p style=\"text-align: justify;\">In 2024, the region of South Savo in Finland, the city of Bremen in Germany, and the district of S\u00f6rmland Bio-district, Sweden were the winners of the EU Organic Awards presented by the CoR.<\/p>\n<\/li>\n<\/ul>\n<p><strong>More information<a href=\"https:\/\/cor.europa.eu\/en\/news\/eu-organic-awards-2025-apply-now\"> European Committe of the Regions.<\/a><\/strong><\/p>\n","protected":false},"excerpt":{"rendered":"<p>The application period for the 2025\u00a0EU Organic Awards\u00a0is officially open and will run until 27 April 2025. The awards, jointly organized by the European Committee of the Regions (CoR), the European Commission, the European Economic and Social Committee, COPA-COGECA, and IFOAM Organics Europe, recognize outstanding initiatives that contribute to the growth and success of organic [&hellip;]<\/p>\n","protected":false},"author":101011,"featured_media":157172,"comment_status":"open","ping_status":"open","sticky":false,"template":"","format":"standard","meta":{"_acf_changed":false,"_relevanssi_hide_post":"","_relevanssi_hide_content":"","_relevanssi_pin_for_all":"","_relevanssi_pin_keywords":"","_relevanssi_unpin_keywords":"","_relevanssi_related_keywords":"","_relevanssi_related_include_ids":"","_relevanssi_related_exclude_ids":"","_relevanssi_related_no_append":"","_relevanssi_related_not_related":"","_relevanssi_related_posts":"","_relevanssi_noindex_reason":"","_monsterinsights_skip_tracking":false,"_monsterinsights_sitenote_active":false,"_monsterinsights_sitenote_note":"","_monsterinsights_sitenote_category":0,"_genesis_hide_title":false,"_genesis_hide_breadcrumbs":false,"_genesis_hide_singular_image":false,"_genesis_hide_footer_widgets":false,"_genesis_custom_body_class":"","_genesis_custom_post_class":"","_genesis_layout":"","footnotes":""},"categories":[12984,4085],"tags":[113,810,2999,7253,13820],"class_list":{"0":"post-157175","1":"post","2":"type-post","3":"status-publish","4":"format-standard","5":"has-post-thumbnail","7":"category-climate-action","8":"category-environment","9":"tag-agricultura","10":"tag-agricultura-en","11":"tag-future","12":"tag-organic","13":"tag-organic-means","14":"entry"},"acf":[],"yoast_head":"<!-- This site is optimized with the Yoast SEO plugin v27.5 - https:\/\/yoast.com\/product\/yoast-seo-wordpress\/ -->\n<title>EU Organic Awards 2025: apply now! | CDE Almer\u00eda - Centro de Documentaci\u00f3n Europea - Universidad de Almer\u00eda<\/title>\n<meta name=\"robots\" content=\"index, follow, max-snippet:-1, max-image-preview:large, max-video-preview:-1\" \/>\n<link rel=\"canonical\" href=\"https:\/\/www.cde.ual.es\/premios-ecologicos-de-la-ue-2025-solicite-ahora\/\" \/>\n<meta property=\"og:locale\" content=\"en_US\" \/>\n<meta property=\"og:type\" content=\"article\" \/>\n<meta property=\"og:title\" content=\"EU Organic Awards 2025: apply now! | CDE Almer\u00eda - Centro de Documentaci\u00f3n Europea - Universidad de Almer\u00eda\" \/>\n<meta property=\"og:description\" content=\"The application period for the 2025\u00a0EU Organic Awards\u00a0is officially open and will run until 27 April 2025. The awards, jointly organized by the European Committee of the Regions (CoR), the European Commission, the European Economic and Social Committee, COPA-COGECA, and IFOAM Organics Europe, recognize outstanding initiatives that contribute to the growth and success of organic [&hellip;]\" \/>\n<meta property=\"og:url\" content=\"https:\/\/www.cde.ual.es\/premios-ecologicos-de-la-ue-2025-solicite-ahora\/\" \/>\n<meta property=\"og:site_name\" content=\"CDE Almer\u00eda - Centro de Documentaci\u00f3n Europea - Universidad de Almer\u00eda\" \/>\n<meta property=\"article:publisher\" content=\"https:\/\/www.facebook.com\/cdeuniversidadalmeria\/\" \/>\n<meta property=\"article:published_time\" content=\"2025-02-19T02:00:55+00:00\" \/>\n<meta property=\"og:image\" content=\"https:\/\/www.cde.ual.es\/wp-content\/uploads\/2025\/02\/52378384959_973c7b42d0_o_0qHUZTVtgajB4OQsg9L2W6VSG4M_186383.webp\" \/>\n\t<meta property=\"og:image:width\" content=\"696\" \/>\n\t<meta property=\"og:image:height\" content=\"352\" \/>\n\t<meta property=\"og:image:type\" content=\"image\/webp\" \/>\n<meta name=\"author\" content=\"BECA 2 CDE\" \/>\n<meta name=\"twitter:card\" content=\"summary_large_image\" \/>\n<meta name=\"twitter:creator\" content=\"@cdeualmeria\" \/>\n<meta name=\"twitter:site\" content=\"@cdeualmeria\" \/>\n<meta name=\"twitter:label1\" content=\"Written by\" \/>\n\t<meta name=\"twitter:data1\" content=\"BECA 2 CDE\" \/>\n\t<meta name=\"twitter:label2\" content=\"Est. reading time\" \/>\n\t<meta name=\"twitter:data2\" content=\"3 minutes\" \/>\n<script type=\"application\/ld+json\" class=\"yoast-schema-graph\">{\"@context\":\"https:\\\/\\\/schema.org\",\"@graph\":[{\"@type\":\"Article\",\"@id\":\"https:\\\/\\\/www.cde.ual.es\\\/premios-ecologicos-de-la-ue-2025-solicite-ahora\\\/#article\",\"isPartOf\":{\"@id\":\"https:\\\/\\\/www.cde.ual.es\\\/premios-ecologicos-de-la-ue-2025-solicite-ahora\\\/\"},\"author\":{\"name\":\"BECA 2 CDE\",\"@id\":\"https:\\\/\\\/www.cde.ual.es\\\/#\\\/schema\\\/person\\\/ee46ebc19edfa19598c02cff83335acc\"},\"headline\":\"EU Organic Awards 2025: apply now!\",\"datePublished\":\"2025-02-19T02:00:55+00:00\",\"mainEntityOfPage\":{\"@id\":\"https:\\\/\\\/www.cde.ual.es\\\/premios-ecologicos-de-la-ue-2025-solicite-ahora\\\/\"},\"wordCount\":361,\"commentCount\":0,\"publisher\":{\"@id\":\"https:\\\/\\\/www.cde.ual.es\\\/#organization\"},\"image\":{\"@id\":\"https:\\\/\\\/www.cde.ual.es\\\/premios-ecologicos-de-la-ue-2025-solicite-ahora\\\/#primaryimage\"},\"thumbnailUrl\":\"https:\\\/\\\/www.cde.ual.es\\\/wp-content\\\/uploads\\\/2025\\\/02\\\/52378384959_973c7b42d0_o_0qHUZTVtgajB4OQsg9L2W6VSG4M_186383.webp\",\"keywords\":[\"Agricultura\",\"Agricultura\",\"future\",\"organic\",\"organic means\"],\"articleSection\":[\"Climate action\",\"Environmental Affairs\"],\"inLanguage\":\"en-US\",\"potentialAction\":[{\"@type\":\"CommentAction\",\"name\":\"Comment\",\"target\":[\"https:\\\/\\\/www.cde.ual.es\\\/premios-ecologicos-de-la-ue-2025-solicite-ahora\\\/#respond\"]}]},{\"@type\":\"WebPage\",\"@id\":\"https:\\\/\\\/www.cde.ual.es\\\/premios-ecologicos-de-la-ue-2025-solicite-ahora\\\/\",\"url\":\"https:\\\/\\\/www.cde.ual.es\\\/premios-ecologicos-de-la-ue-2025-solicite-ahora\\\/\",\"name\":\"EU Organic Awards 2025: apply now! | CDE Almer\u00eda - Centro de Documentaci\u00f3n Europea - Universidad de Almer\u00eda\",\"isPartOf\":{\"@id\":\"https:\\\/\\\/www.cde.ual.es\\\/#website\"},\"primaryImageOfPage\":{\"@id\":\"https:\\\/\\\/www.cde.ual.es\\\/premios-ecologicos-de-la-ue-2025-solicite-ahora\\\/#primaryimage\"},\"image\":{\"@id\":\"https:\\\/\\\/www.cde.ual.es\\\/premios-ecologicos-de-la-ue-2025-solicite-ahora\\\/#primaryimage\"},\"thumbnailUrl\":\"https:\\\/\\\/www.cde.ual.es\\\/wp-content\\\/uploads\\\/2025\\\/02\\\/52378384959_973c7b42d0_o_0qHUZTVtgajB4OQsg9L2W6VSG4M_186383.webp\",\"datePublished\":\"2025-02-19T02:00:55+00:00\",\"breadcrumb\":{\"@id\":\"https:\\\/\\\/www.cde.ual.es\\\/premios-ecologicos-de-la-ue-2025-solicite-ahora\\\/#breadcrumb\"},\"inLanguage\":\"en-US\",\"potentialAction\":[{\"@type\":\"ReadAction\",\"target\":[\"https:\\\/\\\/www.cde.ual.es\\\/premios-ecologicos-de-la-ue-2025-solicite-ahora\\\/\"]}]},{\"@type\":\"ImageObject\",\"inLanguage\":\"en-US\",\"@id\":\"https:\\\/\\\/www.cde.ual.es\\\/premios-ecologicos-de-la-ue-2025-solicite-ahora\\\/#primaryimage\",\"url\":\"https:\\\/\\\/www.cde.ual.es\\\/wp-content\\\/uploads\\\/2025\\\/02\\\/52378384959_973c7b42d0_o_0qHUZTVtgajB4OQsg9L2W6VSG4M_186383.webp\",\"contentUrl\":\"https:\\\/\\\/www.cde.ual.es\\\/wp-content\\\/uploads\\\/2025\\\/02\\\/52378384959_973c7b42d0_o_0qHUZTVtgajB4OQsg9L2W6VSG4M_186383.webp\",\"width\":696,\"height\":352},{\"@type\":\"BreadcrumbList\",\"@id\":\"https:\\\/\\\/www.cde.ual.es\\\/premios-ecologicos-de-la-ue-2025-solicite-ahora\\\/#breadcrumb\",\"itemListElement\":[{\"@type\":\"ListItem\",\"position\":1,\"name\":\"Inicio\",\"item\":\"https:\\\/\\\/www.cde.ual.es\\\/en\\\/\"},{\"@type\":\"ListItem\",\"position\":2,\"name\":\"Noticias UE\",\"item\":\"https:\\\/\\\/www.cde.ual.es\\\/category\\\/noticias-ue\\\/\"},{\"@type\":\"ListItem\",\"position\":3,\"name\":\"Medio Ambiente\",\"item\":\"https:\\\/\\\/www.cde.ual.es\\\/category\\\/noticias-ue\\\/medioambiente\\\/\"},{\"@type\":\"ListItem\",\"position\":4,\"name\":\"Climate action\",\"item\":\"https:\\\/\\\/www.cde.ual.es\\\/en\\\/category\\\/noticias-ue\\\/medioambiente\\\/climate-action\\\/\"},{\"@type\":\"ListItem\",\"position\":5,\"name\":\"EU Organic Awards 2025: apply now!\"}]},{\"@type\":\"WebSite\",\"@id\":\"https:\\\/\\\/www.cde.ual.es\\\/#website\",\"url\":\"https:\\\/\\\/www.cde.ual.es\\\/\",\"name\":\"CDE Almer\u00eda - Centro de Documentaci\u00f3n Europea - Universidad de Almer\u00eda\",\"description\":\"Centro de Documentaci\u00f3n Europea de la Universidad de Almer\u00eda\",\"publisher\":{\"@id\":\"https:\\\/\\\/www.cde.ual.es\\\/#organization\"},\"alternateName\":\"CDE Almer\u00eda\",\"potentialAction\":[{\"@type\":\"SearchAction\",\"target\":{\"@type\":\"EntryPoint\",\"urlTemplate\":\"https:\\\/\\\/www.cde.ual.es\\\/?s={search_term_string}\"},\"query-input\":{\"@type\":\"PropertyValueSpecification\",\"valueRequired\":true,\"valueName\":\"search_term_string\"}}],\"inLanguage\":\"en-US\"},{\"@type\":\"Organization\",\"@id\":\"https:\\\/\\\/www.cde.ual.es\\\/#organization\",\"name\":\"Centro de Documentaci\u00f3n Europea de Almer\u00eda\",\"url\":\"https:\\\/\\\/www.cde.ual.es\\\/\",\"logo\":{\"@type\":\"ImageObject\",\"inLanguage\":\"en-US\",\"@id\":\"https:\\\/\\\/www.cde.ual.es\\\/#\\\/schema\\\/logo\\\/image\\\/\",\"url\":\"https:\\\/\\\/www.cde.ual.es\\\/wp-content\\\/uploads\\\/2025\\\/07\\\/cde-logo-3.png\",\"contentUrl\":\"https:\\\/\\\/www.cde.ual.es\\\/wp-content\\\/uploads\\\/2025\\\/07\\\/cde-logo-3.png\",\"width\":1400,\"height\":300,\"caption\":\"Centro de Documentaci\u00f3n Europea de Almer\u00eda\"},\"image\":{\"@id\":\"https:\\\/\\\/www.cde.ual.es\\\/#\\\/schema\\\/logo\\\/image\\\/\"},\"sameAs\":[\"https:\\\/\\\/www.facebook.com\\\/cdeuniversidadalmeria\\\/\",\"https:\\\/\\\/x.com\\\/cdeualmeria\",\"https:\\\/\\\/www.tiktok.com\\\/@cdealmeria\",\"https:\\\/\\\/www.instagram.com\\\/cdealmeria\\\/\",\"https:\\\/\\\/www.linkedin.com\\\/in\\\/cde-almera-812b26a9\\\/\"]},{\"@type\":\"Person\",\"@id\":\"https:\\\/\\\/www.cde.ual.es\\\/#\\\/schema\\\/person\\\/ee46ebc19edfa19598c02cff83335acc\",\"name\":\"BECA 2 CDE\",\"image\":{\"@type\":\"ImageObject\",\"inLanguage\":\"en-US\",\"@id\":\"https:\\\/\\\/secure.gravatar.com\\\/avatar\\\/35a481bbc04bbd90e91bdfa3b0b5541036c222a49b9ad37b6889a2afcb5311a5?s=96&d=mm&r=g\",\"url\":\"https:\\\/\\\/secure.gravatar.com\\\/avatar\\\/35a481bbc04bbd90e91bdfa3b0b5541036c222a49b9ad37b6889a2afcb5311a5?s=96&d=mm&r=g\",\"contentUrl\":\"https:\\\/\\\/secure.gravatar.com\\\/avatar\\\/35a481bbc04bbd90e91bdfa3b0b5541036c222a49b9ad37b6889a2afcb5311a5?s=96&d=mm&r=g\",\"caption\":\"BECA 2 CDE\"},\"sameAs\":[\"http:\\\/\\\/www.cdealmeria.com\"]}]}<\/script>\n<!-- \/ Yoast SEO plugin. -->","yoast_head_json":{"title":"EU Organic Awards 2025: apply now! | CDE Almer\u00eda - Centro de Documentaci\u00f3n Europea - Universidad de Almer\u00eda","robots":{"index":"index","follow":"follow","max-snippet":"max-snippet:-1","max-image-preview":"max-image-preview:large","max-video-preview":"max-video-preview:-1"},"canonical":"https:\/\/www.cde.ual.es\/premios-ecologicos-de-la-ue-2025-solicite-ahora\/","og_locale":"en_US","og_type":"article","og_title":"EU Organic Awards 2025: apply now! | CDE Almer\u00eda - Centro de Documentaci\u00f3n Europea - Universidad de Almer\u00eda","og_description":"The application period for the 2025\u00a0EU Organic Awards\u00a0is officially open and will run until 27 April 2025. The awards, jointly organized by the European Committee of the Regions (CoR), the European Commission, the European Economic and Social Committee, COPA-COGECA, and IFOAM Organics Europe, recognize outstanding initiatives that contribute to the growth and success of organic [&hellip;]","og_url":"https:\/\/www.cde.ual.es\/premios-ecologicos-de-la-ue-2025-solicite-ahora\/","og_site_name":"CDE Almer\u00eda - Centro de Documentaci\u00f3n Europea - Universidad de Almer\u00eda","article_publisher":"https:\/\/www.facebook.com\/cdeuniversidadalmeria\/","article_published_time":"2025-02-19T02:00:55+00:00","og_image":[{"width":696,"height":352,"url":"https:\/\/www.cde.ual.es\/wp-content\/uploads\/2025\/02\/52378384959_973c7b42d0_o_0qHUZTVtgajB4OQsg9L2W6VSG4M_186383.webp","type":"image\/webp"}],"author":"BECA 2 CDE","twitter_card":"summary_large_image","twitter_creator":"@cdeualmeria","twitter_site":"@cdeualmeria","twitter_misc":{"Written by":"BECA 2 CDE","Est. reading time":"3 minutes"},"schema":{"@context":"https:\/\/schema.org","@graph":[{"@type":"Article","@id":"https:\/\/www.cde.ual.es\/premios-ecologicos-de-la-ue-2025-solicite-ahora\/#article","isPartOf":{"@id":"https:\/\/www.cde.ual.es\/premios-ecologicos-de-la-ue-2025-solicite-ahora\/"},"author":{"name":"BECA 2 CDE","@id":"https:\/\/www.cde.ual.es\/#\/schema\/person\/ee46ebc19edfa19598c02cff83335acc"},"headline":"EU Organic Awards 2025: apply now!","datePublished":"2025-02-19T02:00:55+00:00","mainEntityOfPage":{"@id":"https:\/\/www.cde.ual.es\/premios-ecologicos-de-la-ue-2025-solicite-ahora\/"},"wordCount":361,"commentCount":0,"publisher":{"@id":"https:\/\/www.cde.ual.es\/#organization"},"image":{"@id":"https:\/\/www.cde.ual.es\/premios-ecologicos-de-la-ue-2025-solicite-ahora\/#primaryimage"},"thumbnailUrl":"https:\/\/www.cde.ual.es\/wp-content\/uploads\/2025\/02\/52378384959_973c7b42d0_o_0qHUZTVtgajB4OQsg9L2W6VSG4M_186383.webp","keywords":["Agricultura","Agricultura","future","organic","organic means"],"articleSection":["Climate action","Environmental Affairs"],"inLanguage":"en-US","potentialAction":[{"@type":"CommentAction","name":"Comment","target":["https:\/\/www.cde.ual.es\/premios-ecologicos-de-la-ue-2025-solicite-ahora\/#respond"]}]},{"@type":"WebPage","@id":"https:\/\/www.cde.ual.es\/premios-ecologicos-de-la-ue-2025-solicite-ahora\/","url":"https:\/\/www.cde.ual.es\/premios-ecologicos-de-la-ue-2025-solicite-ahora\/","name":"EU Organic Awards 2025: apply now! | CDE Almer\u00eda - Centro de Documentaci\u00f3n Europea - Universidad de Almer\u00eda","isPartOf":{"@id":"https:\/\/www.cde.ual.es\/#website"},"primaryImageOfPage":{"@id":"https:\/\/www.cde.ual.es\/premios-ecologicos-de-la-ue-2025-solicite-ahora\/#primaryimage"},"image":{"@id":"https:\/\/www.cde.ual.es\/premios-ecologicos-de-la-ue-2025-solicite-ahora\/#primaryimage"},"thumbnailUrl":"https:\/\/www.cde.ual.es\/wp-content\/uploads\/2025\/02\/52378384959_973c7b42d0_o_0qHUZTVtgajB4OQsg9L2W6VSG4M_186383.webp","datePublished":"2025-02-19T02:00:55+00:00","breadcrumb":{"@id":"https:\/\/www.cde.ual.es\/premios-ecologicos-de-la-ue-2025-solicite-ahora\/#breadcrumb"},"inLanguage":"en-US","potentialAction":[{"@type":"ReadAction","target":["https:\/\/www.cde.ual.es\/premios-ecologicos-de-la-ue-2025-solicite-ahora\/"]}]},{"@type":"ImageObject","inLanguage":"en-US","@id":"https:\/\/www.cde.ual.es\/premios-ecologicos-de-la-ue-2025-solicite-ahora\/#primaryimage","url":"https:\/\/www.cde.ual.es\/wp-content\/uploads\/2025\/02\/52378384959_973c7b42d0_o_0qHUZTVtgajB4OQsg9L2W6VSG4M_186383.webp","contentUrl":"https:\/\/www.cde.ual.es\/wp-content\/uploads\/2025\/02\/52378384959_973c7b42d0_o_0qHUZTVtgajB4OQsg9L2W6VSG4M_186383.webp","width":696,"height":352},{"@type":"BreadcrumbList","@id":"https:\/\/www.cde.ual.es\/premios-ecologicos-de-la-ue-2025-solicite-ahora\/#breadcrumb","itemListElement":[{"@type":"ListItem","position":1,"name":"Inicio","item":"https:\/\/www.cde.ual.es\/en\/"},{"@type":"ListItem","position":2,"name":"Noticias UE","item":"https:\/\/www.cde.ual.es\/category\/noticias-ue\/"},{"@type":"ListItem","position":3,"name":"Medio Ambiente","item":"https:\/\/www.cde.ual.es\/category\/noticias-ue\/medioambiente\/"},{"@type":"ListItem","position":4,"name":"Climate action","item":"https:\/\/www.cde.ual.es\/en\/category\/noticias-ue\/medioambiente\/climate-action\/"},{"@type":"ListItem","position":5,"name":"EU Organic Awards 2025: apply now!"}]},{"@type":"WebSite","@id":"https:\/\/www.cde.ual.es\/#website","url":"https:\/\/www.cde.ual.es\/","name":"CDE Almer\u00eda - Centro de Documentaci\u00f3n Europea - Universidad de Almer\u00eda","description":"Centro de Documentaci\u00f3n Europea de la Universidad de Almer\u00eda","publisher":{"@id":"https:\/\/www.cde.ual.es\/#organization"},"alternateName":"CDE Almer\u00eda","potentialAction":[{"@type":"SearchAction","target":{"@type":"EntryPoint","urlTemplate":"https:\/\/www.cde.ual.es\/?s={search_term_string}"},"query-input":{"@type":"PropertyValueSpecification","valueRequired":true,"valueName":"search_term_string"}}],"inLanguage":"en-US"},{"@type":"Organization","@id":"https:\/\/www.cde.ual.es\/#organization","name":"Centro de Documentaci\u00f3n Europea de Almer\u00eda","url":"https:\/\/www.cde.ual.es\/","logo":{"@type":"ImageObject","inLanguage":"en-US","@id":"https:\/\/www.cde.ual.es\/#\/schema\/logo\/image\/","url":"https:\/\/www.cde.ual.es\/wp-content\/uploads\/2025\/07\/cde-logo-3.png","contentUrl":"https:\/\/www.cde.ual.es\/wp-content\/uploads\/2025\/07\/cde-logo-3.png","width":1400,"height":300,"caption":"Centro de Documentaci\u00f3n Europea de Almer\u00eda"},"image":{"@id":"https:\/\/www.cde.ual.es\/#\/schema\/logo\/image\/"},"sameAs":["https:\/\/www.facebook.com\/cdeuniversidadalmeria\/","https:\/\/x.com\/cdeualmeria","https:\/\/www.tiktok.com\/@cdealmeria","https:\/\/www.instagram.com\/cdealmeria\/","https:\/\/www.linkedin.com\/in\/cde-almera-812b26a9\/"]},{"@type":"Person","@id":"https:\/\/www.cde.ual.es\/#\/schema\/person\/ee46ebc19edfa19598c02cff83335acc","name":"BECA 2 CDE","image":{"@type":"ImageObject","inLanguage":"en-US","@id":"https:\/\/secure.gravatar.com\/avatar\/35a481bbc04bbd90e91bdfa3b0b5541036c222a49b9ad37b6889a2afcb5311a5?s=96&d=mm&r=g","url":"https:\/\/secure.gravatar.com\/avatar\/35a481bbc04bbd90e91bdfa3b0b5541036c222a49b9ad37b6889a2afcb5311a5?s=96&d=mm&r=g","contentUrl":"https:\/\/secure.gravatar.com\/avatar\/35a481bbc04bbd90e91bdfa3b0b5541036c222a49b9ad37b6889a2afcb5311a5?s=96&d=mm&r=g","caption":"BECA 2 CDE"},"sameAs":["http:\/\/www.cdealmeria.com"]}]}},"_links":{"self":[{"href":"https:\/\/www.cde.ual.es\/en\/wp-json\/wp\/v2\/posts\/157175","targetHints":{"allow":["GET"]}}],"collection":[{"href":"https:\/\/www.cde.ual.es\/en\/wp-json\/wp\/v2\/posts"}],"about":[{"href":"https:\/\/www.cde.ual.es\/en\/wp-json\/wp\/v2\/types\/post"}],"author":[{"embeddable":true,"href":"https:\/\/www.cde.ual.es\/en\/wp-json\/wp\/v2\/users\/101011"}],"replies":[{"embeddable":true,"href":"https:\/\/www.cde.ual.es\/en\/wp-json\/wp\/v2\/comments?post=157175"}],"version-history":[{"count":1,"href":"https:\/\/www.cde.ual.es\/en\/wp-json\/wp\/v2\/posts\/157175\/revisions"}],"predecessor-version":[{"id":157176,"href":"https:\/\/www.cde.ual.es\/en\/wp-json\/wp\/v2\/posts\/157175\/revisions\/157176"}],"wp:featuredmedia":[{"embeddable":true,"href":"https:\/\/www.cde.ual.es\/en\/wp-json\/wp\/v2\/media\/157172"}],"wp:attachment":[{"href":"https:\/\/www.cde.ual.es\/en\/wp-json\/wp\/v2\/media?parent=157175"}],"wp:term":[{"taxonomy":"category","embeddable":true,"href":"https:\/\/www.cde.ual.es\/en\/wp-json\/wp\/v2\/categories?post=157175"},{"taxonomy":"post_tag","embeddable":true,"href":"https:\/\/www.cde.ual.es\/en\/wp-json\/wp\/v2\/tags?post=157175"}],"curies":[{"name":"wp","href":"https:\/\/api.w.org\/{rel}","templated":true}]}}