{"id":157135,"date":"2025-02-17T09:43:28","date_gmt":"2025-02-17T08:43:28","guid":{"rendered":"https:\/\/www.cde.ual.es\/?p=157135"},"modified":"2025-02-17T10:03:08","modified_gmt":"2025-02-17T09:03:08","slug":"statement-on-the-us-reciprocal-tariff-policy","status":"publish","type":"post","link":"https:\/\/www.cde.ual.es\/en\/statement-on-the-us-reciprocal-tariff-policy\/","title":{"rendered":"Statement on the US reciprocal tariff policy"},"content":{"rendered":"<p><a href=\"https:\/\/www.cde.ual.es\/wp-content\/uploads\/2025\/02\/foto-dos-banderas-estadounidenses-o-estadounidenses-edificio-gran-altura_181624-3168.jpg\"><img decoding=\"async\" class=\"aligncenter wp-image-157133 size-portfolio\" src=\"https:\/\/www.cde.ual.es\/wp-content\/uploads\/2025\/02\/foto-dos-banderas-estadounidenses-o-estadounidenses-edificio-gran-altura_181624-3168-620x380.jpg\" alt=\"\" width=\"620\" height=\"380\" \/><\/a><\/p>\n<p style=\"text-align: justify;\">\n<blockquote>\n<p style=\"text-align: justify;\">&#8220;The European Commission views President Trump&#8217;s proposed &#8220;reciprocal\u201d trade policy as a step in the wrong direction. The EU remains committed to an open and predictable global trading system that benefits all partners.<\/p>\n<p style=\"text-align: justify;\">The EU maintains some of the lowest tariffs in the world and sees no justification for increased US tariffs on its exports. Tariffs are taxes. By imposing tariffs, the US is taxing its own citizens, raising costs for business, stifling growth and fuelling inflation. Tariffs heighten economic uncertainty and disrupt the efficiency and integration of global markets.<\/p>\n<p style=\"text-align: justify;\">World trade has flourished under predictable, transparent rules and low tariffs. For decades, the EU has worked with trading partners like the US to reduce tariffs and other trade barriers worldwide, reinforcing this openness through binding commitments in the rules-based trading system\u2014commitments that the US is now undermining.<\/p>\n<p style=\"text-align: justify;\">The EU thrives as one of the world&#8217;s most open economies, with over 70% of imports entering at zero tariff. The EU&#8217;s average applied tariff on imported goods remains among the lowest globally. Economic integration and the removal of trade barriers have been fundamental to the European Union&#8217;s success.<\/p>\n<p style=\"text-align: justify;\">We believe in trade partnerships that are mutually beneficial and balanced, grounded in transparency and fairness. That is also why the EU has the largest and fastest growing network of trade agreements in the world. The EU has negotiated and concluded over three times as many trade agreements as the US.<\/p>\n<p style=\"text-align: justify;\">The EU will react firmly and immediately against unjustified barriers to free and fair trade, including when tariffs are used to challenge legal and non-discriminatory policies. The EU will always protect European businesses, workers, and consumers from unjustified tariff measures.&#8221;<\/p>\n<\/blockquote>\n<p><strong>More information <a href=\"https:\/\/ec.europa.eu\/commission\/presscorner\/detail\/en\/statement_25_515\">European Commission.<\/a><\/strong><\/p>\n","protected":false},"excerpt":{"rendered":"<p>&#8220;The European Commission views President Trump&#8217;s proposed &#8220;reciprocal\u201d trade policy as a step in the wrong direction. The EU remains committed to an open and predictable global trading system that benefits all partners. The EU maintains some of the lowest tariffs in the world and sees no justification for increased US tariffs on its exports. [&hellip;]<\/p>\n","protected":false},"author":101011,"featured_media":157133,"comment_status":"open","ping_status":"open","sticky":false,"template":"","format":"standard","meta":{"_acf_changed":false,"_relevanssi_hide_post":"","_relevanssi_hide_content":"","_relevanssi_pin_for_all":"","_relevanssi_pin_keywords":"","_relevanssi_unpin_keywords":"","_relevanssi_related_keywords":"","_relevanssi_related_include_ids":"","_relevanssi_related_exclude_ids":"","_relevanssi_related_no_append":"","_relevanssi_related_not_related":"","_relevanssi_related_posts":"","_relevanssi_noindex_reason":"","_monsterinsights_skip_tracking":false,"_monsterinsights_sitenote_active":false,"_monsterinsights_sitenote_note":"","_monsterinsights_sitenote_category":0,"_genesis_hide_title":false,"_genesis_hide_breadcrumbs":false,"_genesis_hide_singular_image":false,"_genesis_hide_footer_widgets":false,"_genesis_custom_body_class":"","_genesis_custom_post_class":"","_genesis_layout":"","footnotes":""},"categories":[4089,4088],"tags":[],"class_list":{"0":"post-157135","1":"post","2":"type-post","3":"status-publish","4":"format-standard","5":"has-post-thumbnail","7":"category-international-trade","8":"category-market","9":"entry"},"acf":[],"yoast_head":"<!-- This site is optimized with the Yoast SEO plugin v27.4 - https:\/\/yoast.com\/product\/yoast-seo-wordpress\/ -->\n<title>Statement on the US reciprocal tariff policy | CDE Almer\u00eda - Centro de Documentaci\u00f3n Europea - Universidad de Almer\u00eda<\/title>\n<meta name=\"robots\" content=\"index, follow, max-snippet:-1, max-image-preview:large, max-video-preview:-1\" \/>\n<link rel=\"canonical\" href=\"https:\/\/www.cde.ual.es\/en\/statement-on-the-us-reciprocal-tariff-policy\/\" \/>\n<meta property=\"og:locale\" content=\"en_US\" \/>\n<meta property=\"og:type\" content=\"article\" \/>\n<meta property=\"og:title\" content=\"Statement on the US reciprocal tariff policy | CDE Almer\u00eda - Centro de Documentaci\u00f3n Europea - Universidad de Almer\u00eda\" \/>\n<meta property=\"og:description\" content=\"&#8220;The European Commission views President Trump&#8217;s proposed &#8220;reciprocal\u201d trade policy as a step in the wrong direction. The EU remains committed to an open and predictable global trading system that benefits all partners. The EU maintains some of the lowest tariffs in the world and sees no justification for increased US tariffs on its exports. [&hellip;]\" \/>\n<meta property=\"og:url\" content=\"https:\/\/www.cde.ual.es\/en\/statement-on-the-us-reciprocal-tariff-policy\/\" \/>\n<meta property=\"og:site_name\" content=\"CDE Almer\u00eda - Centro de Documentaci\u00f3n Europea - Universidad de Almer\u00eda\" \/>\n<meta property=\"article:publisher\" content=\"https:\/\/www.facebook.com\/cdeuniversidadalmeria\/\" \/>\n<meta property=\"article:published_time\" content=\"2025-02-17T08:43:28+00:00\" \/>\n<meta property=\"article:modified_time\" content=\"2025-02-17T09:03:08+00:00\" \/>\n<meta property=\"og:image\" content=\"https:\/\/www.cde.ual.es\/wp-content\/uploads\/2025\/02\/foto-dos-banderas-estadounidenses-o-estadounidenses-edificio-gran-altura_181624-3168.jpg\" \/>\n\t<meta property=\"og:image:width\" content=\"1380\" \/>\n\t<meta property=\"og:image:height\" content=\"920\" \/>\n\t<meta property=\"og:image:type\" content=\"image\/jpeg\" \/>\n<meta name=\"author\" content=\"BECA 2 CDE\" \/>\n<meta name=\"twitter:card\" content=\"summary_large_image\" \/>\n<meta name=\"twitter:creator\" content=\"@cdeualmeria\" \/>\n<meta name=\"twitter:site\" content=\"@cdeualmeria\" \/>\n<meta name=\"twitter:label1\" content=\"Written by\" \/>\n\t<meta name=\"twitter:data1\" content=\"BECA 2 CDE\" \/>\n\t<meta name=\"twitter:label2\" content=\"Est. reading time\" \/>\n\t<meta name=\"twitter:data2\" content=\"1 minute\" \/>\n<script type=\"application\/ld+json\" class=\"yoast-schema-graph\">{\"@context\":\"https:\\\/\\\/schema.org\",\"@graph\":[{\"@type\":\"Article\",\"@id\":\"https:\\\/\\\/www.cde.ual.es\\\/en\\\/statement-on-the-us-reciprocal-tariff-policy\\\/#article\",\"isPartOf\":{\"@id\":\"https:\\\/\\\/www.cde.ual.es\\\/en\\\/statement-on-the-us-reciprocal-tariff-policy\\\/\"},\"author\":{\"name\":\"BECA 2 CDE\",\"@id\":\"https:\\\/\\\/www.cde.ual.es\\\/#\\\/schema\\\/person\\\/ee46ebc19edfa19598c02cff83335acc\"},\"headline\":\"Statement on the US reciprocal tariff policy\",\"datePublished\":\"2025-02-17T08:43:28+00:00\",\"dateModified\":\"2025-02-17T09:03:08+00:00\",\"mainEntityOfPage\":{\"@id\":\"https:\\\/\\\/www.cde.ual.es\\\/en\\\/statement-on-the-us-reciprocal-tariff-policy\\\/\"},\"wordCount\":293,\"commentCount\":0,\"publisher\":{\"@id\":\"https:\\\/\\\/www.cde.ual.es\\\/#organization\"},\"image\":{\"@id\":\"https:\\\/\\\/www.cde.ual.es\\\/en\\\/statement-on-the-us-reciprocal-tariff-policy\\\/#primaryimage\"},\"thumbnailUrl\":\"https:\\\/\\\/www.cde.ual.es\\\/wp-content\\\/uploads\\\/2025\\\/02\\\/foto-dos-banderas-estadounidenses-o-estadounidenses-edificio-gran-altura_181624-3168.jpg\",\"articleSection\":[\"International Trade\",\"Market\"],\"inLanguage\":\"en-US\",\"potentialAction\":[{\"@type\":\"CommentAction\",\"name\":\"Comment\",\"target\":[\"https:\\\/\\\/www.cde.ual.es\\\/en\\\/statement-on-the-us-reciprocal-tariff-policy\\\/#respond\"]}]},{\"@type\":\"WebPage\",\"@id\":\"https:\\\/\\\/www.cde.ual.es\\\/en\\\/statement-on-the-us-reciprocal-tariff-policy\\\/\",\"url\":\"https:\\\/\\\/www.cde.ual.es\\\/en\\\/statement-on-the-us-reciprocal-tariff-policy\\\/\",\"name\":\"Statement on the US reciprocal tariff policy | CDE Almer\u00eda - Centro de Documentaci\u00f3n Europea - Universidad de Almer\u00eda\",\"isPartOf\":{\"@id\":\"https:\\\/\\\/www.cde.ual.es\\\/#website\"},\"primaryImageOfPage\":{\"@id\":\"https:\\\/\\\/www.cde.ual.es\\\/en\\\/statement-on-the-us-reciprocal-tariff-policy\\\/#primaryimage\"},\"image\":{\"@id\":\"https:\\\/\\\/www.cde.ual.es\\\/en\\\/statement-on-the-us-reciprocal-tariff-policy\\\/#primaryimage\"},\"thumbnailUrl\":\"https:\\\/\\\/www.cde.ual.es\\\/wp-content\\\/uploads\\\/2025\\\/02\\\/foto-dos-banderas-estadounidenses-o-estadounidenses-edificio-gran-altura_181624-3168.jpg\",\"datePublished\":\"2025-02-17T08:43:28+00:00\",\"dateModified\":\"2025-02-17T09:03:08+00:00\",\"breadcrumb\":{\"@id\":\"https:\\\/\\\/www.cde.ual.es\\\/en\\\/statement-on-the-us-reciprocal-tariff-policy\\\/#breadcrumb\"},\"inLanguage\":\"en-US\",\"potentialAction\":[{\"@type\":\"ReadAction\",\"target\":[\"https:\\\/\\\/www.cde.ual.es\\\/en\\\/statement-on-the-us-reciprocal-tariff-policy\\\/\"]}]},{\"@type\":\"ImageObject\",\"inLanguage\":\"en-US\",\"@id\":\"https:\\\/\\\/www.cde.ual.es\\\/en\\\/statement-on-the-us-reciprocal-tariff-policy\\\/#primaryimage\",\"url\":\"https:\\\/\\\/www.cde.ual.es\\\/wp-content\\\/uploads\\\/2025\\\/02\\\/foto-dos-banderas-estadounidenses-o-estadounidenses-edificio-gran-altura_181624-3168.jpg\",\"contentUrl\":\"https:\\\/\\\/www.cde.ual.es\\\/wp-content\\\/uploads\\\/2025\\\/02\\\/foto-dos-banderas-estadounidenses-o-estadounidenses-edificio-gran-altura_181624-3168.jpg\",\"width\":1380,\"height\":920},{\"@type\":\"BreadcrumbList\",\"@id\":\"https:\\\/\\\/www.cde.ual.es\\\/en\\\/statement-on-the-us-reciprocal-tariff-policy\\\/#breadcrumb\",\"itemListElement\":[{\"@type\":\"ListItem\",\"position\":1,\"name\":\"Inicio\",\"item\":\"https:\\\/\\\/www.cde.ual.es\\\/en\\\/\"},{\"@type\":\"ListItem\",\"position\":2,\"name\":\"EU News\",\"item\":\"https:\\\/\\\/www.cde.ual.es\\\/en\\\/category\\\/eu-news\\\/\"},{\"@type\":\"ListItem\",\"position\":3,\"name\":\"Market\",\"item\":\"https:\\\/\\\/www.cde.ual.es\\\/en\\\/category\\\/eu-news\\\/market\\\/\"},{\"@type\":\"ListItem\",\"position\":4,\"name\":\"International Trade\",\"item\":\"https:\\\/\\\/www.cde.ual.es\\\/en\\\/category\\\/eu-news\\\/market\\\/international-trade\\\/\"},{\"@type\":\"ListItem\",\"position\":5,\"name\":\"Statement on the US reciprocal tariff policy\"}]},{\"@type\":\"WebSite\",\"@id\":\"https:\\\/\\\/www.cde.ual.es\\\/#website\",\"url\":\"https:\\\/\\\/www.cde.ual.es\\\/\",\"name\":\"CDE Almer\u00eda - Centro de Documentaci\u00f3n Europea - Universidad de Almer\u00eda\",\"description\":\"Centro de Documentaci\u00f3n Europea de la Universidad de Almer\u00eda\",\"publisher\":{\"@id\":\"https:\\\/\\\/www.cde.ual.es\\\/#organization\"},\"alternateName\":\"CDE Almer\u00eda\",\"potentialAction\":[{\"@type\":\"SearchAction\",\"target\":{\"@type\":\"EntryPoint\",\"urlTemplate\":\"https:\\\/\\\/www.cde.ual.es\\\/?s={search_term_string}\"},\"query-input\":{\"@type\":\"PropertyValueSpecification\",\"valueRequired\":true,\"valueName\":\"search_term_string\"}}],\"inLanguage\":\"en-US\"},{\"@type\":\"Organization\",\"@id\":\"https:\\\/\\\/www.cde.ual.es\\\/#organization\",\"name\":\"Centro de Documentaci\u00f3n Europea de Almer\u00eda\",\"url\":\"https:\\\/\\\/www.cde.ual.es\\\/\",\"logo\":{\"@type\":\"ImageObject\",\"inLanguage\":\"en-US\",\"@id\":\"https:\\\/\\\/www.cde.ual.es\\\/#\\\/schema\\\/logo\\\/image\\\/\",\"url\":\"https:\\\/\\\/www.cde.ual.es\\\/wp-content\\\/uploads\\\/2025\\\/07\\\/cde-logo-3.png\",\"contentUrl\":\"https:\\\/\\\/www.cde.ual.es\\\/wp-content\\\/uploads\\\/2025\\\/07\\\/cde-logo-3.png\",\"width\":1400,\"height\":300,\"caption\":\"Centro de Documentaci\u00f3n Europea de Almer\u00eda\"},\"image\":{\"@id\":\"https:\\\/\\\/www.cde.ual.es\\\/#\\\/schema\\\/logo\\\/image\\\/\"},\"sameAs\":[\"https:\\\/\\\/www.facebook.com\\\/cdeuniversidadalmeria\\\/\",\"https:\\\/\\\/x.com\\\/cdeualmeria\",\"https:\\\/\\\/www.tiktok.com\\\/@cdealmeria\",\"https:\\\/\\\/www.instagram.com\\\/cdealmeria\\\/\",\"https:\\\/\\\/www.linkedin.com\\\/in\\\/cde-almera-812b26a9\\\/\"]},{\"@type\":\"Person\",\"@id\":\"https:\\\/\\\/www.cde.ual.es\\\/#\\\/schema\\\/person\\\/ee46ebc19edfa19598c02cff83335acc\",\"name\":\"BECA 2 CDE\",\"image\":{\"@type\":\"ImageObject\",\"inLanguage\":\"en-US\",\"@id\":\"https:\\\/\\\/secure.gravatar.com\\\/avatar\\\/35a481bbc04bbd90e91bdfa3b0b5541036c222a49b9ad37b6889a2afcb5311a5?s=96&d=mm&r=g\",\"url\":\"https:\\\/\\\/secure.gravatar.com\\\/avatar\\\/35a481bbc04bbd90e91bdfa3b0b5541036c222a49b9ad37b6889a2afcb5311a5?s=96&d=mm&r=g\",\"contentUrl\":\"https:\\\/\\\/secure.gravatar.com\\\/avatar\\\/35a481bbc04bbd90e91bdfa3b0b5541036c222a49b9ad37b6889a2afcb5311a5?s=96&d=mm&r=g\",\"caption\":\"BECA 2 CDE\"},\"sameAs\":[\"http:\\\/\\\/www.cdealmeria.com\"]}]}<\/script>\n<!-- \/ Yoast SEO plugin. -->","yoast_head_json":{"title":"Statement on the US reciprocal tariff policy | CDE Almer\u00eda - Centro de Documentaci\u00f3n Europea - Universidad de Almer\u00eda","robots":{"index":"index","follow":"follow","max-snippet":"max-snippet:-1","max-image-preview":"max-image-preview:large","max-video-preview":"max-video-preview:-1"},"canonical":"https:\/\/www.cde.ual.es\/en\/statement-on-the-us-reciprocal-tariff-policy\/","og_locale":"en_US","og_type":"article","og_title":"Statement on the US reciprocal tariff policy | CDE Almer\u00eda - Centro de Documentaci\u00f3n Europea - Universidad de Almer\u00eda","og_description":"&#8220;The European Commission views President Trump&#8217;s proposed &#8220;reciprocal\u201d trade policy as a step in the wrong direction. The EU remains committed to an open and predictable global trading system that benefits all partners. The EU maintains some of the lowest tariffs in the world and sees no justification for increased US tariffs on its exports. [&hellip;]","og_url":"https:\/\/www.cde.ual.es\/en\/statement-on-the-us-reciprocal-tariff-policy\/","og_site_name":"CDE Almer\u00eda - Centro de Documentaci\u00f3n Europea - Universidad de Almer\u00eda","article_publisher":"https:\/\/www.facebook.com\/cdeuniversidadalmeria\/","article_published_time":"2025-02-17T08:43:28+00:00","article_modified_time":"2025-02-17T09:03:08+00:00","og_image":[{"width":1380,"height":920,"url":"https:\/\/www.cde.ual.es\/wp-content\/uploads\/2025\/02\/foto-dos-banderas-estadounidenses-o-estadounidenses-edificio-gran-altura_181624-3168.jpg","type":"image\/jpeg"}],"author":"BECA 2 CDE","twitter_card":"summary_large_image","twitter_creator":"@cdeualmeria","twitter_site":"@cdeualmeria","twitter_misc":{"Written by":"BECA 2 CDE","Est. reading time":"1 minute"},"schema":{"@context":"https:\/\/schema.org","@graph":[{"@type":"Article","@id":"https:\/\/www.cde.ual.es\/en\/statement-on-the-us-reciprocal-tariff-policy\/#article","isPartOf":{"@id":"https:\/\/www.cde.ual.es\/en\/statement-on-the-us-reciprocal-tariff-policy\/"},"author":{"name":"BECA 2 CDE","@id":"https:\/\/www.cde.ual.es\/#\/schema\/person\/ee46ebc19edfa19598c02cff83335acc"},"headline":"Statement on the US reciprocal tariff policy","datePublished":"2025-02-17T08:43:28+00:00","dateModified":"2025-02-17T09:03:08+00:00","mainEntityOfPage":{"@id":"https:\/\/www.cde.ual.es\/en\/statement-on-the-us-reciprocal-tariff-policy\/"},"wordCount":293,"commentCount":0,"publisher":{"@id":"https:\/\/www.cde.ual.es\/#organization"},"image":{"@id":"https:\/\/www.cde.ual.es\/en\/statement-on-the-us-reciprocal-tariff-policy\/#primaryimage"},"thumbnailUrl":"https:\/\/www.cde.ual.es\/wp-content\/uploads\/2025\/02\/foto-dos-banderas-estadounidenses-o-estadounidenses-edificio-gran-altura_181624-3168.jpg","articleSection":["International Trade","Market"],"inLanguage":"en-US","potentialAction":[{"@type":"CommentAction","name":"Comment","target":["https:\/\/www.cde.ual.es\/en\/statement-on-the-us-reciprocal-tariff-policy\/#respond"]}]},{"@type":"WebPage","@id":"https:\/\/www.cde.ual.es\/en\/statement-on-the-us-reciprocal-tariff-policy\/","url":"https:\/\/www.cde.ual.es\/en\/statement-on-the-us-reciprocal-tariff-policy\/","name":"Statement on the US reciprocal tariff policy | CDE Almer\u00eda - Centro de Documentaci\u00f3n Europea - Universidad de Almer\u00eda","isPartOf":{"@id":"https:\/\/www.cde.ual.es\/#website"},"primaryImageOfPage":{"@id":"https:\/\/www.cde.ual.es\/en\/statement-on-the-us-reciprocal-tariff-policy\/#primaryimage"},"image":{"@id":"https:\/\/www.cde.ual.es\/en\/statement-on-the-us-reciprocal-tariff-policy\/#primaryimage"},"thumbnailUrl":"https:\/\/www.cde.ual.es\/wp-content\/uploads\/2025\/02\/foto-dos-banderas-estadounidenses-o-estadounidenses-edificio-gran-altura_181624-3168.jpg","datePublished":"2025-02-17T08:43:28+00:00","dateModified":"2025-02-17T09:03:08+00:00","breadcrumb":{"@id":"https:\/\/www.cde.ual.es\/en\/statement-on-the-us-reciprocal-tariff-policy\/#breadcrumb"},"inLanguage":"en-US","potentialAction":[{"@type":"ReadAction","target":["https:\/\/www.cde.ual.es\/en\/statement-on-the-us-reciprocal-tariff-policy\/"]}]},{"@type":"ImageObject","inLanguage":"en-US","@id":"https:\/\/www.cde.ual.es\/en\/statement-on-the-us-reciprocal-tariff-policy\/#primaryimage","url":"https:\/\/www.cde.ual.es\/wp-content\/uploads\/2025\/02\/foto-dos-banderas-estadounidenses-o-estadounidenses-edificio-gran-altura_181624-3168.jpg","contentUrl":"https:\/\/www.cde.ual.es\/wp-content\/uploads\/2025\/02\/foto-dos-banderas-estadounidenses-o-estadounidenses-edificio-gran-altura_181624-3168.jpg","width":1380,"height":920},{"@type":"BreadcrumbList","@id":"https:\/\/www.cde.ual.es\/en\/statement-on-the-us-reciprocal-tariff-policy\/#breadcrumb","itemListElement":[{"@type":"ListItem","position":1,"name":"Inicio","item":"https:\/\/www.cde.ual.es\/en\/"},{"@type":"ListItem","position":2,"name":"EU News","item":"https:\/\/www.cde.ual.es\/en\/category\/eu-news\/"},{"@type":"ListItem","position":3,"name":"Market","item":"https:\/\/www.cde.ual.es\/en\/category\/eu-news\/market\/"},{"@type":"ListItem","position":4,"name":"International Trade","item":"https:\/\/www.cde.ual.es\/en\/category\/eu-news\/market\/international-trade\/"},{"@type":"ListItem","position":5,"name":"Statement on the US reciprocal tariff policy"}]},{"@type":"WebSite","@id":"https:\/\/www.cde.ual.es\/#website","url":"https:\/\/www.cde.ual.es\/","name":"CDE Almer\u00eda - Centro de Documentaci\u00f3n Europea - Universidad de Almer\u00eda","description":"Centro de Documentaci\u00f3n Europea de la Universidad de Almer\u00eda","publisher":{"@id":"https:\/\/www.cde.ual.es\/#organization"},"alternateName":"CDE Almer\u00eda","potentialAction":[{"@type":"SearchAction","target":{"@type":"EntryPoint","urlTemplate":"https:\/\/www.cde.ual.es\/?s={search_term_string}"},"query-input":{"@type":"PropertyValueSpecification","valueRequired":true,"valueName":"search_term_string"}}],"inLanguage":"en-US"},{"@type":"Organization","@id":"https:\/\/www.cde.ual.es\/#organization","name":"Centro de Documentaci\u00f3n Europea de Almer\u00eda","url":"https:\/\/www.cde.ual.es\/","logo":{"@type":"ImageObject","inLanguage":"en-US","@id":"https:\/\/www.cde.ual.es\/#\/schema\/logo\/image\/","url":"https:\/\/www.cde.ual.es\/wp-content\/uploads\/2025\/07\/cde-logo-3.png","contentUrl":"https:\/\/www.cde.ual.es\/wp-content\/uploads\/2025\/07\/cde-logo-3.png","width":1400,"height":300,"caption":"Centro de Documentaci\u00f3n Europea de Almer\u00eda"},"image":{"@id":"https:\/\/www.cde.ual.es\/#\/schema\/logo\/image\/"},"sameAs":["https:\/\/www.facebook.com\/cdeuniversidadalmeria\/","https:\/\/x.com\/cdeualmeria","https:\/\/www.tiktok.com\/@cdealmeria","https:\/\/www.instagram.com\/cdealmeria\/","https:\/\/www.linkedin.com\/in\/cde-almera-812b26a9\/"]},{"@type":"Person","@id":"https:\/\/www.cde.ual.es\/#\/schema\/person\/ee46ebc19edfa19598c02cff83335acc","name":"BECA 2 CDE","image":{"@type":"ImageObject","inLanguage":"en-US","@id":"https:\/\/secure.gravatar.com\/avatar\/35a481bbc04bbd90e91bdfa3b0b5541036c222a49b9ad37b6889a2afcb5311a5?s=96&d=mm&r=g","url":"https:\/\/secure.gravatar.com\/avatar\/35a481bbc04bbd90e91bdfa3b0b5541036c222a49b9ad37b6889a2afcb5311a5?s=96&d=mm&r=g","contentUrl":"https:\/\/secure.gravatar.com\/avatar\/35a481bbc04bbd90e91bdfa3b0b5541036c222a49b9ad37b6889a2afcb5311a5?s=96&d=mm&r=g","caption":"BECA 2 CDE"},"sameAs":["http:\/\/www.cdealmeria.com"]}]}},"_links":{"self":[{"href":"https:\/\/www.cde.ual.es\/en\/wp-json\/wp\/v2\/posts\/157135","targetHints":{"allow":["GET"]}}],"collection":[{"href":"https:\/\/www.cde.ual.es\/en\/wp-json\/wp\/v2\/posts"}],"about":[{"href":"https:\/\/www.cde.ual.es\/en\/wp-json\/wp\/v2\/types\/post"}],"author":[{"embeddable":true,"href":"https:\/\/www.cde.ual.es\/en\/wp-json\/wp\/v2\/users\/101011"}],"replies":[{"embeddable":true,"href":"https:\/\/www.cde.ual.es\/en\/wp-json\/wp\/v2\/comments?post=157135"}],"version-history":[{"count":2,"href":"https:\/\/www.cde.ual.es\/en\/wp-json\/wp\/v2\/posts\/157135\/revisions"}],"predecessor-version":[{"id":157143,"href":"https:\/\/www.cde.ual.es\/en\/wp-json\/wp\/v2\/posts\/157135\/revisions\/157143"}],"wp:featuredmedia":[{"embeddable":true,"href":"https:\/\/www.cde.ual.es\/en\/wp-json\/wp\/v2\/media\/157133"}],"wp:attachment":[{"href":"https:\/\/www.cde.ual.es\/en\/wp-json\/wp\/v2\/media?parent=157135"}],"wp:term":[{"taxonomy":"category","embeddable":true,"href":"https:\/\/www.cde.ual.es\/en\/wp-json\/wp\/v2\/categories?post=157135"},{"taxonomy":"post_tag","embeddable":true,"href":"https:\/\/www.cde.ual.es\/en\/wp-json\/wp\/v2\/tags?post=157135"}],"curies":[{"name":"wp","href":"https:\/\/api.w.org\/{rel}","templated":true}]}}