{"id":157062,"date":"2025-02-14T03:00:34","date_gmt":"2025-02-14T02:00:34","guid":{"rendered":"https:\/\/www.cde.ual.es\/?p=157062"},"modified":"2025-02-13T11:26:39","modified_gmt":"2025-02-13T10:26:39","slug":"a-bolder-simpler-faster-union","status":"publish","type":"post","link":"https:\/\/www.cde.ual.es\/en\/a-bolder-simpler-faster-union\/","title":{"rendered":"A bolder, simpler, faster Union"},"content":{"rendered":"<p style=\"text-align: justify;\">The Commission has adopted its\u00a0<strong>2025 work programme<\/strong>, outlining its ambition to\u00a0<strong>boost competitiveness, enhance security, and bolster economic resilience\u00a0<\/strong>in the EU. It builds on the commitments set out in the\u00a0Political Guidelines\u00a0and the mission letters sent by President\u00a0<strong>von der Leyen<\/strong>.<\/p>\n<p><a href=\"https:\/\/www.cde.ual.es\/wp-content\/uploads\/2025\/02\/amigos-tableta-calle-vieja_23-2147762268.jpg\"><img decoding=\"async\" class=\"aligncenter wp-image-157060 size-portfolio\" src=\"https:\/\/www.cde.ual.es\/wp-content\/uploads\/2025\/02\/amigos-tableta-calle-vieja_23-2147762268-620x380.jpg\" alt=\"\" width=\"620\" height=\"380\" \/><\/a><\/p>\n<p style=\"text-align: justify;\">The work programme focuses on the flagship initiatives the Commission will take in the first year of its mandate, responding to the issues that matter most to Europeans. It reflects the need for\u00a0<strong>more opportunities, innovation, and growth<\/strong>\u00a0for our citizens and businesses, ultimately fostering a more secure and prosperous EU. The newly proposed initiatives are laid out in a dedicated annex together with the evaluations and fitness checks announced today.<\/p>\n<p style=\"text-align: justify;\">A Communication on Implementation and Simplification accompanies the work programme. It sets out how the Commission plans, over the next five years, to make implementation of EU rules easier in practice, and to\u00a0<strong>reduce administrative burdens and simplify EU rules<\/strong>. It contains targets and tools to help lighten the regulatory load, boost competitiveness and resilience, and deliver fast and meaningful improvements for people and businesses.<\/p>\n<p style=\"text-align: justify;\"><span style=\"font-size: 14pt;\"><strong>A strategic implementation and simplification agenda<\/strong><\/span><\/p>\n<p style=\"text-align: justify;\">The 2025 work programme focuses strongly on simplification. It includes a\u00a0<strong>first series of Omnibus packages\u00a0<\/strong>and proposals designed to make EU policies and laws work better and faster to strengthen the EU&#8217;s competitiveness.<\/p>\n<p style=\"text-align: justify;\">The first Omnibus will put forward far-reaching simplification, notably in the fields of sustainable finance reporting, sustainability due diligence and taxonomy. Other initiatives, like the Industrial Decarbonisation Accelerator Act, will streamline permit granting, authorisations and reporting requirements. A new definition of small mid-caps will lighten the regulatory load so that SMEs face less obstacles when they grow bigger.<\/p>\n<p style=\"text-align: justify;\">Simplification measures concerning the\u00a0<strong>Common Agriculture Policy<\/strong>\u00a0and other policy areas affecting farmers will further address sources of complexity and excessive administrative burden for national administrations and farmers. Further simplification proposals will be explored, including a possible omnibus in the area of\u00a0<strong>defence\u00a0<\/strong>to help reach the investment goals that will be set out in the White Paper, and to allow innovative companies to flourish.<\/p>\n<p style=\"text-align: justify;\"><span style=\"font-size: 14pt;\"><strong>Moving forward together: the key deliverables of the 2025 Commission work programme<\/strong><\/span><\/p>\n<ul style=\"text-align: justify;\">\n<li><strong>Sustainable Prosperity and Competitiveness:<\/strong>\u00a0The newly launched\u00a0Competitiveness Compass\u00a0will guide sustainable growth efforts, with the EU Start-up and Scale-up Strategy empowering entrepreneurs through better access to capital. At the heart of the collaborative plan for decarbonisation and competitiveness is the Clean Industrial Deal, which will pave the way towards a proposed 90% emission-reduction target for 2040.<\/li>\n<li><strong>Defence and Security:<\/strong>\u00a0Amid tensions in the geopolitical landscape, the EU is intensifying efforts to safeguard security and ensure peace, unveiling plans to build a robust future for European Defence. By investing collectively and strategically with NATO&#8217;s cooperation,<strong>\u00a0<\/strong>the EU<strong>\u00a0<\/strong>aims to reinforce its defence industry and reduce dependencies. The Preparedness Union Strategy will enhance crisis anticipation and resilience, reinforced by initiatives like the EU Stockpiling strategy and the Critical Medicines Act to secure key resources.<\/li>\n<li><strong>Supporting people, strengthening our societies and our social model:<\/strong>\u00a0Aiming to cement Europe&#8217;s unique and highly treasured social model and to strengthen social fairness, the Commission will spearhead efforts to modernise social policies through the New Action Plan on the European Pillar of Social Rights. Aiming to adapt to technological, demographic, and sectoral transformations the Commission will present the Union of Skills to ensure that all workers have the education and training they need.<\/li>\n<li><strong>Sustaining our quality of life:<\/strong>\u00a0The Commission will present a Vision for Agriculture and Food to ensure a stable framework for farmers and outline a roadmap for key proposals. The Ocean Pact will create a unified framework for ocean policies, aiming to preserve ocean health and boost the EU blue economy. Additionally, the European Water Resilience Strategy will adopt a source-to-sea approach to manage water resources effectively, addressing climate change impacts like floods and droughts. A simplification package of the Common Agriculture Policy will address sources of complexity and administrative burden for farmers and national administrations.<\/li>\n<li><strong>Protecting democracy and upholding values:<\/strong>\u00a0Initiatives like the Democracy Shield will tackle threats like rising extremism and disinformation. The Commission also plans to enhance strategies to combat discrimination based on gender, disability, sexual orientation, or race, including a renewed LGBTIQ Equality strategy and a new Anti-racism strategy.<\/li>\n<li><strong>A global Europe: leveraging our power and partnerships<\/strong>: Whilst working for Ukraine&#8217;s freedom remains a priority, the EU is committed to a just, comprehensive and lasting peace based on the two-state solution in the Middle East. A Mediterranean Pact and Black Sea strategy will focus on regional cooperation, economic investment, and security, and a new Strategic EU-India agenda will provide a comprehensive approach to pinpoint areas of common strategic interest.<\/li>\n<li><strong>Delivering together and preparing our Union for the future:\u00a0<\/strong>The Commission plans to present a new Multiannual Financial Framework focused on simplifying access to EU funding and enhancing financial impact to support national, private, and institutional financing. Additionally, a focus on pre-enlargement policy reviews will further assess the consequences and impacts of enlargement on all EU policies guaranteeing that our policies can continue delivering effectively in a larger Union.<\/li>\n<\/ul>\n<p style=\"text-align: justify;\"><span style=\"font-size: 14pt;\"><strong>Background<\/strong><\/span><\/p>\n<p style=\"text-align: justify;\">Every year, the Commission adopts a work programme setting out the list of actions it will take in the following year. Since the new College started work on 1 December 2024, the Commission work programme for the first year of the new mandate was adopted on 11 February 2025.<\/p>\n<p style=\"text-align: justify;\">The work programme informs the public and the co-legislators of our political commitments to present new initiatives, including simplification proposals, withdraw pending proposals and review existing EU legislation. The work programme is the result of close cooperation with the European Parliament, Member States and the EU consultative bodies.<\/p>\n<p><strong>More information <a href=\"https:\/\/ec.europa.eu\/commission\/presscorner\/detail\/en\/ip_25_466\">European Commission.<\/a><\/strong><\/p>\n","protected":false},"excerpt":{"rendered":"<p>The Commission has adopted its\u00a02025 work programme, outlining its ambition to\u00a0boost competitiveness, enhance security, and bolster economic resilience\u00a0in the EU. It builds on the commitments set out in the\u00a0Political Guidelines\u00a0and the mission letters sent by President\u00a0von der Leyen. The work programme focuses on the flagship initiatives the Commission will take in the first year of [&hellip;]<\/p>\n","protected":false},"author":101011,"featured_media":157060,"comment_status":"open","ping_status":"open","sticky":false,"template":"","format":"standard","meta":{"_acf_changed":false,"_relevanssi_hide_post":"","_relevanssi_hide_content":"","_relevanssi_pin_for_all":"","_relevanssi_pin_keywords":"","_relevanssi_unpin_keywords":"","_relevanssi_related_keywords":"","_relevanssi_related_include_ids":"","_relevanssi_related_exclude_ids":"","_relevanssi_related_no_append":"","_relevanssi_related_not_related":"","_relevanssi_related_posts":"","_relevanssi_noindex_reason":"","_monsterinsights_skip_tracking":false,"_monsterinsights_sitenote_active":false,"_monsterinsights_sitenote_note":"","_monsterinsights_sitenote_category":0,"_genesis_hide_title":false,"_genesis_hide_breadcrumbs":false,"_genesis_hide_singular_image":false,"_genesis_hide_footer_widgets":false,"_genesis_custom_body_class":"","_genesis_custom_post_class":"","_genesis_layout":"","footnotes":""},"categories":[13082,4067],"tags":[13799,13797,8395,13798,13796,5634],"class_list":{"0":"post-157062","1":"post","2":"type-post","3":"status-publish","4":"format-standard","5":"has-post-thumbnail","7":"category-human-rights","8":"category-social-affairs","9":"tag-and-bolster-economic-resilience","10":"tag-boost-competitiveness","11":"tag-comision-en","12":"tag-enhance-security","13":"tag-strategic-implementation","14":"tag-ursula-von-de-leyen","15":"entry"},"acf":[],"yoast_head":"<!-- This site is optimized with the Yoast SEO plugin v27.4 - https:\/\/yoast.com\/product\/yoast-seo-wordpress\/ -->\n<title>A bolder, simpler, faster Union | CDE Almer\u00eda - Centro de Documentaci\u00f3n Europea - Universidad de Almer\u00eda<\/title>\n<meta name=\"robots\" content=\"index, follow, max-snippet:-1, max-image-preview:large, max-video-preview:-1\" \/>\n<link rel=\"canonical\" href=\"https:\/\/www.cde.ual.es\/una-union-mas-audaz-mas-sencilla-y-mas-rapida\/\" \/>\n<meta property=\"og:locale\" content=\"en_US\" \/>\n<meta property=\"og:type\" content=\"article\" \/>\n<meta property=\"og:title\" content=\"A bolder, simpler, faster Union | CDE Almer\u00eda - Centro de Documentaci\u00f3n Europea - Universidad de Almer\u00eda\" \/>\n<meta property=\"og:description\" content=\"The Commission has adopted its\u00a02025 work programme, outlining its ambition to\u00a0boost competitiveness, enhance security, and bolster economic resilience\u00a0in the EU. It builds on the commitments set out in the\u00a0Political Guidelines\u00a0and the mission letters sent by President\u00a0von der Leyen. The work programme focuses on the flagship initiatives the Commission will take in the first year of [&hellip;]\" \/>\n<meta property=\"og:url\" content=\"https:\/\/www.cde.ual.es\/una-union-mas-audaz-mas-sencilla-y-mas-rapida\/\" \/>\n<meta property=\"og:site_name\" content=\"CDE Almer\u00eda - Centro de Documentaci\u00f3n Europea - Universidad de Almer\u00eda\" \/>\n<meta property=\"article:publisher\" content=\"https:\/\/www.facebook.com\/cdeuniversidadalmeria\/\" \/>\n<meta property=\"article:published_time\" content=\"2025-02-14T02:00:34+00:00\" \/>\n<meta property=\"og:image\" content=\"https:\/\/www.cde.ual.es\/wp-content\/uploads\/2025\/02\/amigos-tableta-calle-vieja_23-2147762268.jpg\" \/>\n\t<meta property=\"og:image:width\" content=\"1380\" \/>\n\t<meta property=\"og:image:height\" content=\"920\" \/>\n\t<meta property=\"og:image:type\" content=\"image\/jpeg\" \/>\n<meta name=\"author\" content=\"BECA 2 CDE\" \/>\n<meta name=\"twitter:card\" content=\"summary_large_image\" \/>\n<meta name=\"twitter:creator\" content=\"@cdeualmeria\" \/>\n<meta name=\"twitter:site\" content=\"@cdeualmeria\" \/>\n<meta name=\"twitter:label1\" content=\"Written by\" \/>\n\t<meta name=\"twitter:data1\" content=\"BECA 2 CDE\" \/>\n\t<meta name=\"twitter:label2\" content=\"Est. reading time\" \/>\n\t<meta name=\"twitter:data2\" content=\"5 minutes\" \/>\n<script type=\"application\/ld+json\" class=\"yoast-schema-graph\">{\"@context\":\"https:\\\/\\\/schema.org\",\"@graph\":[{\"@type\":\"Article\",\"@id\":\"https:\\\/\\\/www.cde.ual.es\\\/una-union-mas-audaz-mas-sencilla-y-mas-rapida\\\/#article\",\"isPartOf\":{\"@id\":\"https:\\\/\\\/www.cde.ual.es\\\/una-union-mas-audaz-mas-sencilla-y-mas-rapida\\\/\"},\"author\":{\"name\":\"BECA 2 CDE\",\"@id\":\"https:\\\/\\\/www.cde.ual.es\\\/#\\\/schema\\\/person\\\/ee46ebc19edfa19598c02cff83335acc\"},\"headline\":\"A bolder, simpler, faster Union\",\"datePublished\":\"2025-02-14T02:00:34+00:00\",\"mainEntityOfPage\":{\"@id\":\"https:\\\/\\\/www.cde.ual.es\\\/una-union-mas-audaz-mas-sencilla-y-mas-rapida\\\/\"},\"wordCount\":946,\"commentCount\":0,\"publisher\":{\"@id\":\"https:\\\/\\\/www.cde.ual.es\\\/#organization\"},\"image\":{\"@id\":\"https:\\\/\\\/www.cde.ual.es\\\/una-union-mas-audaz-mas-sencilla-y-mas-rapida\\\/#primaryimage\"},\"thumbnailUrl\":\"https:\\\/\\\/www.cde.ual.es\\\/wp-content\\\/uploads\\\/2025\\\/02\\\/amigos-tableta-calle-vieja_23-2147762268.jpg\",\"keywords\":[\"and bolster economic resilience\",\"boost competitiveness\",\"comisi\u00f3n\",\"enhance security\",\"strategic implementation\",\"Ursula von de Leyen\"],\"articleSection\":[\"Human Rights\",\"Social Affairs\"],\"inLanguage\":\"en-US\",\"potentialAction\":[{\"@type\":\"CommentAction\",\"name\":\"Comment\",\"target\":[\"https:\\\/\\\/www.cde.ual.es\\\/una-union-mas-audaz-mas-sencilla-y-mas-rapida\\\/#respond\"]}]},{\"@type\":\"WebPage\",\"@id\":\"https:\\\/\\\/www.cde.ual.es\\\/una-union-mas-audaz-mas-sencilla-y-mas-rapida\\\/\",\"url\":\"https:\\\/\\\/www.cde.ual.es\\\/una-union-mas-audaz-mas-sencilla-y-mas-rapida\\\/\",\"name\":\"A bolder, simpler, faster Union | CDE Almer\u00eda - Centro de Documentaci\u00f3n Europea - Universidad de Almer\u00eda\",\"isPartOf\":{\"@id\":\"https:\\\/\\\/www.cde.ual.es\\\/#website\"},\"primaryImageOfPage\":{\"@id\":\"https:\\\/\\\/www.cde.ual.es\\\/una-union-mas-audaz-mas-sencilla-y-mas-rapida\\\/#primaryimage\"},\"image\":{\"@id\":\"https:\\\/\\\/www.cde.ual.es\\\/una-union-mas-audaz-mas-sencilla-y-mas-rapida\\\/#primaryimage\"},\"thumbnailUrl\":\"https:\\\/\\\/www.cde.ual.es\\\/wp-content\\\/uploads\\\/2025\\\/02\\\/amigos-tableta-calle-vieja_23-2147762268.jpg\",\"datePublished\":\"2025-02-14T02:00:34+00:00\",\"breadcrumb\":{\"@id\":\"https:\\\/\\\/www.cde.ual.es\\\/una-union-mas-audaz-mas-sencilla-y-mas-rapida\\\/#breadcrumb\"},\"inLanguage\":\"en-US\",\"potentialAction\":[{\"@type\":\"ReadAction\",\"target\":[\"https:\\\/\\\/www.cde.ual.es\\\/una-union-mas-audaz-mas-sencilla-y-mas-rapida\\\/\"]}]},{\"@type\":\"ImageObject\",\"inLanguage\":\"en-US\",\"@id\":\"https:\\\/\\\/www.cde.ual.es\\\/una-union-mas-audaz-mas-sencilla-y-mas-rapida\\\/#primaryimage\",\"url\":\"https:\\\/\\\/www.cde.ual.es\\\/wp-content\\\/uploads\\\/2025\\\/02\\\/amigos-tableta-calle-vieja_23-2147762268.jpg\",\"contentUrl\":\"https:\\\/\\\/www.cde.ual.es\\\/wp-content\\\/uploads\\\/2025\\\/02\\\/amigos-tableta-calle-vieja_23-2147762268.jpg\",\"width\":1380,\"height\":920},{\"@type\":\"BreadcrumbList\",\"@id\":\"https:\\\/\\\/www.cde.ual.es\\\/una-union-mas-audaz-mas-sencilla-y-mas-rapida\\\/#breadcrumb\",\"itemListElement\":[{\"@type\":\"ListItem\",\"position\":1,\"name\":\"Inicio\",\"item\":\"https:\\\/\\\/www.cde.ual.es\\\/en\\\/\"},{\"@type\":\"ListItem\",\"position\":2,\"name\":\"Noticias UE\",\"item\":\"https:\\\/\\\/www.cde.ual.es\\\/category\\\/noticias-ue\\\/\"},{\"@type\":\"ListItem\",\"position\":3,\"name\":\"Asuntos Sociales\",\"item\":\"https:\\\/\\\/www.cde.ual.es\\\/category\\\/noticias-ue\\\/soc\\\/\"},{\"@type\":\"ListItem\",\"position\":4,\"name\":\"Human Rights\",\"item\":\"https:\\\/\\\/www.cde.ual.es\\\/en\\\/category\\\/eu-news\\\/social-affairs\\\/human-rights\\\/\"},{\"@type\":\"ListItem\",\"position\":5,\"name\":\"A bolder, simpler, faster Union\"}]},{\"@type\":\"WebSite\",\"@id\":\"https:\\\/\\\/www.cde.ual.es\\\/#website\",\"url\":\"https:\\\/\\\/www.cde.ual.es\\\/\",\"name\":\"CDE Almer\u00eda - Centro de Documentaci\u00f3n Europea - Universidad de Almer\u00eda\",\"description\":\"Centro de Documentaci\u00f3n Europea de la Universidad de Almer\u00eda\",\"publisher\":{\"@id\":\"https:\\\/\\\/www.cde.ual.es\\\/#organization\"},\"alternateName\":\"CDE Almer\u00eda\",\"potentialAction\":[{\"@type\":\"SearchAction\",\"target\":{\"@type\":\"EntryPoint\",\"urlTemplate\":\"https:\\\/\\\/www.cde.ual.es\\\/?s={search_term_string}\"},\"query-input\":{\"@type\":\"PropertyValueSpecification\",\"valueRequired\":true,\"valueName\":\"search_term_string\"}}],\"inLanguage\":\"en-US\"},{\"@type\":\"Organization\",\"@id\":\"https:\\\/\\\/www.cde.ual.es\\\/#organization\",\"name\":\"Centro de Documentaci\u00f3n Europea de Almer\u00eda\",\"url\":\"https:\\\/\\\/www.cde.ual.es\\\/\",\"logo\":{\"@type\":\"ImageObject\",\"inLanguage\":\"en-US\",\"@id\":\"https:\\\/\\\/www.cde.ual.es\\\/#\\\/schema\\\/logo\\\/image\\\/\",\"url\":\"https:\\\/\\\/www.cde.ual.es\\\/wp-content\\\/uploads\\\/2025\\\/07\\\/cde-logo-3.png\",\"contentUrl\":\"https:\\\/\\\/www.cde.ual.es\\\/wp-content\\\/uploads\\\/2025\\\/07\\\/cde-logo-3.png\",\"width\":1400,\"height\":300,\"caption\":\"Centro de Documentaci\u00f3n Europea de Almer\u00eda\"},\"image\":{\"@id\":\"https:\\\/\\\/www.cde.ual.es\\\/#\\\/schema\\\/logo\\\/image\\\/\"},\"sameAs\":[\"https:\\\/\\\/www.facebook.com\\\/cdeuniversidadalmeria\\\/\",\"https:\\\/\\\/x.com\\\/cdeualmeria\",\"https:\\\/\\\/www.tiktok.com\\\/@cdealmeria\",\"https:\\\/\\\/www.instagram.com\\\/cdealmeria\\\/\",\"https:\\\/\\\/www.linkedin.com\\\/in\\\/cde-almera-812b26a9\\\/\"]},{\"@type\":\"Person\",\"@id\":\"https:\\\/\\\/www.cde.ual.es\\\/#\\\/schema\\\/person\\\/ee46ebc19edfa19598c02cff83335acc\",\"name\":\"BECA 2 CDE\",\"image\":{\"@type\":\"ImageObject\",\"inLanguage\":\"en-US\",\"@id\":\"https:\\\/\\\/secure.gravatar.com\\\/avatar\\\/35a481bbc04bbd90e91bdfa3b0b5541036c222a49b9ad37b6889a2afcb5311a5?s=96&d=mm&r=g\",\"url\":\"https:\\\/\\\/secure.gravatar.com\\\/avatar\\\/35a481bbc04bbd90e91bdfa3b0b5541036c222a49b9ad37b6889a2afcb5311a5?s=96&d=mm&r=g\",\"contentUrl\":\"https:\\\/\\\/secure.gravatar.com\\\/avatar\\\/35a481bbc04bbd90e91bdfa3b0b5541036c222a49b9ad37b6889a2afcb5311a5?s=96&d=mm&r=g\",\"caption\":\"BECA 2 CDE\"},\"sameAs\":[\"http:\\\/\\\/www.cdealmeria.com\"]}]}<\/script>\n<!-- \/ Yoast SEO plugin. -->","yoast_head_json":{"title":"A bolder, simpler, faster Union | CDE Almer\u00eda - Centro de Documentaci\u00f3n Europea - Universidad de Almer\u00eda","robots":{"index":"index","follow":"follow","max-snippet":"max-snippet:-1","max-image-preview":"max-image-preview:large","max-video-preview":"max-video-preview:-1"},"canonical":"https:\/\/www.cde.ual.es\/una-union-mas-audaz-mas-sencilla-y-mas-rapida\/","og_locale":"en_US","og_type":"article","og_title":"A bolder, simpler, faster Union | CDE Almer\u00eda - Centro de Documentaci\u00f3n Europea - Universidad de Almer\u00eda","og_description":"The Commission has adopted its\u00a02025 work programme, outlining its ambition to\u00a0boost competitiveness, enhance security, and bolster economic resilience\u00a0in the EU. It builds on the commitments set out in the\u00a0Political Guidelines\u00a0and the mission letters sent by President\u00a0von der Leyen. The work programme focuses on the flagship initiatives the Commission will take in the first year of [&hellip;]","og_url":"https:\/\/www.cde.ual.es\/una-union-mas-audaz-mas-sencilla-y-mas-rapida\/","og_site_name":"CDE Almer\u00eda - Centro de Documentaci\u00f3n Europea - Universidad de Almer\u00eda","article_publisher":"https:\/\/www.facebook.com\/cdeuniversidadalmeria\/","article_published_time":"2025-02-14T02:00:34+00:00","og_image":[{"width":1380,"height":920,"url":"https:\/\/www.cde.ual.es\/wp-content\/uploads\/2025\/02\/amigos-tableta-calle-vieja_23-2147762268.jpg","type":"image\/jpeg"}],"author":"BECA 2 CDE","twitter_card":"summary_large_image","twitter_creator":"@cdeualmeria","twitter_site":"@cdeualmeria","twitter_misc":{"Written by":"BECA 2 CDE","Est. reading time":"5 minutes"},"schema":{"@context":"https:\/\/schema.org","@graph":[{"@type":"Article","@id":"https:\/\/www.cde.ual.es\/una-union-mas-audaz-mas-sencilla-y-mas-rapida\/#article","isPartOf":{"@id":"https:\/\/www.cde.ual.es\/una-union-mas-audaz-mas-sencilla-y-mas-rapida\/"},"author":{"name":"BECA 2 CDE","@id":"https:\/\/www.cde.ual.es\/#\/schema\/person\/ee46ebc19edfa19598c02cff83335acc"},"headline":"A bolder, simpler, faster Union","datePublished":"2025-02-14T02:00:34+00:00","mainEntityOfPage":{"@id":"https:\/\/www.cde.ual.es\/una-union-mas-audaz-mas-sencilla-y-mas-rapida\/"},"wordCount":946,"commentCount":0,"publisher":{"@id":"https:\/\/www.cde.ual.es\/#organization"},"image":{"@id":"https:\/\/www.cde.ual.es\/una-union-mas-audaz-mas-sencilla-y-mas-rapida\/#primaryimage"},"thumbnailUrl":"https:\/\/www.cde.ual.es\/wp-content\/uploads\/2025\/02\/amigos-tableta-calle-vieja_23-2147762268.jpg","keywords":["and bolster economic resilience","boost competitiveness","comisi\u00f3n","enhance security","strategic implementation","Ursula von de Leyen"],"articleSection":["Human Rights","Social Affairs"],"inLanguage":"en-US","potentialAction":[{"@type":"CommentAction","name":"Comment","target":["https:\/\/www.cde.ual.es\/una-union-mas-audaz-mas-sencilla-y-mas-rapida\/#respond"]}]},{"@type":"WebPage","@id":"https:\/\/www.cde.ual.es\/una-union-mas-audaz-mas-sencilla-y-mas-rapida\/","url":"https:\/\/www.cde.ual.es\/una-union-mas-audaz-mas-sencilla-y-mas-rapida\/","name":"A bolder, simpler, faster Union | CDE Almer\u00eda - Centro de Documentaci\u00f3n Europea - Universidad de Almer\u00eda","isPartOf":{"@id":"https:\/\/www.cde.ual.es\/#website"},"primaryImageOfPage":{"@id":"https:\/\/www.cde.ual.es\/una-union-mas-audaz-mas-sencilla-y-mas-rapida\/#primaryimage"},"image":{"@id":"https:\/\/www.cde.ual.es\/una-union-mas-audaz-mas-sencilla-y-mas-rapida\/#primaryimage"},"thumbnailUrl":"https:\/\/www.cde.ual.es\/wp-content\/uploads\/2025\/02\/amigos-tableta-calle-vieja_23-2147762268.jpg","datePublished":"2025-02-14T02:00:34+00:00","breadcrumb":{"@id":"https:\/\/www.cde.ual.es\/una-union-mas-audaz-mas-sencilla-y-mas-rapida\/#breadcrumb"},"inLanguage":"en-US","potentialAction":[{"@type":"ReadAction","target":["https:\/\/www.cde.ual.es\/una-union-mas-audaz-mas-sencilla-y-mas-rapida\/"]}]},{"@type":"ImageObject","inLanguage":"en-US","@id":"https:\/\/www.cde.ual.es\/una-union-mas-audaz-mas-sencilla-y-mas-rapida\/#primaryimage","url":"https:\/\/www.cde.ual.es\/wp-content\/uploads\/2025\/02\/amigos-tableta-calle-vieja_23-2147762268.jpg","contentUrl":"https:\/\/www.cde.ual.es\/wp-content\/uploads\/2025\/02\/amigos-tableta-calle-vieja_23-2147762268.jpg","width":1380,"height":920},{"@type":"BreadcrumbList","@id":"https:\/\/www.cde.ual.es\/una-union-mas-audaz-mas-sencilla-y-mas-rapida\/#breadcrumb","itemListElement":[{"@type":"ListItem","position":1,"name":"Inicio","item":"https:\/\/www.cde.ual.es\/en\/"},{"@type":"ListItem","position":2,"name":"Noticias UE","item":"https:\/\/www.cde.ual.es\/category\/noticias-ue\/"},{"@type":"ListItem","position":3,"name":"Asuntos Sociales","item":"https:\/\/www.cde.ual.es\/category\/noticias-ue\/soc\/"},{"@type":"ListItem","position":4,"name":"Human Rights","item":"https:\/\/www.cde.ual.es\/en\/category\/eu-news\/social-affairs\/human-rights\/"},{"@type":"ListItem","position":5,"name":"A bolder, simpler, faster Union"}]},{"@type":"WebSite","@id":"https:\/\/www.cde.ual.es\/#website","url":"https:\/\/www.cde.ual.es\/","name":"CDE Almer\u00eda - Centro de Documentaci\u00f3n Europea - Universidad de Almer\u00eda","description":"Centro de Documentaci\u00f3n Europea de la Universidad de Almer\u00eda","publisher":{"@id":"https:\/\/www.cde.ual.es\/#organization"},"alternateName":"CDE Almer\u00eda","potentialAction":[{"@type":"SearchAction","target":{"@type":"EntryPoint","urlTemplate":"https:\/\/www.cde.ual.es\/?s={search_term_string}"},"query-input":{"@type":"PropertyValueSpecification","valueRequired":true,"valueName":"search_term_string"}}],"inLanguage":"en-US"},{"@type":"Organization","@id":"https:\/\/www.cde.ual.es\/#organization","name":"Centro de Documentaci\u00f3n Europea de Almer\u00eda","url":"https:\/\/www.cde.ual.es\/","logo":{"@type":"ImageObject","inLanguage":"en-US","@id":"https:\/\/www.cde.ual.es\/#\/schema\/logo\/image\/","url":"https:\/\/www.cde.ual.es\/wp-content\/uploads\/2025\/07\/cde-logo-3.png","contentUrl":"https:\/\/www.cde.ual.es\/wp-content\/uploads\/2025\/07\/cde-logo-3.png","width":1400,"height":300,"caption":"Centro de Documentaci\u00f3n Europea de Almer\u00eda"},"image":{"@id":"https:\/\/www.cde.ual.es\/#\/schema\/logo\/image\/"},"sameAs":["https:\/\/www.facebook.com\/cdeuniversidadalmeria\/","https:\/\/x.com\/cdeualmeria","https:\/\/www.tiktok.com\/@cdealmeria","https:\/\/www.instagram.com\/cdealmeria\/","https:\/\/www.linkedin.com\/in\/cde-almera-812b26a9\/"]},{"@type":"Person","@id":"https:\/\/www.cde.ual.es\/#\/schema\/person\/ee46ebc19edfa19598c02cff83335acc","name":"BECA 2 CDE","image":{"@type":"ImageObject","inLanguage":"en-US","@id":"https:\/\/secure.gravatar.com\/avatar\/35a481bbc04bbd90e91bdfa3b0b5541036c222a49b9ad37b6889a2afcb5311a5?s=96&d=mm&r=g","url":"https:\/\/secure.gravatar.com\/avatar\/35a481bbc04bbd90e91bdfa3b0b5541036c222a49b9ad37b6889a2afcb5311a5?s=96&d=mm&r=g","contentUrl":"https:\/\/secure.gravatar.com\/avatar\/35a481bbc04bbd90e91bdfa3b0b5541036c222a49b9ad37b6889a2afcb5311a5?s=96&d=mm&r=g","caption":"BECA 2 CDE"},"sameAs":["http:\/\/www.cdealmeria.com"]}]}},"_links":{"self":[{"href":"https:\/\/www.cde.ual.es\/en\/wp-json\/wp\/v2\/posts\/157062","targetHints":{"allow":["GET"]}}],"collection":[{"href":"https:\/\/www.cde.ual.es\/en\/wp-json\/wp\/v2\/posts"}],"about":[{"href":"https:\/\/www.cde.ual.es\/en\/wp-json\/wp\/v2\/types\/post"}],"author":[{"embeddable":true,"href":"https:\/\/www.cde.ual.es\/en\/wp-json\/wp\/v2\/users\/101011"}],"replies":[{"embeddable":true,"href":"https:\/\/www.cde.ual.es\/en\/wp-json\/wp\/v2\/comments?post=157062"}],"version-history":[{"count":1,"href":"https:\/\/www.cde.ual.es\/en\/wp-json\/wp\/v2\/posts\/157062\/revisions"}],"predecessor-version":[{"id":157063,"href":"https:\/\/www.cde.ual.es\/en\/wp-json\/wp\/v2\/posts\/157062\/revisions\/157063"}],"wp:featuredmedia":[{"embeddable":true,"href":"https:\/\/www.cde.ual.es\/en\/wp-json\/wp\/v2\/media\/157060"}],"wp:attachment":[{"href":"https:\/\/www.cde.ual.es\/en\/wp-json\/wp\/v2\/media?parent=157062"}],"wp:term":[{"taxonomy":"category","embeddable":true,"href":"https:\/\/www.cde.ual.es\/en\/wp-json\/wp\/v2\/categories?post=157062"},{"taxonomy":"post_tag","embeddable":true,"href":"https:\/\/www.cde.ual.es\/en\/wp-json\/wp\/v2\/tags?post=157062"}],"curies":[{"name":"wp","href":"https:\/\/api.w.org\/{rel}","templated":true}]}}