{"id":156893,"date":"2025-02-10T09:24:15","date_gmt":"2025-02-10T08:24:15","guid":{"rendered":"https:\/\/www.cde.ual.es\/?p=156893"},"modified":"2025-02-10T09:25:14","modified_gmt":"2025-02-10T08:25:14","slug":"baltic-states-join-the-european-continental-electricity","status":"publish","type":"post","link":"https:\/\/www.cde.ual.es\/en\/baltic-states-join-the-european-continental-electricity\/","title":{"rendered":"Baltic States join the European continental electricity"},"content":{"rendered":"<p><a href=\"https:\/\/www.cde.ual.es\/wp-content\/uploads\/2025\/02\/electrical-substation-power-distribution-network-scaled.jpg\"><img decoding=\"async\" class=\"wp-image-156890 aligncenter\" src=\"https:\/\/www.cde.ual.es\/wp-content\/uploads\/2025\/02\/electrical-substation-power-distribution-network-1024x512.jpg\" alt=\"\" width=\"744\" height=\"372\" srcset=\"https:\/\/www.cde.ual.es\/wp-content\/uploads\/2025\/02\/electrical-substation-power-distribution-network-1024x512.jpg 1024w, https:\/\/www.cde.ual.es\/wp-content\/uploads\/2025\/02\/electrical-substation-power-distribution-network-300x150.jpg 300w, https:\/\/www.cde.ual.es\/wp-content\/uploads\/2025\/02\/electrical-substation-power-distribution-network-768x384.jpg 768w, https:\/\/www.cde.ual.es\/wp-content\/uploads\/2025\/02\/electrical-substation-power-distribution-network-1536x768.jpg 1536w, https:\/\/www.cde.ual.es\/wp-content\/uploads\/2025\/02\/electrical-substation-power-distribution-network-2048x1023.jpg 2048w\" sizes=\"(max-width: 744px) 100vw, 744px\" \/><\/a><\/p>\n<p style=\"text-align: justify;\">As of today,\u00a0<strong>Estonia, Latvia and Lithuania are fully independent from Russia&#8217;s and Belarus&#8217;s electricity systems<\/strong>. They\u00a0<strong>successfully integrated into the EU internal energy market<\/strong>\u00a0by joining the European continental network via Poland. This allows the Baltic States to operate their own energy systems under common and transparent European rules. The synchronisation of the Baltics not only contributes to the<strong>\u00a0security of supply of the entire Union,\u00a0<\/strong>it will also support the<strong>\u00a0integration \u00a0of renewable energy\u00a0<\/strong>in the system, ultimately<strong>\u00a0allowing consumers to benefit from lower energy costs<\/strong>.<\/p>\n<p style=\"text-align: justify;\">The synchronisation of the Baltics into the EU&#8217;s electricity grid is a<strong>\u00a0flagship project<\/strong>\u00a0which has been supported by the Commission with<strong>\u00a0unprecedented political, technical and financial backing\u00a0<\/strong>over the past 15 years. This includes over\u00a0<strong>\u20ac1.23 billion in grants from the EU&#8217;s Connecting Europe Facility<\/strong>, covering 75% of the investment costs, as well as further investments financed under the\u00a0<strong>Recovery and Resilience Facility<\/strong>\u00a0in Latvia and Lithuania to strengthen electricity infrastructure.<\/p>\n<p style=\"text-align: justify;\">President Ursula\u00a0<strong>von der Leyen,<\/strong>\u00a0Commissioner for Energy and Housing, Dan\u00a0<strong>J\u00f8rgensen,\u00a0<\/strong>and Commissioner for Defence and Space, Andrius<strong>\u00a0Kubilius<\/strong>, participate in the \u2018Energy Independence Day&#8217;, the official ceremony marking the occasion in Lithuania today, together with the political leaders of the three Baltic States, Poland and other stakeholders involved in the project.<\/p>\n<p style=\"text-align: justify;\">The Baltic States were the last three EU Member States whose electricity networks were still operating fully within the Russian and Belarussian system where the electricity frequency was centrally controlled by Russia, leaving them vulnerable to Russia&#8217;s weaponisation of energy. Synchronising their electricity networks with those of EU Member States and several neighbouring countries enables the Baltic States to\u00a0<strong>move away from energy dependence on Russia<\/strong>. Instead, they gain full control of their own electricity networks and\u00a0<strong>strengthen the energy security of the Eastern Baltic Sea region and the EU as a whole<\/strong>.<\/p>\n<p style=\"text-align: justify;\">The success of this EU-backed project is a testament to the dedication of all EU Member States involved, especially the three Baltic States and Poland, together with the businesses, investors and transmission system operators, who worked together to bring the project to fruition\u00a0<strong>10 months ahead of schedule<\/strong>.<\/p>\n<p style=\"text-align: justify;\">Looking ahead, the European Coordinator for the Baltic Synchronisation projects, Catharina Sikow-Magny will continue to work closely with the EU Member States in the Baltic region to implement the remaining aspects of this project, which is crucial for the completion of our Energy Union. Further work includes the construction of the 700 MW Harmony Link Interconnector between Lithuania and Poland, which is scheduled for completion in 2030.<\/p>\n<p style=\"text-align: justify;\"><span style=\"font-size: 14pt;\"><strong>Background<\/strong><\/span><\/p>\n<p style=\"text-align: justify;\">The Commission supported the project at all levels since it began over 15 years ago as a high priority. It is one of the main priorities of the Baltic Energy Market Interconnection Plan (BEMIP) High-level Group.<\/p>\n<p style=\"text-align: justify;\">EU support to the Baltic synchronisation project has been channelled via investments to projects of common interest (PCIs) featuring on subsequent Union lists under the EU Regulation on Trans-European Networks for Energy (TEN-E). Overall, the synchronisation was made possible by over 40 investment projects and additional measures to ensure energy autonomy and security of supply in the region. Work to conclude the remaining investments and other measures continues until finalisation.<\/p>\n<p style=\"text-align: justify;\">The project was coordinated by the European Network of Transmission System for Electricity (ENTSO-E) together with the Continental Transmission Systems Operators (TSOs). Further investments supporting the synchronisation by strengthening the battery energy storage systems in Latvia and Lithuania have been channelled via the Recovery and Resilience Facility.<\/p>\n<p style=\"text-align: justify;\">On 8 February 2025, the Baltic States de-synchronised from the Russian and Belarusian frequency area. On 9 February, Estonia, Latvia and Lithuania started the successful synchronisation process with the European frequency area, marking their full integration into the EU internal energy market.<\/p>\n<p style=\"text-align: justify;\">President\u00a0<strong>von der Leyen<\/strong>\u00a0said: \u201c<em>Today history is being made: the Baltic States are switching on energy independence. The last electricity grids in Europe still linked to Russia are now fully integrated into Europe&#8217;s internal energy market, with the support of over 1 billion euros of European funding over the years. The last remaining electricity lines with Russia and Belarus will now be dismantled. These chains of power lines, linking the Baltic states to hostile neighbours will be a thing of the past. This is freedom. Freedom from threats and blackmail. Congratulations on the start of this new era<\/em><em>.\u201d<\/em><em>\u00a0<\/em><\/p>\n<p><strong>More information <a href=\"https:\/\/ec.europa.eu\/commission\/presscorner\/detail\/en\/ip_25_436\">European Commission.<\/a><\/strong><\/p>\n","protected":false},"excerpt":{"rendered":"<p>As of today,\u00a0Estonia, Latvia and Lithuania are fully independent from Russia&#8217;s and Belarus&#8217;s electricity systems. They\u00a0successfully integrated into the EU internal energy market\u00a0by joining the European continental network via Poland. This allows the Baltic States to operate their own energy systems under common and transparent European rules. The synchronisation of the Baltics not only contributes [&hellip;]<\/p>\n","protected":false},"author":101011,"featured_media":156890,"comment_status":"open","ping_status":"open","sticky":false,"template":"","format":"standard","meta":{"_acf_changed":false,"_relevanssi_hide_post":"","_relevanssi_hide_content":"","_relevanssi_pin_for_all":"","_relevanssi_pin_keywords":"","_relevanssi_unpin_keywords":"","_relevanssi_related_keywords":"","_relevanssi_related_include_ids":"","_relevanssi_related_exclude_ids":"","_relevanssi_related_no_append":"","_relevanssi_related_not_related":"","_relevanssi_related_posts":"","_relevanssi_noindex_reason":"","_monsterinsights_skip_tracking":false,"_monsterinsights_sitenote_active":false,"_monsterinsights_sitenote_note":"","_monsterinsights_sitenote_category":0,"_genesis_hide_title":false,"_genesis_hide_breadcrumbs":false,"_genesis_hide_singular_image":false,"_genesis_hide_footer_widgets":false,"_genesis_custom_body_class":"","_genesis_custom_post_class":"","_genesis_layout":"","footnotes":""},"categories":[4064,4065],"tags":[13738,5390,464,13739,5634],"class_list":{"0":"post-156893","1":"post","2":"type-post","3":"status-publish","4":"format-standard","5":"has-post-thumbnail","7":"category-institutional","8":"category-international-pol-coop","9":"tag-baltic-states","10":"tag-energia-en","11":"tag-energy","12":"tag-european-continental-electricity","13":"tag-ursula-von-de-leyen","14":"entry"},"acf":[],"yoast_head":"<!-- This site is optimized with the Yoast SEO plugin v27.4 - https:\/\/yoast.com\/product\/yoast-seo-wordpress\/ -->\n<title>Baltic States join the European continental electricity | CDE Almer\u00eda - Centro de Documentaci\u00f3n Europea - Universidad de Almer\u00eda<\/title>\n<meta name=\"robots\" content=\"index, follow, max-snippet:-1, max-image-preview:large, max-video-preview:-1\" \/>\n<link rel=\"canonical\" href=\"https:\/\/www.cde.ual.es\/en\/baltic-states-join-the-european-continental-electricity\/\" \/>\n<meta property=\"og:locale\" content=\"en_US\" \/>\n<meta property=\"og:type\" content=\"article\" \/>\n<meta property=\"og:title\" content=\"Baltic States join the European continental electricity | CDE Almer\u00eda - Centro de Documentaci\u00f3n Europea - Universidad de Almer\u00eda\" \/>\n<meta property=\"og:description\" content=\"As of today,\u00a0Estonia, Latvia and Lithuania are fully independent from Russia&#8217;s and Belarus&#8217;s electricity systems. They\u00a0successfully integrated into the EU internal energy market\u00a0by joining the European continental network via Poland. This allows the Baltic States to operate their own energy systems under common and transparent European rules. The synchronisation of the Baltics not only contributes [&hellip;]\" \/>\n<meta property=\"og:url\" content=\"https:\/\/www.cde.ual.es\/en\/baltic-states-join-the-european-continental-electricity\/\" \/>\n<meta property=\"og:site_name\" content=\"CDE Almer\u00eda - Centro de Documentaci\u00f3n Europea - Universidad de Almer\u00eda\" \/>\n<meta property=\"article:publisher\" content=\"https:\/\/www.facebook.com\/cdeuniversidadalmeria\/\" \/>\n<meta property=\"article:published_time\" content=\"2025-02-10T08:24:15+00:00\" \/>\n<meta property=\"article:modified_time\" content=\"2025-02-10T08:25:14+00:00\" \/>\n<meta property=\"og:image\" content=\"https:\/\/www.cde.ual.es\/wp-content\/uploads\/2025\/02\/electrical-substation-power-distribution-network-scaled.jpg\" \/>\n\t<meta property=\"og:image:width\" content=\"2560\" \/>\n\t<meta property=\"og:image:height\" content=\"1279\" \/>\n\t<meta property=\"og:image:type\" content=\"image\/jpeg\" \/>\n<meta name=\"author\" content=\"BECA 2 CDE\" \/>\n<meta name=\"twitter:card\" content=\"summary_large_image\" \/>\n<meta name=\"twitter:creator\" content=\"@cdeualmeria\" \/>\n<meta name=\"twitter:site\" content=\"@cdeualmeria\" \/>\n<meta name=\"twitter:label1\" content=\"Written by\" \/>\n\t<meta name=\"twitter:data1\" content=\"BECA 2 CDE\" \/>\n\t<meta name=\"twitter:label2\" content=\"Est. reading time\" \/>\n\t<meta name=\"twitter:data2\" content=\"4 minutes\" \/>\n<script type=\"application\/ld+json\" class=\"yoast-schema-graph\">{\"@context\":\"https:\\\/\\\/schema.org\",\"@graph\":[{\"@type\":\"Article\",\"@id\":\"https:\\\/\\\/www.cde.ual.es\\\/en\\\/baltic-states-join-the-european-continental-electricity\\\/#article\",\"isPartOf\":{\"@id\":\"https:\\\/\\\/www.cde.ual.es\\\/en\\\/baltic-states-join-the-european-continental-electricity\\\/\"},\"author\":{\"name\":\"BECA 2 CDE\",\"@id\":\"https:\\\/\\\/www.cde.ual.es\\\/#\\\/schema\\\/person\\\/ee46ebc19edfa19598c02cff83335acc\"},\"headline\":\"Baltic States join the European continental electricity\",\"datePublished\":\"2025-02-10T08:24:15+00:00\",\"dateModified\":\"2025-02-10T08:25:14+00:00\",\"mainEntityOfPage\":{\"@id\":\"https:\\\/\\\/www.cde.ual.es\\\/en\\\/baltic-states-join-the-european-continental-electricity\\\/\"},\"wordCount\":722,\"commentCount\":0,\"publisher\":{\"@id\":\"https:\\\/\\\/www.cde.ual.es\\\/#organization\"},\"image\":{\"@id\":\"https:\\\/\\\/www.cde.ual.es\\\/en\\\/baltic-states-join-the-european-continental-electricity\\\/#primaryimage\"},\"thumbnailUrl\":\"https:\\\/\\\/www.cde.ual.es\\\/wp-content\\\/uploads\\\/2025\\\/02\\\/electrical-substation-power-distribution-network-scaled.jpg\",\"keywords\":[\"Baltic States\",\"Energ\u00eda\",\"Energy\",\"European continental electricity\",\"Ursula von de Leyen\"],\"articleSection\":[\"Institutional Affairs\",\"International Politics and Cooperation\"],\"inLanguage\":\"en-US\",\"potentialAction\":[{\"@type\":\"CommentAction\",\"name\":\"Comment\",\"target\":[\"https:\\\/\\\/www.cde.ual.es\\\/en\\\/baltic-states-join-the-european-continental-electricity\\\/#respond\"]}]},{\"@type\":\"WebPage\",\"@id\":\"https:\\\/\\\/www.cde.ual.es\\\/en\\\/baltic-states-join-the-european-continental-electricity\\\/\",\"url\":\"https:\\\/\\\/www.cde.ual.es\\\/en\\\/baltic-states-join-the-european-continental-electricity\\\/\",\"name\":\"Baltic States join the European continental electricity | CDE Almer\u00eda - Centro de Documentaci\u00f3n Europea - Universidad de Almer\u00eda\",\"isPartOf\":{\"@id\":\"https:\\\/\\\/www.cde.ual.es\\\/#website\"},\"primaryImageOfPage\":{\"@id\":\"https:\\\/\\\/www.cde.ual.es\\\/en\\\/baltic-states-join-the-european-continental-electricity\\\/#primaryimage\"},\"image\":{\"@id\":\"https:\\\/\\\/www.cde.ual.es\\\/en\\\/baltic-states-join-the-european-continental-electricity\\\/#primaryimage\"},\"thumbnailUrl\":\"https:\\\/\\\/www.cde.ual.es\\\/wp-content\\\/uploads\\\/2025\\\/02\\\/electrical-substation-power-distribution-network-scaled.jpg\",\"datePublished\":\"2025-02-10T08:24:15+00:00\",\"dateModified\":\"2025-02-10T08:25:14+00:00\",\"breadcrumb\":{\"@id\":\"https:\\\/\\\/www.cde.ual.es\\\/en\\\/baltic-states-join-the-european-continental-electricity\\\/#breadcrumb\"},\"inLanguage\":\"en-US\",\"potentialAction\":[{\"@type\":\"ReadAction\",\"target\":[\"https:\\\/\\\/www.cde.ual.es\\\/en\\\/baltic-states-join-the-european-continental-electricity\\\/\"]}]},{\"@type\":\"ImageObject\",\"inLanguage\":\"en-US\",\"@id\":\"https:\\\/\\\/www.cde.ual.es\\\/en\\\/baltic-states-join-the-european-continental-electricity\\\/#primaryimage\",\"url\":\"https:\\\/\\\/www.cde.ual.es\\\/wp-content\\\/uploads\\\/2025\\\/02\\\/electrical-substation-power-distribution-network-scaled.jpg\",\"contentUrl\":\"https:\\\/\\\/www.cde.ual.es\\\/wp-content\\\/uploads\\\/2025\\\/02\\\/electrical-substation-power-distribution-network-scaled.jpg\",\"width\":2560,\"height\":1279,\"caption\":\"Electrical substation, power distribution network.\"},{\"@type\":\"BreadcrumbList\",\"@id\":\"https:\\\/\\\/www.cde.ual.es\\\/en\\\/baltic-states-join-the-european-continental-electricity\\\/#breadcrumb\",\"itemListElement\":[{\"@type\":\"ListItem\",\"position\":1,\"name\":\"Inicio\",\"item\":\"https:\\\/\\\/www.cde.ual.es\\\/en\\\/\"},{\"@type\":\"ListItem\",\"position\":2,\"name\":\"EU News\",\"item\":\"https:\\\/\\\/www.cde.ual.es\\\/en\\\/category\\\/eu-news\\\/\"},{\"@type\":\"ListItem\",\"position\":3,\"name\":\"Institutional Affairs\",\"item\":\"https:\\\/\\\/www.cde.ual.es\\\/en\\\/category\\\/eu-news\\\/institutional\\\/\"},{\"@type\":\"ListItem\",\"position\":4,\"name\":\"Baltic States join the European continental electricity\"}]},{\"@type\":\"WebSite\",\"@id\":\"https:\\\/\\\/www.cde.ual.es\\\/#website\",\"url\":\"https:\\\/\\\/www.cde.ual.es\\\/\",\"name\":\"CDE Almer\u00eda - Centro de Documentaci\u00f3n Europea - Universidad de Almer\u00eda\",\"description\":\"Centro de Documentaci\u00f3n Europea de la Universidad de Almer\u00eda\",\"publisher\":{\"@id\":\"https:\\\/\\\/www.cde.ual.es\\\/#organization\"},\"alternateName\":\"CDE Almer\u00eda\",\"potentialAction\":[{\"@type\":\"SearchAction\",\"target\":{\"@type\":\"EntryPoint\",\"urlTemplate\":\"https:\\\/\\\/www.cde.ual.es\\\/?s={search_term_string}\"},\"query-input\":{\"@type\":\"PropertyValueSpecification\",\"valueRequired\":true,\"valueName\":\"search_term_string\"}}],\"inLanguage\":\"en-US\"},{\"@type\":\"Organization\",\"@id\":\"https:\\\/\\\/www.cde.ual.es\\\/#organization\",\"name\":\"Centro de Documentaci\u00f3n Europea de Almer\u00eda\",\"url\":\"https:\\\/\\\/www.cde.ual.es\\\/\",\"logo\":{\"@type\":\"ImageObject\",\"inLanguage\":\"en-US\",\"@id\":\"https:\\\/\\\/www.cde.ual.es\\\/#\\\/schema\\\/logo\\\/image\\\/\",\"url\":\"https:\\\/\\\/www.cde.ual.es\\\/wp-content\\\/uploads\\\/2025\\\/07\\\/cde-logo-3.png\",\"contentUrl\":\"https:\\\/\\\/www.cde.ual.es\\\/wp-content\\\/uploads\\\/2025\\\/07\\\/cde-logo-3.png\",\"width\":1400,\"height\":300,\"caption\":\"Centro de Documentaci\u00f3n Europea de Almer\u00eda\"},\"image\":{\"@id\":\"https:\\\/\\\/www.cde.ual.es\\\/#\\\/schema\\\/logo\\\/image\\\/\"},\"sameAs\":[\"https:\\\/\\\/www.facebook.com\\\/cdeuniversidadalmeria\\\/\",\"https:\\\/\\\/x.com\\\/cdeualmeria\",\"https:\\\/\\\/www.tiktok.com\\\/@cdealmeria\",\"https:\\\/\\\/www.instagram.com\\\/cdealmeria\\\/\",\"https:\\\/\\\/www.linkedin.com\\\/in\\\/cde-almera-812b26a9\\\/\"]},{\"@type\":\"Person\",\"@id\":\"https:\\\/\\\/www.cde.ual.es\\\/#\\\/schema\\\/person\\\/ee46ebc19edfa19598c02cff83335acc\",\"name\":\"BECA 2 CDE\",\"image\":{\"@type\":\"ImageObject\",\"inLanguage\":\"en-US\",\"@id\":\"https:\\\/\\\/secure.gravatar.com\\\/avatar\\\/35a481bbc04bbd90e91bdfa3b0b5541036c222a49b9ad37b6889a2afcb5311a5?s=96&d=mm&r=g\",\"url\":\"https:\\\/\\\/secure.gravatar.com\\\/avatar\\\/35a481bbc04bbd90e91bdfa3b0b5541036c222a49b9ad37b6889a2afcb5311a5?s=96&d=mm&r=g\",\"contentUrl\":\"https:\\\/\\\/secure.gravatar.com\\\/avatar\\\/35a481bbc04bbd90e91bdfa3b0b5541036c222a49b9ad37b6889a2afcb5311a5?s=96&d=mm&r=g\",\"caption\":\"BECA 2 CDE\"},\"sameAs\":[\"http:\\\/\\\/www.cdealmeria.com\"]}]}<\/script>\n<!-- \/ Yoast SEO plugin. -->","yoast_head_json":{"title":"Baltic States join the European continental electricity | CDE Almer\u00eda - Centro de Documentaci\u00f3n Europea - Universidad de Almer\u00eda","robots":{"index":"index","follow":"follow","max-snippet":"max-snippet:-1","max-image-preview":"max-image-preview:large","max-video-preview":"max-video-preview:-1"},"canonical":"https:\/\/www.cde.ual.es\/en\/baltic-states-join-the-european-continental-electricity\/","og_locale":"en_US","og_type":"article","og_title":"Baltic States join the European continental electricity | CDE Almer\u00eda - Centro de Documentaci\u00f3n Europea - Universidad de Almer\u00eda","og_description":"As of today,\u00a0Estonia, Latvia and Lithuania are fully independent from Russia&#8217;s and Belarus&#8217;s electricity systems. They\u00a0successfully integrated into the EU internal energy market\u00a0by joining the European continental network via Poland. This allows the Baltic States to operate their own energy systems under common and transparent European rules. The synchronisation of the Baltics not only contributes [&hellip;]","og_url":"https:\/\/www.cde.ual.es\/en\/baltic-states-join-the-european-continental-electricity\/","og_site_name":"CDE Almer\u00eda - Centro de Documentaci\u00f3n Europea - Universidad de Almer\u00eda","article_publisher":"https:\/\/www.facebook.com\/cdeuniversidadalmeria\/","article_published_time":"2025-02-10T08:24:15+00:00","article_modified_time":"2025-02-10T08:25:14+00:00","og_image":[{"width":2560,"height":1279,"url":"https:\/\/www.cde.ual.es\/wp-content\/uploads\/2025\/02\/electrical-substation-power-distribution-network-scaled.jpg","type":"image\/jpeg"}],"author":"BECA 2 CDE","twitter_card":"summary_large_image","twitter_creator":"@cdeualmeria","twitter_site":"@cdeualmeria","twitter_misc":{"Written by":"BECA 2 CDE","Est. reading time":"4 minutes"},"schema":{"@context":"https:\/\/schema.org","@graph":[{"@type":"Article","@id":"https:\/\/www.cde.ual.es\/en\/baltic-states-join-the-european-continental-electricity\/#article","isPartOf":{"@id":"https:\/\/www.cde.ual.es\/en\/baltic-states-join-the-european-continental-electricity\/"},"author":{"name":"BECA 2 CDE","@id":"https:\/\/www.cde.ual.es\/#\/schema\/person\/ee46ebc19edfa19598c02cff83335acc"},"headline":"Baltic States join the European continental electricity","datePublished":"2025-02-10T08:24:15+00:00","dateModified":"2025-02-10T08:25:14+00:00","mainEntityOfPage":{"@id":"https:\/\/www.cde.ual.es\/en\/baltic-states-join-the-european-continental-electricity\/"},"wordCount":722,"commentCount":0,"publisher":{"@id":"https:\/\/www.cde.ual.es\/#organization"},"image":{"@id":"https:\/\/www.cde.ual.es\/en\/baltic-states-join-the-european-continental-electricity\/#primaryimage"},"thumbnailUrl":"https:\/\/www.cde.ual.es\/wp-content\/uploads\/2025\/02\/electrical-substation-power-distribution-network-scaled.jpg","keywords":["Baltic States","Energ\u00eda","Energy","European continental electricity","Ursula von de Leyen"],"articleSection":["Institutional Affairs","International Politics and Cooperation"],"inLanguage":"en-US","potentialAction":[{"@type":"CommentAction","name":"Comment","target":["https:\/\/www.cde.ual.es\/en\/baltic-states-join-the-european-continental-electricity\/#respond"]}]},{"@type":"WebPage","@id":"https:\/\/www.cde.ual.es\/en\/baltic-states-join-the-european-continental-electricity\/","url":"https:\/\/www.cde.ual.es\/en\/baltic-states-join-the-european-continental-electricity\/","name":"Baltic States join the European continental electricity | CDE Almer\u00eda - Centro de Documentaci\u00f3n Europea - Universidad de Almer\u00eda","isPartOf":{"@id":"https:\/\/www.cde.ual.es\/#website"},"primaryImageOfPage":{"@id":"https:\/\/www.cde.ual.es\/en\/baltic-states-join-the-european-continental-electricity\/#primaryimage"},"image":{"@id":"https:\/\/www.cde.ual.es\/en\/baltic-states-join-the-european-continental-electricity\/#primaryimage"},"thumbnailUrl":"https:\/\/www.cde.ual.es\/wp-content\/uploads\/2025\/02\/electrical-substation-power-distribution-network-scaled.jpg","datePublished":"2025-02-10T08:24:15+00:00","dateModified":"2025-02-10T08:25:14+00:00","breadcrumb":{"@id":"https:\/\/www.cde.ual.es\/en\/baltic-states-join-the-european-continental-electricity\/#breadcrumb"},"inLanguage":"en-US","potentialAction":[{"@type":"ReadAction","target":["https:\/\/www.cde.ual.es\/en\/baltic-states-join-the-european-continental-electricity\/"]}]},{"@type":"ImageObject","inLanguage":"en-US","@id":"https:\/\/www.cde.ual.es\/en\/baltic-states-join-the-european-continental-electricity\/#primaryimage","url":"https:\/\/www.cde.ual.es\/wp-content\/uploads\/2025\/02\/electrical-substation-power-distribution-network-scaled.jpg","contentUrl":"https:\/\/www.cde.ual.es\/wp-content\/uploads\/2025\/02\/electrical-substation-power-distribution-network-scaled.jpg","width":2560,"height":1279,"caption":"Electrical substation, power distribution network."},{"@type":"BreadcrumbList","@id":"https:\/\/www.cde.ual.es\/en\/baltic-states-join-the-european-continental-electricity\/#breadcrumb","itemListElement":[{"@type":"ListItem","position":1,"name":"Inicio","item":"https:\/\/www.cde.ual.es\/en\/"},{"@type":"ListItem","position":2,"name":"EU News","item":"https:\/\/www.cde.ual.es\/en\/category\/eu-news\/"},{"@type":"ListItem","position":3,"name":"Institutional Affairs","item":"https:\/\/www.cde.ual.es\/en\/category\/eu-news\/institutional\/"},{"@type":"ListItem","position":4,"name":"Baltic States join the European continental electricity"}]},{"@type":"WebSite","@id":"https:\/\/www.cde.ual.es\/#website","url":"https:\/\/www.cde.ual.es\/","name":"CDE Almer\u00eda - Centro de Documentaci\u00f3n Europea - Universidad de Almer\u00eda","description":"Centro de Documentaci\u00f3n Europea de la Universidad de Almer\u00eda","publisher":{"@id":"https:\/\/www.cde.ual.es\/#organization"},"alternateName":"CDE Almer\u00eda","potentialAction":[{"@type":"SearchAction","target":{"@type":"EntryPoint","urlTemplate":"https:\/\/www.cde.ual.es\/?s={search_term_string}"},"query-input":{"@type":"PropertyValueSpecification","valueRequired":true,"valueName":"search_term_string"}}],"inLanguage":"en-US"},{"@type":"Organization","@id":"https:\/\/www.cde.ual.es\/#organization","name":"Centro de Documentaci\u00f3n Europea de Almer\u00eda","url":"https:\/\/www.cde.ual.es\/","logo":{"@type":"ImageObject","inLanguage":"en-US","@id":"https:\/\/www.cde.ual.es\/#\/schema\/logo\/image\/","url":"https:\/\/www.cde.ual.es\/wp-content\/uploads\/2025\/07\/cde-logo-3.png","contentUrl":"https:\/\/www.cde.ual.es\/wp-content\/uploads\/2025\/07\/cde-logo-3.png","width":1400,"height":300,"caption":"Centro de Documentaci\u00f3n Europea de Almer\u00eda"},"image":{"@id":"https:\/\/www.cde.ual.es\/#\/schema\/logo\/image\/"},"sameAs":["https:\/\/www.facebook.com\/cdeuniversidadalmeria\/","https:\/\/x.com\/cdeualmeria","https:\/\/www.tiktok.com\/@cdealmeria","https:\/\/www.instagram.com\/cdealmeria\/","https:\/\/www.linkedin.com\/in\/cde-almera-812b26a9\/"]},{"@type":"Person","@id":"https:\/\/www.cde.ual.es\/#\/schema\/person\/ee46ebc19edfa19598c02cff83335acc","name":"BECA 2 CDE","image":{"@type":"ImageObject","inLanguage":"en-US","@id":"https:\/\/secure.gravatar.com\/avatar\/35a481bbc04bbd90e91bdfa3b0b5541036c222a49b9ad37b6889a2afcb5311a5?s=96&d=mm&r=g","url":"https:\/\/secure.gravatar.com\/avatar\/35a481bbc04bbd90e91bdfa3b0b5541036c222a49b9ad37b6889a2afcb5311a5?s=96&d=mm&r=g","contentUrl":"https:\/\/secure.gravatar.com\/avatar\/35a481bbc04bbd90e91bdfa3b0b5541036c222a49b9ad37b6889a2afcb5311a5?s=96&d=mm&r=g","caption":"BECA 2 CDE"},"sameAs":["http:\/\/www.cdealmeria.com"]}]}},"_links":{"self":[{"href":"https:\/\/www.cde.ual.es\/en\/wp-json\/wp\/v2\/posts\/156893","targetHints":{"allow":["GET"]}}],"collection":[{"href":"https:\/\/www.cde.ual.es\/en\/wp-json\/wp\/v2\/posts"}],"about":[{"href":"https:\/\/www.cde.ual.es\/en\/wp-json\/wp\/v2\/types\/post"}],"author":[{"embeddable":true,"href":"https:\/\/www.cde.ual.es\/en\/wp-json\/wp\/v2\/users\/101011"}],"replies":[{"embeddable":true,"href":"https:\/\/www.cde.ual.es\/en\/wp-json\/wp\/v2\/comments?post=156893"}],"version-history":[{"count":2,"href":"https:\/\/www.cde.ual.es\/en\/wp-json\/wp\/v2\/posts\/156893\/revisions"}],"predecessor-version":[{"id":156896,"href":"https:\/\/www.cde.ual.es\/en\/wp-json\/wp\/v2\/posts\/156893\/revisions\/156896"}],"wp:featuredmedia":[{"embeddable":true,"href":"https:\/\/www.cde.ual.es\/en\/wp-json\/wp\/v2\/media\/156890"}],"wp:attachment":[{"href":"https:\/\/www.cde.ual.es\/en\/wp-json\/wp\/v2\/media?parent=156893"}],"wp:term":[{"taxonomy":"category","embeddable":true,"href":"https:\/\/www.cde.ual.es\/en\/wp-json\/wp\/v2\/categories?post=156893"},{"taxonomy":"post_tag","embeddable":true,"href":"https:\/\/www.cde.ual.es\/en\/wp-json\/wp\/v2\/tags?post=156893"}],"curies":[{"name":"wp","href":"https:\/\/api.w.org\/{rel}","templated":true}]}}