{"id":156226,"date":"2025-01-22T12:37:37","date_gmt":"2025-01-22T11:37:37","guid":{"rendered":"https:\/\/www.cde.ual.es\/?p=156226"},"modified":"2025-01-22T12:37:37","modified_gmt":"2025-01-22T11:37:37","slug":"the-european-commission-has-approved-the-registration-of-a-new-designation-recognizing-its-distinctive-qualities","status":"publish","type":"post","link":"https:\/\/www.cde.ual.es\/en\/the-european-commission-has-approved-the-registration-of-a-new-designation-recognizing-its-distinctive-qualities\/","title":{"rendered":"The European Commission has approved the registration of a new designation, recognizing its distinctive qualities"},"content":{"rendered":"<p style=\"text-align: justify;\">The European Commission has approved the registration of a new designation, thereby recognizing its distinctive qualities.<\/p>\n<p style=\"text-align: justify;\"><a href=\"https:\/\/www.cde.ual.es\/wp-content\/uploads\/2025\/01\/pexels-gianpieroferraro-10510951-scaled.jpg\"><img decoding=\"async\" class=\"wp-image-156230 aligncenter\" src=\"https:\/\/www.cde.ual.es\/wp-content\/uploads\/2025\/01\/pexels-gianpieroferraro-10510951-scaled.jpg\" alt=\"\" width=\"800\" height=\"533\" srcset=\"https:\/\/www.cde.ual.es\/wp-content\/uploads\/2025\/01\/pexels-gianpieroferraro-10510951-scaled.jpg 2560w, https:\/\/www.cde.ual.es\/wp-content\/uploads\/2025\/01\/pexels-gianpieroferraro-10510951-300x200.jpg 300w, https:\/\/www.cde.ual.es\/wp-content\/uploads\/2025\/01\/pexels-gianpieroferraro-10510951-1024x683.jpg 1024w, https:\/\/www.cde.ual.es\/wp-content\/uploads\/2025\/01\/pexels-gianpieroferraro-10510951-768x512.jpg 768w, https:\/\/www.cde.ual.es\/wp-content\/uploads\/2025\/01\/pexels-gianpieroferraro-10510951-1536x1024.jpg 1536w, https:\/\/www.cde.ual.es\/wp-content\/uploads\/2025\/01\/pexels-gianpieroferraro-10510951-2048x1365.jpg 2048w\" sizes=\"(max-width: 800px) 100vw, 800px\" \/><\/a><\/p>\n<p style=\"text-align: justify;\">The &#8220;Oli de Menorca\/Aceite de Menorca&#8221; (as a protected geographical indication) is an organic extra virgin olive oil produced on the island of Menorca. It is a fruity oil, with a medium to intense flavor, and on the palate, it presents bitter and mildly to medium-pungent sensations. The characteristic that has most contributed to the reputation of &#8220;Oli de Menorca\/Aceite de Menorca&#8221; is the &#8220;green&#8221; attribute of its fruitiness, which is determined by the timing of the olive harvest, specifically when the olives are still green. The harvesting of olives begins at the end of September. Another factor that supports the reputation of &#8220;Oli de Menorca\/Aceite de Menorca&#8221; is its presence at local, national, and international fairs.<\/p>\n<p style=\"text-align: justify;\">This new designation will be added to the list of the 3,639 agricultural products already protected. The list of all protected geographical indications is available in the eAmbrosia database.<\/p>\n<p style=\"text-align: justify;\"><strong>More information <a href=\"https:\/\/agriculture.ec.europa.eu\/farming\/geographical-indications-and-quality-schemes\/geographical-indications-and-quality-schemes-explained_en\">European Commission.\u00a0<\/a><\/strong><\/p>\n","protected":false},"excerpt":{"rendered":"<p>The European Commission has approved the registration of a new designation, thereby recognizing its distinctive qualities. The &#8220;Oli de Menorca\/Aceite de Menorca&#8221; (as a protected geographical indication) is an organic extra virgin olive oil produced on the island of Menorca. It is a fruity oil, with a medium to intense flavor, and on the palate, [&hellip;]<\/p>\n","protected":false},"author":101011,"featured_media":156230,"comment_status":"open","ping_status":"open","sticky":false,"template":"","format":"standard","meta":{"_acf_changed":false,"_relevanssi_hide_post":"","_relevanssi_hide_content":"","_relevanssi_pin_for_all":"","_relevanssi_pin_keywords":"","_relevanssi_unpin_keywords":"","_relevanssi_related_keywords":"","_relevanssi_related_include_ids":"","_relevanssi_related_exclude_ids":"","_relevanssi_related_no_append":"","_relevanssi_related_not_related":"","_relevanssi_related_posts":"","_relevanssi_noindex_reason":"","_monsterinsights_skip_tracking":false,"_monsterinsights_sitenote_active":false,"_monsterinsights_sitenote_note":"","_monsterinsights_sitenote_category":0,"_genesis_hide_title":false,"_genesis_hide_breadcrumbs":false,"_genesis_hide_singular_image":false,"_genesis_hide_footer_widgets":false,"_genesis_custom_body_class":"","_genesis_custom_post_class":"","_genesis_layout":"","footnotes":""},"categories":[4063,4061,4062],"tags":[13319,13320,13321,13317,13322,13316,13318,13323,778,7253],"class_list":{"0":"post-156226","1":"post","2":"type-post","3":"status-publish","4":"format-standard","5":"has-post-thumbnail","7":"category-agr-pol","8":"category-agr-liv-far-fish","9":"category-farming-act","10":"tag-aceite-de-menorca","11":"tag-extra-virgin","12":"tag-fruity","13":"tag-geographical-indication","14":"tag-green-attribute","15":"tag-new-designation","16":"tag-oli-de-menorca","17":"tag-olive-harvest","18":"tag-olive-oil","19":"tag-organic","20":"entry"},"acf":[],"yoast_head":"<!-- This site is optimized with the Yoast SEO plugin v27.5 - https:\/\/yoast.com\/product\/yoast-seo-wordpress\/ -->\n<title>The European Commission has approved the registration of a new designation, recognizing its distinctive qualities | CDE Almer\u00eda - Centro de Documentaci\u00f3n Europea - Universidad de Almer\u00eda<\/title>\n<meta name=\"robots\" content=\"index, follow, max-snippet:-1, max-image-preview:large, max-video-preview:-1\" \/>\n<link rel=\"canonical\" href=\"https:\/\/www.cde.ual.es\/en\/the-european-commission-has-approved-the-registration-of-a-new-designation-recognizing-its-distinctive-qualities\/\" \/>\n<meta property=\"og:locale\" content=\"en_US\" \/>\n<meta property=\"og:type\" content=\"article\" \/>\n<meta property=\"og:title\" content=\"The European Commission has approved the registration of a new designation, recognizing its distinctive qualities | CDE Almer\u00eda - Centro de Documentaci\u00f3n Europea - Universidad de Almer\u00eda\" \/>\n<meta property=\"og:description\" content=\"The European Commission has approved the registration of a new designation, thereby recognizing its distinctive qualities. The &#8220;Oli de Menorca\/Aceite de Menorca&#8221; (as a protected geographical indication) is an organic extra virgin olive oil produced on the island of Menorca. It is a fruity oil, with a medium to intense flavor, and on the palate, [&hellip;]\" \/>\n<meta property=\"og:url\" content=\"https:\/\/www.cde.ual.es\/en\/the-european-commission-has-approved-the-registration-of-a-new-designation-recognizing-its-distinctive-qualities\/\" \/>\n<meta property=\"og:site_name\" content=\"CDE Almer\u00eda - Centro de Documentaci\u00f3n Europea - Universidad de Almer\u00eda\" \/>\n<meta property=\"article:publisher\" content=\"https:\/\/www.facebook.com\/cdeuniversidadalmeria\/\" \/>\n<meta property=\"article:published_time\" content=\"2025-01-22T11:37:37+00:00\" \/>\n<meta property=\"og:image\" content=\"https:\/\/www.cde.ual.es\/wp-content\/uploads\/2025\/01\/pexels-gianpieroferraro-10510951-scaled.jpg\" \/>\n\t<meta property=\"og:image:width\" content=\"2560\" \/>\n\t<meta property=\"og:image:height\" content=\"1707\" \/>\n\t<meta property=\"og:image:type\" content=\"image\/jpeg\" \/>\n<meta name=\"author\" content=\"BECA 2 CDE\" \/>\n<meta name=\"twitter:card\" content=\"summary_large_image\" \/>\n<meta name=\"twitter:creator\" content=\"@cdeualmeria\" \/>\n<meta name=\"twitter:site\" content=\"@cdeualmeria\" \/>\n<meta name=\"twitter:label1\" content=\"Written by\" \/>\n\t<meta name=\"twitter:data1\" content=\"BECA 2 CDE\" \/>\n\t<meta name=\"twitter:label2\" content=\"Est. reading time\" \/>\n\t<meta name=\"twitter:data2\" content=\"2 minutes\" \/>\n<script type=\"application\/ld+json\" class=\"yoast-schema-graph\">{\"@context\":\"https:\\\/\\\/schema.org\",\"@graph\":[{\"@type\":\"Article\",\"@id\":\"https:\\\/\\\/www.cde.ual.es\\\/en\\\/the-european-commission-has-approved-the-registration-of-a-new-designation-recognizing-its-distinctive-qualities\\\/#article\",\"isPartOf\":{\"@id\":\"https:\\\/\\\/www.cde.ual.es\\\/en\\\/the-european-commission-has-approved-the-registration-of-a-new-designation-recognizing-its-distinctive-qualities\\\/\"},\"author\":{\"name\":\"BECA 2 CDE\",\"@id\":\"https:\\\/\\\/www.cde.ual.es\\\/#\\\/schema\\\/person\\\/ee46ebc19edfa19598c02cff83335acc\"},\"headline\":\"The European Commission has approved the registration of a new designation, recognizing its distinctive qualities\",\"datePublished\":\"2025-01-22T11:37:37+00:00\",\"mainEntityOfPage\":{\"@id\":\"https:\\\/\\\/www.cde.ual.es\\\/en\\\/the-european-commission-has-approved-the-registration-of-a-new-designation-recognizing-its-distinctive-qualities\\\/\"},\"wordCount\":183,\"commentCount\":0,\"publisher\":{\"@id\":\"https:\\\/\\\/www.cde.ual.es\\\/#organization\"},\"image\":{\"@id\":\"https:\\\/\\\/www.cde.ual.es\\\/en\\\/the-european-commission-has-approved-the-registration-of-a-new-designation-recognizing-its-distinctive-qualities\\\/#primaryimage\"},\"thumbnailUrl\":\"https:\\\/\\\/www.cde.ual.es\\\/wp-content\\\/uploads\\\/2025\\\/01\\\/pexels-gianpieroferraro-10510951-scaled.jpg\",\"keywords\":[\"Aceite de Menorca\",\"extra virgin\",\"fruity\",\"geographical indication\",\"green attribute\",\"new designation\",\"Oli de Menorca\",\"olive harvest\",\"Olive Oil\",\"organic\"],\"articleSection\":[\"Agricultural Policies\",\"Agriculture, Livestock Farming and Fisheries\",\"Farming activity\"],\"inLanguage\":\"en-US\",\"potentialAction\":[{\"@type\":\"CommentAction\",\"name\":\"Comment\",\"target\":[\"https:\\\/\\\/www.cde.ual.es\\\/en\\\/the-european-commission-has-approved-the-registration-of-a-new-designation-recognizing-its-distinctive-qualities\\\/#respond\"]}]},{\"@type\":\"WebPage\",\"@id\":\"https:\\\/\\\/www.cde.ual.es\\\/en\\\/the-european-commission-has-approved-the-registration-of-a-new-designation-recognizing-its-distinctive-qualities\\\/\",\"url\":\"https:\\\/\\\/www.cde.ual.es\\\/en\\\/the-european-commission-has-approved-the-registration-of-a-new-designation-recognizing-its-distinctive-qualities\\\/\",\"name\":\"The European Commission has approved the registration of a new designation, recognizing its distinctive qualities | CDE Almer\u00eda - Centro de Documentaci\u00f3n Europea - Universidad de Almer\u00eda\",\"isPartOf\":{\"@id\":\"https:\\\/\\\/www.cde.ual.es\\\/#website\"},\"primaryImageOfPage\":{\"@id\":\"https:\\\/\\\/www.cde.ual.es\\\/en\\\/the-european-commission-has-approved-the-registration-of-a-new-designation-recognizing-its-distinctive-qualities\\\/#primaryimage\"},\"image\":{\"@id\":\"https:\\\/\\\/www.cde.ual.es\\\/en\\\/the-european-commission-has-approved-the-registration-of-a-new-designation-recognizing-its-distinctive-qualities\\\/#primaryimage\"},\"thumbnailUrl\":\"https:\\\/\\\/www.cde.ual.es\\\/wp-content\\\/uploads\\\/2025\\\/01\\\/pexels-gianpieroferraro-10510951-scaled.jpg\",\"datePublished\":\"2025-01-22T11:37:37+00:00\",\"breadcrumb\":{\"@id\":\"https:\\\/\\\/www.cde.ual.es\\\/en\\\/the-european-commission-has-approved-the-registration-of-a-new-designation-recognizing-its-distinctive-qualities\\\/#breadcrumb\"},\"inLanguage\":\"en-US\",\"potentialAction\":[{\"@type\":\"ReadAction\",\"target\":[\"https:\\\/\\\/www.cde.ual.es\\\/en\\\/the-european-commission-has-approved-the-registration-of-a-new-designation-recognizing-its-distinctive-qualities\\\/\"]}]},{\"@type\":\"ImageObject\",\"inLanguage\":\"en-US\",\"@id\":\"https:\\\/\\\/www.cde.ual.es\\\/en\\\/the-european-commission-has-approved-the-registration-of-a-new-designation-recognizing-its-distinctive-qualities\\\/#primaryimage\",\"url\":\"https:\\\/\\\/www.cde.ual.es\\\/wp-content\\\/uploads\\\/2025\\\/01\\\/pexels-gianpieroferraro-10510951-scaled.jpg\",\"contentUrl\":\"https:\\\/\\\/www.cde.ual.es\\\/wp-content\\\/uploads\\\/2025\\\/01\\\/pexels-gianpieroferraro-10510951-scaled.jpg\",\"width\":2560,\"height\":1707},{\"@type\":\"BreadcrumbList\",\"@id\":\"https:\\\/\\\/www.cde.ual.es\\\/en\\\/the-european-commission-has-approved-the-registration-of-a-new-designation-recognizing-its-distinctive-qualities\\\/#breadcrumb\",\"itemListElement\":[{\"@type\":\"ListItem\",\"position\":1,\"name\":\"Inicio\",\"item\":\"https:\\\/\\\/www.cde.ual.es\\\/en\\\/\"},{\"@type\":\"ListItem\",\"position\":2,\"name\":\"EU News\",\"item\":\"https:\\\/\\\/www.cde.ual.es\\\/en\\\/category\\\/eu-news\\\/\"},{\"@type\":\"ListItem\",\"position\":3,\"name\":\"Agriculture, Livestock Farming and Fisheries\",\"item\":\"https:\\\/\\\/www.cde.ual.es\\\/en\\\/category\\\/eu-news\\\/agr-liv-far-fish\\\/\"},{\"@type\":\"ListItem\",\"position\":4,\"name\":\"Farming activity\",\"item\":\"https:\\\/\\\/www.cde.ual.es\\\/en\\\/category\\\/eu-news\\\/agr-liv-far-fish\\\/farming-act\\\/\"},{\"@type\":\"ListItem\",\"position\":5,\"name\":\"The European Commission has approved the registration of a new designation, recognizing its distinctive qualities\"}]},{\"@type\":\"WebSite\",\"@id\":\"https:\\\/\\\/www.cde.ual.es\\\/#website\",\"url\":\"https:\\\/\\\/www.cde.ual.es\\\/\",\"name\":\"CDE Almer\u00eda - Centro de Documentaci\u00f3n Europea - Universidad de Almer\u00eda\",\"description\":\"Centro de Documentaci\u00f3n Europea de la Universidad de Almer\u00eda\",\"publisher\":{\"@id\":\"https:\\\/\\\/www.cde.ual.es\\\/#organization\"},\"alternateName\":\"CDE Almer\u00eda\",\"potentialAction\":[{\"@type\":\"SearchAction\",\"target\":{\"@type\":\"EntryPoint\",\"urlTemplate\":\"https:\\\/\\\/www.cde.ual.es\\\/?s={search_term_string}\"},\"query-input\":{\"@type\":\"PropertyValueSpecification\",\"valueRequired\":true,\"valueName\":\"search_term_string\"}}],\"inLanguage\":\"en-US\"},{\"@type\":\"Organization\",\"@id\":\"https:\\\/\\\/www.cde.ual.es\\\/#organization\",\"name\":\"Centro de Documentaci\u00f3n Europea de Almer\u00eda\",\"url\":\"https:\\\/\\\/www.cde.ual.es\\\/\",\"logo\":{\"@type\":\"ImageObject\",\"inLanguage\":\"en-US\",\"@id\":\"https:\\\/\\\/www.cde.ual.es\\\/#\\\/schema\\\/logo\\\/image\\\/\",\"url\":\"https:\\\/\\\/www.cde.ual.es\\\/wp-content\\\/uploads\\\/2025\\\/07\\\/cde-logo-3.png\",\"contentUrl\":\"https:\\\/\\\/www.cde.ual.es\\\/wp-content\\\/uploads\\\/2025\\\/07\\\/cde-logo-3.png\",\"width\":1400,\"height\":300,\"caption\":\"Centro de Documentaci\u00f3n Europea de Almer\u00eda\"},\"image\":{\"@id\":\"https:\\\/\\\/www.cde.ual.es\\\/#\\\/schema\\\/logo\\\/image\\\/\"},\"sameAs\":[\"https:\\\/\\\/www.facebook.com\\\/cdeuniversidadalmeria\\\/\",\"https:\\\/\\\/x.com\\\/cdeualmeria\",\"https:\\\/\\\/www.tiktok.com\\\/@cdealmeria\",\"https:\\\/\\\/www.instagram.com\\\/cdealmeria\\\/\",\"https:\\\/\\\/www.linkedin.com\\\/in\\\/cde-almera-812b26a9\\\/\"]},{\"@type\":\"Person\",\"@id\":\"https:\\\/\\\/www.cde.ual.es\\\/#\\\/schema\\\/person\\\/ee46ebc19edfa19598c02cff83335acc\",\"name\":\"BECA 2 CDE\",\"image\":{\"@type\":\"ImageObject\",\"inLanguage\":\"en-US\",\"@id\":\"https:\\\/\\\/secure.gravatar.com\\\/avatar\\\/35a481bbc04bbd90e91bdfa3b0b5541036c222a49b9ad37b6889a2afcb5311a5?s=96&d=mm&r=g\",\"url\":\"https:\\\/\\\/secure.gravatar.com\\\/avatar\\\/35a481bbc04bbd90e91bdfa3b0b5541036c222a49b9ad37b6889a2afcb5311a5?s=96&d=mm&r=g\",\"contentUrl\":\"https:\\\/\\\/secure.gravatar.com\\\/avatar\\\/35a481bbc04bbd90e91bdfa3b0b5541036c222a49b9ad37b6889a2afcb5311a5?s=96&d=mm&r=g\",\"caption\":\"BECA 2 CDE\"},\"sameAs\":[\"http:\\\/\\\/www.cdealmeria.com\"]}]}<\/script>\n<!-- \/ Yoast SEO plugin. -->","yoast_head_json":{"title":"The European Commission has approved the registration of a new designation, recognizing its distinctive qualities | CDE Almer\u00eda - Centro de Documentaci\u00f3n Europea - Universidad de Almer\u00eda","robots":{"index":"index","follow":"follow","max-snippet":"max-snippet:-1","max-image-preview":"max-image-preview:large","max-video-preview":"max-video-preview:-1"},"canonical":"https:\/\/www.cde.ual.es\/en\/the-european-commission-has-approved-the-registration-of-a-new-designation-recognizing-its-distinctive-qualities\/","og_locale":"en_US","og_type":"article","og_title":"The European Commission has approved the registration of a new designation, recognizing its distinctive qualities | CDE Almer\u00eda - Centro de Documentaci\u00f3n Europea - Universidad de Almer\u00eda","og_description":"The European Commission has approved the registration of a new designation, thereby recognizing its distinctive qualities. The &#8220;Oli de Menorca\/Aceite de Menorca&#8221; (as a protected geographical indication) is an organic extra virgin olive oil produced on the island of Menorca. It is a fruity oil, with a medium to intense flavor, and on the palate, [&hellip;]","og_url":"https:\/\/www.cde.ual.es\/en\/the-european-commission-has-approved-the-registration-of-a-new-designation-recognizing-its-distinctive-qualities\/","og_site_name":"CDE Almer\u00eda - Centro de Documentaci\u00f3n Europea - Universidad de Almer\u00eda","article_publisher":"https:\/\/www.facebook.com\/cdeuniversidadalmeria\/","article_published_time":"2025-01-22T11:37:37+00:00","og_image":[{"width":2560,"height":1707,"url":"https:\/\/www.cde.ual.es\/wp-content\/uploads\/2025\/01\/pexels-gianpieroferraro-10510951-scaled.jpg","type":"image\/jpeg"}],"author":"BECA 2 CDE","twitter_card":"summary_large_image","twitter_creator":"@cdeualmeria","twitter_site":"@cdeualmeria","twitter_misc":{"Written by":"BECA 2 CDE","Est. reading time":"2 minutes"},"schema":{"@context":"https:\/\/schema.org","@graph":[{"@type":"Article","@id":"https:\/\/www.cde.ual.es\/en\/the-european-commission-has-approved-the-registration-of-a-new-designation-recognizing-its-distinctive-qualities\/#article","isPartOf":{"@id":"https:\/\/www.cde.ual.es\/en\/the-european-commission-has-approved-the-registration-of-a-new-designation-recognizing-its-distinctive-qualities\/"},"author":{"name":"BECA 2 CDE","@id":"https:\/\/www.cde.ual.es\/#\/schema\/person\/ee46ebc19edfa19598c02cff83335acc"},"headline":"The European Commission has approved the registration of a new designation, recognizing its distinctive qualities","datePublished":"2025-01-22T11:37:37+00:00","mainEntityOfPage":{"@id":"https:\/\/www.cde.ual.es\/en\/the-european-commission-has-approved-the-registration-of-a-new-designation-recognizing-its-distinctive-qualities\/"},"wordCount":183,"commentCount":0,"publisher":{"@id":"https:\/\/www.cde.ual.es\/#organization"},"image":{"@id":"https:\/\/www.cde.ual.es\/en\/the-european-commission-has-approved-the-registration-of-a-new-designation-recognizing-its-distinctive-qualities\/#primaryimage"},"thumbnailUrl":"https:\/\/www.cde.ual.es\/wp-content\/uploads\/2025\/01\/pexels-gianpieroferraro-10510951-scaled.jpg","keywords":["Aceite de Menorca","extra virgin","fruity","geographical indication","green attribute","new designation","Oli de Menorca","olive harvest","Olive Oil","organic"],"articleSection":["Agricultural Policies","Agriculture, Livestock Farming and Fisheries","Farming activity"],"inLanguage":"en-US","potentialAction":[{"@type":"CommentAction","name":"Comment","target":["https:\/\/www.cde.ual.es\/en\/the-european-commission-has-approved-the-registration-of-a-new-designation-recognizing-its-distinctive-qualities\/#respond"]}]},{"@type":"WebPage","@id":"https:\/\/www.cde.ual.es\/en\/the-european-commission-has-approved-the-registration-of-a-new-designation-recognizing-its-distinctive-qualities\/","url":"https:\/\/www.cde.ual.es\/en\/the-european-commission-has-approved-the-registration-of-a-new-designation-recognizing-its-distinctive-qualities\/","name":"The European Commission has approved the registration of a new designation, recognizing its distinctive qualities | CDE Almer\u00eda - Centro de Documentaci\u00f3n Europea - Universidad de Almer\u00eda","isPartOf":{"@id":"https:\/\/www.cde.ual.es\/#website"},"primaryImageOfPage":{"@id":"https:\/\/www.cde.ual.es\/en\/the-european-commission-has-approved-the-registration-of-a-new-designation-recognizing-its-distinctive-qualities\/#primaryimage"},"image":{"@id":"https:\/\/www.cde.ual.es\/en\/the-european-commission-has-approved-the-registration-of-a-new-designation-recognizing-its-distinctive-qualities\/#primaryimage"},"thumbnailUrl":"https:\/\/www.cde.ual.es\/wp-content\/uploads\/2025\/01\/pexels-gianpieroferraro-10510951-scaled.jpg","datePublished":"2025-01-22T11:37:37+00:00","breadcrumb":{"@id":"https:\/\/www.cde.ual.es\/en\/the-european-commission-has-approved-the-registration-of-a-new-designation-recognizing-its-distinctive-qualities\/#breadcrumb"},"inLanguage":"en-US","potentialAction":[{"@type":"ReadAction","target":["https:\/\/www.cde.ual.es\/en\/the-european-commission-has-approved-the-registration-of-a-new-designation-recognizing-its-distinctive-qualities\/"]}]},{"@type":"ImageObject","inLanguage":"en-US","@id":"https:\/\/www.cde.ual.es\/en\/the-european-commission-has-approved-the-registration-of-a-new-designation-recognizing-its-distinctive-qualities\/#primaryimage","url":"https:\/\/www.cde.ual.es\/wp-content\/uploads\/2025\/01\/pexels-gianpieroferraro-10510951-scaled.jpg","contentUrl":"https:\/\/www.cde.ual.es\/wp-content\/uploads\/2025\/01\/pexels-gianpieroferraro-10510951-scaled.jpg","width":2560,"height":1707},{"@type":"BreadcrumbList","@id":"https:\/\/www.cde.ual.es\/en\/the-european-commission-has-approved-the-registration-of-a-new-designation-recognizing-its-distinctive-qualities\/#breadcrumb","itemListElement":[{"@type":"ListItem","position":1,"name":"Inicio","item":"https:\/\/www.cde.ual.es\/en\/"},{"@type":"ListItem","position":2,"name":"EU News","item":"https:\/\/www.cde.ual.es\/en\/category\/eu-news\/"},{"@type":"ListItem","position":3,"name":"Agriculture, Livestock Farming and Fisheries","item":"https:\/\/www.cde.ual.es\/en\/category\/eu-news\/agr-liv-far-fish\/"},{"@type":"ListItem","position":4,"name":"Farming activity","item":"https:\/\/www.cde.ual.es\/en\/category\/eu-news\/agr-liv-far-fish\/farming-act\/"},{"@type":"ListItem","position":5,"name":"The European Commission has approved the registration of a new designation, recognizing its distinctive qualities"}]},{"@type":"WebSite","@id":"https:\/\/www.cde.ual.es\/#website","url":"https:\/\/www.cde.ual.es\/","name":"CDE Almer\u00eda - Centro de Documentaci\u00f3n Europea - Universidad de Almer\u00eda","description":"Centro de Documentaci\u00f3n Europea de la Universidad de Almer\u00eda","publisher":{"@id":"https:\/\/www.cde.ual.es\/#organization"},"alternateName":"CDE Almer\u00eda","potentialAction":[{"@type":"SearchAction","target":{"@type":"EntryPoint","urlTemplate":"https:\/\/www.cde.ual.es\/?s={search_term_string}"},"query-input":{"@type":"PropertyValueSpecification","valueRequired":true,"valueName":"search_term_string"}}],"inLanguage":"en-US"},{"@type":"Organization","@id":"https:\/\/www.cde.ual.es\/#organization","name":"Centro de Documentaci\u00f3n Europea de Almer\u00eda","url":"https:\/\/www.cde.ual.es\/","logo":{"@type":"ImageObject","inLanguage":"en-US","@id":"https:\/\/www.cde.ual.es\/#\/schema\/logo\/image\/","url":"https:\/\/www.cde.ual.es\/wp-content\/uploads\/2025\/07\/cde-logo-3.png","contentUrl":"https:\/\/www.cde.ual.es\/wp-content\/uploads\/2025\/07\/cde-logo-3.png","width":1400,"height":300,"caption":"Centro de Documentaci\u00f3n Europea de Almer\u00eda"},"image":{"@id":"https:\/\/www.cde.ual.es\/#\/schema\/logo\/image\/"},"sameAs":["https:\/\/www.facebook.com\/cdeuniversidadalmeria\/","https:\/\/x.com\/cdeualmeria","https:\/\/www.tiktok.com\/@cdealmeria","https:\/\/www.instagram.com\/cdealmeria\/","https:\/\/www.linkedin.com\/in\/cde-almera-812b26a9\/"]},{"@type":"Person","@id":"https:\/\/www.cde.ual.es\/#\/schema\/person\/ee46ebc19edfa19598c02cff83335acc","name":"BECA 2 CDE","image":{"@type":"ImageObject","inLanguage":"en-US","@id":"https:\/\/secure.gravatar.com\/avatar\/35a481bbc04bbd90e91bdfa3b0b5541036c222a49b9ad37b6889a2afcb5311a5?s=96&d=mm&r=g","url":"https:\/\/secure.gravatar.com\/avatar\/35a481bbc04bbd90e91bdfa3b0b5541036c222a49b9ad37b6889a2afcb5311a5?s=96&d=mm&r=g","contentUrl":"https:\/\/secure.gravatar.com\/avatar\/35a481bbc04bbd90e91bdfa3b0b5541036c222a49b9ad37b6889a2afcb5311a5?s=96&d=mm&r=g","caption":"BECA 2 CDE"},"sameAs":["http:\/\/www.cdealmeria.com"]}]}},"_links":{"self":[{"href":"https:\/\/www.cde.ual.es\/en\/wp-json\/wp\/v2\/posts\/156226","targetHints":{"allow":["GET"]}}],"collection":[{"href":"https:\/\/www.cde.ual.es\/en\/wp-json\/wp\/v2\/posts"}],"about":[{"href":"https:\/\/www.cde.ual.es\/en\/wp-json\/wp\/v2\/types\/post"}],"author":[{"embeddable":true,"href":"https:\/\/www.cde.ual.es\/en\/wp-json\/wp\/v2\/users\/101011"}],"replies":[{"embeddable":true,"href":"https:\/\/www.cde.ual.es\/en\/wp-json\/wp\/v2\/comments?post=156226"}],"version-history":[{"count":1,"href":"https:\/\/www.cde.ual.es\/en\/wp-json\/wp\/v2\/posts\/156226\/revisions"}],"predecessor-version":[{"id":156232,"href":"https:\/\/www.cde.ual.es\/en\/wp-json\/wp\/v2\/posts\/156226\/revisions\/156232"}],"wp:featuredmedia":[{"embeddable":true,"href":"https:\/\/www.cde.ual.es\/en\/wp-json\/wp\/v2\/media\/156230"}],"wp:attachment":[{"href":"https:\/\/www.cde.ual.es\/en\/wp-json\/wp\/v2\/media?parent=156226"}],"wp:term":[{"taxonomy":"category","embeddable":true,"href":"https:\/\/www.cde.ual.es\/en\/wp-json\/wp\/v2\/categories?post=156226"},{"taxonomy":"post_tag","embeddable":true,"href":"https:\/\/www.cde.ual.es\/en\/wp-json\/wp\/v2\/tags?post=156226"}],"curies":[{"name":"wp","href":"https:\/\/api.w.org\/{rel}","templated":true}]}}