{"id":156224,"date":"2025-01-22T12:15:31","date_gmt":"2025-01-22T11:15:31","guid":{"rendered":"https:\/\/www.cde.ual.es\/?p=156224"},"modified":"2025-01-22T12:15:31","modified_gmt":"2025-01-22T11:15:31","slug":"the-commission-registers-the-european-citizens-initiative-on-the-reuse-of-buildings","status":"publish","type":"post","link":"https:\/\/www.cde.ual.es\/en\/the-commission-registers-the-european-citizens-initiative-on-the-reuse-of-buildings\/","title":{"rendered":"The Commission registers the European Citizens&#8217; Initiative on the reuse of buildings"},"content":{"rendered":"<p style=\"text-align: justify;\">The European Commission today registered a European citizens&#8217; initiative entitled \u201cHouseEurope! Power to Renovation\u201d (HouseEurope! Power to Renovation).<\/p>\n<p style=\"text-align: justify;\"><a href=\"https:\/\/www.cde.ual.es\/wp-content\/uploads\/2025\/01\/pexels-jan-van-bizar-92378004-15933576-scaled.jpg\"><img decoding=\"async\" class=\"wp-image-156221 aligncenter\" src=\"https:\/\/www.cde.ual.es\/wp-content\/uploads\/2025\/01\/pexels-jan-van-bizar-92378004-15933576-scaled.jpg\" alt=\"\" width=\"833\" height=\"555\" srcset=\"https:\/\/www.cde.ual.es\/wp-content\/uploads\/2025\/01\/pexels-jan-van-bizar-92378004-15933576-scaled.jpg 2560w, https:\/\/www.cde.ual.es\/wp-content\/uploads\/2025\/01\/pexels-jan-van-bizar-92378004-15933576-300x200.jpg 300w, https:\/\/www.cde.ual.es\/wp-content\/uploads\/2025\/01\/pexels-jan-van-bizar-92378004-15933576-1024x683.jpg 1024w, https:\/\/www.cde.ual.es\/wp-content\/uploads\/2025\/01\/pexels-jan-van-bizar-92378004-15933576-768x512.jpg 768w, https:\/\/www.cde.ual.es\/wp-content\/uploads\/2025\/01\/pexels-jan-van-bizar-92378004-15933576-1536x1024.jpg 1536w, https:\/\/www.cde.ual.es\/wp-content\/uploads\/2025\/01\/pexels-jan-van-bizar-92378004-15933576-2048x1365.jpg 2048w\" sizes=\"(max-width: 833px) 100vw, 833px\" \/><\/a><\/p>\n<p style=\"text-align: justify;\">The aim of the initiative is to create incentives for the renovation and transformation of existing buildings. The organizers are asking the Commission to propose legislation to incentivize the reuse of existing buildings, based on the following: i) \u201ctax reductions for renovation works and reused materials\u201d; ii) \u201cfair rules for assessing both the potential and risks of existing buildings\u201d; and iii) \u201cnew values for the CO2 implicit in existing structures\u201d.<\/p>\n<p style=\"text-align: justify;\">This European citizens&#8217; initiative meets the formal conditions set out in the relevant legislation. Therefore, the Commission considers it to be legally admissible. The Commission has not analyzed the substance of the proposals at this stage.<\/p>\n<p style=\"text-align: justify;\">The decision to register an initiative is based on a legal analysis of its admissibility under the European Citizens&#8217; Initiative Regulation. It does not prejudge the Commission&#8217;s legal and political conclusions on these initiatives and what action it would take, if any, should any of these initiatives gain the necessary support of at least one million EU citizens.<\/p>\n<p style=\"text-align: justify;\">The content of the initiative expresses only the views of the group of organizers and can in no way be considered to reflect those of the Commission.<\/p>\n<p style=\"text-align: justify;\"><strong><span style=\"font-size: 14pt;\">Next steps<\/span><\/strong><\/p>\n<p style=\"text-align: justify;\">After today&#8217;s registration, the organizers have six months to collect signatures. If a European Citizens&#8217; Initiative obtains, within one year, at least one million statements of support from at least seven Member States, the Commission will have to decide whether or not to follow the request of the organizers of the initiative, although in both cases it will have to give reasons for its decision.<\/p>\n<p style=\"text-align: justify;\"><span style=\"font-size: 14pt;\"><strong>Background<\/strong><\/span><\/p>\n<p style=\"text-align: justify;\">The Treaty of Lisbon introduced the European citizens&#8217; initiative as a tool in the hands of citizens to define the political agenda. It was officially launched in April 2012. Once officially registered, the European citizens&#8217; initiative allows one million citizens from at least seven EU Member States to ask the European Commission to submit legislative proposals in areas where it has the competence to do so. The eligibility requirements are that (1) the proposed measure is not manifestly outside the scope of the Commission&#8217;s competence to submit a proposal for a legal act, (2) it is not clearly abusive, frivolous or reckless, and (3) it is not manifestly contrary to the values of the Union. Since the start of the European Citizens&#8217; Initiative, the Commission has registered 119 initiatives.<\/p>\n<p style=\"text-align: justify;\"><strong>More information <a href=\"https:\/\/citizens-initiative.europa.eu\/initiatives\/details\/2025\/000001_es\">European Commission.<\/a><\/strong><\/p>\n","protected":false},"excerpt":{"rendered":"<p>The European Commission today registered a European citizens&#8217; initiative entitled \u201cHouseEurope! Power to Renovation\u201d (HouseEurope! Power to Renovation). The aim of the initiative is to create incentives for the renovation and transformation of existing buildings. The organizers are asking the Commission to propose legislation to incentivize the reuse of existing buildings, based on the following: [&hellip;]<\/p>\n","protected":false},"author":101011,"featured_media":156221,"comment_status":"open","ping_status":"open","sticky":false,"template":"","format":"standard","meta":{"_acf_changed":false,"_relevanssi_hide_post":"","_relevanssi_hide_content":"","_relevanssi_pin_for_all":"","_relevanssi_pin_keywords":"","_relevanssi_unpin_keywords":"","_relevanssi_related_keywords":"","_relevanssi_related_include_ids":"","_relevanssi_related_exclude_ids":"","_relevanssi_related_no_append":"","_relevanssi_related_not_related":"","_relevanssi_related_posts":"","_relevanssi_noindex_reason":"","_monsterinsights_skip_tracking":false,"_monsterinsights_sitenote_active":false,"_monsterinsights_sitenote_note":"","_monsterinsights_sitenote_category":0,"_genesis_hide_title":false,"_genesis_hide_breadcrumbs":false,"_genesis_hide_singular_image":false,"_genesis_hide_footer_widgets":false,"_genesis_custom_body_class":"","_genesis_custom_post_class":"","_genesis_layout":"","footnotes":""},"categories":[12627],"tags":[13312,13315,1525,2278,1488,13313,424,3902,13311,13314,9298,447],"class_list":{"0":"post-156224","1":"post","2":"type-post","3":"status-publish","4":"format-standard","5":"has-post-thumbnail","7":"category-citizens-initiative","8":"tag-building-transformation","9":"tag-citizen-participation","10":"tag-co2","11":"tag-comision-europea-en","12":"tag-european-commission","13":"tag-fiscal-incentives","14":"tag-legislation","15":"tag-renovation","16":"tag-reuse-of-buildings","17":"tag-reused-materials","18":"tag-risk-assessment","19":"tag-sustainability","20":"entry"},"acf":[],"yoast_head":"<!-- This site is optimized with the Yoast SEO plugin v27.5 - https:\/\/yoast.com\/product\/yoast-seo-wordpress\/ -->\n<title>The Commission registers the European Citizens&#039; Initiative on the reuse of buildings | CDE Almer\u00eda - Centro de Documentaci\u00f3n Europea - Universidad de Almer\u00eda<\/title>\n<meta name=\"robots\" content=\"index, follow, max-snippet:-1, max-image-preview:large, max-video-preview:-1\" \/>\n<link rel=\"canonical\" href=\"https:\/\/www.cde.ual.es\/en\/the-commission-registers-the-european-citizens-initiative-on-the-reuse-of-buildings\/\" \/>\n<meta property=\"og:locale\" content=\"en_US\" \/>\n<meta property=\"og:type\" content=\"article\" \/>\n<meta property=\"og:title\" content=\"The Commission registers the European Citizens&#039; Initiative on the reuse of buildings | CDE Almer\u00eda - Centro de Documentaci\u00f3n Europea - Universidad de Almer\u00eda\" \/>\n<meta property=\"og:description\" content=\"The European Commission today registered a European citizens&#8217; initiative entitled \u201cHouseEurope! Power to Renovation\u201d (HouseEurope! Power to Renovation). The aim of the initiative is to create incentives for the renovation and transformation of existing buildings. The organizers are asking the Commission to propose legislation to incentivize the reuse of existing buildings, based on the following: [&hellip;]\" \/>\n<meta property=\"og:url\" content=\"https:\/\/www.cde.ual.es\/en\/the-commission-registers-the-european-citizens-initiative-on-the-reuse-of-buildings\/\" \/>\n<meta property=\"og:site_name\" content=\"CDE Almer\u00eda - Centro de Documentaci\u00f3n Europea - Universidad de Almer\u00eda\" \/>\n<meta property=\"article:publisher\" content=\"https:\/\/www.facebook.com\/cdeuniversidadalmeria\/\" \/>\n<meta property=\"article:published_time\" content=\"2025-01-22T11:15:31+00:00\" \/>\n<meta property=\"og:image\" content=\"https:\/\/www.cde.ual.es\/wp-content\/uploads\/2025\/01\/pexels-jan-van-bizar-92378004-15933576-scaled.jpg\" \/>\n\t<meta property=\"og:image:width\" content=\"2560\" \/>\n\t<meta property=\"og:image:height\" content=\"1707\" \/>\n\t<meta property=\"og:image:type\" content=\"image\/jpeg\" \/>\n<meta name=\"author\" content=\"BECA 2 CDE\" \/>\n<meta name=\"twitter:card\" content=\"summary_large_image\" \/>\n<meta name=\"twitter:creator\" content=\"@cdeualmeria\" \/>\n<meta name=\"twitter:site\" content=\"@cdeualmeria\" \/>\n<meta name=\"twitter:label1\" content=\"Written by\" \/>\n\t<meta name=\"twitter:data1\" content=\"BECA 2 CDE\" \/>\n\t<meta name=\"twitter:label2\" content=\"Est. reading time\" \/>\n\t<meta name=\"twitter:data2\" content=\"3 minutes\" \/>\n<script type=\"application\/ld+json\" class=\"yoast-schema-graph\">{\"@context\":\"https:\\\/\\\/schema.org\",\"@graph\":[{\"@type\":\"Article\",\"@id\":\"https:\\\/\\\/www.cde.ual.es\\\/en\\\/the-commission-registers-the-european-citizens-initiative-on-the-reuse-of-buildings\\\/#article\",\"isPartOf\":{\"@id\":\"https:\\\/\\\/www.cde.ual.es\\\/en\\\/the-commission-registers-the-european-citizens-initiative-on-the-reuse-of-buildings\\\/\"},\"author\":{\"name\":\"BECA 2 CDE\",\"@id\":\"https:\\\/\\\/www.cde.ual.es\\\/#\\\/schema\\\/person\\\/ee46ebc19edfa19598c02cff83335acc\"},\"headline\":\"The Commission registers the European Citizens&#8217; Initiative on the reuse of buildings\",\"datePublished\":\"2025-01-22T11:15:31+00:00\",\"mainEntityOfPage\":{\"@id\":\"https:\\\/\\\/www.cde.ual.es\\\/en\\\/the-commission-registers-the-european-citizens-initiative-on-the-reuse-of-buildings\\\/\"},\"wordCount\":420,\"commentCount\":0,\"publisher\":{\"@id\":\"https:\\\/\\\/www.cde.ual.es\\\/#organization\"},\"image\":{\"@id\":\"https:\\\/\\\/www.cde.ual.es\\\/en\\\/the-commission-registers-the-european-citizens-initiative-on-the-reuse-of-buildings\\\/#primaryimage\"},\"thumbnailUrl\":\"https:\\\/\\\/www.cde.ual.es\\\/wp-content\\\/uploads\\\/2025\\\/01\\\/pexels-jan-van-bizar-92378004-15933576-scaled.jpg\",\"keywords\":[\"building transformation\",\"citizen participation\",\"CO2\",\"Comision Europea\",\"European Commission\",\"fiscal incentives\",\"Legislation\",\"renovation\",\"reuse of buildings\",\"reused materials\",\"risk assessment\",\"Sustainability\"],\"articleSection\":[\"Citizens' Initiative\"],\"inLanguage\":\"en-US\",\"potentialAction\":[{\"@type\":\"CommentAction\",\"name\":\"Comment\",\"target\":[\"https:\\\/\\\/www.cde.ual.es\\\/en\\\/the-commission-registers-the-european-citizens-initiative-on-the-reuse-of-buildings\\\/#respond\"]}]},{\"@type\":\"WebPage\",\"@id\":\"https:\\\/\\\/www.cde.ual.es\\\/en\\\/the-commission-registers-the-european-citizens-initiative-on-the-reuse-of-buildings\\\/\",\"url\":\"https:\\\/\\\/www.cde.ual.es\\\/en\\\/the-commission-registers-the-european-citizens-initiative-on-the-reuse-of-buildings\\\/\",\"name\":\"The Commission registers the European Citizens' Initiative on the reuse of buildings | CDE Almer\u00eda - Centro de Documentaci\u00f3n Europea - Universidad de Almer\u00eda\",\"isPartOf\":{\"@id\":\"https:\\\/\\\/www.cde.ual.es\\\/#website\"},\"primaryImageOfPage\":{\"@id\":\"https:\\\/\\\/www.cde.ual.es\\\/en\\\/the-commission-registers-the-european-citizens-initiative-on-the-reuse-of-buildings\\\/#primaryimage\"},\"image\":{\"@id\":\"https:\\\/\\\/www.cde.ual.es\\\/en\\\/the-commission-registers-the-european-citizens-initiative-on-the-reuse-of-buildings\\\/#primaryimage\"},\"thumbnailUrl\":\"https:\\\/\\\/www.cde.ual.es\\\/wp-content\\\/uploads\\\/2025\\\/01\\\/pexels-jan-van-bizar-92378004-15933576-scaled.jpg\",\"datePublished\":\"2025-01-22T11:15:31+00:00\",\"breadcrumb\":{\"@id\":\"https:\\\/\\\/www.cde.ual.es\\\/en\\\/the-commission-registers-the-european-citizens-initiative-on-the-reuse-of-buildings\\\/#breadcrumb\"},\"inLanguage\":\"en-US\",\"potentialAction\":[{\"@type\":\"ReadAction\",\"target\":[\"https:\\\/\\\/www.cde.ual.es\\\/en\\\/the-commission-registers-the-european-citizens-initiative-on-the-reuse-of-buildings\\\/\"]}]},{\"@type\":\"ImageObject\",\"inLanguage\":\"en-US\",\"@id\":\"https:\\\/\\\/www.cde.ual.es\\\/en\\\/the-commission-registers-the-european-citizens-initiative-on-the-reuse-of-buildings\\\/#primaryimage\",\"url\":\"https:\\\/\\\/www.cde.ual.es\\\/wp-content\\\/uploads\\\/2025\\\/01\\\/pexels-jan-van-bizar-92378004-15933576-scaled.jpg\",\"contentUrl\":\"https:\\\/\\\/www.cde.ual.es\\\/wp-content\\\/uploads\\\/2025\\\/01\\\/pexels-jan-van-bizar-92378004-15933576-scaled.jpg\",\"width\":2560,\"height\":1707},{\"@type\":\"BreadcrumbList\",\"@id\":\"https:\\\/\\\/www.cde.ual.es\\\/en\\\/the-commission-registers-the-european-citizens-initiative-on-the-reuse-of-buildings\\\/#breadcrumb\",\"itemListElement\":[{\"@type\":\"ListItem\",\"position\":1,\"name\":\"Inicio\",\"item\":\"https:\\\/\\\/www.cde.ual.es\\\/en\\\/\"},{\"@type\":\"ListItem\",\"position\":2,\"name\":\"EU News\",\"item\":\"https:\\\/\\\/www.cde.ual.es\\\/en\\\/category\\\/eu-news\\\/\"},{\"@type\":\"ListItem\",\"position\":3,\"name\":\"Citizens' Initiative\",\"item\":\"https:\\\/\\\/www.cde.ual.es\\\/en\\\/category\\\/eu-news\\\/citizens-initiative\\\/\"},{\"@type\":\"ListItem\",\"position\":4,\"name\":\"The Commission registers the European Citizens&#8217; Initiative on the reuse of buildings\"}]},{\"@type\":\"WebSite\",\"@id\":\"https:\\\/\\\/www.cde.ual.es\\\/#website\",\"url\":\"https:\\\/\\\/www.cde.ual.es\\\/\",\"name\":\"CDE Almer\u00eda - Centro de Documentaci\u00f3n Europea - Universidad de Almer\u00eda\",\"description\":\"Centro de Documentaci\u00f3n Europea de la Universidad de Almer\u00eda\",\"publisher\":{\"@id\":\"https:\\\/\\\/www.cde.ual.es\\\/#organization\"},\"alternateName\":\"CDE Almer\u00eda\",\"potentialAction\":[{\"@type\":\"SearchAction\",\"target\":{\"@type\":\"EntryPoint\",\"urlTemplate\":\"https:\\\/\\\/www.cde.ual.es\\\/?s={search_term_string}\"},\"query-input\":{\"@type\":\"PropertyValueSpecification\",\"valueRequired\":true,\"valueName\":\"search_term_string\"}}],\"inLanguage\":\"en-US\"},{\"@type\":\"Organization\",\"@id\":\"https:\\\/\\\/www.cde.ual.es\\\/#organization\",\"name\":\"Centro de Documentaci\u00f3n Europea de Almer\u00eda\",\"url\":\"https:\\\/\\\/www.cde.ual.es\\\/\",\"logo\":{\"@type\":\"ImageObject\",\"inLanguage\":\"en-US\",\"@id\":\"https:\\\/\\\/www.cde.ual.es\\\/#\\\/schema\\\/logo\\\/image\\\/\",\"url\":\"https:\\\/\\\/www.cde.ual.es\\\/wp-content\\\/uploads\\\/2025\\\/07\\\/cde-logo-3.png\",\"contentUrl\":\"https:\\\/\\\/www.cde.ual.es\\\/wp-content\\\/uploads\\\/2025\\\/07\\\/cde-logo-3.png\",\"width\":1400,\"height\":300,\"caption\":\"Centro de Documentaci\u00f3n Europea de Almer\u00eda\"},\"image\":{\"@id\":\"https:\\\/\\\/www.cde.ual.es\\\/#\\\/schema\\\/logo\\\/image\\\/\"},\"sameAs\":[\"https:\\\/\\\/www.facebook.com\\\/cdeuniversidadalmeria\\\/\",\"https:\\\/\\\/x.com\\\/cdeualmeria\",\"https:\\\/\\\/www.tiktok.com\\\/@cdealmeria\",\"https:\\\/\\\/www.instagram.com\\\/cdealmeria\\\/\",\"https:\\\/\\\/www.linkedin.com\\\/in\\\/cde-almera-812b26a9\\\/\"]},{\"@type\":\"Person\",\"@id\":\"https:\\\/\\\/www.cde.ual.es\\\/#\\\/schema\\\/person\\\/ee46ebc19edfa19598c02cff83335acc\",\"name\":\"BECA 2 CDE\",\"image\":{\"@type\":\"ImageObject\",\"inLanguage\":\"en-US\",\"@id\":\"https:\\\/\\\/secure.gravatar.com\\\/avatar\\\/35a481bbc04bbd90e91bdfa3b0b5541036c222a49b9ad37b6889a2afcb5311a5?s=96&d=mm&r=g\",\"url\":\"https:\\\/\\\/secure.gravatar.com\\\/avatar\\\/35a481bbc04bbd90e91bdfa3b0b5541036c222a49b9ad37b6889a2afcb5311a5?s=96&d=mm&r=g\",\"contentUrl\":\"https:\\\/\\\/secure.gravatar.com\\\/avatar\\\/35a481bbc04bbd90e91bdfa3b0b5541036c222a49b9ad37b6889a2afcb5311a5?s=96&d=mm&r=g\",\"caption\":\"BECA 2 CDE\"},\"sameAs\":[\"http:\\\/\\\/www.cdealmeria.com\"]}]}<\/script>\n<!-- \/ Yoast SEO plugin. -->","yoast_head_json":{"title":"The Commission registers the European Citizens' Initiative on the reuse of buildings | CDE Almer\u00eda - Centro de Documentaci\u00f3n Europea - Universidad de Almer\u00eda","robots":{"index":"index","follow":"follow","max-snippet":"max-snippet:-1","max-image-preview":"max-image-preview:large","max-video-preview":"max-video-preview:-1"},"canonical":"https:\/\/www.cde.ual.es\/en\/the-commission-registers-the-european-citizens-initiative-on-the-reuse-of-buildings\/","og_locale":"en_US","og_type":"article","og_title":"The Commission registers the European Citizens' Initiative on the reuse of buildings | CDE Almer\u00eda - Centro de Documentaci\u00f3n Europea - Universidad de Almer\u00eda","og_description":"The European Commission today registered a European citizens&#8217; initiative entitled \u201cHouseEurope! Power to Renovation\u201d (HouseEurope! Power to Renovation). The aim of the initiative is to create incentives for the renovation and transformation of existing buildings. The organizers are asking the Commission to propose legislation to incentivize the reuse of existing buildings, based on the following: [&hellip;]","og_url":"https:\/\/www.cde.ual.es\/en\/the-commission-registers-the-european-citizens-initiative-on-the-reuse-of-buildings\/","og_site_name":"CDE Almer\u00eda - Centro de Documentaci\u00f3n Europea - Universidad de Almer\u00eda","article_publisher":"https:\/\/www.facebook.com\/cdeuniversidadalmeria\/","article_published_time":"2025-01-22T11:15:31+00:00","og_image":[{"width":2560,"height":1707,"url":"https:\/\/www.cde.ual.es\/wp-content\/uploads\/2025\/01\/pexels-jan-van-bizar-92378004-15933576-scaled.jpg","type":"image\/jpeg"}],"author":"BECA 2 CDE","twitter_card":"summary_large_image","twitter_creator":"@cdeualmeria","twitter_site":"@cdeualmeria","twitter_misc":{"Written by":"BECA 2 CDE","Est. reading time":"3 minutes"},"schema":{"@context":"https:\/\/schema.org","@graph":[{"@type":"Article","@id":"https:\/\/www.cde.ual.es\/en\/the-commission-registers-the-european-citizens-initiative-on-the-reuse-of-buildings\/#article","isPartOf":{"@id":"https:\/\/www.cde.ual.es\/en\/the-commission-registers-the-european-citizens-initiative-on-the-reuse-of-buildings\/"},"author":{"name":"BECA 2 CDE","@id":"https:\/\/www.cde.ual.es\/#\/schema\/person\/ee46ebc19edfa19598c02cff83335acc"},"headline":"The Commission registers the European Citizens&#8217; Initiative on the reuse of buildings","datePublished":"2025-01-22T11:15:31+00:00","mainEntityOfPage":{"@id":"https:\/\/www.cde.ual.es\/en\/the-commission-registers-the-european-citizens-initiative-on-the-reuse-of-buildings\/"},"wordCount":420,"commentCount":0,"publisher":{"@id":"https:\/\/www.cde.ual.es\/#organization"},"image":{"@id":"https:\/\/www.cde.ual.es\/en\/the-commission-registers-the-european-citizens-initiative-on-the-reuse-of-buildings\/#primaryimage"},"thumbnailUrl":"https:\/\/www.cde.ual.es\/wp-content\/uploads\/2025\/01\/pexels-jan-van-bizar-92378004-15933576-scaled.jpg","keywords":["building transformation","citizen participation","CO2","Comision Europea","European Commission","fiscal incentives","Legislation","renovation","reuse of buildings","reused materials","risk assessment","Sustainability"],"articleSection":["Citizens' Initiative"],"inLanguage":"en-US","potentialAction":[{"@type":"CommentAction","name":"Comment","target":["https:\/\/www.cde.ual.es\/en\/the-commission-registers-the-european-citizens-initiative-on-the-reuse-of-buildings\/#respond"]}]},{"@type":"WebPage","@id":"https:\/\/www.cde.ual.es\/en\/the-commission-registers-the-european-citizens-initiative-on-the-reuse-of-buildings\/","url":"https:\/\/www.cde.ual.es\/en\/the-commission-registers-the-european-citizens-initiative-on-the-reuse-of-buildings\/","name":"The Commission registers the European Citizens' Initiative on the reuse of buildings | CDE Almer\u00eda - Centro de Documentaci\u00f3n Europea - Universidad de Almer\u00eda","isPartOf":{"@id":"https:\/\/www.cde.ual.es\/#website"},"primaryImageOfPage":{"@id":"https:\/\/www.cde.ual.es\/en\/the-commission-registers-the-european-citizens-initiative-on-the-reuse-of-buildings\/#primaryimage"},"image":{"@id":"https:\/\/www.cde.ual.es\/en\/the-commission-registers-the-european-citizens-initiative-on-the-reuse-of-buildings\/#primaryimage"},"thumbnailUrl":"https:\/\/www.cde.ual.es\/wp-content\/uploads\/2025\/01\/pexels-jan-van-bizar-92378004-15933576-scaled.jpg","datePublished":"2025-01-22T11:15:31+00:00","breadcrumb":{"@id":"https:\/\/www.cde.ual.es\/en\/the-commission-registers-the-european-citizens-initiative-on-the-reuse-of-buildings\/#breadcrumb"},"inLanguage":"en-US","potentialAction":[{"@type":"ReadAction","target":["https:\/\/www.cde.ual.es\/en\/the-commission-registers-the-european-citizens-initiative-on-the-reuse-of-buildings\/"]}]},{"@type":"ImageObject","inLanguage":"en-US","@id":"https:\/\/www.cde.ual.es\/en\/the-commission-registers-the-european-citizens-initiative-on-the-reuse-of-buildings\/#primaryimage","url":"https:\/\/www.cde.ual.es\/wp-content\/uploads\/2025\/01\/pexels-jan-van-bizar-92378004-15933576-scaled.jpg","contentUrl":"https:\/\/www.cde.ual.es\/wp-content\/uploads\/2025\/01\/pexels-jan-van-bizar-92378004-15933576-scaled.jpg","width":2560,"height":1707},{"@type":"BreadcrumbList","@id":"https:\/\/www.cde.ual.es\/en\/the-commission-registers-the-european-citizens-initiative-on-the-reuse-of-buildings\/#breadcrumb","itemListElement":[{"@type":"ListItem","position":1,"name":"Inicio","item":"https:\/\/www.cde.ual.es\/en\/"},{"@type":"ListItem","position":2,"name":"EU News","item":"https:\/\/www.cde.ual.es\/en\/category\/eu-news\/"},{"@type":"ListItem","position":3,"name":"Citizens' Initiative","item":"https:\/\/www.cde.ual.es\/en\/category\/eu-news\/citizens-initiative\/"},{"@type":"ListItem","position":4,"name":"The Commission registers the European Citizens&#8217; Initiative on the reuse of buildings"}]},{"@type":"WebSite","@id":"https:\/\/www.cde.ual.es\/#website","url":"https:\/\/www.cde.ual.es\/","name":"CDE Almer\u00eda - Centro de Documentaci\u00f3n Europea - Universidad de Almer\u00eda","description":"Centro de Documentaci\u00f3n Europea de la Universidad de Almer\u00eda","publisher":{"@id":"https:\/\/www.cde.ual.es\/#organization"},"alternateName":"CDE Almer\u00eda","potentialAction":[{"@type":"SearchAction","target":{"@type":"EntryPoint","urlTemplate":"https:\/\/www.cde.ual.es\/?s={search_term_string}"},"query-input":{"@type":"PropertyValueSpecification","valueRequired":true,"valueName":"search_term_string"}}],"inLanguage":"en-US"},{"@type":"Organization","@id":"https:\/\/www.cde.ual.es\/#organization","name":"Centro de Documentaci\u00f3n Europea de Almer\u00eda","url":"https:\/\/www.cde.ual.es\/","logo":{"@type":"ImageObject","inLanguage":"en-US","@id":"https:\/\/www.cde.ual.es\/#\/schema\/logo\/image\/","url":"https:\/\/www.cde.ual.es\/wp-content\/uploads\/2025\/07\/cde-logo-3.png","contentUrl":"https:\/\/www.cde.ual.es\/wp-content\/uploads\/2025\/07\/cde-logo-3.png","width":1400,"height":300,"caption":"Centro de Documentaci\u00f3n Europea de Almer\u00eda"},"image":{"@id":"https:\/\/www.cde.ual.es\/#\/schema\/logo\/image\/"},"sameAs":["https:\/\/www.facebook.com\/cdeuniversidadalmeria\/","https:\/\/x.com\/cdeualmeria","https:\/\/www.tiktok.com\/@cdealmeria","https:\/\/www.instagram.com\/cdealmeria\/","https:\/\/www.linkedin.com\/in\/cde-almera-812b26a9\/"]},{"@type":"Person","@id":"https:\/\/www.cde.ual.es\/#\/schema\/person\/ee46ebc19edfa19598c02cff83335acc","name":"BECA 2 CDE","image":{"@type":"ImageObject","inLanguage":"en-US","@id":"https:\/\/secure.gravatar.com\/avatar\/35a481bbc04bbd90e91bdfa3b0b5541036c222a49b9ad37b6889a2afcb5311a5?s=96&d=mm&r=g","url":"https:\/\/secure.gravatar.com\/avatar\/35a481bbc04bbd90e91bdfa3b0b5541036c222a49b9ad37b6889a2afcb5311a5?s=96&d=mm&r=g","contentUrl":"https:\/\/secure.gravatar.com\/avatar\/35a481bbc04bbd90e91bdfa3b0b5541036c222a49b9ad37b6889a2afcb5311a5?s=96&d=mm&r=g","caption":"BECA 2 CDE"},"sameAs":["http:\/\/www.cdealmeria.com"]}]}},"_links":{"self":[{"href":"https:\/\/www.cde.ual.es\/en\/wp-json\/wp\/v2\/posts\/156224","targetHints":{"allow":["GET"]}}],"collection":[{"href":"https:\/\/www.cde.ual.es\/en\/wp-json\/wp\/v2\/posts"}],"about":[{"href":"https:\/\/www.cde.ual.es\/en\/wp-json\/wp\/v2\/types\/post"}],"author":[{"embeddable":true,"href":"https:\/\/www.cde.ual.es\/en\/wp-json\/wp\/v2\/users\/101011"}],"replies":[{"embeddable":true,"href":"https:\/\/www.cde.ual.es\/en\/wp-json\/wp\/v2\/comments?post=156224"}],"version-history":[{"count":1,"href":"https:\/\/www.cde.ual.es\/en\/wp-json\/wp\/v2\/posts\/156224\/revisions"}],"predecessor-version":[{"id":156225,"href":"https:\/\/www.cde.ual.es\/en\/wp-json\/wp\/v2\/posts\/156224\/revisions\/156225"}],"wp:featuredmedia":[{"embeddable":true,"href":"https:\/\/www.cde.ual.es\/en\/wp-json\/wp\/v2\/media\/156221"}],"wp:attachment":[{"href":"https:\/\/www.cde.ual.es\/en\/wp-json\/wp\/v2\/media?parent=156224"}],"wp:term":[{"taxonomy":"category","embeddable":true,"href":"https:\/\/www.cde.ual.es\/en\/wp-json\/wp\/v2\/categories?post=156224"},{"taxonomy":"post_tag","embeddable":true,"href":"https:\/\/www.cde.ual.es\/en\/wp-json\/wp\/v2\/tags?post=156224"}],"curies":[{"name":"wp","href":"https:\/\/api.w.org\/{rel}","templated":true}]}}