{"id":155458,"date":"2024-12-10T10:38:04","date_gmt":"2024-12-10T09:38:04","guid":{"rendered":"https:\/\/www.cde.ual.es\/?p=155458"},"modified":"2024-12-10T10:38:04","modified_gmt":"2024-12-10T09:38:04","slug":"creative-sectors-ela-study-reveals-precarious-working-conditions-and-undeclared-labour","status":"publish","type":"post","link":"https:\/\/www.cde.ual.es\/en\/creative-sectors-ela-study-reveals-precarious-working-conditions-and-undeclared-labour\/","title":{"rendered":"Creative sectors: ELA study reveals precarious working conditions and undeclared labour"},"content":{"rendered":"<p style=\"text-align: justify;\">A new study by the European Labour Authority (ELA) highlights the precarious conditions faced by the\u00a0<strong>7.7 million workers in the cultural and creative industries in the EU<\/strong>, accounting for 3.8% of the total workforce.<\/p>\n<p>&nbsp;<\/p>\n<p><a href=\"https:\/\/www.cde.ual.es\/wp-content\/uploads\/2024\/12\/pexels-knownasovan-57690.jpg\"><img decoding=\"async\" class=\"aligncenter  wp-image-155459\" src=\"https:\/\/www.cde.ual.es\/wp-content\/uploads\/2024\/12\/pexels-knownasovan-57690.jpg\" alt=\"\" width=\"927\" height=\"927\" srcset=\"https:\/\/www.cde.ual.es\/wp-content\/uploads\/2024\/12\/pexels-knownasovan-57690.jpg 2475w, https:\/\/www.cde.ual.es\/wp-content\/uploads\/2024\/12\/pexels-knownasovan-57690-300x300.jpg 300w, https:\/\/www.cde.ual.es\/wp-content\/uploads\/2024\/12\/pexels-knownasovan-57690-1024x1024.jpg 1024w, https:\/\/www.cde.ual.es\/wp-content\/uploads\/2024\/12\/pexels-knownasovan-57690-150x150.jpg 150w, https:\/\/www.cde.ual.es\/wp-content\/uploads\/2024\/12\/pexels-knownasovan-57690-768x768.jpg 768w, https:\/\/www.cde.ual.es\/wp-content\/uploads\/2024\/12\/pexels-knownasovan-57690-1536x1536.jpg 1536w, https:\/\/www.cde.ual.es\/wp-content\/uploads\/2024\/12\/pexels-knownasovan-57690-2048x2048.jpg 2048w, https:\/\/www.cde.ual.es\/wp-content\/uploads\/2024\/12\/pexels-knownasovan-57690-120x120.jpg 120w\" sizes=\"(max-width: 927px) 100vw, 927px\" \/><\/a><\/p>\n<p>&nbsp;<\/p>\n<p style=\"text-align: justify;\">Reliance on\u00a0<strong>self-employment<\/strong>\u00a0and temporary contracts leaves many without essential protection like health insurance and pensions. Widespread\u00a0<strong>undeclared work<\/strong>, compounded by cash payments and unregistered events, further erodes stability in the sector.<\/p>\n<p style=\"text-align: justify;\">The study reports that undeclared work in the cultural and creative sector is significantly understudied and\u00a0<strong>lacks sufficient data<\/strong>, both within Member States and across borders. Available data indicates high levels of undeclared work, especially in some specific subsectors and occupations, with varying levels of\u00a0compliance\u00a0across Member States.<\/p>\n<p style=\"text-align: justify;\">The rise of\u00a0<strong>digital platforms adds complexity<\/strong>, with professionals relying on crowdfunding and online platforms often operating outside tax and labour laws.<\/p>\n<p style=\"text-align: justify;\"><strong>Cross-border mobility\u00a0<\/strong>creates additional challenges, as performers frequently travel across the EU for short-term gigs. Problems such as double taxation, worker misclassification, and non-compliance\u00a0with national rules are prevalent, alongside with reports of undeclared work involving non-EU nationals without permits.<\/p>\n<p style=\"text-align: justify;\">Countries are stepping up efforts to address these challenges.\u00a0<strong>France\u00a0<\/strong>has introduced regional agreements targeting undeclared work in the performing arts, while\u00a0<strong>Belgium\u00a0<\/strong>implemented new regulations for cultural workers in 2024. Other nations are introducing registration systems and awareness campaigns to curb informal practices and improve\u00a0compliance.<\/p>\n<p style=\"text-align: justify;\">A\u00a0workshop on undeclared work in cultural sectors\u00a0was held in May 2024 in Brussels at the EU level, bringing together labour inspectorates, social partners, and EU institutions. The discussions, summarized in a\u00a0Learning resource paper, highlighted key causes and types of undeclared work while proposing measures to prevent and address these issues.<\/p>\n<p>&nbsp;<\/p>\n<p><strong>More information: <a href=\"https:\/\/www.ela.europa.eu\/en\/news\/creative-sectors-ela-study-reveals-precarious-working-conditions-and-undeclared-labour\">European Labour Authority\u00a0<\/a>.<\/strong><\/p>\n","protected":false},"excerpt":{"rendered":"<p>A new study by the European Labour Authority (ELA) highlights the precarious conditions faced by the\u00a07.7 million workers in the cultural and creative industries in the EU, accounting for 3.8% of the total workforce. &nbsp; &nbsp; Reliance on\u00a0self-employment\u00a0and temporary contracts leaves many without essential protection like health insurance and pensions. Widespread\u00a0undeclared work, compounded by cash [&hellip;]<\/p>\n","protected":false},"author":1,"featured_media":155459,"comment_status":"open","ping_status":"open","sticky":false,"template":"","format":"standard","meta":{"_acf_changed":false,"_relevanssi_hide_post":"","_relevanssi_hide_content":"","_relevanssi_pin_for_all":"","_relevanssi_pin_keywords":"","_relevanssi_unpin_keywords":"","_relevanssi_related_keywords":"","_relevanssi_related_include_ids":"","_relevanssi_related_exclude_ids":"","_relevanssi_related_no_append":"","_relevanssi_related_not_related":"","_relevanssi_related_posts":"","_relevanssi_noindex_reason":"","_monsterinsights_skip_tracking":false,"_monsterinsights_sitenote_active":false,"_monsterinsights_sitenote_note":"","_monsterinsights_sitenote_category":0,"_genesis_hide_title":false,"_genesis_hide_breadcrumbs":false,"_genesis_hide_singular_image":false,"_genesis_hide_footer_widgets":false,"_genesis_custom_body_class":"","_genesis_custom_post_class":"","_genesis_layout":"","footnotes":""},"categories":[346,4070,4067],"tags":[13120,6760,13121],"class_list":{"0":"post-155458","1":"post","2":"type-post","3":"status-publish","4":"format-standard","5":"has-post-thumbnail","7":"category-eu-news","8":"category-labour-employment","9":"category-social-affairs","10":"tag-cultural-and-creative-industries","11":"tag-european-labour-authority","12":"tag-precarious-conditions","13":"entry"},"acf":[],"yoast_head":"<!-- This site is optimized with the Yoast SEO plugin v27.5 - https:\/\/yoast.com\/product\/yoast-seo-wordpress\/ -->\n<title>Creative sectors: ELA study reveals precarious working conditions and undeclared labour | CDE Almer\u00eda - Centro de Documentaci\u00f3n Europea - Universidad de Almer\u00eda<\/title>\n<meta name=\"robots\" content=\"index, follow, max-snippet:-1, max-image-preview:large, max-video-preview:-1\" \/>\n<link rel=\"canonical\" href=\"https:\/\/www.cde.ual.es\/en\/creative-sectors-ela-study-reveals-precarious-working-conditions-and-undeclared-labour\/\" \/>\n<meta property=\"og:locale\" content=\"en_US\" \/>\n<meta property=\"og:type\" content=\"article\" \/>\n<meta property=\"og:title\" content=\"Creative sectors: ELA study reveals precarious working conditions and undeclared labour | CDE Almer\u00eda - Centro de Documentaci\u00f3n Europea - Universidad de Almer\u00eda\" \/>\n<meta property=\"og:description\" content=\"A new study by the European Labour Authority (ELA) highlights the precarious conditions faced by the\u00a07.7 million workers in the cultural and creative industries in the EU, accounting for 3.8% of the total workforce. &nbsp; &nbsp; Reliance on\u00a0self-employment\u00a0and temporary contracts leaves many without essential protection like health insurance and pensions. Widespread\u00a0undeclared work, compounded by cash [&hellip;]\" \/>\n<meta property=\"og:url\" content=\"https:\/\/www.cde.ual.es\/en\/creative-sectors-ela-study-reveals-precarious-working-conditions-and-undeclared-labour\/\" \/>\n<meta property=\"og:site_name\" content=\"CDE Almer\u00eda - Centro de Documentaci\u00f3n Europea - Universidad de Almer\u00eda\" \/>\n<meta property=\"article:publisher\" content=\"https:\/\/www.facebook.com\/cdeuniversidadalmeria\/\" \/>\n<meta property=\"article:published_time\" content=\"2024-12-10T09:38:04+00:00\" \/>\n<meta property=\"og:image\" content=\"https:\/\/www.cde.ual.es\/wp-content\/uploads\/2024\/12\/pexels-knownasovan-57690.jpg\" \/>\n\t<meta property=\"og:image:width\" content=\"2475\" \/>\n\t<meta property=\"og:image:height\" content=\"2475\" \/>\n\t<meta property=\"og:image:type\" content=\"image\/jpeg\" \/>\n<meta name=\"author\" content=\"AdminCDE\" \/>\n<meta name=\"twitter:card\" content=\"summary_large_image\" \/>\n<meta name=\"twitter:creator\" content=\"@cdeualmeria\" \/>\n<meta name=\"twitter:site\" content=\"@cdeualmeria\" \/>\n<meta name=\"twitter:label1\" content=\"Written by\" \/>\n\t<meta name=\"twitter:data1\" content=\"AdminCDE\" \/>\n\t<meta name=\"twitter:label2\" content=\"Est. reading time\" \/>\n\t<meta name=\"twitter:data2\" content=\"2 minutes\" \/>\n<script type=\"application\/ld+json\" class=\"yoast-schema-graph\">{\"@context\":\"https:\\\/\\\/schema.org\",\"@graph\":[{\"@type\":\"Article\",\"@id\":\"https:\\\/\\\/www.cde.ual.es\\\/en\\\/creative-sectors-ela-study-reveals-precarious-working-conditions-and-undeclared-labour\\\/#article\",\"isPartOf\":{\"@id\":\"https:\\\/\\\/www.cde.ual.es\\\/en\\\/creative-sectors-ela-study-reveals-precarious-working-conditions-and-undeclared-labour\\\/\"},\"author\":{\"name\":\"AdminCDE\",\"@id\":\"https:\\\/\\\/www.cde.ual.es\\\/#\\\/schema\\\/person\\\/224ef08c8bcc005f319d2713ce37ee5f\"},\"headline\":\"Creative sectors: ELA study reveals precarious working conditions and undeclared labour\",\"datePublished\":\"2024-12-10T09:38:04+00:00\",\"mainEntityOfPage\":{\"@id\":\"https:\\\/\\\/www.cde.ual.es\\\/en\\\/creative-sectors-ela-study-reveals-precarious-working-conditions-and-undeclared-labour\\\/\"},\"wordCount\":293,\"commentCount\":0,\"publisher\":{\"@id\":\"https:\\\/\\\/www.cde.ual.es\\\/#organization\"},\"image\":{\"@id\":\"https:\\\/\\\/www.cde.ual.es\\\/en\\\/creative-sectors-ela-study-reveals-precarious-working-conditions-and-undeclared-labour\\\/#primaryimage\"},\"thumbnailUrl\":\"https:\\\/\\\/www.cde.ual.es\\\/wp-content\\\/uploads\\\/2024\\\/12\\\/pexels-knownasovan-57690.jpg\",\"keywords\":[\"cultural and creative industries\",\"European Labour Authority\",\"precarious conditions\"],\"articleSection\":[\"EU News\",\"Labour Market and Employment\",\"Social Affairs\"],\"inLanguage\":\"en-US\",\"potentialAction\":[{\"@type\":\"CommentAction\",\"name\":\"Comment\",\"target\":[\"https:\\\/\\\/www.cde.ual.es\\\/en\\\/creative-sectors-ela-study-reveals-precarious-working-conditions-and-undeclared-labour\\\/#respond\"]}]},{\"@type\":\"WebPage\",\"@id\":\"https:\\\/\\\/www.cde.ual.es\\\/en\\\/creative-sectors-ela-study-reveals-precarious-working-conditions-and-undeclared-labour\\\/\",\"url\":\"https:\\\/\\\/www.cde.ual.es\\\/en\\\/creative-sectors-ela-study-reveals-precarious-working-conditions-and-undeclared-labour\\\/\",\"name\":\"Creative sectors: ELA study reveals precarious working conditions and undeclared labour | CDE Almer\u00eda - Centro de Documentaci\u00f3n Europea - Universidad de Almer\u00eda\",\"isPartOf\":{\"@id\":\"https:\\\/\\\/www.cde.ual.es\\\/#website\"},\"primaryImageOfPage\":{\"@id\":\"https:\\\/\\\/www.cde.ual.es\\\/en\\\/creative-sectors-ela-study-reveals-precarious-working-conditions-and-undeclared-labour\\\/#primaryimage\"},\"image\":{\"@id\":\"https:\\\/\\\/www.cde.ual.es\\\/en\\\/creative-sectors-ela-study-reveals-precarious-working-conditions-and-undeclared-labour\\\/#primaryimage\"},\"thumbnailUrl\":\"https:\\\/\\\/www.cde.ual.es\\\/wp-content\\\/uploads\\\/2024\\\/12\\\/pexels-knownasovan-57690.jpg\",\"datePublished\":\"2024-12-10T09:38:04+00:00\",\"breadcrumb\":{\"@id\":\"https:\\\/\\\/www.cde.ual.es\\\/en\\\/creative-sectors-ela-study-reveals-precarious-working-conditions-and-undeclared-labour\\\/#breadcrumb\"},\"inLanguage\":\"en-US\",\"potentialAction\":[{\"@type\":\"ReadAction\",\"target\":[\"https:\\\/\\\/www.cde.ual.es\\\/en\\\/creative-sectors-ela-study-reveals-precarious-working-conditions-and-undeclared-labour\\\/\"]}]},{\"@type\":\"ImageObject\",\"inLanguage\":\"en-US\",\"@id\":\"https:\\\/\\\/www.cde.ual.es\\\/en\\\/creative-sectors-ela-study-reveals-precarious-working-conditions-and-undeclared-labour\\\/#primaryimage\",\"url\":\"https:\\\/\\\/www.cde.ual.es\\\/wp-content\\\/uploads\\\/2024\\\/12\\\/pexels-knownasovan-57690.jpg\",\"contentUrl\":\"https:\\\/\\\/www.cde.ual.es\\\/wp-content\\\/uploads\\\/2024\\\/12\\\/pexels-knownasovan-57690.jpg\",\"width\":2475,\"height\":2475},{\"@type\":\"BreadcrumbList\",\"@id\":\"https:\\\/\\\/www.cde.ual.es\\\/en\\\/creative-sectors-ela-study-reveals-precarious-working-conditions-and-undeclared-labour\\\/#breadcrumb\",\"itemListElement\":[{\"@type\":\"ListItem\",\"position\":1,\"name\":\"Inicio\",\"item\":\"https:\\\/\\\/www.cde.ual.es\\\/en\\\/\"},{\"@type\":\"ListItem\",\"position\":2,\"name\":\"EU News\",\"item\":\"https:\\\/\\\/www.cde.ual.es\\\/en\\\/category\\\/eu-news\\\/\"},{\"@type\":\"ListItem\",\"position\":3,\"name\":\"Social Affairs\",\"item\":\"https:\\\/\\\/www.cde.ual.es\\\/en\\\/category\\\/eu-news\\\/social-affairs\\\/\"},{\"@type\":\"ListItem\",\"position\":4,\"name\":\"Labour Market and Employment\",\"item\":\"https:\\\/\\\/www.cde.ual.es\\\/en\\\/category\\\/eu-news\\\/social-affairs\\\/labour-employment\\\/\"},{\"@type\":\"ListItem\",\"position\":5,\"name\":\"Creative sectors: ELA study reveals precarious working conditions and undeclared labour\"}]},{\"@type\":\"WebSite\",\"@id\":\"https:\\\/\\\/www.cde.ual.es\\\/#website\",\"url\":\"https:\\\/\\\/www.cde.ual.es\\\/\",\"name\":\"CDE Almer\u00eda - Centro de Documentaci\u00f3n Europea - Universidad de Almer\u00eda\",\"description\":\"Centro de Documentaci\u00f3n Europea de la Universidad de Almer\u00eda\",\"publisher\":{\"@id\":\"https:\\\/\\\/www.cde.ual.es\\\/#organization\"},\"alternateName\":\"CDE Almer\u00eda\",\"potentialAction\":[{\"@type\":\"SearchAction\",\"target\":{\"@type\":\"EntryPoint\",\"urlTemplate\":\"https:\\\/\\\/www.cde.ual.es\\\/?s={search_term_string}\"},\"query-input\":{\"@type\":\"PropertyValueSpecification\",\"valueRequired\":true,\"valueName\":\"search_term_string\"}}],\"inLanguage\":\"en-US\"},{\"@type\":\"Organization\",\"@id\":\"https:\\\/\\\/www.cde.ual.es\\\/#organization\",\"name\":\"Centro de Documentaci\u00f3n Europea de Almer\u00eda\",\"url\":\"https:\\\/\\\/www.cde.ual.es\\\/\",\"logo\":{\"@type\":\"ImageObject\",\"inLanguage\":\"en-US\",\"@id\":\"https:\\\/\\\/www.cde.ual.es\\\/#\\\/schema\\\/logo\\\/image\\\/\",\"url\":\"https:\\\/\\\/www.cde.ual.es\\\/wp-content\\\/uploads\\\/2025\\\/07\\\/cde-logo-3.png\",\"contentUrl\":\"https:\\\/\\\/www.cde.ual.es\\\/wp-content\\\/uploads\\\/2025\\\/07\\\/cde-logo-3.png\",\"width\":1400,\"height\":300,\"caption\":\"Centro de Documentaci\u00f3n Europea de Almer\u00eda\"},\"image\":{\"@id\":\"https:\\\/\\\/www.cde.ual.es\\\/#\\\/schema\\\/logo\\\/image\\\/\"},\"sameAs\":[\"https:\\\/\\\/www.facebook.com\\\/cdeuniversidadalmeria\\\/\",\"https:\\\/\\\/x.com\\\/cdeualmeria\",\"https:\\\/\\\/www.tiktok.com\\\/@cdealmeria\",\"https:\\\/\\\/www.instagram.com\\\/cdealmeria\\\/\",\"https:\\\/\\\/www.linkedin.com\\\/in\\\/cde-almera-812b26a9\\\/\"]},{\"@type\":\"Person\",\"@id\":\"https:\\\/\\\/www.cde.ual.es\\\/#\\\/schema\\\/person\\\/224ef08c8bcc005f319d2713ce37ee5f\",\"name\":\"AdminCDE\",\"image\":{\"@type\":\"ImageObject\",\"inLanguage\":\"en-US\",\"@id\":\"https:\\\/\\\/secure.gravatar.com\\\/avatar\\\/a72d038d371f995cd13706fac32274b7952a52e8fb0a84b5f80c85426f2a98a8?s=96&d=mm&r=g\",\"url\":\"https:\\\/\\\/secure.gravatar.com\\\/avatar\\\/a72d038d371f995cd13706fac32274b7952a52e8fb0a84b5f80c85426f2a98a8?s=96&d=mm&r=g\",\"contentUrl\":\"https:\\\/\\\/secure.gravatar.com\\\/avatar\\\/a72d038d371f995cd13706fac32274b7952a52e8fb0a84b5f80c85426f2a98a8?s=96&d=mm&r=g\",\"caption\":\"AdminCDE\"}}]}<\/script>\n<!-- \/ Yoast SEO plugin. -->","yoast_head_json":{"title":"Creative sectors: ELA study reveals precarious working conditions and undeclared labour | CDE Almer\u00eda - Centro de Documentaci\u00f3n Europea - Universidad de Almer\u00eda","robots":{"index":"index","follow":"follow","max-snippet":"max-snippet:-1","max-image-preview":"max-image-preview:large","max-video-preview":"max-video-preview:-1"},"canonical":"https:\/\/www.cde.ual.es\/en\/creative-sectors-ela-study-reveals-precarious-working-conditions-and-undeclared-labour\/","og_locale":"en_US","og_type":"article","og_title":"Creative sectors: ELA study reveals precarious working conditions and undeclared labour | CDE Almer\u00eda - Centro de Documentaci\u00f3n Europea - Universidad de Almer\u00eda","og_description":"A new study by the European Labour Authority (ELA) highlights the precarious conditions faced by the\u00a07.7 million workers in the cultural and creative industries in the EU, accounting for 3.8% of the total workforce. &nbsp; &nbsp; Reliance on\u00a0self-employment\u00a0and temporary contracts leaves many without essential protection like health insurance and pensions. Widespread\u00a0undeclared work, compounded by cash [&hellip;]","og_url":"https:\/\/www.cde.ual.es\/en\/creative-sectors-ela-study-reveals-precarious-working-conditions-and-undeclared-labour\/","og_site_name":"CDE Almer\u00eda - Centro de Documentaci\u00f3n Europea - Universidad de Almer\u00eda","article_publisher":"https:\/\/www.facebook.com\/cdeuniversidadalmeria\/","article_published_time":"2024-12-10T09:38:04+00:00","og_image":[{"width":2475,"height":2475,"url":"https:\/\/www.cde.ual.es\/wp-content\/uploads\/2024\/12\/pexels-knownasovan-57690.jpg","type":"image\/jpeg"}],"author":"AdminCDE","twitter_card":"summary_large_image","twitter_creator":"@cdeualmeria","twitter_site":"@cdeualmeria","twitter_misc":{"Written by":"AdminCDE","Est. reading time":"2 minutes"},"schema":{"@context":"https:\/\/schema.org","@graph":[{"@type":"Article","@id":"https:\/\/www.cde.ual.es\/en\/creative-sectors-ela-study-reveals-precarious-working-conditions-and-undeclared-labour\/#article","isPartOf":{"@id":"https:\/\/www.cde.ual.es\/en\/creative-sectors-ela-study-reveals-precarious-working-conditions-and-undeclared-labour\/"},"author":{"name":"AdminCDE","@id":"https:\/\/www.cde.ual.es\/#\/schema\/person\/224ef08c8bcc005f319d2713ce37ee5f"},"headline":"Creative sectors: ELA study reveals precarious working conditions and undeclared labour","datePublished":"2024-12-10T09:38:04+00:00","mainEntityOfPage":{"@id":"https:\/\/www.cde.ual.es\/en\/creative-sectors-ela-study-reveals-precarious-working-conditions-and-undeclared-labour\/"},"wordCount":293,"commentCount":0,"publisher":{"@id":"https:\/\/www.cde.ual.es\/#organization"},"image":{"@id":"https:\/\/www.cde.ual.es\/en\/creative-sectors-ela-study-reveals-precarious-working-conditions-and-undeclared-labour\/#primaryimage"},"thumbnailUrl":"https:\/\/www.cde.ual.es\/wp-content\/uploads\/2024\/12\/pexels-knownasovan-57690.jpg","keywords":["cultural and creative industries","European Labour Authority","precarious conditions"],"articleSection":["EU News","Labour Market and Employment","Social Affairs"],"inLanguage":"en-US","potentialAction":[{"@type":"CommentAction","name":"Comment","target":["https:\/\/www.cde.ual.es\/en\/creative-sectors-ela-study-reveals-precarious-working-conditions-and-undeclared-labour\/#respond"]}]},{"@type":"WebPage","@id":"https:\/\/www.cde.ual.es\/en\/creative-sectors-ela-study-reveals-precarious-working-conditions-and-undeclared-labour\/","url":"https:\/\/www.cde.ual.es\/en\/creative-sectors-ela-study-reveals-precarious-working-conditions-and-undeclared-labour\/","name":"Creative sectors: ELA study reveals precarious working conditions and undeclared labour | CDE Almer\u00eda - Centro de Documentaci\u00f3n Europea - Universidad de Almer\u00eda","isPartOf":{"@id":"https:\/\/www.cde.ual.es\/#website"},"primaryImageOfPage":{"@id":"https:\/\/www.cde.ual.es\/en\/creative-sectors-ela-study-reveals-precarious-working-conditions-and-undeclared-labour\/#primaryimage"},"image":{"@id":"https:\/\/www.cde.ual.es\/en\/creative-sectors-ela-study-reveals-precarious-working-conditions-and-undeclared-labour\/#primaryimage"},"thumbnailUrl":"https:\/\/www.cde.ual.es\/wp-content\/uploads\/2024\/12\/pexels-knownasovan-57690.jpg","datePublished":"2024-12-10T09:38:04+00:00","breadcrumb":{"@id":"https:\/\/www.cde.ual.es\/en\/creative-sectors-ela-study-reveals-precarious-working-conditions-and-undeclared-labour\/#breadcrumb"},"inLanguage":"en-US","potentialAction":[{"@type":"ReadAction","target":["https:\/\/www.cde.ual.es\/en\/creative-sectors-ela-study-reveals-precarious-working-conditions-and-undeclared-labour\/"]}]},{"@type":"ImageObject","inLanguage":"en-US","@id":"https:\/\/www.cde.ual.es\/en\/creative-sectors-ela-study-reveals-precarious-working-conditions-and-undeclared-labour\/#primaryimage","url":"https:\/\/www.cde.ual.es\/wp-content\/uploads\/2024\/12\/pexels-knownasovan-57690.jpg","contentUrl":"https:\/\/www.cde.ual.es\/wp-content\/uploads\/2024\/12\/pexels-knownasovan-57690.jpg","width":2475,"height":2475},{"@type":"BreadcrumbList","@id":"https:\/\/www.cde.ual.es\/en\/creative-sectors-ela-study-reveals-precarious-working-conditions-and-undeclared-labour\/#breadcrumb","itemListElement":[{"@type":"ListItem","position":1,"name":"Inicio","item":"https:\/\/www.cde.ual.es\/en\/"},{"@type":"ListItem","position":2,"name":"EU News","item":"https:\/\/www.cde.ual.es\/en\/category\/eu-news\/"},{"@type":"ListItem","position":3,"name":"Social Affairs","item":"https:\/\/www.cde.ual.es\/en\/category\/eu-news\/social-affairs\/"},{"@type":"ListItem","position":4,"name":"Labour Market and Employment","item":"https:\/\/www.cde.ual.es\/en\/category\/eu-news\/social-affairs\/labour-employment\/"},{"@type":"ListItem","position":5,"name":"Creative sectors: ELA study reveals precarious working conditions and undeclared labour"}]},{"@type":"WebSite","@id":"https:\/\/www.cde.ual.es\/#website","url":"https:\/\/www.cde.ual.es\/","name":"CDE Almer\u00eda - Centro de Documentaci\u00f3n Europea - Universidad de Almer\u00eda","description":"Centro de Documentaci\u00f3n Europea de la Universidad de Almer\u00eda","publisher":{"@id":"https:\/\/www.cde.ual.es\/#organization"},"alternateName":"CDE Almer\u00eda","potentialAction":[{"@type":"SearchAction","target":{"@type":"EntryPoint","urlTemplate":"https:\/\/www.cde.ual.es\/?s={search_term_string}"},"query-input":{"@type":"PropertyValueSpecification","valueRequired":true,"valueName":"search_term_string"}}],"inLanguage":"en-US"},{"@type":"Organization","@id":"https:\/\/www.cde.ual.es\/#organization","name":"Centro de Documentaci\u00f3n Europea de Almer\u00eda","url":"https:\/\/www.cde.ual.es\/","logo":{"@type":"ImageObject","inLanguage":"en-US","@id":"https:\/\/www.cde.ual.es\/#\/schema\/logo\/image\/","url":"https:\/\/www.cde.ual.es\/wp-content\/uploads\/2025\/07\/cde-logo-3.png","contentUrl":"https:\/\/www.cde.ual.es\/wp-content\/uploads\/2025\/07\/cde-logo-3.png","width":1400,"height":300,"caption":"Centro de Documentaci\u00f3n Europea de Almer\u00eda"},"image":{"@id":"https:\/\/www.cde.ual.es\/#\/schema\/logo\/image\/"},"sameAs":["https:\/\/www.facebook.com\/cdeuniversidadalmeria\/","https:\/\/x.com\/cdeualmeria","https:\/\/www.tiktok.com\/@cdealmeria","https:\/\/www.instagram.com\/cdealmeria\/","https:\/\/www.linkedin.com\/in\/cde-almera-812b26a9\/"]},{"@type":"Person","@id":"https:\/\/www.cde.ual.es\/#\/schema\/person\/224ef08c8bcc005f319d2713ce37ee5f","name":"AdminCDE","image":{"@type":"ImageObject","inLanguage":"en-US","@id":"https:\/\/secure.gravatar.com\/avatar\/a72d038d371f995cd13706fac32274b7952a52e8fb0a84b5f80c85426f2a98a8?s=96&d=mm&r=g","url":"https:\/\/secure.gravatar.com\/avatar\/a72d038d371f995cd13706fac32274b7952a52e8fb0a84b5f80c85426f2a98a8?s=96&d=mm&r=g","contentUrl":"https:\/\/secure.gravatar.com\/avatar\/a72d038d371f995cd13706fac32274b7952a52e8fb0a84b5f80c85426f2a98a8?s=96&d=mm&r=g","caption":"AdminCDE"}}]}},"_links":{"self":[{"href":"https:\/\/www.cde.ual.es\/en\/wp-json\/wp\/v2\/posts\/155458","targetHints":{"allow":["GET"]}}],"collection":[{"href":"https:\/\/www.cde.ual.es\/en\/wp-json\/wp\/v2\/posts"}],"about":[{"href":"https:\/\/www.cde.ual.es\/en\/wp-json\/wp\/v2\/types\/post"}],"author":[{"embeddable":true,"href":"https:\/\/www.cde.ual.es\/en\/wp-json\/wp\/v2\/users\/1"}],"replies":[{"embeddable":true,"href":"https:\/\/www.cde.ual.es\/en\/wp-json\/wp\/v2\/comments?post=155458"}],"version-history":[{"count":1,"href":"https:\/\/www.cde.ual.es\/en\/wp-json\/wp\/v2\/posts\/155458\/revisions"}],"predecessor-version":[{"id":155461,"href":"https:\/\/www.cde.ual.es\/en\/wp-json\/wp\/v2\/posts\/155458\/revisions\/155461"}],"wp:featuredmedia":[{"embeddable":true,"href":"https:\/\/www.cde.ual.es\/en\/wp-json\/wp\/v2\/media\/155459"}],"wp:attachment":[{"href":"https:\/\/www.cde.ual.es\/en\/wp-json\/wp\/v2\/media?parent=155458"}],"wp:term":[{"taxonomy":"category","embeddable":true,"href":"https:\/\/www.cde.ual.es\/en\/wp-json\/wp\/v2\/categories?post=155458"},{"taxonomy":"post_tag","embeddable":true,"href":"https:\/\/www.cde.ual.es\/en\/wp-json\/wp\/v2\/tags?post=155458"}],"curies":[{"name":"wp","href":"https:\/\/api.w.org\/{rel}","templated":true}]}}