{"id":154975,"date":"2024-11-22T09:22:51","date_gmt":"2024-11-22T08:22:51","guid":{"rendered":"https:\/\/www.cde.ual.es\/?p=154975"},"modified":"2024-11-22T09:22:51","modified_gmt":"2024-11-22T08:22:51","slug":"eu-aid-worth-e700000-to-support-632-dismissed-workers-in-belgium","status":"publish","type":"post","link":"https:\/\/www.cde.ual.es\/en\/eu-aid-worth-e700000-to-support-632-dismissed-workers-in-belgium\/","title":{"rendered":"EU aid worth \u20ac700,000 to support 632 dismissed workers in Belgium"},"content":{"rendered":"<p style=\"text-align: justify;\">632 employees of the machinery and paper enterprises Purmo and Sappi who lost their jobs should receive \u20ac700,000 in EU aid.<\/p>\n<div class=\"ep-p_text\" style=\"text-align: justify;\"><a href=\"https:\/\/www.cde.ual.es\/wp-content\/uploads\/2024\/11\/pexels-photo-1145434.jpeg\"><img decoding=\"async\" class=\"aligncenter  wp-image-154976\" src=\"https:\/\/www.cde.ual.es\/wp-content\/uploads\/2024\/11\/pexels-photo-1145434.jpeg\" alt=\"\" width=\"677\" height=\"451\" srcset=\"https:\/\/www.cde.ual.es\/wp-content\/uploads\/2024\/11\/pexels-photo-1145434.jpeg 1125w, https:\/\/www.cde.ual.es\/wp-content\/uploads\/2024\/11\/pexels-photo-1145434-300x200.jpeg 300w, https:\/\/www.cde.ual.es\/wp-content\/uploads\/2024\/11\/pexels-photo-1145434-1024x683.jpeg 1024w, https:\/\/www.cde.ual.es\/wp-content\/uploads\/2024\/11\/pexels-photo-1145434-768x512.jpeg 768w\" sizes=\"(max-width: 677px) 100vw, 677px\" \/><\/a><\/div>\n<div style=\"text-align: justify;\"><\/div>\n<p class=\"ep-wysiwig_paragraph\" style=\"text-align: justify;\">On Thursday, the Committee on Budgets approved Belgium\u2019s request for \u20ac704,135 in EU aid through the\u00a0European Globalisation Adjustment Fund for Displaced Workers\u00a0(EGF). The aid will support 632 former workers from machinery and paper enterprises Purmo and Sappi in the Flemish province of Limburg. MEPs noted that the profiles of the displaced workers, one third of which are aged 55 years or more and 30 % are with low education, translate into severe barriers on the labour market.<\/p>\n<p class=\"ep-wysiwig_paragraph\" style=\"text-align: justify;\">Both Sappi Lanaken and Purmo Group had to lay off employees due to declining demand for their products and economic challenges. Sappi Lanaken closed its plant because digitalization reduced the need for woodfree coated paper and shifting production was too costly, while Purmo Group&#8217;s Zonhoven plant ceased production due to a 60% drop in panel radiator demand, higher operational costs, and unfavourable market conditions influenced by the war in Ukraine and EU legislation favouring alternative heating systems.<\/p>\n<p class=\"ep-wysiwig_paragraph\" style=\"text-align: justify;\">The EGF funding will help pay for counselling and vocational orientation, job search assistance, as well as skills training in vocational, digital and language skills. The total estimated cost of these measures is \u20ac1.2 million, with 60% (\u20ac700,000) covered by the EGF and the remaining 40% (\u20ac500,000) financed by the Flemish Employment and Vocational Training Service (VDAB).<\/p>\n<p class=\"ep-wysiwig_paragraph\" style=\"text-align: justify;\"><strong>Next steps<\/strong><\/p>\n<p class=\"ep-wysiwig_paragraph\" style=\"text-align: justify;\">The\u00a0draft report\u00a0by rapporteur\u00a0Matja\u017e Nemec (S&amp;D, Slovenia) recommending that Parliament approve the aid was approved by 29 votes, 1 against and no abstentions. Approval by plenary is expected during the upcoming 16-19 December plenary session in Strasbourg.<\/p>\n<p class=\"ep-wysiwig_paragraph\" style=\"text-align: justify;\"><strong>Background<\/strong><\/p>\n<p class=\"ep-wysiwig_paragraph\" style=\"text-align: justify;\">Under the\u00a0EGF regulation 2021-2027, the Fund supports displaced workers and self-employed people who have lost their activity due to unexpected major restructuring events. Since 2007, the EGF has allocated \u20ac696 million in 180 cases, providing help to more than 169,000 people in 20 Member States. EGF-supported measures complement national active labour market measures.<\/p>\n<p style=\"text-align: justify;\"><strong>More information: <a href=\"https:\/\/www.europarl.europa.eu\/news\/en\/press-room\/20241118IPR25455\/eu-aid-worth-EU700-000-to-support-632-dismissed-workers-in-belgium\">European Parliament\u00a0<\/a><\/strong><\/p>\n<p>&nbsp;<\/p>\n<p>&nbsp;<\/p>\n","protected":false},"excerpt":{"rendered":"<p>632 employees of the machinery and paper enterprises Purmo and Sappi who lost their jobs should receive \u20ac700,000 in EU aid. On Thursday, the Committee on Budgets approved Belgium\u2019s request for \u20ac704,135 in EU aid through the\u00a0European Globalisation Adjustment Fund for Displaced Workers\u00a0(EGF). The aid will support 632 former workers from machinery and paper enterprises [&hellip;]<\/p>\n","protected":false},"author":1,"featured_media":154976,"comment_status":"open","ping_status":"open","sticky":false,"template":"","format":"standard","meta":{"_acf_changed":false,"_relevanssi_hide_post":"","_relevanssi_hide_content":"","_relevanssi_pin_for_all":"","_relevanssi_pin_keywords":"","_relevanssi_unpin_keywords":"","_relevanssi_related_keywords":"","_relevanssi_related_include_ids":"","_relevanssi_related_exclude_ids":"","_relevanssi_related_no_append":"","_relevanssi_related_not_related":"","_relevanssi_related_posts":"","_relevanssi_noindex_reason":"","_monsterinsights_skip_tracking":false,"_monsterinsights_sitenote_active":false,"_monsterinsights_sitenote_note":"","_monsterinsights_sitenote_category":0,"_genesis_hide_title":false,"_genesis_hide_breadcrumbs":false,"_genesis_hide_singular_image":false,"_genesis_hide_footer_widgets":false,"_genesis_custom_body_class":"","_genesis_custom_post_class":"","_genesis_layout":"","footnotes":""},"categories":[346,4070,4067],"tags":[509,1318,13042,3103,753,7153],"class_list":{"0":"post-154975","1":"post","2":"type-post","3":"status-publish","4":"format-standard","5":"has-post-thumbnail","7":"category-eu-news","8":"category-labour-employment","9":"category-social-affairs","10":"tag-aid","11":"tag-belgium","12":"tag-dismissed","13":"tag-european-globalisation-adjustment-fund","14":"tag-european-parliament","15":"tag-workers-en","16":"entry"},"acf":[],"yoast_head":"<!-- This site is optimized with the Yoast SEO plugin v27.5 - https:\/\/yoast.com\/product\/yoast-seo-wordpress\/ -->\n<title>EU aid worth \u20ac700,000 to support 632 dismissed workers in Belgium | CDE Almer\u00eda - Centro de Documentaci\u00f3n Europea - Universidad de Almer\u00eda<\/title>\n<meta name=\"robots\" content=\"index, follow, max-snippet:-1, max-image-preview:large, max-video-preview:-1\" \/>\n<link rel=\"canonical\" href=\"https:\/\/www.cde.ual.es\/en\/eu-aid-worth-e700000-to-support-632-dismissed-workers-in-belgium\/\" \/>\n<meta property=\"og:locale\" content=\"en_US\" \/>\n<meta property=\"og:type\" content=\"article\" \/>\n<meta property=\"og:title\" content=\"EU aid worth \u20ac700,000 to support 632 dismissed workers in Belgium | CDE Almer\u00eda - Centro de Documentaci\u00f3n Europea - Universidad de Almer\u00eda\" \/>\n<meta property=\"og:description\" content=\"632 employees of the machinery and paper enterprises Purmo and Sappi who lost their jobs should receive \u20ac700,000 in EU aid. On Thursday, the Committee on Budgets approved Belgium\u2019s request for \u20ac704,135 in EU aid through the\u00a0European Globalisation Adjustment Fund for Displaced Workers\u00a0(EGF). The aid will support 632 former workers from machinery and paper enterprises [&hellip;]\" \/>\n<meta property=\"og:url\" content=\"https:\/\/www.cde.ual.es\/en\/eu-aid-worth-e700000-to-support-632-dismissed-workers-in-belgium\/\" \/>\n<meta property=\"og:site_name\" content=\"CDE Almer\u00eda - Centro de Documentaci\u00f3n Europea - Universidad de Almer\u00eda\" \/>\n<meta property=\"article:publisher\" content=\"https:\/\/www.facebook.com\/cdeuniversidadalmeria\/\" \/>\n<meta property=\"article:published_time\" content=\"2024-11-22T08:22:51+00:00\" \/>\n<meta property=\"og:image\" content=\"https:\/\/www.cde.ual.es\/wp-content\/uploads\/2024\/11\/pexels-photo-1145434.jpeg\" \/>\n\t<meta property=\"og:image:width\" content=\"1125\" \/>\n\t<meta property=\"og:image:height\" content=\"750\" \/>\n\t<meta property=\"og:image:type\" content=\"image\/jpeg\" \/>\n<meta name=\"author\" content=\"AdminCDE\" \/>\n<meta name=\"twitter:card\" content=\"summary_large_image\" \/>\n<meta name=\"twitter:creator\" content=\"@cdeualmeria\" \/>\n<meta name=\"twitter:site\" content=\"@cdeualmeria\" \/>\n<meta name=\"twitter:label1\" content=\"Written by\" \/>\n\t<meta name=\"twitter:data1\" content=\"AdminCDE\" \/>\n\t<meta name=\"twitter:label2\" content=\"Est. reading time\" \/>\n\t<meta name=\"twitter:data2\" content=\"2 minutes\" \/>\n<script type=\"application\/ld+json\" class=\"yoast-schema-graph\">{\"@context\":\"https:\\\/\\\/schema.org\",\"@graph\":[{\"@type\":\"Article\",\"@id\":\"https:\\\/\\\/www.cde.ual.es\\\/en\\\/eu-aid-worth-e700000-to-support-632-dismissed-workers-in-belgium\\\/#article\",\"isPartOf\":{\"@id\":\"https:\\\/\\\/www.cde.ual.es\\\/en\\\/eu-aid-worth-e700000-to-support-632-dismissed-workers-in-belgium\\\/\"},\"author\":{\"name\":\"AdminCDE\",\"@id\":\"https:\\\/\\\/www.cde.ual.es\\\/#\\\/schema\\\/person\\\/224ef08c8bcc005f319d2713ce37ee5f\"},\"headline\":\"EU aid worth \u20ac700,000 to support 632 dismissed workers in Belgium\",\"datePublished\":\"2024-11-22T08:22:51+00:00\",\"mainEntityOfPage\":{\"@id\":\"https:\\\/\\\/www.cde.ual.es\\\/en\\\/eu-aid-worth-e700000-to-support-632-dismissed-workers-in-belgium\\\/\"},\"wordCount\":329,\"commentCount\":0,\"publisher\":{\"@id\":\"https:\\\/\\\/www.cde.ual.es\\\/#organization\"},\"image\":{\"@id\":\"https:\\\/\\\/www.cde.ual.es\\\/en\\\/eu-aid-worth-e700000-to-support-632-dismissed-workers-in-belgium\\\/#primaryimage\"},\"thumbnailUrl\":\"https:\\\/\\\/www.cde.ual.es\\\/wp-content\\\/uploads\\\/2024\\\/11\\\/pexels-photo-1145434.jpeg\",\"keywords\":[\"Aid\",\"Belgium\",\"dismissed\",\"European Globalisation Adjustment Fund\",\"European Parliament\",\"workers\"],\"articleSection\":[\"EU News\",\"Labour Market and Employment\",\"Social Affairs\"],\"inLanguage\":\"en-US\",\"potentialAction\":[{\"@type\":\"CommentAction\",\"name\":\"Comment\",\"target\":[\"https:\\\/\\\/www.cde.ual.es\\\/en\\\/eu-aid-worth-e700000-to-support-632-dismissed-workers-in-belgium\\\/#respond\"]}]},{\"@type\":\"WebPage\",\"@id\":\"https:\\\/\\\/www.cde.ual.es\\\/en\\\/eu-aid-worth-e700000-to-support-632-dismissed-workers-in-belgium\\\/\",\"url\":\"https:\\\/\\\/www.cde.ual.es\\\/en\\\/eu-aid-worth-e700000-to-support-632-dismissed-workers-in-belgium\\\/\",\"name\":\"EU aid worth \u20ac700,000 to support 632 dismissed workers in Belgium | CDE Almer\u00eda - Centro de Documentaci\u00f3n Europea - Universidad de Almer\u00eda\",\"isPartOf\":{\"@id\":\"https:\\\/\\\/www.cde.ual.es\\\/#website\"},\"primaryImageOfPage\":{\"@id\":\"https:\\\/\\\/www.cde.ual.es\\\/en\\\/eu-aid-worth-e700000-to-support-632-dismissed-workers-in-belgium\\\/#primaryimage\"},\"image\":{\"@id\":\"https:\\\/\\\/www.cde.ual.es\\\/en\\\/eu-aid-worth-e700000-to-support-632-dismissed-workers-in-belgium\\\/#primaryimage\"},\"thumbnailUrl\":\"https:\\\/\\\/www.cde.ual.es\\\/wp-content\\\/uploads\\\/2024\\\/11\\\/pexels-photo-1145434.jpeg\",\"datePublished\":\"2024-11-22T08:22:51+00:00\",\"breadcrumb\":{\"@id\":\"https:\\\/\\\/www.cde.ual.es\\\/en\\\/eu-aid-worth-e700000-to-support-632-dismissed-workers-in-belgium\\\/#breadcrumb\"},\"inLanguage\":\"en-US\",\"potentialAction\":[{\"@type\":\"ReadAction\",\"target\":[\"https:\\\/\\\/www.cde.ual.es\\\/en\\\/eu-aid-worth-e700000-to-support-632-dismissed-workers-in-belgium\\\/\"]}]},{\"@type\":\"ImageObject\",\"inLanguage\":\"en-US\",\"@id\":\"https:\\\/\\\/www.cde.ual.es\\\/en\\\/eu-aid-worth-e700000-to-support-632-dismissed-workers-in-belgium\\\/#primaryimage\",\"url\":\"https:\\\/\\\/www.cde.ual.es\\\/wp-content\\\/uploads\\\/2024\\\/11\\\/pexels-photo-1145434.jpeg\",\"contentUrl\":\"https:\\\/\\\/www.cde.ual.es\\\/wp-content\\\/uploads\\\/2024\\\/11\\\/pexels-photo-1145434.jpeg\",\"width\":1125,\"height\":750},{\"@type\":\"BreadcrumbList\",\"@id\":\"https:\\\/\\\/www.cde.ual.es\\\/en\\\/eu-aid-worth-e700000-to-support-632-dismissed-workers-in-belgium\\\/#breadcrumb\",\"itemListElement\":[{\"@type\":\"ListItem\",\"position\":1,\"name\":\"Inicio\",\"item\":\"https:\\\/\\\/www.cde.ual.es\\\/en\\\/\"},{\"@type\":\"ListItem\",\"position\":2,\"name\":\"EU News\",\"item\":\"https:\\\/\\\/www.cde.ual.es\\\/en\\\/category\\\/eu-news\\\/\"},{\"@type\":\"ListItem\",\"position\":3,\"name\":\"Social Affairs\",\"item\":\"https:\\\/\\\/www.cde.ual.es\\\/en\\\/category\\\/eu-news\\\/social-affairs\\\/\"},{\"@type\":\"ListItem\",\"position\":4,\"name\":\"Labour Market and Employment\",\"item\":\"https:\\\/\\\/www.cde.ual.es\\\/en\\\/category\\\/eu-news\\\/social-affairs\\\/labour-employment\\\/\"},{\"@type\":\"ListItem\",\"position\":5,\"name\":\"EU aid worth \u20ac700,000 to support 632 dismissed workers in Belgium\"}]},{\"@type\":\"WebSite\",\"@id\":\"https:\\\/\\\/www.cde.ual.es\\\/#website\",\"url\":\"https:\\\/\\\/www.cde.ual.es\\\/\",\"name\":\"CDE Almer\u00eda - Centro de Documentaci\u00f3n Europea - Universidad de Almer\u00eda\",\"description\":\"Centro de Documentaci\u00f3n Europea de la Universidad de Almer\u00eda\",\"publisher\":{\"@id\":\"https:\\\/\\\/www.cde.ual.es\\\/#organization\"},\"alternateName\":\"CDE Almer\u00eda\",\"potentialAction\":[{\"@type\":\"SearchAction\",\"target\":{\"@type\":\"EntryPoint\",\"urlTemplate\":\"https:\\\/\\\/www.cde.ual.es\\\/?s={search_term_string}\"},\"query-input\":{\"@type\":\"PropertyValueSpecification\",\"valueRequired\":true,\"valueName\":\"search_term_string\"}}],\"inLanguage\":\"en-US\"},{\"@type\":\"Organization\",\"@id\":\"https:\\\/\\\/www.cde.ual.es\\\/#organization\",\"name\":\"Centro de Documentaci\u00f3n Europea de Almer\u00eda\",\"url\":\"https:\\\/\\\/www.cde.ual.es\\\/\",\"logo\":{\"@type\":\"ImageObject\",\"inLanguage\":\"en-US\",\"@id\":\"https:\\\/\\\/www.cde.ual.es\\\/#\\\/schema\\\/logo\\\/image\\\/\",\"url\":\"https:\\\/\\\/www.cde.ual.es\\\/wp-content\\\/uploads\\\/2025\\\/07\\\/cde-logo-3.png\",\"contentUrl\":\"https:\\\/\\\/www.cde.ual.es\\\/wp-content\\\/uploads\\\/2025\\\/07\\\/cde-logo-3.png\",\"width\":1400,\"height\":300,\"caption\":\"Centro de Documentaci\u00f3n Europea de Almer\u00eda\"},\"image\":{\"@id\":\"https:\\\/\\\/www.cde.ual.es\\\/#\\\/schema\\\/logo\\\/image\\\/\"},\"sameAs\":[\"https:\\\/\\\/www.facebook.com\\\/cdeuniversidadalmeria\\\/\",\"https:\\\/\\\/x.com\\\/cdeualmeria\",\"https:\\\/\\\/www.tiktok.com\\\/@cdealmeria\",\"https:\\\/\\\/www.instagram.com\\\/cdealmeria\\\/\",\"https:\\\/\\\/www.linkedin.com\\\/in\\\/cde-almera-812b26a9\\\/\"]},{\"@type\":\"Person\",\"@id\":\"https:\\\/\\\/www.cde.ual.es\\\/#\\\/schema\\\/person\\\/224ef08c8bcc005f319d2713ce37ee5f\",\"name\":\"AdminCDE\",\"image\":{\"@type\":\"ImageObject\",\"inLanguage\":\"en-US\",\"@id\":\"https:\\\/\\\/secure.gravatar.com\\\/avatar\\\/a72d038d371f995cd13706fac32274b7952a52e8fb0a84b5f80c85426f2a98a8?s=96&d=mm&r=g\",\"url\":\"https:\\\/\\\/secure.gravatar.com\\\/avatar\\\/a72d038d371f995cd13706fac32274b7952a52e8fb0a84b5f80c85426f2a98a8?s=96&d=mm&r=g\",\"contentUrl\":\"https:\\\/\\\/secure.gravatar.com\\\/avatar\\\/a72d038d371f995cd13706fac32274b7952a52e8fb0a84b5f80c85426f2a98a8?s=96&d=mm&r=g\",\"caption\":\"AdminCDE\"}}]}<\/script>\n<!-- \/ Yoast SEO plugin. -->","yoast_head_json":{"title":"EU aid worth \u20ac700,000 to support 632 dismissed workers in Belgium | CDE Almer\u00eda - Centro de Documentaci\u00f3n Europea - Universidad de Almer\u00eda","robots":{"index":"index","follow":"follow","max-snippet":"max-snippet:-1","max-image-preview":"max-image-preview:large","max-video-preview":"max-video-preview:-1"},"canonical":"https:\/\/www.cde.ual.es\/en\/eu-aid-worth-e700000-to-support-632-dismissed-workers-in-belgium\/","og_locale":"en_US","og_type":"article","og_title":"EU aid worth \u20ac700,000 to support 632 dismissed workers in Belgium | CDE Almer\u00eda - Centro de Documentaci\u00f3n Europea - Universidad de Almer\u00eda","og_description":"632 employees of the machinery and paper enterprises Purmo and Sappi who lost their jobs should receive \u20ac700,000 in EU aid. On Thursday, the Committee on Budgets approved Belgium\u2019s request for \u20ac704,135 in EU aid through the\u00a0European Globalisation Adjustment Fund for Displaced Workers\u00a0(EGF). The aid will support 632 former workers from machinery and paper enterprises [&hellip;]","og_url":"https:\/\/www.cde.ual.es\/en\/eu-aid-worth-e700000-to-support-632-dismissed-workers-in-belgium\/","og_site_name":"CDE Almer\u00eda - Centro de Documentaci\u00f3n Europea - Universidad de Almer\u00eda","article_publisher":"https:\/\/www.facebook.com\/cdeuniversidadalmeria\/","article_published_time":"2024-11-22T08:22:51+00:00","og_image":[{"width":1125,"height":750,"url":"https:\/\/www.cde.ual.es\/wp-content\/uploads\/2024\/11\/pexels-photo-1145434.jpeg","type":"image\/jpeg"}],"author":"AdminCDE","twitter_card":"summary_large_image","twitter_creator":"@cdeualmeria","twitter_site":"@cdeualmeria","twitter_misc":{"Written by":"AdminCDE","Est. reading time":"2 minutes"},"schema":{"@context":"https:\/\/schema.org","@graph":[{"@type":"Article","@id":"https:\/\/www.cde.ual.es\/en\/eu-aid-worth-e700000-to-support-632-dismissed-workers-in-belgium\/#article","isPartOf":{"@id":"https:\/\/www.cde.ual.es\/en\/eu-aid-worth-e700000-to-support-632-dismissed-workers-in-belgium\/"},"author":{"name":"AdminCDE","@id":"https:\/\/www.cde.ual.es\/#\/schema\/person\/224ef08c8bcc005f319d2713ce37ee5f"},"headline":"EU aid worth \u20ac700,000 to support 632 dismissed workers in Belgium","datePublished":"2024-11-22T08:22:51+00:00","mainEntityOfPage":{"@id":"https:\/\/www.cde.ual.es\/en\/eu-aid-worth-e700000-to-support-632-dismissed-workers-in-belgium\/"},"wordCount":329,"commentCount":0,"publisher":{"@id":"https:\/\/www.cde.ual.es\/#organization"},"image":{"@id":"https:\/\/www.cde.ual.es\/en\/eu-aid-worth-e700000-to-support-632-dismissed-workers-in-belgium\/#primaryimage"},"thumbnailUrl":"https:\/\/www.cde.ual.es\/wp-content\/uploads\/2024\/11\/pexels-photo-1145434.jpeg","keywords":["Aid","Belgium","dismissed","European Globalisation Adjustment Fund","European Parliament","workers"],"articleSection":["EU News","Labour Market and Employment","Social Affairs"],"inLanguage":"en-US","potentialAction":[{"@type":"CommentAction","name":"Comment","target":["https:\/\/www.cde.ual.es\/en\/eu-aid-worth-e700000-to-support-632-dismissed-workers-in-belgium\/#respond"]}]},{"@type":"WebPage","@id":"https:\/\/www.cde.ual.es\/en\/eu-aid-worth-e700000-to-support-632-dismissed-workers-in-belgium\/","url":"https:\/\/www.cde.ual.es\/en\/eu-aid-worth-e700000-to-support-632-dismissed-workers-in-belgium\/","name":"EU aid worth \u20ac700,000 to support 632 dismissed workers in Belgium | CDE Almer\u00eda - Centro de Documentaci\u00f3n Europea - Universidad de Almer\u00eda","isPartOf":{"@id":"https:\/\/www.cde.ual.es\/#website"},"primaryImageOfPage":{"@id":"https:\/\/www.cde.ual.es\/en\/eu-aid-worth-e700000-to-support-632-dismissed-workers-in-belgium\/#primaryimage"},"image":{"@id":"https:\/\/www.cde.ual.es\/en\/eu-aid-worth-e700000-to-support-632-dismissed-workers-in-belgium\/#primaryimage"},"thumbnailUrl":"https:\/\/www.cde.ual.es\/wp-content\/uploads\/2024\/11\/pexels-photo-1145434.jpeg","datePublished":"2024-11-22T08:22:51+00:00","breadcrumb":{"@id":"https:\/\/www.cde.ual.es\/en\/eu-aid-worth-e700000-to-support-632-dismissed-workers-in-belgium\/#breadcrumb"},"inLanguage":"en-US","potentialAction":[{"@type":"ReadAction","target":["https:\/\/www.cde.ual.es\/en\/eu-aid-worth-e700000-to-support-632-dismissed-workers-in-belgium\/"]}]},{"@type":"ImageObject","inLanguage":"en-US","@id":"https:\/\/www.cde.ual.es\/en\/eu-aid-worth-e700000-to-support-632-dismissed-workers-in-belgium\/#primaryimage","url":"https:\/\/www.cde.ual.es\/wp-content\/uploads\/2024\/11\/pexels-photo-1145434.jpeg","contentUrl":"https:\/\/www.cde.ual.es\/wp-content\/uploads\/2024\/11\/pexels-photo-1145434.jpeg","width":1125,"height":750},{"@type":"BreadcrumbList","@id":"https:\/\/www.cde.ual.es\/en\/eu-aid-worth-e700000-to-support-632-dismissed-workers-in-belgium\/#breadcrumb","itemListElement":[{"@type":"ListItem","position":1,"name":"Inicio","item":"https:\/\/www.cde.ual.es\/en\/"},{"@type":"ListItem","position":2,"name":"EU News","item":"https:\/\/www.cde.ual.es\/en\/category\/eu-news\/"},{"@type":"ListItem","position":3,"name":"Social Affairs","item":"https:\/\/www.cde.ual.es\/en\/category\/eu-news\/social-affairs\/"},{"@type":"ListItem","position":4,"name":"Labour Market and Employment","item":"https:\/\/www.cde.ual.es\/en\/category\/eu-news\/social-affairs\/labour-employment\/"},{"@type":"ListItem","position":5,"name":"EU aid worth \u20ac700,000 to support 632 dismissed workers in Belgium"}]},{"@type":"WebSite","@id":"https:\/\/www.cde.ual.es\/#website","url":"https:\/\/www.cde.ual.es\/","name":"CDE Almer\u00eda - Centro de Documentaci\u00f3n Europea - Universidad de Almer\u00eda","description":"Centro de Documentaci\u00f3n Europea de la Universidad de Almer\u00eda","publisher":{"@id":"https:\/\/www.cde.ual.es\/#organization"},"alternateName":"CDE Almer\u00eda","potentialAction":[{"@type":"SearchAction","target":{"@type":"EntryPoint","urlTemplate":"https:\/\/www.cde.ual.es\/?s={search_term_string}"},"query-input":{"@type":"PropertyValueSpecification","valueRequired":true,"valueName":"search_term_string"}}],"inLanguage":"en-US"},{"@type":"Organization","@id":"https:\/\/www.cde.ual.es\/#organization","name":"Centro de Documentaci\u00f3n Europea de Almer\u00eda","url":"https:\/\/www.cde.ual.es\/","logo":{"@type":"ImageObject","inLanguage":"en-US","@id":"https:\/\/www.cde.ual.es\/#\/schema\/logo\/image\/","url":"https:\/\/www.cde.ual.es\/wp-content\/uploads\/2025\/07\/cde-logo-3.png","contentUrl":"https:\/\/www.cde.ual.es\/wp-content\/uploads\/2025\/07\/cde-logo-3.png","width":1400,"height":300,"caption":"Centro de Documentaci\u00f3n Europea de Almer\u00eda"},"image":{"@id":"https:\/\/www.cde.ual.es\/#\/schema\/logo\/image\/"},"sameAs":["https:\/\/www.facebook.com\/cdeuniversidadalmeria\/","https:\/\/x.com\/cdeualmeria","https:\/\/www.tiktok.com\/@cdealmeria","https:\/\/www.instagram.com\/cdealmeria\/","https:\/\/www.linkedin.com\/in\/cde-almera-812b26a9\/"]},{"@type":"Person","@id":"https:\/\/www.cde.ual.es\/#\/schema\/person\/224ef08c8bcc005f319d2713ce37ee5f","name":"AdminCDE","image":{"@type":"ImageObject","inLanguage":"en-US","@id":"https:\/\/secure.gravatar.com\/avatar\/a72d038d371f995cd13706fac32274b7952a52e8fb0a84b5f80c85426f2a98a8?s=96&d=mm&r=g","url":"https:\/\/secure.gravatar.com\/avatar\/a72d038d371f995cd13706fac32274b7952a52e8fb0a84b5f80c85426f2a98a8?s=96&d=mm&r=g","contentUrl":"https:\/\/secure.gravatar.com\/avatar\/a72d038d371f995cd13706fac32274b7952a52e8fb0a84b5f80c85426f2a98a8?s=96&d=mm&r=g","caption":"AdminCDE"}}]}},"_links":{"self":[{"href":"https:\/\/www.cde.ual.es\/en\/wp-json\/wp\/v2\/posts\/154975","targetHints":{"allow":["GET"]}}],"collection":[{"href":"https:\/\/www.cde.ual.es\/en\/wp-json\/wp\/v2\/posts"}],"about":[{"href":"https:\/\/www.cde.ual.es\/en\/wp-json\/wp\/v2\/types\/post"}],"author":[{"embeddable":true,"href":"https:\/\/www.cde.ual.es\/en\/wp-json\/wp\/v2\/users\/1"}],"replies":[{"embeddable":true,"href":"https:\/\/www.cde.ual.es\/en\/wp-json\/wp\/v2\/comments?post=154975"}],"version-history":[{"count":1,"href":"https:\/\/www.cde.ual.es\/en\/wp-json\/wp\/v2\/posts\/154975\/revisions"}],"predecessor-version":[{"id":154978,"href":"https:\/\/www.cde.ual.es\/en\/wp-json\/wp\/v2\/posts\/154975\/revisions\/154978"}],"wp:featuredmedia":[{"embeddable":true,"href":"https:\/\/www.cde.ual.es\/en\/wp-json\/wp\/v2\/media\/154976"}],"wp:attachment":[{"href":"https:\/\/www.cde.ual.es\/en\/wp-json\/wp\/v2\/media?parent=154975"}],"wp:term":[{"taxonomy":"category","embeddable":true,"href":"https:\/\/www.cde.ual.es\/en\/wp-json\/wp\/v2\/categories?post=154975"},{"taxonomy":"post_tag","embeddable":true,"href":"https:\/\/www.cde.ual.es\/en\/wp-json\/wp\/v2\/tags?post=154975"}],"curies":[{"name":"wp","href":"https:\/\/api.w.org\/{rel}","templated":true}]}}