{"id":154555,"date":"2024-11-13T03:00:37","date_gmt":"2024-11-13T02:00:37","guid":{"rendered":"https:\/\/www.cde.ual.es\/?p=154555"},"modified":"2024-11-12T09:32:31","modified_gmt":"2024-11-12T08:32:31","slug":"mediterranean-cities-and-regions-emphasise-need-for-dialogue-and-cooperation-on-water-and-energy","status":"publish","type":"post","link":"https:\/\/www.cde.ual.es\/en\/mediterranean-cities-and-regions-emphasise-need-for-dialogue-and-cooperation-on-water-and-energy\/","title":{"rendered":"Mediterranean cities and regions emphasise need for dialogue and cooperation on water and energy"},"content":{"rendered":"<p style=\"text-align: justify;\"><strong>Local and regional leaders from Mediterranean cities convened in Amman on 4-5 November for the Euro-Mediterranean Regional and Local Assembly (ARLEM), where they underscored their commitment to cooperation and dialogue on critical regional challenges including cultural dialogue, water scarcity and the energy transition.<\/strong><\/p>\n<p style=\"text-align: justify;\"><a href=\"https:\/\/www.cde.ual.es\/wp-content\/uploads\/2024\/11\/arlem.jpg\"><img decoding=\"async\" class=\"aligncenter size-full wp-image-154553\" src=\"https:\/\/www.cde.ual.es\/wp-content\/uploads\/2024\/11\/arlem.jpg\" alt=\"\" width=\"995\" height=\"665\" srcset=\"https:\/\/www.cde.ual.es\/wp-content\/uploads\/2024\/11\/arlem.jpg 995w, https:\/\/www.cde.ual.es\/wp-content\/uploads\/2024\/11\/arlem-300x201.jpg 300w, https:\/\/www.cde.ual.es\/wp-content\/uploads\/2024\/11\/arlem-768x513.jpg 768w\" sizes=\"(max-width: 995px) 100vw, 995px\" \/><\/a><\/p>\n<p style=\"text-align: justify;\">ARLEM&#8217;s plenary session in Amman, capital of Jordan, was co-chaired by the president of the European Committee of the Regions,\u00a0<strong>Vasco Alves Cordeiro,<\/strong>\u00a0and by the mayor of Greater Ramtha Municipality in Jordan,\u00a0<strong>Ahmad Al Khazali<\/strong>, who described the meeting as a sign of Jordan&#8217;s &#8220;unwavering commitment to dialogue, cooperation, and peace&#8221;. The session began with a minute of silence to honour the civilian victims of the conflicts in the region.<\/p>\n<p style=\"text-align: justify;\">The meeting brought together mayors, governors, and national and international politicians and officials and signalled a new start for this joint Assembly at a critical moment in Euro-Mediterranean cooperation. Speakers included\u00a0<strong>Nasser Kamel<\/strong>, Secretary-General of the Union for the Mediterranean (UfM),\u00a0<strong>Patrick Simonnet<\/strong>, the EU&#8217;s special envoy for the Mediterranean, and \u2013 by video message \u2013\u00a0<strong>Roberta Metsola<\/strong>, the European Parliament&#8217;s President.<\/p>\n<p style=\"text-align: justify;\">To contribute to the New Pact for the Mediterranean announced by European Commission President Ursula von der Leyen, ARLEM will in 2025 deliver a report a report on the new Euro-Mediterranean strategic agenda. The recent natural disaster in Spain has further highlighted the urgency of tackling climate change and advancing cooperation on civil protection, to which ARLEM will contribute by its roadmap. ARLEM members expressed their solidarity with the cities and regions affected.<\/p>\n<p style=\"text-align: justify;\">UfM Secretary-General Kamel and\u00a0<strong>HRH Princess Rym Ali<\/strong>, President of the Anna Lindh Foundation, discussed challenges and opportunities of Euro-Mediterranean cooperation with ARLEM members. Their organisations are the initiators of one of the major recent efforts to foster inter-cultural exchange between Mediterranean cities, the Mediterranean Capitals of Culture &amp; Dialogue. ARLEM serves on the initiative&#8217;s advisory committee.<\/p>\n<p style=\"text-align: justify;\">The inaugural Mediterranean Capitals of Culture &amp; Dialogue \u2013 Tirana and Alexandria \u2013 have pledged to forge bilateral collaborations in 2025.\u00a0<strong>Erion Veliaj<\/strong>, mayor of Tirana, told ARLEM that the Albanian capital will \u2013 through its MediTIRANEan Bridges programme \u2013 also use its year as a Mediterranean capital to champion sustainable cultural tourism and the digitalisation of cultural heritage.<\/p>\n<p style=\"text-align: justify;\">ARLEM&#8217;s championing of inclusive cities was reflected in the presentation of the\u00a0<strong>sixth ARLEM Award: Young local entrepreneurship in the Mediterranean.<\/strong>\u00a0 The award encourages young entrepreneurs to take the future in their own hands and the development of a business-friendly environment, by recognising the role of local authorities in its enabling role. This year&#8217;s award went to A\u00efda Kandil of MyTindy and the Casablanca Chamber of Crafts. Ms Kandil&#8217;s business has developed an online platform enabling artisans, particularly women in rural areas, to find a market for their hand-made products.<\/p>\n<p style=\"text-align: justify;\">ARLEM members adopted two reports linked to two other priorities \u2013 climate-related action and energy security \u2013 in which they set out recommendations on how regions and cities can strengthen water resilience and support a sustainable energy transition for the Mediterranean.<\/p>\n<p style=\"text-align: justify;\"><strong>ARLEM recommendations:<\/strong><\/p>\n<ul style=\"text-align: justify;\">\n<li>In a report entitled &#8216;Strengthening water resilience: the role of cities and regions in the Mediterranean&#8217; and drafted by\u00a0<strong>Taleb Abderrahmane El Mahjoub<\/strong>, mayor of Tevragh Zeina in Mauritania, ARLEM describes water as an &#8220;absolute strategic priority&#8221; that should be &#8220;at the heart of the political agenda&#8221;. The report notes that the southern Mediterranean includes 15 of the 20 most water-stressed countries in the world, making it &#8220;the epicentre of this water scarcity crisis&#8221;. Leaders at every level need to collaborate to develop integrated policy responses, the report emphasises, and highlights the need for projects and programmes that range from the revival of traditional water-management practices and the roll-out of cheap innovative methods \u2013 such as fog-water collection \u2013 to investment into the maintenance and creation of core capital-intensive infrastructure.<\/li>\n<li>The ARLEM report on &#8220;a sustainable energy transition for the Mediterranean&#8221; was drafted by\u00a0<strong>Franck Proust<\/strong>\u00a0(FR\/EPP), president of N\u00eemes M\u00e9tropole. N\u00eemes is in a region, Occitania, that aims to become Europe&#8217;s first &#8216;positive energy region&#8217; \u2013 an administrative territory with net zero energy imports, with net zero CO\u2082 emissions, and with a surplus of renewable energy. Mr Proust&#8217;s report notes that towns and cities have &#8220;a pivotal role to play in speeding up the energy transition&#8221; \u2013 as they comprise around 70% of total global greenhouse gas emissions \u2013 and are also &#8220;instrumental in promoting the diversification of energy sources, in their capacity as energy planners and regulators&#8221;. He encouraged efforts to use the benefits of a &#8220;major advantage&#8221; \u2013 cooperation between local and regional authorities, including to reduce procurement costs and encourage innovation.<\/li>\n<\/ul>\n<p style=\"text-align: justify;\"><strong>Further information:<a href=\"https:\/\/cor.europa.eu\/en\/news\/mediterranean-cities-and-regions-emphasise-need-dialogue-and-cooperation-water-and-energy\"> The European Committee of the Regions<\/a><\/strong><\/p>\n","protected":false},"excerpt":{"rendered":"<p>Local and regional leaders from Mediterranean cities convened in Amman on 4-5 November for the Euro-Mediterranean Regional and Local Assembly (ARLEM), where they underscored their commitment to cooperation and dialogue on critical regional challenges including cultural dialogue, water scarcity and the energy transition. ARLEM&#8217;s plenary session in Amman, capital of Jordan, was co-chaired by the [&hellip;]<\/p>\n","protected":false},"author":1,"featured_media":154553,"comment_status":"open","ping_status":"open","sticky":false,"template":"","format":"standard","meta":{"_acf_changed":false,"_relevanssi_hide_post":"","_relevanssi_hide_content":"","_relevanssi_pin_for_all":"","_relevanssi_pin_keywords":"","_relevanssi_unpin_keywords":"","_relevanssi_related_keywords":"","_relevanssi_related_include_ids":"","_relevanssi_related_exclude_ids":"","_relevanssi_related_no_append":"","_relevanssi_related_not_related":"","_relevanssi_related_posts":"","_relevanssi_noindex_reason":"","_monsterinsights_skip_tracking":false,"_monsterinsights_sitenote_active":false,"_monsterinsights_sitenote_note":"","_monsterinsights_sitenote_category":0,"_genesis_hide_title":false,"_genesis_hide_breadcrumbs":false,"_genesis_hide_singular_image":false,"_genesis_hide_footer_widgets":false,"_genesis_custom_body_class":"","_genesis_custom_post_class":"","_genesis_layout":"","footnotes":""},"categories":[4073,4085,346,4066],"tags":[2393,12966,12965,7144,12964,12963,613],"class_list":{"0":"post-154555","1":"post","2":"type-post","3":"status-publish","4":"format-standard","5":"has-post-thumbnail","7":"category-culture","8":"category-environment","9":"category-eu-news","10":"category-state-members","11":"tag-2393","12":"tag-aman-en","13":"tag-cultural-dialogue","14":"tag-energy-transition","15":"tag-euro-mediterranean-regional-and-local-assembly-arlem","16":"tag-the-european-committee-of-the-regions","17":"tag-water","18":"entry"},"acf":[],"yoast_head":"<!-- This site is optimized with the Yoast SEO plugin v27.4 - https:\/\/yoast.com\/product\/yoast-seo-wordpress\/ -->\n<title>Mediterranean cities and regions emphasise need for dialogue and cooperation on water and energy | CDE Almer\u00eda - Centro de Documentaci\u00f3n Europea - Universidad de Almer\u00eda<\/title>\n<meta name=\"robots\" content=\"index, follow, max-snippet:-1, max-image-preview:large, max-video-preview:-1\" \/>\n<link rel=\"canonical\" href=\"https:\/\/www.cde.ual.es\/?p=154551\" \/>\n<meta property=\"og:locale\" content=\"en_US\" \/>\n<meta property=\"og:type\" content=\"article\" \/>\n<meta property=\"og:title\" content=\"Mediterranean cities and regions emphasise need for dialogue and cooperation on water and energy | CDE Almer\u00eda - Centro de Documentaci\u00f3n Europea - Universidad de Almer\u00eda\" \/>\n<meta property=\"og:description\" content=\"Local and regional leaders from Mediterranean cities convened in Amman on 4-5 November for the Euro-Mediterranean Regional and Local Assembly (ARLEM), where they underscored their commitment to cooperation and dialogue on critical regional challenges including cultural dialogue, water scarcity and the energy transition. ARLEM&#8217;s plenary session in Amman, capital of Jordan, was co-chaired by the [&hellip;]\" \/>\n<meta property=\"og:url\" content=\"https:\/\/www.cde.ual.es\/?p=154551\" \/>\n<meta property=\"og:site_name\" content=\"CDE Almer\u00eda - Centro de Documentaci\u00f3n Europea - Universidad de Almer\u00eda\" \/>\n<meta property=\"article:publisher\" content=\"https:\/\/www.facebook.com\/cdeuniversidadalmeria\/\" \/>\n<meta property=\"article:published_time\" content=\"2024-11-13T02:00:37+00:00\" \/>\n<meta property=\"og:image\" content=\"https:\/\/www.cde.ual.es\/wp-content\/uploads\/2024\/11\/arlem.jpg\" \/>\n\t<meta property=\"og:image:width\" content=\"995\" \/>\n\t<meta property=\"og:image:height\" content=\"665\" \/>\n\t<meta property=\"og:image:type\" content=\"image\/jpeg\" \/>\n<meta name=\"author\" content=\"AdminCDE\" \/>\n<meta name=\"twitter:card\" content=\"summary_large_image\" \/>\n<meta name=\"twitter:creator\" content=\"@cdeualmeria\" \/>\n<meta name=\"twitter:site\" content=\"@cdeualmeria\" \/>\n<meta name=\"twitter:label1\" content=\"Written by\" \/>\n\t<meta name=\"twitter:data1\" content=\"AdminCDE\" \/>\n\t<meta name=\"twitter:label2\" content=\"Est. reading time\" \/>\n\t<meta name=\"twitter:data2\" content=\"4 minutes\" \/>\n<script type=\"application\/ld+json\" class=\"yoast-schema-graph\">{\"@context\":\"https:\\\/\\\/schema.org\",\"@graph\":[{\"@type\":\"Article\",\"@id\":\"https:\\\/\\\/www.cde.ual.es\\\/?p=154551#article\",\"isPartOf\":{\"@id\":\"https:\\\/\\\/www.cde.ual.es\\\/?p=154551\"},\"author\":{\"name\":\"AdminCDE\",\"@id\":\"https:\\\/\\\/www.cde.ual.es\\\/#\\\/schema\\\/person\\\/224ef08c8bcc005f319d2713ce37ee5f\"},\"headline\":\"Mediterranean cities and regions emphasise need for dialogue and cooperation on water and energy\",\"datePublished\":\"2024-11-13T02:00:37+00:00\",\"mainEntityOfPage\":{\"@id\":\"https:\\\/\\\/www.cde.ual.es\\\/?p=154551\"},\"wordCount\":781,\"commentCount\":0,\"publisher\":{\"@id\":\"https:\\\/\\\/www.cde.ual.es\\\/#organization\"},\"image\":{\"@id\":\"https:\\\/\\\/www.cde.ual.es\\\/?p=154551#primaryimage\"},\"thumbnailUrl\":\"https:\\\/\\\/www.cde.ual.es\\\/wp-content\\\/uploads\\\/2024\\\/11\\\/arlem.jpg\",\"keywords\":[\"2024\",\"Am\u00e1n\",\"cultural dialogue\",\"energy transition\",\"Euro-Mediterranean Regional and Local Assembly (ARLEM)\",\"The European Committee of the Regions\",\"Water\"],\"articleSection\":[\"Culture\",\"Environmental Affairs\",\"EU News\",\"State Members\"],\"inLanguage\":\"en-US\",\"potentialAction\":[{\"@type\":\"CommentAction\",\"name\":\"Comment\",\"target\":[\"https:\\\/\\\/www.cde.ual.es\\\/?p=154551#respond\"]}]},{\"@type\":\"WebPage\",\"@id\":\"https:\\\/\\\/www.cde.ual.es\\\/?p=154551\",\"url\":\"https:\\\/\\\/www.cde.ual.es\\\/?p=154551\",\"name\":\"Mediterranean cities and regions emphasise need for dialogue and cooperation on water and energy | CDE Almer\u00eda - Centro de Documentaci\u00f3n Europea - Universidad de Almer\u00eda\",\"isPartOf\":{\"@id\":\"https:\\\/\\\/www.cde.ual.es\\\/#website\"},\"primaryImageOfPage\":{\"@id\":\"https:\\\/\\\/www.cde.ual.es\\\/?p=154551#primaryimage\"},\"image\":{\"@id\":\"https:\\\/\\\/www.cde.ual.es\\\/?p=154551#primaryimage\"},\"thumbnailUrl\":\"https:\\\/\\\/www.cde.ual.es\\\/wp-content\\\/uploads\\\/2024\\\/11\\\/arlem.jpg\",\"datePublished\":\"2024-11-13T02:00:37+00:00\",\"breadcrumb\":{\"@id\":\"https:\\\/\\\/www.cde.ual.es\\\/?p=154551#breadcrumb\"},\"inLanguage\":\"en-US\",\"potentialAction\":[{\"@type\":\"ReadAction\",\"target\":[\"https:\\\/\\\/www.cde.ual.es\\\/?p=154551\"]}]},{\"@type\":\"ImageObject\",\"inLanguage\":\"en-US\",\"@id\":\"https:\\\/\\\/www.cde.ual.es\\\/?p=154551#primaryimage\",\"url\":\"https:\\\/\\\/www.cde.ual.es\\\/wp-content\\\/uploads\\\/2024\\\/11\\\/arlem.jpg\",\"contentUrl\":\"https:\\\/\\\/www.cde.ual.es\\\/wp-content\\\/uploads\\\/2024\\\/11\\\/arlem.jpg\",\"width\":995,\"height\":665},{\"@type\":\"BreadcrumbList\",\"@id\":\"https:\\\/\\\/www.cde.ual.es\\\/?p=154551#breadcrumb\",\"itemListElement\":[{\"@type\":\"ListItem\",\"position\":1,\"name\":\"Inicio\",\"item\":\"https:\\\/\\\/www.cde.ual.es\\\/en\\\/\"},{\"@type\":\"ListItem\",\"position\":2,\"name\":\"Noticias UE\",\"item\":\"https:\\\/\\\/www.cde.ual.es\\\/category\\\/noticias-ue\\\/\"},{\"@type\":\"ListItem\",\"position\":3,\"name\":\"Cultura y Educaci\u00f3n\",\"item\":\"https:\\\/\\\/www.cde.ual.es\\\/category\\\/noticias-ue\\\/cultura-ed\\\/\"},{\"@type\":\"ListItem\",\"position\":4,\"name\":\"Cultura\",\"item\":\"https:\\\/\\\/www.cde.ual.es\\\/category\\\/noticias-ue\\\/cultura-ed\\\/cultura\\\/\"},{\"@type\":\"ListItem\",\"position\":5,\"name\":\"Mediterranean cities and regions emphasise need for dialogue and cooperation on water and energy\"}]},{\"@type\":\"WebSite\",\"@id\":\"https:\\\/\\\/www.cde.ual.es\\\/#website\",\"url\":\"https:\\\/\\\/www.cde.ual.es\\\/\",\"name\":\"CDE Almer\u00eda - Centro de Documentaci\u00f3n Europea - Universidad de Almer\u00eda\",\"description\":\"Centro de Documentaci\u00f3n Europea de la Universidad de Almer\u00eda\",\"publisher\":{\"@id\":\"https:\\\/\\\/www.cde.ual.es\\\/#organization\"},\"alternateName\":\"CDE Almer\u00eda\",\"potentialAction\":[{\"@type\":\"SearchAction\",\"target\":{\"@type\":\"EntryPoint\",\"urlTemplate\":\"https:\\\/\\\/www.cde.ual.es\\\/?s={search_term_string}\"},\"query-input\":{\"@type\":\"PropertyValueSpecification\",\"valueRequired\":true,\"valueName\":\"search_term_string\"}}],\"inLanguage\":\"en-US\"},{\"@type\":\"Organization\",\"@id\":\"https:\\\/\\\/www.cde.ual.es\\\/#organization\",\"name\":\"Centro de Documentaci\u00f3n Europea de Almer\u00eda\",\"url\":\"https:\\\/\\\/www.cde.ual.es\\\/\",\"logo\":{\"@type\":\"ImageObject\",\"inLanguage\":\"en-US\",\"@id\":\"https:\\\/\\\/www.cde.ual.es\\\/#\\\/schema\\\/logo\\\/image\\\/\",\"url\":\"https:\\\/\\\/www.cde.ual.es\\\/wp-content\\\/uploads\\\/2025\\\/07\\\/cde-logo-3.png\",\"contentUrl\":\"https:\\\/\\\/www.cde.ual.es\\\/wp-content\\\/uploads\\\/2025\\\/07\\\/cde-logo-3.png\",\"width\":1400,\"height\":300,\"caption\":\"Centro de Documentaci\u00f3n Europea de Almer\u00eda\"},\"image\":{\"@id\":\"https:\\\/\\\/www.cde.ual.es\\\/#\\\/schema\\\/logo\\\/image\\\/\"},\"sameAs\":[\"https:\\\/\\\/www.facebook.com\\\/cdeuniversidadalmeria\\\/\",\"https:\\\/\\\/x.com\\\/cdeualmeria\",\"https:\\\/\\\/www.tiktok.com\\\/@cdealmeria\",\"https:\\\/\\\/www.instagram.com\\\/cdealmeria\\\/\",\"https:\\\/\\\/www.linkedin.com\\\/in\\\/cde-almera-812b26a9\\\/\"]},{\"@type\":\"Person\",\"@id\":\"https:\\\/\\\/www.cde.ual.es\\\/#\\\/schema\\\/person\\\/224ef08c8bcc005f319d2713ce37ee5f\",\"name\":\"AdminCDE\",\"image\":{\"@type\":\"ImageObject\",\"inLanguage\":\"en-US\",\"@id\":\"https:\\\/\\\/secure.gravatar.com\\\/avatar\\\/a72d038d371f995cd13706fac32274b7952a52e8fb0a84b5f80c85426f2a98a8?s=96&d=mm&r=g\",\"url\":\"https:\\\/\\\/secure.gravatar.com\\\/avatar\\\/a72d038d371f995cd13706fac32274b7952a52e8fb0a84b5f80c85426f2a98a8?s=96&d=mm&r=g\",\"contentUrl\":\"https:\\\/\\\/secure.gravatar.com\\\/avatar\\\/a72d038d371f995cd13706fac32274b7952a52e8fb0a84b5f80c85426f2a98a8?s=96&d=mm&r=g\",\"caption\":\"AdminCDE\"}}]}<\/script>\n<!-- \/ Yoast SEO plugin. -->","yoast_head_json":{"title":"Mediterranean cities and regions emphasise need for dialogue and cooperation on water and energy | CDE Almer\u00eda - Centro de Documentaci\u00f3n Europea - Universidad de Almer\u00eda","robots":{"index":"index","follow":"follow","max-snippet":"max-snippet:-1","max-image-preview":"max-image-preview:large","max-video-preview":"max-video-preview:-1"},"canonical":"https:\/\/www.cde.ual.es\/?p=154551","og_locale":"en_US","og_type":"article","og_title":"Mediterranean cities and regions emphasise need for dialogue and cooperation on water and energy | CDE Almer\u00eda - Centro de Documentaci\u00f3n Europea - Universidad de Almer\u00eda","og_description":"Local and regional leaders from Mediterranean cities convened in Amman on 4-5 November for the Euro-Mediterranean Regional and Local Assembly (ARLEM), where they underscored their commitment to cooperation and dialogue on critical regional challenges including cultural dialogue, water scarcity and the energy transition. ARLEM&#8217;s plenary session in Amman, capital of Jordan, was co-chaired by the [&hellip;]","og_url":"https:\/\/www.cde.ual.es\/?p=154551","og_site_name":"CDE Almer\u00eda - Centro de Documentaci\u00f3n Europea - Universidad de Almer\u00eda","article_publisher":"https:\/\/www.facebook.com\/cdeuniversidadalmeria\/","article_published_time":"2024-11-13T02:00:37+00:00","og_image":[{"width":995,"height":665,"url":"https:\/\/www.cde.ual.es\/wp-content\/uploads\/2024\/11\/arlem.jpg","type":"image\/jpeg"}],"author":"AdminCDE","twitter_card":"summary_large_image","twitter_creator":"@cdeualmeria","twitter_site":"@cdeualmeria","twitter_misc":{"Written by":"AdminCDE","Est. reading time":"4 minutes"},"schema":{"@context":"https:\/\/schema.org","@graph":[{"@type":"Article","@id":"https:\/\/www.cde.ual.es\/?p=154551#article","isPartOf":{"@id":"https:\/\/www.cde.ual.es\/?p=154551"},"author":{"name":"AdminCDE","@id":"https:\/\/www.cde.ual.es\/#\/schema\/person\/224ef08c8bcc005f319d2713ce37ee5f"},"headline":"Mediterranean cities and regions emphasise need for dialogue and cooperation on water and energy","datePublished":"2024-11-13T02:00:37+00:00","mainEntityOfPage":{"@id":"https:\/\/www.cde.ual.es\/?p=154551"},"wordCount":781,"commentCount":0,"publisher":{"@id":"https:\/\/www.cde.ual.es\/#organization"},"image":{"@id":"https:\/\/www.cde.ual.es\/?p=154551#primaryimage"},"thumbnailUrl":"https:\/\/www.cde.ual.es\/wp-content\/uploads\/2024\/11\/arlem.jpg","keywords":["2024","Am\u00e1n","cultural dialogue","energy transition","Euro-Mediterranean Regional and Local Assembly (ARLEM)","The European Committee of the Regions","Water"],"articleSection":["Culture","Environmental Affairs","EU News","State Members"],"inLanguage":"en-US","potentialAction":[{"@type":"CommentAction","name":"Comment","target":["https:\/\/www.cde.ual.es\/?p=154551#respond"]}]},{"@type":"WebPage","@id":"https:\/\/www.cde.ual.es\/?p=154551","url":"https:\/\/www.cde.ual.es\/?p=154551","name":"Mediterranean cities and regions emphasise need for dialogue and cooperation on water and energy | CDE Almer\u00eda - Centro de Documentaci\u00f3n Europea - Universidad de Almer\u00eda","isPartOf":{"@id":"https:\/\/www.cde.ual.es\/#website"},"primaryImageOfPage":{"@id":"https:\/\/www.cde.ual.es\/?p=154551#primaryimage"},"image":{"@id":"https:\/\/www.cde.ual.es\/?p=154551#primaryimage"},"thumbnailUrl":"https:\/\/www.cde.ual.es\/wp-content\/uploads\/2024\/11\/arlem.jpg","datePublished":"2024-11-13T02:00:37+00:00","breadcrumb":{"@id":"https:\/\/www.cde.ual.es\/?p=154551#breadcrumb"},"inLanguage":"en-US","potentialAction":[{"@type":"ReadAction","target":["https:\/\/www.cde.ual.es\/?p=154551"]}]},{"@type":"ImageObject","inLanguage":"en-US","@id":"https:\/\/www.cde.ual.es\/?p=154551#primaryimage","url":"https:\/\/www.cde.ual.es\/wp-content\/uploads\/2024\/11\/arlem.jpg","contentUrl":"https:\/\/www.cde.ual.es\/wp-content\/uploads\/2024\/11\/arlem.jpg","width":995,"height":665},{"@type":"BreadcrumbList","@id":"https:\/\/www.cde.ual.es\/?p=154551#breadcrumb","itemListElement":[{"@type":"ListItem","position":1,"name":"Inicio","item":"https:\/\/www.cde.ual.es\/en\/"},{"@type":"ListItem","position":2,"name":"Noticias UE","item":"https:\/\/www.cde.ual.es\/category\/noticias-ue\/"},{"@type":"ListItem","position":3,"name":"Cultura y Educaci\u00f3n","item":"https:\/\/www.cde.ual.es\/category\/noticias-ue\/cultura-ed\/"},{"@type":"ListItem","position":4,"name":"Cultura","item":"https:\/\/www.cde.ual.es\/category\/noticias-ue\/cultura-ed\/cultura\/"},{"@type":"ListItem","position":5,"name":"Mediterranean cities and regions emphasise need for dialogue and cooperation on water and energy"}]},{"@type":"WebSite","@id":"https:\/\/www.cde.ual.es\/#website","url":"https:\/\/www.cde.ual.es\/","name":"CDE Almer\u00eda - Centro de Documentaci\u00f3n Europea - Universidad de Almer\u00eda","description":"Centro de Documentaci\u00f3n Europea de la Universidad de Almer\u00eda","publisher":{"@id":"https:\/\/www.cde.ual.es\/#organization"},"alternateName":"CDE Almer\u00eda","potentialAction":[{"@type":"SearchAction","target":{"@type":"EntryPoint","urlTemplate":"https:\/\/www.cde.ual.es\/?s={search_term_string}"},"query-input":{"@type":"PropertyValueSpecification","valueRequired":true,"valueName":"search_term_string"}}],"inLanguage":"en-US"},{"@type":"Organization","@id":"https:\/\/www.cde.ual.es\/#organization","name":"Centro de Documentaci\u00f3n Europea de Almer\u00eda","url":"https:\/\/www.cde.ual.es\/","logo":{"@type":"ImageObject","inLanguage":"en-US","@id":"https:\/\/www.cde.ual.es\/#\/schema\/logo\/image\/","url":"https:\/\/www.cde.ual.es\/wp-content\/uploads\/2025\/07\/cde-logo-3.png","contentUrl":"https:\/\/www.cde.ual.es\/wp-content\/uploads\/2025\/07\/cde-logo-3.png","width":1400,"height":300,"caption":"Centro de Documentaci\u00f3n Europea de Almer\u00eda"},"image":{"@id":"https:\/\/www.cde.ual.es\/#\/schema\/logo\/image\/"},"sameAs":["https:\/\/www.facebook.com\/cdeuniversidadalmeria\/","https:\/\/x.com\/cdeualmeria","https:\/\/www.tiktok.com\/@cdealmeria","https:\/\/www.instagram.com\/cdealmeria\/","https:\/\/www.linkedin.com\/in\/cde-almera-812b26a9\/"]},{"@type":"Person","@id":"https:\/\/www.cde.ual.es\/#\/schema\/person\/224ef08c8bcc005f319d2713ce37ee5f","name":"AdminCDE","image":{"@type":"ImageObject","inLanguage":"en-US","@id":"https:\/\/secure.gravatar.com\/avatar\/a72d038d371f995cd13706fac32274b7952a52e8fb0a84b5f80c85426f2a98a8?s=96&d=mm&r=g","url":"https:\/\/secure.gravatar.com\/avatar\/a72d038d371f995cd13706fac32274b7952a52e8fb0a84b5f80c85426f2a98a8?s=96&d=mm&r=g","contentUrl":"https:\/\/secure.gravatar.com\/avatar\/a72d038d371f995cd13706fac32274b7952a52e8fb0a84b5f80c85426f2a98a8?s=96&d=mm&r=g","caption":"AdminCDE"}}]}},"_links":{"self":[{"href":"https:\/\/www.cde.ual.es\/en\/wp-json\/wp\/v2\/posts\/154555","targetHints":{"allow":["GET"]}}],"collection":[{"href":"https:\/\/www.cde.ual.es\/en\/wp-json\/wp\/v2\/posts"}],"about":[{"href":"https:\/\/www.cde.ual.es\/en\/wp-json\/wp\/v2\/types\/post"}],"author":[{"embeddable":true,"href":"https:\/\/www.cde.ual.es\/en\/wp-json\/wp\/v2\/users\/1"}],"replies":[{"embeddable":true,"href":"https:\/\/www.cde.ual.es\/en\/wp-json\/wp\/v2\/comments?post=154555"}],"version-history":[{"count":1,"href":"https:\/\/www.cde.ual.es\/en\/wp-json\/wp\/v2\/posts\/154555\/revisions"}],"predecessor-version":[{"id":154556,"href":"https:\/\/www.cde.ual.es\/en\/wp-json\/wp\/v2\/posts\/154555\/revisions\/154556"}],"wp:featuredmedia":[{"embeddable":true,"href":"https:\/\/www.cde.ual.es\/en\/wp-json\/wp\/v2\/media\/154553"}],"wp:attachment":[{"href":"https:\/\/www.cde.ual.es\/en\/wp-json\/wp\/v2\/media?parent=154555"}],"wp:term":[{"taxonomy":"category","embeddable":true,"href":"https:\/\/www.cde.ual.es\/en\/wp-json\/wp\/v2\/categories?post=154555"},{"taxonomy":"post_tag","embeddable":true,"href":"https:\/\/www.cde.ual.es\/en\/wp-json\/wp\/v2\/tags?post=154555"}],"curies":[{"name":"wp","href":"https:\/\/api.w.org\/{rel}","templated":true}]}}