{"id":154087,"date":"2024-10-28T09:19:23","date_gmt":"2024-10-28T08:19:23","guid":{"rendered":"https:\/\/www.cde.ual.es\/?p=154087"},"modified":"2024-10-28T09:19:23","modified_gmt":"2024-10-28T08:19:23","slug":"world-day-for-audiovisual-heritage-preserving-meaningful-moments","status":"publish","type":"post","link":"https:\/\/www.cde.ual.es\/en\/world-day-for-audiovisual-heritage-preserving-meaningful-moments\/","title":{"rendered":"World Day for Audiovisual Heritage: preserving meaningful moments"},"content":{"rendered":"<p style=\"text-align: justify;\">The <strong>World Day for Audiovisual Heritage<\/strong> is observed on <strong>27 October<\/strong> to raise awareness about the\u00a0<strong>significance and preservation risks of audiovisual materials<\/strong>.<\/p>\n<p style=\"text-align: justify;\"><a href=\"https:\/\/www.cde.ual.es\/wp-content\/uploads\/2017\/12\/C\u00e1mara.jpg\"><img decoding=\"async\" class=\"aligncenter size-full wp-image-16939\" src=\"https:\/\/www.cde.ual.es\/wp-content\/uploads\/2017\/12\/C\u00e1mara.jpg\" alt=\"\" width=\"960\" height=\"640\" srcset=\"https:\/\/www.cde.ual.es\/wp-content\/uploads\/2017\/12\/C\u00e1mara.jpg 960w, https:\/\/www.cde.ual.es\/wp-content\/uploads\/2017\/12\/C\u00e1mara-300x200.jpg 300w, https:\/\/www.cde.ual.es\/wp-content\/uploads\/2017\/12\/C\u00e1mara-768x512.jpg 768w\" sizes=\"(max-width: 960px) 100vw, 960px\" \/><\/a><\/p>\n<p style=\"text-align: justify;\">Audiovisual archives serve as powerful storytellers, capturing the lives, cultures and histories of people from all over the world. They represent a priceless heritage which is an affirmation of our collective memory and a valuable source of knowledge, reflecting the cultural, social, and linguistic diversity of our communities. <strong>These archives not only deepen our understanding of the past but also help us appreciate the world we share today<\/strong>.<\/p>\n<p style=\"text-align: justify;\">Conserving this rich heritage and ensuring it remains accessible to the public and future generations is thus vital. Historically, information was preserved through photographs, sheet music and books. Modern technology has revolutionised this process, allowing us to now record and share important moments through sound and video using different apps. Platforms like music streaming services, video-sharing sites and social media act as modern-day archives, storing a wide variety of audiovisuals.<\/p>\n<p style=\"text-align: justify;\">The EU utilises different platforms and depositories for storing and sharing audiovisual content. Among them, the<strong>\u00a0Audiovisual Library of the European Commission<\/strong> functions as central deposit for audiovisual materials intended for external communication, produced or purchased by Commission services. The library is responsible for the management, preservation, and accessibility of the collective audiovisual memory of the European integration process, available in both English and French. Since 1948, the library has catalogued over 250 000 videos, 500 000 photos and 8 500 audio recordings, covering all major steps of EU history. The collection continues to grow and is accessible to the public via the Audiovisual Portal.<\/p>\n<p style=\"text-align: justify;\">In addition,<strong>\u00a0Europeana\u00a0<\/strong>is a web portal that aggregates audiovisual materials from over 2000 different institutions across Europe. This includes libraries, museums, archives, galleries and others, offering its users a unique opportunity to access a diverse range of content online.<\/p>\n<p style=\"text-align: justify;\">The EU is committed to safeguarding and enhancing Europe&#8217;s cultural heritage through numerous policies and programmes. By preserving audiovisual heritage such as films, recordings, and photographs, we ensure that future generations can experience the richness of our shared past. Protecting audiovisual heritage is not just about safeguarding memories, but about keeping cultural diversity alive and accessible for all.<\/p>\n<p style=\"text-align: justify;\"><strong>For more information: <a href=\"https:\/\/commission.europa.eu\/news\/world-day-audiovisual-heritage-preserving-meaningful-moments-2024-10-25_en\">European Commission<\/a><\/strong><\/p>\n","protected":false},"excerpt":{"rendered":"<p>The World Day for Audiovisual Heritage is observed on 27 October to raise awareness about the\u00a0significance and preservation risks of audiovisual materials. Audiovisual archives serve as powerful storytellers, capturing the lives, cultures and histories of people from all over the world. They represent a priceless heritage which is an affirmation of our collective memory and [&hellip;]<\/p>\n","protected":false},"author":1,"featured_media":16939,"comment_status":"open","ping_status":"open","sticky":false,"template":"","format":"standard","meta":{"_acf_changed":false,"_relevanssi_hide_post":"","_relevanssi_hide_content":"","_relevanssi_pin_for_all":"","_relevanssi_pin_keywords":"","_relevanssi_unpin_keywords":"","_relevanssi_related_keywords":"","_relevanssi_related_include_ids":"","_relevanssi_related_exclude_ids":"","_relevanssi_related_no_append":"","_relevanssi_related_not_related":"","_relevanssi_related_posts":"","_relevanssi_noindex_reason":"","_monsterinsights_skip_tracking":false,"_monsterinsights_sitenote_active":false,"_monsterinsights_sitenote_note":"","_monsterinsights_sitenote_category":0,"_genesis_hide_title":false,"_genesis_hide_breadcrumbs":false,"_genesis_hide_singular_image":false,"_genesis_hide_footer_widgets":false,"_genesis_custom_body_class":"","_genesis_custom_post_class":"","_genesis_layout":"","footnotes":""},"categories":[4073,346],"tags":[12870,5250,12869],"class_list":{"0":"post-154087","1":"post","2":"type-post","3":"status-publish","4":"format-standard","5":"has-post-thumbnail","7":"category-culture","8":"category-eu-news","9":"tag-audiovisual-library-of-the-european-commission","10":"tag-europeana-en","11":"tag-world-day-for-audiovisual-heritage","12":"entry"},"acf":[],"yoast_head":"<!-- This site is optimized with the Yoast SEO plugin v27.4 - https:\/\/yoast.com\/product\/yoast-seo-wordpress\/ -->\n<title>World Day for Audiovisual Heritage: preserving meaningful moments | CDE Almer\u00eda - Centro de Documentaci\u00f3n Europea - Universidad de Almer\u00eda<\/title>\n<meta name=\"robots\" content=\"index, follow, max-snippet:-1, max-image-preview:large, max-video-preview:-1\" \/>\n<link rel=\"canonical\" href=\"https:\/\/www.cde.ual.es\/en\/world-day-for-audiovisual-heritage-preserving-meaningful-moments\/\" \/>\n<meta property=\"og:locale\" content=\"en_US\" \/>\n<meta property=\"og:type\" content=\"article\" \/>\n<meta property=\"og:title\" content=\"World Day for Audiovisual Heritage: preserving meaningful moments | CDE Almer\u00eda - Centro de Documentaci\u00f3n Europea - Universidad de Almer\u00eda\" \/>\n<meta property=\"og:description\" content=\"The World Day for Audiovisual Heritage is observed on 27 October to raise awareness about the\u00a0significance and preservation risks of audiovisual materials. Audiovisual archives serve as powerful storytellers, capturing the lives, cultures and histories of people from all over the world. They represent a priceless heritage which is an affirmation of our collective memory and [&hellip;]\" \/>\n<meta property=\"og:url\" content=\"https:\/\/www.cde.ual.es\/en\/world-day-for-audiovisual-heritage-preserving-meaningful-moments\/\" \/>\n<meta property=\"og:site_name\" content=\"CDE Almer\u00eda - Centro de Documentaci\u00f3n Europea - Universidad de Almer\u00eda\" \/>\n<meta property=\"article:publisher\" content=\"https:\/\/www.facebook.com\/cdeuniversidadalmeria\/\" \/>\n<meta property=\"article:published_time\" content=\"2024-10-28T08:19:23+00:00\" \/>\n<meta property=\"og:image\" content=\"https:\/\/www.cde.ual.es\/wp-content\/uploads\/2017\/12\/C\u00e1mara.jpg\" \/>\n\t<meta property=\"og:image:width\" content=\"960\" \/>\n\t<meta property=\"og:image:height\" content=\"640\" \/>\n\t<meta property=\"og:image:type\" content=\"image\/jpeg\" \/>\n<meta name=\"author\" content=\"AdminCDE\" \/>\n<meta name=\"twitter:card\" content=\"summary_large_image\" \/>\n<meta name=\"twitter:creator\" content=\"@cdeualmeria\" \/>\n<meta name=\"twitter:site\" content=\"@cdeualmeria\" \/>\n<meta name=\"twitter:label1\" content=\"Written by\" \/>\n\t<meta name=\"twitter:data1\" content=\"AdminCDE\" \/>\n\t<meta name=\"twitter:label2\" content=\"Est. reading time\" \/>\n\t<meta name=\"twitter:data2\" content=\"3 minutes\" \/>\n<script type=\"application\/ld+json\" class=\"yoast-schema-graph\">{\"@context\":\"https:\\\/\\\/schema.org\",\"@graph\":[{\"@type\":\"Article\",\"@id\":\"https:\\\/\\\/www.cde.ual.es\\\/en\\\/world-day-for-audiovisual-heritage-preserving-meaningful-moments\\\/#article\",\"isPartOf\":{\"@id\":\"https:\\\/\\\/www.cde.ual.es\\\/en\\\/world-day-for-audiovisual-heritage-preserving-meaningful-moments\\\/\"},\"author\":{\"name\":\"AdminCDE\",\"@id\":\"https:\\\/\\\/www.cde.ual.es\\\/#\\\/schema\\\/person\\\/224ef08c8bcc005f319d2713ce37ee5f\"},\"headline\":\"World Day for Audiovisual Heritage: preserving meaningful moments\",\"datePublished\":\"2024-10-28T08:19:23+00:00\",\"mainEntityOfPage\":{\"@id\":\"https:\\\/\\\/www.cde.ual.es\\\/en\\\/world-day-for-audiovisual-heritage-preserving-meaningful-moments\\\/\"},\"wordCount\":369,\"commentCount\":0,\"publisher\":{\"@id\":\"https:\\\/\\\/www.cde.ual.es\\\/#organization\"},\"image\":{\"@id\":\"https:\\\/\\\/www.cde.ual.es\\\/en\\\/world-day-for-audiovisual-heritage-preserving-meaningful-moments\\\/#primaryimage\"},\"thumbnailUrl\":\"https:\\\/\\\/www.cde.ual.es\\\/wp-content\\\/uploads\\\/2017\\\/12\\\/C\u00e1mara.jpg\",\"keywords\":[\"Audiovisual Library of the European Commission\",\"Europeana\",\"World Day for Audiovisual Heritage\"],\"articleSection\":[\"Culture\",\"EU News\"],\"inLanguage\":\"en-US\",\"potentialAction\":[{\"@type\":\"CommentAction\",\"name\":\"Comment\",\"target\":[\"https:\\\/\\\/www.cde.ual.es\\\/en\\\/world-day-for-audiovisual-heritage-preserving-meaningful-moments\\\/#respond\"]}]},{\"@type\":\"WebPage\",\"@id\":\"https:\\\/\\\/www.cde.ual.es\\\/en\\\/world-day-for-audiovisual-heritage-preserving-meaningful-moments\\\/\",\"url\":\"https:\\\/\\\/www.cde.ual.es\\\/en\\\/world-day-for-audiovisual-heritage-preserving-meaningful-moments\\\/\",\"name\":\"World Day for Audiovisual Heritage: preserving meaningful moments | CDE Almer\u00eda - Centro de Documentaci\u00f3n Europea - Universidad de Almer\u00eda\",\"isPartOf\":{\"@id\":\"https:\\\/\\\/www.cde.ual.es\\\/#website\"},\"primaryImageOfPage\":{\"@id\":\"https:\\\/\\\/www.cde.ual.es\\\/en\\\/world-day-for-audiovisual-heritage-preserving-meaningful-moments\\\/#primaryimage\"},\"image\":{\"@id\":\"https:\\\/\\\/www.cde.ual.es\\\/en\\\/world-day-for-audiovisual-heritage-preserving-meaningful-moments\\\/#primaryimage\"},\"thumbnailUrl\":\"https:\\\/\\\/www.cde.ual.es\\\/wp-content\\\/uploads\\\/2017\\\/12\\\/C\u00e1mara.jpg\",\"datePublished\":\"2024-10-28T08:19:23+00:00\",\"breadcrumb\":{\"@id\":\"https:\\\/\\\/www.cde.ual.es\\\/en\\\/world-day-for-audiovisual-heritage-preserving-meaningful-moments\\\/#breadcrumb\"},\"inLanguage\":\"en-US\",\"potentialAction\":[{\"@type\":\"ReadAction\",\"target\":[\"https:\\\/\\\/www.cde.ual.es\\\/en\\\/world-day-for-audiovisual-heritage-preserving-meaningful-moments\\\/\"]}]},{\"@type\":\"ImageObject\",\"inLanguage\":\"en-US\",\"@id\":\"https:\\\/\\\/www.cde.ual.es\\\/en\\\/world-day-for-audiovisual-heritage-preserving-meaningful-moments\\\/#primaryimage\",\"url\":\"https:\\\/\\\/www.cde.ual.es\\\/wp-content\\\/uploads\\\/2017\\\/12\\\/C\u00e1mara.jpg\",\"contentUrl\":\"https:\\\/\\\/www.cde.ual.es\\\/wp-content\\\/uploads\\\/2017\\\/12\\\/C\u00e1mara.jpg\",\"width\":960,\"height\":640},{\"@type\":\"BreadcrumbList\",\"@id\":\"https:\\\/\\\/www.cde.ual.es\\\/en\\\/world-day-for-audiovisual-heritage-preserving-meaningful-moments\\\/#breadcrumb\",\"itemListElement\":[{\"@type\":\"ListItem\",\"position\":1,\"name\":\"Inicio\",\"item\":\"https:\\\/\\\/www.cde.ual.es\\\/en\\\/\"},{\"@type\":\"ListItem\",\"position\":2,\"name\":\"EU News\",\"item\":\"https:\\\/\\\/www.cde.ual.es\\\/en\\\/category\\\/eu-news\\\/\"},{\"@type\":\"ListItem\",\"position\":3,\"name\":\"Education and Culture\",\"item\":\"https:\\\/\\\/www.cde.ual.es\\\/en\\\/category\\\/eu-news\\\/education-culture\\\/\"},{\"@type\":\"ListItem\",\"position\":4,\"name\":\"Culture\",\"item\":\"https:\\\/\\\/www.cde.ual.es\\\/en\\\/category\\\/eu-news\\\/education-culture\\\/culture\\\/\"},{\"@type\":\"ListItem\",\"position\":5,\"name\":\"World Day for Audiovisual Heritage: preserving meaningful moments\"}]},{\"@type\":\"WebSite\",\"@id\":\"https:\\\/\\\/www.cde.ual.es\\\/#website\",\"url\":\"https:\\\/\\\/www.cde.ual.es\\\/\",\"name\":\"CDE Almer\u00eda - Centro de Documentaci\u00f3n Europea - Universidad de Almer\u00eda\",\"description\":\"Centro de Documentaci\u00f3n Europea de la Universidad de Almer\u00eda\",\"publisher\":{\"@id\":\"https:\\\/\\\/www.cde.ual.es\\\/#organization\"},\"alternateName\":\"CDE Almer\u00eda\",\"potentialAction\":[{\"@type\":\"SearchAction\",\"target\":{\"@type\":\"EntryPoint\",\"urlTemplate\":\"https:\\\/\\\/www.cde.ual.es\\\/?s={search_term_string}\"},\"query-input\":{\"@type\":\"PropertyValueSpecification\",\"valueRequired\":true,\"valueName\":\"search_term_string\"}}],\"inLanguage\":\"en-US\"},{\"@type\":\"Organization\",\"@id\":\"https:\\\/\\\/www.cde.ual.es\\\/#organization\",\"name\":\"Centro de Documentaci\u00f3n Europea de Almer\u00eda\",\"url\":\"https:\\\/\\\/www.cde.ual.es\\\/\",\"logo\":{\"@type\":\"ImageObject\",\"inLanguage\":\"en-US\",\"@id\":\"https:\\\/\\\/www.cde.ual.es\\\/#\\\/schema\\\/logo\\\/image\\\/\",\"url\":\"https:\\\/\\\/www.cde.ual.es\\\/wp-content\\\/uploads\\\/2025\\\/07\\\/cde-logo-3.png\",\"contentUrl\":\"https:\\\/\\\/www.cde.ual.es\\\/wp-content\\\/uploads\\\/2025\\\/07\\\/cde-logo-3.png\",\"width\":1400,\"height\":300,\"caption\":\"Centro de Documentaci\u00f3n Europea de Almer\u00eda\"},\"image\":{\"@id\":\"https:\\\/\\\/www.cde.ual.es\\\/#\\\/schema\\\/logo\\\/image\\\/\"},\"sameAs\":[\"https:\\\/\\\/www.facebook.com\\\/cdeuniversidadalmeria\\\/\",\"https:\\\/\\\/x.com\\\/cdeualmeria\",\"https:\\\/\\\/www.tiktok.com\\\/@cdealmeria\",\"https:\\\/\\\/www.instagram.com\\\/cdealmeria\\\/\",\"https:\\\/\\\/www.linkedin.com\\\/in\\\/cde-almera-812b26a9\\\/\"]},{\"@type\":\"Person\",\"@id\":\"https:\\\/\\\/www.cde.ual.es\\\/#\\\/schema\\\/person\\\/224ef08c8bcc005f319d2713ce37ee5f\",\"name\":\"AdminCDE\",\"image\":{\"@type\":\"ImageObject\",\"inLanguage\":\"en-US\",\"@id\":\"https:\\\/\\\/secure.gravatar.com\\\/avatar\\\/a72d038d371f995cd13706fac32274b7952a52e8fb0a84b5f80c85426f2a98a8?s=96&d=mm&r=g\",\"url\":\"https:\\\/\\\/secure.gravatar.com\\\/avatar\\\/a72d038d371f995cd13706fac32274b7952a52e8fb0a84b5f80c85426f2a98a8?s=96&d=mm&r=g\",\"contentUrl\":\"https:\\\/\\\/secure.gravatar.com\\\/avatar\\\/a72d038d371f995cd13706fac32274b7952a52e8fb0a84b5f80c85426f2a98a8?s=96&d=mm&r=g\",\"caption\":\"AdminCDE\"}}]}<\/script>\n<!-- \/ Yoast SEO plugin. -->","yoast_head_json":{"title":"World Day for Audiovisual Heritage: preserving meaningful moments | CDE Almer\u00eda - Centro de Documentaci\u00f3n Europea - Universidad de Almer\u00eda","robots":{"index":"index","follow":"follow","max-snippet":"max-snippet:-1","max-image-preview":"max-image-preview:large","max-video-preview":"max-video-preview:-1"},"canonical":"https:\/\/www.cde.ual.es\/en\/world-day-for-audiovisual-heritage-preserving-meaningful-moments\/","og_locale":"en_US","og_type":"article","og_title":"World Day for Audiovisual Heritage: preserving meaningful moments | CDE Almer\u00eda - Centro de Documentaci\u00f3n Europea - Universidad de Almer\u00eda","og_description":"The World Day for Audiovisual Heritage is observed on 27 October to raise awareness about the\u00a0significance and preservation risks of audiovisual materials. Audiovisual archives serve as powerful storytellers, capturing the lives, cultures and histories of people from all over the world. They represent a priceless heritage which is an affirmation of our collective memory and [&hellip;]","og_url":"https:\/\/www.cde.ual.es\/en\/world-day-for-audiovisual-heritage-preserving-meaningful-moments\/","og_site_name":"CDE Almer\u00eda - Centro de Documentaci\u00f3n Europea - Universidad de Almer\u00eda","article_publisher":"https:\/\/www.facebook.com\/cdeuniversidadalmeria\/","article_published_time":"2024-10-28T08:19:23+00:00","og_image":[{"width":960,"height":640,"url":"https:\/\/www.cde.ual.es\/wp-content\/uploads\/2017\/12\/C\u00e1mara.jpg","type":"image\/jpeg"}],"author":"AdminCDE","twitter_card":"summary_large_image","twitter_creator":"@cdeualmeria","twitter_site":"@cdeualmeria","twitter_misc":{"Written by":"AdminCDE","Est. reading time":"3 minutes"},"schema":{"@context":"https:\/\/schema.org","@graph":[{"@type":"Article","@id":"https:\/\/www.cde.ual.es\/en\/world-day-for-audiovisual-heritage-preserving-meaningful-moments\/#article","isPartOf":{"@id":"https:\/\/www.cde.ual.es\/en\/world-day-for-audiovisual-heritage-preserving-meaningful-moments\/"},"author":{"name":"AdminCDE","@id":"https:\/\/www.cde.ual.es\/#\/schema\/person\/224ef08c8bcc005f319d2713ce37ee5f"},"headline":"World Day for Audiovisual Heritage: preserving meaningful moments","datePublished":"2024-10-28T08:19:23+00:00","mainEntityOfPage":{"@id":"https:\/\/www.cde.ual.es\/en\/world-day-for-audiovisual-heritage-preserving-meaningful-moments\/"},"wordCount":369,"commentCount":0,"publisher":{"@id":"https:\/\/www.cde.ual.es\/#organization"},"image":{"@id":"https:\/\/www.cde.ual.es\/en\/world-day-for-audiovisual-heritage-preserving-meaningful-moments\/#primaryimage"},"thumbnailUrl":"https:\/\/www.cde.ual.es\/wp-content\/uploads\/2017\/12\/C\u00e1mara.jpg","keywords":["Audiovisual Library of the European Commission","Europeana","World Day for Audiovisual Heritage"],"articleSection":["Culture","EU News"],"inLanguage":"en-US","potentialAction":[{"@type":"CommentAction","name":"Comment","target":["https:\/\/www.cde.ual.es\/en\/world-day-for-audiovisual-heritage-preserving-meaningful-moments\/#respond"]}]},{"@type":"WebPage","@id":"https:\/\/www.cde.ual.es\/en\/world-day-for-audiovisual-heritage-preserving-meaningful-moments\/","url":"https:\/\/www.cde.ual.es\/en\/world-day-for-audiovisual-heritage-preserving-meaningful-moments\/","name":"World Day for Audiovisual Heritage: preserving meaningful moments | CDE Almer\u00eda - Centro de Documentaci\u00f3n Europea - Universidad de Almer\u00eda","isPartOf":{"@id":"https:\/\/www.cde.ual.es\/#website"},"primaryImageOfPage":{"@id":"https:\/\/www.cde.ual.es\/en\/world-day-for-audiovisual-heritage-preserving-meaningful-moments\/#primaryimage"},"image":{"@id":"https:\/\/www.cde.ual.es\/en\/world-day-for-audiovisual-heritage-preserving-meaningful-moments\/#primaryimage"},"thumbnailUrl":"https:\/\/www.cde.ual.es\/wp-content\/uploads\/2017\/12\/C\u00e1mara.jpg","datePublished":"2024-10-28T08:19:23+00:00","breadcrumb":{"@id":"https:\/\/www.cde.ual.es\/en\/world-day-for-audiovisual-heritage-preserving-meaningful-moments\/#breadcrumb"},"inLanguage":"en-US","potentialAction":[{"@type":"ReadAction","target":["https:\/\/www.cde.ual.es\/en\/world-day-for-audiovisual-heritage-preserving-meaningful-moments\/"]}]},{"@type":"ImageObject","inLanguage":"en-US","@id":"https:\/\/www.cde.ual.es\/en\/world-day-for-audiovisual-heritage-preserving-meaningful-moments\/#primaryimage","url":"https:\/\/www.cde.ual.es\/wp-content\/uploads\/2017\/12\/C\u00e1mara.jpg","contentUrl":"https:\/\/www.cde.ual.es\/wp-content\/uploads\/2017\/12\/C\u00e1mara.jpg","width":960,"height":640},{"@type":"BreadcrumbList","@id":"https:\/\/www.cde.ual.es\/en\/world-day-for-audiovisual-heritage-preserving-meaningful-moments\/#breadcrumb","itemListElement":[{"@type":"ListItem","position":1,"name":"Inicio","item":"https:\/\/www.cde.ual.es\/en\/"},{"@type":"ListItem","position":2,"name":"EU News","item":"https:\/\/www.cde.ual.es\/en\/category\/eu-news\/"},{"@type":"ListItem","position":3,"name":"Education and Culture","item":"https:\/\/www.cde.ual.es\/en\/category\/eu-news\/education-culture\/"},{"@type":"ListItem","position":4,"name":"Culture","item":"https:\/\/www.cde.ual.es\/en\/category\/eu-news\/education-culture\/culture\/"},{"@type":"ListItem","position":5,"name":"World Day for Audiovisual Heritage: preserving meaningful moments"}]},{"@type":"WebSite","@id":"https:\/\/www.cde.ual.es\/#website","url":"https:\/\/www.cde.ual.es\/","name":"CDE Almer\u00eda - Centro de Documentaci\u00f3n Europea - Universidad de Almer\u00eda","description":"Centro de Documentaci\u00f3n Europea de la Universidad de Almer\u00eda","publisher":{"@id":"https:\/\/www.cde.ual.es\/#organization"},"alternateName":"CDE Almer\u00eda","potentialAction":[{"@type":"SearchAction","target":{"@type":"EntryPoint","urlTemplate":"https:\/\/www.cde.ual.es\/?s={search_term_string}"},"query-input":{"@type":"PropertyValueSpecification","valueRequired":true,"valueName":"search_term_string"}}],"inLanguage":"en-US"},{"@type":"Organization","@id":"https:\/\/www.cde.ual.es\/#organization","name":"Centro de Documentaci\u00f3n Europea de Almer\u00eda","url":"https:\/\/www.cde.ual.es\/","logo":{"@type":"ImageObject","inLanguage":"en-US","@id":"https:\/\/www.cde.ual.es\/#\/schema\/logo\/image\/","url":"https:\/\/www.cde.ual.es\/wp-content\/uploads\/2025\/07\/cde-logo-3.png","contentUrl":"https:\/\/www.cde.ual.es\/wp-content\/uploads\/2025\/07\/cde-logo-3.png","width":1400,"height":300,"caption":"Centro de Documentaci\u00f3n Europea de Almer\u00eda"},"image":{"@id":"https:\/\/www.cde.ual.es\/#\/schema\/logo\/image\/"},"sameAs":["https:\/\/www.facebook.com\/cdeuniversidadalmeria\/","https:\/\/x.com\/cdeualmeria","https:\/\/www.tiktok.com\/@cdealmeria","https:\/\/www.instagram.com\/cdealmeria\/","https:\/\/www.linkedin.com\/in\/cde-almera-812b26a9\/"]},{"@type":"Person","@id":"https:\/\/www.cde.ual.es\/#\/schema\/person\/224ef08c8bcc005f319d2713ce37ee5f","name":"AdminCDE","image":{"@type":"ImageObject","inLanguage":"en-US","@id":"https:\/\/secure.gravatar.com\/avatar\/a72d038d371f995cd13706fac32274b7952a52e8fb0a84b5f80c85426f2a98a8?s=96&d=mm&r=g","url":"https:\/\/secure.gravatar.com\/avatar\/a72d038d371f995cd13706fac32274b7952a52e8fb0a84b5f80c85426f2a98a8?s=96&d=mm&r=g","contentUrl":"https:\/\/secure.gravatar.com\/avatar\/a72d038d371f995cd13706fac32274b7952a52e8fb0a84b5f80c85426f2a98a8?s=96&d=mm&r=g","caption":"AdminCDE"}}]}},"_links":{"self":[{"href":"https:\/\/www.cde.ual.es\/en\/wp-json\/wp\/v2\/posts\/154087","targetHints":{"allow":["GET"]}}],"collection":[{"href":"https:\/\/www.cde.ual.es\/en\/wp-json\/wp\/v2\/posts"}],"about":[{"href":"https:\/\/www.cde.ual.es\/en\/wp-json\/wp\/v2\/types\/post"}],"author":[{"embeddable":true,"href":"https:\/\/www.cde.ual.es\/en\/wp-json\/wp\/v2\/users\/1"}],"replies":[{"embeddable":true,"href":"https:\/\/www.cde.ual.es\/en\/wp-json\/wp\/v2\/comments?post=154087"}],"version-history":[{"count":1,"href":"https:\/\/www.cde.ual.es\/en\/wp-json\/wp\/v2\/posts\/154087\/revisions"}],"predecessor-version":[{"id":154088,"href":"https:\/\/www.cde.ual.es\/en\/wp-json\/wp\/v2\/posts\/154087\/revisions\/154088"}],"wp:featuredmedia":[{"embeddable":true,"href":"https:\/\/www.cde.ual.es\/en\/wp-json\/wp\/v2\/media\/16939"}],"wp:attachment":[{"href":"https:\/\/www.cde.ual.es\/en\/wp-json\/wp\/v2\/media?parent=154087"}],"wp:term":[{"taxonomy":"category","embeddable":true,"href":"https:\/\/www.cde.ual.es\/en\/wp-json\/wp\/v2\/categories?post=154087"},{"taxonomy":"post_tag","embeddable":true,"href":"https:\/\/www.cde.ual.es\/en\/wp-json\/wp\/v2\/tags?post=154087"}],"curies":[{"name":"wp","href":"https:\/\/api.w.org\/{rel}","templated":true}]}}