{"id":153413,"date":"2024-09-27T09:29:37","date_gmt":"2024-09-27T07:29:37","guid":{"rendered":"https:\/\/www.cde.ual.es\/?p=153413"},"modified":"2024-09-27T09:29:37","modified_gmt":"2024-09-27T07:29:37","slug":"the-court-of-justice-definitively-dismisses-the-action-brought-by-mr-puigdemont-and-mr-comin","status":"publish","type":"post","link":"https:\/\/www.cde.ual.es\/en\/the-court-of-justice-definitively-dismisses-the-action-brought-by-mr-puigdemont-and-mr-comin\/","title":{"rendered":"The Court of Justice definitively dismisses the action brought by Mr Puigdemont and Mr Com\u00edn"},"content":{"rendered":"<p style=\"text-align: justify;\">Following the holding, on 1st October 2017, of the referendum on the self-determination of Catalonia (Spain), criminal proceedings were brought against Carles Puigdemont i Casamaj\u00f3 and Antoni Com\u00edn i Oliveres (who, at the time, were President and Member of the Autonomous Government of Catalonia, respectively). Since Mr Puigdemont and Mr Com\u00edn had left Spain, those proceedings were suspended until they were found. National arrest warrants were issued against them. Mr Puigdemont and Mr Com\u00edn subsequently stood as candidates and were elected in the elections to the European Parliament which were held in Spain on 26 May 2019.<\/p>\n<p style=\"text-align: justify;\"><a href=\"https:\/\/www.cde.ual.es\/wp-content\/uploads\/2014\/11\/tribunal-europeo.jpg\"><img decoding=\"async\" class=\"aligncenter size-full wp-image-34514\" src=\"https:\/\/www.cde.ual.es\/wp-content\/uploads\/2014\/11\/tribunal-europeo.jpg\" alt=\"\" width=\"276\" height=\"207\" \/><\/a><\/p>\n<p style=\"text-align: justify;\">\n<p style=\"text-align: justify;\">On 29 May 2019, the President of the European Parliament issued an instruction stating, first, that all the candidates elected in Spain should be refused access to the \u2018special welcome service\u2019 provided to persons newly elected to the European Parliament and, second, that those candidates\u2019 accreditation should be suspended until official confirmation of their election.<\/p>\n<p style=\"text-align: justify;\">On 14 June 2019, Mr Puigdemont and Mr Com\u00edn requested the President of the European Parliament to take note of the results of the elections as declared by the Spanish Central Electoral Commission on 13 June 2019. They also requested the President to withdraw the Instruction of 29 May 2019 so that they could, inter alia, take their seats and enjoy the rights attached to their status as Members of the European Parliament from 2 July 2019, the date of the first plenary session following the elections.<\/p>\n<p style=\"text-align: justify;\">On 17 June 2019, the Spanish Central Electoral Commission notified the European Parliament of the list of candidates elected in Spain. The names of Mr Puigdemont and Mr Com\u00edn were not on that list because, following their election declared on 13 June 2019, they had not taken the oath or promise to respect the Spanish Constitution, as required by national electoral law. That commission therefore declared that their seats were vacant and that all the prerogatives attaching to their duties were suspended until such time as they took that oath or promise.<\/p>\n<p style=\"text-align: justify;\">By letter of 27 June 2019, the President of the European Parliament informed Mr Puigdemont and Mr Com\u00edn that he could not regard them as future Members of the European Parliament because their names were not on the list of elected candidates officially communicated by the Spanish authorities.<\/p>\n<p style=\"text-align: justify;\">The following day, Mr Puigdemont and Mr Com\u00edn brought an action for annulment before the General Court of the European Union, mainly directed against the refusals of the President of the European Parliament to grant them access to the special welcome service and to recognise their status as Members of the European Parliament .<\/p>\n<p style=\"text-align: justify;\">\u00a0At the plenary session of 13 January 2020, the European Parliament decided to take note, following the delivery of the judgment of the Court of Justice in the case Junqueras Vies, of the election of Mr Puigdemont and Mr Com\u00edn to the Parliament with effect from 2 July 2019.<\/p>\n<p style=\"text-align: justify;\">By judgment of 6 July 2022, the General Court dismissed the action brought by Mr Puigdemont and Mr Com\u00edn as inadmissible on the ground that the disputed refusals of the President of the European Parliament were not acts that were open to challenge. Mr Puigdemont and Mr Com\u00edn then brought an appeal before the Court of Justice.<\/p>\n<p style=\"text-align: justify;\">In its judgment, <strong>the Court of Justice dismisses the appeal brought by Mr Puigdemont and Mr Com\u00edn.<\/strong><\/p>\n<p style=\"text-align: justify;\"><strong>The General Court correctly held that the President of the European Parliament could not depart from the list of elected Members which had been officially notified to him by the Spanish authorities<\/strong>. The President of the Parliament has <strong>no power to review the accuracy of that list, as otherwise the division of powers between the European Union and the Member States would be disregarded<\/strong>. Such a review is a matter for the national courts alone, where appropriate after making a reference to the Court of Justice for a preliminary ruling, or it is for the Court of Justice, when hearing an action for failure to fulfil obligations. The President of the Parliament merely did what he was required to do, namely to take note of the list of elected Members communicated by the Spanish authorities, which, for him, constituted a pre-existing situation that was based on the decisions taken at national level. <strong>The letter of 27 June 2019<\/strong> therefore did not alter the legal situation of Mr Puigdemont and Mr Com\u00edn, and, <strong>was not, therefore, an act open to challenge<\/strong>.<\/p>\n<p style=\"text-align: justify;\">As regards the <strong>Instruction of 29 May 2019<\/strong>, the General Court did not err in stating that that instruction <strong>was not the reason why Mr Puigdemont and Mr Com\u00edn were unable to take their seats in the European Parliament<\/strong>. It was because they did not appear on the official list of results notified by the Spanish authorities that they were unable to take their seats. The Instruction of 29 May 2019 <strong>therefore also did not alter the legal situation<\/strong> of Mr Puigdemont and Mr Com\u00edn.<\/p>\n<p style=\"text-align: justify;\">The Court also states that the failure of the President of the European Parliament to exercise his <strong>discretion to take an initiative as a matter of urgency <\/strong>in order to assert the privileges and immunities of Mr Puigdemont and Mr Com\u00edn, which comes under a procedure that is separate from a request for the defence of privileges and immunities that can be made by Members themselves, <strong>could not be the subject of an action for annulment<\/strong>. In accordance with what the General Court had held, the Court of Justice also finds that <strong>the line of argument directed against the alleged refusal<\/strong> of the President of the Parliament <strong>to communicate<\/strong> to the competent committee the request of <strong>Mr Puigdemont and Mr Com\u00edn<\/strong> for the defence of their privileges and immunities <strong>was directed against a nonexistent act<\/strong>.<\/p>\n<p style=\"text-align: justify;\">An appeal, on a point or points of law only, may be brought before the Court of Justice against a judgment or order of the General Court. In principle, the appeal does not have suspensive effect. If the appeal is admissible and well founded, the Court of Justice sets aside the judgment of the General Court. Where the state of the proceedings so permits, the Court of Justice may itself give final judgment in the case. Otherwise, it refers the case back to the General Court, which is bound by the decision given by the Court of Justice on the appeal.<\/p>\n<p style=\"text-align: justify;\">Further information: <a href=\"https:\/\/curia.europa.eu\/jcms\/upload\/docs\/application\/pdf\/2024-09\/cp240151en.pdf\">CURIA<\/a><\/p>\n","protected":false},"excerpt":{"rendered":"<p>Following the holding, on 1st October 2017, of the referendum on the self-determination of Catalonia (Spain), criminal proceedings were brought against Carles Puigdemont i Casamaj\u00f3 and Antoni Com\u00edn i Oliveres (who, at the time, were President and Member of the Autonomous Government of Catalonia, respectively). Since Mr Puigdemont and Mr Com\u00edn had left Spain, those [&hellip;]<\/p>\n","protected":false},"author":1,"featured_media":34514,"comment_status":"open","ping_status":"open","sticky":false,"template":"","format":"standard","meta":{"_acf_changed":false,"_relevanssi_hide_post":"","_relevanssi_hide_content":"","_relevanssi_pin_for_all":"","_relevanssi_pin_keywords":"","_relevanssi_unpin_keywords":"","_relevanssi_related_keywords":"","_relevanssi_related_include_ids":"","_relevanssi_related_exclude_ids":"","_relevanssi_related_no_append":"","_relevanssi_related_not_related":"","_relevanssi_related_posts":"","_relevanssi_noindex_reason":"","_monsterinsights_skip_tracking":false,"_monsterinsights_sitenote_active":false,"_monsterinsights_sitenote_note":"","_monsterinsights_sitenote_category":0,"_genesis_hide_title":false,"_genesis_hide_breadcrumbs":false,"_genesis_hide_singular_image":false,"_genesis_hide_footer_widgets":false,"_genesis_custom_body_class":"","_genesis_custom_post_class":"","_genesis_layout":"","footnotes":""},"categories":[346,4080],"tags":[12692,5434,904,2865],"class_list":{"0":"post-153413","1":"post","2":"type-post","3":"status-publish","4":"format-standard","5":"has-post-thumbnail","7":"category-eu-news","8":"category-jurisprudence","9":"tag-comin-en","10":"tag-court-of-justice-of-the-eu","11":"tag-judgment","12":"tag-puigdemont-en","13":"entry"},"acf":[],"yoast_head":"<!-- This site is optimized with the Yoast SEO plugin v27.5 - https:\/\/yoast.com\/product\/yoast-seo-wordpress\/ -->\n<title>The Court of Justice definitively dismisses the action brought by Mr Puigdemont and Mr Com\u00edn | CDE Almer\u00eda - Centro de Documentaci\u00f3n Europea - Universidad de Almer\u00eda<\/title>\n<meta name=\"robots\" content=\"index, follow, max-snippet:-1, max-image-preview:large, max-video-preview:-1\" \/>\n<link rel=\"canonical\" href=\"https:\/\/www.cde.ual.es\/en\/the-court-of-justice-definitively-dismisses-the-action-brought-by-mr-puigdemont-and-mr-comin\/\" \/>\n<meta property=\"og:locale\" content=\"en_US\" \/>\n<meta property=\"og:type\" content=\"article\" \/>\n<meta property=\"og:title\" content=\"The Court of Justice definitively dismisses the action brought by Mr Puigdemont and Mr Com\u00edn | CDE Almer\u00eda - Centro de Documentaci\u00f3n Europea - Universidad de Almer\u00eda\" \/>\n<meta property=\"og:description\" content=\"Following the holding, on 1st October 2017, of the referendum on the self-determination of Catalonia (Spain), criminal proceedings were brought against Carles Puigdemont i Casamaj\u00f3 and Antoni Com\u00edn i Oliveres (who, at the time, were President and Member of the Autonomous Government of Catalonia, respectively). Since Mr Puigdemont and Mr Com\u00edn had left Spain, those [&hellip;]\" \/>\n<meta property=\"og:url\" content=\"https:\/\/www.cde.ual.es\/en\/the-court-of-justice-definitively-dismisses-the-action-brought-by-mr-puigdemont-and-mr-comin\/\" \/>\n<meta property=\"og:site_name\" content=\"CDE Almer\u00eda - Centro de Documentaci\u00f3n Europea - Universidad de Almer\u00eda\" \/>\n<meta property=\"article:publisher\" content=\"https:\/\/www.facebook.com\/cdeuniversidadalmeria\/\" \/>\n<meta property=\"article:published_time\" content=\"2024-09-27T07:29:37+00:00\" \/>\n<meta property=\"og:image\" content=\"https:\/\/www.cde.ual.es\/wp-content\/uploads\/2014\/11\/tribunal-europeo.jpg\" \/>\n\t<meta property=\"og:image:width\" content=\"276\" \/>\n\t<meta property=\"og:image:height\" content=\"207\" \/>\n\t<meta property=\"og:image:type\" content=\"image\/jpeg\" \/>\n<meta name=\"author\" content=\"AdminCDE\" \/>\n<meta name=\"twitter:card\" content=\"summary_large_image\" \/>\n<meta name=\"twitter:creator\" content=\"@cdeualmeria\" \/>\n<meta name=\"twitter:site\" content=\"@cdeualmeria\" \/>\n<meta name=\"twitter:label1\" content=\"Written by\" \/>\n\t<meta name=\"twitter:data1\" content=\"AdminCDE\" \/>\n\t<meta name=\"twitter:label2\" content=\"Est. reading time\" \/>\n\t<meta name=\"twitter:data2\" content=\"6 minutes\" \/>\n<script type=\"application\/ld+json\" class=\"yoast-schema-graph\">{\"@context\":\"https:\\\/\\\/schema.org\",\"@graph\":[{\"@type\":\"Article\",\"@id\":\"https:\\\/\\\/www.cde.ual.es\\\/en\\\/the-court-of-justice-definitively-dismisses-the-action-brought-by-mr-puigdemont-and-mr-comin\\\/#article\",\"isPartOf\":{\"@id\":\"https:\\\/\\\/www.cde.ual.es\\\/en\\\/the-court-of-justice-definitively-dismisses-the-action-brought-by-mr-puigdemont-and-mr-comin\\\/\"},\"author\":{\"name\":\"AdminCDE\",\"@id\":\"https:\\\/\\\/www.cde.ual.es\\\/#\\\/schema\\\/person\\\/224ef08c8bcc005f319d2713ce37ee5f\"},\"headline\":\"The Court of Justice definitively dismisses the action brought by Mr Puigdemont and Mr Com\u00edn\",\"datePublished\":\"2024-09-27T07:29:37+00:00\",\"mainEntityOfPage\":{\"@id\":\"https:\\\/\\\/www.cde.ual.es\\\/en\\\/the-court-of-justice-definitively-dismisses-the-action-brought-by-mr-puigdemont-and-mr-comin\\\/\"},\"wordCount\":1060,\"commentCount\":0,\"publisher\":{\"@id\":\"https:\\\/\\\/www.cde.ual.es\\\/#organization\"},\"image\":{\"@id\":\"https:\\\/\\\/www.cde.ual.es\\\/en\\\/the-court-of-justice-definitively-dismisses-the-action-brought-by-mr-puigdemont-and-mr-comin\\\/#primaryimage\"},\"thumbnailUrl\":\"https:\\\/\\\/www.cde.ual.es\\\/wp-content\\\/uploads\\\/2014\\\/11\\\/tribunal-europeo-e1747121436682.jpg\",\"keywords\":[\"Com\u00edn\",\"Court of Justice of the EU\",\"judgment\",\"Puigdemont\"],\"articleSection\":[\"EU News\",\"Jurisprudence\"],\"inLanguage\":\"en-US\",\"potentialAction\":[{\"@type\":\"CommentAction\",\"name\":\"Comment\",\"target\":[\"https:\\\/\\\/www.cde.ual.es\\\/en\\\/the-court-of-justice-definitively-dismisses-the-action-brought-by-mr-puigdemont-and-mr-comin\\\/#respond\"]}]},{\"@type\":\"WebPage\",\"@id\":\"https:\\\/\\\/www.cde.ual.es\\\/en\\\/the-court-of-justice-definitively-dismisses-the-action-brought-by-mr-puigdemont-and-mr-comin\\\/\",\"url\":\"https:\\\/\\\/www.cde.ual.es\\\/en\\\/the-court-of-justice-definitively-dismisses-the-action-brought-by-mr-puigdemont-and-mr-comin\\\/\",\"name\":\"The Court of Justice definitively dismisses the action brought by Mr Puigdemont and Mr Com\u00edn | CDE Almer\u00eda - Centro de Documentaci\u00f3n Europea - Universidad de Almer\u00eda\",\"isPartOf\":{\"@id\":\"https:\\\/\\\/www.cde.ual.es\\\/#website\"},\"primaryImageOfPage\":{\"@id\":\"https:\\\/\\\/www.cde.ual.es\\\/en\\\/the-court-of-justice-definitively-dismisses-the-action-brought-by-mr-puigdemont-and-mr-comin\\\/#primaryimage\"},\"image\":{\"@id\":\"https:\\\/\\\/www.cde.ual.es\\\/en\\\/the-court-of-justice-definitively-dismisses-the-action-brought-by-mr-puigdemont-and-mr-comin\\\/#primaryimage\"},\"thumbnailUrl\":\"https:\\\/\\\/www.cde.ual.es\\\/wp-content\\\/uploads\\\/2014\\\/11\\\/tribunal-europeo-e1747121436682.jpg\",\"datePublished\":\"2024-09-27T07:29:37+00:00\",\"breadcrumb\":{\"@id\":\"https:\\\/\\\/www.cde.ual.es\\\/en\\\/the-court-of-justice-definitively-dismisses-the-action-brought-by-mr-puigdemont-and-mr-comin\\\/#breadcrumb\"},\"inLanguage\":\"en-US\",\"potentialAction\":[{\"@type\":\"ReadAction\",\"target\":[\"https:\\\/\\\/www.cde.ual.es\\\/en\\\/the-court-of-justice-definitively-dismisses-the-action-brought-by-mr-puigdemont-and-mr-comin\\\/\"]}]},{\"@type\":\"ImageObject\",\"inLanguage\":\"en-US\",\"@id\":\"https:\\\/\\\/www.cde.ual.es\\\/en\\\/the-court-of-justice-definitively-dismisses-the-action-brought-by-mr-puigdemont-and-mr-comin\\\/#primaryimage\",\"url\":\"https:\\\/\\\/www.cde.ual.es\\\/wp-content\\\/uploads\\\/2014\\\/11\\\/tribunal-europeo-e1747121436682.jpg\",\"contentUrl\":\"https:\\\/\\\/www.cde.ual.es\\\/wp-content\\\/uploads\\\/2014\\\/11\\\/tribunal-europeo-e1747121436682.jpg\",\"width\":276,\"height\":207},{\"@type\":\"BreadcrumbList\",\"@id\":\"https:\\\/\\\/www.cde.ual.es\\\/en\\\/the-court-of-justice-definitively-dismisses-the-action-brought-by-mr-puigdemont-and-mr-comin\\\/#breadcrumb\",\"itemListElement\":[{\"@type\":\"ListItem\",\"position\":1,\"name\":\"Inicio\",\"item\":\"https:\\\/\\\/www.cde.ual.es\\\/en\\\/\"},{\"@type\":\"ListItem\",\"position\":2,\"name\":\"EU News\",\"item\":\"https:\\\/\\\/www.cde.ual.es\\\/en\\\/category\\\/eu-news\\\/\"},{\"@type\":\"ListItem\",\"position\":3,\"name\":\"Law\",\"item\":\"https:\\\/\\\/www.cde.ual.es\\\/en\\\/category\\\/eu-news\\\/law\\\/\"},{\"@type\":\"ListItem\",\"position\":4,\"name\":\"Jurisprudence\",\"item\":\"https:\\\/\\\/www.cde.ual.es\\\/en\\\/category\\\/eu-news\\\/law\\\/jurisprudence\\\/\"},{\"@type\":\"ListItem\",\"position\":5,\"name\":\"The Court of Justice definitively dismisses the action brought by Mr Puigdemont and Mr Com\u00edn\"}]},{\"@type\":\"WebSite\",\"@id\":\"https:\\\/\\\/www.cde.ual.es\\\/#website\",\"url\":\"https:\\\/\\\/www.cde.ual.es\\\/\",\"name\":\"CDE Almer\u00eda - Centro de Documentaci\u00f3n Europea - Universidad de Almer\u00eda\",\"description\":\"Centro de Documentaci\u00f3n Europea de la Universidad de Almer\u00eda\",\"publisher\":{\"@id\":\"https:\\\/\\\/www.cde.ual.es\\\/#organization\"},\"alternateName\":\"CDE Almer\u00eda\",\"potentialAction\":[{\"@type\":\"SearchAction\",\"target\":{\"@type\":\"EntryPoint\",\"urlTemplate\":\"https:\\\/\\\/www.cde.ual.es\\\/?s={search_term_string}\"},\"query-input\":{\"@type\":\"PropertyValueSpecification\",\"valueRequired\":true,\"valueName\":\"search_term_string\"}}],\"inLanguage\":\"en-US\"},{\"@type\":\"Organization\",\"@id\":\"https:\\\/\\\/www.cde.ual.es\\\/#organization\",\"name\":\"Centro de Documentaci\u00f3n Europea de Almer\u00eda\",\"url\":\"https:\\\/\\\/www.cde.ual.es\\\/\",\"logo\":{\"@type\":\"ImageObject\",\"inLanguage\":\"en-US\",\"@id\":\"https:\\\/\\\/www.cde.ual.es\\\/#\\\/schema\\\/logo\\\/image\\\/\",\"url\":\"https:\\\/\\\/www.cde.ual.es\\\/wp-content\\\/uploads\\\/2025\\\/07\\\/cde-logo-3.png\",\"contentUrl\":\"https:\\\/\\\/www.cde.ual.es\\\/wp-content\\\/uploads\\\/2025\\\/07\\\/cde-logo-3.png\",\"width\":1400,\"height\":300,\"caption\":\"Centro de Documentaci\u00f3n Europea de Almer\u00eda\"},\"image\":{\"@id\":\"https:\\\/\\\/www.cde.ual.es\\\/#\\\/schema\\\/logo\\\/image\\\/\"},\"sameAs\":[\"https:\\\/\\\/www.facebook.com\\\/cdeuniversidadalmeria\\\/\",\"https:\\\/\\\/x.com\\\/cdeualmeria\",\"https:\\\/\\\/www.tiktok.com\\\/@cdealmeria\",\"https:\\\/\\\/www.instagram.com\\\/cdealmeria\\\/\",\"https:\\\/\\\/www.linkedin.com\\\/in\\\/cde-almera-812b26a9\\\/\"]},{\"@type\":\"Person\",\"@id\":\"https:\\\/\\\/www.cde.ual.es\\\/#\\\/schema\\\/person\\\/224ef08c8bcc005f319d2713ce37ee5f\",\"name\":\"AdminCDE\",\"image\":{\"@type\":\"ImageObject\",\"inLanguage\":\"en-US\",\"@id\":\"https:\\\/\\\/secure.gravatar.com\\\/avatar\\\/a72d038d371f995cd13706fac32274b7952a52e8fb0a84b5f80c85426f2a98a8?s=96&d=mm&r=g\",\"url\":\"https:\\\/\\\/secure.gravatar.com\\\/avatar\\\/a72d038d371f995cd13706fac32274b7952a52e8fb0a84b5f80c85426f2a98a8?s=96&d=mm&r=g\",\"contentUrl\":\"https:\\\/\\\/secure.gravatar.com\\\/avatar\\\/a72d038d371f995cd13706fac32274b7952a52e8fb0a84b5f80c85426f2a98a8?s=96&d=mm&r=g\",\"caption\":\"AdminCDE\"}}]}<\/script>\n<!-- \/ Yoast SEO plugin. -->","yoast_head_json":{"title":"The Court of Justice definitively dismisses the action brought by Mr Puigdemont and Mr Com\u00edn | CDE Almer\u00eda - Centro de Documentaci\u00f3n Europea - Universidad de Almer\u00eda","robots":{"index":"index","follow":"follow","max-snippet":"max-snippet:-1","max-image-preview":"max-image-preview:large","max-video-preview":"max-video-preview:-1"},"canonical":"https:\/\/www.cde.ual.es\/en\/the-court-of-justice-definitively-dismisses-the-action-brought-by-mr-puigdemont-and-mr-comin\/","og_locale":"en_US","og_type":"article","og_title":"The Court of Justice definitively dismisses the action brought by Mr Puigdemont and Mr Com\u00edn | CDE Almer\u00eda - Centro de Documentaci\u00f3n Europea - Universidad de Almer\u00eda","og_description":"Following the holding, on 1st October 2017, of the referendum on the self-determination of Catalonia (Spain), criminal proceedings were brought against Carles Puigdemont i Casamaj\u00f3 and Antoni Com\u00edn i Oliveres (who, at the time, were President and Member of the Autonomous Government of Catalonia, respectively). Since Mr Puigdemont and Mr Com\u00edn had left Spain, those [&hellip;]","og_url":"https:\/\/www.cde.ual.es\/en\/the-court-of-justice-definitively-dismisses-the-action-brought-by-mr-puigdemont-and-mr-comin\/","og_site_name":"CDE Almer\u00eda - Centro de Documentaci\u00f3n Europea - Universidad de Almer\u00eda","article_publisher":"https:\/\/www.facebook.com\/cdeuniversidadalmeria\/","article_published_time":"2024-09-27T07:29:37+00:00","og_image":[{"width":276,"height":207,"url":"https:\/\/www.cde.ual.es\/wp-content\/uploads\/2014\/11\/tribunal-europeo.jpg","type":"image\/jpeg"}],"author":"AdminCDE","twitter_card":"summary_large_image","twitter_creator":"@cdeualmeria","twitter_site":"@cdeualmeria","twitter_misc":{"Written by":"AdminCDE","Est. reading time":"6 minutes"},"schema":{"@context":"https:\/\/schema.org","@graph":[{"@type":"Article","@id":"https:\/\/www.cde.ual.es\/en\/the-court-of-justice-definitively-dismisses-the-action-brought-by-mr-puigdemont-and-mr-comin\/#article","isPartOf":{"@id":"https:\/\/www.cde.ual.es\/en\/the-court-of-justice-definitively-dismisses-the-action-brought-by-mr-puigdemont-and-mr-comin\/"},"author":{"name":"AdminCDE","@id":"https:\/\/www.cde.ual.es\/#\/schema\/person\/224ef08c8bcc005f319d2713ce37ee5f"},"headline":"The Court of Justice definitively dismisses the action brought by Mr Puigdemont and Mr Com\u00edn","datePublished":"2024-09-27T07:29:37+00:00","mainEntityOfPage":{"@id":"https:\/\/www.cde.ual.es\/en\/the-court-of-justice-definitively-dismisses-the-action-brought-by-mr-puigdemont-and-mr-comin\/"},"wordCount":1060,"commentCount":0,"publisher":{"@id":"https:\/\/www.cde.ual.es\/#organization"},"image":{"@id":"https:\/\/www.cde.ual.es\/en\/the-court-of-justice-definitively-dismisses-the-action-brought-by-mr-puigdemont-and-mr-comin\/#primaryimage"},"thumbnailUrl":"https:\/\/www.cde.ual.es\/wp-content\/uploads\/2014\/11\/tribunal-europeo-e1747121436682.jpg","keywords":["Com\u00edn","Court of Justice of the EU","judgment","Puigdemont"],"articleSection":["EU News","Jurisprudence"],"inLanguage":"en-US","potentialAction":[{"@type":"CommentAction","name":"Comment","target":["https:\/\/www.cde.ual.es\/en\/the-court-of-justice-definitively-dismisses-the-action-brought-by-mr-puigdemont-and-mr-comin\/#respond"]}]},{"@type":"WebPage","@id":"https:\/\/www.cde.ual.es\/en\/the-court-of-justice-definitively-dismisses-the-action-brought-by-mr-puigdemont-and-mr-comin\/","url":"https:\/\/www.cde.ual.es\/en\/the-court-of-justice-definitively-dismisses-the-action-brought-by-mr-puigdemont-and-mr-comin\/","name":"The Court of Justice definitively dismisses the action brought by Mr Puigdemont and Mr Com\u00edn | CDE Almer\u00eda - Centro de Documentaci\u00f3n Europea - Universidad de Almer\u00eda","isPartOf":{"@id":"https:\/\/www.cde.ual.es\/#website"},"primaryImageOfPage":{"@id":"https:\/\/www.cde.ual.es\/en\/the-court-of-justice-definitively-dismisses-the-action-brought-by-mr-puigdemont-and-mr-comin\/#primaryimage"},"image":{"@id":"https:\/\/www.cde.ual.es\/en\/the-court-of-justice-definitively-dismisses-the-action-brought-by-mr-puigdemont-and-mr-comin\/#primaryimage"},"thumbnailUrl":"https:\/\/www.cde.ual.es\/wp-content\/uploads\/2014\/11\/tribunal-europeo-e1747121436682.jpg","datePublished":"2024-09-27T07:29:37+00:00","breadcrumb":{"@id":"https:\/\/www.cde.ual.es\/en\/the-court-of-justice-definitively-dismisses-the-action-brought-by-mr-puigdemont-and-mr-comin\/#breadcrumb"},"inLanguage":"en-US","potentialAction":[{"@type":"ReadAction","target":["https:\/\/www.cde.ual.es\/en\/the-court-of-justice-definitively-dismisses-the-action-brought-by-mr-puigdemont-and-mr-comin\/"]}]},{"@type":"ImageObject","inLanguage":"en-US","@id":"https:\/\/www.cde.ual.es\/en\/the-court-of-justice-definitively-dismisses-the-action-brought-by-mr-puigdemont-and-mr-comin\/#primaryimage","url":"https:\/\/www.cde.ual.es\/wp-content\/uploads\/2014\/11\/tribunal-europeo-e1747121436682.jpg","contentUrl":"https:\/\/www.cde.ual.es\/wp-content\/uploads\/2014\/11\/tribunal-europeo-e1747121436682.jpg","width":276,"height":207},{"@type":"BreadcrumbList","@id":"https:\/\/www.cde.ual.es\/en\/the-court-of-justice-definitively-dismisses-the-action-brought-by-mr-puigdemont-and-mr-comin\/#breadcrumb","itemListElement":[{"@type":"ListItem","position":1,"name":"Inicio","item":"https:\/\/www.cde.ual.es\/en\/"},{"@type":"ListItem","position":2,"name":"EU News","item":"https:\/\/www.cde.ual.es\/en\/category\/eu-news\/"},{"@type":"ListItem","position":3,"name":"Law","item":"https:\/\/www.cde.ual.es\/en\/category\/eu-news\/law\/"},{"@type":"ListItem","position":4,"name":"Jurisprudence","item":"https:\/\/www.cde.ual.es\/en\/category\/eu-news\/law\/jurisprudence\/"},{"@type":"ListItem","position":5,"name":"The Court of Justice definitively dismisses the action brought by Mr Puigdemont and Mr Com\u00edn"}]},{"@type":"WebSite","@id":"https:\/\/www.cde.ual.es\/#website","url":"https:\/\/www.cde.ual.es\/","name":"CDE Almer\u00eda - Centro de Documentaci\u00f3n Europea - Universidad de Almer\u00eda","description":"Centro de Documentaci\u00f3n Europea de la Universidad de Almer\u00eda","publisher":{"@id":"https:\/\/www.cde.ual.es\/#organization"},"alternateName":"CDE Almer\u00eda","potentialAction":[{"@type":"SearchAction","target":{"@type":"EntryPoint","urlTemplate":"https:\/\/www.cde.ual.es\/?s={search_term_string}"},"query-input":{"@type":"PropertyValueSpecification","valueRequired":true,"valueName":"search_term_string"}}],"inLanguage":"en-US"},{"@type":"Organization","@id":"https:\/\/www.cde.ual.es\/#organization","name":"Centro de Documentaci\u00f3n Europea de Almer\u00eda","url":"https:\/\/www.cde.ual.es\/","logo":{"@type":"ImageObject","inLanguage":"en-US","@id":"https:\/\/www.cde.ual.es\/#\/schema\/logo\/image\/","url":"https:\/\/www.cde.ual.es\/wp-content\/uploads\/2025\/07\/cde-logo-3.png","contentUrl":"https:\/\/www.cde.ual.es\/wp-content\/uploads\/2025\/07\/cde-logo-3.png","width":1400,"height":300,"caption":"Centro de Documentaci\u00f3n Europea de Almer\u00eda"},"image":{"@id":"https:\/\/www.cde.ual.es\/#\/schema\/logo\/image\/"},"sameAs":["https:\/\/www.facebook.com\/cdeuniversidadalmeria\/","https:\/\/x.com\/cdeualmeria","https:\/\/www.tiktok.com\/@cdealmeria","https:\/\/www.instagram.com\/cdealmeria\/","https:\/\/www.linkedin.com\/in\/cde-almera-812b26a9\/"]},{"@type":"Person","@id":"https:\/\/www.cde.ual.es\/#\/schema\/person\/224ef08c8bcc005f319d2713ce37ee5f","name":"AdminCDE","image":{"@type":"ImageObject","inLanguage":"en-US","@id":"https:\/\/secure.gravatar.com\/avatar\/a72d038d371f995cd13706fac32274b7952a52e8fb0a84b5f80c85426f2a98a8?s=96&d=mm&r=g","url":"https:\/\/secure.gravatar.com\/avatar\/a72d038d371f995cd13706fac32274b7952a52e8fb0a84b5f80c85426f2a98a8?s=96&d=mm&r=g","contentUrl":"https:\/\/secure.gravatar.com\/avatar\/a72d038d371f995cd13706fac32274b7952a52e8fb0a84b5f80c85426f2a98a8?s=96&d=mm&r=g","caption":"AdminCDE"}}]}},"_links":{"self":[{"href":"https:\/\/www.cde.ual.es\/en\/wp-json\/wp\/v2\/posts\/153413","targetHints":{"allow":["GET"]}}],"collection":[{"href":"https:\/\/www.cde.ual.es\/en\/wp-json\/wp\/v2\/posts"}],"about":[{"href":"https:\/\/www.cde.ual.es\/en\/wp-json\/wp\/v2\/types\/post"}],"author":[{"embeddable":true,"href":"https:\/\/www.cde.ual.es\/en\/wp-json\/wp\/v2\/users\/1"}],"replies":[{"embeddable":true,"href":"https:\/\/www.cde.ual.es\/en\/wp-json\/wp\/v2\/comments?post=153413"}],"version-history":[{"count":1,"href":"https:\/\/www.cde.ual.es\/en\/wp-json\/wp\/v2\/posts\/153413\/revisions"}],"predecessor-version":[{"id":153414,"href":"https:\/\/www.cde.ual.es\/en\/wp-json\/wp\/v2\/posts\/153413\/revisions\/153414"}],"wp:featuredmedia":[{"embeddable":true,"href":"https:\/\/www.cde.ual.es\/en\/wp-json\/wp\/v2\/media\/34514"}],"wp:attachment":[{"href":"https:\/\/www.cde.ual.es\/en\/wp-json\/wp\/v2\/media?parent=153413"}],"wp:term":[{"taxonomy":"category","embeddable":true,"href":"https:\/\/www.cde.ual.es\/en\/wp-json\/wp\/v2\/categories?post=153413"},{"taxonomy":"post_tag","embeddable":true,"href":"https:\/\/www.cde.ual.es\/en\/wp-json\/wp\/v2\/tags?post=153413"}],"curies":[{"name":"wp","href":"https:\/\/api.w.org\/{rel}","templated":true}]}}