{"id":153190,"date":"2024-09-18T09:38:03","date_gmt":"2024-09-18T07:38:03","guid":{"rendered":"https:\/\/www.cde.ual.es\/?p=153190"},"modified":"2024-09-18T09:38:03","modified_gmt":"2024-09-18T07:38:03","slug":"mario-draghi-outlines-his-plan-to-improve-europes-competitiveness","status":"publish","type":"post","link":"https:\/\/www.cde.ual.es\/en\/mario-draghi-outlines-his-plan-to-improve-europes-competitiveness\/","title":{"rendered":"Mario Draghi outlines his plan to improve Europe&#8217;s competitiveness"},"content":{"rendered":"<p style=\"text-align: justify;\"><strong>On Tuesday, Mario Draghi outlined his blueprint for improving Europe\u2019s competitiveness through closer cooperation in core areas and massive investment in shared objectives.<\/strong><\/p>\n<p style=\"text-align: justify;\"><a href=\"https:\/\/www.cde.ual.es\/wp-content\/uploads\/2024\/09\/draghi.jpg\"><img decoding=\"async\" class=\"aligncenter size-full wp-image-153191\" src=\"https:\/\/www.cde.ual.es\/wp-content\/uploads\/2024\/09\/draghi.jpg\" alt=\"\" width=\"1156\" height=\"770\" srcset=\"https:\/\/www.cde.ual.es\/wp-content\/uploads\/2024\/09\/draghi.jpg 1156w, https:\/\/www.cde.ual.es\/wp-content\/uploads\/2024\/09\/draghi-300x200.jpg 300w, https:\/\/www.cde.ual.es\/wp-content\/uploads\/2024\/09\/draghi-1024x682.jpg 1024w, https:\/\/www.cde.ual.es\/wp-content\/uploads\/2024\/09\/draghi-768x512.jpg 768w\" sizes=\"(max-width: 1156px) 100vw, 1156px\" \/><\/a><\/p>\n<p class=\"ep-wysiwig_paragraph\" style=\"text-align: justify;\">Mr Draghi, author of a <strong>report on European competitiveness<\/strong> requested by the President of the European Commission, said that the EU needed to focus on three crucial issues: closing the innovation gap with the US and China; developing a joint plan to link the goal of decarbonisation with increased competitiveness; and boosting Europe\u2019s security and reducing its dependence on foreign economic powers.<\/p>\n<p class=\"ep-wysiwig_paragraph\" style=\"text-align: justify;\">Maintaining the European way of life will rely on improving competitiveness, and improving competitiveness requires closer cooperation and integration between Europe\u2019s nations, Mr Draghi said.<\/p>\n<p class=\"ep-wysiwig_paragraph\" style=\"text-align: justify;\">A fit-for-purpose competitiveness agenda would require <strong>annual funding<\/strong> of between EUR 750 &#8211; EUR 800 billion for projects whose objectives were already agreed upon by the EU. Some of this money could come from private sources, but some would also need to be secured through public investment, including by new common debt issued specifically to fund key joint projects, Mr Draghi said.<\/p>\n<p class=\"ep-wysiwig_paragraph\" style=\"text-align: justify;\">In a debate following Mr Draghi\u2019s address, many MEPs agreed with his analysis that the <strong>EU economy must urgently change course.<\/strong> The EU should focus, they argued, on competition and innovation in key industries, along with more public and private investments in social, green and digital transformations. Some MEPs called for greater sovereignty and freer markets, and stressed that fighting climate change sabotages the EU economy. Others observed that growth is compatible with clean innovative technologies and social investment, to help citizens to adjust their skills.<\/p>\n<p style=\"text-align: justify;\">Source: <a href=\"https:\/\/www.europarl.europa.eu\/news\/es\/press-room\/20240913IPR23903\/draghi-to-meps-europe-faces-a-choice-between-exit-paralysis-or-integration\">European Parliament<\/a><\/p>\n","protected":false},"excerpt":{"rendered":"<p>On Tuesday, Mario Draghi outlined his blueprint for improving Europe\u2019s competitiveness through closer cooperation in core areas and massive investment in shared objectives. Mr Draghi, author of a report on European competitiveness requested by the President of the European Commission, said that the EU needed to focus on three crucial issues: closing the innovation gap [&hellip;]<\/p>\n","protected":false},"author":1,"featured_media":153191,"comment_status":"open","ping_status":"open","sticky":false,"template":"","format":"standard","meta":{"_acf_changed":false,"_relevanssi_hide_post":"","_relevanssi_hide_content":"","_relevanssi_pin_for_all":"","_relevanssi_pin_keywords":"","_relevanssi_unpin_keywords":"","_relevanssi_related_keywords":"","_relevanssi_related_include_ids":"","_relevanssi_related_exclude_ids":"","_relevanssi_related_no_append":"","_relevanssi_related_not_related":"","_relevanssi_related_posts":"","_relevanssi_noindex_reason":"","_monsterinsights_skip_tracking":false,"_monsterinsights_sitenote_active":false,"_monsterinsights_sitenote_note":"","_monsterinsights_sitenote_category":0,"_genesis_hide_title":false,"_genesis_hide_breadcrumbs":false,"_genesis_hide_singular_image":false,"_genesis_hide_footer_widgets":false,"_genesis_custom_body_class":"","_genesis_custom_post_class":"","_genesis_layout":"","footnotes":""},"categories":[4090,346],"tags":[8788,623,1217,637,12608],"class_list":{"0":"post-153190","1":"post","2":"type-post","3":"status-publish","4":"format-standard","5":"has-post-thumbnail","7":"category-economy-finance","8":"category-eu-news","9":"tag-competitiveness","10":"tag-cooperation","11":"tag-europe","12":"tag-investment","13":"tag-mario-draghi","14":"entry"},"acf":[],"yoast_head":"<!-- This site is optimized with the Yoast SEO plugin v27.5 - https:\/\/yoast.com\/product\/yoast-seo-wordpress\/ -->\n<title>Mario Draghi outlines his plan to improve Europe&#039;s competitiveness | CDE Almer\u00eda - Centro de Documentaci\u00f3n Europea - Universidad de Almer\u00eda<\/title>\n<meta name=\"robots\" content=\"index, follow, max-snippet:-1, max-image-preview:large, max-video-preview:-1\" \/>\n<link rel=\"canonical\" href=\"https:\/\/www.cde.ual.es\/en\/mario-draghi-outlines-his-plan-to-improve-europes-competitiveness\/\" \/>\n<meta property=\"og:locale\" content=\"en_US\" \/>\n<meta property=\"og:type\" content=\"article\" \/>\n<meta property=\"og:title\" content=\"Mario Draghi outlines his plan to improve Europe&#039;s competitiveness | CDE Almer\u00eda - Centro de Documentaci\u00f3n Europea - Universidad de Almer\u00eda\" \/>\n<meta property=\"og:description\" content=\"On Tuesday, Mario Draghi outlined his blueprint for improving Europe\u2019s competitiveness through closer cooperation in core areas and massive investment in shared objectives. Mr Draghi, author of a report on European competitiveness requested by the President of the European Commission, said that the EU needed to focus on three crucial issues: closing the innovation gap [&hellip;]\" \/>\n<meta property=\"og:url\" content=\"https:\/\/www.cde.ual.es\/en\/mario-draghi-outlines-his-plan-to-improve-europes-competitiveness\/\" \/>\n<meta property=\"og:site_name\" content=\"CDE Almer\u00eda - Centro de Documentaci\u00f3n Europea - Universidad de Almer\u00eda\" \/>\n<meta property=\"article:publisher\" content=\"https:\/\/www.facebook.com\/cdeuniversidadalmeria\/\" \/>\n<meta property=\"article:published_time\" content=\"2024-09-18T07:38:03+00:00\" \/>\n<meta property=\"og:image\" content=\"https:\/\/www.cde.ual.es\/wp-content\/uploads\/2024\/09\/draghi.jpg\" \/>\n\t<meta property=\"og:image:width\" content=\"1156\" \/>\n\t<meta property=\"og:image:height\" content=\"770\" \/>\n\t<meta property=\"og:image:type\" content=\"image\/jpeg\" \/>\n<meta name=\"author\" content=\"AdminCDE\" \/>\n<meta name=\"twitter:card\" content=\"summary_large_image\" \/>\n<meta name=\"twitter:creator\" content=\"@cdeualmeria\" \/>\n<meta name=\"twitter:site\" content=\"@cdeualmeria\" \/>\n<meta name=\"twitter:label1\" content=\"Written by\" \/>\n\t<meta name=\"twitter:data1\" content=\"AdminCDE\" \/>\n\t<meta name=\"twitter:label2\" content=\"Est. reading time\" \/>\n\t<meta name=\"twitter:data2\" content=\"2 minutes\" \/>\n<script type=\"application\/ld+json\" class=\"yoast-schema-graph\">{\"@context\":\"https:\\\/\\\/schema.org\",\"@graph\":[{\"@type\":\"Article\",\"@id\":\"https:\\\/\\\/www.cde.ual.es\\\/en\\\/mario-draghi-outlines-his-plan-to-improve-europes-competitiveness\\\/#article\",\"isPartOf\":{\"@id\":\"https:\\\/\\\/www.cde.ual.es\\\/en\\\/mario-draghi-outlines-his-plan-to-improve-europes-competitiveness\\\/\"},\"author\":{\"name\":\"AdminCDE\",\"@id\":\"https:\\\/\\\/www.cde.ual.es\\\/#\\\/schema\\\/person\\\/224ef08c8bcc005f319d2713ce37ee5f\"},\"headline\":\"Mario Draghi outlines his plan to improve Europe&#8217;s competitiveness\",\"datePublished\":\"2024-09-18T07:38:03+00:00\",\"mainEntityOfPage\":{\"@id\":\"https:\\\/\\\/www.cde.ual.es\\\/en\\\/mario-draghi-outlines-his-plan-to-improve-europes-competitiveness\\\/\"},\"wordCount\":273,\"commentCount\":0,\"publisher\":{\"@id\":\"https:\\\/\\\/www.cde.ual.es\\\/#organization\"},\"image\":{\"@id\":\"https:\\\/\\\/www.cde.ual.es\\\/en\\\/mario-draghi-outlines-his-plan-to-improve-europes-competitiveness\\\/#primaryimage\"},\"thumbnailUrl\":\"https:\\\/\\\/www.cde.ual.es\\\/wp-content\\\/uploads\\\/2024\\\/09\\\/draghi.jpg\",\"keywords\":[\"competitiveness\",\"Cooperation\",\"Europe\",\"Investment\",\"Mario Draghi\"],\"articleSection\":[\"Economy and Finance\",\"EU News\"],\"inLanguage\":\"en-US\",\"potentialAction\":[{\"@type\":\"CommentAction\",\"name\":\"Comment\",\"target\":[\"https:\\\/\\\/www.cde.ual.es\\\/en\\\/mario-draghi-outlines-his-plan-to-improve-europes-competitiveness\\\/#respond\"]}]},{\"@type\":\"WebPage\",\"@id\":\"https:\\\/\\\/www.cde.ual.es\\\/en\\\/mario-draghi-outlines-his-plan-to-improve-europes-competitiveness\\\/\",\"url\":\"https:\\\/\\\/www.cde.ual.es\\\/en\\\/mario-draghi-outlines-his-plan-to-improve-europes-competitiveness\\\/\",\"name\":\"Mario Draghi outlines his plan to improve Europe's competitiveness | CDE Almer\u00eda - Centro de Documentaci\u00f3n Europea - Universidad de Almer\u00eda\",\"isPartOf\":{\"@id\":\"https:\\\/\\\/www.cde.ual.es\\\/#website\"},\"primaryImageOfPage\":{\"@id\":\"https:\\\/\\\/www.cde.ual.es\\\/en\\\/mario-draghi-outlines-his-plan-to-improve-europes-competitiveness\\\/#primaryimage\"},\"image\":{\"@id\":\"https:\\\/\\\/www.cde.ual.es\\\/en\\\/mario-draghi-outlines-his-plan-to-improve-europes-competitiveness\\\/#primaryimage\"},\"thumbnailUrl\":\"https:\\\/\\\/www.cde.ual.es\\\/wp-content\\\/uploads\\\/2024\\\/09\\\/draghi.jpg\",\"datePublished\":\"2024-09-18T07:38:03+00:00\",\"breadcrumb\":{\"@id\":\"https:\\\/\\\/www.cde.ual.es\\\/en\\\/mario-draghi-outlines-his-plan-to-improve-europes-competitiveness\\\/#breadcrumb\"},\"inLanguage\":\"en-US\",\"potentialAction\":[{\"@type\":\"ReadAction\",\"target\":[\"https:\\\/\\\/www.cde.ual.es\\\/en\\\/mario-draghi-outlines-his-plan-to-improve-europes-competitiveness\\\/\"]}]},{\"@type\":\"ImageObject\",\"inLanguage\":\"en-US\",\"@id\":\"https:\\\/\\\/www.cde.ual.es\\\/en\\\/mario-draghi-outlines-his-plan-to-improve-europes-competitiveness\\\/#primaryimage\",\"url\":\"https:\\\/\\\/www.cde.ual.es\\\/wp-content\\\/uploads\\\/2024\\\/09\\\/draghi.jpg\",\"contentUrl\":\"https:\\\/\\\/www.cde.ual.es\\\/wp-content\\\/uploads\\\/2024\\\/09\\\/draghi.jpg\",\"width\":1156,\"height\":770},{\"@type\":\"BreadcrumbList\",\"@id\":\"https:\\\/\\\/www.cde.ual.es\\\/en\\\/mario-draghi-outlines-his-plan-to-improve-europes-competitiveness\\\/#breadcrumb\",\"itemListElement\":[{\"@type\":\"ListItem\",\"position\":1,\"name\":\"Inicio\",\"item\":\"https:\\\/\\\/www.cde.ual.es\\\/en\\\/\"},{\"@type\":\"ListItem\",\"position\":2,\"name\":\"EU News\",\"item\":\"https:\\\/\\\/www.cde.ual.es\\\/en\\\/category\\\/eu-news\\\/\"},{\"@type\":\"ListItem\",\"position\":3,\"name\":\"Market\",\"item\":\"https:\\\/\\\/www.cde.ual.es\\\/en\\\/category\\\/eu-news\\\/market\\\/\"},{\"@type\":\"ListItem\",\"position\":4,\"name\":\"Economy and Finance\",\"item\":\"https:\\\/\\\/www.cde.ual.es\\\/en\\\/category\\\/eu-news\\\/market\\\/economy-finance\\\/\"},{\"@type\":\"ListItem\",\"position\":5,\"name\":\"Mario Draghi outlines his plan to improve Europe&#8217;s competitiveness\"}]},{\"@type\":\"WebSite\",\"@id\":\"https:\\\/\\\/www.cde.ual.es\\\/#website\",\"url\":\"https:\\\/\\\/www.cde.ual.es\\\/\",\"name\":\"CDE Almer\u00eda - Centro de Documentaci\u00f3n Europea - Universidad de Almer\u00eda\",\"description\":\"Centro de Documentaci\u00f3n Europea de la Universidad de Almer\u00eda\",\"publisher\":{\"@id\":\"https:\\\/\\\/www.cde.ual.es\\\/#organization\"},\"alternateName\":\"CDE Almer\u00eda\",\"potentialAction\":[{\"@type\":\"SearchAction\",\"target\":{\"@type\":\"EntryPoint\",\"urlTemplate\":\"https:\\\/\\\/www.cde.ual.es\\\/?s={search_term_string}\"},\"query-input\":{\"@type\":\"PropertyValueSpecification\",\"valueRequired\":true,\"valueName\":\"search_term_string\"}}],\"inLanguage\":\"en-US\"},{\"@type\":\"Organization\",\"@id\":\"https:\\\/\\\/www.cde.ual.es\\\/#organization\",\"name\":\"Centro de Documentaci\u00f3n Europea de Almer\u00eda\",\"url\":\"https:\\\/\\\/www.cde.ual.es\\\/\",\"logo\":{\"@type\":\"ImageObject\",\"inLanguage\":\"en-US\",\"@id\":\"https:\\\/\\\/www.cde.ual.es\\\/#\\\/schema\\\/logo\\\/image\\\/\",\"url\":\"https:\\\/\\\/www.cde.ual.es\\\/wp-content\\\/uploads\\\/2025\\\/07\\\/cde-logo-3.png\",\"contentUrl\":\"https:\\\/\\\/www.cde.ual.es\\\/wp-content\\\/uploads\\\/2025\\\/07\\\/cde-logo-3.png\",\"width\":1400,\"height\":300,\"caption\":\"Centro de Documentaci\u00f3n Europea de Almer\u00eda\"},\"image\":{\"@id\":\"https:\\\/\\\/www.cde.ual.es\\\/#\\\/schema\\\/logo\\\/image\\\/\"},\"sameAs\":[\"https:\\\/\\\/www.facebook.com\\\/cdeuniversidadalmeria\\\/\",\"https:\\\/\\\/x.com\\\/cdeualmeria\",\"https:\\\/\\\/www.tiktok.com\\\/@cdealmeria\",\"https:\\\/\\\/www.instagram.com\\\/cdealmeria\\\/\",\"https:\\\/\\\/www.linkedin.com\\\/in\\\/cde-almera-812b26a9\\\/\"]},{\"@type\":\"Person\",\"@id\":\"https:\\\/\\\/www.cde.ual.es\\\/#\\\/schema\\\/person\\\/224ef08c8bcc005f319d2713ce37ee5f\",\"name\":\"AdminCDE\",\"image\":{\"@type\":\"ImageObject\",\"inLanguage\":\"en-US\",\"@id\":\"https:\\\/\\\/secure.gravatar.com\\\/avatar\\\/a72d038d371f995cd13706fac32274b7952a52e8fb0a84b5f80c85426f2a98a8?s=96&d=mm&r=g\",\"url\":\"https:\\\/\\\/secure.gravatar.com\\\/avatar\\\/a72d038d371f995cd13706fac32274b7952a52e8fb0a84b5f80c85426f2a98a8?s=96&d=mm&r=g\",\"contentUrl\":\"https:\\\/\\\/secure.gravatar.com\\\/avatar\\\/a72d038d371f995cd13706fac32274b7952a52e8fb0a84b5f80c85426f2a98a8?s=96&d=mm&r=g\",\"caption\":\"AdminCDE\"}}]}<\/script>\n<!-- \/ Yoast SEO plugin. -->","yoast_head_json":{"title":"Mario Draghi outlines his plan to improve Europe's competitiveness | CDE Almer\u00eda - Centro de Documentaci\u00f3n Europea - Universidad de Almer\u00eda","robots":{"index":"index","follow":"follow","max-snippet":"max-snippet:-1","max-image-preview":"max-image-preview:large","max-video-preview":"max-video-preview:-1"},"canonical":"https:\/\/www.cde.ual.es\/en\/mario-draghi-outlines-his-plan-to-improve-europes-competitiveness\/","og_locale":"en_US","og_type":"article","og_title":"Mario Draghi outlines his plan to improve Europe's competitiveness | CDE Almer\u00eda - Centro de Documentaci\u00f3n Europea - Universidad de Almer\u00eda","og_description":"On Tuesday, Mario Draghi outlined his blueprint for improving Europe\u2019s competitiveness through closer cooperation in core areas and massive investment in shared objectives. Mr Draghi, author of a report on European competitiveness requested by the President of the European Commission, said that the EU needed to focus on three crucial issues: closing the innovation gap [&hellip;]","og_url":"https:\/\/www.cde.ual.es\/en\/mario-draghi-outlines-his-plan-to-improve-europes-competitiveness\/","og_site_name":"CDE Almer\u00eda - Centro de Documentaci\u00f3n Europea - Universidad de Almer\u00eda","article_publisher":"https:\/\/www.facebook.com\/cdeuniversidadalmeria\/","article_published_time":"2024-09-18T07:38:03+00:00","og_image":[{"width":1156,"height":770,"url":"https:\/\/www.cde.ual.es\/wp-content\/uploads\/2024\/09\/draghi.jpg","type":"image\/jpeg"}],"author":"AdminCDE","twitter_card":"summary_large_image","twitter_creator":"@cdeualmeria","twitter_site":"@cdeualmeria","twitter_misc":{"Written by":"AdminCDE","Est. reading time":"2 minutes"},"schema":{"@context":"https:\/\/schema.org","@graph":[{"@type":"Article","@id":"https:\/\/www.cde.ual.es\/en\/mario-draghi-outlines-his-plan-to-improve-europes-competitiveness\/#article","isPartOf":{"@id":"https:\/\/www.cde.ual.es\/en\/mario-draghi-outlines-his-plan-to-improve-europes-competitiveness\/"},"author":{"name":"AdminCDE","@id":"https:\/\/www.cde.ual.es\/#\/schema\/person\/224ef08c8bcc005f319d2713ce37ee5f"},"headline":"Mario Draghi outlines his plan to improve Europe&#8217;s competitiveness","datePublished":"2024-09-18T07:38:03+00:00","mainEntityOfPage":{"@id":"https:\/\/www.cde.ual.es\/en\/mario-draghi-outlines-his-plan-to-improve-europes-competitiveness\/"},"wordCount":273,"commentCount":0,"publisher":{"@id":"https:\/\/www.cde.ual.es\/#organization"},"image":{"@id":"https:\/\/www.cde.ual.es\/en\/mario-draghi-outlines-his-plan-to-improve-europes-competitiveness\/#primaryimage"},"thumbnailUrl":"https:\/\/www.cde.ual.es\/wp-content\/uploads\/2024\/09\/draghi.jpg","keywords":["competitiveness","Cooperation","Europe","Investment","Mario Draghi"],"articleSection":["Economy and Finance","EU News"],"inLanguage":"en-US","potentialAction":[{"@type":"CommentAction","name":"Comment","target":["https:\/\/www.cde.ual.es\/en\/mario-draghi-outlines-his-plan-to-improve-europes-competitiveness\/#respond"]}]},{"@type":"WebPage","@id":"https:\/\/www.cde.ual.es\/en\/mario-draghi-outlines-his-plan-to-improve-europes-competitiveness\/","url":"https:\/\/www.cde.ual.es\/en\/mario-draghi-outlines-his-plan-to-improve-europes-competitiveness\/","name":"Mario Draghi outlines his plan to improve Europe's competitiveness | CDE Almer\u00eda - Centro de Documentaci\u00f3n Europea - Universidad de Almer\u00eda","isPartOf":{"@id":"https:\/\/www.cde.ual.es\/#website"},"primaryImageOfPage":{"@id":"https:\/\/www.cde.ual.es\/en\/mario-draghi-outlines-his-plan-to-improve-europes-competitiveness\/#primaryimage"},"image":{"@id":"https:\/\/www.cde.ual.es\/en\/mario-draghi-outlines-his-plan-to-improve-europes-competitiveness\/#primaryimage"},"thumbnailUrl":"https:\/\/www.cde.ual.es\/wp-content\/uploads\/2024\/09\/draghi.jpg","datePublished":"2024-09-18T07:38:03+00:00","breadcrumb":{"@id":"https:\/\/www.cde.ual.es\/en\/mario-draghi-outlines-his-plan-to-improve-europes-competitiveness\/#breadcrumb"},"inLanguage":"en-US","potentialAction":[{"@type":"ReadAction","target":["https:\/\/www.cde.ual.es\/en\/mario-draghi-outlines-his-plan-to-improve-europes-competitiveness\/"]}]},{"@type":"ImageObject","inLanguage":"en-US","@id":"https:\/\/www.cde.ual.es\/en\/mario-draghi-outlines-his-plan-to-improve-europes-competitiveness\/#primaryimage","url":"https:\/\/www.cde.ual.es\/wp-content\/uploads\/2024\/09\/draghi.jpg","contentUrl":"https:\/\/www.cde.ual.es\/wp-content\/uploads\/2024\/09\/draghi.jpg","width":1156,"height":770},{"@type":"BreadcrumbList","@id":"https:\/\/www.cde.ual.es\/en\/mario-draghi-outlines-his-plan-to-improve-europes-competitiveness\/#breadcrumb","itemListElement":[{"@type":"ListItem","position":1,"name":"Inicio","item":"https:\/\/www.cde.ual.es\/en\/"},{"@type":"ListItem","position":2,"name":"EU News","item":"https:\/\/www.cde.ual.es\/en\/category\/eu-news\/"},{"@type":"ListItem","position":3,"name":"Market","item":"https:\/\/www.cde.ual.es\/en\/category\/eu-news\/market\/"},{"@type":"ListItem","position":4,"name":"Economy and Finance","item":"https:\/\/www.cde.ual.es\/en\/category\/eu-news\/market\/economy-finance\/"},{"@type":"ListItem","position":5,"name":"Mario Draghi outlines his plan to improve Europe&#8217;s competitiveness"}]},{"@type":"WebSite","@id":"https:\/\/www.cde.ual.es\/#website","url":"https:\/\/www.cde.ual.es\/","name":"CDE Almer\u00eda - Centro de Documentaci\u00f3n Europea - Universidad de Almer\u00eda","description":"Centro de Documentaci\u00f3n Europea de la Universidad de Almer\u00eda","publisher":{"@id":"https:\/\/www.cde.ual.es\/#organization"},"alternateName":"CDE Almer\u00eda","potentialAction":[{"@type":"SearchAction","target":{"@type":"EntryPoint","urlTemplate":"https:\/\/www.cde.ual.es\/?s={search_term_string}"},"query-input":{"@type":"PropertyValueSpecification","valueRequired":true,"valueName":"search_term_string"}}],"inLanguage":"en-US"},{"@type":"Organization","@id":"https:\/\/www.cde.ual.es\/#organization","name":"Centro de Documentaci\u00f3n Europea de Almer\u00eda","url":"https:\/\/www.cde.ual.es\/","logo":{"@type":"ImageObject","inLanguage":"en-US","@id":"https:\/\/www.cde.ual.es\/#\/schema\/logo\/image\/","url":"https:\/\/www.cde.ual.es\/wp-content\/uploads\/2025\/07\/cde-logo-3.png","contentUrl":"https:\/\/www.cde.ual.es\/wp-content\/uploads\/2025\/07\/cde-logo-3.png","width":1400,"height":300,"caption":"Centro de Documentaci\u00f3n Europea de Almer\u00eda"},"image":{"@id":"https:\/\/www.cde.ual.es\/#\/schema\/logo\/image\/"},"sameAs":["https:\/\/www.facebook.com\/cdeuniversidadalmeria\/","https:\/\/x.com\/cdeualmeria","https:\/\/www.tiktok.com\/@cdealmeria","https:\/\/www.instagram.com\/cdealmeria\/","https:\/\/www.linkedin.com\/in\/cde-almera-812b26a9\/"]},{"@type":"Person","@id":"https:\/\/www.cde.ual.es\/#\/schema\/person\/224ef08c8bcc005f319d2713ce37ee5f","name":"AdminCDE","image":{"@type":"ImageObject","inLanguage":"en-US","@id":"https:\/\/secure.gravatar.com\/avatar\/a72d038d371f995cd13706fac32274b7952a52e8fb0a84b5f80c85426f2a98a8?s=96&d=mm&r=g","url":"https:\/\/secure.gravatar.com\/avatar\/a72d038d371f995cd13706fac32274b7952a52e8fb0a84b5f80c85426f2a98a8?s=96&d=mm&r=g","contentUrl":"https:\/\/secure.gravatar.com\/avatar\/a72d038d371f995cd13706fac32274b7952a52e8fb0a84b5f80c85426f2a98a8?s=96&d=mm&r=g","caption":"AdminCDE"}}]}},"_links":{"self":[{"href":"https:\/\/www.cde.ual.es\/en\/wp-json\/wp\/v2\/posts\/153190","targetHints":{"allow":["GET"]}}],"collection":[{"href":"https:\/\/www.cde.ual.es\/en\/wp-json\/wp\/v2\/posts"}],"about":[{"href":"https:\/\/www.cde.ual.es\/en\/wp-json\/wp\/v2\/types\/post"}],"author":[{"embeddable":true,"href":"https:\/\/www.cde.ual.es\/en\/wp-json\/wp\/v2\/users\/1"}],"replies":[{"embeddable":true,"href":"https:\/\/www.cde.ual.es\/en\/wp-json\/wp\/v2\/comments?post=153190"}],"version-history":[{"count":1,"href":"https:\/\/www.cde.ual.es\/en\/wp-json\/wp\/v2\/posts\/153190\/revisions"}],"predecessor-version":[{"id":153193,"href":"https:\/\/www.cde.ual.es\/en\/wp-json\/wp\/v2\/posts\/153190\/revisions\/153193"}],"wp:featuredmedia":[{"embeddable":true,"href":"https:\/\/www.cde.ual.es\/en\/wp-json\/wp\/v2\/media\/153191"}],"wp:attachment":[{"href":"https:\/\/www.cde.ual.es\/en\/wp-json\/wp\/v2\/media?parent=153190"}],"wp:term":[{"taxonomy":"category","embeddable":true,"href":"https:\/\/www.cde.ual.es\/en\/wp-json\/wp\/v2\/categories?post=153190"},{"taxonomy":"post_tag","embeddable":true,"href":"https:\/\/www.cde.ual.es\/en\/wp-json\/wp\/v2\/tags?post=153190"}],"curies":[{"name":"wp","href":"https:\/\/api.w.org\/{rel}","templated":true}]}}