{"id":152910,"date":"2024-09-10T09:45:45","date_gmt":"2024-09-10T07:45:45","guid":{"rendered":"https:\/\/www.cde.ual.es\/?p=152910"},"modified":"2024-09-10T09:45:45","modified_gmt":"2024-09-10T07:45:45","slug":"eu-competitiveness-looking-ahead","status":"publish","type":"post","link":"https:\/\/www.cde.ual.es\/en\/eu-competitiveness-looking-ahead\/","title":{"rendered":"EU competitiveness: Looking ahead"},"content":{"rendered":"<div class=\"ecl-u-mb-2xl\">\n<h2 class=\"ecl-u-type-heading-2\" style=\"text-align: justify;\">Introduction<\/h2>\n<article class=\"ecl-featured-item\">\n<div class=\"ecl-featured-item__container ecl-featured-item__container--right\">\n<div class=\"ecl-featured-item__item\">\n<div class=\"ecl-featured-item__description\">\n<div class=\"ecl\">\n<p style=\"text-align: justify;\">Today, Europe stands united in its pursuit of inclusive economic growth, focusing on<\/p>\n<ul style=\"text-align: justify;\">\n<li><strong>sustainable competitiveness<\/strong><\/li>\n<li><strong>economic security<\/strong><\/li>\n<li><strong>open strategic autonomy<\/strong><\/li>\n<li><strong>fair competition<\/strong><\/li>\n<\/ul>\n<p style=\"text-align: justify;\">They all serve as pillars of prosperity.<\/p>\n<p><a href=\"https:\/\/www.cde.ual.es\/wp-content\/uploads\/2024\/09\/future-of-European-competitiveness_image.jpg\"><img decoding=\"async\" class=\"aligncenter size-full wp-image-152911\" src=\"https:\/\/www.cde.ual.es\/wp-content\/uploads\/2024\/09\/future-of-European-competitiveness_image.jpg\" alt=\"\" width=\"991\" height=\"663\" srcset=\"https:\/\/www.cde.ual.es\/wp-content\/uploads\/2024\/09\/future-of-European-competitiveness_image.jpg 991w, https:\/\/www.cde.ual.es\/wp-content\/uploads\/2024\/09\/future-of-European-competitiveness_image-300x201.jpg 300w, https:\/\/www.cde.ual.es\/wp-content\/uploads\/2024\/09\/future-of-European-competitiveness_image-768x514.jpg 768w\" sizes=\"(max-width: 991px) 100vw, 991px\" \/><\/a><\/p>\n<p style=\"text-align: justify;\">The vision that drives Europe forward is to create conditions where businesses thrive, the environment is protected, and everyone has an equal chance at success.<\/p>\n<p style=\"text-align: justify;\">Sustainable competitiveness should make sure businesses are productive and environmentally friendly. Economic security ensures that our economy can handle challenges and protect jobs. With open strategic autonomy, Europe is not just open for business; but is shaping a better, fairer world.<\/p>\n<\/div>\n<\/div>\n<\/div>\n<\/div>\n<\/article>\n<\/div>\n<div class=\"ecl-u-mb-2xl\" style=\"text-align: justify;\">\n<h2><\/h2>\n<h2 class=\"ecl-u-type-heading-2\">Way forward for EU\u2019s competitiveness<\/h2>\n<div class=\"ecl\">\n<p><strong>Europe&#8217;s strong system of rights and values offers equal opportunities and leads the way in social inclusion<\/strong>. Our institutions, economic frameworks, and commitment to the rule of law create an environment where businesses can thrive and people can prosper. Top-notch infrastructure and a skilled workforce give Europe its competitive edge.<\/p>\n<p>In a changing world with new challenges,<strong> the European Union is focused on staying competitive and prosperous<\/strong>. We&#8217;re working hard to maintain our leadership globally and to make sure we have control over our own future.<\/p>\n<p>Therefore Europe needs to look further ahead and set out how to remain competitive.<\/p>\n<p>This is why <strong>Mario Draghi<\/strong> \u2013 former European Central Bank President and one of Europe&#8217;s great economic minds \u2013 was tasked by the European Commission to prepare a report of his personal vision on the future of European competitiveness.<\/p>\n<\/div>\n<\/div>\n<div class=\"ecl-u-mb-2xl\">\n<h2 class=\"ecl-u-type-heading-2\" style=\"text-align: justify;\">The future of European competitiveness: Report by Mario Draghi<\/h2>\n<article class=\"ecl-featured-item\">\n<div class=\"ecl-featured-item__container ecl-featured-item__container--right\">\n<div class=\"ecl-featured-item__item\">\n<div class=\"ecl-featured-item__description\">\n<div class=\"ecl\">\n<p style=\"text-align: justify;\">The report looks at the challenges faced by the industry and companies in the Single Market.<\/p>\n<p style=\"text-align: justify;\"><strong>The findings of the report will contribute to the Commission\u2019s work on a new plan for Europe\u2019s sustainable prosperity and competitiveness.<\/strong> And in particular, to the development of the new Clean Industrial Deal for competitive industries and quality jobs, which will be presented in the first 100 days of the new Commission mandate.<\/p>\n<p style=\"text-align: justify;\"><a href=\"https:\/\/commission.europa.eu\/document\/97e481fd-2dc3-412d-be4c-f152a8232961_en\"><strong>Download Report<\/strong><\/a><\/p>\n<p style=\"text-align: justify;\">Source: <a href=\"https:\/\/commission.europa.eu\/topics\/strengthening-european-competitiveness\/eu-competitiveness-looking-ahead_en?etrans=es&amp;prefLang=es\">European Comission<\/a><\/p>\n<\/div>\n<\/div>\n<\/div>\n<\/div>\n<\/article>\n<\/div>\n","protected":false},"excerpt":{"rendered":"<p>Introduction Today, Europe stands united in its pursuit of inclusive economic growth, focusing on sustainable competitiveness economic security open strategic autonomy fair competition They all serve as pillars of prosperity. The vision that drives Europe forward is to create conditions where businesses thrive, the environment is protected, and everyone has an equal chance at success. [&hellip;]<\/p>\n","protected":false},"author":1,"featured_media":152911,"comment_status":"open","ping_status":"open","sticky":false,"template":"","format":"standard","meta":{"_acf_changed":false,"_relevanssi_hide_post":"","_relevanssi_hide_content":"","_relevanssi_pin_for_all":"","_relevanssi_pin_keywords":"","_relevanssi_unpin_keywords":"","_relevanssi_related_keywords":"","_relevanssi_related_include_ids":"","_relevanssi_related_exclude_ids":"","_relevanssi_related_no_append":"","_relevanssi_related_not_related":"","_relevanssi_related_posts":"","_relevanssi_noindex_reason":"","_monsterinsights_skip_tracking":false,"_monsterinsights_sitenote_active":false,"_monsterinsights_sitenote_note":"","_monsterinsights_sitenote_category":0,"_genesis_hide_title":false,"_genesis_hide_breadcrumbs":false,"_genesis_hide_singular_image":false,"_genesis_hide_footer_widgets":false,"_genesis_custom_body_class":"","_genesis_custom_post_class":"","_genesis_layout":"","footnotes":""},"categories":[346,4088],"tags":[8788,1378,12608,481],"class_list":{"0":"post-152910","1":"post","2":"type-post","3":"status-publish","4":"format-standard","5":"has-post-thumbnail","7":"category-eu-news","8":"category-market","9":"tag-competitiveness","10":"tag-economic-growth","11":"tag-mario-draghi","12":"tag-report","13":"entry"},"acf":[],"yoast_head":"<!-- This site is optimized with the Yoast SEO plugin v27.4 - https:\/\/yoast.com\/product\/yoast-seo-wordpress\/ -->\n<title>EU competitiveness: Looking ahead | CDE Almer\u00eda - Centro de Documentaci\u00f3n Europea - Universidad de Almer\u00eda<\/title>\n<meta name=\"robots\" content=\"index, follow, max-snippet:-1, max-image-preview:large, max-video-preview:-1\" \/>\n<link rel=\"canonical\" href=\"https:\/\/www.cde.ual.es\/en\/eu-competitiveness-looking-ahead\/\" \/>\n<meta property=\"og:locale\" content=\"en_US\" \/>\n<meta property=\"og:type\" content=\"article\" \/>\n<meta property=\"og:title\" content=\"EU competitiveness: Looking ahead | CDE Almer\u00eda - Centro de Documentaci\u00f3n Europea - Universidad de Almer\u00eda\" \/>\n<meta property=\"og:description\" content=\"Introduction Today, Europe stands united in its pursuit of inclusive economic growth, focusing on sustainable competitiveness economic security open strategic autonomy fair competition They all serve as pillars of prosperity. The vision that drives Europe forward is to create conditions where businesses thrive, the environment is protected, and everyone has an equal chance at success. [&hellip;]\" \/>\n<meta property=\"og:url\" content=\"https:\/\/www.cde.ual.es\/en\/eu-competitiveness-looking-ahead\/\" \/>\n<meta property=\"og:site_name\" content=\"CDE Almer\u00eda - Centro de Documentaci\u00f3n Europea - Universidad de Almer\u00eda\" \/>\n<meta property=\"article:publisher\" content=\"https:\/\/www.facebook.com\/cdeuniversidadalmeria\/\" \/>\n<meta property=\"article:published_time\" content=\"2024-09-10T07:45:45+00:00\" \/>\n<meta property=\"og:image\" content=\"https:\/\/www.cde.ual.es\/wp-content\/uploads\/2024\/09\/future-of-European-competitiveness_image.jpg\" \/>\n\t<meta property=\"og:image:width\" content=\"991\" \/>\n\t<meta property=\"og:image:height\" content=\"663\" \/>\n\t<meta property=\"og:image:type\" content=\"image\/jpeg\" \/>\n<meta name=\"author\" content=\"AdminCDE\" \/>\n<meta name=\"twitter:card\" content=\"summary_large_image\" \/>\n<meta name=\"twitter:creator\" content=\"@cdeualmeria\" \/>\n<meta name=\"twitter:site\" content=\"@cdeualmeria\" \/>\n<meta name=\"twitter:label1\" content=\"Written by\" \/>\n\t<meta name=\"twitter:data1\" content=\"AdminCDE\" \/>\n\t<meta name=\"twitter:label2\" content=\"Est. reading time\" \/>\n\t<meta name=\"twitter:data2\" content=\"2 minutes\" \/>\n<script type=\"application\/ld+json\" class=\"yoast-schema-graph\">{\"@context\":\"https:\\\/\\\/schema.org\",\"@graph\":[{\"@type\":\"Article\",\"@id\":\"https:\\\/\\\/www.cde.ual.es\\\/en\\\/eu-competitiveness-looking-ahead\\\/#article\",\"isPartOf\":{\"@id\":\"https:\\\/\\\/www.cde.ual.es\\\/en\\\/eu-competitiveness-looking-ahead\\\/\"},\"author\":{\"name\":\"AdminCDE\",\"@id\":\"https:\\\/\\\/www.cde.ual.es\\\/#\\\/schema\\\/person\\\/224ef08c8bcc005f319d2713ce37ee5f\"},\"headline\":\"EU competitiveness: Looking ahead\",\"datePublished\":\"2024-09-10T07:45:45+00:00\",\"mainEntityOfPage\":{\"@id\":\"https:\\\/\\\/www.cde.ual.es\\\/en\\\/eu-competitiveness-looking-ahead\\\/\"},\"wordCount\":330,\"commentCount\":0,\"publisher\":{\"@id\":\"https:\\\/\\\/www.cde.ual.es\\\/#organization\"},\"image\":{\"@id\":\"https:\\\/\\\/www.cde.ual.es\\\/en\\\/eu-competitiveness-looking-ahead\\\/#primaryimage\"},\"thumbnailUrl\":\"https:\\\/\\\/www.cde.ual.es\\\/wp-content\\\/uploads\\\/2024\\\/09\\\/future-of-European-competitiveness_image.jpg\",\"keywords\":[\"competitiveness\",\"economic growth\",\"Mario Draghi\",\"Report\"],\"articleSection\":[\"EU News\",\"Market\"],\"inLanguage\":\"en-US\",\"potentialAction\":[{\"@type\":\"CommentAction\",\"name\":\"Comment\",\"target\":[\"https:\\\/\\\/www.cde.ual.es\\\/en\\\/eu-competitiveness-looking-ahead\\\/#respond\"]}]},{\"@type\":\"WebPage\",\"@id\":\"https:\\\/\\\/www.cde.ual.es\\\/en\\\/eu-competitiveness-looking-ahead\\\/\",\"url\":\"https:\\\/\\\/www.cde.ual.es\\\/en\\\/eu-competitiveness-looking-ahead\\\/\",\"name\":\"EU competitiveness: Looking ahead | CDE Almer\u00eda - Centro de Documentaci\u00f3n Europea - Universidad de Almer\u00eda\",\"isPartOf\":{\"@id\":\"https:\\\/\\\/www.cde.ual.es\\\/#website\"},\"primaryImageOfPage\":{\"@id\":\"https:\\\/\\\/www.cde.ual.es\\\/en\\\/eu-competitiveness-looking-ahead\\\/#primaryimage\"},\"image\":{\"@id\":\"https:\\\/\\\/www.cde.ual.es\\\/en\\\/eu-competitiveness-looking-ahead\\\/#primaryimage\"},\"thumbnailUrl\":\"https:\\\/\\\/www.cde.ual.es\\\/wp-content\\\/uploads\\\/2024\\\/09\\\/future-of-European-competitiveness_image.jpg\",\"datePublished\":\"2024-09-10T07:45:45+00:00\",\"breadcrumb\":{\"@id\":\"https:\\\/\\\/www.cde.ual.es\\\/en\\\/eu-competitiveness-looking-ahead\\\/#breadcrumb\"},\"inLanguage\":\"en-US\",\"potentialAction\":[{\"@type\":\"ReadAction\",\"target\":[\"https:\\\/\\\/www.cde.ual.es\\\/en\\\/eu-competitiveness-looking-ahead\\\/\"]}]},{\"@type\":\"ImageObject\",\"inLanguage\":\"en-US\",\"@id\":\"https:\\\/\\\/www.cde.ual.es\\\/en\\\/eu-competitiveness-looking-ahead\\\/#primaryimage\",\"url\":\"https:\\\/\\\/www.cde.ual.es\\\/wp-content\\\/uploads\\\/2024\\\/09\\\/future-of-European-competitiveness_image.jpg\",\"contentUrl\":\"https:\\\/\\\/www.cde.ual.es\\\/wp-content\\\/uploads\\\/2024\\\/09\\\/future-of-European-competitiveness_image.jpg\",\"width\":991,\"height\":663},{\"@type\":\"BreadcrumbList\",\"@id\":\"https:\\\/\\\/www.cde.ual.es\\\/en\\\/eu-competitiveness-looking-ahead\\\/#breadcrumb\",\"itemListElement\":[{\"@type\":\"ListItem\",\"position\":1,\"name\":\"Inicio\",\"item\":\"https:\\\/\\\/www.cde.ual.es\\\/en\\\/\"},{\"@type\":\"ListItem\",\"position\":2,\"name\":\"EU News\",\"item\":\"https:\\\/\\\/www.cde.ual.es\\\/en\\\/category\\\/eu-news\\\/\"},{\"@type\":\"ListItem\",\"position\":3,\"name\":\"Market\",\"item\":\"https:\\\/\\\/www.cde.ual.es\\\/en\\\/category\\\/eu-news\\\/market\\\/\"},{\"@type\":\"ListItem\",\"position\":4,\"name\":\"EU competitiveness: Looking ahead\"}]},{\"@type\":\"WebSite\",\"@id\":\"https:\\\/\\\/www.cde.ual.es\\\/#website\",\"url\":\"https:\\\/\\\/www.cde.ual.es\\\/\",\"name\":\"CDE Almer\u00eda - Centro de Documentaci\u00f3n Europea - Universidad de Almer\u00eda\",\"description\":\"Centro de Documentaci\u00f3n Europea de la Universidad de Almer\u00eda\",\"publisher\":{\"@id\":\"https:\\\/\\\/www.cde.ual.es\\\/#organization\"},\"alternateName\":\"CDE Almer\u00eda\",\"potentialAction\":[{\"@type\":\"SearchAction\",\"target\":{\"@type\":\"EntryPoint\",\"urlTemplate\":\"https:\\\/\\\/www.cde.ual.es\\\/?s={search_term_string}\"},\"query-input\":{\"@type\":\"PropertyValueSpecification\",\"valueRequired\":true,\"valueName\":\"search_term_string\"}}],\"inLanguage\":\"en-US\"},{\"@type\":\"Organization\",\"@id\":\"https:\\\/\\\/www.cde.ual.es\\\/#organization\",\"name\":\"Centro de Documentaci\u00f3n Europea de Almer\u00eda\",\"url\":\"https:\\\/\\\/www.cde.ual.es\\\/\",\"logo\":{\"@type\":\"ImageObject\",\"inLanguage\":\"en-US\",\"@id\":\"https:\\\/\\\/www.cde.ual.es\\\/#\\\/schema\\\/logo\\\/image\\\/\",\"url\":\"https:\\\/\\\/www.cde.ual.es\\\/wp-content\\\/uploads\\\/2025\\\/07\\\/cde-logo-3.png\",\"contentUrl\":\"https:\\\/\\\/www.cde.ual.es\\\/wp-content\\\/uploads\\\/2025\\\/07\\\/cde-logo-3.png\",\"width\":1400,\"height\":300,\"caption\":\"Centro de Documentaci\u00f3n Europea de Almer\u00eda\"},\"image\":{\"@id\":\"https:\\\/\\\/www.cde.ual.es\\\/#\\\/schema\\\/logo\\\/image\\\/\"},\"sameAs\":[\"https:\\\/\\\/www.facebook.com\\\/cdeuniversidadalmeria\\\/\",\"https:\\\/\\\/x.com\\\/cdeualmeria\",\"https:\\\/\\\/www.tiktok.com\\\/@cdealmeria\",\"https:\\\/\\\/www.instagram.com\\\/cdealmeria\\\/\",\"https:\\\/\\\/www.linkedin.com\\\/in\\\/cde-almera-812b26a9\\\/\"]},{\"@type\":\"Person\",\"@id\":\"https:\\\/\\\/www.cde.ual.es\\\/#\\\/schema\\\/person\\\/224ef08c8bcc005f319d2713ce37ee5f\",\"name\":\"AdminCDE\",\"image\":{\"@type\":\"ImageObject\",\"inLanguage\":\"en-US\",\"@id\":\"https:\\\/\\\/secure.gravatar.com\\\/avatar\\\/a72d038d371f995cd13706fac32274b7952a52e8fb0a84b5f80c85426f2a98a8?s=96&d=mm&r=g\",\"url\":\"https:\\\/\\\/secure.gravatar.com\\\/avatar\\\/a72d038d371f995cd13706fac32274b7952a52e8fb0a84b5f80c85426f2a98a8?s=96&d=mm&r=g\",\"contentUrl\":\"https:\\\/\\\/secure.gravatar.com\\\/avatar\\\/a72d038d371f995cd13706fac32274b7952a52e8fb0a84b5f80c85426f2a98a8?s=96&d=mm&r=g\",\"caption\":\"AdminCDE\"}}]}<\/script>\n<!-- \/ Yoast SEO plugin. -->","yoast_head_json":{"title":"EU competitiveness: Looking ahead | CDE Almer\u00eda - Centro de Documentaci\u00f3n Europea - Universidad de Almer\u00eda","robots":{"index":"index","follow":"follow","max-snippet":"max-snippet:-1","max-image-preview":"max-image-preview:large","max-video-preview":"max-video-preview:-1"},"canonical":"https:\/\/www.cde.ual.es\/en\/eu-competitiveness-looking-ahead\/","og_locale":"en_US","og_type":"article","og_title":"EU competitiveness: Looking ahead | CDE Almer\u00eda - Centro de Documentaci\u00f3n Europea - Universidad de Almer\u00eda","og_description":"Introduction Today, Europe stands united in its pursuit of inclusive economic growth, focusing on sustainable competitiveness economic security open strategic autonomy fair competition They all serve as pillars of prosperity. The vision that drives Europe forward is to create conditions where businesses thrive, the environment is protected, and everyone has an equal chance at success. [&hellip;]","og_url":"https:\/\/www.cde.ual.es\/en\/eu-competitiveness-looking-ahead\/","og_site_name":"CDE Almer\u00eda - Centro de Documentaci\u00f3n Europea - Universidad de Almer\u00eda","article_publisher":"https:\/\/www.facebook.com\/cdeuniversidadalmeria\/","article_published_time":"2024-09-10T07:45:45+00:00","og_image":[{"width":991,"height":663,"url":"https:\/\/www.cde.ual.es\/wp-content\/uploads\/2024\/09\/future-of-European-competitiveness_image.jpg","type":"image\/jpeg"}],"author":"AdminCDE","twitter_card":"summary_large_image","twitter_creator":"@cdeualmeria","twitter_site":"@cdeualmeria","twitter_misc":{"Written by":"AdminCDE","Est. reading time":"2 minutes"},"schema":{"@context":"https:\/\/schema.org","@graph":[{"@type":"Article","@id":"https:\/\/www.cde.ual.es\/en\/eu-competitiveness-looking-ahead\/#article","isPartOf":{"@id":"https:\/\/www.cde.ual.es\/en\/eu-competitiveness-looking-ahead\/"},"author":{"name":"AdminCDE","@id":"https:\/\/www.cde.ual.es\/#\/schema\/person\/224ef08c8bcc005f319d2713ce37ee5f"},"headline":"EU competitiveness: Looking ahead","datePublished":"2024-09-10T07:45:45+00:00","mainEntityOfPage":{"@id":"https:\/\/www.cde.ual.es\/en\/eu-competitiveness-looking-ahead\/"},"wordCount":330,"commentCount":0,"publisher":{"@id":"https:\/\/www.cde.ual.es\/#organization"},"image":{"@id":"https:\/\/www.cde.ual.es\/en\/eu-competitiveness-looking-ahead\/#primaryimage"},"thumbnailUrl":"https:\/\/www.cde.ual.es\/wp-content\/uploads\/2024\/09\/future-of-European-competitiveness_image.jpg","keywords":["competitiveness","economic growth","Mario Draghi","Report"],"articleSection":["EU News","Market"],"inLanguage":"en-US","potentialAction":[{"@type":"CommentAction","name":"Comment","target":["https:\/\/www.cde.ual.es\/en\/eu-competitiveness-looking-ahead\/#respond"]}]},{"@type":"WebPage","@id":"https:\/\/www.cde.ual.es\/en\/eu-competitiveness-looking-ahead\/","url":"https:\/\/www.cde.ual.es\/en\/eu-competitiveness-looking-ahead\/","name":"EU competitiveness: Looking ahead | CDE Almer\u00eda - Centro de Documentaci\u00f3n Europea - Universidad de Almer\u00eda","isPartOf":{"@id":"https:\/\/www.cde.ual.es\/#website"},"primaryImageOfPage":{"@id":"https:\/\/www.cde.ual.es\/en\/eu-competitiveness-looking-ahead\/#primaryimage"},"image":{"@id":"https:\/\/www.cde.ual.es\/en\/eu-competitiveness-looking-ahead\/#primaryimage"},"thumbnailUrl":"https:\/\/www.cde.ual.es\/wp-content\/uploads\/2024\/09\/future-of-European-competitiveness_image.jpg","datePublished":"2024-09-10T07:45:45+00:00","breadcrumb":{"@id":"https:\/\/www.cde.ual.es\/en\/eu-competitiveness-looking-ahead\/#breadcrumb"},"inLanguage":"en-US","potentialAction":[{"@type":"ReadAction","target":["https:\/\/www.cde.ual.es\/en\/eu-competitiveness-looking-ahead\/"]}]},{"@type":"ImageObject","inLanguage":"en-US","@id":"https:\/\/www.cde.ual.es\/en\/eu-competitiveness-looking-ahead\/#primaryimage","url":"https:\/\/www.cde.ual.es\/wp-content\/uploads\/2024\/09\/future-of-European-competitiveness_image.jpg","contentUrl":"https:\/\/www.cde.ual.es\/wp-content\/uploads\/2024\/09\/future-of-European-competitiveness_image.jpg","width":991,"height":663},{"@type":"BreadcrumbList","@id":"https:\/\/www.cde.ual.es\/en\/eu-competitiveness-looking-ahead\/#breadcrumb","itemListElement":[{"@type":"ListItem","position":1,"name":"Inicio","item":"https:\/\/www.cde.ual.es\/en\/"},{"@type":"ListItem","position":2,"name":"EU News","item":"https:\/\/www.cde.ual.es\/en\/category\/eu-news\/"},{"@type":"ListItem","position":3,"name":"Market","item":"https:\/\/www.cde.ual.es\/en\/category\/eu-news\/market\/"},{"@type":"ListItem","position":4,"name":"EU competitiveness: Looking ahead"}]},{"@type":"WebSite","@id":"https:\/\/www.cde.ual.es\/#website","url":"https:\/\/www.cde.ual.es\/","name":"CDE Almer\u00eda - Centro de Documentaci\u00f3n Europea - Universidad de Almer\u00eda","description":"Centro de Documentaci\u00f3n Europea de la Universidad de Almer\u00eda","publisher":{"@id":"https:\/\/www.cde.ual.es\/#organization"},"alternateName":"CDE Almer\u00eda","potentialAction":[{"@type":"SearchAction","target":{"@type":"EntryPoint","urlTemplate":"https:\/\/www.cde.ual.es\/?s={search_term_string}"},"query-input":{"@type":"PropertyValueSpecification","valueRequired":true,"valueName":"search_term_string"}}],"inLanguage":"en-US"},{"@type":"Organization","@id":"https:\/\/www.cde.ual.es\/#organization","name":"Centro de Documentaci\u00f3n Europea de Almer\u00eda","url":"https:\/\/www.cde.ual.es\/","logo":{"@type":"ImageObject","inLanguage":"en-US","@id":"https:\/\/www.cde.ual.es\/#\/schema\/logo\/image\/","url":"https:\/\/www.cde.ual.es\/wp-content\/uploads\/2025\/07\/cde-logo-3.png","contentUrl":"https:\/\/www.cde.ual.es\/wp-content\/uploads\/2025\/07\/cde-logo-3.png","width":1400,"height":300,"caption":"Centro de Documentaci\u00f3n Europea de Almer\u00eda"},"image":{"@id":"https:\/\/www.cde.ual.es\/#\/schema\/logo\/image\/"},"sameAs":["https:\/\/www.facebook.com\/cdeuniversidadalmeria\/","https:\/\/x.com\/cdeualmeria","https:\/\/www.tiktok.com\/@cdealmeria","https:\/\/www.instagram.com\/cdealmeria\/","https:\/\/www.linkedin.com\/in\/cde-almera-812b26a9\/"]},{"@type":"Person","@id":"https:\/\/www.cde.ual.es\/#\/schema\/person\/224ef08c8bcc005f319d2713ce37ee5f","name":"AdminCDE","image":{"@type":"ImageObject","inLanguage":"en-US","@id":"https:\/\/secure.gravatar.com\/avatar\/a72d038d371f995cd13706fac32274b7952a52e8fb0a84b5f80c85426f2a98a8?s=96&d=mm&r=g","url":"https:\/\/secure.gravatar.com\/avatar\/a72d038d371f995cd13706fac32274b7952a52e8fb0a84b5f80c85426f2a98a8?s=96&d=mm&r=g","contentUrl":"https:\/\/secure.gravatar.com\/avatar\/a72d038d371f995cd13706fac32274b7952a52e8fb0a84b5f80c85426f2a98a8?s=96&d=mm&r=g","caption":"AdminCDE"}}]}},"_links":{"self":[{"href":"https:\/\/www.cde.ual.es\/en\/wp-json\/wp\/v2\/posts\/152910","targetHints":{"allow":["GET"]}}],"collection":[{"href":"https:\/\/www.cde.ual.es\/en\/wp-json\/wp\/v2\/posts"}],"about":[{"href":"https:\/\/www.cde.ual.es\/en\/wp-json\/wp\/v2\/types\/post"}],"author":[{"embeddable":true,"href":"https:\/\/www.cde.ual.es\/en\/wp-json\/wp\/v2\/users\/1"}],"replies":[{"embeddable":true,"href":"https:\/\/www.cde.ual.es\/en\/wp-json\/wp\/v2\/comments?post=152910"}],"version-history":[{"count":1,"href":"https:\/\/www.cde.ual.es\/en\/wp-json\/wp\/v2\/posts\/152910\/revisions"}],"predecessor-version":[{"id":152913,"href":"https:\/\/www.cde.ual.es\/en\/wp-json\/wp\/v2\/posts\/152910\/revisions\/152913"}],"wp:featuredmedia":[{"embeddable":true,"href":"https:\/\/www.cde.ual.es\/en\/wp-json\/wp\/v2\/media\/152911"}],"wp:attachment":[{"href":"https:\/\/www.cde.ual.es\/en\/wp-json\/wp\/v2\/media?parent=152910"}],"wp:term":[{"taxonomy":"category","embeddable":true,"href":"https:\/\/www.cde.ual.es\/en\/wp-json\/wp\/v2\/categories?post=152910"},{"taxonomy":"post_tag","embeddable":true,"href":"https:\/\/www.cde.ual.es\/en\/wp-json\/wp\/v2\/tags?post=152910"}],"curies":[{"name":"wp","href":"https:\/\/api.w.org\/{rel}","templated":true}]}}