{"id":152750,"date":"2024-07-25T12:44:08","date_gmt":"2024-07-25T10:44:08","guid":{"rendered":"https:\/\/www.cde.ual.es\/?p=152750"},"modified":"2024-07-25T12:44:08","modified_gmt":"2024-07-25T10:44:08","slug":"eus-first-medical-evacuation-operation-of-palestinians-transfers-children-from-egypt-to-spain","status":"publish","type":"post","link":"https:\/\/www.cde.ual.es\/en\/eus-first-medical-evacuation-operation-of-palestinians-transfers-children-from-egypt-to-spain\/","title":{"rendered":"EU&#8217;s first medical evacuation operation of Palestinians transfers children from Egypt to Spain"},"content":{"rendered":"<p style=\"text-align: justify;\">On 24 July, the first EU-coordinated medical evacuation operation of 16 Palestinian children and their family members took place from Egypt to Spain. The operation was financially and operationally supported by the EU Civil Protection Mechanism (UCPM), in close coordination with the World Health Organization (WHO), the Palestine Childrens Relief Fund (PCRF) and authorities of all countries involved.<\/p>\n<p><a href=\"https:\/\/www.cde.ual.es\/wp-content\/uploads\/2024\/07\/hdl-medevac-gaza-palestine-egypt.jpg\"><img decoding=\"async\" class=\"aligncenter size-full wp-image-152747\" src=\"https:\/\/www.cde.ual.es\/wp-content\/uploads\/2024\/07\/hdl-medevac-gaza-palestine-egypt.jpg\" alt=\"\" width=\"991\" height=\"425\" srcset=\"https:\/\/www.cde.ual.es\/wp-content\/uploads\/2024\/07\/hdl-medevac-gaza-palestine-egypt.jpg 991w, https:\/\/www.cde.ual.es\/wp-content\/uploads\/2024\/07\/hdl-medevac-gaza-palestine-egypt-300x129.jpg 300w, https:\/\/www.cde.ual.es\/wp-content\/uploads\/2024\/07\/hdl-medevac-gaza-palestine-egypt-768x329.jpg 768w\" sizes=\"(max-width: 991px) 100vw, 991px\" \/><\/a><\/p>\n<section id=\"inline-nav-1\">\n<div class=\"ecl-paragraph-detail\">\n<p style=\"text-align: justify;\">In response to the activation of the EU Civil Protection Mechanism by the WHO, the EU has been fully supporting the coordination of the activities to medically evacuate Palestinian patients to Europe. The request concerns targeted medical evacuations for a number of children in urgent need of medical care.<\/p>\n<p style=\"text-align: justify;\">So far, Belgium, Italy, Luxembourg, Malta, Romania, Slovakia and Spain offered assistance for medical evacuations, including treatment for patients as well as transportation.<\/p>\n<p style=\"text-align: justify;\">The Emergency Response Coordination Centre (ERCC), in coordination with EU health and consular services, as well as respective EU Delegations, is in contact with the Member States, WHO and all relevant partners to facilitate these operations which are expected to continue in the coming weeks.<\/p>\n<p style=\"text-align: justify;\">Since the beginning of the crisis, the EU has been a strong supporter of the health response in Gaza through its humanitarian partners. In 2024, 23% of the EU&#8217;s humanitarian budget has been allocated to issues related to health in Gaza, amounting to \u20ac32.5 million. \u00a0Since early January, the EU has also been supporting the WHO&#8217;s Gaza Emergency Medical Team Coordination Cell in Cairo with 22 experts deployed from the EU and the EU Civil Protection Mechanism&#8217;s participating countries.<\/p>\n<\/div>\n<\/section>\n<section id=\"inline-nav-7\" class=\"ecpr-section\"><\/section>\n<p><strong>More information: <a href=\"https:\/\/ec.europa.eu\/commission\/presscorner\/detail\/en\/ip_24_3963\">European Commission<\/a><\/strong><\/p>\n","protected":false},"excerpt":{"rendered":"<p>On 24 July, the first EU-coordinated medical evacuation operation of 16 Palestinian children and their family members took place from Egypt to Spain. The operation was financially and operationally supported by the EU Civil Protection Mechanism (UCPM), in close coordination with the World Health Organization (WHO), the Palestine Childrens Relief Fund (PCRF) and authorities of [&hellip;]<\/p>\n","protected":false},"author":1,"featured_media":152748,"comment_status":"open","ping_status":"open","sticky":false,"template":"","format":"standard","meta":{"_acf_changed":false,"_relevanssi_hide_post":"","_relevanssi_hide_content":"","_relevanssi_pin_for_all":"","_relevanssi_pin_keywords":"","_relevanssi_unpin_keywords":"","_relevanssi_related_keywords":"","_relevanssi_related_include_ids":"","_relevanssi_related_exclude_ids":"","_relevanssi_related_no_append":"","_relevanssi_related_not_related":"","_relevanssi_related_posts":"","_relevanssi_noindex_reason":"","_monsterinsights_skip_tracking":false,"_monsterinsights_sitenote_active":false,"_monsterinsights_sitenote_note":"","_monsterinsights_sitenote_category":0,"_genesis_hide_title":false,"_genesis_hide_breadcrumbs":false,"_genesis_hide_singular_image":false,"_genesis_hide_footer_widgets":false,"_genesis_custom_body_class":"","_genesis_custom_post_class":"","_genesis_layout":"","footnotes":""},"categories":[346,4064,4065],"tags":[1152,7778,12580,806],"class_list":{"0":"post-152750","1":"post","2":"type-post","3":"status-publish","4":"format-standard","5":"has-post-thumbnail","7":"category-eu-news","8":"category-institutional","9":"category-international-pol-coop","10":"tag-children","11":"tag-egypt","12":"tag-palestinians","13":"tag-spain","14":"entry"},"acf":[],"yoast_head":"<!-- This site is optimized with the Yoast SEO plugin v27.5 - https:\/\/yoast.com\/product\/yoast-seo-wordpress\/ -->\n<title>EU&#039;s first medical evacuation operation of Palestinians transfers children from Egypt to Spain | CDE Almer\u00eda - Centro de Documentaci\u00f3n Europea - Universidad de Almer\u00eda<\/title>\n<meta name=\"robots\" content=\"index, follow, max-snippet:-1, max-image-preview:large, max-video-preview:-1\" \/>\n<link rel=\"canonical\" href=\"https:\/\/www.cde.ual.es\/en\/eus-first-medical-evacuation-operation-of-palestinians-transfers-children-from-egypt-to-spain\/\" \/>\n<meta property=\"og:locale\" content=\"en_US\" \/>\n<meta property=\"og:type\" content=\"article\" \/>\n<meta property=\"og:title\" content=\"EU&#039;s first medical evacuation operation of Palestinians transfers children from Egypt to Spain | CDE Almer\u00eda - Centro de Documentaci\u00f3n Europea - Universidad de Almer\u00eda\" \/>\n<meta property=\"og:description\" content=\"On 24 July, the first EU-coordinated medical evacuation operation of 16 Palestinian children and their family members took place from Egypt to Spain. The operation was financially and operationally supported by the EU Civil Protection Mechanism (UCPM), in close coordination with the World Health Organization (WHO), the Palestine Childrens Relief Fund (PCRF) and authorities of [&hellip;]\" \/>\n<meta property=\"og:url\" content=\"https:\/\/www.cde.ual.es\/en\/eus-first-medical-evacuation-operation-of-palestinians-transfers-children-from-egypt-to-spain\/\" \/>\n<meta property=\"og:site_name\" content=\"CDE Almer\u00eda - Centro de Documentaci\u00f3n Europea - Universidad de Almer\u00eda\" \/>\n<meta property=\"article:publisher\" content=\"https:\/\/www.facebook.com\/cdeuniversidadalmeria\/\" \/>\n<meta property=\"article:published_time\" content=\"2024-07-25T10:44:08+00:00\" \/>\n<meta property=\"og:image\" content=\"https:\/\/www.cde.ual.es\/wp-content\/uploads\/2024\/07\/hdl-medevac-gaza-palestine-egypt.jpg\" \/>\n\t<meta property=\"og:image:width\" content=\"991\" \/>\n\t<meta property=\"og:image:height\" content=\"425\" \/>\n\t<meta property=\"og:image:type\" content=\"image\/jpeg\" \/>\n<meta name=\"author\" content=\"AdminCDE\" \/>\n<meta name=\"twitter:card\" content=\"summary_large_image\" \/>\n<meta name=\"twitter:creator\" content=\"@cdeualmeria\" \/>\n<meta name=\"twitter:site\" content=\"@cdeualmeria\" \/>\n<meta name=\"twitter:label1\" content=\"Written by\" \/>\n\t<meta name=\"twitter:data1\" content=\"AdminCDE\" \/>\n\t<meta name=\"twitter:label2\" content=\"Est. reading time\" \/>\n\t<meta name=\"twitter:data2\" content=\"2 minutes\" \/>\n<script type=\"application\/ld+json\" class=\"yoast-schema-graph\">{\"@context\":\"https:\\\/\\\/schema.org\",\"@graph\":[{\"@type\":\"Article\",\"@id\":\"https:\\\/\\\/www.cde.ual.es\\\/en\\\/eus-first-medical-evacuation-operation-of-palestinians-transfers-children-from-egypt-to-spain\\\/#article\",\"isPartOf\":{\"@id\":\"https:\\\/\\\/www.cde.ual.es\\\/en\\\/eus-first-medical-evacuation-operation-of-palestinians-transfers-children-from-egypt-to-spain\\\/\"},\"author\":{\"name\":\"AdminCDE\",\"@id\":\"https:\\\/\\\/www.cde.ual.es\\\/#\\\/schema\\\/person\\\/224ef08c8bcc005f319d2713ce37ee5f\"},\"headline\":\"EU&#8217;s first medical evacuation operation of Palestinians transfers children from Egypt to Spain\",\"datePublished\":\"2024-07-25T10:44:08+00:00\",\"mainEntityOfPage\":{\"@id\":\"https:\\\/\\\/www.cde.ual.es\\\/en\\\/eus-first-medical-evacuation-operation-of-palestinians-transfers-children-from-egypt-to-spain\\\/\"},\"wordCount\":269,\"commentCount\":0,\"publisher\":{\"@id\":\"https:\\\/\\\/www.cde.ual.es\\\/#organization\"},\"image\":{\"@id\":\"https:\\\/\\\/www.cde.ual.es\\\/en\\\/eus-first-medical-evacuation-operation-of-palestinians-transfers-children-from-egypt-to-spain\\\/#primaryimage\"},\"thumbnailUrl\":\"https:\\\/\\\/www.cde.ual.es\\\/wp-content\\\/uploads\\\/2024\\\/07\\\/hdl-medevac-gaza-palestine-egypt.jpg\",\"keywords\":[\"Children\",\"Egypt\",\"Palestinians\",\"Spain\"],\"articleSection\":[\"EU News\",\"Institutional Affairs\",\"International Politics and Cooperation\"],\"inLanguage\":\"en-US\",\"potentialAction\":[{\"@type\":\"CommentAction\",\"name\":\"Comment\",\"target\":[\"https:\\\/\\\/www.cde.ual.es\\\/en\\\/eus-first-medical-evacuation-operation-of-palestinians-transfers-children-from-egypt-to-spain\\\/#respond\"]}]},{\"@type\":\"WebPage\",\"@id\":\"https:\\\/\\\/www.cde.ual.es\\\/en\\\/eus-first-medical-evacuation-operation-of-palestinians-transfers-children-from-egypt-to-spain\\\/\",\"url\":\"https:\\\/\\\/www.cde.ual.es\\\/en\\\/eus-first-medical-evacuation-operation-of-palestinians-transfers-children-from-egypt-to-spain\\\/\",\"name\":\"EU's first medical evacuation operation of Palestinians transfers children from Egypt to Spain | CDE Almer\u00eda - Centro de Documentaci\u00f3n Europea - Universidad de Almer\u00eda\",\"isPartOf\":{\"@id\":\"https:\\\/\\\/www.cde.ual.es\\\/#website\"},\"primaryImageOfPage\":{\"@id\":\"https:\\\/\\\/www.cde.ual.es\\\/en\\\/eus-first-medical-evacuation-operation-of-palestinians-transfers-children-from-egypt-to-spain\\\/#primaryimage\"},\"image\":{\"@id\":\"https:\\\/\\\/www.cde.ual.es\\\/en\\\/eus-first-medical-evacuation-operation-of-palestinians-transfers-children-from-egypt-to-spain\\\/#primaryimage\"},\"thumbnailUrl\":\"https:\\\/\\\/www.cde.ual.es\\\/wp-content\\\/uploads\\\/2024\\\/07\\\/hdl-medevac-gaza-palestine-egypt.jpg\",\"datePublished\":\"2024-07-25T10:44:08+00:00\",\"breadcrumb\":{\"@id\":\"https:\\\/\\\/www.cde.ual.es\\\/en\\\/eus-first-medical-evacuation-operation-of-palestinians-transfers-children-from-egypt-to-spain\\\/#breadcrumb\"},\"inLanguage\":\"en-US\",\"potentialAction\":[{\"@type\":\"ReadAction\",\"target\":[\"https:\\\/\\\/www.cde.ual.es\\\/en\\\/eus-first-medical-evacuation-operation-of-palestinians-transfers-children-from-egypt-to-spain\\\/\"]}]},{\"@type\":\"ImageObject\",\"inLanguage\":\"en-US\",\"@id\":\"https:\\\/\\\/www.cde.ual.es\\\/en\\\/eus-first-medical-evacuation-operation-of-palestinians-transfers-children-from-egypt-to-spain\\\/#primaryimage\",\"url\":\"https:\\\/\\\/www.cde.ual.es\\\/wp-content\\\/uploads\\\/2024\\\/07\\\/hdl-medevac-gaza-palestine-egypt.jpg\",\"contentUrl\":\"https:\\\/\\\/www.cde.ual.es\\\/wp-content\\\/uploads\\\/2024\\\/07\\\/hdl-medevac-gaza-palestine-egypt.jpg\",\"width\":991,\"height\":425},{\"@type\":\"BreadcrumbList\",\"@id\":\"https:\\\/\\\/www.cde.ual.es\\\/en\\\/eus-first-medical-evacuation-operation-of-palestinians-transfers-children-from-egypt-to-spain\\\/#breadcrumb\",\"itemListElement\":[{\"@type\":\"ListItem\",\"position\":1,\"name\":\"Inicio\",\"item\":\"https:\\\/\\\/www.cde.ual.es\\\/en\\\/\"},{\"@type\":\"ListItem\",\"position\":2,\"name\":\"EU News\",\"item\":\"https:\\\/\\\/www.cde.ual.es\\\/en\\\/category\\\/eu-news\\\/\"},{\"@type\":\"ListItem\",\"position\":3,\"name\":\"Institutional Affairs\",\"item\":\"https:\\\/\\\/www.cde.ual.es\\\/en\\\/category\\\/eu-news\\\/institutional\\\/\"},{\"@type\":\"ListItem\",\"position\":4,\"name\":\"International Politics and Cooperation\",\"item\":\"https:\\\/\\\/www.cde.ual.es\\\/en\\\/category\\\/eu-news\\\/institutional\\\/international-pol-coop\\\/\"},{\"@type\":\"ListItem\",\"position\":5,\"name\":\"EU&#8217;s first medical evacuation operation of Palestinians transfers children from Egypt to Spain\"}]},{\"@type\":\"WebSite\",\"@id\":\"https:\\\/\\\/www.cde.ual.es\\\/#website\",\"url\":\"https:\\\/\\\/www.cde.ual.es\\\/\",\"name\":\"CDE Almer\u00eda - Centro de Documentaci\u00f3n Europea - Universidad de Almer\u00eda\",\"description\":\"Centro de Documentaci\u00f3n Europea de la Universidad de Almer\u00eda\",\"publisher\":{\"@id\":\"https:\\\/\\\/www.cde.ual.es\\\/#organization\"},\"alternateName\":\"CDE Almer\u00eda\",\"potentialAction\":[{\"@type\":\"SearchAction\",\"target\":{\"@type\":\"EntryPoint\",\"urlTemplate\":\"https:\\\/\\\/www.cde.ual.es\\\/?s={search_term_string}\"},\"query-input\":{\"@type\":\"PropertyValueSpecification\",\"valueRequired\":true,\"valueName\":\"search_term_string\"}}],\"inLanguage\":\"en-US\"},{\"@type\":\"Organization\",\"@id\":\"https:\\\/\\\/www.cde.ual.es\\\/#organization\",\"name\":\"Centro de Documentaci\u00f3n Europea de Almer\u00eda\",\"url\":\"https:\\\/\\\/www.cde.ual.es\\\/\",\"logo\":{\"@type\":\"ImageObject\",\"inLanguage\":\"en-US\",\"@id\":\"https:\\\/\\\/www.cde.ual.es\\\/#\\\/schema\\\/logo\\\/image\\\/\",\"url\":\"https:\\\/\\\/www.cde.ual.es\\\/wp-content\\\/uploads\\\/2025\\\/07\\\/cde-logo-3.png\",\"contentUrl\":\"https:\\\/\\\/www.cde.ual.es\\\/wp-content\\\/uploads\\\/2025\\\/07\\\/cde-logo-3.png\",\"width\":1400,\"height\":300,\"caption\":\"Centro de Documentaci\u00f3n Europea de Almer\u00eda\"},\"image\":{\"@id\":\"https:\\\/\\\/www.cde.ual.es\\\/#\\\/schema\\\/logo\\\/image\\\/\"},\"sameAs\":[\"https:\\\/\\\/www.facebook.com\\\/cdeuniversidadalmeria\\\/\",\"https:\\\/\\\/x.com\\\/cdeualmeria\",\"https:\\\/\\\/www.tiktok.com\\\/@cdealmeria\",\"https:\\\/\\\/www.instagram.com\\\/cdealmeria\\\/\",\"https:\\\/\\\/www.linkedin.com\\\/in\\\/cde-almera-812b26a9\\\/\"]},{\"@type\":\"Person\",\"@id\":\"https:\\\/\\\/www.cde.ual.es\\\/#\\\/schema\\\/person\\\/224ef08c8bcc005f319d2713ce37ee5f\",\"name\":\"AdminCDE\",\"image\":{\"@type\":\"ImageObject\",\"inLanguage\":\"en-US\",\"@id\":\"https:\\\/\\\/secure.gravatar.com\\\/avatar\\\/a72d038d371f995cd13706fac32274b7952a52e8fb0a84b5f80c85426f2a98a8?s=96&d=mm&r=g\",\"url\":\"https:\\\/\\\/secure.gravatar.com\\\/avatar\\\/a72d038d371f995cd13706fac32274b7952a52e8fb0a84b5f80c85426f2a98a8?s=96&d=mm&r=g\",\"contentUrl\":\"https:\\\/\\\/secure.gravatar.com\\\/avatar\\\/a72d038d371f995cd13706fac32274b7952a52e8fb0a84b5f80c85426f2a98a8?s=96&d=mm&r=g\",\"caption\":\"AdminCDE\"}}]}<\/script>\n<!-- \/ Yoast SEO plugin. -->","yoast_head_json":{"title":"EU's first medical evacuation operation of Palestinians transfers children from Egypt to Spain | CDE Almer\u00eda - Centro de Documentaci\u00f3n Europea - Universidad de Almer\u00eda","robots":{"index":"index","follow":"follow","max-snippet":"max-snippet:-1","max-image-preview":"max-image-preview:large","max-video-preview":"max-video-preview:-1"},"canonical":"https:\/\/www.cde.ual.es\/en\/eus-first-medical-evacuation-operation-of-palestinians-transfers-children-from-egypt-to-spain\/","og_locale":"en_US","og_type":"article","og_title":"EU's first medical evacuation operation of Palestinians transfers children from Egypt to Spain | CDE Almer\u00eda - Centro de Documentaci\u00f3n Europea - Universidad de Almer\u00eda","og_description":"On 24 July, the first EU-coordinated medical evacuation operation of 16 Palestinian children and their family members took place from Egypt to Spain. The operation was financially and operationally supported by the EU Civil Protection Mechanism (UCPM), in close coordination with the World Health Organization (WHO), the Palestine Childrens Relief Fund (PCRF) and authorities of [&hellip;]","og_url":"https:\/\/www.cde.ual.es\/en\/eus-first-medical-evacuation-operation-of-palestinians-transfers-children-from-egypt-to-spain\/","og_site_name":"CDE Almer\u00eda - Centro de Documentaci\u00f3n Europea - Universidad de Almer\u00eda","article_publisher":"https:\/\/www.facebook.com\/cdeuniversidadalmeria\/","article_published_time":"2024-07-25T10:44:08+00:00","og_image":[{"width":991,"height":425,"url":"https:\/\/www.cde.ual.es\/wp-content\/uploads\/2024\/07\/hdl-medevac-gaza-palestine-egypt.jpg","type":"image\/jpeg"}],"author":"AdminCDE","twitter_card":"summary_large_image","twitter_creator":"@cdeualmeria","twitter_site":"@cdeualmeria","twitter_misc":{"Written by":"AdminCDE","Est. reading time":"2 minutes"},"schema":{"@context":"https:\/\/schema.org","@graph":[{"@type":"Article","@id":"https:\/\/www.cde.ual.es\/en\/eus-first-medical-evacuation-operation-of-palestinians-transfers-children-from-egypt-to-spain\/#article","isPartOf":{"@id":"https:\/\/www.cde.ual.es\/en\/eus-first-medical-evacuation-operation-of-palestinians-transfers-children-from-egypt-to-spain\/"},"author":{"name":"AdminCDE","@id":"https:\/\/www.cde.ual.es\/#\/schema\/person\/224ef08c8bcc005f319d2713ce37ee5f"},"headline":"EU&#8217;s first medical evacuation operation of Palestinians transfers children from Egypt to Spain","datePublished":"2024-07-25T10:44:08+00:00","mainEntityOfPage":{"@id":"https:\/\/www.cde.ual.es\/en\/eus-first-medical-evacuation-operation-of-palestinians-transfers-children-from-egypt-to-spain\/"},"wordCount":269,"commentCount":0,"publisher":{"@id":"https:\/\/www.cde.ual.es\/#organization"},"image":{"@id":"https:\/\/www.cde.ual.es\/en\/eus-first-medical-evacuation-operation-of-palestinians-transfers-children-from-egypt-to-spain\/#primaryimage"},"thumbnailUrl":"https:\/\/www.cde.ual.es\/wp-content\/uploads\/2024\/07\/hdl-medevac-gaza-palestine-egypt.jpg","keywords":["Children","Egypt","Palestinians","Spain"],"articleSection":["EU News","Institutional Affairs","International Politics and Cooperation"],"inLanguage":"en-US","potentialAction":[{"@type":"CommentAction","name":"Comment","target":["https:\/\/www.cde.ual.es\/en\/eus-first-medical-evacuation-operation-of-palestinians-transfers-children-from-egypt-to-spain\/#respond"]}]},{"@type":"WebPage","@id":"https:\/\/www.cde.ual.es\/en\/eus-first-medical-evacuation-operation-of-palestinians-transfers-children-from-egypt-to-spain\/","url":"https:\/\/www.cde.ual.es\/en\/eus-first-medical-evacuation-operation-of-palestinians-transfers-children-from-egypt-to-spain\/","name":"EU's first medical evacuation operation of Palestinians transfers children from Egypt to Spain | CDE Almer\u00eda - Centro de Documentaci\u00f3n Europea - Universidad de Almer\u00eda","isPartOf":{"@id":"https:\/\/www.cde.ual.es\/#website"},"primaryImageOfPage":{"@id":"https:\/\/www.cde.ual.es\/en\/eus-first-medical-evacuation-operation-of-palestinians-transfers-children-from-egypt-to-spain\/#primaryimage"},"image":{"@id":"https:\/\/www.cde.ual.es\/en\/eus-first-medical-evacuation-operation-of-palestinians-transfers-children-from-egypt-to-spain\/#primaryimage"},"thumbnailUrl":"https:\/\/www.cde.ual.es\/wp-content\/uploads\/2024\/07\/hdl-medevac-gaza-palestine-egypt.jpg","datePublished":"2024-07-25T10:44:08+00:00","breadcrumb":{"@id":"https:\/\/www.cde.ual.es\/en\/eus-first-medical-evacuation-operation-of-palestinians-transfers-children-from-egypt-to-spain\/#breadcrumb"},"inLanguage":"en-US","potentialAction":[{"@type":"ReadAction","target":["https:\/\/www.cde.ual.es\/en\/eus-first-medical-evacuation-operation-of-palestinians-transfers-children-from-egypt-to-spain\/"]}]},{"@type":"ImageObject","inLanguage":"en-US","@id":"https:\/\/www.cde.ual.es\/en\/eus-first-medical-evacuation-operation-of-palestinians-transfers-children-from-egypt-to-spain\/#primaryimage","url":"https:\/\/www.cde.ual.es\/wp-content\/uploads\/2024\/07\/hdl-medevac-gaza-palestine-egypt.jpg","contentUrl":"https:\/\/www.cde.ual.es\/wp-content\/uploads\/2024\/07\/hdl-medevac-gaza-palestine-egypt.jpg","width":991,"height":425},{"@type":"BreadcrumbList","@id":"https:\/\/www.cde.ual.es\/en\/eus-first-medical-evacuation-operation-of-palestinians-transfers-children-from-egypt-to-spain\/#breadcrumb","itemListElement":[{"@type":"ListItem","position":1,"name":"Inicio","item":"https:\/\/www.cde.ual.es\/en\/"},{"@type":"ListItem","position":2,"name":"EU News","item":"https:\/\/www.cde.ual.es\/en\/category\/eu-news\/"},{"@type":"ListItem","position":3,"name":"Institutional Affairs","item":"https:\/\/www.cde.ual.es\/en\/category\/eu-news\/institutional\/"},{"@type":"ListItem","position":4,"name":"International Politics and Cooperation","item":"https:\/\/www.cde.ual.es\/en\/category\/eu-news\/institutional\/international-pol-coop\/"},{"@type":"ListItem","position":5,"name":"EU&#8217;s first medical evacuation operation of Palestinians transfers children from Egypt to Spain"}]},{"@type":"WebSite","@id":"https:\/\/www.cde.ual.es\/#website","url":"https:\/\/www.cde.ual.es\/","name":"CDE Almer\u00eda - Centro de Documentaci\u00f3n Europea - Universidad de Almer\u00eda","description":"Centro de Documentaci\u00f3n Europea de la Universidad de Almer\u00eda","publisher":{"@id":"https:\/\/www.cde.ual.es\/#organization"},"alternateName":"CDE Almer\u00eda","potentialAction":[{"@type":"SearchAction","target":{"@type":"EntryPoint","urlTemplate":"https:\/\/www.cde.ual.es\/?s={search_term_string}"},"query-input":{"@type":"PropertyValueSpecification","valueRequired":true,"valueName":"search_term_string"}}],"inLanguage":"en-US"},{"@type":"Organization","@id":"https:\/\/www.cde.ual.es\/#organization","name":"Centro de Documentaci\u00f3n Europea de Almer\u00eda","url":"https:\/\/www.cde.ual.es\/","logo":{"@type":"ImageObject","inLanguage":"en-US","@id":"https:\/\/www.cde.ual.es\/#\/schema\/logo\/image\/","url":"https:\/\/www.cde.ual.es\/wp-content\/uploads\/2025\/07\/cde-logo-3.png","contentUrl":"https:\/\/www.cde.ual.es\/wp-content\/uploads\/2025\/07\/cde-logo-3.png","width":1400,"height":300,"caption":"Centro de Documentaci\u00f3n Europea de Almer\u00eda"},"image":{"@id":"https:\/\/www.cde.ual.es\/#\/schema\/logo\/image\/"},"sameAs":["https:\/\/www.facebook.com\/cdeuniversidadalmeria\/","https:\/\/x.com\/cdeualmeria","https:\/\/www.tiktok.com\/@cdealmeria","https:\/\/www.instagram.com\/cdealmeria\/","https:\/\/www.linkedin.com\/in\/cde-almera-812b26a9\/"]},{"@type":"Person","@id":"https:\/\/www.cde.ual.es\/#\/schema\/person\/224ef08c8bcc005f319d2713ce37ee5f","name":"AdminCDE","image":{"@type":"ImageObject","inLanguage":"en-US","@id":"https:\/\/secure.gravatar.com\/avatar\/a72d038d371f995cd13706fac32274b7952a52e8fb0a84b5f80c85426f2a98a8?s=96&d=mm&r=g","url":"https:\/\/secure.gravatar.com\/avatar\/a72d038d371f995cd13706fac32274b7952a52e8fb0a84b5f80c85426f2a98a8?s=96&d=mm&r=g","contentUrl":"https:\/\/secure.gravatar.com\/avatar\/a72d038d371f995cd13706fac32274b7952a52e8fb0a84b5f80c85426f2a98a8?s=96&d=mm&r=g","caption":"AdminCDE"}}]}},"_links":{"self":[{"href":"https:\/\/www.cde.ual.es\/en\/wp-json\/wp\/v2\/posts\/152750","targetHints":{"allow":["GET"]}}],"collection":[{"href":"https:\/\/www.cde.ual.es\/en\/wp-json\/wp\/v2\/posts"}],"about":[{"href":"https:\/\/www.cde.ual.es\/en\/wp-json\/wp\/v2\/types\/post"}],"author":[{"embeddable":true,"href":"https:\/\/www.cde.ual.es\/en\/wp-json\/wp\/v2\/users\/1"}],"replies":[{"embeddable":true,"href":"https:\/\/www.cde.ual.es\/en\/wp-json\/wp\/v2\/comments?post=152750"}],"version-history":[{"count":1,"href":"https:\/\/www.cde.ual.es\/en\/wp-json\/wp\/v2\/posts\/152750\/revisions"}],"predecessor-version":[{"id":152751,"href":"https:\/\/www.cde.ual.es\/en\/wp-json\/wp\/v2\/posts\/152750\/revisions\/152751"}],"wp:featuredmedia":[{"embeddable":true,"href":"https:\/\/www.cde.ual.es\/en\/wp-json\/wp\/v2\/media\/152748"}],"wp:attachment":[{"href":"https:\/\/www.cde.ual.es\/en\/wp-json\/wp\/v2\/media?parent=152750"}],"wp:term":[{"taxonomy":"category","embeddable":true,"href":"https:\/\/www.cde.ual.es\/en\/wp-json\/wp\/v2\/categories?post=152750"},{"taxonomy":"post_tag","embeddable":true,"href":"https:\/\/www.cde.ual.es\/en\/wp-json\/wp\/v2\/tags?post=152750"}],"curies":[{"name":"wp","href":"https:\/\/api.w.org\/{rel}","templated":true}]}}