{"id":152664,"date":"2024-07-17T11:58:29","date_gmt":"2024-07-17T09:58:29","guid":{"rendered":"https:\/\/www.cde.ual.es\/?p=152664"},"modified":"2024-07-17T11:58:29","modified_gmt":"2024-07-17T09:58:29","slug":"european-semester-2024-council-agrees-on-country-specific-recommendations","status":"publish","type":"post","link":"https:\/\/www.cde.ual.es\/en\/european-semester-2024-council-agrees-on-country-specific-recommendations\/","title":{"rendered":"European Semester 2024: Council agrees on country- specific recommendations"},"content":{"rendered":"<p><strong>Today, the Council agreed its country-specific recommendations on the economic, social, employment, structural and budgetary policies of each member state.<\/strong><\/p>\n<p><a href=\"https:\/\/www.cde.ual.es\/wp-content\/uploads\/2020\/12\/presupuesto.png\"><img decoding=\"async\" class=\"aligncenter size-full wp-image-59038\" src=\"https:\/\/www.cde.ual.es\/wp-content\/uploads\/2020\/12\/presupuesto.png\" alt=\"\" width=\"851\" height=\"551\" srcset=\"https:\/\/www.cde.ual.es\/wp-content\/uploads\/2020\/12\/presupuesto.png 851w, https:\/\/www.cde.ual.es\/wp-content\/uploads\/2020\/12\/presupuesto-300x194.png 300w, https:\/\/www.cde.ual.es\/wp-content\/uploads\/2020\/12\/presupuesto-768x497.png 768w\" sizes=\"(max-width: 851px) 100vw, 851px\" \/><\/a><\/p>\n<p>This step is part of the 2024 European Semester process, which enables member states to coordinate their economic, employment and fiscal policies.<\/p>\n<p>This year the European Semester cycle will be aligned with the provisions of the EU\u2019s reformed economic governance framework. Under the new rules, in force since 30 April, member states will prepare medium-term fiscal structural plans in the autumn, setting out their expenditure paths and their priority reforms and investments.<\/p>\n<p><strong>The Council&#8217;s recommendations on Spain&#8217;s economic, employment, social, structural and budgetary policies can be found in the<a href=\"https:\/\/www.cde.ual.es\/wp-content\/uploads\/2024\/07\/semestre-2024-espana.pdf\"> following document<\/a><\/strong><\/p>\n<p>The country-specific recommendations provide guidance for the reform and the investment commitments member states are encouraged to include in these plans, especially if they wish to extend their fiscal adjustment period from four to seven years. Such an extended adjustment period would result into an overall lower fiscal effort per year that would be required of a member state.<\/p>\n<p>Introduced in 2011, the European Semester enables the EU member states to coordinate their economic, fiscal and employment policies throughout the year and address the economic challenges facing the EU.<\/p>\n<p>The Commission presents each country with a set of draft country-specific recommendations (CSRs) on their economic, social, employment, structural and budgetary policies, providing policy guidance on how to boost jobs and growth, while maintaining sound public finances.<\/p>\n<p>On this basis, the Council then adopts country-specific recommendations (CSRs). It provides explanations in cases where it does not follow the Commission\u2019s recommendations.<\/p>\n<p><strong>More information: <a href=\"https:\/\/www.consilium.europa.eu\/es\/press\/press-releases\/2024\/07\/16\/european-semester-2024-council-agrees-on-country-specific-recommendations\/\">European Council<\/a><\/strong><\/p>\n<p>&nbsp;<\/p>\n","protected":false},"excerpt":{"rendered":"<p>Today, the Council agreed its country-specific recommendations on the economic, social, employment, structural and budgetary policies of each member state. This step is part of the 2024 European Semester process, which enables member states to coordinate their economic, employment and fiscal policies. This year the European Semester cycle will be aligned with the provisions of [&hellip;]<\/p>\n","protected":false},"author":1,"featured_media":59039,"comment_status":"open","ping_status":"open","sticky":false,"template":"","format":"standard","meta":{"_acf_changed":false,"_relevanssi_hide_post":"","_relevanssi_hide_content":"","_relevanssi_pin_for_all":"","_relevanssi_pin_keywords":"","_relevanssi_unpin_keywords":"","_relevanssi_related_keywords":"","_relevanssi_related_include_ids":"","_relevanssi_related_exclude_ids":"","_relevanssi_related_no_append":"","_relevanssi_related_not_related":"","_relevanssi_related_posts":"","_relevanssi_noindex_reason":"","_monsterinsights_skip_tracking":false,"_monsterinsights_sitenote_active":false,"_monsterinsights_sitenote_note":"","_monsterinsights_sitenote_category":0,"_genesis_hide_title":false,"_genesis_hide_breadcrumbs":false,"_genesis_hide_singular_image":false,"_genesis_hide_footer_widgets":false,"_genesis_custom_body_class":"","_genesis_custom_post_class":"","_genesis_layout":"","footnotes":""},"categories":[4090,346,4070,4067],"tags":[],"class_list":{"0":"post-152664","1":"post","2":"type-post","3":"status-publish","4":"format-standard","5":"has-post-thumbnail","7":"category-economy-finance","8":"category-eu-news","9":"category-labour-employment","10":"category-social-affairs","11":"entry"},"acf":[],"yoast_head":"<!-- This site is optimized with the Yoast SEO plugin v27.4 - https:\/\/yoast.com\/product\/yoast-seo-wordpress\/ -->\n<title>European Semester 2024: Council agrees on country- specific recommendations | CDE Almer\u00eda - Centro de Documentaci\u00f3n Europea - Universidad de Almer\u00eda<\/title>\n<meta name=\"robots\" content=\"index, follow, max-snippet:-1, max-image-preview:large, max-video-preview:-1\" \/>\n<link rel=\"canonical\" href=\"https:\/\/www.cde.ual.es\/en\/european-semester-2024-council-agrees-on-country-specific-recommendations\/\" \/>\n<meta property=\"og:locale\" content=\"en_US\" \/>\n<meta property=\"og:type\" content=\"article\" \/>\n<meta property=\"og:title\" content=\"European Semester 2024: Council agrees on country- specific recommendations | CDE Almer\u00eda - Centro de Documentaci\u00f3n Europea - Universidad de Almer\u00eda\" \/>\n<meta property=\"og:description\" content=\"Today, the Council agreed its country-specific recommendations on the economic, social, employment, structural and budgetary policies of each member state. This step is part of the 2024 European Semester process, which enables member states to coordinate their economic, employment and fiscal policies. This year the European Semester cycle will be aligned with the provisions of [&hellip;]\" \/>\n<meta property=\"og:url\" content=\"https:\/\/www.cde.ual.es\/en\/european-semester-2024-council-agrees-on-country-specific-recommendations\/\" \/>\n<meta property=\"og:site_name\" content=\"CDE Almer\u00eda - Centro de Documentaci\u00f3n Europea - Universidad de Almer\u00eda\" \/>\n<meta property=\"article:publisher\" content=\"https:\/\/www.facebook.com\/cdeuniversidadalmeria\/\" \/>\n<meta property=\"article:published_time\" content=\"2024-07-17T09:58:29+00:00\" \/>\n<meta property=\"og:image\" content=\"https:\/\/www.cde.ual.es\/wp-content\/uploads\/2020\/12\/presupuesto.png\" \/>\n\t<meta property=\"og:image:width\" content=\"851\" \/>\n\t<meta property=\"og:image:height\" content=\"551\" \/>\n\t<meta property=\"og:image:type\" content=\"image\/png\" \/>\n<meta name=\"author\" content=\"AdminCDE\" \/>\n<meta name=\"twitter:card\" content=\"summary_large_image\" \/>\n<meta name=\"twitter:creator\" content=\"@cdeualmeria\" \/>\n<meta name=\"twitter:site\" content=\"@cdeualmeria\" \/>\n<meta name=\"twitter:label1\" content=\"Written by\" \/>\n\t<meta name=\"twitter:data1\" content=\"AdminCDE\" \/>\n\t<meta name=\"twitter:label2\" content=\"Est. reading time\" \/>\n\t<meta name=\"twitter:data2\" content=\"2 minutes\" \/>\n<script type=\"application\/ld+json\" class=\"yoast-schema-graph\">{\"@context\":\"https:\\\/\\\/schema.org\",\"@graph\":[{\"@type\":\"Article\",\"@id\":\"https:\\\/\\\/www.cde.ual.es\\\/en\\\/european-semester-2024-council-agrees-on-country-specific-recommendations\\\/#article\",\"isPartOf\":{\"@id\":\"https:\\\/\\\/www.cde.ual.es\\\/en\\\/european-semester-2024-council-agrees-on-country-specific-recommendations\\\/\"},\"author\":{\"name\":\"AdminCDE\",\"@id\":\"https:\\\/\\\/www.cde.ual.es\\\/#\\\/schema\\\/person\\\/224ef08c8bcc005f319d2713ce37ee5f\"},\"headline\":\"European Semester 2024: Council agrees on country- specific recommendations\",\"datePublished\":\"2024-07-17T09:58:29+00:00\",\"mainEntityOfPage\":{\"@id\":\"https:\\\/\\\/www.cde.ual.es\\\/en\\\/european-semester-2024-council-agrees-on-country-specific-recommendations\\\/\"},\"wordCount\":274,\"commentCount\":0,\"publisher\":{\"@id\":\"https:\\\/\\\/www.cde.ual.es\\\/#organization\"},\"image\":{\"@id\":\"https:\\\/\\\/www.cde.ual.es\\\/en\\\/european-semester-2024-council-agrees-on-country-specific-recommendations\\\/#primaryimage\"},\"thumbnailUrl\":\"https:\\\/\\\/www.cde.ual.es\\\/wp-content\\\/uploads\\\/2020\\\/12\\\/presupuesto.png\",\"articleSection\":[\"Economy and Finance\",\"EU News\",\"Labour Market and Employment\",\"Social Affairs\"],\"inLanguage\":\"en-US\",\"potentialAction\":[{\"@type\":\"CommentAction\",\"name\":\"Comment\",\"target\":[\"https:\\\/\\\/www.cde.ual.es\\\/en\\\/european-semester-2024-council-agrees-on-country-specific-recommendations\\\/#respond\"]}]},{\"@type\":\"WebPage\",\"@id\":\"https:\\\/\\\/www.cde.ual.es\\\/en\\\/european-semester-2024-council-agrees-on-country-specific-recommendations\\\/\",\"url\":\"https:\\\/\\\/www.cde.ual.es\\\/en\\\/european-semester-2024-council-agrees-on-country-specific-recommendations\\\/\",\"name\":\"European Semester 2024: Council agrees on country- specific recommendations | CDE Almer\u00eda - Centro de Documentaci\u00f3n Europea - Universidad de Almer\u00eda\",\"isPartOf\":{\"@id\":\"https:\\\/\\\/www.cde.ual.es\\\/#website\"},\"primaryImageOfPage\":{\"@id\":\"https:\\\/\\\/www.cde.ual.es\\\/en\\\/european-semester-2024-council-agrees-on-country-specific-recommendations\\\/#primaryimage\"},\"image\":{\"@id\":\"https:\\\/\\\/www.cde.ual.es\\\/en\\\/european-semester-2024-council-agrees-on-country-specific-recommendations\\\/#primaryimage\"},\"thumbnailUrl\":\"https:\\\/\\\/www.cde.ual.es\\\/wp-content\\\/uploads\\\/2020\\\/12\\\/presupuesto.png\",\"datePublished\":\"2024-07-17T09:58:29+00:00\",\"breadcrumb\":{\"@id\":\"https:\\\/\\\/www.cde.ual.es\\\/en\\\/european-semester-2024-council-agrees-on-country-specific-recommendations\\\/#breadcrumb\"},\"inLanguage\":\"en-US\",\"potentialAction\":[{\"@type\":\"ReadAction\",\"target\":[\"https:\\\/\\\/www.cde.ual.es\\\/en\\\/european-semester-2024-council-agrees-on-country-specific-recommendations\\\/\"]}]},{\"@type\":\"ImageObject\",\"inLanguage\":\"en-US\",\"@id\":\"https:\\\/\\\/www.cde.ual.es\\\/en\\\/european-semester-2024-council-agrees-on-country-specific-recommendations\\\/#primaryimage\",\"url\":\"https:\\\/\\\/www.cde.ual.es\\\/wp-content\\\/uploads\\\/2020\\\/12\\\/presupuesto.png\",\"contentUrl\":\"https:\\\/\\\/www.cde.ual.es\\\/wp-content\\\/uploads\\\/2020\\\/12\\\/presupuesto.png\",\"width\":851,\"height\":551},{\"@type\":\"BreadcrumbList\",\"@id\":\"https:\\\/\\\/www.cde.ual.es\\\/en\\\/european-semester-2024-council-agrees-on-country-specific-recommendations\\\/#breadcrumb\",\"itemListElement\":[{\"@type\":\"ListItem\",\"position\":1,\"name\":\"Inicio\",\"item\":\"https:\\\/\\\/www.cde.ual.es\\\/en\\\/\"},{\"@type\":\"ListItem\",\"position\":2,\"name\":\"EU News\",\"item\":\"https:\\\/\\\/www.cde.ual.es\\\/en\\\/category\\\/eu-news\\\/\"},{\"@type\":\"ListItem\",\"position\":3,\"name\":\"Social Affairs\",\"item\":\"https:\\\/\\\/www.cde.ual.es\\\/en\\\/category\\\/eu-news\\\/social-affairs\\\/\"},{\"@type\":\"ListItem\",\"position\":4,\"name\":\"Labour Market and Employment\",\"item\":\"https:\\\/\\\/www.cde.ual.es\\\/en\\\/category\\\/eu-news\\\/social-affairs\\\/labour-employment\\\/\"},{\"@type\":\"ListItem\",\"position\":5,\"name\":\"European Semester 2024: Council agrees on country- specific recommendations\"}]},{\"@type\":\"WebSite\",\"@id\":\"https:\\\/\\\/www.cde.ual.es\\\/#website\",\"url\":\"https:\\\/\\\/www.cde.ual.es\\\/\",\"name\":\"CDE Almer\u00eda - Centro de Documentaci\u00f3n Europea - Universidad de Almer\u00eda\",\"description\":\"Centro de Documentaci\u00f3n Europea de la Universidad de Almer\u00eda\",\"publisher\":{\"@id\":\"https:\\\/\\\/www.cde.ual.es\\\/#organization\"},\"alternateName\":\"CDE Almer\u00eda\",\"potentialAction\":[{\"@type\":\"SearchAction\",\"target\":{\"@type\":\"EntryPoint\",\"urlTemplate\":\"https:\\\/\\\/www.cde.ual.es\\\/?s={search_term_string}\"},\"query-input\":{\"@type\":\"PropertyValueSpecification\",\"valueRequired\":true,\"valueName\":\"search_term_string\"}}],\"inLanguage\":\"en-US\"},{\"@type\":\"Organization\",\"@id\":\"https:\\\/\\\/www.cde.ual.es\\\/#organization\",\"name\":\"Centro de Documentaci\u00f3n Europea de Almer\u00eda\",\"url\":\"https:\\\/\\\/www.cde.ual.es\\\/\",\"logo\":{\"@type\":\"ImageObject\",\"inLanguage\":\"en-US\",\"@id\":\"https:\\\/\\\/www.cde.ual.es\\\/#\\\/schema\\\/logo\\\/image\\\/\",\"url\":\"https:\\\/\\\/www.cde.ual.es\\\/wp-content\\\/uploads\\\/2025\\\/07\\\/cde-logo-3.png\",\"contentUrl\":\"https:\\\/\\\/www.cde.ual.es\\\/wp-content\\\/uploads\\\/2025\\\/07\\\/cde-logo-3.png\",\"width\":1400,\"height\":300,\"caption\":\"Centro de Documentaci\u00f3n Europea de Almer\u00eda\"},\"image\":{\"@id\":\"https:\\\/\\\/www.cde.ual.es\\\/#\\\/schema\\\/logo\\\/image\\\/\"},\"sameAs\":[\"https:\\\/\\\/www.facebook.com\\\/cdeuniversidadalmeria\\\/\",\"https:\\\/\\\/x.com\\\/cdeualmeria\",\"https:\\\/\\\/www.tiktok.com\\\/@cdealmeria\",\"https:\\\/\\\/www.instagram.com\\\/cdealmeria\\\/\",\"https:\\\/\\\/www.linkedin.com\\\/in\\\/cde-almera-812b26a9\\\/\"]},{\"@type\":\"Person\",\"@id\":\"https:\\\/\\\/www.cde.ual.es\\\/#\\\/schema\\\/person\\\/224ef08c8bcc005f319d2713ce37ee5f\",\"name\":\"AdminCDE\",\"image\":{\"@type\":\"ImageObject\",\"inLanguage\":\"en-US\",\"@id\":\"https:\\\/\\\/secure.gravatar.com\\\/avatar\\\/a72d038d371f995cd13706fac32274b7952a52e8fb0a84b5f80c85426f2a98a8?s=96&d=mm&r=g\",\"url\":\"https:\\\/\\\/secure.gravatar.com\\\/avatar\\\/a72d038d371f995cd13706fac32274b7952a52e8fb0a84b5f80c85426f2a98a8?s=96&d=mm&r=g\",\"contentUrl\":\"https:\\\/\\\/secure.gravatar.com\\\/avatar\\\/a72d038d371f995cd13706fac32274b7952a52e8fb0a84b5f80c85426f2a98a8?s=96&d=mm&r=g\",\"caption\":\"AdminCDE\"}}]}<\/script>\n<!-- \/ Yoast SEO plugin. -->","yoast_head_json":{"title":"European Semester 2024: Council agrees on country- specific recommendations | CDE Almer\u00eda - Centro de Documentaci\u00f3n Europea - Universidad de Almer\u00eda","robots":{"index":"index","follow":"follow","max-snippet":"max-snippet:-1","max-image-preview":"max-image-preview:large","max-video-preview":"max-video-preview:-1"},"canonical":"https:\/\/www.cde.ual.es\/en\/european-semester-2024-council-agrees-on-country-specific-recommendations\/","og_locale":"en_US","og_type":"article","og_title":"European Semester 2024: Council agrees on country- specific recommendations | CDE Almer\u00eda - Centro de Documentaci\u00f3n Europea - Universidad de Almer\u00eda","og_description":"Today, the Council agreed its country-specific recommendations on the economic, social, employment, structural and budgetary policies of each member state. This step is part of the 2024 European Semester process, which enables member states to coordinate their economic, employment and fiscal policies. This year the European Semester cycle will be aligned with the provisions of [&hellip;]","og_url":"https:\/\/www.cde.ual.es\/en\/european-semester-2024-council-agrees-on-country-specific-recommendations\/","og_site_name":"CDE Almer\u00eda - Centro de Documentaci\u00f3n Europea - Universidad de Almer\u00eda","article_publisher":"https:\/\/www.facebook.com\/cdeuniversidadalmeria\/","article_published_time":"2024-07-17T09:58:29+00:00","og_image":[{"width":851,"height":551,"url":"https:\/\/www.cde.ual.es\/wp-content\/uploads\/2020\/12\/presupuesto.png","type":"image\/png"}],"author":"AdminCDE","twitter_card":"summary_large_image","twitter_creator":"@cdeualmeria","twitter_site":"@cdeualmeria","twitter_misc":{"Written by":"AdminCDE","Est. reading time":"2 minutes"},"schema":{"@context":"https:\/\/schema.org","@graph":[{"@type":"Article","@id":"https:\/\/www.cde.ual.es\/en\/european-semester-2024-council-agrees-on-country-specific-recommendations\/#article","isPartOf":{"@id":"https:\/\/www.cde.ual.es\/en\/european-semester-2024-council-agrees-on-country-specific-recommendations\/"},"author":{"name":"AdminCDE","@id":"https:\/\/www.cde.ual.es\/#\/schema\/person\/224ef08c8bcc005f319d2713ce37ee5f"},"headline":"European Semester 2024: Council agrees on country- specific recommendations","datePublished":"2024-07-17T09:58:29+00:00","mainEntityOfPage":{"@id":"https:\/\/www.cde.ual.es\/en\/european-semester-2024-council-agrees-on-country-specific-recommendations\/"},"wordCount":274,"commentCount":0,"publisher":{"@id":"https:\/\/www.cde.ual.es\/#organization"},"image":{"@id":"https:\/\/www.cde.ual.es\/en\/european-semester-2024-council-agrees-on-country-specific-recommendations\/#primaryimage"},"thumbnailUrl":"https:\/\/www.cde.ual.es\/wp-content\/uploads\/2020\/12\/presupuesto.png","articleSection":["Economy and Finance","EU News","Labour Market and Employment","Social Affairs"],"inLanguage":"en-US","potentialAction":[{"@type":"CommentAction","name":"Comment","target":["https:\/\/www.cde.ual.es\/en\/european-semester-2024-council-agrees-on-country-specific-recommendations\/#respond"]}]},{"@type":"WebPage","@id":"https:\/\/www.cde.ual.es\/en\/european-semester-2024-council-agrees-on-country-specific-recommendations\/","url":"https:\/\/www.cde.ual.es\/en\/european-semester-2024-council-agrees-on-country-specific-recommendations\/","name":"European Semester 2024: Council agrees on country- specific recommendations | CDE Almer\u00eda - Centro de Documentaci\u00f3n Europea - Universidad de Almer\u00eda","isPartOf":{"@id":"https:\/\/www.cde.ual.es\/#website"},"primaryImageOfPage":{"@id":"https:\/\/www.cde.ual.es\/en\/european-semester-2024-council-agrees-on-country-specific-recommendations\/#primaryimage"},"image":{"@id":"https:\/\/www.cde.ual.es\/en\/european-semester-2024-council-agrees-on-country-specific-recommendations\/#primaryimage"},"thumbnailUrl":"https:\/\/www.cde.ual.es\/wp-content\/uploads\/2020\/12\/presupuesto.png","datePublished":"2024-07-17T09:58:29+00:00","breadcrumb":{"@id":"https:\/\/www.cde.ual.es\/en\/european-semester-2024-council-agrees-on-country-specific-recommendations\/#breadcrumb"},"inLanguage":"en-US","potentialAction":[{"@type":"ReadAction","target":["https:\/\/www.cde.ual.es\/en\/european-semester-2024-council-agrees-on-country-specific-recommendations\/"]}]},{"@type":"ImageObject","inLanguage":"en-US","@id":"https:\/\/www.cde.ual.es\/en\/european-semester-2024-council-agrees-on-country-specific-recommendations\/#primaryimage","url":"https:\/\/www.cde.ual.es\/wp-content\/uploads\/2020\/12\/presupuesto.png","contentUrl":"https:\/\/www.cde.ual.es\/wp-content\/uploads\/2020\/12\/presupuesto.png","width":851,"height":551},{"@type":"BreadcrumbList","@id":"https:\/\/www.cde.ual.es\/en\/european-semester-2024-council-agrees-on-country-specific-recommendations\/#breadcrumb","itemListElement":[{"@type":"ListItem","position":1,"name":"Inicio","item":"https:\/\/www.cde.ual.es\/en\/"},{"@type":"ListItem","position":2,"name":"EU News","item":"https:\/\/www.cde.ual.es\/en\/category\/eu-news\/"},{"@type":"ListItem","position":3,"name":"Social Affairs","item":"https:\/\/www.cde.ual.es\/en\/category\/eu-news\/social-affairs\/"},{"@type":"ListItem","position":4,"name":"Labour Market and Employment","item":"https:\/\/www.cde.ual.es\/en\/category\/eu-news\/social-affairs\/labour-employment\/"},{"@type":"ListItem","position":5,"name":"European Semester 2024: Council agrees on country- specific recommendations"}]},{"@type":"WebSite","@id":"https:\/\/www.cde.ual.es\/#website","url":"https:\/\/www.cde.ual.es\/","name":"CDE Almer\u00eda - Centro de Documentaci\u00f3n Europea - Universidad de Almer\u00eda","description":"Centro de Documentaci\u00f3n Europea de la Universidad de Almer\u00eda","publisher":{"@id":"https:\/\/www.cde.ual.es\/#organization"},"alternateName":"CDE Almer\u00eda","potentialAction":[{"@type":"SearchAction","target":{"@type":"EntryPoint","urlTemplate":"https:\/\/www.cde.ual.es\/?s={search_term_string}"},"query-input":{"@type":"PropertyValueSpecification","valueRequired":true,"valueName":"search_term_string"}}],"inLanguage":"en-US"},{"@type":"Organization","@id":"https:\/\/www.cde.ual.es\/#organization","name":"Centro de Documentaci\u00f3n Europea de Almer\u00eda","url":"https:\/\/www.cde.ual.es\/","logo":{"@type":"ImageObject","inLanguage":"en-US","@id":"https:\/\/www.cde.ual.es\/#\/schema\/logo\/image\/","url":"https:\/\/www.cde.ual.es\/wp-content\/uploads\/2025\/07\/cde-logo-3.png","contentUrl":"https:\/\/www.cde.ual.es\/wp-content\/uploads\/2025\/07\/cde-logo-3.png","width":1400,"height":300,"caption":"Centro de Documentaci\u00f3n Europea de Almer\u00eda"},"image":{"@id":"https:\/\/www.cde.ual.es\/#\/schema\/logo\/image\/"},"sameAs":["https:\/\/www.facebook.com\/cdeuniversidadalmeria\/","https:\/\/x.com\/cdeualmeria","https:\/\/www.tiktok.com\/@cdealmeria","https:\/\/www.instagram.com\/cdealmeria\/","https:\/\/www.linkedin.com\/in\/cde-almera-812b26a9\/"]},{"@type":"Person","@id":"https:\/\/www.cde.ual.es\/#\/schema\/person\/224ef08c8bcc005f319d2713ce37ee5f","name":"AdminCDE","image":{"@type":"ImageObject","inLanguage":"en-US","@id":"https:\/\/secure.gravatar.com\/avatar\/a72d038d371f995cd13706fac32274b7952a52e8fb0a84b5f80c85426f2a98a8?s=96&d=mm&r=g","url":"https:\/\/secure.gravatar.com\/avatar\/a72d038d371f995cd13706fac32274b7952a52e8fb0a84b5f80c85426f2a98a8?s=96&d=mm&r=g","contentUrl":"https:\/\/secure.gravatar.com\/avatar\/a72d038d371f995cd13706fac32274b7952a52e8fb0a84b5f80c85426f2a98a8?s=96&d=mm&r=g","caption":"AdminCDE"}}]}},"_links":{"self":[{"href":"https:\/\/www.cde.ual.es\/en\/wp-json\/wp\/v2\/posts\/152664","targetHints":{"allow":["GET"]}}],"collection":[{"href":"https:\/\/www.cde.ual.es\/en\/wp-json\/wp\/v2\/posts"}],"about":[{"href":"https:\/\/www.cde.ual.es\/en\/wp-json\/wp\/v2\/types\/post"}],"author":[{"embeddable":true,"href":"https:\/\/www.cde.ual.es\/en\/wp-json\/wp\/v2\/users\/1"}],"replies":[{"embeddable":true,"href":"https:\/\/www.cde.ual.es\/en\/wp-json\/wp\/v2\/comments?post=152664"}],"version-history":[{"count":1,"href":"https:\/\/www.cde.ual.es\/en\/wp-json\/wp\/v2\/posts\/152664\/revisions"}],"predecessor-version":[{"id":152668,"href":"https:\/\/www.cde.ual.es\/en\/wp-json\/wp\/v2\/posts\/152664\/revisions\/152668"}],"wp:featuredmedia":[{"embeddable":true,"href":"https:\/\/www.cde.ual.es\/en\/wp-json\/wp\/v2\/media\/59039"}],"wp:attachment":[{"href":"https:\/\/www.cde.ual.es\/en\/wp-json\/wp\/v2\/media?parent=152664"}],"wp:term":[{"taxonomy":"category","embeddable":true,"href":"https:\/\/www.cde.ual.es\/en\/wp-json\/wp\/v2\/categories?post=152664"},{"taxonomy":"post_tag","embeddable":true,"href":"https:\/\/www.cde.ual.es\/en\/wp-json\/wp\/v2\/tags?post=152664"}],"curies":[{"name":"wp","href":"https:\/\/api.w.org\/{rel}","templated":true}]}}