{"id":15244,"date":"2019-03-29T08:34:31","date_gmt":"2019-03-29T07:34:31","guid":{"rendered":"http:\/\/www.cde.ual.es\/?p=15244"},"modified":"2019-03-29T08:36:06","modified_gmt":"2019-03-29T07:36:06","slug":"practicas-en-la-secretaria-general-del-consejo-de-la-union-europea","status":"publish","type":"post","link":"https:\/\/www.cde.ual.es\/en\/practicas-en-la-secretaria-general-del-consejo-de-la-union-europea\/","title":{"rendered":"Pr\u00e1cticas en la Secretar\u00eda General del Consejo de la Uni\u00f3n Europea"},"content":{"rendered":"<p>Cada a\u00f1o, se abre la convocatoria para solicitar alrededor de<strong> 100 plazas<\/strong> disponibles para pasant\u00edas o pr\u00e1cticas remuneradas y alrededor de <strong>20 plazas<\/strong> para pasant\u00edas obligatorias no remuneradas.<\/p>\n<p><a href=\"http:\/\/www.cde.ual.es\/wp-content\/uploads\/2019\/03\/computer-cooperation-coworking-1543895-1.jpg\"><img decoding=\"async\" class=\"size-medium wp-image-15247 aligncenter\" src=\"http:\/\/www.cde.ual.es\/wp-content\/uploads\/2019\/03\/computer-cooperation-coworking-1543895-1-300x200.jpg\" alt=\"varios j\u00f3venes se re\u00fanen alrededor de una mesa redonda para trabajar juntos\" width=\"300\" height=\"200\" srcset=\"https:\/\/www.cde.ual.es\/wp-content\/uploads\/2019\/03\/computer-cooperation-coworking-1543895-1-300x200.jpg 300w, https:\/\/www.cde.ual.es\/wp-content\/uploads\/2019\/03\/computer-cooperation-coworking-1543895-1.jpg 640w\" sizes=\"(max-width: 300px) 100vw, 300px\" \/><\/a><\/p>\n<h2>\u00bfQu\u00e9 puedes esperar de tu per\u00edodo de pr\u00e1cticas?<\/h2>\n<p>Un per\u00edodo de pr\u00e1cticas en la Secretar\u00eda General del Consejo (SGC) ofrece:<\/p>\n<ul>\n<li>Experiencia de primera mano del trabajo del SGC.<\/li>\n<li>Conocimiento de la UE: conocimiento de los procesos y pol\u00edticas de las instituciones de la UE<\/li>\n<li>Una oportunidad para contribuir al d\u00eda a d\u00eda del Consejo.<\/li>\n<li>La oportunidad de trabajar en un entorno multicultural, multiling\u00fce y multi\u00e9tnico.<\/li>\n<li>la oportunidad de compartir su nuevo punto de vista y el conocimiento que ha adquirido durante sus estudios.<\/li>\n<\/ul>\n<p>Existen diferentes tipos de pr\u00e1cticas disponibles:<\/p>\n<ul>\n<li><a href=\"https:\/\/www.consilium.europa.eu\/en\/general-secretariat\/jobs\/traineeships\/paid-traineeships\/\">Becas remuneradas.<\/a><\/li>\n<li><a href=\"https:\/\/www.consilium.europa.eu\/en\/general-secretariat\/jobs\/traineeships\/compulsory-unpaid-traineeships\/\">Becas obligatorias no remuneradas.<\/a><\/li>\n<li><a href=\"https:\/\/www.consilium.europa.eu\/en\/general-secretariat\/jobs\/traineeships\/traineeships-student-administration\/\">Becas para alumnos de las escuelas de administraci\u00f3n nacional.<\/a><\/li>\n<\/ul>\n<p>\u00bfCu\u00e1les ser\u00e1n tus tareas durante el per\u00edodo de pr\u00e1cticas?<\/p>\n<p>Dependiendo de las necesidades del servicio, su trabajo diario generalmente ser\u00eda equivalente al de los administradores subalternos al comienzo de su carrera, tales como:<\/p>\n<ul>\n<li>Preparaci\u00f3n de reuniones y redacci\u00f3n de actas.<\/li>\n<li>Asistir a las reuniones de los \u00f3rganos preparatorios del Consejo y Coreper (Comit\u00e9 de Representantes Permanentes de los Gobiernos de los Estados miembros ante la UE).<\/li>\n<li>investigando en un proyecto particular.<\/li>\n<li>traduciendo documentos.<\/li>\n<li>Recopilaci\u00f3n de documentaci\u00f3n, redacci\u00f3n de informes.<\/li>\n<li>Tambi\u00e9n se invitar\u00e1 a los participantes a participar en un programa de estudios que incluye visitas y conferencias en otras instituciones de la UE en Bruselas, Luxemburgo y Estrasburgo.<\/li>\n<\/ul>\n<h2>\u00bfQui\u00e9n puede solicitarlas?<\/h2>\n<p><strong>Nacionalidad:<\/strong><\/p>\n<ul>\n<li>Ciudadanos de la UE<\/li>\n<li>Ciudadanos de pa\u00edses candidatos que han concluido las negociaciones de adhesi\u00f3n a la UE.<\/li>\n<li>Los candidatos deben cumplir con los requisitos de elegibilidad, incluidos los de nacionalidad, en el momento de la selecci\u00f3n. Por lo tanto, los ciudadanos del Reino Unido siguen siendo elegibles y pueden seleccionarse para el per\u00edodo de pr\u00e1cticas que comienza el 1 de septiembre de 2019 y finaliza el 31 de enero de 2020 si, en el momento de la selecci\u00f3n (abril de 2019), el Reino Unido es un estado miembro de la UE.<\/li>\n<\/ul>\n<p><strong>Idiomas<\/strong><\/p>\n<p>Los candidatos deben tener un buen conocimiento de al menos dos idiomas oficiales de la UE. Dado que el ingl\u00e9s y el franc\u00e9s se utilizan ampliamente para la comunicaci\u00f3n interna dentro del SGC, se requiere un buen conocimiento del<strong> ingl\u00e9s o el franc\u00e9s<\/strong> y la capacidad de comunicarse en uno de estos idiomas.<\/p>\n<p><strong>Perfiles<\/strong><\/p>\n<p>La mayor\u00eda de las solicitudes provienen actualmente de candidatos con t\u00edtulos en <strong>derecho, ciencias pol\u00edticas, relaciones internacionales, estudios de la UE y econom\u00eda<\/strong>. Aunque\u00a0tambi\u00e9n est\u00e1 buscando aprendices con calificaciones en otros campos , tales como: traducci\u00f3n, recursos humanos, comunicaci\u00f3n, estudios de educaci\u00f3n, inform\u00e1tica, dise\u00f1o gr\u00e1fico, multimedia, tecnolog\u00eda agr\u00edcola, ingenier\u00eda bioqu\u00edmica, salud y seguridad alimentaria, gesti\u00f3n de la energ\u00eda, medio ambiente, ingenier\u00eda aeroespacial, etc.<\/p>\n<h2>\u00bfQui\u00e9n no puede solicitar las pr\u00e1cticas?<\/h2>\n<p>No se aceptar\u00e1n solicitudes de candidatos que<strong> ya se hayan beneficiado de cualquier tipo de capacitaci\u00f3n<\/strong> (pagada o no pagada) o <strong>empleo<\/strong> durante <strong>m\u00e1s de 6 semanas<\/strong> en una instituci\u00f3n, organismo, agencia u oficina <strong>de la UE.<\/strong><\/p>\n<h2>Fecha l\u00edmite de solicitud<\/h2>\n<p>Las solicitudes est\u00e1n\u00a0<strong>abiertas\u00a0<\/strong>\u00a0<strong>para el segundo per\u00edodo de pr\u00e1cticas 2019\u00a0<\/strong>\u00a0(septiembre de 2019 &#8211; enero de 2020)<\/p>\n<ul>\n<li>aplicar entre el <strong>15 de febrero a las 12:00 del mediod\u00eda y el<em> 1 de abril de 2019<\/em> a las 12:00<\/strong> del mediod\u00eda, hora de Bruselas.<\/li>\n<\/ul>\n<h3>M\u00e1s informaci\u00f3n<\/h3>\n<p>Accede a la<a href=\"https:\/\/www.consilium.europa.eu\/en\/general-secretariat\/jobs\/traineeships\/\"> convocatoria\u00a0<\/a><\/p>\n<p><a href=\"https:\/\/webgate.ec.europa.eu\/istat\/stage\/\">Solicitud de la convocatoria<\/a><\/p>\n<p><a href=\"https:\/\/www.consilium.europa.eu\/media\/38247\/faq-19022019.pdf\">Preguntas frecuentes<\/a><\/p>\n","protected":false},"excerpt":{"rendered":"<p>Cada a\u00f1o, se abre la convocatoria para solicitar alrededor de 100 plazas disponibles para pasant\u00edas o pr\u00e1cticas remuneradas y alrededor de 20 plazas para pasant\u00edas obligatorias no remuneradas. \u00bfQu\u00e9 puedes esperar de tu per\u00edodo de pr\u00e1cticas? Un per\u00edodo de pr\u00e1cticas en la Secretar\u00eda General del Consejo (SGC) ofrece: Experiencia de primera mano del trabajo del [&hellip;]<\/p>\n","protected":false},"author":101011,"featured_media":15247,"comment_status":"open","ping_status":"open","sticky":false,"template":"","format":"standard","meta":{"_acf_changed":false,"_relevanssi_hide_post":"","_relevanssi_hide_content":"","_relevanssi_pin_for_all":"","_relevanssi_pin_keywords":"","_relevanssi_unpin_keywords":"","_relevanssi_related_keywords":"","_relevanssi_related_include_ids":"","_relevanssi_related_exclude_ids":"","_relevanssi_related_no_append":"","_relevanssi_related_not_related":"","_relevanssi_related_posts":"","_relevanssi_noindex_reason":"","_monsterinsights_skip_tracking":false,"_monsterinsights_sitenote_active":false,"_monsterinsights_sitenote_note":"","_monsterinsights_sitenote_category":0,"_genesis_hide_title":false,"_genesis_hide_breadcrumbs":false,"_genesis_hide_singular_image":false,"_genesis_hide_footer_widgets":false,"_genesis_custom_body_class":"","_genesis_custom_post_class":"","_genesis_layout":"","footnotes":""},"categories":[136],"tags":[139,131,187],"class_list":{"0":"post-15244","1":"post","2":"type-post","3":"status-publish","4":"format-standard","5":"has-post-thumbnail","7":"category-convocatorias-y-premios-ue","8":"tag-convocatorias","9":"tag-instituciones-europeas","10":"tag-practicas","11":"entry"},"acf":[],"yoast_head":"<!-- This site is optimized with the Yoast SEO plugin v27.4 - https:\/\/yoast.com\/product\/yoast-seo-wordpress\/ -->\n<title>Pr\u00e1cticas en la Secretar\u00eda General del Consejo de la Uni\u00f3n Europea | CDE Almer\u00eda - Centro de Documentaci\u00f3n Europea - Universidad de Almer\u00eda<\/title>\n<meta name=\"robots\" content=\"index, follow, max-snippet:-1, max-image-preview:large, max-video-preview:-1\" \/>\n<link rel=\"canonical\" href=\"https:\/\/www.cde.ual.es\/practicas-en-la-secretaria-general-del-consejo-de-la-union-europea\/\" \/>\n<meta property=\"og:locale\" content=\"en_US\" \/>\n<meta property=\"og:type\" content=\"article\" \/>\n<meta property=\"og:title\" content=\"Pr\u00e1cticas en la Secretar\u00eda General del Consejo de la Uni\u00f3n Europea | CDE Almer\u00eda - Centro de Documentaci\u00f3n Europea - Universidad de Almer\u00eda\" \/>\n<meta property=\"og:description\" content=\"Cada a\u00f1o, se abre la convocatoria para solicitar alrededor de 100 plazas disponibles para pasant\u00edas o pr\u00e1cticas remuneradas y alrededor de 20 plazas para pasant\u00edas obligatorias no remuneradas. \u00bfQu\u00e9 puedes esperar de tu per\u00edodo de pr\u00e1cticas? Un per\u00edodo de pr\u00e1cticas en la Secretar\u00eda General del Consejo (SGC) ofrece: Experiencia de primera mano del trabajo del [&hellip;]\" \/>\n<meta property=\"og:url\" content=\"https:\/\/www.cde.ual.es\/practicas-en-la-secretaria-general-del-consejo-de-la-union-europea\/\" \/>\n<meta property=\"og:site_name\" content=\"CDE Almer\u00eda - Centro de Documentaci\u00f3n Europea - Universidad de Almer\u00eda\" \/>\n<meta property=\"article:publisher\" content=\"https:\/\/www.facebook.com\/cdeuniversidadalmeria\/\" \/>\n<meta property=\"article:published_time\" content=\"2019-03-29T07:34:31+00:00\" \/>\n<meta property=\"article:modified_time\" content=\"2019-03-29T07:36:06+00:00\" \/>\n<meta property=\"og:image\" content=\"https:\/\/www.cde.ual.es\/wp-content\/uploads\/2019\/03\/computer-cooperation-coworking-1543895-1.jpg\" \/>\n\t<meta property=\"og:image:width\" content=\"640\" \/>\n\t<meta property=\"og:image:height\" content=\"426\" \/>\n\t<meta property=\"og:image:type\" content=\"image\/jpeg\" \/>\n<meta name=\"author\" content=\"BECA 2 CDE\" \/>\n<meta name=\"twitter:card\" content=\"summary_large_image\" \/>\n<meta name=\"twitter:creator\" content=\"@cdeualmeria\" \/>\n<meta name=\"twitter:site\" content=\"@cdeualmeria\" \/>\n<meta name=\"twitter:label1\" content=\"Written by\" \/>\n\t<meta name=\"twitter:data1\" content=\"BECA 2 CDE\" \/>\n\t<meta name=\"twitter:label2\" content=\"Est. reading time\" \/>\n\t<meta name=\"twitter:data2\" content=\"3 minutes\" \/>\n<script type=\"application\/ld+json\" class=\"yoast-schema-graph\">{\"@context\":\"https:\\\/\\\/schema.org\",\"@graph\":[{\"@type\":\"Article\",\"@id\":\"https:\\\/\\\/www.cde.ual.es\\\/practicas-en-la-secretaria-general-del-consejo-de-la-union-europea\\\/#article\",\"isPartOf\":{\"@id\":\"https:\\\/\\\/www.cde.ual.es\\\/practicas-en-la-secretaria-general-del-consejo-de-la-union-europea\\\/\"},\"author\":{\"name\":\"BECA 2 CDE\",\"@id\":\"https:\\\/\\\/www.cde.ual.es\\\/#\\\/schema\\\/person\\\/ee46ebc19edfa19598c02cff83335acc\"},\"headline\":\"Pr\u00e1cticas en la Secretar\u00eda General del Consejo de la Uni\u00f3n Europea\",\"datePublished\":\"2019-03-29T07:34:31+00:00\",\"dateModified\":\"2019-03-29T07:36:06+00:00\",\"mainEntityOfPage\":{\"@id\":\"https:\\\/\\\/www.cde.ual.es\\\/practicas-en-la-secretaria-general-del-consejo-de-la-union-europea\\\/\"},\"wordCount\":626,\"commentCount\":0,\"publisher\":{\"@id\":\"https:\\\/\\\/www.cde.ual.es\\\/#organization\"},\"image\":{\"@id\":\"https:\\\/\\\/www.cde.ual.es\\\/practicas-en-la-secretaria-general-del-consejo-de-la-union-europea\\\/#primaryimage\"},\"thumbnailUrl\":\"https:\\\/\\\/www.cde.ual.es\\\/wp-content\\\/uploads\\\/2019\\\/03\\\/computer-cooperation-coworking-1543895-1.jpg\",\"keywords\":[\"Convocatorias\",\"Instituciones Europeas\",\"pr\u00e1cticas\"],\"articleSection\":[\"Convocatorias y Premios UE\"],\"inLanguage\":\"en-US\",\"potentialAction\":[{\"@type\":\"CommentAction\",\"name\":\"Comment\",\"target\":[\"https:\\\/\\\/www.cde.ual.es\\\/practicas-en-la-secretaria-general-del-consejo-de-la-union-europea\\\/#respond\"]}]},{\"@type\":\"WebPage\",\"@id\":\"https:\\\/\\\/www.cde.ual.es\\\/practicas-en-la-secretaria-general-del-consejo-de-la-union-europea\\\/\",\"url\":\"https:\\\/\\\/www.cde.ual.es\\\/practicas-en-la-secretaria-general-del-consejo-de-la-union-europea\\\/\",\"name\":\"Pr\u00e1cticas en la Secretar\u00eda General del Consejo de la Uni\u00f3n Europea | CDE Almer\u00eda - Centro de Documentaci\u00f3n Europea - Universidad de Almer\u00eda\",\"isPartOf\":{\"@id\":\"https:\\\/\\\/www.cde.ual.es\\\/#website\"},\"primaryImageOfPage\":{\"@id\":\"https:\\\/\\\/www.cde.ual.es\\\/practicas-en-la-secretaria-general-del-consejo-de-la-union-europea\\\/#primaryimage\"},\"image\":{\"@id\":\"https:\\\/\\\/www.cde.ual.es\\\/practicas-en-la-secretaria-general-del-consejo-de-la-union-europea\\\/#primaryimage\"},\"thumbnailUrl\":\"https:\\\/\\\/www.cde.ual.es\\\/wp-content\\\/uploads\\\/2019\\\/03\\\/computer-cooperation-coworking-1543895-1.jpg\",\"datePublished\":\"2019-03-29T07:34:31+00:00\",\"dateModified\":\"2019-03-29T07:36:06+00:00\",\"breadcrumb\":{\"@id\":\"https:\\\/\\\/www.cde.ual.es\\\/practicas-en-la-secretaria-general-del-consejo-de-la-union-europea\\\/#breadcrumb\"},\"inLanguage\":\"en-US\",\"potentialAction\":[{\"@type\":\"ReadAction\",\"target\":[\"https:\\\/\\\/www.cde.ual.es\\\/practicas-en-la-secretaria-general-del-consejo-de-la-union-europea\\\/\"]}]},{\"@type\":\"ImageObject\",\"inLanguage\":\"en-US\",\"@id\":\"https:\\\/\\\/www.cde.ual.es\\\/practicas-en-la-secretaria-general-del-consejo-de-la-union-europea\\\/#primaryimage\",\"url\":\"https:\\\/\\\/www.cde.ual.es\\\/wp-content\\\/uploads\\\/2019\\\/03\\\/computer-cooperation-coworking-1543895-1.jpg\",\"contentUrl\":\"https:\\\/\\\/www.cde.ual.es\\\/wp-content\\\/uploads\\\/2019\\\/03\\\/computer-cooperation-coworking-1543895-1.jpg\",\"width\":640,\"height\":426},{\"@type\":\"BreadcrumbList\",\"@id\":\"https:\\\/\\\/www.cde.ual.es\\\/practicas-en-la-secretaria-general-del-consejo-de-la-union-europea\\\/#breadcrumb\",\"itemListElement\":[{\"@type\":\"ListItem\",\"position\":1,\"name\":\"Inicio\",\"item\":\"https:\\\/\\\/www.cde.ual.es\\\/en\\\/\"},{\"@type\":\"ListItem\",\"position\":2,\"name\":\"Convocatorias y Premios UE\",\"item\":\"https:\\\/\\\/www.cde.ual.es\\\/category\\\/convocatorias-y-premios-ue\\\/\"},{\"@type\":\"ListItem\",\"position\":3,\"name\":\"Pr\u00e1cticas en la Secretar\u00eda General del Consejo de la Uni\u00f3n Europea\"}]},{\"@type\":\"WebSite\",\"@id\":\"https:\\\/\\\/www.cde.ual.es\\\/#website\",\"url\":\"https:\\\/\\\/www.cde.ual.es\\\/\",\"name\":\"CDE Almer\u00eda - Centro de Documentaci\u00f3n Europea - Universidad de Almer\u00eda\",\"description\":\"Centro de Documentaci\u00f3n Europea de la Universidad de Almer\u00eda\",\"publisher\":{\"@id\":\"https:\\\/\\\/www.cde.ual.es\\\/#organization\"},\"alternateName\":\"CDE Almer\u00eda\",\"potentialAction\":[{\"@type\":\"SearchAction\",\"target\":{\"@type\":\"EntryPoint\",\"urlTemplate\":\"https:\\\/\\\/www.cde.ual.es\\\/?s={search_term_string}\"},\"query-input\":{\"@type\":\"PropertyValueSpecification\",\"valueRequired\":true,\"valueName\":\"search_term_string\"}}],\"inLanguage\":\"en-US\"},{\"@type\":\"Organization\",\"@id\":\"https:\\\/\\\/www.cde.ual.es\\\/#organization\",\"name\":\"Centro de Documentaci\u00f3n Europea de Almer\u00eda\",\"url\":\"https:\\\/\\\/www.cde.ual.es\\\/\",\"logo\":{\"@type\":\"ImageObject\",\"inLanguage\":\"en-US\",\"@id\":\"https:\\\/\\\/www.cde.ual.es\\\/#\\\/schema\\\/logo\\\/image\\\/\",\"url\":\"https:\\\/\\\/www.cde.ual.es\\\/wp-content\\\/uploads\\\/2025\\\/07\\\/cde-logo-3.png\",\"contentUrl\":\"https:\\\/\\\/www.cde.ual.es\\\/wp-content\\\/uploads\\\/2025\\\/07\\\/cde-logo-3.png\",\"width\":1400,\"height\":300,\"caption\":\"Centro de Documentaci\u00f3n Europea de Almer\u00eda\"},\"image\":{\"@id\":\"https:\\\/\\\/www.cde.ual.es\\\/#\\\/schema\\\/logo\\\/image\\\/\"},\"sameAs\":[\"https:\\\/\\\/www.facebook.com\\\/cdeuniversidadalmeria\\\/\",\"https:\\\/\\\/x.com\\\/cdeualmeria\",\"https:\\\/\\\/www.tiktok.com\\\/@cdealmeria\",\"https:\\\/\\\/www.instagram.com\\\/cdealmeria\\\/\",\"https:\\\/\\\/www.linkedin.com\\\/in\\\/cde-almera-812b26a9\\\/\"]},{\"@type\":\"Person\",\"@id\":\"https:\\\/\\\/www.cde.ual.es\\\/#\\\/schema\\\/person\\\/ee46ebc19edfa19598c02cff83335acc\",\"name\":\"BECA 2 CDE\",\"image\":{\"@type\":\"ImageObject\",\"inLanguage\":\"en-US\",\"@id\":\"https:\\\/\\\/secure.gravatar.com\\\/avatar\\\/35a481bbc04bbd90e91bdfa3b0b5541036c222a49b9ad37b6889a2afcb5311a5?s=96&d=mm&r=g\",\"url\":\"https:\\\/\\\/secure.gravatar.com\\\/avatar\\\/35a481bbc04bbd90e91bdfa3b0b5541036c222a49b9ad37b6889a2afcb5311a5?s=96&d=mm&r=g\",\"contentUrl\":\"https:\\\/\\\/secure.gravatar.com\\\/avatar\\\/35a481bbc04bbd90e91bdfa3b0b5541036c222a49b9ad37b6889a2afcb5311a5?s=96&d=mm&r=g\",\"caption\":\"BECA 2 CDE\"},\"sameAs\":[\"http:\\\/\\\/www.cdealmeria.com\"]}]}<\/script>\n<!-- \/ Yoast SEO plugin. -->","yoast_head_json":{"title":"Pr\u00e1cticas en la Secretar\u00eda General del Consejo de la Uni\u00f3n Europea | CDE Almer\u00eda - Centro de Documentaci\u00f3n Europea - Universidad de Almer\u00eda","robots":{"index":"index","follow":"follow","max-snippet":"max-snippet:-1","max-image-preview":"max-image-preview:large","max-video-preview":"max-video-preview:-1"},"canonical":"https:\/\/www.cde.ual.es\/practicas-en-la-secretaria-general-del-consejo-de-la-union-europea\/","og_locale":"en_US","og_type":"article","og_title":"Pr\u00e1cticas en la Secretar\u00eda General del Consejo de la Uni\u00f3n Europea | CDE Almer\u00eda - Centro de Documentaci\u00f3n Europea - Universidad de Almer\u00eda","og_description":"Cada a\u00f1o, se abre la convocatoria para solicitar alrededor de 100 plazas disponibles para pasant\u00edas o pr\u00e1cticas remuneradas y alrededor de 20 plazas para pasant\u00edas obligatorias no remuneradas. \u00bfQu\u00e9 puedes esperar de tu per\u00edodo de pr\u00e1cticas? Un per\u00edodo de pr\u00e1cticas en la Secretar\u00eda General del Consejo (SGC) ofrece: Experiencia de primera mano del trabajo del [&hellip;]","og_url":"https:\/\/www.cde.ual.es\/practicas-en-la-secretaria-general-del-consejo-de-la-union-europea\/","og_site_name":"CDE Almer\u00eda - Centro de Documentaci\u00f3n Europea - Universidad de Almer\u00eda","article_publisher":"https:\/\/www.facebook.com\/cdeuniversidadalmeria\/","article_published_time":"2019-03-29T07:34:31+00:00","article_modified_time":"2019-03-29T07:36:06+00:00","og_image":[{"width":640,"height":426,"url":"https:\/\/www.cde.ual.es\/wp-content\/uploads\/2019\/03\/computer-cooperation-coworking-1543895-1.jpg","type":"image\/jpeg"}],"author":"BECA 2 CDE","twitter_card":"summary_large_image","twitter_creator":"@cdeualmeria","twitter_site":"@cdeualmeria","twitter_misc":{"Written by":"BECA 2 CDE","Est. reading time":"3 minutes"},"schema":{"@context":"https:\/\/schema.org","@graph":[{"@type":"Article","@id":"https:\/\/www.cde.ual.es\/practicas-en-la-secretaria-general-del-consejo-de-la-union-europea\/#article","isPartOf":{"@id":"https:\/\/www.cde.ual.es\/practicas-en-la-secretaria-general-del-consejo-de-la-union-europea\/"},"author":{"name":"BECA 2 CDE","@id":"https:\/\/www.cde.ual.es\/#\/schema\/person\/ee46ebc19edfa19598c02cff83335acc"},"headline":"Pr\u00e1cticas en la Secretar\u00eda General del Consejo de la Uni\u00f3n Europea","datePublished":"2019-03-29T07:34:31+00:00","dateModified":"2019-03-29T07:36:06+00:00","mainEntityOfPage":{"@id":"https:\/\/www.cde.ual.es\/practicas-en-la-secretaria-general-del-consejo-de-la-union-europea\/"},"wordCount":626,"commentCount":0,"publisher":{"@id":"https:\/\/www.cde.ual.es\/#organization"},"image":{"@id":"https:\/\/www.cde.ual.es\/practicas-en-la-secretaria-general-del-consejo-de-la-union-europea\/#primaryimage"},"thumbnailUrl":"https:\/\/www.cde.ual.es\/wp-content\/uploads\/2019\/03\/computer-cooperation-coworking-1543895-1.jpg","keywords":["Convocatorias","Instituciones Europeas","pr\u00e1cticas"],"articleSection":["Convocatorias y Premios UE"],"inLanguage":"en-US","potentialAction":[{"@type":"CommentAction","name":"Comment","target":["https:\/\/www.cde.ual.es\/practicas-en-la-secretaria-general-del-consejo-de-la-union-europea\/#respond"]}]},{"@type":"WebPage","@id":"https:\/\/www.cde.ual.es\/practicas-en-la-secretaria-general-del-consejo-de-la-union-europea\/","url":"https:\/\/www.cde.ual.es\/practicas-en-la-secretaria-general-del-consejo-de-la-union-europea\/","name":"Pr\u00e1cticas en la Secretar\u00eda General del Consejo de la Uni\u00f3n Europea | CDE Almer\u00eda - Centro de Documentaci\u00f3n Europea - Universidad de Almer\u00eda","isPartOf":{"@id":"https:\/\/www.cde.ual.es\/#website"},"primaryImageOfPage":{"@id":"https:\/\/www.cde.ual.es\/practicas-en-la-secretaria-general-del-consejo-de-la-union-europea\/#primaryimage"},"image":{"@id":"https:\/\/www.cde.ual.es\/practicas-en-la-secretaria-general-del-consejo-de-la-union-europea\/#primaryimage"},"thumbnailUrl":"https:\/\/www.cde.ual.es\/wp-content\/uploads\/2019\/03\/computer-cooperation-coworking-1543895-1.jpg","datePublished":"2019-03-29T07:34:31+00:00","dateModified":"2019-03-29T07:36:06+00:00","breadcrumb":{"@id":"https:\/\/www.cde.ual.es\/practicas-en-la-secretaria-general-del-consejo-de-la-union-europea\/#breadcrumb"},"inLanguage":"en-US","potentialAction":[{"@type":"ReadAction","target":["https:\/\/www.cde.ual.es\/practicas-en-la-secretaria-general-del-consejo-de-la-union-europea\/"]}]},{"@type":"ImageObject","inLanguage":"en-US","@id":"https:\/\/www.cde.ual.es\/practicas-en-la-secretaria-general-del-consejo-de-la-union-europea\/#primaryimage","url":"https:\/\/www.cde.ual.es\/wp-content\/uploads\/2019\/03\/computer-cooperation-coworking-1543895-1.jpg","contentUrl":"https:\/\/www.cde.ual.es\/wp-content\/uploads\/2019\/03\/computer-cooperation-coworking-1543895-1.jpg","width":640,"height":426},{"@type":"BreadcrumbList","@id":"https:\/\/www.cde.ual.es\/practicas-en-la-secretaria-general-del-consejo-de-la-union-europea\/#breadcrumb","itemListElement":[{"@type":"ListItem","position":1,"name":"Inicio","item":"https:\/\/www.cde.ual.es\/en\/"},{"@type":"ListItem","position":2,"name":"Convocatorias y Premios UE","item":"https:\/\/www.cde.ual.es\/category\/convocatorias-y-premios-ue\/"},{"@type":"ListItem","position":3,"name":"Pr\u00e1cticas en la Secretar\u00eda General del Consejo de la Uni\u00f3n Europea"}]},{"@type":"WebSite","@id":"https:\/\/www.cde.ual.es\/#website","url":"https:\/\/www.cde.ual.es\/","name":"CDE Almer\u00eda - Centro de Documentaci\u00f3n Europea - Universidad de Almer\u00eda","description":"Centro de Documentaci\u00f3n Europea de la Universidad de Almer\u00eda","publisher":{"@id":"https:\/\/www.cde.ual.es\/#organization"},"alternateName":"CDE Almer\u00eda","potentialAction":[{"@type":"SearchAction","target":{"@type":"EntryPoint","urlTemplate":"https:\/\/www.cde.ual.es\/?s={search_term_string}"},"query-input":{"@type":"PropertyValueSpecification","valueRequired":true,"valueName":"search_term_string"}}],"inLanguage":"en-US"},{"@type":"Organization","@id":"https:\/\/www.cde.ual.es\/#organization","name":"Centro de Documentaci\u00f3n Europea de Almer\u00eda","url":"https:\/\/www.cde.ual.es\/","logo":{"@type":"ImageObject","inLanguage":"en-US","@id":"https:\/\/www.cde.ual.es\/#\/schema\/logo\/image\/","url":"https:\/\/www.cde.ual.es\/wp-content\/uploads\/2025\/07\/cde-logo-3.png","contentUrl":"https:\/\/www.cde.ual.es\/wp-content\/uploads\/2025\/07\/cde-logo-3.png","width":1400,"height":300,"caption":"Centro de Documentaci\u00f3n Europea de Almer\u00eda"},"image":{"@id":"https:\/\/www.cde.ual.es\/#\/schema\/logo\/image\/"},"sameAs":["https:\/\/www.facebook.com\/cdeuniversidadalmeria\/","https:\/\/x.com\/cdeualmeria","https:\/\/www.tiktok.com\/@cdealmeria","https:\/\/www.instagram.com\/cdealmeria\/","https:\/\/www.linkedin.com\/in\/cde-almera-812b26a9\/"]},{"@type":"Person","@id":"https:\/\/www.cde.ual.es\/#\/schema\/person\/ee46ebc19edfa19598c02cff83335acc","name":"BECA 2 CDE","image":{"@type":"ImageObject","inLanguage":"en-US","@id":"https:\/\/secure.gravatar.com\/avatar\/35a481bbc04bbd90e91bdfa3b0b5541036c222a49b9ad37b6889a2afcb5311a5?s=96&d=mm&r=g","url":"https:\/\/secure.gravatar.com\/avatar\/35a481bbc04bbd90e91bdfa3b0b5541036c222a49b9ad37b6889a2afcb5311a5?s=96&d=mm&r=g","contentUrl":"https:\/\/secure.gravatar.com\/avatar\/35a481bbc04bbd90e91bdfa3b0b5541036c222a49b9ad37b6889a2afcb5311a5?s=96&d=mm&r=g","caption":"BECA 2 CDE"},"sameAs":["http:\/\/www.cdealmeria.com"]}]}},"_links":{"self":[{"href":"https:\/\/www.cde.ual.es\/en\/wp-json\/wp\/v2\/posts\/15244","targetHints":{"allow":["GET"]}}],"collection":[{"href":"https:\/\/www.cde.ual.es\/en\/wp-json\/wp\/v2\/posts"}],"about":[{"href":"https:\/\/www.cde.ual.es\/en\/wp-json\/wp\/v2\/types\/post"}],"author":[{"embeddable":true,"href":"https:\/\/www.cde.ual.es\/en\/wp-json\/wp\/v2\/users\/101011"}],"replies":[{"embeddable":true,"href":"https:\/\/www.cde.ual.es\/en\/wp-json\/wp\/v2\/comments?post=15244"}],"version-history":[{"count":0,"href":"https:\/\/www.cde.ual.es\/en\/wp-json\/wp\/v2\/posts\/15244\/revisions"}],"wp:featuredmedia":[{"embeddable":true,"href":"https:\/\/www.cde.ual.es\/en\/wp-json\/wp\/v2\/media\/15247"}],"wp:attachment":[{"href":"https:\/\/www.cde.ual.es\/en\/wp-json\/wp\/v2\/media?parent=15244"}],"wp:term":[{"taxonomy":"category","embeddable":true,"href":"https:\/\/www.cde.ual.es\/en\/wp-json\/wp\/v2\/categories?post=15244"},{"taxonomy":"post_tag","embeddable":true,"href":"https:\/\/www.cde.ual.es\/en\/wp-json\/wp\/v2\/tags?post=15244"}],"curies":[{"name":"wp","href":"https:\/\/api.w.org\/{rel}","templated":true}]}}