{"id":152074,"date":"2024-06-05T12:06:47","date_gmt":"2024-06-05T10:06:47","guid":{"rendered":"https:\/\/www.cde.ual.es\/?p=152074"},"modified":"2024-06-05T12:06:47","modified_gmt":"2024-06-05T10:06:47","slug":"cordis-is-new-car-smell-carcinogenic","status":"publish","type":"post","link":"https:\/\/www.cde.ual.es\/en\/cordis-is-new-car-smell-carcinogenic\/","title":{"rendered":"CORDIS: Is new car smell carcinogenic?"},"content":{"rendered":"<p style=\"text-align: justify;\">There\u2019s a hidden danger lurking in car interiors that we\u2019re not even aware of, says new study.<\/p>\n<p><a href=\"https:\/\/www.cde.ual.es\/wp-content\/uploads\/2019\/02\/IMG_3496bfree.jpg\"><img decoding=\"async\" class=\"wp-image-12655 aligncenter\" src=\"https:\/\/www.cde.ual.es\/wp-content\/uploads\/2019\/02\/IMG_3496bfree.jpg\" alt=\"\" width=\"600\" height=\"399\" srcset=\"https:\/\/www.cde.ual.es\/wp-content\/uploads\/2019\/02\/IMG_3496bfree.jpg 640w, https:\/\/www.cde.ual.es\/wp-content\/uploads\/2019\/02\/IMG_3496bfree-300x200.jpg 300w\" sizes=\"(max-width: 600px) 100vw, 600px\" \/><\/a><\/p>\n<p class=\"c-article__text \" style=\"text-align: justify;\"><span style=\"font-size: 12pt;\">Running late to work because of traffic? Hazardous road conditions? Concerned exhaust fumes are polluting the planet? These could be the least of your worries next time you\u2019re behind the wheel. According to research published in the journal <a class=\"link--external\" href=\"https:\/\/pubs.acs.org\/doi\/10.1021\/acs.est.3c10440\" target=\"_blank\" rel=\"noopener noreferrer\">\u2018Environmental Science &amp; Technology\u2019<\/a>, we should be more troubled about the chemicals found in nearly all car interiors. A research team in the United States and Canada warns that the air we\u2019re breathing in cabins is potentially cancerous.<\/span><\/p>\n<h2 class=\"c-article__title\" style=\"text-align: justify;\"><span style=\"font-size: 12pt;\">Take a ride on the toxic side<\/span><\/h2>\n<p class=\"c-article__text \" style=\"text-align: justify;\"><span style=\"font-size: 12pt;\">The researchers analysed 101 car models made after 2015. In 99 % of the tested cars, they found that the air inside may be filled with potential carcinogens in the form of flame retardant chemicals. Such flame retardants are used in seat foam and other interior surfaces. Remember the joy you felt from the new car smell? At least some of that scent could be due to toxic carcinogens. These chemicals are known or suspected to cause cancer. They are also linked to neurological and reproductive issues, and even lower IQ in children. What\u2019s more, the harmful fumes released into the air remain for years \u2013 irrespective of whether a car was older or newer. \u201cOur research found that interior materials release harmful chemicals into the cabin air of our cars,\u201d commented lead author Rebecca Hoehn, environmental scientist at Duke University in the United States, in a <a class=\"link--external\" href=\"https:\/\/greensciencepolicy.org\/news-events\/press-releases\/study-youre-breathing-potential-carcinogens-inside-your-car\" target=\"_blank\" rel=\"noopener noreferrer\">press release<\/a>. \u201cConsidering the average driver spends about an hour in the car every day, this is a significant public health issue. It\u2019s particularly concerning for drivers with longer commutes as well as child passengers, who breathe more air pound for pound than adults.\u201d The problem becomes much worse during the summer months when cabins reach very high temperatures. As a result, these flame retardants break down and pollute the air. The chemicals\u2019 rate of evaporation goes way up.<\/span><\/p>\n<h2 class=\"c-article__title\" style=\"text-align: justify;\"><span style=\"font-size: 12pt;\">Fine line between fire safety and health<\/span><\/h2>\n<p class=\"c-article__text \" style=\"text-align: justify;\"><span style=\"font-size: 12pt;\">\u201cYou may be able to reduce your exposure to flame retardants in your car by opening your windows and parking in the shade,\u201d explained co-author Lydia Jahl, a senior scientist at the Green Science Policy Institute in California. She added: \u201cBut what\u2019s really needed is reducing the amount of flame retardants being added to cars in the first place. Commuting to work shouldn\u2019t come with a cancer risk, and children shouldn\u2019t breathe in chemicals that can harm their brains on their way to school.\u201d<\/span><\/p>\n<table style=\"width: 99.9988%; border-collapse: collapse; border-style: double; border-color: #001f7d;\" cellpadding=\"0,5\">\n<tbody>\n<tr>\n<td style=\"width: 100%;\"><a href=\"https:\/\/www.cde.ual.es\/confiamos-igual-en-todos-los-tipos-de-cientificos-cordis-responde\/\" target=\"_blank\" rel=\"noopener\"><img decoding=\"async\" class=\"alignleft\" src=\"https:\/\/www.cde.ual.es\/wp-content\/uploads\/2024\/05\/laboratory-2815641_640.jpg\" alt=\"\" width=\"201\" height=\"134\" \/><\/a><\/p>\n<h4 class=\"entry-title\"><a href=\"https:\/\/www.cde.ual.es\/en\/do-we-trust-all-types-of-scientists-equally-cordis-answers\/\" target=\"_blank\" rel=\"noopener\">Do we trust all types of scientists equally? CORDIS answers<\/a><\/h4>\n<\/td>\n<\/tr>\n<\/tbody>\n<\/table>\n<p><strong>More information:<\/strong> <a href=\"https:\/\/cordis.europa.eu\/article\/id\/451380-are-our-cars-slowly-killing-us\">European Commission<\/a><\/p>\n","protected":false},"excerpt":{"rendered":"<p>There\u2019s a hidden danger lurking in car interiors that we\u2019re not even aware of, says new study. Running late to work because of traffic? Hazardous road conditions? Concerned exhaust fumes are polluting the planet? These could be the least of your worries next time you\u2019re behind the wheel. According to research published in the journal [&hellip;]<\/p>\n","protected":false},"author":101011,"featured_media":15192,"comment_status":"open","ping_status":"open","sticky":false,"template":"","format":"standard","meta":{"_acf_changed":false,"_relevanssi_hide_post":"","_relevanssi_hide_content":"","_relevanssi_pin_for_all":"","_relevanssi_pin_keywords":"","_relevanssi_unpin_keywords":"","_relevanssi_related_keywords":"","_relevanssi_related_include_ids":"","_relevanssi_related_exclude_ids":"","_relevanssi_related_no_append":"","_relevanssi_related_not_related":"","_relevanssi_related_posts":"","_relevanssi_noindex_reason":"","_monsterinsights_skip_tracking":false,"_monsterinsights_sitenote_active":false,"_monsterinsights_sitenote_note":"","_monsterinsights_sitenote_category":0,"_genesis_hide_title":false,"_genesis_hide_breadcrumbs":false,"_genesis_hide_singular_image":false,"_genesis_hide_footer_widgets":false,"_genesis_custom_body_class":"","_genesis_custom_post_class":"","_genesis_layout":"","footnotes":""},"categories":[4093,346,4092,4083,4082,4236],"tags":[438,8528,2558,779,1488],"class_list":{"0":"post-152074","1":"post","2":"type-post","3":"status-publish","4":"format-standard","5":"has-post-thumbnail","7":"category-diseases","8":"category-eu-news","9":"category-health","10":"category-production","11":"category-research-innovation","12":"category-youth","13":"tag-cancer-en","14":"tag-car","15":"tag-cordis","16":"tag-eu-en","17":"tag-european-commission","18":"entry"},"acf":[],"yoast_head":"<!-- This site is optimized with the Yoast SEO plugin v27.4 - https:\/\/yoast.com\/product\/yoast-seo-wordpress\/ -->\n<title>CORDIS: Is new car smell carcinogenic? | CDE Almer\u00eda - Centro de Documentaci\u00f3n Europea - Universidad de Almer\u00eda<\/title>\n<meta name=\"robots\" content=\"index, follow, max-snippet:-1, max-image-preview:large, max-video-preview:-1\" \/>\n<link rel=\"canonical\" href=\"https:\/\/www.cde.ual.es\/en\/cordis-is-new-car-smell-carcinogenic\/\" \/>\n<meta property=\"og:locale\" content=\"en_US\" \/>\n<meta property=\"og:type\" content=\"article\" \/>\n<meta property=\"og:title\" content=\"CORDIS: Is new car smell carcinogenic? | CDE Almer\u00eda - Centro de Documentaci\u00f3n Europea - Universidad de Almer\u00eda\" \/>\n<meta property=\"og:description\" content=\"There\u2019s a hidden danger lurking in car interiors that we\u2019re not even aware of, says new study. Running late to work because of traffic? Hazardous road conditions? Concerned exhaust fumes are polluting the planet? These could be the least of your worries next time you\u2019re behind the wheel. According to research published in the journal [&hellip;]\" \/>\n<meta property=\"og:url\" content=\"https:\/\/www.cde.ual.es\/en\/cordis-is-new-car-smell-carcinogenic\/\" \/>\n<meta property=\"og:site_name\" content=\"CDE Almer\u00eda - Centro de Documentaci\u00f3n Europea - Universidad de Almer\u00eda\" \/>\n<meta property=\"article:publisher\" content=\"https:\/\/www.facebook.com\/cdeuniversidadalmeria\/\" \/>\n<meta property=\"article:published_time\" content=\"2024-06-05T10:06:47+00:00\" \/>\n<meta property=\"og:image\" content=\"https:\/\/www.cde.ual.es\/wp-content\/uploads\/2019\/02\/IMG_3496bfree.jpg\" \/>\n\t<meta property=\"og:image:width\" content=\"640\" \/>\n\t<meta property=\"og:image:height\" content=\"426\" \/>\n\t<meta property=\"og:image:type\" content=\"image\/jpeg\" \/>\n<meta name=\"author\" content=\"BECA 2 CDE\" \/>\n<meta name=\"twitter:card\" content=\"summary_large_image\" \/>\n<meta name=\"twitter:creator\" content=\"@cdeualmeria\" \/>\n<meta name=\"twitter:site\" content=\"@cdeualmeria\" \/>\n<meta name=\"twitter:label1\" content=\"Written by\" \/>\n\t<meta name=\"twitter:data1\" content=\"BECA 2 CDE\" \/>\n\t<meta name=\"twitter:label2\" content=\"Est. reading time\" \/>\n\t<meta name=\"twitter:data2\" content=\"3 minutes\" \/>\n<script type=\"application\/ld+json\" class=\"yoast-schema-graph\">{\"@context\":\"https:\\\/\\\/schema.org\",\"@graph\":[{\"@type\":\"Article\",\"@id\":\"https:\\\/\\\/www.cde.ual.es\\\/en\\\/cordis-is-new-car-smell-carcinogenic\\\/#article\",\"isPartOf\":{\"@id\":\"https:\\\/\\\/www.cde.ual.es\\\/en\\\/cordis-is-new-car-smell-carcinogenic\\\/\"},\"author\":{\"name\":\"BECA 2 CDE\",\"@id\":\"https:\\\/\\\/www.cde.ual.es\\\/#\\\/schema\\\/person\\\/ee46ebc19edfa19598c02cff83335acc\"},\"headline\":\"CORDIS: Is new car smell carcinogenic?\",\"datePublished\":\"2024-06-05T10:06:47+00:00\",\"mainEntityOfPage\":{\"@id\":\"https:\\\/\\\/www.cde.ual.es\\\/en\\\/cordis-is-new-car-smell-carcinogenic\\\/\"},\"wordCount\":441,\"commentCount\":0,\"publisher\":{\"@id\":\"https:\\\/\\\/www.cde.ual.es\\\/#organization\"},\"image\":{\"@id\":\"https:\\\/\\\/www.cde.ual.es\\\/en\\\/cordis-is-new-car-smell-carcinogenic\\\/#primaryimage\"},\"thumbnailUrl\":\"https:\\\/\\\/www.cde.ual.es\\\/wp-content\\\/uploads\\\/2019\\\/02\\\/IMG_3496bfree.jpg\",\"keywords\":[\"Cancer\",\"car\",\"CORDIS\",\"EU\",\"European Commission\"],\"articleSection\":[\"Diseases\",\"EU News\",\"Health\",\"Production\",\"Research and Innovation\",\"Youth\"],\"inLanguage\":\"en-US\",\"potentialAction\":[{\"@type\":\"CommentAction\",\"name\":\"Comment\",\"target\":[\"https:\\\/\\\/www.cde.ual.es\\\/en\\\/cordis-is-new-car-smell-carcinogenic\\\/#respond\"]}]},{\"@type\":\"WebPage\",\"@id\":\"https:\\\/\\\/www.cde.ual.es\\\/en\\\/cordis-is-new-car-smell-carcinogenic\\\/\",\"url\":\"https:\\\/\\\/www.cde.ual.es\\\/en\\\/cordis-is-new-car-smell-carcinogenic\\\/\",\"name\":\"CORDIS: Is new car smell carcinogenic? | CDE Almer\u00eda - Centro de Documentaci\u00f3n Europea - Universidad de Almer\u00eda\",\"isPartOf\":{\"@id\":\"https:\\\/\\\/www.cde.ual.es\\\/#website\"},\"primaryImageOfPage\":{\"@id\":\"https:\\\/\\\/www.cde.ual.es\\\/en\\\/cordis-is-new-car-smell-carcinogenic\\\/#primaryimage\"},\"image\":{\"@id\":\"https:\\\/\\\/www.cde.ual.es\\\/en\\\/cordis-is-new-car-smell-carcinogenic\\\/#primaryimage\"},\"thumbnailUrl\":\"https:\\\/\\\/www.cde.ual.es\\\/wp-content\\\/uploads\\\/2019\\\/02\\\/IMG_3496bfree.jpg\",\"datePublished\":\"2024-06-05T10:06:47+00:00\",\"breadcrumb\":{\"@id\":\"https:\\\/\\\/www.cde.ual.es\\\/en\\\/cordis-is-new-car-smell-carcinogenic\\\/#breadcrumb\"},\"inLanguage\":\"en-US\",\"potentialAction\":[{\"@type\":\"ReadAction\",\"target\":[\"https:\\\/\\\/www.cde.ual.es\\\/en\\\/cordis-is-new-car-smell-carcinogenic\\\/\"]}]},{\"@type\":\"ImageObject\",\"inLanguage\":\"en-US\",\"@id\":\"https:\\\/\\\/www.cde.ual.es\\\/en\\\/cordis-is-new-car-smell-carcinogenic\\\/#primaryimage\",\"url\":\"https:\\\/\\\/www.cde.ual.es\\\/wp-content\\\/uploads\\\/2019\\\/02\\\/IMG_3496bfree.jpg\",\"contentUrl\":\"https:\\\/\\\/www.cde.ual.es\\\/wp-content\\\/uploads\\\/2019\\\/02\\\/IMG_3496bfree.jpg\",\"width\":640,\"height\":426},{\"@type\":\"BreadcrumbList\",\"@id\":\"https:\\\/\\\/www.cde.ual.es\\\/en\\\/cordis-is-new-car-smell-carcinogenic\\\/#breadcrumb\",\"itemListElement\":[{\"@type\":\"ListItem\",\"position\":1,\"name\":\"Inicio\",\"item\":\"https:\\\/\\\/www.cde.ual.es\\\/en\\\/\"},{\"@type\":\"ListItem\",\"position\":2,\"name\":\"EU News\",\"item\":\"https:\\\/\\\/www.cde.ual.es\\\/en\\\/category\\\/eu-news\\\/\"},{\"@type\":\"ListItem\",\"position\":3,\"name\":\"Health\",\"item\":\"https:\\\/\\\/www.cde.ual.es\\\/en\\\/category\\\/eu-news\\\/health\\\/\"},{\"@type\":\"ListItem\",\"position\":4,\"name\":\"Diseases\",\"item\":\"https:\\\/\\\/www.cde.ual.es\\\/en\\\/category\\\/eu-news\\\/health\\\/diseases\\\/\"},{\"@type\":\"ListItem\",\"position\":5,\"name\":\"CORDIS: Is new car smell carcinogenic?\"}]},{\"@type\":\"WebSite\",\"@id\":\"https:\\\/\\\/www.cde.ual.es\\\/#website\",\"url\":\"https:\\\/\\\/www.cde.ual.es\\\/\",\"name\":\"CDE Almer\u00eda - Centro de Documentaci\u00f3n Europea - Universidad de Almer\u00eda\",\"description\":\"Centro de Documentaci\u00f3n Europea de la Universidad de Almer\u00eda\",\"publisher\":{\"@id\":\"https:\\\/\\\/www.cde.ual.es\\\/#organization\"},\"alternateName\":\"CDE Almer\u00eda\",\"potentialAction\":[{\"@type\":\"SearchAction\",\"target\":{\"@type\":\"EntryPoint\",\"urlTemplate\":\"https:\\\/\\\/www.cde.ual.es\\\/?s={search_term_string}\"},\"query-input\":{\"@type\":\"PropertyValueSpecification\",\"valueRequired\":true,\"valueName\":\"search_term_string\"}}],\"inLanguage\":\"en-US\"},{\"@type\":\"Organization\",\"@id\":\"https:\\\/\\\/www.cde.ual.es\\\/#organization\",\"name\":\"Centro de Documentaci\u00f3n Europea de Almer\u00eda\",\"url\":\"https:\\\/\\\/www.cde.ual.es\\\/\",\"logo\":{\"@type\":\"ImageObject\",\"inLanguage\":\"en-US\",\"@id\":\"https:\\\/\\\/www.cde.ual.es\\\/#\\\/schema\\\/logo\\\/image\\\/\",\"url\":\"https:\\\/\\\/www.cde.ual.es\\\/wp-content\\\/uploads\\\/2025\\\/07\\\/cde-logo-3.png\",\"contentUrl\":\"https:\\\/\\\/www.cde.ual.es\\\/wp-content\\\/uploads\\\/2025\\\/07\\\/cde-logo-3.png\",\"width\":1400,\"height\":300,\"caption\":\"Centro de Documentaci\u00f3n Europea de Almer\u00eda\"},\"image\":{\"@id\":\"https:\\\/\\\/www.cde.ual.es\\\/#\\\/schema\\\/logo\\\/image\\\/\"},\"sameAs\":[\"https:\\\/\\\/www.facebook.com\\\/cdeuniversidadalmeria\\\/\",\"https:\\\/\\\/x.com\\\/cdeualmeria\",\"https:\\\/\\\/www.tiktok.com\\\/@cdealmeria\",\"https:\\\/\\\/www.instagram.com\\\/cdealmeria\\\/\",\"https:\\\/\\\/www.linkedin.com\\\/in\\\/cde-almera-812b26a9\\\/\"]},{\"@type\":\"Person\",\"@id\":\"https:\\\/\\\/www.cde.ual.es\\\/#\\\/schema\\\/person\\\/ee46ebc19edfa19598c02cff83335acc\",\"name\":\"BECA 2 CDE\",\"image\":{\"@type\":\"ImageObject\",\"inLanguage\":\"en-US\",\"@id\":\"https:\\\/\\\/secure.gravatar.com\\\/avatar\\\/35a481bbc04bbd90e91bdfa3b0b5541036c222a49b9ad37b6889a2afcb5311a5?s=96&d=mm&r=g\",\"url\":\"https:\\\/\\\/secure.gravatar.com\\\/avatar\\\/35a481bbc04bbd90e91bdfa3b0b5541036c222a49b9ad37b6889a2afcb5311a5?s=96&d=mm&r=g\",\"contentUrl\":\"https:\\\/\\\/secure.gravatar.com\\\/avatar\\\/35a481bbc04bbd90e91bdfa3b0b5541036c222a49b9ad37b6889a2afcb5311a5?s=96&d=mm&r=g\",\"caption\":\"BECA 2 CDE\"},\"sameAs\":[\"http:\\\/\\\/www.cdealmeria.com\"]}]}<\/script>\n<!-- \/ Yoast SEO plugin. -->","yoast_head_json":{"title":"CORDIS: Is new car smell carcinogenic? | CDE Almer\u00eda - Centro de Documentaci\u00f3n Europea - Universidad de Almer\u00eda","robots":{"index":"index","follow":"follow","max-snippet":"max-snippet:-1","max-image-preview":"max-image-preview:large","max-video-preview":"max-video-preview:-1"},"canonical":"https:\/\/www.cde.ual.es\/en\/cordis-is-new-car-smell-carcinogenic\/","og_locale":"en_US","og_type":"article","og_title":"CORDIS: Is new car smell carcinogenic? | CDE Almer\u00eda - Centro de Documentaci\u00f3n Europea - Universidad de Almer\u00eda","og_description":"There\u2019s a hidden danger lurking in car interiors that we\u2019re not even aware of, says new study. Running late to work because of traffic? Hazardous road conditions? Concerned exhaust fumes are polluting the planet? These could be the least of your worries next time you\u2019re behind the wheel. According to research published in the journal [&hellip;]","og_url":"https:\/\/www.cde.ual.es\/en\/cordis-is-new-car-smell-carcinogenic\/","og_site_name":"CDE Almer\u00eda - Centro de Documentaci\u00f3n Europea - Universidad de Almer\u00eda","article_publisher":"https:\/\/www.facebook.com\/cdeuniversidadalmeria\/","article_published_time":"2024-06-05T10:06:47+00:00","og_image":[{"width":640,"height":426,"url":"https:\/\/www.cde.ual.es\/wp-content\/uploads\/2019\/02\/IMG_3496bfree.jpg","type":"image\/jpeg"}],"author":"BECA 2 CDE","twitter_card":"summary_large_image","twitter_creator":"@cdeualmeria","twitter_site":"@cdeualmeria","twitter_misc":{"Written by":"BECA 2 CDE","Est. reading time":"3 minutes"},"schema":{"@context":"https:\/\/schema.org","@graph":[{"@type":"Article","@id":"https:\/\/www.cde.ual.es\/en\/cordis-is-new-car-smell-carcinogenic\/#article","isPartOf":{"@id":"https:\/\/www.cde.ual.es\/en\/cordis-is-new-car-smell-carcinogenic\/"},"author":{"name":"BECA 2 CDE","@id":"https:\/\/www.cde.ual.es\/#\/schema\/person\/ee46ebc19edfa19598c02cff83335acc"},"headline":"CORDIS: Is new car smell carcinogenic?","datePublished":"2024-06-05T10:06:47+00:00","mainEntityOfPage":{"@id":"https:\/\/www.cde.ual.es\/en\/cordis-is-new-car-smell-carcinogenic\/"},"wordCount":441,"commentCount":0,"publisher":{"@id":"https:\/\/www.cde.ual.es\/#organization"},"image":{"@id":"https:\/\/www.cde.ual.es\/en\/cordis-is-new-car-smell-carcinogenic\/#primaryimage"},"thumbnailUrl":"https:\/\/www.cde.ual.es\/wp-content\/uploads\/2019\/02\/IMG_3496bfree.jpg","keywords":["Cancer","car","CORDIS","EU","European Commission"],"articleSection":["Diseases","EU News","Health","Production","Research and Innovation","Youth"],"inLanguage":"en-US","potentialAction":[{"@type":"CommentAction","name":"Comment","target":["https:\/\/www.cde.ual.es\/en\/cordis-is-new-car-smell-carcinogenic\/#respond"]}]},{"@type":"WebPage","@id":"https:\/\/www.cde.ual.es\/en\/cordis-is-new-car-smell-carcinogenic\/","url":"https:\/\/www.cde.ual.es\/en\/cordis-is-new-car-smell-carcinogenic\/","name":"CORDIS: Is new car smell carcinogenic? | CDE Almer\u00eda - Centro de Documentaci\u00f3n Europea - Universidad de Almer\u00eda","isPartOf":{"@id":"https:\/\/www.cde.ual.es\/#website"},"primaryImageOfPage":{"@id":"https:\/\/www.cde.ual.es\/en\/cordis-is-new-car-smell-carcinogenic\/#primaryimage"},"image":{"@id":"https:\/\/www.cde.ual.es\/en\/cordis-is-new-car-smell-carcinogenic\/#primaryimage"},"thumbnailUrl":"https:\/\/www.cde.ual.es\/wp-content\/uploads\/2019\/02\/IMG_3496bfree.jpg","datePublished":"2024-06-05T10:06:47+00:00","breadcrumb":{"@id":"https:\/\/www.cde.ual.es\/en\/cordis-is-new-car-smell-carcinogenic\/#breadcrumb"},"inLanguage":"en-US","potentialAction":[{"@type":"ReadAction","target":["https:\/\/www.cde.ual.es\/en\/cordis-is-new-car-smell-carcinogenic\/"]}]},{"@type":"ImageObject","inLanguage":"en-US","@id":"https:\/\/www.cde.ual.es\/en\/cordis-is-new-car-smell-carcinogenic\/#primaryimage","url":"https:\/\/www.cde.ual.es\/wp-content\/uploads\/2019\/02\/IMG_3496bfree.jpg","contentUrl":"https:\/\/www.cde.ual.es\/wp-content\/uploads\/2019\/02\/IMG_3496bfree.jpg","width":640,"height":426},{"@type":"BreadcrumbList","@id":"https:\/\/www.cde.ual.es\/en\/cordis-is-new-car-smell-carcinogenic\/#breadcrumb","itemListElement":[{"@type":"ListItem","position":1,"name":"Inicio","item":"https:\/\/www.cde.ual.es\/en\/"},{"@type":"ListItem","position":2,"name":"EU News","item":"https:\/\/www.cde.ual.es\/en\/category\/eu-news\/"},{"@type":"ListItem","position":3,"name":"Health","item":"https:\/\/www.cde.ual.es\/en\/category\/eu-news\/health\/"},{"@type":"ListItem","position":4,"name":"Diseases","item":"https:\/\/www.cde.ual.es\/en\/category\/eu-news\/health\/diseases\/"},{"@type":"ListItem","position":5,"name":"CORDIS: Is new car smell carcinogenic?"}]},{"@type":"WebSite","@id":"https:\/\/www.cde.ual.es\/#website","url":"https:\/\/www.cde.ual.es\/","name":"CDE Almer\u00eda - Centro de Documentaci\u00f3n Europea - Universidad de Almer\u00eda","description":"Centro de Documentaci\u00f3n Europea de la Universidad de Almer\u00eda","publisher":{"@id":"https:\/\/www.cde.ual.es\/#organization"},"alternateName":"CDE Almer\u00eda","potentialAction":[{"@type":"SearchAction","target":{"@type":"EntryPoint","urlTemplate":"https:\/\/www.cde.ual.es\/?s={search_term_string}"},"query-input":{"@type":"PropertyValueSpecification","valueRequired":true,"valueName":"search_term_string"}}],"inLanguage":"en-US"},{"@type":"Organization","@id":"https:\/\/www.cde.ual.es\/#organization","name":"Centro de Documentaci\u00f3n Europea de Almer\u00eda","url":"https:\/\/www.cde.ual.es\/","logo":{"@type":"ImageObject","inLanguage":"en-US","@id":"https:\/\/www.cde.ual.es\/#\/schema\/logo\/image\/","url":"https:\/\/www.cde.ual.es\/wp-content\/uploads\/2025\/07\/cde-logo-3.png","contentUrl":"https:\/\/www.cde.ual.es\/wp-content\/uploads\/2025\/07\/cde-logo-3.png","width":1400,"height":300,"caption":"Centro de Documentaci\u00f3n Europea de Almer\u00eda"},"image":{"@id":"https:\/\/www.cde.ual.es\/#\/schema\/logo\/image\/"},"sameAs":["https:\/\/www.facebook.com\/cdeuniversidadalmeria\/","https:\/\/x.com\/cdeualmeria","https:\/\/www.tiktok.com\/@cdealmeria","https:\/\/www.instagram.com\/cdealmeria\/","https:\/\/www.linkedin.com\/in\/cde-almera-812b26a9\/"]},{"@type":"Person","@id":"https:\/\/www.cde.ual.es\/#\/schema\/person\/ee46ebc19edfa19598c02cff83335acc","name":"BECA 2 CDE","image":{"@type":"ImageObject","inLanguage":"en-US","@id":"https:\/\/secure.gravatar.com\/avatar\/35a481bbc04bbd90e91bdfa3b0b5541036c222a49b9ad37b6889a2afcb5311a5?s=96&d=mm&r=g","url":"https:\/\/secure.gravatar.com\/avatar\/35a481bbc04bbd90e91bdfa3b0b5541036c222a49b9ad37b6889a2afcb5311a5?s=96&d=mm&r=g","contentUrl":"https:\/\/secure.gravatar.com\/avatar\/35a481bbc04bbd90e91bdfa3b0b5541036c222a49b9ad37b6889a2afcb5311a5?s=96&d=mm&r=g","caption":"BECA 2 CDE"},"sameAs":["http:\/\/www.cdealmeria.com"]}]}},"_links":{"self":[{"href":"https:\/\/www.cde.ual.es\/en\/wp-json\/wp\/v2\/posts\/152074","targetHints":{"allow":["GET"]}}],"collection":[{"href":"https:\/\/www.cde.ual.es\/en\/wp-json\/wp\/v2\/posts"}],"about":[{"href":"https:\/\/www.cde.ual.es\/en\/wp-json\/wp\/v2\/types\/post"}],"author":[{"embeddable":true,"href":"https:\/\/www.cde.ual.es\/en\/wp-json\/wp\/v2\/users\/101011"}],"replies":[{"embeddable":true,"href":"https:\/\/www.cde.ual.es\/en\/wp-json\/wp\/v2\/comments?post=152074"}],"version-history":[{"count":1,"href":"https:\/\/www.cde.ual.es\/en\/wp-json\/wp\/v2\/posts\/152074\/revisions"}],"predecessor-version":[{"id":152075,"href":"https:\/\/www.cde.ual.es\/en\/wp-json\/wp\/v2\/posts\/152074\/revisions\/152075"}],"wp:featuredmedia":[{"embeddable":true,"href":"https:\/\/www.cde.ual.es\/en\/wp-json\/wp\/v2\/media\/15192"}],"wp:attachment":[{"href":"https:\/\/www.cde.ual.es\/en\/wp-json\/wp\/v2\/media?parent=152074"}],"wp:term":[{"taxonomy":"category","embeddable":true,"href":"https:\/\/www.cde.ual.es\/en\/wp-json\/wp\/v2\/categories?post=152074"},{"taxonomy":"post_tag","embeddable":true,"href":"https:\/\/www.cde.ual.es\/en\/wp-json\/wp\/v2\/tags?post=152074"}],"curies":[{"name":"wp","href":"https:\/\/api.w.org\/{rel}","templated":true}]}}