{"id":151948,"date":"2024-05-31T13:11:30","date_gmt":"2024-05-31T11:11:30","guid":{"rendered":"https:\/\/www.cde.ual.es\/?p=151948"},"modified":"2024-05-31T13:11:30","modified_gmt":"2024-05-31T11:11:30","slug":"commission-clarifies-support-for-farmers-in-case-of-exceptional-weather-events","status":"publish","type":"post","link":"https:\/\/www.cde.ual.es\/en\/commission-clarifies-support-for-farmers-in-case-of-exceptional-weather-events\/","title":{"rendered":"Commission clarifies support for farmers in case of exceptional weather events"},"content":{"rendered":"<section id=\"inline-nav-1\">\n<div class=\"ecl-paragraph-detail\">\n<p style=\"text-align: justify;\">The Commission adopted a <a href=\"https:\/\/ec.europa.eu\/transparency\/documents-register\/detail?ref=COM(2024)225&amp;lang=en\">Communication<\/a>\u00a0clarifying the use of\u00a0<strong>force majeure<\/strong>\u00a0and\u00a0<strong>exceptional circumstances<\/strong>\u00a0for the EU agricultural sector in case of unforeseeable and extreme weather events.<strong>\u00a0By clarifying the legal interpretation of this concept, the Commission aims to provide certainty for affected farmers regarding their Common Agricultural Policy (CAP) payments, while also ensuring a uniform application across the Union by national administrations.<\/strong>\u00a0This Communication forms part of the package of to reduce administrative burden for EU farmers.<\/p>\n<p style=\"text-align: justify;\"><a href=\"https:\/\/www.cde.ual.es\/wp-content\/uploads\/2024\/04\/agricultura-scaled.jpg\"><img decoding=\"async\" class=\"aligncenter wp-image-150944\" src=\"https:\/\/www.cde.ual.es\/wp-content\/uploads\/2024\/04\/agricultura-scaled.jpg\" alt=\"\" width=\"1098\" height=\"618\" srcset=\"https:\/\/www.cde.ual.es\/wp-content\/uploads\/2024\/04\/agricultura-scaled.jpg 2560w, https:\/\/www.cde.ual.es\/wp-content\/uploads\/2024\/04\/agricultura-300x169.jpg 300w, https:\/\/www.cde.ual.es\/wp-content\/uploads\/2024\/04\/agricultura-1024x576.jpg 1024w, https:\/\/www.cde.ual.es\/wp-content\/uploads\/2024\/04\/agricultura-768x432.jpg 768w, https:\/\/www.cde.ual.es\/wp-content\/uploads\/2024\/04\/agricultura-1536x864.jpg 1536w, https:\/\/www.cde.ual.es\/wp-content\/uploads\/2024\/04\/agricultura-2048x1152.jpg 2048w, https:\/\/www.cde.ual.es\/wp-content\/uploads\/2024\/04\/agricultura-1280x720.jpg 1280w\" sizes=\"(max-width: 1098px) 100vw, 1098px\" \/><\/a><\/p>\n<p style=\"text-align: justify;\">The concept of force majeure allows farmers who have been unable to fulfil all their CAP requirements due to exceptional and unforeseeable events outside their control (such as severe droughts or floods) not to lose CAP support.\u00a0<strong>The application of this concept is decided by Member States<\/strong>\u00a0based on relevant evidence and in light of Union agricultural law.<\/p>\n<p style=\"text-align: justify;\">Because it constitutes an exception to the strict respect of obligations linked to CAP payments (such as conditionalities or measures in eco-schemes), this decision is normally applied in a restrictive manner, generally on a case-by-case or farm-by-farm basis. Today&#8217;s Communication clarifies that\u00a0<strong>force majeure can apply to all farmers working in a delimited area that is affected by severe and unforeseeable natural disasters or meteorological events<\/strong>. This means that farmers located in the impacted area will not need to fill in individual requests or provide evidence for the fulfilment of the conditions of force majeure.\u00a0<strong>This enlarged scope of application will reduce the administrative burden for farmers and national authorities, thus facilitating a swift response by Member States.<\/strong><\/p>\n<p style=\"text-align: justify;\"><strong>Conditions are set out in the Communication to allow the presumption that all farmers located in an area are covered by force majeure.<\/strong>\u00a0Member States will have to confirm the occurrence of a severe natural disaster or a severe meteorological event and delimit the geographical area that has been gravely affected by the event, and whose consequences could not be prevented with all due care. For this delimitation, Member States can rely, for instance, on satellite data of the area concerned, without the need for specific satellite data at the level of the individual holdings. For certain types of events, national administrations will also consider additional factors, such as the slope gradient, soil type, or type of crops grown, to define the population affected without the need for individual verification. This could be the case, for instance, for frost which may not affect all crops in the same manner, or continuous rainfall, which may have different effects on areas with a slope, or soils with different water retention capacities.<\/p>\n<p style=\"text-align: justify;\">With all the conditions fulfilled, today&#8217;s clarification exempts the authorities from the need for a case-by-case assessment.<\/p>\n<p style=\"text-align: justify;\">The Commission remains in contact with Member States to provide legal guidance whenever necessary.<\/p>\n<table style=\"width: 99.9988%; border-collapse: collapse; border-style: double; border-color: #001f7d;\" cellpadding=\"0,5\">\n<tbody>\n<tr>\n<td style=\"width: 100%;\"><a href=\"https:\/\/www.cde.ual.es\/en\/eu-agriculutre-ministers-approve-short-term-measures-to-respond-to-farmers-concerns\/\" target=\"_blank\" rel=\"noopener\"><img decoding=\"async\" class=\"alignleft\" src=\"https:\/\/www.cde.ual.es\/wp-content\/uploads\/2024\/02\/agricult.png\" alt=\"\" width=\"201\" height=\"134\" \/><\/a><\/p>\n<h4 class=\"entry-title\"><a href=\"https:\/\/www.cde.ual.es\/en\/eu-agriculutre-ministers-approve-short-term-measures-to-respond-to-farmers-concerns\/\" target=\"_blank\" rel=\"noopener\">EU Agriculutre Ministers approve short-term measures to respond to farmers&#8217; concerns<\/a><\/h4>\n<\/td>\n<\/tr>\n<\/tbody>\n<\/table>\n<p style=\"text-align: justify;\"><strong>Background<\/strong><\/p>\n<p style=\"text-align: justify;\">The European Commission has listened closely to the concerns expressed by farmers and Member States earlier this year and worked swiftly to deliver concrete actions to address the issues raised.<\/p>\n<p style=\"text-align: justify;\">On 22 February, the Commission presented its\u00a0<a href=\"https:\/\/ec.europa.eu\/commission\/presscorner\/detail\/en\/ip_24_1002\">first actions for simplification<\/a>\u00a0to reduce the administrative burden for EU farmers in a lasting way. On 15 March, it presented its\u00a0<a href=\"https:\/\/ec.europa.eu\/commission\/presscorner\/detail\/en\/ip_24_1493\">proposal for a targeted review of the Common Agricultural Policy<\/a>, which entered into force on 25 May after successfully being approved by the Council and the European Parliament.<\/p>\n<p style=\"text-align: justify;\">Member States play a key role in keeping the administrative burden for farmers limited and proportionate. Any successful simplification exercise must be carried out in close cooperation with the national administrations and farmers themselves.<\/p>\n<p style=\"text-align: justify;\"><strong>More Information:<\/strong><strong><a href=\"https:\/\/ec.europa.eu\/commission\/presscorner\/detail\/es\/ip_24_2981\">European Commission<\/a><\/strong><\/p>\n<\/div>\n<p style=\"text-align: justify;\"><a href=\"https:\/\/ec.europa.eu\/transparency\/documents-register\/detail?ref=COM(2024)225&amp;lang=en\">Communication on force majeure and exceptional circumstances<\/a><\/p>\n<p style=\"text-align: justify;\"><a href=\"https:\/\/agriculture.ec.europa.eu\/common-agricultural-policy\/cap-overview\/eu-actions-address-farmers-concerns_en\">EU actions to address farmers&#8217; concerns<\/a><\/p>\n<\/section>\n","protected":false},"excerpt":{"rendered":"<p>The Commission adopted a Communication\u00a0clarifying the use of\u00a0force majeure\u00a0and\u00a0exceptional circumstances\u00a0for the EU agricultural sector in case of unforeseeable and extreme weather events.\u00a0By clarifying the legal interpretation of this concept, the Commission aims to provide certainty for affected farmers regarding their Common Agricultural Policy (CAP) payments, while also ensuring a uniform application across the Union by [&hellip;]<\/p>\n","protected":false},"author":1,"featured_media":150945,"comment_status":"open","ping_status":"open","sticky":false,"template":"","format":"standard","meta":{"_acf_changed":false,"_relevanssi_hide_post":"","_relevanssi_hide_content":"","_relevanssi_pin_for_all":"","_relevanssi_pin_keywords":"","_relevanssi_unpin_keywords":"","_relevanssi_related_keywords":"","_relevanssi_related_include_ids":"","_relevanssi_related_exclude_ids":"","_relevanssi_related_no_append":"","_relevanssi_related_not_related":"","_relevanssi_related_posts":"","_relevanssi_noindex_reason":"","_monsterinsights_skip_tracking":false,"_monsterinsights_sitenote_active":false,"_monsterinsights_sitenote_note":"","_monsterinsights_sitenote_category":0,"_genesis_hide_title":false,"_genesis_hide_breadcrumbs":false,"_genesis_hide_singular_image":false,"_genesis_hide_footer_widgets":false,"_genesis_custom_body_class":"","_genesis_custom_post_class":"","_genesis_layout":"","footnotes":""},"categories":[4063,4061,346],"tags":[355,1488,12355],"class_list":{"0":"post-151948","1":"post","2":"type-post","3":"status-publish","4":"format-standard","5":"has-post-thumbnail","7":"category-agr-pol","8":"category-agr-liv-far-fish","9":"category-eu-news","10":"tag-agriculture","11":"tag-european-commission","12":"tag-exceptional-weather-events","13":"entry"},"acf":[],"yoast_head":"<!-- This site is optimized with the Yoast SEO plugin v27.4 - https:\/\/yoast.com\/product\/yoast-seo-wordpress\/ -->\n<title>Commission clarifies support for farmers in case of exceptional weather events | CDE Almer\u00eda - Centro de Documentaci\u00f3n Europea - Universidad de Almer\u00eda<\/title>\n<meta name=\"robots\" content=\"index, follow, max-snippet:-1, max-image-preview:large, max-video-preview:-1\" \/>\n<link rel=\"canonical\" href=\"https:\/\/www.cde.ual.es\/en\/commission-clarifies-support-for-farmers-in-case-of-exceptional-weather-events\/\" \/>\n<meta property=\"og:locale\" content=\"en_US\" \/>\n<meta property=\"og:type\" content=\"article\" \/>\n<meta property=\"og:title\" content=\"Commission clarifies support for farmers in case of exceptional weather events | CDE Almer\u00eda - Centro de Documentaci\u00f3n Europea - Universidad de Almer\u00eda\" \/>\n<meta property=\"og:description\" content=\"The Commission adopted a Communication\u00a0clarifying the use of\u00a0force majeure\u00a0and\u00a0exceptional circumstances\u00a0for the EU agricultural sector in case of unforeseeable and extreme weather events.\u00a0By clarifying the legal interpretation of this concept, the Commission aims to provide certainty for affected farmers regarding their Common Agricultural Policy (CAP) payments, while also ensuring a uniform application across the Union by [&hellip;]\" \/>\n<meta property=\"og:url\" content=\"https:\/\/www.cde.ual.es\/en\/commission-clarifies-support-for-farmers-in-case-of-exceptional-weather-events\/\" \/>\n<meta property=\"og:site_name\" content=\"CDE Almer\u00eda - Centro de Documentaci\u00f3n Europea - Universidad de Almer\u00eda\" \/>\n<meta property=\"article:publisher\" content=\"https:\/\/www.facebook.com\/cdeuniversidadalmeria\/\" \/>\n<meta property=\"article:published_time\" content=\"2024-05-31T11:11:30+00:00\" \/>\n<meta property=\"og:image\" content=\"https:\/\/www.cde.ual.es\/wp-content\/uploads\/2024\/04\/agricultura-scaled.jpg\" \/>\n\t<meta property=\"og:image:width\" content=\"2560\" \/>\n\t<meta property=\"og:image:height\" content=\"1440\" \/>\n\t<meta property=\"og:image:type\" content=\"image\/jpeg\" \/>\n<meta name=\"author\" content=\"AdminCDE\" \/>\n<meta name=\"twitter:card\" content=\"summary_large_image\" \/>\n<meta name=\"twitter:creator\" content=\"@cdeualmeria\" \/>\n<meta name=\"twitter:site\" content=\"@cdeualmeria\" \/>\n<meta name=\"twitter:label1\" content=\"Written by\" \/>\n\t<meta name=\"twitter:data1\" content=\"AdminCDE\" \/>\n\t<meta name=\"twitter:label2\" content=\"Est. reading time\" \/>\n\t<meta name=\"twitter:data2\" content=\"4 minutes\" \/>\n<script type=\"application\/ld+json\" class=\"yoast-schema-graph\">{\"@context\":\"https:\\\/\\\/schema.org\",\"@graph\":[{\"@type\":\"Article\",\"@id\":\"https:\\\/\\\/www.cde.ual.es\\\/en\\\/commission-clarifies-support-for-farmers-in-case-of-exceptional-weather-events\\\/#article\",\"isPartOf\":{\"@id\":\"https:\\\/\\\/www.cde.ual.es\\\/en\\\/commission-clarifies-support-for-farmers-in-case-of-exceptional-weather-events\\\/\"},\"author\":{\"name\":\"AdminCDE\",\"@id\":\"https:\\\/\\\/www.cde.ual.es\\\/#\\\/schema\\\/person\\\/224ef08c8bcc005f319d2713ce37ee5f\"},\"headline\":\"Commission clarifies support for farmers in case of exceptional weather events\",\"datePublished\":\"2024-05-31T11:11:30+00:00\",\"mainEntityOfPage\":{\"@id\":\"https:\\\/\\\/www.cde.ual.es\\\/en\\\/commission-clarifies-support-for-farmers-in-case-of-exceptional-weather-events\\\/\"},\"wordCount\":614,\"commentCount\":0,\"publisher\":{\"@id\":\"https:\\\/\\\/www.cde.ual.es\\\/#organization\"},\"image\":{\"@id\":\"https:\\\/\\\/www.cde.ual.es\\\/en\\\/commission-clarifies-support-for-farmers-in-case-of-exceptional-weather-events\\\/#primaryimage\"},\"thumbnailUrl\":\"https:\\\/\\\/www.cde.ual.es\\\/wp-content\\\/uploads\\\/2024\\\/04\\\/agricultura-scaled.jpg\",\"keywords\":[\"Agriculture\",\"European Commission\",\"exceptional weather events\"],\"articleSection\":[\"Agricultural Policies\",\"Agriculture, Livestock Farming and Fisheries\",\"EU News\"],\"inLanguage\":\"en-US\",\"potentialAction\":[{\"@type\":\"CommentAction\",\"name\":\"Comment\",\"target\":[\"https:\\\/\\\/www.cde.ual.es\\\/en\\\/commission-clarifies-support-for-farmers-in-case-of-exceptional-weather-events\\\/#respond\"]}]},{\"@type\":\"WebPage\",\"@id\":\"https:\\\/\\\/www.cde.ual.es\\\/en\\\/commission-clarifies-support-for-farmers-in-case-of-exceptional-weather-events\\\/\",\"url\":\"https:\\\/\\\/www.cde.ual.es\\\/en\\\/commission-clarifies-support-for-farmers-in-case-of-exceptional-weather-events\\\/\",\"name\":\"Commission clarifies support for farmers in case of exceptional weather events | CDE Almer\u00eda - Centro de Documentaci\u00f3n Europea - Universidad de Almer\u00eda\",\"isPartOf\":{\"@id\":\"https:\\\/\\\/www.cde.ual.es\\\/#website\"},\"primaryImageOfPage\":{\"@id\":\"https:\\\/\\\/www.cde.ual.es\\\/en\\\/commission-clarifies-support-for-farmers-in-case-of-exceptional-weather-events\\\/#primaryimage\"},\"image\":{\"@id\":\"https:\\\/\\\/www.cde.ual.es\\\/en\\\/commission-clarifies-support-for-farmers-in-case-of-exceptional-weather-events\\\/#primaryimage\"},\"thumbnailUrl\":\"https:\\\/\\\/www.cde.ual.es\\\/wp-content\\\/uploads\\\/2024\\\/04\\\/agricultura-scaled.jpg\",\"datePublished\":\"2024-05-31T11:11:30+00:00\",\"breadcrumb\":{\"@id\":\"https:\\\/\\\/www.cde.ual.es\\\/en\\\/commission-clarifies-support-for-farmers-in-case-of-exceptional-weather-events\\\/#breadcrumb\"},\"inLanguage\":\"en-US\",\"potentialAction\":[{\"@type\":\"ReadAction\",\"target\":[\"https:\\\/\\\/www.cde.ual.es\\\/en\\\/commission-clarifies-support-for-farmers-in-case-of-exceptional-weather-events\\\/\"]}]},{\"@type\":\"ImageObject\",\"inLanguage\":\"en-US\",\"@id\":\"https:\\\/\\\/www.cde.ual.es\\\/en\\\/commission-clarifies-support-for-farmers-in-case-of-exceptional-weather-events\\\/#primaryimage\",\"url\":\"https:\\\/\\\/www.cde.ual.es\\\/wp-content\\\/uploads\\\/2024\\\/04\\\/agricultura-scaled.jpg\",\"contentUrl\":\"https:\\\/\\\/www.cde.ual.es\\\/wp-content\\\/uploads\\\/2024\\\/04\\\/agricultura-scaled.jpg\",\"width\":2560,\"height\":1440},{\"@type\":\"BreadcrumbList\",\"@id\":\"https:\\\/\\\/www.cde.ual.es\\\/en\\\/commission-clarifies-support-for-farmers-in-case-of-exceptional-weather-events\\\/#breadcrumb\",\"itemListElement\":[{\"@type\":\"ListItem\",\"position\":1,\"name\":\"Inicio\",\"item\":\"https:\\\/\\\/www.cde.ual.es\\\/en\\\/\"},{\"@type\":\"ListItem\",\"position\":2,\"name\":\"EU News\",\"item\":\"https:\\\/\\\/www.cde.ual.es\\\/en\\\/category\\\/eu-news\\\/\"},{\"@type\":\"ListItem\",\"position\":3,\"name\":\"Agriculture, Livestock Farming and Fisheries\",\"item\":\"https:\\\/\\\/www.cde.ual.es\\\/en\\\/category\\\/eu-news\\\/agr-liv-far-fish\\\/\"},{\"@type\":\"ListItem\",\"position\":4,\"name\":\"Agricultural Policies\",\"item\":\"https:\\\/\\\/www.cde.ual.es\\\/en\\\/category\\\/eu-news\\\/agr-liv-far-fish\\\/agr-pol\\\/\"},{\"@type\":\"ListItem\",\"position\":5,\"name\":\"Commission clarifies support for farmers in case of exceptional weather events\"}]},{\"@type\":\"WebSite\",\"@id\":\"https:\\\/\\\/www.cde.ual.es\\\/#website\",\"url\":\"https:\\\/\\\/www.cde.ual.es\\\/\",\"name\":\"CDE Almer\u00eda - Centro de Documentaci\u00f3n Europea - Universidad de Almer\u00eda\",\"description\":\"Centro de Documentaci\u00f3n Europea de la Universidad de Almer\u00eda\",\"publisher\":{\"@id\":\"https:\\\/\\\/www.cde.ual.es\\\/#organization\"},\"alternateName\":\"CDE Almer\u00eda\",\"potentialAction\":[{\"@type\":\"SearchAction\",\"target\":{\"@type\":\"EntryPoint\",\"urlTemplate\":\"https:\\\/\\\/www.cde.ual.es\\\/?s={search_term_string}\"},\"query-input\":{\"@type\":\"PropertyValueSpecification\",\"valueRequired\":true,\"valueName\":\"search_term_string\"}}],\"inLanguage\":\"en-US\"},{\"@type\":\"Organization\",\"@id\":\"https:\\\/\\\/www.cde.ual.es\\\/#organization\",\"name\":\"Centro de Documentaci\u00f3n Europea de Almer\u00eda\",\"url\":\"https:\\\/\\\/www.cde.ual.es\\\/\",\"logo\":{\"@type\":\"ImageObject\",\"inLanguage\":\"en-US\",\"@id\":\"https:\\\/\\\/www.cde.ual.es\\\/#\\\/schema\\\/logo\\\/image\\\/\",\"url\":\"https:\\\/\\\/www.cde.ual.es\\\/wp-content\\\/uploads\\\/2025\\\/07\\\/cde-logo-3.png\",\"contentUrl\":\"https:\\\/\\\/www.cde.ual.es\\\/wp-content\\\/uploads\\\/2025\\\/07\\\/cde-logo-3.png\",\"width\":1400,\"height\":300,\"caption\":\"Centro de Documentaci\u00f3n Europea de Almer\u00eda\"},\"image\":{\"@id\":\"https:\\\/\\\/www.cde.ual.es\\\/#\\\/schema\\\/logo\\\/image\\\/\"},\"sameAs\":[\"https:\\\/\\\/www.facebook.com\\\/cdeuniversidadalmeria\\\/\",\"https:\\\/\\\/x.com\\\/cdeualmeria\",\"https:\\\/\\\/www.tiktok.com\\\/@cdealmeria\",\"https:\\\/\\\/www.instagram.com\\\/cdealmeria\\\/\",\"https:\\\/\\\/www.linkedin.com\\\/in\\\/cde-almera-812b26a9\\\/\"]},{\"@type\":\"Person\",\"@id\":\"https:\\\/\\\/www.cde.ual.es\\\/#\\\/schema\\\/person\\\/224ef08c8bcc005f319d2713ce37ee5f\",\"name\":\"AdminCDE\",\"image\":{\"@type\":\"ImageObject\",\"inLanguage\":\"en-US\",\"@id\":\"https:\\\/\\\/secure.gravatar.com\\\/avatar\\\/a72d038d371f995cd13706fac32274b7952a52e8fb0a84b5f80c85426f2a98a8?s=96&d=mm&r=g\",\"url\":\"https:\\\/\\\/secure.gravatar.com\\\/avatar\\\/a72d038d371f995cd13706fac32274b7952a52e8fb0a84b5f80c85426f2a98a8?s=96&d=mm&r=g\",\"contentUrl\":\"https:\\\/\\\/secure.gravatar.com\\\/avatar\\\/a72d038d371f995cd13706fac32274b7952a52e8fb0a84b5f80c85426f2a98a8?s=96&d=mm&r=g\",\"caption\":\"AdminCDE\"}}]}<\/script>\n<!-- \/ Yoast SEO plugin. -->","yoast_head_json":{"title":"Commission clarifies support for farmers in case of exceptional weather events | CDE Almer\u00eda - Centro de Documentaci\u00f3n Europea - Universidad de Almer\u00eda","robots":{"index":"index","follow":"follow","max-snippet":"max-snippet:-1","max-image-preview":"max-image-preview:large","max-video-preview":"max-video-preview:-1"},"canonical":"https:\/\/www.cde.ual.es\/en\/commission-clarifies-support-for-farmers-in-case-of-exceptional-weather-events\/","og_locale":"en_US","og_type":"article","og_title":"Commission clarifies support for farmers in case of exceptional weather events | CDE Almer\u00eda - Centro de Documentaci\u00f3n Europea - Universidad de Almer\u00eda","og_description":"The Commission adopted a Communication\u00a0clarifying the use of\u00a0force majeure\u00a0and\u00a0exceptional circumstances\u00a0for the EU agricultural sector in case of unforeseeable and extreme weather events.\u00a0By clarifying the legal interpretation of this concept, the Commission aims to provide certainty for affected farmers regarding their Common Agricultural Policy (CAP) payments, while also ensuring a uniform application across the Union by [&hellip;]","og_url":"https:\/\/www.cde.ual.es\/en\/commission-clarifies-support-for-farmers-in-case-of-exceptional-weather-events\/","og_site_name":"CDE Almer\u00eda - Centro de Documentaci\u00f3n Europea - Universidad de Almer\u00eda","article_publisher":"https:\/\/www.facebook.com\/cdeuniversidadalmeria\/","article_published_time":"2024-05-31T11:11:30+00:00","og_image":[{"width":2560,"height":1440,"url":"https:\/\/www.cde.ual.es\/wp-content\/uploads\/2024\/04\/agricultura-scaled.jpg","type":"image\/jpeg"}],"author":"AdminCDE","twitter_card":"summary_large_image","twitter_creator":"@cdeualmeria","twitter_site":"@cdeualmeria","twitter_misc":{"Written by":"AdminCDE","Est. reading time":"4 minutes"},"schema":{"@context":"https:\/\/schema.org","@graph":[{"@type":"Article","@id":"https:\/\/www.cde.ual.es\/en\/commission-clarifies-support-for-farmers-in-case-of-exceptional-weather-events\/#article","isPartOf":{"@id":"https:\/\/www.cde.ual.es\/en\/commission-clarifies-support-for-farmers-in-case-of-exceptional-weather-events\/"},"author":{"name":"AdminCDE","@id":"https:\/\/www.cde.ual.es\/#\/schema\/person\/224ef08c8bcc005f319d2713ce37ee5f"},"headline":"Commission clarifies support for farmers in case of exceptional weather events","datePublished":"2024-05-31T11:11:30+00:00","mainEntityOfPage":{"@id":"https:\/\/www.cde.ual.es\/en\/commission-clarifies-support-for-farmers-in-case-of-exceptional-weather-events\/"},"wordCount":614,"commentCount":0,"publisher":{"@id":"https:\/\/www.cde.ual.es\/#organization"},"image":{"@id":"https:\/\/www.cde.ual.es\/en\/commission-clarifies-support-for-farmers-in-case-of-exceptional-weather-events\/#primaryimage"},"thumbnailUrl":"https:\/\/www.cde.ual.es\/wp-content\/uploads\/2024\/04\/agricultura-scaled.jpg","keywords":["Agriculture","European Commission","exceptional weather events"],"articleSection":["Agricultural Policies","Agriculture, Livestock Farming and Fisheries","EU News"],"inLanguage":"en-US","potentialAction":[{"@type":"CommentAction","name":"Comment","target":["https:\/\/www.cde.ual.es\/en\/commission-clarifies-support-for-farmers-in-case-of-exceptional-weather-events\/#respond"]}]},{"@type":"WebPage","@id":"https:\/\/www.cde.ual.es\/en\/commission-clarifies-support-for-farmers-in-case-of-exceptional-weather-events\/","url":"https:\/\/www.cde.ual.es\/en\/commission-clarifies-support-for-farmers-in-case-of-exceptional-weather-events\/","name":"Commission clarifies support for farmers in case of exceptional weather events | CDE Almer\u00eda - Centro de Documentaci\u00f3n Europea - Universidad de Almer\u00eda","isPartOf":{"@id":"https:\/\/www.cde.ual.es\/#website"},"primaryImageOfPage":{"@id":"https:\/\/www.cde.ual.es\/en\/commission-clarifies-support-for-farmers-in-case-of-exceptional-weather-events\/#primaryimage"},"image":{"@id":"https:\/\/www.cde.ual.es\/en\/commission-clarifies-support-for-farmers-in-case-of-exceptional-weather-events\/#primaryimage"},"thumbnailUrl":"https:\/\/www.cde.ual.es\/wp-content\/uploads\/2024\/04\/agricultura-scaled.jpg","datePublished":"2024-05-31T11:11:30+00:00","breadcrumb":{"@id":"https:\/\/www.cde.ual.es\/en\/commission-clarifies-support-for-farmers-in-case-of-exceptional-weather-events\/#breadcrumb"},"inLanguage":"en-US","potentialAction":[{"@type":"ReadAction","target":["https:\/\/www.cde.ual.es\/en\/commission-clarifies-support-for-farmers-in-case-of-exceptional-weather-events\/"]}]},{"@type":"ImageObject","inLanguage":"en-US","@id":"https:\/\/www.cde.ual.es\/en\/commission-clarifies-support-for-farmers-in-case-of-exceptional-weather-events\/#primaryimage","url":"https:\/\/www.cde.ual.es\/wp-content\/uploads\/2024\/04\/agricultura-scaled.jpg","contentUrl":"https:\/\/www.cde.ual.es\/wp-content\/uploads\/2024\/04\/agricultura-scaled.jpg","width":2560,"height":1440},{"@type":"BreadcrumbList","@id":"https:\/\/www.cde.ual.es\/en\/commission-clarifies-support-for-farmers-in-case-of-exceptional-weather-events\/#breadcrumb","itemListElement":[{"@type":"ListItem","position":1,"name":"Inicio","item":"https:\/\/www.cde.ual.es\/en\/"},{"@type":"ListItem","position":2,"name":"EU News","item":"https:\/\/www.cde.ual.es\/en\/category\/eu-news\/"},{"@type":"ListItem","position":3,"name":"Agriculture, Livestock Farming and Fisheries","item":"https:\/\/www.cde.ual.es\/en\/category\/eu-news\/agr-liv-far-fish\/"},{"@type":"ListItem","position":4,"name":"Agricultural Policies","item":"https:\/\/www.cde.ual.es\/en\/category\/eu-news\/agr-liv-far-fish\/agr-pol\/"},{"@type":"ListItem","position":5,"name":"Commission clarifies support for farmers in case of exceptional weather events"}]},{"@type":"WebSite","@id":"https:\/\/www.cde.ual.es\/#website","url":"https:\/\/www.cde.ual.es\/","name":"CDE Almer\u00eda - Centro de Documentaci\u00f3n Europea - Universidad de Almer\u00eda","description":"Centro de Documentaci\u00f3n Europea de la Universidad de Almer\u00eda","publisher":{"@id":"https:\/\/www.cde.ual.es\/#organization"},"alternateName":"CDE Almer\u00eda","potentialAction":[{"@type":"SearchAction","target":{"@type":"EntryPoint","urlTemplate":"https:\/\/www.cde.ual.es\/?s={search_term_string}"},"query-input":{"@type":"PropertyValueSpecification","valueRequired":true,"valueName":"search_term_string"}}],"inLanguage":"en-US"},{"@type":"Organization","@id":"https:\/\/www.cde.ual.es\/#organization","name":"Centro de Documentaci\u00f3n Europea de Almer\u00eda","url":"https:\/\/www.cde.ual.es\/","logo":{"@type":"ImageObject","inLanguage":"en-US","@id":"https:\/\/www.cde.ual.es\/#\/schema\/logo\/image\/","url":"https:\/\/www.cde.ual.es\/wp-content\/uploads\/2025\/07\/cde-logo-3.png","contentUrl":"https:\/\/www.cde.ual.es\/wp-content\/uploads\/2025\/07\/cde-logo-3.png","width":1400,"height":300,"caption":"Centro de Documentaci\u00f3n Europea de Almer\u00eda"},"image":{"@id":"https:\/\/www.cde.ual.es\/#\/schema\/logo\/image\/"},"sameAs":["https:\/\/www.facebook.com\/cdeuniversidadalmeria\/","https:\/\/x.com\/cdeualmeria","https:\/\/www.tiktok.com\/@cdealmeria","https:\/\/www.instagram.com\/cdealmeria\/","https:\/\/www.linkedin.com\/in\/cde-almera-812b26a9\/"]},{"@type":"Person","@id":"https:\/\/www.cde.ual.es\/#\/schema\/person\/224ef08c8bcc005f319d2713ce37ee5f","name":"AdminCDE","image":{"@type":"ImageObject","inLanguage":"en-US","@id":"https:\/\/secure.gravatar.com\/avatar\/a72d038d371f995cd13706fac32274b7952a52e8fb0a84b5f80c85426f2a98a8?s=96&d=mm&r=g","url":"https:\/\/secure.gravatar.com\/avatar\/a72d038d371f995cd13706fac32274b7952a52e8fb0a84b5f80c85426f2a98a8?s=96&d=mm&r=g","contentUrl":"https:\/\/secure.gravatar.com\/avatar\/a72d038d371f995cd13706fac32274b7952a52e8fb0a84b5f80c85426f2a98a8?s=96&d=mm&r=g","caption":"AdminCDE"}}]}},"_links":{"self":[{"href":"https:\/\/www.cde.ual.es\/en\/wp-json\/wp\/v2\/posts\/151948","targetHints":{"allow":["GET"]}}],"collection":[{"href":"https:\/\/www.cde.ual.es\/en\/wp-json\/wp\/v2\/posts"}],"about":[{"href":"https:\/\/www.cde.ual.es\/en\/wp-json\/wp\/v2\/types\/post"}],"author":[{"embeddable":true,"href":"https:\/\/www.cde.ual.es\/en\/wp-json\/wp\/v2\/users\/1"}],"replies":[{"embeddable":true,"href":"https:\/\/www.cde.ual.es\/en\/wp-json\/wp\/v2\/comments?post=151948"}],"version-history":[{"count":1,"href":"https:\/\/www.cde.ual.es\/en\/wp-json\/wp\/v2\/posts\/151948\/revisions"}],"predecessor-version":[{"id":151952,"href":"https:\/\/www.cde.ual.es\/en\/wp-json\/wp\/v2\/posts\/151948\/revisions\/151952"}],"wp:featuredmedia":[{"embeddable":true,"href":"https:\/\/www.cde.ual.es\/en\/wp-json\/wp\/v2\/media\/150945"}],"wp:attachment":[{"href":"https:\/\/www.cde.ual.es\/en\/wp-json\/wp\/v2\/media?parent=151948"}],"wp:term":[{"taxonomy":"category","embeddable":true,"href":"https:\/\/www.cde.ual.es\/en\/wp-json\/wp\/v2\/categories?post=151948"},{"taxonomy":"post_tag","embeddable":true,"href":"https:\/\/www.cde.ual.es\/en\/wp-json\/wp\/v2\/tags?post=151948"}],"curies":[{"name":"wp","href":"https:\/\/api.w.org\/{rel}","templated":true}]}}